{"id":75084,"date":"2025-08-03T09:38:30","date_gmt":"2025-08-03T12:38:30","guid":{"rendered":"https:\/\/noticiasribeiraopreto.com.br\/index.php\/2025\/08\/03\/como-o-condominio-deve-agir-frente-aos-condominos-antissociais\/"},"modified":"2025-08-03T09:38:30","modified_gmt":"2025-08-03T12:38:30","slug":"como-o-condominio-deve-agir-frente-aos-condominos-antissociais","status":"publish","type":"post","link":"https:\/\/noticiasribeiraopreto.com.br\/index.php\/2025\/08\/03\/como-o-condominio-deve-agir-frente-aos-condominos-antissociais\/","title":{"rendered":"Como o condom\u00ednio deve agir frente aos cond\u00f4minos antissociais?"},"content":{"rendered":"<div class='code-block code-block-1' style='margin: 8px 0 8px auto; text-align: right; display: block; clear: both;'>\n<p><a href=\"https:\/\/wa.link\/vpicfd\"><img data-recalc-dims=\"1\" class=\"wp-image-4922\" style=\"aspect-ratio: 2.0253164556962027; width: 561px; height: auto;\" src=\"https:\/\/i0.wp.com\/ismaelcolosi.com.br\/wp-content\/uploads\/2023\/11\/grupo-de-empregos-whatsapp-e-facebook-ismael-colosi-vagas.jpg?ssl=1\" alt=\"\" \/><\/a><\/p>\n<!-- \/wp:image -->\n<\/div>\n<p> <br \/>\n<\/p>\n<div>\n<p>O caso do<strong> Al\u00edpio Jo\u00e3o J\u00fanior<\/strong>, morador de um condom\u00ednio aqui em <strong>Ribeir\u00e3o Preto<\/strong>, segue dando o que falar. O condom\u00ednio buscou na Justi\u00e7a a expuls\u00e3o dele por comportamentos antissociais, mas a liminar foi negada. <\/p>\n<p>Primeiro, \u00e9 fundamental relembrar que, na nossa Lei, n\u00e3o existe nenhuma previs\u00e3o para a expuls\u00e3o de um morador. <mark style=\"background-color:#fcb900\" class=\"has-inline-color has-black-color\">A san\u00e7\u00e3o m\u00e1xima que o C\u00f3digo Civil permite para condutas antissociais \u00e9 uma multa de 10 vezes o valor das contas condominiais.<\/mark><\/p>\n<p>Dito isso, ao analisar o pedido do condom\u00ednio para expulsar o Al\u00edpio, a ju\u00edza do caso negou a liminar, ou seja, a antecipa\u00e7\u00e3o da an\u00e1lise do m\u00e9rito. Curiosamente, na sua decis\u00e3o, ela fez men\u00e7\u00e3o a outras senten\u00e7as de tribunais que, mesmo sem uma lei espec\u00edfica, permitiram a exclus\u00e3o de moradores antissociais, pelo menos em primeiro grau. Isso mostra que o Judici\u00e1rio est\u00e1 buscando caminhos para lidar com essas situa\u00e7\u00f5es extremas, mesmo diante de uma lacuna legal. A ju\u00edza foi bem clara nos seus argumentos para n\u00e3o conceder a liminar de expuls\u00e3o, ela se baseou em tr\u00eas pontos cruciais:<\/p>\n<ol class=\"wp-block-list\">\n<li><strong>Falta de Assembleia:<\/strong> O primeiro ponto levantado por ela foi a aus\u00eancia de uma assembleia para deliberar sobre a expuls\u00e3o. Embora a lei n\u00e3o exija assembleia para a expuls\u00e3o (j\u00e1 que a expuls\u00e3o n\u00e3o est\u00e1 prevista), a ju\u00edza se baseou no C\u00f3digo Civil que, para a aplica\u00e7\u00e3o da multa de 10 vezes o valor da taxa, exige a aprova\u00e7\u00e3o em assembleia por tr\u00eas quartos da totalidade dos cond\u00f4minos. Esse requisito n\u00e3o foi cumprido pelo condom\u00ednio.<\/li>\n<li><strong>Direito de Defesa Negado:<\/strong> Segundo ela ressaltou que o condom\u00ednio n\u00e3o oportunizou o direito de defesa ao morador, que, ali\u00e1s, \u00e9 inquilino. Isso \u00e9 fundamental em qualquer processo, a ampla defesa deve ser garantida.<\/li>\n<li><strong>Propriet\u00e1rio Ausente:<\/strong> E terceiro, a ju\u00edza entendeu que o <strong>propriet\u00e1rio do im\u00f3vel<\/strong> deveria ter sido citado na a\u00e7\u00e3o.<\/li>\n<\/ol>\n<h2 class=\"wp-block-heading\"><strong>E Agora? Como o Condom\u00ednio Deve Agir?<\/strong><\/h2>\n<p>Para seguir em frente, o condom\u00ednio precisa reajustar o curso. As principais recomenda\u00e7\u00f5es s\u00e3o:<\/p>\n<ul class=\"wp-block-list\">\n<li><strong>Verificar a Conven\u00e7\u00e3o:<\/strong> \u00c9 crucial checar a conven\u00e7\u00e3o do condom\u00ednio para ver se h\u00e1 previs\u00e3o para convoca\u00e7\u00f5es de urg\u00eancia. Se n\u00e3o houver, os prazos regimentais (de 8, 10 ou 15 dias, por exemplo) devem ser respeitados.<\/li>\n<li><strong>Assembleia Virtual:<\/strong> Para atingir o qu\u00f3rum de tr\u00eas quartos da totalidade dos cond\u00f4minos, a assembleia virtual \u00e9 uma excelente alternativa. A convoca\u00e7\u00e3o, a realiza\u00e7\u00e3o e at\u00e9 a pr\u00f3pria ata podem ser feitas de forma virtual, e ter\u00e3o total validade. O morador, ou seu representante, tem o direito de estar presente.<\/li>\n<li><strong>Nova Liminar:<\/strong> Com a assembleia devidamente realizada e os documentos em m\u00e3os, o condom\u00ednio poder\u00e1 protocolar tudo no processo e tentar uma nova liminar de afastamento.<\/li>\n<\/ul>\n<h2 class=\"wp-block-heading\"><strong>O Convencimento do Juiz e o Papel do Propriet\u00e1rio<\/strong><\/h2>\n<p>Mesmo com todos esses passos, a decis\u00e3o final ainda est\u00e1 nas m\u00e3os do juiz. O juiz, baseado nas provas e no seu convencimento, pode, sim, decidir pelo afastamento do morador do pr\u00e9dio. Ele perder\u00e1 o direito de uso, mas \u00e9 importante frisar que n\u00e3o a propriedade.<\/p>\n<p>Sobre a determina\u00e7\u00e3o de incluir o propriet\u00e1rio na a\u00e7\u00e3o, para mim, pessoalmente, acho desnecess\u00e1rio. \u00c9 uma quest\u00e3o de conduta pessoal do morador, n\u00e3o patrimonial. N\u00e3o est\u00e1 em jogo a perda do im\u00f3vel, mas sim a retirada do antissocial, que, nesse caso, n\u00e3o se confunde com o propriet\u00e1rio. Apenas para completar, o propriet\u00e1rio tamb\u00e9m pode, por sua conta, entrar com uma a\u00e7\u00e3o de despejo contra esse inquilino por descumprimento contratual, o que pode ser uma via mais r\u00e1pida para resolver a quest\u00e3o.<\/p>\n<p>Este caso nos mostra que lidar com moradores antissociais n\u00e3o \u00e9 simples. Exige n\u00e3o s\u00f3 a comprova\u00e7\u00e3o das condutas, mas tamb\u00e9m um rigoroso cumprimento dos poucos requisitos legais e procedimentais que a Justi\u00e7a exige.<\/p>\n<p>SAIBA MAIS<br \/>Atl\u00e2ntica D\u2019Or anuncia lan\u00e7amento de pedra fundamental de hospital em Ribeir\u00e3o Preto<\/p>\n<h2 class=\"wp-block-heading\"><strong>FIQUE ON<\/strong><\/h2>\n<p>Fique ligado em tudo que acontece em Ribeir\u00e3o Preto e regi\u00e3o. Siga os perfis do <strong>acidade on <\/strong>no <a href=\"https:\/\/www.instagram.com\/acidadeonribeirao\" data-type=\"link\" data-id=\"https:\/\/www.instagram.com\/acidadeonribeirao\" target=\"_blank\" rel=\"noopener\">Instagram<\/a> e no <a href=\"https:\/\/www.facebook.com\/acidadeonribeirao\/\" data-type=\"link\" data-id=\"https:\/\/www.facebook.com\/acidadeonribeirao\/\" target=\"_blank\" rel=\"noopener\">Facebook<\/a>.<\/p>\n<p>Receba not\u00edcias do <strong>acidade on <\/strong>no WhatsApp. <a href=\"https:\/\/chat.whatsapp.com\/BjKQZ9oJwlz8VVT50NuePq\" data-type=\"link\" data-id=\"https:\/\/chat.whatsapp.com\/BjKQZ9oJwlz8VVT50NuePq\" target=\"_blank\" rel=\"noopener\">Para entrar no grupo, basta clicar aqui.<\/a><\/p>\n<p>Fa\u00e7a uma den\u00fancia ou sugira uma reportagem sobre Ribeir\u00e3o Preto e regi\u00e3o pelo WhatsApp: 16 99117 7802.<\/p>\n<p>VEJA TAMB\u00c9M<br \/>Por que agosto \u00e9 chamado de \u2018m\u00eas do desgosto\u2019 ou \u2018do cachorro louco\u2019?<\/p>\n<p><!-- AI CONTENT END 1 -->\n<\/div>\n<p><script async src=\"\/\/www.instagram.com\/embed.js\"><\/script><br \/>\n<br \/><br \/>\n<br \/><a href=\"https:\/\/www.acidadeon.com\/ribeiraopreto\/cotidiano\/colunistas-ribeirao-preto\/como-o-condominio-deve-agir-frente-aos-condominos-antissociais\/\">Source link <\/a><\/p>\n<!-- CONTENT END 1 -->\n","protected":false},"excerpt":{"rendered":"<p>O caso do Al\u00edpio Jo\u00e3o J\u00fanior, morador de um condom\u00ednio aqui em Ribeir\u00e3o Preto, segue dando o que falar. O condom\u00ednio buscou na Justi\u00e7a a&#8230;<\/p>\n","protected":false},"author":1,"featured_media":73614,"comment_status":"open","ping_status":"open","sticky":false,"template":"","format":"standard","meta":{"advanced_seo_description":"","jetpack_seo_html_title":"","jetpack_seo_noindex":false,"jetpack_post_was_ever_published":false,"_jetpack_newsletter_access":"","_jetpack_dont_email_post_to_subs":false,"_jetpack_newsletter_tier_id":0,"_jetpack_memberships_contains_paywalled_content":false,"_jetpack_memberships_contains_paid_content":false,"footnotes":"","jetpack_publicize_message":"","jetpack_publicize_feature_enabled":true,"jetpack_social_post_already_shared":true,"jetpack_social_options":{"image_generator_settings":{"template":"highway","default_image_id":0,"font":"","enabled":false},"version":2}},"categories":[11],"tags":[],"class_list":["post-75084","post","type-post","status-publish","format-standard","has-post-thumbnail","hentry","category-noticias-de-ribeirao-preto-sp-e-regiao-ismael-colosi"],"jetpack_publicize_connections":[],"jetpack_featured_media_url":"https:\/\/i0.wp.com\/noticiasribeiraopreto.com.br\/wp-content\/uploads\/2025\/07\/DR-MARCIO-SPIMPOLO_2025-05-16_17-40-37.webp.webp?fit=997%2C718&ssl=1","jetpack-related-posts":[{"id":75597,"url":"https:\/\/noticiasribeiraopreto.com.br\/index.php\/2025\/08\/12\/moradores-aprovam-expulsao-de-fazendeiro-acusado-de-ameacar-vizinhos-em-condominio\/","url_meta":{"origin":75084,"position":0},"title":"Moradores aprovam expuls\u00e3o de fazendeiro acusado de amea\u00e7ar vizinhos em condom\u00ednio","author":"noticiasribeiraopreto.com.br","date":"12 de August de 2025","format":false,"excerpt":"Os moradores do pr\u00e9dio onde o fazendeiro Al\u00edpio Jo\u00e3o J\u00fanior mantinha resid\u00eancia at\u00e9 ser preso, na regi\u00e3o central de Ribeir\u00e3o Preto, aprovaram a expuls\u00e3o dele do condom\u00ednio, em assembleia realizada nesta segunda-feira (11). Al\u00edpio est\u00e1 preso preventivamente no Centro de Deten\u00e7\u00e3o Provis\u00f3ria (CDP) da cidade, acusado de uma s\u00e9rie de\u2026","rel":"","context":"In &quot;Not\u00edcias de Ribeir\u00e3o Preto-SP e Regi\u00e3o&quot;","block_context":{"text":"Not\u00edcias de Ribeir\u00e3o Preto-SP e Regi\u00e3o","link":"https:\/\/noticiasribeiraopreto.com.br\/index.php\/category\/noticias-de-ribeirao-preto-sp-e-regiao-ismael-colosi\/"},"img":{"alt_text":"","src":"https:\/\/i0.wp.com\/noticiasribeiraopreto.com.br\/wp-content\/uploads\/2025\/07\/ALIPIO_2025-07-15_10-05-18.webp.webp?fit=1200%2C829&ssl=1&resize=350%2C200","width":350,"height":200,"srcset":"https:\/\/i0.wp.com\/noticiasribeiraopreto.com.br\/wp-content\/uploads\/2025\/07\/ALIPIO_2025-07-15_10-05-18.webp.webp?fit=1200%2C829&ssl=1&resize=350%2C200 1x, https:\/\/i0.wp.com\/noticiasribeiraopreto.com.br\/wp-content\/uploads\/2025\/07\/ALIPIO_2025-07-15_10-05-18.webp.webp?fit=1200%2C829&ssl=1&resize=525%2C300 1.5x, https:\/\/i0.wp.com\/noticiasribeiraopreto.com.br\/wp-content\/uploads\/2025\/07\/ALIPIO_2025-07-15_10-05-18.webp.webp?fit=1200%2C829&ssl=1&resize=700%2C400 2x, https:\/\/i0.wp.com\/noticiasribeiraopreto.com.br\/wp-content\/uploads\/2025\/07\/ALIPIO_2025-07-15_10-05-18.webp.webp?fit=1200%2C829&ssl=1&resize=1050%2C600 3x"},"classes":[]},{"id":75608,"url":"https:\/\/noticiasribeiraopreto.com.br\/index.php\/2025\/08\/12\/moradores-aprovam-expulsao-de-fazendeiro-do-condominio-no-centro\/","url_meta":{"origin":75084,"position":1},"title":"Moradores aprovam expuls\u00e3o de fazendeiro do condom\u00ednio no Centro","author":"noticiasribeiraopreto.com.br","date":"12 de August de 2025","format":false,"excerpt":"Por: Adalberto Luque Moradores do condom\u00ednio onde mora o fazendeiro Al\u00edpio Jo\u00e3o J\u00fanior, de 58 anos, aprovaram, na noite desta segunda-feira (11), sua expuls\u00e3o. Os moradores do pr\u00e9dio, que fica na rua Garibaldi, Centro de Ribeir\u00e3o Preto, realizaram uma assembleia para decidir a quest\u00e3o. Dos 48 moradores do pr\u00e9dio, 41\u2026","rel":"","context":"In &quot;Not\u00edcias de Ribeir\u00e3o Preto-SP e Regi\u00e3o&quot;","block_context":{"text":"Not\u00edcias de Ribeir\u00e3o Preto-SP e Regi\u00e3o","link":"https:\/\/noticiasribeiraopreto.com.br\/index.php\/category\/noticias-de-ribeirao-preto-sp-e-regiao-ismael-colosi\/"},"img":{"alt_text":"","src":"https:\/\/i0.wp.com\/noticiasribeiraopreto.com.br\/wp-content\/uploads\/2025\/08\/12-ago-2025-predioalipio5-scaled.jpg?fit=1200%2C474&ssl=1&resize=350%2C200","width":350,"height":200,"srcset":"https:\/\/i0.wp.com\/noticiasribeiraopreto.com.br\/wp-content\/uploads\/2025\/08\/12-ago-2025-predioalipio5-scaled.jpg?fit=1200%2C474&ssl=1&resize=350%2C200 1x, https:\/\/i0.wp.com\/noticiasribeiraopreto.com.br\/wp-content\/uploads\/2025\/08\/12-ago-2025-predioalipio5-scaled.jpg?fit=1200%2C474&ssl=1&resize=525%2C300 1.5x, https:\/\/i0.wp.com\/noticiasribeiraopreto.com.br\/wp-content\/uploads\/2025\/08\/12-ago-2025-predioalipio5-scaled.jpg?fit=1200%2C474&ssl=1&resize=700%2C400 2x, https:\/\/i0.wp.com\/noticiasribeiraopreto.com.br\/wp-content\/uploads\/2025\/08\/12-ago-2025-predioalipio5-scaled.jpg?fit=1200%2C474&ssl=1&resize=1050%2C600 3x"},"classes":[]},{"id":74761,"url":"https:\/\/noticiasribeiraopreto.com.br\/index.php\/2025\/07\/28\/moradores-tentam-expulsar-fazendeiro-preso-por-ameacas-mas-justica-nega-pedido\/","url_meta":{"origin":75084,"position":2},"title":"Moradores tentam expulsar fazendeiro preso por amea\u00e7as, mas Justi\u00e7a nega pedido","author":"noticiasribeiraopreto.com.br","date":"28 de July de 2025","format":false,"excerpt":"A Justi\u00e7a de Ribeir\u00e3o Preto negou, nesta segunda-feira (28), o pedido de liminar para expulsar o fazendeiro Al\u00edpio Jo\u00e3o J\u00fanio do condom\u00ednio onde mora. Al\u00edpio est\u00e1 preso preventivamente no Centro de Deten\u00e7\u00e3o Provis\u00f3ria (CDP) da cidade, acusado de uma s\u00e9rie de crimes, incluindo amea\u00e7as, perturba\u00e7\u00e3o do sossego, inj\u00faria racial, persegui\u00e7\u00e3o\u2026","rel":"","context":"In &quot;Not\u00edcias de Ribeir\u00e3o Preto-SP e Regi\u00e3o&quot;","block_context":{"text":"Not\u00edcias de Ribeir\u00e3o Preto-SP e Regi\u00e3o","link":"https:\/\/noticiasribeiraopreto.com.br\/index.php\/category\/noticias-de-ribeirao-preto-sp-e-regiao-ismael-colosi\/"},"img":{"alt_text":"","src":"https:\/\/i0.wp.com\/noticiasribeiraopreto.com.br\/wp-content\/uploads\/2025\/07\/Copia-de-Copia-de-Copia-de-TAMANHO-EXATO-PARA-FOTOS-NO-SISTEMA-NOVO-2025-07-16T150138.301_2025-07-16_18-02-17.webp.webp?fit=1200%2C675&ssl=1&resize=350%2C200","width":350,"height":200,"srcset":"https:\/\/i0.wp.com\/noticiasribeiraopreto.com.br\/wp-content\/uploads\/2025\/07\/Copia-de-Copia-de-Copia-de-TAMANHO-EXATO-PARA-FOTOS-NO-SISTEMA-NOVO-2025-07-16T150138.301_2025-07-16_18-02-17.webp.webp?fit=1200%2C675&ssl=1&resize=350%2C200 1x, https:\/\/i0.wp.com\/noticiasribeiraopreto.com.br\/wp-content\/uploads\/2025\/07\/Copia-de-Copia-de-Copia-de-TAMANHO-EXATO-PARA-FOTOS-NO-SISTEMA-NOVO-2025-07-16T150138.301_2025-07-16_18-02-17.webp.webp?fit=1200%2C675&ssl=1&resize=525%2C300 1.5x, https:\/\/i0.wp.com\/noticiasribeiraopreto.com.br\/wp-content\/uploads\/2025\/07\/Copia-de-Copia-de-Copia-de-TAMANHO-EXATO-PARA-FOTOS-NO-SISTEMA-NOVO-2025-07-16T150138.301_2025-07-16_18-02-17.webp.webp?fit=1200%2C675&ssl=1&resize=700%2C400 2x, https:\/\/i0.wp.com\/noticiasribeiraopreto.com.br\/wp-content\/uploads\/2025\/07\/Copia-de-Copia-de-Copia-de-TAMANHO-EXATO-PARA-FOTOS-NO-SISTEMA-NOVO-2025-07-16T150138.301_2025-07-16_18-02-17.webp.webp?fit=1200%2C675&ssl=1&resize=1050%2C600 3x"},"classes":[]},{"id":75955,"url":"https:\/\/noticiasribeiraopreto.com.br\/index.php\/2025\/08\/19\/justica-expulsa-fazendeiro-de-condominio\/","url_meta":{"origin":75084,"position":3},"title":"Justi\u00e7a expulsa fazendeiro de condom\u00ednio","author":"noticiasribeiraopreto.com.br","date":"19 de August de 2025","format":false,"excerpt":"Decis\u00e3o contempla resultado de assembleia de moradores e impede que Al\u00edpio Jo\u00e3o J\u00fanior volte ao pr\u00e9dio 19 de agosto de 2025 12:091 Compartilhar0 Por: Adalberto Luque O Tribunal de Justi\u00e7a de S\u00e3o Paulo determinou a expuls\u00e3o do fazendeiro Al\u00edpio Jo\u00e3o J\u00fanior do condom\u00ednio onde morava, no Centro de Ribeir\u00e3o Preto.\u2026","rel":"","context":"In &quot;Not\u00edcias de Ribeir\u00e3o Preto-SP e Regi\u00e3o&quot;","block_context":{"text":"Not\u00edcias de Ribeir\u00e3o Preto-SP e Regi\u00e3o","link":"https:\/\/noticiasribeiraopreto.com.br\/index.php\/category\/noticias-de-ribeirao-preto-sp-e-regiao-ismael-colosi\/"},"img":{"alt_text":"","src":"https:\/\/i0.wp.com\/noticiasribeiraopreto.com.br\/wp-content\/uploads\/2025\/08\/16-jul-2025-alipiojoaojunior2.jpg?fit=984%2C616&ssl=1&resize=350%2C200","width":350,"height":200,"srcset":"https:\/\/i0.wp.com\/noticiasribeiraopreto.com.br\/wp-content\/uploads\/2025\/08\/16-jul-2025-alipiojoaojunior2.jpg?fit=984%2C616&ssl=1&resize=350%2C200 1x, https:\/\/i0.wp.com\/noticiasribeiraopreto.com.br\/wp-content\/uploads\/2025\/08\/16-jul-2025-alipiojoaojunior2.jpg?fit=984%2C616&ssl=1&resize=525%2C300 1.5x, https:\/\/i0.wp.com\/noticiasribeiraopreto.com.br\/wp-content\/uploads\/2025\/08\/16-jul-2025-alipiojoaojunior2.jpg?fit=984%2C616&ssl=1&resize=700%2C400 2x"},"classes":[]},{"id":74523,"url":"https:\/\/noticiasribeiraopreto.com.br\/index.php\/2025\/07\/24\/condominos-entram-na-justica-para-expulsar-furioso-da-cancela\/","url_meta":{"origin":75084,"position":4},"title":"Cond\u00f4minos entram na Justi\u00e7a para expulsar \u201cfurioso da cancela\u201d","author":"noticiasribeiraopreto.com.br","date":"24 de July de 2025","format":false,"excerpt":"A\u00e7\u00e3o reuniu moradores do pr\u00e9dio onde mora Al\u00edpio Jo\u00e3o J\u00fanior, que alegam terem sido aterrorizados por vizinho 24 de julho de 2025 10:541 Compartilhar0 Por: Adalberto Luque Moradores de um condom\u00ednio em Ribeir\u00e3o Preto ingressaram na Justi\u00e7a com um pedido para impedir o retorno do fazendeiro Al\u00edpio Jo\u00e3o J\u00fanior, de\u2026","rel":"","context":"In &quot;Not\u00edcias de Ribeir\u00e3o Preto-SP e Regi\u00e3o&quot;","block_context":{"text":"Not\u00edcias de Ribeir\u00e3o Preto-SP e Regi\u00e3o","link":"https:\/\/noticiasribeiraopreto.com.br\/index.php\/category\/noticias-de-ribeirao-preto-sp-e-regiao-ismael-colosi\/"},"img":{"alt_text":"","src":"https:\/\/i0.wp.com\/noticiasribeiraopreto.com.br\/wp-content\/uploads\/2025\/07\/1753365364_16-jul-2025-alipiojoaojunior2.jpg?fit=984%2C616&ssl=1&resize=350%2C200","width":350,"height":200,"srcset":"https:\/\/i0.wp.com\/noticiasribeiraopreto.com.br\/wp-content\/uploads\/2025\/07\/1753365364_16-jul-2025-alipiojoaojunior2.jpg?fit=984%2C616&ssl=1&resize=350%2C200 1x, https:\/\/i0.wp.com\/noticiasribeiraopreto.com.br\/wp-content\/uploads\/2025\/07\/1753365364_16-jul-2025-alipiojoaojunior2.jpg?fit=984%2C616&ssl=1&resize=525%2C300 1.5x, https:\/\/i0.wp.com\/noticiasribeiraopreto.com.br\/wp-content\/uploads\/2025\/07\/1753365364_16-jul-2025-alipiojoaojunior2.jpg?fit=984%2C616&ssl=1&resize=700%2C400 2x"},"classes":[]},{"id":74798,"url":"https:\/\/noticiasribeiraopreto.com.br\/index.php\/2025\/07\/29\/justica-nega-expulsao-de-fazendeiro\/","url_meta":{"origin":75084,"position":5},"title":"Justi\u00e7a nega expuls\u00e3o de fazendeiro","author":"noticiasribeiraopreto.com.br","date":"29 de July de 2025","format":false,"excerpt":"Na decis\u00e3o, ju\u00edza destacou ser fundamental a realiza\u00e7\u00e3o de uma assembleia entre os cond\u00f4minos 29 de julho de 2025 13:132 Compartilhar0 Por: Adalberto Luque A ju\u00edza Roberta Luchiari Villela indeferiu o pedido dos moradores do condom\u00ednio Portinari, que ingressaram com a\u00e7\u00e3o pedindo a expuls\u00e3o do fazendeiro Al\u00edpio Jo\u00e3o J\u00fanior, de\u2026","rel":"","context":"In &quot;Not\u00edcias de Ribeir\u00e3o Preto-SP e Regi\u00e3o&quot;","block_context":{"text":"Not\u00edcias de Ribeir\u00e3o Preto-SP e Regi\u00e3o","link":"https:\/\/noticiasribeiraopreto.com.br\/index.php\/category\/noticias-de-ribeirao-preto-sp-e-regiao-ismael-colosi\/"},"img":{"alt_text":"","src":"https:\/\/i0.wp.com\/noticiasribeiraopreto.com.br\/wp-content\/uploads\/2025\/07\/1753805981_25-jul-2025-alipiojoaojunior2.jpg?fit=1192%2C1200&ssl=1&resize=350%2C200","width":350,"height":200,"srcset":"https:\/\/i0.wp.com\/noticiasribeiraopreto.com.br\/wp-content\/uploads\/2025\/07\/1753805981_25-jul-2025-alipiojoaojunior2.jpg?fit=1192%2C1200&ssl=1&resize=350%2C200 1x, https:\/\/i0.wp.com\/noticiasribeiraopreto.com.br\/wp-content\/uploads\/2025\/07\/1753805981_25-jul-2025-alipiojoaojunior2.jpg?fit=1192%2C1200&ssl=1&resize=525%2C300 1.5x, https:\/\/i0.wp.com\/noticiasribeiraopreto.com.br\/wp-content\/uploads\/2025\/07\/1753805981_25-jul-2025-alipiojoaojunior2.jpg?fit=1192%2C1200&ssl=1&resize=700%2C400 2x, https:\/\/i0.wp.com\/noticiasribeiraopreto.com.br\/wp-content\/uploads\/2025\/07\/1753805981_25-jul-2025-alipiojoaojunior2.jpg?fit=1192%2C1200&ssl=1&resize=1050%2C600 3x"},"classes":[]}],"jetpack_sharing_enabled":true,"jetpack_shortlink":"https:\/\/wp.me\/peQAOb-jx2","_links":{"self":[{"href":"https:\/\/noticiasribeiraopreto.com.br\/index.php\/wp-json\/wp\/v2\/posts\/75084","targetHints":{"allow":["GET"]}}],"collection":[{"href":"https:\/\/noticiasribeiraopreto.com.br\/index.php\/wp-json\/wp\/v2\/posts"}],"about":[{"href":"https:\/\/noticiasribeiraopreto.com.br\/index.php\/wp-json\/wp\/v2\/types\/post"}],"author":[{"embeddable":true,"href":"https:\/\/noticiasribeiraopreto.com.br\/index.php\/wp-json\/wp\/v2\/users\/1"}],"replies":[{"embeddable":true,"href":"https:\/\/noticiasribeiraopreto.com.br\/index.php\/wp-json\/wp\/v2\/comments?post=75084"}],"version-history":[{"count":0,"href":"https:\/\/noticiasribeiraopreto.com.br\/index.php\/wp-json\/wp\/v2\/posts\/75084\/revisions"}],"wp:featuredmedia":[{"embeddable":true,"href":"https:\/\/noticiasribeiraopreto.com.br\/index.php\/wp-json\/wp\/v2\/media\/73614"}],"wp:attachment":[{"href":"https:\/\/noticiasribeiraopreto.com.br\/index.php\/wp-json\/wp\/v2\/media?parent=75084"}],"wp:term":[{"taxonomy":"category","embeddable":true,"href":"https:\/\/noticiasribeiraopreto.com.br\/index.php\/wp-json\/wp\/v2\/categories?post=75084"},{"taxonomy":"post_tag","embeddable":true,"href":"https:\/\/noticiasribeiraopreto.com.br\/index.php\/wp-json\/wp\/v2\/tags?post=75084"}],"curies":[{"name":"wp","href":"https:\/\/api.w.org\/{rel}","templated":true}]}}