{"id":75085,"date":"2025-08-03T09:45:47","date_gmt":"2025-08-03T12:45:47","guid":{"rendered":"https:\/\/noticiasribeiraopreto.com.br\/index.php\/2025\/08\/03\/prefeitura-de-ribeirao-preto-avalia-uberzao-para-transporte-coletivo-entenda-a-proposta\/"},"modified":"2025-08-03T09:45:47","modified_gmt":"2025-08-03T12:45:47","slug":"prefeitura-de-ribeirao-preto-avalia-uberzao-para-transporte-coletivo-entenda-a-proposta","status":"publish","type":"post","link":"https:\/\/noticiasribeiraopreto.com.br\/index.php\/2025\/08\/03\/prefeitura-de-ribeirao-preto-avalia-uberzao-para-transporte-coletivo-entenda-a-proposta\/","title":{"rendered":"Prefeitura de Ribeir\u00e3o Preto avalia &#8216;Uberz\u00e3o&#8217; para transporte coletivo; entenda a proposta"},"content":{"rendered":"<div class='code-block code-block-1' style='margin: 8px 0 8px auto; text-align: right; display: block; clear: both;'>\n<p><a href=\"https:\/\/wa.link\/vpicfd\"><img data-recalc-dims=\"1\" class=\"wp-image-4922\" style=\"aspect-ratio: 2.0253164556962027; width: 561px; height: auto;\" src=\"https:\/\/i0.wp.com\/ismaelcolosi.com.br\/wp-content\/uploads\/2023\/11\/grupo-de-empregos-whatsapp-e-facebook-ismael-colosi-vagas.jpg?ssl=1\" alt=\"\" \/><\/a><\/p>\n<!-- \/wp:image -->\n<\/div>\n<p> <br \/>\n<\/p>\n<div data-td-block-uid=\"tdi_95\">\n<div class=\"tdb-block-inner td-fix-index\">\n<p>O prefeito de <strong>Ribeir\u00e3o Preto<\/strong>, <strong>Ricardo Silva (PSD)<\/strong>, disse que a Administra\u00e7\u00e3o Municipal estuda a transforma\u00e7\u00e3o do sistema de transporte coletivo em uma esp\u00e9cie de \u201cUberz\u00e3o\u201d. Segundo o chefe do Executivo, os estudos para ado\u00e7\u00e3o do sistema de \u00f4nibus por quil\u00f4metro rodado est\u00e3o em fase final.<\/p>\n<p>A declara\u00e7\u00e3o do prefeito foi dada ao programa <strong>\u201cBastidor CBN\u201d<\/strong>, da <strong><a href=\"https:\/\/www.cbnribeirao.com.br\/podcasts\/SOM,0,1,181320,a-realidade-de-ribeirao-preto.aspx\" data-type=\"link\" data-id=\"https:\/\/www.cbnribeirao.com.br\/podcasts\/SOM,0,1,181320,a-realidade-de-ribeirao-preto.aspx\" target=\"_blank\" rel=\"noopener\">CBN Ribeir\u00e3o Preto<\/a><\/strong>. Esse modelo est\u00e1 em estudo pela prefeitura, <strong>RP Mobi<\/strong> e o <strong>Pr\u00f3Urbano<\/strong>. No entanto, o<strong> acidade on Ribeir\u00e3o<\/strong> apurou que para isso deve ser necess\u00e1rio mudar a concess\u00e3o.<\/p>\n<h2 class=\"wp-block-heading\"><strong>Cr\u00edtica<\/strong><\/h2>\n<p>Na entrevista \u00e0 <strong>CBN Ribeir\u00e3o<\/strong>, Ricardo Silva criticou o atual modelo das linhas de \u00f4nibus, no qual \u00e9 necess\u00e1ria a baldea\u00e7\u00e3o. \u201cAs pessoas precisam chegar aonde elas t\u00eam que chegar. E o \u00f4nibus de Ribeir\u00e3o Preto n\u00e3o leva as pessoas onde elas t\u00eam que chegar\u201d, disse.<\/p>\n<p>\u201cOs sistemas das cidades mais modernas fazem por quil\u00f4metro rodado. Quero fazer \u00f4nibus chegar onde as pessoas querem chegar. \u00c9 tipo um \u2018Uberz\u00e3o\u2019\u201d, afirma.<\/p>\n<h2 class=\"wp-block-heading\"><strong>\u00d4nibus el\u00e9tricos<\/strong><\/h2>\n<p>Enquanto isso, ser\u00e3o entregues nesta segunda-feira (4) quatro \u00f4nibus el\u00e9tricos para atual frota do transporte coletivo de Ribeir\u00e3o Preto. A entrega acontece em frente da Catedral Metropolitana, \u00e0s 10h.<\/p>\n<p>Ribeir\u00e3o Preto j\u00e1 conta com repasse de R$ 210 milh\u00f5es do Novo PAC Sele\u00e7\u00f5es. Os recursos devem ser voltados \u00e0 ado\u00e7\u00e3o de tecnologias limpas. Quando foi anunciado pelo Governo Federal em maio de 2024, foi informado que os recursos poderiam ser utilizados na compra de 60 \u00f4nibus el\u00e9tricos.<\/p>\n<p>SAIBA MAIS<br \/>Atl\u00e2ntica D\u2019Or anuncia lan\u00e7amento de pedra fundamental de hospital em Ribeir\u00e3o Preto<\/p>\n<h2 class=\"wp-block-heading\"><strong>FIQUE ON<\/strong><\/h2>\n<p>Fique ligado em tudo que acontece em Ribeir\u00e3o Preto e regi\u00e3o. Siga os perfis do <strong>acidade on <\/strong>no <a href=\"https:\/\/www.instagram.com\/acidadeonribeirao\" data-type=\"link\" data-id=\"https:\/\/www.instagram.com\/acidadeonribeirao\" target=\"_blank\" rel=\"noopener\">Instagram<\/a> e no <a href=\"https:\/\/www.facebook.com\/acidadeonribeirao\/\" data-type=\"link\" data-id=\"https:\/\/www.facebook.com\/acidadeonribeirao\/\" target=\"_blank\" rel=\"noopener\">Facebook<\/a>.<\/p>\n<p>Receba not\u00edcias do <strong>acidade on <\/strong>no WhatsApp. <a href=\"https:\/\/chat.whatsapp.com\/BjKQZ9oJwlz8VVT50NuePq\" data-type=\"link\" data-id=\"https:\/\/chat.whatsapp.com\/BjKQZ9oJwlz8VVT50NuePq\" target=\"_blank\" rel=\"noopener\">Para entrar no grupo, basta clicar aqui.<\/a><\/p>\n<p>Fa\u00e7a uma den\u00fancia ou sugira uma reportagem sobre Ribeir\u00e3o Preto e regi\u00e3o pelo WhatsApp: 16 99117 7802.<\/p>\n<p>VEJA TAMB\u00c9M<br \/>Por que agosto \u00e9 chamado de \u2018m\u00eas do desgosto\u2019 ou \u2018do cachorro louco\u2019?<\/p>\n<p><!-- AI CONTENT END 1 -->\n<\/div>\n<\/div>\n<p><script async src=\"\/\/www.instagram.com\/embed.js\"><\/script><br \/>\n<br \/><br \/>\n<br \/><a href=\"https:\/\/www.acidadeon.com\/ribeiraopreto\/politica\/nevio-archibald\/prefeitura-de-ribeirao-preto-avalia-uberzao-para-transporte-coletivo-entenda-a-proposta\/\">Source link <\/a><\/p>\n<!-- CONTENT END 1 -->\n","protected":false},"excerpt":{"rendered":"<p>O prefeito de Ribeir\u00e3o Preto, Ricardo Silva (PSD), disse que a Administra\u00e7\u00e3o Municipal estuda a transforma\u00e7\u00e3o do sistema de transporte coletivo em uma esp\u00e9cie de&#8230;<\/p>\n","protected":false},"author":1,"featured_media":75086,"comment_status":"open","ping_status":"open","sticky":false,"template":"","format":"standard","meta":{"advanced_seo_description":"","jetpack_seo_html_title":"","jetpack_seo_noindex":false,"jetpack_post_was_ever_published":false,"_jetpack_newsletter_access":"","_jetpack_dont_email_post_to_subs":false,"_jetpack_newsletter_tier_id":0,"_jetpack_memberships_contains_paywalled_content":false,"_jetpack_memberships_contains_paid_content":false,"footnotes":"","jetpack_publicize_message":"","jetpack_publicize_feature_enabled":true,"jetpack_social_post_already_shared":true,"jetpack_social_options":{"image_generator_settings":{"template":"highway","default_image_id":0,"font":"","enabled":false},"version":2}},"categories":[11],"tags":[],"class_list":["post-75085","post","type-post","status-publish","format-standard","has-post-thumbnail","hentry","category-noticias-de-ribeirao-preto-sp-e-regiao-ismael-colosi"],"jetpack_publicize_connections":[],"jetpack_featured_media_url":"https:\/\/i0.wp.com\/noticiasribeiraopreto.com.br\/wp-content\/uploads\/2025\/08\/WhatsApp-Image-2024-10-17-at-15.21.41-2_2024-10-17_21-55-15_jpeg_2024-10-17_21-55-16-e1729202136692.webp.webp?fit=1996%2C1318&ssl=1","jetpack-related-posts":[{"id":922,"url":"https:\/\/noticiasribeiraopreto.com.br\/index.php\/2023\/11\/09\/estudo-contratado-pela-prefeitura-de-ribeirao-preve-menos-onibus-nas-ruas-em-2024\/","url_meta":{"origin":75085,"position":0},"title":"Estudo contratado pela Prefeitura de Ribeir\u00e3o prev\u00ea menos \u00f4nibus nas ruas em 2024","author":"noticiasribeiraopreto.com.br","date":"9 de November de 2023","format":false,"excerpt":"Um estudo contratado pela Prefeitura de Ribeir\u00e3o Preto aponta diminui\u00e7\u00e3o no n\u00famero de \u00f4nibus na cidade a partir de 2024. Segundo o documento obtido pelo acidade on, a frota operacional do transporte coletivo em Ribeir\u00e3o Preto prevista para outubro era de 313 ve\u00edculos, mas o n\u00famero deve diminuir para 290\u2026","rel":"","context":"In &quot;Not\u00edcias de Ribeir\u00e3o Preto-SP e Regi\u00e3o&quot;","block_context":{"text":"Not\u00edcias de Ribeir\u00e3o Preto-SP e Regi\u00e3o","link":"https:\/\/noticiasribeiraopreto.com.br\/index.php\/category\/noticias-de-ribeirao-preto-sp-e-regiao-ismael-colosi\/"},"img":{"alt_text":"","src":"https:\/\/i0.wp.com\/noticiasribeiraopreto.com.br\/wp-content\/uploads\/2023\/11\/novos-onibus-ribeirao-preto.jpg?fit=1200%2C800&ssl=1&resize=350%2C200","width":350,"height":200,"srcset":"https:\/\/i0.wp.com\/noticiasribeiraopreto.com.br\/wp-content\/uploads\/2023\/11\/novos-onibus-ribeirao-preto.jpg?fit=1200%2C800&ssl=1&resize=350%2C200 1x, https:\/\/i0.wp.com\/noticiasribeiraopreto.com.br\/wp-content\/uploads\/2023\/11\/novos-onibus-ribeirao-preto.jpg?fit=1200%2C800&ssl=1&resize=525%2C300 1.5x, https:\/\/i0.wp.com\/noticiasribeiraopreto.com.br\/wp-content\/uploads\/2023\/11\/novos-onibus-ribeirao-preto.jpg?fit=1200%2C800&ssl=1&resize=700%2C400 2x, https:\/\/i0.wp.com\/noticiasribeiraopreto.com.br\/wp-content\/uploads\/2023\/11\/novos-onibus-ribeirao-preto.jpg?fit=1200%2C800&ssl=1&resize=1050%2C600 3x"},"classes":[]},{"id":67368,"url":"https:\/\/noticiasribeiraopreto.com.br\/index.php\/2025\/04\/13\/devolucao-de-creditos-vencidos-do-cartao-de-onibus-e-praticamente-impossivel-diz-prefeito-de-ribeirao-preto\/","url_meta":{"origin":75085,"position":1},"title":"Devolu\u00e7\u00e3o de cr\u00e9ditos vencidos do cart\u00e3o de \u00f4nibus \u00e9 praticamente imposs\u00edvel, diz prefeito de Ribeir\u00e3o Preto","author":"noticiasribeiraopreto.com.br","date":"13 de April de 2025","format":false,"excerpt":"Nos \u00faltimos dias, usu\u00e1rios do transporte coletivo de Ribeir\u00e3o Preto identificaram a expira\u00e7\u00e3o dos cr\u00e9ditos armazenados nos cart\u00f5es de \u00f4nibus. A validade dos cr\u00e9ditos, limitada a dois anos, foi estabelecida no novo contrato do transporte coletivo, aprovado pela C\u00e2mara Municipal em 2022. Em entrevista ao acidade on Ribeir\u00e3o, o prefeito\u2026","rel":"","context":"In &quot;Not\u00edcias de Ribeir\u00e3o Preto-SP e Regi\u00e3o&quot;","block_context":{"text":"Not\u00edcias de Ribeir\u00e3o Preto-SP e Regi\u00e3o","link":"https:\/\/noticiasribeiraopreto.com.br\/index.php\/category\/noticias-de-ribeirao-preto-sp-e-regiao-ismael-colosi\/"},"img":{"alt_text":"","src":"https:\/\/i0.wp.com\/noticiasribeiraopreto.com.br\/wp-content\/uploads\/2024\/12\/alteracao_trajeto_linha_-_foto_guilherme_sircili_2024-12-14_14-20-19_jpg_2024-12-14_14-20-19.webp.webp?fit=1200%2C800&ssl=1&resize=350%2C200","width":350,"height":200,"srcset":"https:\/\/i0.wp.com\/noticiasribeiraopreto.com.br\/wp-content\/uploads\/2024\/12\/alteracao_trajeto_linha_-_foto_guilherme_sircili_2024-12-14_14-20-19_jpg_2024-12-14_14-20-19.webp.webp?fit=1200%2C800&ssl=1&resize=350%2C200 1x, https:\/\/i0.wp.com\/noticiasribeiraopreto.com.br\/wp-content\/uploads\/2024\/12\/alteracao_trajeto_linha_-_foto_guilherme_sircili_2024-12-14_14-20-19_jpg_2024-12-14_14-20-19.webp.webp?fit=1200%2C800&ssl=1&resize=525%2C300 1.5x, https:\/\/i0.wp.com\/noticiasribeiraopreto.com.br\/wp-content\/uploads\/2024\/12\/alteracao_trajeto_linha_-_foto_guilherme_sircili_2024-12-14_14-20-19_jpg_2024-12-14_14-20-19.webp.webp?fit=1200%2C800&ssl=1&resize=700%2C400 2x, https:\/\/i0.wp.com\/noticiasribeiraopreto.com.br\/wp-content\/uploads\/2024\/12\/alteracao_trajeto_linha_-_foto_guilherme_sircili_2024-12-14_14-20-19_jpg_2024-12-14_14-20-19.webp.webp?fit=1200%2C800&ssl=1&resize=1050%2C600 3x"},"classes":[]},{"id":74673,"url":"https:\/\/noticiasribeiraopreto.com.br\/index.php\/2025\/07\/27\/ribeirao-preto-inicia-estudos-para-descarbonizacao-da-frota-de-onibus\/","url_meta":{"origin":75085,"position":2},"title":"Ribeir\u00e3o Preto inicia estudos para descarboniza\u00e7\u00e3o da frota de \u00f4nibus","author":"noticiasribeiraopreto.com.br","date":"27 de July de 2025","format":false,"excerpt":"Ribeir\u00e3o Preto iniciou os estudos para descarboniza\u00e7\u00e3o da frota de \u00f4nibus da cidade. A ideia \u00e9 que os ve\u00edculos do transporte coletivo sejam movidos por combust\u00edveis sustent\u00e1veis, como o g\u00e1s natural e biometano. A Necta, concession\u00e1ria respons\u00e1vel pelo fornecimento de g\u00e1s natural em Ribeir\u00e3o Preto, apresentou a proposta em reuni\u00e3o\u2026","rel":"","context":"In &quot;Not\u00edcias de Ribeir\u00e3o Preto-SP e Regi\u00e3o&quot;","block_context":{"text":"Not\u00edcias de Ribeir\u00e3o Preto-SP e Regi\u00e3o","link":"https:\/\/noticiasribeiraopreto.com.br\/index.php\/category\/noticias-de-ribeirao-preto-sp-e-regiao-ismael-colosi\/"},"img":{"alt_text":"","src":"https:\/\/i0.wp.com\/noticiasribeiraopreto.com.br\/wp-content\/uploads\/2025\/07\/WhatsApp-Image-2024-10-17-at-15.21.43_2024-10-17_21-54-03_jpeg_2024-10-17_21-54-04-1024x682.webp.webp?fit=1024%2C682&ssl=1&resize=350%2C200","width":350,"height":200,"srcset":"https:\/\/i0.wp.com\/noticiasribeiraopreto.com.br\/wp-content\/uploads\/2025\/07\/WhatsApp-Image-2024-10-17-at-15.21.43_2024-10-17_21-54-03_jpeg_2024-10-17_21-54-04-1024x682.webp.webp?fit=1024%2C682&ssl=1&resize=350%2C200 1x, https:\/\/i0.wp.com\/noticiasribeiraopreto.com.br\/wp-content\/uploads\/2025\/07\/WhatsApp-Image-2024-10-17-at-15.21.43_2024-10-17_21-54-03_jpeg_2024-10-17_21-54-04-1024x682.webp.webp?fit=1024%2C682&ssl=1&resize=525%2C300 1.5x, https:\/\/i0.wp.com\/noticiasribeiraopreto.com.br\/wp-content\/uploads\/2025\/07\/WhatsApp-Image-2024-10-17-at-15.21.43_2024-10-17_21-54-03_jpeg_2024-10-17_21-54-04-1024x682.webp.webp?fit=1024%2C682&ssl=1&resize=700%2C400 2x"},"classes":[]},{"id":67908,"url":"https:\/\/noticiasribeiraopreto.com.br\/index.php\/2025\/04\/20\/prefeitura-de-ribeirao-repassa-r-353-milhoes-ao-prourbano-entenda\/","url_meta":{"origin":75085,"position":3},"title":"Prefeitura de Ribeir\u00e3o repassa R$ 35,3 milh\u00f5es ao Pr\u00f3urbano; Entenda","author":"noticiasribeiraopreto.com.br","date":"20 de April de 2025","format":false,"excerpt":"A Prefeitura de Ribeir\u00e3o Preto repassou R$ 35.325.438,03 ao Pr\u00f3urbano neste ano. O valor faz parte do subs\u00eddio destinado \u00e0 opera\u00e7\u00e3o do transporte p\u00fablico na cidade, que est\u00e1 em vigor desde 2023. >>>FIQUE POR DENTRO: Lei obriga nivelamento de tamp\u00f5es nas ruas e avenidas de Ribeir\u00e3o Preto; Entenda Os dados\u2026","rel":"","context":"In &quot;Not\u00edcias de Ribeir\u00e3o Preto-SP e Regi\u00e3o&quot;","block_context":{"text":"Not\u00edcias de Ribeir\u00e3o Preto-SP e Regi\u00e3o","link":"https:\/\/noticiasribeiraopreto.com.br\/index.php\/category\/noticias-de-ribeirao-preto-sp-e-regiao-ismael-colosi\/"},"img":{"alt_text":"","src":"https:\/\/i0.wp.com\/noticiasribeiraopreto.com.br\/wp-content\/uploads\/2024\/10\/WhatsApp-Image-2024-10-17-at-15.21.41-2_2024-10-17_21-55-15_jpeg_2024-10-17_21-55-16-e1729202136692.webp.webp?fit=1200%2C792&ssl=1&resize=350%2C200","width":350,"height":200,"srcset":"https:\/\/i0.wp.com\/noticiasribeiraopreto.com.br\/wp-content\/uploads\/2024\/10\/WhatsApp-Image-2024-10-17-at-15.21.41-2_2024-10-17_21-55-15_jpeg_2024-10-17_21-55-16-e1729202136692.webp.webp?fit=1200%2C792&ssl=1&resize=350%2C200 1x, https:\/\/i0.wp.com\/noticiasribeiraopreto.com.br\/wp-content\/uploads\/2024\/10\/WhatsApp-Image-2024-10-17-at-15.21.41-2_2024-10-17_21-55-15_jpeg_2024-10-17_21-55-16-e1729202136692.webp.webp?fit=1200%2C792&ssl=1&resize=525%2C300 1.5x, https:\/\/i0.wp.com\/noticiasribeiraopreto.com.br\/wp-content\/uploads\/2024\/10\/WhatsApp-Image-2024-10-17-at-15.21.41-2_2024-10-17_21-55-15_jpeg_2024-10-17_21-55-16-e1729202136692.webp.webp?fit=1200%2C792&ssl=1&resize=700%2C400 2x, https:\/\/i0.wp.com\/noticiasribeiraopreto.com.br\/wp-content\/uploads\/2024\/10\/WhatsApp-Image-2024-10-17-at-15.21.41-2_2024-10-17_21-55-15_jpeg_2024-10-17_21-55-16-e1729202136692.webp.webp?fit=1200%2C792&ssl=1&resize=1050%2C600 3x"},"classes":[]},{"id":71499,"url":"https:\/\/noticiasribeiraopreto.com.br\/index.php\/2025\/06\/06\/segunda-etapa-dos-semaforos-inteligentes-continua-suspensa-em-ribeirao-preto\/","url_meta":{"origin":75085,"position":4},"title":"Segunda etapa dos sem\u00e1foros inteligentes continua suspensa em Ribeir\u00e3o Preto","author":"noticiasribeiraopreto.com.br","date":"6 de June de 2025","format":false,"excerpt":"A licita\u00e7\u00e3o para implanta\u00e7\u00e3o da segunda etapa dos sem\u00e1foros inteligentes segue suspensa em Ribeir\u00e3o Preto. A concorr\u00eancia eletr\u00f4nica foi publicada em novembro de 2024, mas foi suspensa pelo prefeito Ricardo Silva (PSD) em janeiro deste ano. Em nota, a Prefeitura de Ribeir\u00e3o Preto destacou que a licita\u00e7\u00e3o foi aberta durante\u2026","rel":"","context":"In &quot;Not\u00edcias de Ribeir\u00e3o Preto-SP e Regi\u00e3o&quot;","block_context":{"text":"Not\u00edcias de Ribeir\u00e3o Preto-SP e Regi\u00e3o","link":"https:\/\/noticiasribeiraopreto.com.br\/index.php\/category\/noticias-de-ribeirao-preto-sp-e-regiao-ismael-colosi\/"},"img":{"alt_text":"","src":"https:\/\/i0.wp.com\/noticiasribeiraopreto.com.br\/wp-content\/uploads\/2025\/06\/Copy-of-5.png?fit=1200%2C800&ssl=1&resize=350%2C200","width":350,"height":200,"srcset":"https:\/\/i0.wp.com\/noticiasribeiraopreto.com.br\/wp-content\/uploads\/2025\/06\/Copy-of-5.png?fit=1200%2C800&ssl=1&resize=350%2C200 1x, https:\/\/i0.wp.com\/noticiasribeiraopreto.com.br\/wp-content\/uploads\/2025\/06\/Copy-of-5.png?fit=1200%2C800&ssl=1&resize=525%2C300 1.5x, https:\/\/i0.wp.com\/noticiasribeiraopreto.com.br\/wp-content\/uploads\/2025\/06\/Copy-of-5.png?fit=1200%2C800&ssl=1&resize=700%2C400 2x, https:\/\/i0.wp.com\/noticiasribeiraopreto.com.br\/wp-content\/uploads\/2025\/06\/Copy-of-5.png?fit=1200%2C800&ssl=1&resize=1050%2C600 3x"},"classes":[]},{"id":53211,"url":"https:\/\/noticiasribeiraopreto.com.br\/index.php\/2024\/06\/17\/prefeitura-inaugura-casa-do-bbb-do-transito-de-ribeirao-preto\/","url_meta":{"origin":75085,"position":5},"title":"Prefeitura inaugura \u2018casa do BBB\u2019 do tr\u00e2nsito de Ribeir\u00e3o Preto","author":"noticiasribeiraopreto.com.br","date":"17 de June de 2024","format":false,"excerpt":"A Prefeitura de Ribeir\u00e3o Preto inaugurou, nesta segunda-feira (17), o Centro de Controle Operacional (CCO) do munic\u00edpio. A estrutura possui monitores ao estilo Big Brother para acompanhamento do tr\u00e2nsito e do transporte coletivo. O novo espa\u00e7o foi constru\u00eddo no interior do pr\u00e9dio da RP Mobi, no Jardim Presidente Dutra, na\u2026","rel":"","context":"In &quot;Not\u00edcias de Ribeir\u00e3o Preto-SP e Regi\u00e3o&quot;","block_context":{"text":"Not\u00edcias de Ribeir\u00e3o Preto-SP e Regi\u00e3o","link":"https:\/\/noticiasribeiraopreto.com.br\/index.php\/category\/noticias-de-ribeirao-preto-sp-e-regiao-ismael-colosi\/"},"img":{"alt_text":"","src":"https:\/\/i0.wp.com\/noticiasribeiraopreto.com.br\/wp-content\/uploads\/2024\/06\/inauguracao_cco_rp_mobi_-_foto_fernando_gonzaga_6_2024-06-17_20-47-58_jpg_2024-06-17_20-47-58.webp.webp?fit=1200%2C799&ssl=1&resize=350%2C200","width":350,"height":200,"srcset":"https:\/\/i0.wp.com\/noticiasribeiraopreto.com.br\/wp-content\/uploads\/2024\/06\/inauguracao_cco_rp_mobi_-_foto_fernando_gonzaga_6_2024-06-17_20-47-58_jpg_2024-06-17_20-47-58.webp.webp?fit=1200%2C799&ssl=1&resize=350%2C200 1x, https:\/\/i0.wp.com\/noticiasribeiraopreto.com.br\/wp-content\/uploads\/2024\/06\/inauguracao_cco_rp_mobi_-_foto_fernando_gonzaga_6_2024-06-17_20-47-58_jpg_2024-06-17_20-47-58.webp.webp?fit=1200%2C799&ssl=1&resize=525%2C300 1.5x, https:\/\/i0.wp.com\/noticiasribeiraopreto.com.br\/wp-content\/uploads\/2024\/06\/inauguracao_cco_rp_mobi_-_foto_fernando_gonzaga_6_2024-06-17_20-47-58_jpg_2024-06-17_20-47-58.webp.webp?fit=1200%2C799&ssl=1&resize=700%2C400 2x, https:\/\/i0.wp.com\/noticiasribeiraopreto.com.br\/wp-content\/uploads\/2024\/06\/inauguracao_cco_rp_mobi_-_foto_fernando_gonzaga_6_2024-06-17_20-47-58_jpg_2024-06-17_20-47-58.webp.webp?fit=1200%2C799&ssl=1&resize=1050%2C600 3x"},"classes":[]}],"jetpack_sharing_enabled":true,"jetpack_shortlink":"https:\/\/wp.me\/peQAOb-jx3","_links":{"self":[{"href":"https:\/\/noticiasribeiraopreto.com.br\/index.php\/wp-json\/wp\/v2\/posts\/75085","targetHints":{"allow":["GET"]}}],"collection":[{"href":"https:\/\/noticiasribeiraopreto.com.br\/index.php\/wp-json\/wp\/v2\/posts"}],"about":[{"href":"https:\/\/noticiasribeiraopreto.com.br\/index.php\/wp-json\/wp\/v2\/types\/post"}],"author":[{"embeddable":true,"href":"https:\/\/noticiasribeiraopreto.com.br\/index.php\/wp-json\/wp\/v2\/users\/1"}],"replies":[{"embeddable":true,"href":"https:\/\/noticiasribeiraopreto.com.br\/index.php\/wp-json\/wp\/v2\/comments?post=75085"}],"version-history":[{"count":0,"href":"https:\/\/noticiasribeiraopreto.com.br\/index.php\/wp-json\/wp\/v2\/posts\/75085\/revisions"}],"wp:featuredmedia":[{"embeddable":true,"href":"https:\/\/noticiasribeiraopreto.com.br\/index.php\/wp-json\/wp\/v2\/media\/75086"}],"wp:attachment":[{"href":"https:\/\/noticiasribeiraopreto.com.br\/index.php\/wp-json\/wp\/v2\/media?parent=75085"}],"wp:term":[{"taxonomy":"category","embeddable":true,"href":"https:\/\/noticiasribeiraopreto.com.br\/index.php\/wp-json\/wp\/v2\/categories?post=75085"},{"taxonomy":"post_tag","embeddable":true,"href":"https:\/\/noticiasribeiraopreto.com.br\/index.php\/wp-json\/wp\/v2\/tags?post=75085"}],"curies":[{"name":"wp","href":"https:\/\/api.w.org\/{rel}","templated":true}]}}