{"id":75093,"date":"2025-08-03T12:41:24","date_gmt":"2025-08-03T15:41:24","guid":{"rendered":"https:\/\/noticiasribeiraopreto.com.br\/index.php\/2025\/08\/03\/goleiro-natural-da-regiao-de-ribeirao-preto-e-encontrado-morto-em-portugal\/"},"modified":"2025-08-03T12:41:24","modified_gmt":"2025-08-03T15:41:24","slug":"goleiro-natural-da-regiao-de-ribeirao-preto-e-encontrado-morto-em-portugal","status":"publish","type":"post","link":"https:\/\/noticiasribeiraopreto.com.br\/index.php\/2025\/08\/03\/goleiro-natural-da-regiao-de-ribeirao-preto-e-encontrado-morto-em-portugal\/","title":{"rendered":"Goleiro natural da regi\u00e3o de Ribeir\u00e3o Preto \u00e9 encontrado morto em Portugal"},"content":{"rendered":"<div class='code-block code-block-1' style='margin: 8px 0 8px auto; text-align: right; display: block; clear: both;'>\n<p><a href=\"https:\/\/wa.link\/vpicfd\"><img data-recalc-dims=\"1\" class=\"wp-image-4922\" style=\"aspect-ratio: 2.0253164556962027; width: 561px; height: auto;\" src=\"https:\/\/i0.wp.com\/ismaelcolosi.com.br\/wp-content\/uploads\/2023\/11\/grupo-de-empregos-whatsapp-e-facebook-ismael-colosi-vagas.jpg?ssl=1\" alt=\"\" \/><\/a><\/p>\n<!-- \/wp:image -->\n<\/div>\n<p> <br \/>\n<\/p>\n<div data-td-block-uid=\"tdi_95\">\n<div class=\"tdb-block-inner td-fix-index\">\n<p>O goleiro<strong> Jeferson Merli <\/strong>morreu afogado na noite do \u00faltimo s\u00e1bado (2), em Ger\u00eas, <strong>Portugal<\/strong>. Merli era natural de <strong>Vista Alegre do Alto<\/strong>, na regi\u00e3o de <strong>Ribeir\u00e3o Preto<\/strong>, e defendia o<strong> Grupo Desportivo de Caldelas<\/strong>, equipe das divis\u00f5es inferiores de Portugal.<\/p>\n<p><mark style=\"background-color:#fcb900\" class=\"has-inline-color has-black-color\">A morte do atleta foi confirmada pelo pr\u00f3prio clube em comunicado nas redes sociais.<\/mark> Segundo o Caldelas, o jogador, de 27 anos, havia renovado o contrato recentemente com a equipe portuguesa.<\/p>\n<figure class=\"wp-block-image size-large\"><img data-recalc-dims=\"1\" fetchpriority=\"high\" decoding=\"async\" width=\"1024\" height=\"654\" src=\"https:\/\/i0.wp.com\/cdn.media-acidadeon.com.br\/ribeiraopreto\/wp-content\/uploads\/sites\/3\/2025\/08\/jeferson-merli-em-portugal_2025-08-03_13-55-34-1024x654.webp?resize=1024%2C654&#038;ssl=1\" alt=\"Jeferson Merli, de 27 anos, defendia o Caldelas, de Portugal; goleiro morreu ap\u00f3s se afogar no pa\u00eds europeu&#10;\" class=\"wp-image-124595\" srcset=\"https:\/\/cdn.media-acidadeon.com.br\/ribeiraopreto\/wp-content\/uploads\/sites\/3\/2025\/08\/jeferson-merli-em-portugal_2025-08-03_13-55-34-1024x654.webp 1024w, https:\/\/cdn.media-acidadeon.com.br\/ribeiraopreto\/wp-content\/uploads\/sites\/3\/2025\/08\/jeferson-merli-em-portugal_2025-08-03_13-55-34-300x192.webp 300w, https:\/\/cdn.media-acidadeon.com.br\/ribeiraopreto\/wp-content\/uploads\/sites\/3\/2025\/08\/jeferson-merli-em-portugal_2025-08-03_13-55-34-768x490.webp 768w, https:\/\/cdn.media-acidadeon.com.br\/ribeiraopreto\/wp-content\/uploads\/sites\/3\/2025\/08\/jeferson-merli-em-portugal_2025-08-03_13-55-34-696x444.webp 696w, https:\/\/cdn.media-acidadeon.com.br\/ribeiraopreto\/wp-content\/uploads\/sites\/3\/2025\/08\/jeferson-merli-em-portugal_2025-08-03_13-55-34-1068x682.webp 1068w, https:\/\/cdn.media-acidadeon.com.br\/ribeiraopreto\/wp-content\/uploads\/sites\/3\/2025\/08\/jeferson-merli-em-portugal_2025-08-03_13-55-34.webp 1200w\" sizes=\"(max-width: 1024px) 100vw, 1024px\"\/><figcaption class=\"wp-element-caption\">Jeferson Merli (primeiro \u00e0 esquerda) defendia o GD Caldelas, de Portugal (Foto: reprodu\u00e7\u00e3o\/Facebook)<\/figcaption><\/figure>\n<h2 class=\"wp-block-heading\"><strong>Veja o comunicado<\/strong><\/h2>\n<h3 class=\"wp-block-heading\"><strong>Nota de Pesar<\/strong><\/h3>\n<p>\u00c9 com enorme tristeza e profundo pesar que recebemos a not\u00edcia do falecimento do nosso guarda-redes Jeferson Merli.<\/p>\n<p>O Jeferson, que recentemente tinha renovado com o nosso clube, deixa-nos n\u00e3o s\u00f3 a sua dedica\u00e7\u00e3o dentro de campo, mas tamb\u00e9m a amizade, o profissionalismo e o esp\u00edrito de uni\u00e3o que sempre o caracterizaram.<\/p>\n<p>Neste momento de dor, o Caldelas manifesta a sua solidariedade e endere\u00e7a as mais sentidas condol\u00eancias \u00e0 fam\u00edlia, aos amigos e a todos aqueles que tiveram o privil\u00e9gio de com ele conviver.<\/p>\n<p>O nosso clube jamais esquecer\u00e1 a sua entrega e a marca que deixou em todos n\u00f3s.<\/p>\n<p>Descansa em paz, Jeferson.<\/p>\n<p>SAIBA MAIS<br \/>Como o condom\u00ednio deve agir frente aos cond\u00f4minos antissociais?<\/p>\n<h2 class=\"wp-block-heading\"><strong>FIQUE ON<\/strong><\/h2>\n<p>Fique ligado em tudo que acontece em Ribeir\u00e3o Preto e regi\u00e3o. Siga os perfis do\u00a0<strong>acidade on\u00a0<\/strong>no<a href=\"https:\/\/www.instagram.com\/acidadeonribeirao\" target=\"_blank\" rel=\"noreferrer noopener\">\u00a0Instagram<\/a>\u00a0e no\u00a0<a href=\"https:\/\/www.facebook.com\/acidadeonribeirao\/\" target=\"_blank\" rel=\"noreferrer noopener\">Facebook<\/a>.<\/p>\n<p>Receba not\u00edcias do\u00a0<strong>acidade on<\/strong>\u00a0no WhatsApp.<a href=\"https:\/\/chat.whatsapp.com\/BjKQZ9oJwlz8VVT50NuePq\" target=\"_blank\" rel=\"noreferrer noopener\">\u00a0Para entrar no grupo, basta clicar aqui.<\/a><\/p>\n<p>Fa\u00e7a uma den\u00fancia ou sugira uma reportagem sobre Ribeir\u00e3o Preto e regi\u00e3o pelo WhatsApp: 16 99117 7802.<\/p>\n<p>VEJA TAMB\u00c9M<br \/>Voc\u00ea sabe como manter as orqu\u00eddeas floridas por mais tempo?<\/p>\n<p><!-- AI CONTENT END 1 -->\n<\/div>\n<\/div>\n<p><script async src=\"\/\/www.instagram.com\/embed.js\"><\/script><br \/>\n<br \/><br \/>\n<br \/><a href=\"https:\/\/www.acidadeon.com\/ribeiraopreto\/esportes\/goleiro-natural-da-regiao-de-ribeirao-preto-e-encontrado-morto-em-portugal\/\">Source link <\/a><\/p>\n<!-- CONTENT END 1 -->\n","protected":false},"excerpt":{"rendered":"<p>O goleiro Jeferson Merli morreu afogado na noite do \u00faltimo s\u00e1bado (2), em Ger\u00eas, Portugal. Merli era natural de Vista Alegre do Alto, na regi\u00e3o&#8230;<\/p>\n","protected":false},"author":1,"featured_media":75094,"comment_status":"open","ping_status":"open","sticky":false,"template":"","format":"standard","meta":{"advanced_seo_description":"","jetpack_seo_html_title":"","jetpack_seo_noindex":false,"jetpack_post_was_ever_published":false,"_jetpack_newsletter_access":"","_jetpack_dont_email_post_to_subs":false,"_jetpack_newsletter_tier_id":0,"_jetpack_memberships_contains_paywalled_content":false,"_jetpack_memberships_contains_paid_content":false,"footnotes":"","jetpack_publicize_message":"","jetpack_publicize_feature_enabled":true,"jetpack_social_post_already_shared":true,"jetpack_social_options":{"image_generator_settings":{"template":"highway","default_image_id":0,"font":"","enabled":false},"version":2}},"categories":[11],"tags":[],"class_list":["post-75093","post","type-post","status-publish","format-standard","has-post-thumbnail","hentry","category-noticias-de-ribeirao-preto-sp-e-regiao-ismael-colosi"],"jetpack_publicize_connections":[],"jetpack_featured_media_url":"https:\/\/i0.wp.com\/noticiasribeiraopreto.com.br\/wp-content\/uploads\/2025\/08\/jeferson-merli_2025-08-03_13-54-35.webp.webp?fit=1075%2C824&ssl=1","jetpack-related-posts":[{"id":75110,"url":"https:\/\/noticiasribeiraopreto.com.br\/index.php\/2025\/08\/03\/quem-era-jeferson-merli-goleiro-brasileiro-morto-em-portugal\/","url_meta":{"origin":75093,"position":0},"title":"Quem era Jeferson Merli, goleiro brasileiro morto em Portugal","author":"noticiasribeiraopreto.com.br","date":"3 de August de 2025","format":false,"excerpt":"O goleiro Jeferson Merli, encontrado morto em Portugal no \u00faltimo s\u00e1bado (2), tinha 27 anos e era natural de Vista Alegre do Alto, cidade a 98 quil\u00f4metros de Ribeir\u00e3o Preto. O atleta vivia em Braga, no norte do pa\u00eds europeu, e se afogou uma praia fluvial em Ger\u00eas. Segundo o\u2026","rel":"","context":"In &quot;Not\u00edcias de Ribeir\u00e3o Preto-SP e Regi\u00e3o&quot;","block_context":{"text":"Not\u00edcias de Ribeir\u00e3o Preto-SP e Regi\u00e3o","link":"https:\/\/noticiasribeiraopreto.com.br\/index.php\/category\/noticias-de-ribeirao-preto-sp-e-regiao-ismael-colosi\/"},"img":{"alt_text":"","src":"https:\/\/i0.wp.com\/noticiasribeiraopreto.com.br\/wp-content\/uploads\/2025\/08\/jeferson-merli-em-portugal_2025-08-03_13-55-34.webp.webp?fit=1200%2C766&ssl=1&resize=350%2C200","width":350,"height":200,"srcset":"https:\/\/i0.wp.com\/noticiasribeiraopreto.com.br\/wp-content\/uploads\/2025\/08\/jeferson-merli-em-portugal_2025-08-03_13-55-34.webp.webp?fit=1200%2C766&ssl=1&resize=350%2C200 1x, https:\/\/i0.wp.com\/noticiasribeiraopreto.com.br\/wp-content\/uploads\/2025\/08\/jeferson-merli-em-portugal_2025-08-03_13-55-34.webp.webp?fit=1200%2C766&ssl=1&resize=525%2C300 1.5x, https:\/\/i0.wp.com\/noticiasribeiraopreto.com.br\/wp-content\/uploads\/2025\/08\/jeferson-merli-em-portugal_2025-08-03_13-55-34.webp.webp?fit=1200%2C766&ssl=1&resize=700%2C400 2x, https:\/\/i0.wp.com\/noticiasribeiraopreto.com.br\/wp-content\/uploads\/2025\/08\/jeferson-merli-em-portugal_2025-08-03_13-55-34.webp.webp?fit=1200%2C766&ssl=1&resize=1050%2C600 3x"},"classes":[]},{"id":41907,"url":"https:\/\/noticiasribeiraopreto.com.br\/index.php\/2024\/03\/11\/goleiro-nascido-em-ribeirao-preto-e-convocado-para-a-selecao-brasileira\/","url_meta":{"origin":75093,"position":1},"title":"Goleiro nascido em Ribeir\u00e3o Preto \u00e9 convocado para a Sele\u00e7\u00e3o Brasileira","author":"noticiasribeiraopreto.com.br","date":"11 de March de 2024","format":false,"excerpt":"O t\u00e9cnico Dorival J\u00fanior, da Sele\u00e7\u00e3o Brasileira, anunciou nesta segunda-feira (11), a convoca\u00e7\u00e3o do goleiro L\u00e9o Jardim, do Vasco, natural de Ribeir\u00e3o Preto. Al\u00e9m dele, o zagueiro Fabr\u00edcio Bruno, do Flamengo, e o atacante Galeno, do Porto, tamb\u00e9m foram chamados. Os tr\u00eas jogadores v\u00e3o substituir Ederson, goleiro do Manchester City\u2026","rel":"","context":"In &quot;Not\u00edcias de Ribeir\u00e3o Preto-SP e Regi\u00e3o&quot;","block_context":{"text":"Not\u00edcias de Ribeir\u00e3o Preto-SP e Regi\u00e3o","link":"https:\/\/noticiasribeiraopreto.com.br\/index.php\/category\/noticias-de-ribeirao-preto-sp-e-regiao-ismael-colosi\/"},"img":{"alt_text":"","src":"https:\/\/i0.wp.com\/noticiasribeiraopreto.com.br\/wp-content\/uploads\/2024\/03\/53316077893_9132faf2fd_h-1024x683-1.webp.webp?fit=1024%2C683&ssl=1&resize=350%2C200","width":350,"height":200,"srcset":"https:\/\/i0.wp.com\/noticiasribeiraopreto.com.br\/wp-content\/uploads\/2024\/03\/53316077893_9132faf2fd_h-1024x683-1.webp.webp?fit=1024%2C683&ssl=1&resize=350%2C200 1x, https:\/\/i0.wp.com\/noticiasribeiraopreto.com.br\/wp-content\/uploads\/2024\/03\/53316077893_9132faf2fd_h-1024x683-1.webp.webp?fit=1024%2C683&ssl=1&resize=525%2C300 1.5x, https:\/\/i0.wp.com\/noticiasribeiraopreto.com.br\/wp-content\/uploads\/2024\/03\/53316077893_9132faf2fd_h-1024x683-1.webp.webp?fit=1024%2C683&ssl=1&resize=700%2C400 2x"},"classes":[]},{"id":57765,"url":"https:\/\/noticiasribeiraopreto.com.br\/index.php\/2024\/09\/09\/me-senti-desvalorizado-diz-goleiro-vitima-de-racismo-em-ribeirao-2\/","url_meta":{"origin":75093,"position":2},"title":"&#8216;Me senti desvalorizado&#8217;, diz goleiro v\u00edtima de racismo em Ribeir\u00e3o","author":"noticiasribeiraopreto.com.br","date":"9 de September de 2024","format":false,"excerpt":"Vinicius Santos, goleiro do Atl\u00e9tico Monte Azul, foi alvo de ofensas racistas por parte de um torcedor no final da partida contra o Comercial que aconteceu no s\u00e1bado (7), no est\u00e1dio Palma Travassos, em Ribeir\u00e3o Preto. O atleta gravou um v\u00eddeo, na tarde desta segunda-feira (9), onde contou um pouco\u2026","rel":"","context":"In &quot;Not\u00edcias de Ribeir\u00e3o Preto-SP e Regi\u00e3o&quot;","block_context":{"text":"Not\u00edcias de Ribeir\u00e3o Preto-SP e Regi\u00e3o","link":"https:\/\/noticiasribeiraopreto.com.br\/index.php\/category\/noticias-de-ribeirao-preto-sp-e-regiao-ismael-colosi\/"},"img":{"alt_text":"","src":"https:\/\/i0.wp.com\/noticiasribeiraopreto.com.br\/wp-content\/uploads\/2024\/09\/Copia-de-Copia-de-Copia-de-TAMANHO-EXATO-PARA-FOTOS-NO-SISTEMA-NOVO-9_2024-09-09_21-24-04_png_2024-09-09_21-24-04.webp.webp?fit=1200%2C675&ssl=1&resize=350%2C200","width":350,"height":200,"srcset":"https:\/\/i0.wp.com\/noticiasribeiraopreto.com.br\/wp-content\/uploads\/2024\/09\/Copia-de-Copia-de-Copia-de-TAMANHO-EXATO-PARA-FOTOS-NO-SISTEMA-NOVO-9_2024-09-09_21-24-04_png_2024-09-09_21-24-04.webp.webp?fit=1200%2C675&ssl=1&resize=350%2C200 1x, https:\/\/i0.wp.com\/noticiasribeiraopreto.com.br\/wp-content\/uploads\/2024\/09\/Copia-de-Copia-de-Copia-de-TAMANHO-EXATO-PARA-FOTOS-NO-SISTEMA-NOVO-9_2024-09-09_21-24-04_png_2024-09-09_21-24-04.webp.webp?fit=1200%2C675&ssl=1&resize=525%2C300 1.5x, https:\/\/i0.wp.com\/noticiasribeiraopreto.com.br\/wp-content\/uploads\/2024\/09\/Copia-de-Copia-de-Copia-de-TAMANHO-EXATO-PARA-FOTOS-NO-SISTEMA-NOVO-9_2024-09-09_21-24-04_png_2024-09-09_21-24-04.webp.webp?fit=1200%2C675&ssl=1&resize=700%2C400 2x, https:\/\/i0.wp.com\/noticiasribeiraopreto.com.br\/wp-content\/uploads\/2024\/09\/Copia-de-Copia-de-Copia-de-TAMANHO-EXATO-PARA-FOTOS-NO-SISTEMA-NOVO-9_2024-09-09_21-24-04_png_2024-09-09_21-24-04.webp.webp?fit=1200%2C675&ssl=1&resize=1050%2C600 3x"},"classes":[]},{"id":57753,"url":"https:\/\/noticiasribeiraopreto.com.br\/index.php\/2024\/09\/09\/me-senti-desvalorizado-diz-goleiro-vitima-de-racismo-em-ribeirao\/","url_meta":{"origin":75093,"position":3},"title":"&#8220;Me senti desvalorizado&#8221; diz goleiro v\u00edtima de racismo em Ribeir\u00e3o","author":"noticiasribeiraopreto.com.br","date":"9 de September de 2024","format":false,"excerpt":"Vinicius Santos, goleiro do Atl\u00e9tico Monte Azul, foi alvo de ofensas racistas por parte de um torcedor no final da partida contra o Comercial que aconteceu no s\u00e1bado (7), no est\u00e1dio Palma Travassos, em Ribeir\u00e3o Preto. O atleta gravou um v\u00eddeo, na tarde desta segunda-feira (9), onde contou um pouco\u2026","rel":"","context":"In &quot;Not\u00edcias de Ribeir\u00e3o Preto-SP e Regi\u00e3o&quot;","block_context":{"text":"Not\u00edcias de Ribeir\u00e3o Preto-SP e Regi\u00e3o","link":"https:\/\/noticiasribeiraopreto.com.br\/index.php\/category\/noticias-de-ribeirao-preto-sp-e-regiao-ismael-colosi\/"},"img":{"alt_text":"","src":"https:\/\/i0.wp.com\/noticiasribeiraopreto.com.br\/wp-content\/uploads\/2024\/09\/Copia-de-Copia-de-Copia-de-TAMANHO-EXATO-PARA-FOTOS-NO-SISTEMA-NOVO-9_2024-09-09_21-24-04_png_2024-09-09_21-24-04.webp.webp?fit=1200%2C675&ssl=1&resize=350%2C200","width":350,"height":200,"srcset":"https:\/\/i0.wp.com\/noticiasribeiraopreto.com.br\/wp-content\/uploads\/2024\/09\/Copia-de-Copia-de-Copia-de-TAMANHO-EXATO-PARA-FOTOS-NO-SISTEMA-NOVO-9_2024-09-09_21-24-04_png_2024-09-09_21-24-04.webp.webp?fit=1200%2C675&ssl=1&resize=350%2C200 1x, https:\/\/i0.wp.com\/noticiasribeiraopreto.com.br\/wp-content\/uploads\/2024\/09\/Copia-de-Copia-de-Copia-de-TAMANHO-EXATO-PARA-FOTOS-NO-SISTEMA-NOVO-9_2024-09-09_21-24-04_png_2024-09-09_21-24-04.webp.webp?fit=1200%2C675&ssl=1&resize=525%2C300 1.5x, https:\/\/i0.wp.com\/noticiasribeiraopreto.com.br\/wp-content\/uploads\/2024\/09\/Copia-de-Copia-de-Copia-de-TAMANHO-EXATO-PARA-FOTOS-NO-SISTEMA-NOVO-9_2024-09-09_21-24-04_png_2024-09-09_21-24-04.webp.webp?fit=1200%2C675&ssl=1&resize=700%2C400 2x, https:\/\/i0.wp.com\/noticiasribeiraopreto.com.br\/wp-content\/uploads\/2024\/09\/Copia-de-Copia-de-Copia-de-TAMANHO-EXATO-PARA-FOTOS-NO-SISTEMA-NOVO-9_2024-09-09_21-24-04_png_2024-09-09_21-24-04.webp.webp?fit=1200%2C675&ssl=1&resize=1050%2C600 3x"},"classes":[]},{"id":57889,"url":"https:\/\/noticiasribeiraopreto.com.br\/index.php\/2024\/09\/12\/humorista-diogo-portugal-se-apresenta-esse-fim-de-semana-em-ribeirao-preto\/","url_meta":{"origin":75093,"position":4},"title":"Humorista Diogo Portugal se apresenta esse fim de semana em Ribeir\u00e3o Preto","author":"noticiasribeiraopreto.com.br","date":"12 de September de 2024","format":false,"excerpt":"O humorista Diogo Portugal traz para o palco do Teatro Santarosa, em Ribeir\u00e3o Preto, seu novo stand-up \u201cBurrice Artificial\u201d. A apresenta\u00e7\u00e3o acontece nesta sexta-feira (13), a partir das 20h. O show convida o p\u00fablico a refletir sobre a depend\u00eancia da tecnologia. Durante a apresenta\u00e7\u00e3o, o humorista transita nas mudan\u00e7as e\u2026","rel":"","context":"In &quot;Not\u00edcias de Ribeir\u00e3o Preto-SP e Regi\u00e3o&quot;","block_context":{"text":"Not\u00edcias de Ribeir\u00e3o Preto-SP e Regi\u00e3o","link":"https:\/\/noticiasribeiraopreto.com.br\/index.php\/category\/noticias-de-ribeirao-preto-sp-e-regiao-ismael-colosi\/"},"img":{"alt_text":"","src":"https:\/\/i0.wp.com\/noticiasribeiraopreto.com.br\/wp-content\/uploads\/2024\/09\/diogo_portugal_2024-09-12_14-13-53.webp.webp?fit=984%2C656&ssl=1&resize=350%2C200","width":350,"height":200,"srcset":"https:\/\/i0.wp.com\/noticiasribeiraopreto.com.br\/wp-content\/uploads\/2024\/09\/diogo_portugal_2024-09-12_14-13-53.webp.webp?fit=984%2C656&ssl=1&resize=350%2C200 1x, https:\/\/i0.wp.com\/noticiasribeiraopreto.com.br\/wp-content\/uploads\/2024\/09\/diogo_portugal_2024-09-12_14-13-53.webp.webp?fit=984%2C656&ssl=1&resize=525%2C300 1.5x, https:\/\/i0.wp.com\/noticiasribeiraopreto.com.br\/wp-content\/uploads\/2024\/09\/diogo_portugal_2024-09-12_14-13-53.webp.webp?fit=984%2C656&ssl=1&resize=700%2C400 2x"},"classes":[]},{"id":57705,"url":"https:\/\/noticiasribeiraopreto.com.br\/index.php\/2024\/09\/07\/goleiro-do-monte-azul-denuncia-racismo-apos-jogo-contra-comercial-em-ribeirao-preto\/","url_meta":{"origin":75093,"position":5},"title":"Goleiro do Monte Azul denuncia racismo ap\u00f3s jogo contra Comercial em Ribeir\u00e3o Preto","author":"noticiasribeiraopreto.com.br","date":"7 de September de 2024","format":false,"excerpt":"O goleiro reserva do Monte Azul, que enfrentou o Comercial, em Ribeir\u00e3o Preto, na tarde deste s\u00e1bado (7), denunciou que foi alvo de ofensas racistas por parte de um torcedor ao t\u00e9rmino da partida, disputada no est\u00e1dio Palma Travassos. Outros jogadores do Monte Azul e, tamb\u00e9m do Comercial, afirmaram que\u2026","rel":"","context":"In &quot;Not\u00edcias de Ribeir\u00e3o Preto-SP e Regi\u00e3o&quot;","block_context":{"text":"Not\u00edcias de Ribeir\u00e3o Preto-SP e Regi\u00e3o","link":"https:\/\/noticiasribeiraopreto.com.br\/index.php\/category\/noticias-de-ribeirao-preto-sp-e-regiao-ismael-colosi\/"},"img":{"alt_text":"","src":"https:\/\/i0.wp.com\/noticiasribeiraopreto.com.br\/wp-content\/uploads\/2024\/09\/jogador-monte-azul_2024-09-07_22-19-11_jpg_2024-09-07_22-19-11.webp.webp?fit=1200%2C696&ssl=1&resize=350%2C200","width":350,"height":200,"srcset":"https:\/\/i0.wp.com\/noticiasribeiraopreto.com.br\/wp-content\/uploads\/2024\/09\/jogador-monte-azul_2024-09-07_22-19-11_jpg_2024-09-07_22-19-11.webp.webp?fit=1200%2C696&ssl=1&resize=350%2C200 1x, https:\/\/i0.wp.com\/noticiasribeiraopreto.com.br\/wp-content\/uploads\/2024\/09\/jogador-monte-azul_2024-09-07_22-19-11_jpg_2024-09-07_22-19-11.webp.webp?fit=1200%2C696&ssl=1&resize=525%2C300 1.5x, https:\/\/i0.wp.com\/noticiasribeiraopreto.com.br\/wp-content\/uploads\/2024\/09\/jogador-monte-azul_2024-09-07_22-19-11_jpg_2024-09-07_22-19-11.webp.webp?fit=1200%2C696&ssl=1&resize=700%2C400 2x, https:\/\/i0.wp.com\/noticiasribeiraopreto.com.br\/wp-content\/uploads\/2024\/09\/jogador-monte-azul_2024-09-07_22-19-11_jpg_2024-09-07_22-19-11.webp.webp?fit=1200%2C696&ssl=1&resize=1050%2C600 3x"},"classes":[]}],"jetpack_sharing_enabled":true,"jetpack_shortlink":"https:\/\/wp.me\/peQAOb-jxb","_links":{"self":[{"href":"https:\/\/noticiasribeiraopreto.com.br\/index.php\/wp-json\/wp\/v2\/posts\/75093","targetHints":{"allow":["GET"]}}],"collection":[{"href":"https:\/\/noticiasribeiraopreto.com.br\/index.php\/wp-json\/wp\/v2\/posts"}],"about":[{"href":"https:\/\/noticiasribeiraopreto.com.br\/index.php\/wp-json\/wp\/v2\/types\/post"}],"author":[{"embeddable":true,"href":"https:\/\/noticiasribeiraopreto.com.br\/index.php\/wp-json\/wp\/v2\/users\/1"}],"replies":[{"embeddable":true,"href":"https:\/\/noticiasribeiraopreto.com.br\/index.php\/wp-json\/wp\/v2\/comments?post=75093"}],"version-history":[{"count":0,"href":"https:\/\/noticiasribeiraopreto.com.br\/index.php\/wp-json\/wp\/v2\/posts\/75093\/revisions"}],"wp:featuredmedia":[{"embeddable":true,"href":"https:\/\/noticiasribeiraopreto.com.br\/index.php\/wp-json\/wp\/v2\/media\/75094"}],"wp:attachment":[{"href":"https:\/\/noticiasribeiraopreto.com.br\/index.php\/wp-json\/wp\/v2\/media?parent=75093"}],"wp:term":[{"taxonomy":"category","embeddable":true,"href":"https:\/\/noticiasribeiraopreto.com.br\/index.php\/wp-json\/wp\/v2\/categories?post=75093"},{"taxonomy":"post_tag","embeddable":true,"href":"https:\/\/noticiasribeiraopreto.com.br\/index.php\/wp-json\/wp\/v2\/tags?post=75093"}],"curies":[{"name":"wp","href":"https:\/\/api.w.org\/{rel}","templated":true}]}}