{"id":75095,"date":"2025-08-03T12:49:25","date_gmt":"2025-08-03T15:49:25","guid":{"rendered":"https:\/\/noticiasribeiraopreto.com.br\/index.php\/2025\/08\/03\/saiba-quem-e-rafael-camara-piloto-brasileiro-campeao-da-formula-3\/"},"modified":"2025-08-03T12:49:25","modified_gmt":"2025-08-03T15:49:25","slug":"saiba-quem-e-rafael-camara-piloto-brasileiro-campeao-da-formula-3","status":"publish","type":"post","link":"https:\/\/noticiasribeiraopreto.com.br\/index.php\/2025\/08\/03\/saiba-quem-e-rafael-camara-piloto-brasileiro-campeao-da-formula-3\/","title":{"rendered":"Saiba quem \u00e9 Rafael C\u00e2mara, piloto brasileiro campe\u00e3o da F\u00f3rmula 3"},"content":{"rendered":"<div class='code-block code-block-1' style='margin: 8px 0 8px auto; text-align: right; display: block; clear: both;'>\n<p><a href=\"https:\/\/wa.link\/vpicfd\"><img data-recalc-dims=\"1\" class=\"wp-image-4922\" style=\"aspect-ratio: 2.0253164556962027; width: 561px; height: auto;\" src=\"https:\/\/i0.wp.com\/ismaelcolosi.com.br\/wp-content\/uploads\/2023\/11\/grupo-de-empregos-whatsapp-e-facebook-ismael-colosi-vagas.jpg?ssl=1\" alt=\"\" \/><\/a><\/p>\n<!-- \/wp:image -->\n<\/div>\n<p> <br \/>\n<\/p>\n<div>\n<p>O brasileiro <strong>Rafael C\u00e2mara <\/strong>\u00e9 o campe\u00e3o da<strong> F\u00f3rmula 3 de 2025<\/strong>. O pernambucano de 20 anos conquistou o t\u00edtulo de maneira antecipada, na madrugada deste domingo (3), ao vencer a pen\u00faltima etapa da temporada da competi\u00e7\u00e3o, no circuito de<strong> Hungaroring<\/strong>, em<strong> Budapeste<\/strong>, na<strong> Hungria<\/strong>.<\/p>\n<p>A dupla da Campos Racing, com o espanhol Mari Boya e o b\u00falgaro Nikola Tsolov, completou o p\u00f3dio \u2013 os dois ocupam a segunda e terceira posi\u00e7\u00e3o na classifica\u00e7\u00e3o do Mundial, com 108 e 106 pontos, respectivamente, e n\u00e3o podem mais alcan\u00e7ar C\u00e2mara.<\/p>\n<p>\u201cSacrif\u00edcio. Esse \u00e9 o trabalho de uma vida inteira\u201d, definiu o jovem piloto em entrevista ap\u00f3s a prova. C\u00e2mara terminou a corrida com 156 pontos. Ele se manteve na lideran\u00e7a durante toda prova, abrindo at\u00e9 1s3 de diferen\u00e7a em rela\u00e7\u00e3o a Mari Boya.<\/p>\n<h2 class=\"wp-block-heading\"><strong>Campanha de Rafael C\u00e2mara<\/strong><\/h2>\n<p><mark style=\"background-color:#fcb900\" class=\"has-inline-color has-black-color\">Integrante da academia de pilotos da Ferrari desde 2021<\/mark>, C\u00e2mara come\u00e7ou sua caminhada rumo \u00e0 ta\u00e7a de forma arrasadora: conquistou quatro pole positions nas cinco primeiras etapas \u2013 um recorde da categoria \u2013 e venceu tr\u00eas provas, em Bahrein, Austr\u00e1lia e Espanha. Com a vantagem confort\u00e1vel na lideran\u00e7a, soube administrar o desempenho nas corridas finais e ainda cravou mais uma pole, no circuito de Hungaroring.<\/p>\n<p>Com a conquista, o jovem da equipe Trident se junta a Gabriel Bortoleto entre os brasileiros campe\u00f5es da F-3. O atual piloto da Sauber na F\u00f3rmula 1 venceu a categoria em 2023 e, um ano depois, tamb\u00e9m levou o t\u00edtulo da F\u00f3rmula 2.<\/p>\n<p>A F\u00f3rmula 3 retorna no final de semana dos dias 5 a 7 de setembro, em Monza, na It\u00e1lia, para o encerramento da temporada (com informa\u00e7\u00f5es <strong>Estad\u00e3o Conte\u00fado<\/strong>).<\/p>\n<p>SAIBA MAIS<br \/>Como o condom\u00ednio deve agir frente aos cond\u00f4minos antissociais?<\/p>\n<h2 class=\"wp-block-heading\"><strong>FIQUE ON<\/strong><\/h2>\n<p>Fique ligado em tudo que acontece em Ribeir\u00e3o Preto e regi\u00e3o. Siga os perfis do\u00a0<strong>acidade on\u00a0<\/strong>no<a href=\"https:\/\/www.instagram.com\/acidadeonribeirao\" target=\"_blank\" rel=\"noreferrer noopener\">\u00a0Instagram<\/a>\u00a0e no\u00a0<a href=\"https:\/\/www.facebook.com\/acidadeonribeirao\/\" target=\"_blank\" rel=\"noreferrer noopener\">Facebook<\/a>.<\/p>\n<p>Receba not\u00edcias do\u00a0<strong>acidade on<\/strong>\u00a0no WhatsApp.<a href=\"https:\/\/chat.whatsapp.com\/BjKQZ9oJwlz8VVT50NuePq\" target=\"_blank\" rel=\"noreferrer noopener\">\u00a0Para entrar no grupo, basta clicar aqui.<\/a><\/p>\n<p>Fa\u00e7a uma den\u00fancia ou sugira uma reportagem sobre Ribeir\u00e3o Preto e regi\u00e3o pelo WhatsApp: 16 99117 7802.<\/p>\n<p>VEJA TAMB\u00c9M<br \/>Voc\u00ea sabe como manter as orqu\u00eddeas floridas por mais tempo?<\/p>\n<p><!-- AI CONTENT END 1 -->\n<\/div>\n<p><script async src=\"\/\/www.instagram.com\/embed.js\"><\/script><br \/>\n<br \/><br \/>\n<br \/><a href=\"https:\/\/www.acidadeon.com\/ribeiraopreto\/esportes\/saiba-quem-e-rafael-camara-piloto-brasileiro-campeao-da-formula-3\/\">Source link <\/a><\/p>\n<!-- CONTENT END 1 -->\n","protected":false},"excerpt":{"rendered":"<p>O brasileiro Rafael C\u00e2mara \u00e9 o campe\u00e3o da F\u00f3rmula 3 de 2025. O pernambucano de 20 anos conquistou o t\u00edtulo de maneira antecipada, na madrugada&#8230;<\/p>\n","protected":false},"author":1,"featured_media":75096,"comment_status":"open","ping_status":"open","sticky":false,"template":"","format":"standard","meta":{"advanced_seo_description":"","jetpack_seo_html_title":"","jetpack_seo_noindex":false,"jetpack_post_was_ever_published":false,"_jetpack_newsletter_access":"","_jetpack_dont_email_post_to_subs":false,"_jetpack_newsletter_tier_id":0,"_jetpack_memberships_contains_paywalled_content":false,"_jetpack_memberships_contains_paid_content":false,"footnotes":"","jetpack_publicize_message":"","jetpack_publicize_feature_enabled":true,"jetpack_social_post_already_shared":true,"jetpack_social_options":{"image_generator_settings":{"template":"highway","default_image_id":0,"font":"","enabled":false},"version":2}},"categories":[11],"tags":[],"class_list":["post-75095","post","type-post","status-publish","format-standard","has-post-thumbnail","hentry","category-noticias-de-ribeirao-preto-sp-e-regiao-ismael-colosi"],"jetpack_publicize_connections":[],"jetpack_featured_media_url":"https:\/\/i0.wp.com\/noticiasribeiraopreto.com.br\/wp-content\/uploads\/2025\/08\/rafael-camara_2025-08-03_12-57-29.webp.webp?fit=995%2C556&ssl=1","jetpack-related-posts":[{"id":34332,"url":"https:\/\/noticiasribeiraopreto.com.br\/index.php\/2024\/02\/01\/lewis-hamilton-na-ferrari-realiza-o-sonho-de-quase-todo-piloto-de-formula-1-e-ainda-soma-mais-alguns-milhoes-na-conta\/","url_meta":{"origin":75095,"position":0},"title":"Lewis Hamilton na Ferrari realiza o sonho de (quase) todo piloto de F\u00f3rmula 1 &#8211; e ainda soma mais alguns milh\u00f5es na conta","author":"noticiasribeiraopreto.com.br","date":"1 de February de 2024","format":false,"excerpt":"Lewis Hamilton encerrou 2023 como o piloto mais bem pago da F\u00f3rmula 1. E \u00e9 improv\u00e1vel que ele perca essa pole position depois do surpreendente an\u00fancio de que ir\u00e1 trocar a Mercedes pela Ferrari a partir da temporada 2025. De quebra, o piloto ingl\u00eas realizar\u00e1 o que o jornal espanhol\u2026","rel":"","context":"In &quot;Dinheiro e Investimento&quot;","block_context":{"text":"Dinheiro e Investimento","link":"https:\/\/noticiasribeiraopreto.com.br\/index.php\/category\/dinheiro-e-investimento-como-fazer-como-ganhar\/"},"img":{"alt_text":"","src":"https:\/\/i0.wp.com\/noticiasribeiraopreto.com.br\/wp-content\/uploads\/2024\/02\/Carro-de-formula-1-e-Lewis-Hamilton.-Foto_-DALL%C2%B7E-_-Reproducao_Instagram-_-Montagem-Seu-Dinheiro-2-715x402.jpg?fit=715%2C402&ssl=1&resize=350%2C200","width":350,"height":200,"srcset":"https:\/\/i0.wp.com\/noticiasribeiraopreto.com.br\/wp-content\/uploads\/2024\/02\/Carro-de-formula-1-e-Lewis-Hamilton.-Foto_-DALL%C2%B7E-_-Reproducao_Instagram-_-Montagem-Seu-Dinheiro-2-715x402.jpg?fit=715%2C402&ssl=1&resize=350%2C200 1x, https:\/\/i0.wp.com\/noticiasribeiraopreto.com.br\/wp-content\/uploads\/2024\/02\/Carro-de-formula-1-e-Lewis-Hamilton.-Foto_-DALL%C2%B7E-_-Reproducao_Instagram-_-Montagem-Seu-Dinheiro-2-715x402.jpg?fit=715%2C402&ssl=1&resize=525%2C300 1.5x, https:\/\/i0.wp.com\/noticiasribeiraopreto.com.br\/wp-content\/uploads\/2024\/02\/Carro-de-formula-1-e-Lewis-Hamilton.-Foto_-DALL%C2%B7E-_-Reproducao_Instagram-_-Montagem-Seu-Dinheiro-2-715x402.jpg?fit=715%2C402&ssl=1&resize=700%2C400 2x"},"classes":[]},{"id":68829,"url":"https:\/\/noticiasribeiraopreto.com.br\/index.php\/2025\/04\/29\/helio-castroneves-retorna-ao-brasil-para-a-temporada-2025-da-stock-car\/","url_meta":{"origin":75095,"position":1},"title":"Helio Castroneves retorna ao Brasil para a temporada 2025 da Stock Car","author":"noticiasribeiraopreto.com.br","date":"29 de April de 2025","format":false,"excerpt":"O piloto Helio Castroneves, radicado em Ribeir\u00e3o Preto, anunciou nesta ter\u00e7a-feira (29) o retorno ao automobilismo brasileiro. O tetracampe\u00e3o das 500 Milhas de Indian\u00e1polis foi confirmado na temporada 2025 da Stock Car. Helio vai assumir o volante do carro da RTR Sport Team. \u201cEstou de volta ao lar\u201d, escreveu o\u2026","rel":"","context":"In &quot;Not\u00edcias de Ribeir\u00e3o Preto-SP e Regi\u00e3o&quot;","block_context":{"text":"Not\u00edcias de Ribeir\u00e3o Preto-SP e Regi\u00e3o","link":"https:\/\/noticiasribeiraopreto.com.br\/index.php\/category\/noticias-de-ribeirao-preto-sp-e-regiao-ismael-colosi\/"},"img":{"alt_text":"","src":"https:\/\/i0.wp.com\/noticiasribeiraopreto.com.br\/wp-content\/uploads\/2025\/01\/helio-castroneves_2025-01-07_14-04-52_jpg_2025-01-07_14-04-53.webp.webp?fit=1200%2C800&ssl=1&resize=350%2C200","width":350,"height":200,"srcset":"https:\/\/i0.wp.com\/noticiasribeiraopreto.com.br\/wp-content\/uploads\/2025\/01\/helio-castroneves_2025-01-07_14-04-52_jpg_2025-01-07_14-04-53.webp.webp?fit=1200%2C800&ssl=1&resize=350%2C200 1x, https:\/\/i0.wp.com\/noticiasribeiraopreto.com.br\/wp-content\/uploads\/2025\/01\/helio-castroneves_2025-01-07_14-04-52_jpg_2025-01-07_14-04-53.webp.webp?fit=1200%2C800&ssl=1&resize=525%2C300 1.5x, https:\/\/i0.wp.com\/noticiasribeiraopreto.com.br\/wp-content\/uploads\/2025\/01\/helio-castroneves_2025-01-07_14-04-52_jpg_2025-01-07_14-04-53.webp.webp?fit=1200%2C800&ssl=1&resize=700%2C400 2x, https:\/\/i0.wp.com\/noticiasribeiraopreto.com.br\/wp-content\/uploads\/2025\/01\/helio-castroneves_2025-01-07_14-04-52_jpg_2025-01-07_14-04-53.webp.webp?fit=1200%2C800&ssl=1&resize=1050%2C600 3x"},"classes":[]},{"id":42986,"url":"https:\/\/noticiasribeiraopreto.com.br\/index.php\/2024\/03\/18\/atletas-de-rp-conquistam-vaga-na-selecao-brasileira-de-karate\/","url_meta":{"origin":75095,"position":2},"title":"Atletas de RP conquistam vaga na sele\u00e7\u00e3o brasileira de karate","author":"noticiasribeiraopreto.com.br","date":"18 de March de 2024","format":false,"excerpt":"18 de mar\u00e7o de 2024 | 15:0018 de mar\u00e7o de 2024 | 12:40 0Tr\u00eas atletas da Secretaria de Esportes de Ribeir\u00e3o Preto conquistaram uma vaga na sele\u00e7\u00e3o brasileira de karate, depois de tornarem campe\u00f5es da seletiva nacional, realizada no \u00faltimo final de semana, em Caucaia, no Cear\u00e1. A medalha de\u2026","rel":"","context":"In &quot;Not\u00edcias de Ribeir\u00e3o Preto-SP e Regi\u00e3o&quot;","block_context":{"text":"Not\u00edcias de Ribeir\u00e3o Preto-SP e Regi\u00e3o","link":"https:\/\/noticiasribeiraopreto.com.br\/index.php\/category\/noticias-de-ribeirao-preto-sp-e-regiao-ismael-colosi\/"},"img":{"alt_text":"","src":"https:\/\/i0.wp.com\/noticiasribeiraopreto.com.br\/wp-content\/uploads\/2024\/03\/resultado_karate22-scaled.jpeg?fit=866%2C645&ssl=1&resize=350%2C200","width":350,"height":200,"srcset":"https:\/\/i0.wp.com\/noticiasribeiraopreto.com.br\/wp-content\/uploads\/2024\/03\/resultado_karate22-scaled.jpeg?fit=866%2C645&ssl=1&resize=350%2C200 1x, https:\/\/i0.wp.com\/noticiasribeiraopreto.com.br\/wp-content\/uploads\/2024\/03\/resultado_karate22-scaled.jpeg?fit=866%2C645&ssl=1&resize=525%2C300 1.5x, https:\/\/i0.wp.com\/noticiasribeiraopreto.com.br\/wp-content\/uploads\/2024\/03\/resultado_karate22-scaled.jpeg?fit=866%2C645&ssl=1&resize=700%2C400 2x"},"classes":[]},{"id":60107,"url":"https:\/\/noticiasribeiraopreto.com.br\/index.php\/2024\/11\/06\/saiba-quem-e-gabriel-bortoleto-novo-piloto-brasileiro-da-formula-1\/","url_meta":{"origin":75095,"position":3},"title":"Saiba quem \u00e9 Gabriel Bortoleto, novo piloto brasileiro da F\u00f3rmula 1","author":"noticiasribeiraopreto.com.br","date":"6 de November de 2024","format":false,"excerpt":"A equipe Sauber-Audi anunciou no in\u00edcio desta quarta-feira (6) o piloto brasileiro Gabriel Bortoleto para a temporada 2025 da F\u00f3rmula 1. Ele far\u00e1 dupla com o experiente piloto alem\u00e3o Nico H\u00fclkenberg, que deixar\u00e1 a Haas no fim do ano para se juntar \u00e0 equipe su\u00ed\u00e7a. Ser\u00e1 a primeira vez que\u2026","rel":"","context":"In &quot;Not\u00edcias de Ribeir\u00e3o Preto-SP e Regi\u00e3o&quot;","block_context":{"text":"Not\u00edcias de Ribeir\u00e3o Preto-SP e Regi\u00e3o","link":"https:\/\/noticiasribeiraopreto.com.br\/index.php\/category\/noticias-de-ribeirao-preto-sp-e-regiao-ismael-colosi\/"},"img":{"alt_text":"","src":"https:\/\/i0.wp.com\/noticiasribeiraopreto.com.br\/wp-content\/uploads\/2024\/11\/bortoleto_2024-11-06_12-50-34_jpg_2024-11-06_12-50-34.webp.webp?fit=975%2C764&ssl=1&resize=350%2C200","width":350,"height":200,"srcset":"https:\/\/i0.wp.com\/noticiasribeiraopreto.com.br\/wp-content\/uploads\/2024\/11\/bortoleto_2024-11-06_12-50-34_jpg_2024-11-06_12-50-34.webp.webp?fit=975%2C764&ssl=1&resize=350%2C200 1x, https:\/\/i0.wp.com\/noticiasribeiraopreto.com.br\/wp-content\/uploads\/2024\/11\/bortoleto_2024-11-06_12-50-34_jpg_2024-11-06_12-50-34.webp.webp?fit=975%2C764&ssl=1&resize=525%2C300 1.5x, https:\/\/i0.wp.com\/noticiasribeiraopreto.com.br\/wp-content\/uploads\/2024\/11\/bortoleto_2024-11-06_12-50-34_jpg_2024-11-06_12-50-34.webp.webp?fit=975%2C764&ssl=1&resize=700%2C400 2x"},"classes":[]},{"id":62198,"url":"https:\/\/noticiasribeiraopreto.com.br\/index.php\/2025\/01\/07\/piloto-de-ribeirao-preto-vai-disputar-a-principal-corrida-da-nascar\/","url_meta":{"origin":75095,"position":4},"title":"Piloto de Ribeir\u00e3o Preto vai disputar a principal corrida da Nascar","author":"noticiasribeiraopreto.com.br","date":"7 de January de 2025","format":false,"excerpt":"O piloto Helio Castroneves, que \u00e9 radicado em Ribeir\u00e3o Preto, anunciou na \u00faltima segunda-feira (6), que vai disputar as 500 milhas de Daytona, a principal prova das Nascar, nos Estados Unidos. A corrida acontece no dia 16 de fevereiro e abre a temporada de uma das principais categorias do automobilismo\u2026","rel":"","context":"In &quot;Not\u00edcias de Ribeir\u00e3o Preto-SP e Regi\u00e3o&quot;","block_context":{"text":"Not\u00edcias de Ribeir\u00e3o Preto-SP e Regi\u00e3o","link":"https:\/\/noticiasribeiraopreto.com.br\/index.php\/category\/noticias-de-ribeirao-preto-sp-e-regiao-ismael-colosi\/"},"img":{"alt_text":"","src":"https:\/\/i0.wp.com\/noticiasribeiraopreto.com.br\/wp-content\/uploads\/2025\/01\/helio-castroneves_2025-01-07_14-04-52_jpg_2025-01-07_14-04-53.webp.webp?fit=1200%2C800&ssl=1&resize=350%2C200","width":350,"height":200,"srcset":"https:\/\/i0.wp.com\/noticiasribeiraopreto.com.br\/wp-content\/uploads\/2025\/01\/helio-castroneves_2025-01-07_14-04-52_jpg_2025-01-07_14-04-53.webp.webp?fit=1200%2C800&ssl=1&resize=350%2C200 1x, https:\/\/i0.wp.com\/noticiasribeiraopreto.com.br\/wp-content\/uploads\/2025\/01\/helio-castroneves_2025-01-07_14-04-52_jpg_2025-01-07_14-04-53.webp.webp?fit=1200%2C800&ssl=1&resize=525%2C300 1.5x, https:\/\/i0.wp.com\/noticiasribeiraopreto.com.br\/wp-content\/uploads\/2025\/01\/helio-castroneves_2025-01-07_14-04-52_jpg_2025-01-07_14-04-53.webp.webp?fit=1200%2C800&ssl=1&resize=700%2C400 2x, https:\/\/i0.wp.com\/noticiasribeiraopreto.com.br\/wp-content\/uploads\/2025\/01\/helio-castroneves_2025-01-07_14-04-52_jpg_2025-01-07_14-04-53.webp.webp?fit=1200%2C800&ssl=1&resize=1050%2C600 3x"},"classes":[]},{"id":66703,"url":"https:\/\/noticiasribeiraopreto.com.br\/index.php\/2025\/04\/04\/jornal-da-franca-daniel-bassi-e-policiais-se-reunem-com-presidente-da-associacao-dos-delegados-de-sp\/","url_meta":{"origin":75095,"position":5},"title":"Jornal da Franca &#8211; Daniel Bassi e policiais se re\u00fanem com presidente da Associa\u00e7\u00e3o dos Delegados de SP","author":"noticiasribeiraopreto.com.br","date":"4 de April de 2025","format":false,"excerpt":"compartilhar no whatsapp compartilhar no telegram compartilhar no facebook compartilhar no linkedin Trabalho da Pol\u00edcia Civil em pauta; participaram da reuni\u00e3o os delegados Radaelli e Rafael Le\u00e3o, e o ex-DGP Kfouri Filho Nesta quinta-feira, o presidente da C\u00e2mara de Franca, vereador Daniel Bassi, cumpriu agenda na sede da Associa\u00e7\u00e3o dos\u2026","rel":"","context":"In &quot;Not\u00edcias de Franca-SP&quot;","block_context":{"text":"Not\u00edcias de Franca-SP","link":"https:\/\/noticiasribeiraopreto.com.br\/index.php\/category\/noticias-de-ribeirao-preto-sp-e-regiao-ismael-colosi\/noticias-franca-sp\/"},"img":{"alt_text":"","src":"https:\/\/i0.wp.com\/noticiasribeiraopreto.com.br\/wp-content\/uploads\/2025\/04\/IMG_20250404_100756.jpg?fit=1007%2C506&ssl=1&resize=350%2C200","width":350,"height":200,"srcset":"https:\/\/i0.wp.com\/noticiasribeiraopreto.com.br\/wp-content\/uploads\/2025\/04\/IMG_20250404_100756.jpg?fit=1007%2C506&ssl=1&resize=350%2C200 1x, https:\/\/i0.wp.com\/noticiasribeiraopreto.com.br\/wp-content\/uploads\/2025\/04\/IMG_20250404_100756.jpg?fit=1007%2C506&ssl=1&resize=525%2C300 1.5x, https:\/\/i0.wp.com\/noticiasribeiraopreto.com.br\/wp-content\/uploads\/2025\/04\/IMG_20250404_100756.jpg?fit=1007%2C506&ssl=1&resize=700%2C400 2x"},"classes":[]}],"jetpack_sharing_enabled":true,"jetpack_shortlink":"https:\/\/wp.me\/peQAOb-jxd","_links":{"self":[{"href":"https:\/\/noticiasribeiraopreto.com.br\/index.php\/wp-json\/wp\/v2\/posts\/75095","targetHints":{"allow":["GET"]}}],"collection":[{"href":"https:\/\/noticiasribeiraopreto.com.br\/index.php\/wp-json\/wp\/v2\/posts"}],"about":[{"href":"https:\/\/noticiasribeiraopreto.com.br\/index.php\/wp-json\/wp\/v2\/types\/post"}],"author":[{"embeddable":true,"href":"https:\/\/noticiasribeiraopreto.com.br\/index.php\/wp-json\/wp\/v2\/users\/1"}],"replies":[{"embeddable":true,"href":"https:\/\/noticiasribeiraopreto.com.br\/index.php\/wp-json\/wp\/v2\/comments?post=75095"}],"version-history":[{"count":0,"href":"https:\/\/noticiasribeiraopreto.com.br\/index.php\/wp-json\/wp\/v2\/posts\/75095\/revisions"}],"wp:featuredmedia":[{"embeddable":true,"href":"https:\/\/noticiasribeiraopreto.com.br\/index.php\/wp-json\/wp\/v2\/media\/75096"}],"wp:attachment":[{"href":"https:\/\/noticiasribeiraopreto.com.br\/index.php\/wp-json\/wp\/v2\/media?parent=75095"}],"wp:term":[{"taxonomy":"category","embeddable":true,"href":"https:\/\/noticiasribeiraopreto.com.br\/index.php\/wp-json\/wp\/v2\/categories?post=75095"},{"taxonomy":"post_tag","embeddable":true,"href":"https:\/\/noticiasribeiraopreto.com.br\/index.php\/wp-json\/wp\/v2\/tags?post=75095"}],"curies":[{"name":"wp","href":"https:\/\/api.w.org\/{rel}","templated":true}]}}