{"id":75097,"date":"2025-08-03T13:15:52","date_gmt":"2025-08-03T16:15:52","guid":{"rendered":"https:\/\/noticiasribeiraopreto.com.br\/index.php\/2025\/08\/03\/o-saldo-dos-jogos-regionais\/"},"modified":"2025-08-03T13:15:52","modified_gmt":"2025-08-03T16:15:52","slug":"o-saldo-dos-jogos-regionais","status":"publish","type":"post","link":"https:\/\/noticiasribeiraopreto.com.br\/index.php\/2025\/08\/03\/o-saldo-dos-jogos-regionais\/","title":{"rendered":"O saldo dos Jogos Regionais"},"content":{"rendered":"<div class='code-block code-block-1' style='margin: 8px 0 8px auto; text-align: right; display: block; clear: both;'>\n<p><a href=\"https:\/\/wa.link\/vpicfd\"><img data-recalc-dims=\"1\" class=\"wp-image-4922\" style=\"aspect-ratio: 2.0253164556962027; width: 561px; height: auto;\" src=\"https:\/\/i0.wp.com\/ismaelcolosi.com.br\/wp-content\/uploads\/2023\/11\/grupo-de-empregos-whatsapp-e-facebook-ismael-colosi-vagas.jpg?ssl=1\" alt=\"\" \/><\/a><\/p>\n<!-- \/wp:image -->\n<\/div>\n<p> <br \/>\n<\/p>\n<div>\n<p><strong><em>Por Hugo Luque<\/em><\/strong><\/p>\n<p>A 67\u00aa edi\u00e7\u00e3o dos Jogos Regionais da 5\u00aa Regi\u00e3o Esportiva do Estado de S\u00e3o Paulo chegou ao fim no s\u00e1bado da \u00faltima semana (26). Sediada em Ribeir\u00e3o Preto pela primeira vez em 34 anos, a competi\u00e7\u00e3o reuniu milhares de atletas, dirigentes e torcedores, e teve, segundo pessoas ligadas diretamente ao evento, saldo positivo.<\/p>\n<p>Secret\u00e1rio de Esportes do munic\u00edpio, Matheus Henrique da Silva destaca o retorno que os Jogos trouxeram para o povo ao longo de uma semana e meia de disputas em diversas modalidades.<\/p>\n<p>\u201cO retorno para o cidad\u00e3o \u00e9 enorme. Estamos falando de mais de 5 mil pessoas, entre atletas, dirigentes, empres\u00e1rios, prefeitos, secret\u00e1rios e dirigentes. Esse contato direto com todas as 52 cidades impacta tamb\u00e9m no cidad\u00e3o, porque facilita muito as rela\u00e7\u00f5es nas atividades esportivas, avan\u00e7os no campo da informa\u00e7\u00e3o e, na pr\u00e1tica, isso tudo reverte ao cidad\u00e3o\u201d, pontua.<\/p>\n<p>A delega\u00e7\u00e3o ribeir\u00e3o-pretana foi a maior das \u00faltimas edi\u00e7\u00f5es, segundo informou a Prefeitura Municipal, com mais de 480 atletas. Um deles foi o carateca Jo\u00e3o Sampaio, respons\u00e1vel por medalha de ouro na modalidade. Talento da cidade no tatame, o atleta garantiu o t\u00edtulo depois de outro grande resultado garantido apenas dias antes, no Open S\u00e3o Paulo de Carat\u00ea.<\/p>\n<p>\u201cA medalha de ouro na categoria de kata dos Jogos Regionais foi uma grande conquista para mim e para a cidade. Com certeza o p\u00f3dio em S\u00e3o Paulo na semana anterior trouxe confian\u00e7a e firmeza na hora de realizar as minhas disputas\u201d, comemora.<\/p>\n<p>Sampaio assegurou uma das v\u00e1rias medalhas conquistadas por Ribeir\u00e3o nos Jogos Regionais. Foram mais de 150 p\u00f3dios e a terceira coloca\u00e7\u00e3o na classifica\u00e7\u00e3o geral para a cidade, que apostou em uma delega\u00e7\u00e3o majoritariamente formada por atletas revelados nas escolinhas locais, algo destacado por Silva.<\/p>\n<p>\u201c\u00c9 importante salientar que fomos campe\u00f5es na categoria livre, que \u00e9 um avan\u00e7o para a cidade. Tivemos mais atletas e mais medalhas de ouro, ent\u00e3o j\u00e1 mostra que \u00e9 importante ter os Jogos para esse resgate. O primeiro passo \u00e9 repatriar nossos atletas, porque muitos deles ainda defendem outras cidades por falta de incentivo e at\u00e9 de ter os Jogos, de incentivar nesse formato. Com esse passo, com certeza temos condi\u00e7\u00f5es de mandar at\u00e9 atletas para as Ol\u00edmpiadas, j\u00e1 que Ribeir\u00e3o Preto \u00e9 um celeiro de atletas e vamos deix\u00e1-lo cada vez mais forte\u201d, diz o secret\u00e1rio.<\/p>\n<p><strong>Estrutura \u00e0 altura<\/strong><\/p>\n<p>Desde 1991, muita coisa mudou no munic\u00edpio, na regi\u00e3o e tamb\u00e9m no esporte como um todo. Em 2025, as sedes distribu\u00eddas por diversos bairros receberam dezenas de modalidades, algumas delas que terminaram com Ribeir\u00e3o como campe\u00e3 geral, como jud\u00f4, nata\u00e7\u00e3o, t\u00eanis de mesa e malha. Na vis\u00e3o de Sampaio, apesar dos anos de problemas enfrentados pelo esporte da cidade, a estrutura n\u00e3o deixou a desejar.<\/p>\n<p>\u201cEsse \u00e9 o quarto ano consecutivo que disputo os jogos pela cidade. A estrutura dos Jogos foi \u00f3tima, tanto no quesito de treino para os atletas quanto no campeonato. Acredito que Ribeir\u00e3o conseguiu receber bem os Jogos Regionais, apesar das dificuldades encontradas no caminho\u201d, comenta o atleta.<\/p>\n<p>Respons\u00e1vel pela pasta do esporte local desde o in\u00edcio do ano, Silva conta que esteve \u00e0 frente das tratativas com a Secretaria de Esportes do estado para que Ribeir\u00e3o Preto sediasse os Jogos Regionais. O secret\u00e1rio reconhece que muito teve de ser corrigido de olho na competi\u00e7\u00e3o, mas tamb\u00e9m afirma que \u00e9 necess\u00e1rio pensar al\u00e9m desse evento para que mais problemas sejam resolvidos, principalmente na Cava do Bosque, centro do esporte regional.<\/p>\n<p>\u201cComo todo o Esporte est\u00e1 abandonado h\u00e1 muitos anos e percebemos que tudo est\u00e1 parado h\u00e1 30 anos, j\u00e1 come\u00e7amos as tratativas com o prefeito para fazermos uma zeladoria no local. (\u2026) Mas isso n\u00e3o tem nada a ver diretamente com os Jogos. \u00c9 uma zeladoria que a Cava do Bosque merece e vai ter conosco\u201d, promete.<\/p>\n<p>\u201cA Cava \u00e9 um patrim\u00f4nio hist\u00f3rico nacional e todo mundo tem o prazer de visitar, at\u00e9 naquelas condi\u00e7\u00f5es. Quisemos mostrar que aquelas condi\u00e7\u00f5es v\u00e3o mudar, porque j\u00e1 estamos fazendo mudan\u00e7as e, quando trouxermos os Jogos novamente para Ribeir\u00e3o, com certeza as pessoas ter\u00e3o outra Cava do Bosque\u201d, completa.<\/p>\n<p><strong>Saldo, legado e futuro<\/strong><\/p>\n<p>Para quem participa, os Jogos Regionais trazem experi\u00eancias e lembran\u00e7as para uma vida inteira. Jo\u00e3o Sampaio inicia, a partir de agora, a prepara\u00e7\u00e3o para o Campeonato Brasileiro no final do ano. Ele afirma estar ainda mais confiante depois do ouro em Ribeir\u00e3o Preto, muito por conta da parceria desenvolvida com outros competidores.<\/p>\n<p>\u201cSou nascido e criado em Ribeir\u00e3o Preto. Os sentimentos de representar a sua cidade e conquistar a medalha de ouro s\u00e3o inexplic\u00e1veis. Nos treinos do dia anterior, eu achei marcante a uni\u00e3o da equipe, apesar de quase ningu\u00e9m se conhecer. Est\u00e1vamos sempre juntos e ajudando uns aos outros.\u201d<\/p>\n<p>Para quem organiza, o evento \u00e9 um grande desafio, mas pode vir acompanhado de recompensas proporcionais, como manter e at\u00e9 mesmo reposicionar um dos principais polos esportivos do interior brasileiro no radar nacional.<\/p>\n<p>\u201cO grande legado que os Jogos deixaram para Ribeir\u00e3o foi o posicionamento no cen\u00e1rio esportivo, a esperan\u00e7a nos olhos dos atletas de poder acreditar que a cidade est\u00e1 apoiando, est\u00e1 envolvida e vai andar lado a lado para que eles desenvolvam cada vez mais. O principal \u00e9 o orgulho de poder representar sua cidade, e n\u00f3s vamos repatriar os atletas e deixar que eles sintam esse orgulho em qualquer lugar que estejam\u201d, comenta o secret\u00e1rio, que tamb\u00e9m refor\u00e7a o lado econ\u00f4mico da competi\u00e7\u00e3o.<\/p>\n<p>\u201cA gente precisa lembrar que, para eventos esportivos e grandes eventos, a cidade tem sempre de performar. Tem sempre de ocorrer na cidade esse tipo de evento para a gente melhorar e ser centro de refer\u00eancia nesse segmento. Assim, as empresas que melhor atendem esse mercado come\u00e7am a vir para a cidade e come\u00e7aremos a ter cada vez mais eventos fieis e ainda mais profissionais. (\u2026) Com a volta dos Jogos, tudo volta a se movimentar e o mercado volta a aquecer. A estrutura de Ribeir\u00e3o \u00e9 \u00f3tima para isso.\u201d, acrescenta.<\/p>\n<p>Por fim, o secret\u00e1rio de Esportes garante que est\u00e1 de olho em outras oportunidades de fazer do munic\u00edpio uma sede de importantes acontecimentos.<\/p>\n<p>\u201cEstamos trabalhando com outras vertentes para trazermos outros grandes eventos para que as pessoas conhe\u00e7am al\u00e9m do futebol. Mas tamb\u00e9m o futebol. Temos tratativas para que a cidade receba grandes eventos. Ribeir\u00e3o volta a ser o cen\u00e1rio de grandes eventos esportivos do Brasil.\u201d<\/p>\n<p>\u00a0<\/p>\n<p>\u00a0<\/p>\n<p>\u00a0<\/p>\n<p>\u00a0<\/p>\n<p>\u00a0<\/p>\n<\/div>\n<p><br \/>\n<br \/><a href=\"https:\/\/www.tribunaribeirao.com.br\/o-saldo-dos-jogos-regionais\/\">Source link <\/a><\/p>\n<!-- CONTENT END 1 -->\n","protected":false},"excerpt":{"rendered":"<p>Por Hugo Luque A 67\u00aa edi\u00e7\u00e3o dos Jogos Regionais da 5\u00aa Regi\u00e3o Esportiva do Estado de S\u00e3o Paulo chegou ao fim no s\u00e1bado da \u00faltima&#8230;<\/p>\n","protected":false},"author":1,"featured_media":75098,"comment_status":"open","ping_status":"open","sticky":false,"template":"","format":"standard","meta":{"advanced_seo_description":"","jetpack_seo_html_title":"","jetpack_seo_noindex":false,"jetpack_post_was_ever_published":false,"_jetpack_newsletter_access":"","_jetpack_dont_email_post_to_subs":false,"_jetpack_newsletter_tier_id":0,"_jetpack_memberships_contains_paywalled_content":false,"_jetpack_memberships_contains_paid_content":false,"footnotes":"","jetpack_publicize_message":"","jetpack_publicize_feature_enabled":true,"jetpack_social_post_already_shared":true,"jetpack_social_options":{"image_generator_settings":{"template":"highway","default_image_id":0,"font":"","enabled":false},"version":2}},"categories":[11],"tags":[],"class_list":["post-75097","post","type-post","status-publish","format-standard","has-post-thumbnail","hentry","category-noticias-de-ribeirao-preto-sp-e-regiao-ismael-colosi"],"jetpack_publicize_connections":[],"jetpack_featured_media_url":"https:\/\/i0.wp.com\/noticiasribeiraopreto.com.br\/wp-content\/uploads\/2025\/08\/Foto-01-Luan-Porto_Prefeitura-de-Ribeirao-Preto-scaled.jpg?fit=1170%2C780&ssl=1","jetpack-related-posts":[{"id":73074,"url":"https:\/\/noticiasribeiraopreto.com.br\/index.php\/2025\/06\/25\/jogos-regionais-terao-credito-de-r-1-milhao\/","url_meta":{"origin":75097,"position":0},"title":"Jogos Regionais ter\u00e3o cr\u00e9dito de R$ 1 milh\u00e3o","author":"noticiasribeiraopreto.com.br","date":"25 de June de 2025","format":false,"excerpt":"O prefeito de Ribeir\u00e3o Preto, Ricardo Silva (PSD), enviou para a C\u00e2mara de Vereadores projeto de lei pedindo autoriza\u00e7\u00e3o para a abertura de cr\u00e9dito especial no valor de R$ 1.011.484,71 para a Secretaria Municipal de Esportes realizar a 67\u00aa edi\u00e7\u00e3o dos Jogos Regionais da 5\u00aa Regi\u00e3o Esportiva do Estado de\u2026","rel":"","context":"In &quot;Not\u00edcias de Ribeir\u00e3o Preto-SP e Regi\u00e3o&quot;","block_context":{"text":"Not\u00edcias de Ribeir\u00e3o Preto-SP e Regi\u00e3o","link":"https:\/\/noticiasribeiraopreto.com.br\/index.php\/category\/noticias-de-ribeirao-preto-sp-e-regiao-ismael-colosi\/"},"img":{"alt_text":"","src":"https:\/\/i0.wp.com\/noticiasribeiraopreto.com.br\/wp-content\/uploads\/2025\/06\/JogosRP-Alfredo-Risk-scaled.jpg?fit=800%2C417&ssl=1&resize=350%2C200","width":350,"height":200,"srcset":"https:\/\/i0.wp.com\/noticiasribeiraopreto.com.br\/wp-content\/uploads\/2025\/06\/JogosRP-Alfredo-Risk-scaled.jpg?fit=800%2C417&ssl=1&resize=350%2C200 1x, https:\/\/i0.wp.com\/noticiasribeiraopreto.com.br\/wp-content\/uploads\/2025\/06\/JogosRP-Alfredo-Risk-scaled.jpg?fit=800%2C417&ssl=1&resize=525%2C300 1.5x, https:\/\/i0.wp.com\/noticiasribeiraopreto.com.br\/wp-content\/uploads\/2025\/06\/JogosRP-Alfredo-Risk-scaled.jpg?fit=800%2C417&ssl=1&resize=700%2C400 2x"},"classes":[]},{"id":73150,"url":"https:\/\/noticiasribeiraopreto.com.br\/index.php\/2025\/06\/26\/camara-libera-r-1-mi-para-jogos-regionais\/","url_meta":{"origin":75097,"position":1},"title":"C\u00e2mara libera R$ 1 mi para Jogos Regionais","author":"noticiasribeiraopreto.com.br","date":"26 de June de 2025","format":false,"excerpt":"A C\u00e2mara de Ribeir\u00e3o Preto aprovou, na sess\u00e3o desta quarta-feira, 25 de junho, projeto de lei do prefeito Ricardo Silva (PSD) que autoriza a abertura de cr\u00e9dito especial no valor de R$ 1.011.484,71 para a Secretaria Municipal de Esportes realizar a 67\u00aa edi\u00e7\u00e3o dos Jogos Regionais da 5\u00aa Regi\u00e3o Esportiva\u2026","rel":"","context":"In &quot;Not\u00edcias de Ribeir\u00e3o Preto-SP e Regi\u00e3o&quot;","block_context":{"text":"Not\u00edcias de Ribeir\u00e3o Preto-SP e Regi\u00e3o","link":"https:\/\/noticiasribeiraopreto.com.br\/index.php\/category\/noticias-de-ribeirao-preto-sp-e-regiao-ismael-colosi\/"},"img":{"alt_text":"","src":"https:\/\/i0.wp.com\/noticiasribeiraopreto.com.br\/wp-content\/uploads\/2025\/06\/JogosRP-Francisco-Silva.jpg?fit=1200%2C732&ssl=1&resize=350%2C200","width":350,"height":200,"srcset":"https:\/\/i0.wp.com\/noticiasribeiraopreto.com.br\/wp-content\/uploads\/2025\/06\/JogosRP-Francisco-Silva.jpg?fit=1200%2C732&ssl=1&resize=350%2C200 1x, https:\/\/i0.wp.com\/noticiasribeiraopreto.com.br\/wp-content\/uploads\/2025\/06\/JogosRP-Francisco-Silva.jpg?fit=1200%2C732&ssl=1&resize=525%2C300 1.5x, https:\/\/i0.wp.com\/noticiasribeiraopreto.com.br\/wp-content\/uploads\/2025\/06\/JogosRP-Francisco-Silva.jpg?fit=1200%2C732&ssl=1&resize=700%2C400 2x, https:\/\/i0.wp.com\/noticiasribeiraopreto.com.br\/wp-content\/uploads\/2025\/06\/JogosRP-Francisco-Silva.jpg?fit=1200%2C732&ssl=1&resize=1050%2C600 3x"},"classes":[]},{"id":66739,"url":"https:\/\/noticiasribeiraopreto.com.br\/index.php\/2025\/04\/04\/ribeirao-preto-e-escolhida-para-sediar-os-jogos-regionais-de-2025\/","url_meta":{"origin":75097,"position":2},"title":"Ribeir\u00e3o Preto \u00e9 escolhida para sediar os Jogos Regionais de 2025","author":"noticiasribeiraopreto.com.br","date":"4 de April de 2025","format":false,"excerpt":"Nesta sexta-feira (4), Ribeir\u00e3o Preto foi confirmada como sede da 67\u00aa edi\u00e7\u00e3o dos Jogos Regionais da 5\u00aa Regi\u00e3o Esportiva do Estado de S\u00e3o Paulo. O evento marca o retorno da competi\u00e7\u00e3o \u00e0 cidade ap\u00f3s 34 anos, sendo a \u00faltima edi\u00e7\u00e3o realizada em 1991. Os Jogos Regionais de 2025 acontecer\u00e3o entre\u2026","rel":"","context":"In &quot;Not\u00edcias de Ribeir\u00e3o Preto-SP e Regi\u00e3o&quot;","block_context":{"text":"Not\u00edcias de Ribeir\u00e3o Preto-SP e Regi\u00e3o","link":"https:\/\/noticiasribeiraopreto.com.br\/index.php\/category\/noticias-de-ribeirao-preto-sp-e-regiao-ismael-colosi\/"},"img":{"alt_text":"","src":"https:\/\/i0.wp.com\/noticiasribeiraopreto.com.br\/wp-content\/uploads\/2025\/04\/Copia-de-Copia-de-Copia-de-TAMANHO-EXATO-PARA-FOTOS-NO-SISTEMA-NOVO-2025-04-04T184736.651_2025-04-04_21-47-44_png_2025-04-04_21-47-44.webp.webp?fit=1200%2C675&ssl=1&resize=350%2C200","width":350,"height":200,"srcset":"https:\/\/i0.wp.com\/noticiasribeiraopreto.com.br\/wp-content\/uploads\/2025\/04\/Copia-de-Copia-de-Copia-de-TAMANHO-EXATO-PARA-FOTOS-NO-SISTEMA-NOVO-2025-04-04T184736.651_2025-04-04_21-47-44_png_2025-04-04_21-47-44.webp.webp?fit=1200%2C675&ssl=1&resize=350%2C200 1x, https:\/\/i0.wp.com\/noticiasribeiraopreto.com.br\/wp-content\/uploads\/2025\/04\/Copia-de-Copia-de-Copia-de-TAMANHO-EXATO-PARA-FOTOS-NO-SISTEMA-NOVO-2025-04-04T184736.651_2025-04-04_21-47-44_png_2025-04-04_21-47-44.webp.webp?fit=1200%2C675&ssl=1&resize=525%2C300 1.5x, https:\/\/i0.wp.com\/noticiasribeiraopreto.com.br\/wp-content\/uploads\/2025\/04\/Copia-de-Copia-de-Copia-de-TAMANHO-EXATO-PARA-FOTOS-NO-SISTEMA-NOVO-2025-04-04T184736.651_2025-04-04_21-47-44_png_2025-04-04_21-47-44.webp.webp?fit=1200%2C675&ssl=1&resize=700%2C400 2x, https:\/\/i0.wp.com\/noticiasribeiraopreto.com.br\/wp-content\/uploads\/2025\/04\/Copia-de-Copia-de-Copia-de-TAMANHO-EXATO-PARA-FOTOS-NO-SISTEMA-NOVO-2025-04-04T184736.651_2025-04-04_21-47-44_png_2025-04-04_21-47-44.webp.webp?fit=1200%2C675&ssl=1&resize=1050%2C600 3x"},"classes":[]},{"id":74168,"url":"https:\/\/noticiasribeiraopreto.com.br\/index.php\/2025\/07\/17\/serrana-e-ribeirao-nao-poderao-assistir-jogos-de-futsal-nos-jogos-regionais\/","url_meta":{"origin":75097,"position":3},"title":"Serrana e Ribeir\u00e3o n\u00e3o poder\u00e3o assistir jogos de futsal nos Jogos Regionais","author":"noticiasribeiraopreto.com.br","date":"17 de July de 2025","format":false,"excerpt":"17 de julho de 2025 10:351 Compartilhar0 A Secretaria Municipal de Esportes de Ribeir\u00e3o Preto proibiu que as torcidas de Serrana e Ribeir\u00e3o Preto participem dos Jogos Regionais quando as duas cidades se enfrentarem em partidas de futsal. A decis\u00e3o foi publicada em portaria do Secret\u00e1rio de Esportes, Matheus Henrique\u2026","rel":"","context":"In &quot;Not\u00edcias de Ribeir\u00e3o Preto-SP e Regi\u00e3o&quot;","block_context":{"text":"Not\u00edcias de Ribeir\u00e3o Preto-SP e Regi\u00e3o","link":"https:\/\/noticiasribeiraopreto.com.br\/index.php\/category\/noticias-de-ribeirao-preto-sp-e-regiao-ismael-colosi\/"},"img":{"alt_text":"","src":"https:\/\/i0.wp.com\/noticiasribeiraopreto.com.br\/wp-content\/uploads\/2025\/07\/futsalribeirao_treino_baraodemaua_Foto_Renan-Bin_FollowX-Comunicaco-scaled-1.jpg?fit=675%2C450&ssl=1&resize=350%2C200","width":350,"height":200,"srcset":"https:\/\/i0.wp.com\/noticiasribeiraopreto.com.br\/wp-content\/uploads\/2025\/07\/futsalribeirao_treino_baraodemaua_Foto_Renan-Bin_FollowX-Comunicaco-scaled-1.jpg?fit=675%2C450&ssl=1&resize=350%2C200 1x, https:\/\/i0.wp.com\/noticiasribeiraopreto.com.br\/wp-content\/uploads\/2025\/07\/futsalribeirao_treino_baraodemaua_Foto_Renan-Bin_FollowX-Comunicaco-scaled-1.jpg?fit=675%2C450&ssl=1&resize=525%2C300 1.5x"},"classes":[]},{"id":73167,"url":"https:\/\/noticiasribeiraopreto.com.br\/index.php\/2025\/06\/26\/camara-aprova-credito-r-1-milhao-para-realizacao-dos-jogos-regionais-em-ribeirao\/","url_meta":{"origin":75097,"position":4},"title":"C\u00e2mara aprova cr\u00e9dito R$ 1 milh\u00e3o para realiza\u00e7\u00e3o dos Jogos Regionais em Ribeir\u00e3o","author":"noticiasribeiraopreto.com.br","date":"26 de June de 2025","format":false,"excerpt":"A C\u00e2mara de Ribeir\u00e3o Preto aprovou, nesta quarta-feira (25), o Projeto de Lei n\u00ba 262\/2025, que autoriza a abertura de cr\u00e9dito especial de R$ 1.011.484,71 para a realiza\u00e7\u00e3o dos 67\u00ba Jogos Regionais, programados para acontecer no munic\u00edpio entre 16 e 26 de julho de 2025. De acordo com o texto,\u2026","rel":"","context":"In &quot;Not\u00edcias de Ribeir\u00e3o Preto-SP e Regi\u00e3o&quot;","block_context":{"text":"Not\u00edcias de Ribeir\u00e3o Preto-SP e Regi\u00e3o","link":"https:\/\/noticiasribeiraopreto.com.br\/index.php\/category\/noticias-de-ribeirao-preto-sp-e-regiao-ismael-colosi\/"},"img":{"alt_text":"","src":"https:\/\/i0.wp.com\/noticiasribeiraopreto.com.br\/wp-content\/uploads\/2025\/06\/seletivajudo_2025-04-22_15-51-32.webp.webp?fit=1000%2C666&ssl=1&resize=350%2C200","width":350,"height":200,"srcset":"https:\/\/i0.wp.com\/noticiasribeiraopreto.com.br\/wp-content\/uploads\/2025\/06\/seletivajudo_2025-04-22_15-51-32.webp.webp?fit=1000%2C666&ssl=1&resize=350%2C200 1x, https:\/\/i0.wp.com\/noticiasribeiraopreto.com.br\/wp-content\/uploads\/2025\/06\/seletivajudo_2025-04-22_15-51-32.webp.webp?fit=1000%2C666&ssl=1&resize=525%2C300 1.5x, https:\/\/i0.wp.com\/noticiasribeiraopreto.com.br\/wp-content\/uploads\/2025\/06\/seletivajudo_2025-04-22_15-51-32.webp.webp?fit=1000%2C666&ssl=1&resize=700%2C400 2x"},"classes":[]},{"id":74293,"url":"https:\/\/noticiasribeiraopreto.com.br\/index.php\/2025\/07\/19\/triatleta-luisa-baptista-participa-da-abertura-dos-jogos-regionais-em-ribeirao-preto-veja-fotos\/","url_meta":{"origin":75097,"position":5},"title":"Triatleta Luisa Baptista participa da abertura dos Jogos Regionais em Ribeir\u00e3o Preto; Veja fotos","author":"noticiasribeiraopreto.com.br","date":"19 de July de 2025","format":false,"excerpt":"Ribeir\u00e3o Preto abriu oficialmente, nesta sexta-feira (18), a etapa da 5\u00aa Regi\u00e3o Esportiva dos Jogos Regionais. A cerim\u00f4nia foi realizada na Cava do Bosque. O evento contou com a presen\u00e7a da triatleta e campe\u00e3 pan-americana Luiza Baptista, que viveu um drama em 2023, ap\u00f3s sofrer um atropelamento enquanto treinava de\u2026","rel":"","context":"In &quot;Not\u00edcias de Ribeir\u00e3o Preto-SP e Regi\u00e3o&quot;","block_context":{"text":"Not\u00edcias de Ribeir\u00e3o Preto-SP e Regi\u00e3o","link":"https:\/\/noticiasribeiraopreto.com.br\/index.php\/category\/noticias-de-ribeirao-preto-sp-e-regiao-ismael-colosi\/"},"img":{"alt_text":"","src":"https:\/\/i0.wp.com\/noticiasribeiraopreto.com.br\/wp-content\/uploads\/2025\/07\/WhatsApp-Image-2025-07-19-at-07.34.07_2025-07-19_15-25-15.webp.webp?fit=1200%2C800&ssl=1&resize=350%2C200","width":350,"height":200,"srcset":"https:\/\/i0.wp.com\/noticiasribeiraopreto.com.br\/wp-content\/uploads\/2025\/07\/WhatsApp-Image-2025-07-19-at-07.34.07_2025-07-19_15-25-15.webp.webp?fit=1200%2C800&ssl=1&resize=350%2C200 1x, https:\/\/i0.wp.com\/noticiasribeiraopreto.com.br\/wp-content\/uploads\/2025\/07\/WhatsApp-Image-2025-07-19-at-07.34.07_2025-07-19_15-25-15.webp.webp?fit=1200%2C800&ssl=1&resize=525%2C300 1.5x, https:\/\/i0.wp.com\/noticiasribeiraopreto.com.br\/wp-content\/uploads\/2025\/07\/WhatsApp-Image-2025-07-19-at-07.34.07_2025-07-19_15-25-15.webp.webp?fit=1200%2C800&ssl=1&resize=700%2C400 2x, https:\/\/i0.wp.com\/noticiasribeiraopreto.com.br\/wp-content\/uploads\/2025\/07\/WhatsApp-Image-2025-07-19-at-07.34.07_2025-07-19_15-25-15.webp.webp?fit=1200%2C800&ssl=1&resize=1050%2C600 3x"},"classes":[]}],"jetpack_sharing_enabled":true,"jetpack_shortlink":"https:\/\/wp.me\/peQAOb-jxf","_links":{"self":[{"href":"https:\/\/noticiasribeiraopreto.com.br\/index.php\/wp-json\/wp\/v2\/posts\/75097","targetHints":{"allow":["GET"]}}],"collection":[{"href":"https:\/\/noticiasribeiraopreto.com.br\/index.php\/wp-json\/wp\/v2\/posts"}],"about":[{"href":"https:\/\/noticiasribeiraopreto.com.br\/index.php\/wp-json\/wp\/v2\/types\/post"}],"author":[{"embeddable":true,"href":"https:\/\/noticiasribeiraopreto.com.br\/index.php\/wp-json\/wp\/v2\/users\/1"}],"replies":[{"embeddable":true,"href":"https:\/\/noticiasribeiraopreto.com.br\/index.php\/wp-json\/wp\/v2\/comments?post=75097"}],"version-history":[{"count":0,"href":"https:\/\/noticiasribeiraopreto.com.br\/index.php\/wp-json\/wp\/v2\/posts\/75097\/revisions"}],"wp:featuredmedia":[{"embeddable":true,"href":"https:\/\/noticiasribeiraopreto.com.br\/index.php\/wp-json\/wp\/v2\/media\/75098"}],"wp:attachment":[{"href":"https:\/\/noticiasribeiraopreto.com.br\/index.php\/wp-json\/wp\/v2\/media?parent=75097"}],"wp:term":[{"taxonomy":"category","embeddable":true,"href":"https:\/\/noticiasribeiraopreto.com.br\/index.php\/wp-json\/wp\/v2\/categories?post=75097"},{"taxonomy":"post_tag","embeddable":true,"href":"https:\/\/noticiasribeiraopreto.com.br\/index.php\/wp-json\/wp\/v2\/tags?post=75097"}],"curies":[{"name":"wp","href":"https:\/\/api.w.org\/{rel}","templated":true}]}}