{"id":75099,"date":"2025-08-03T15:36:22","date_gmt":"2025-08-03T18:36:22","guid":{"rendered":"https:\/\/noticiasribeiraopreto.com.br\/index.php\/2025\/08\/03\/ribeirao-preto-recebe-arena-rock-edicao-especial-dia-dos-pais\/"},"modified":"2025-08-03T15:36:22","modified_gmt":"2025-08-03T18:36:22","slug":"ribeirao-preto-recebe-arena-rock-edicao-especial-dia-dos-pais","status":"publish","type":"post","link":"https:\/\/noticiasribeiraopreto.com.br\/index.php\/2025\/08\/03\/ribeirao-preto-recebe-arena-rock-edicao-especial-dia-dos-pais\/","title":{"rendered":"Ribeir\u00e3o Preto recebe Arena Rock edi\u00e7\u00e3o especial Dia dos Pais"},"content":{"rendered":"<div class='code-block code-block-1' style='margin: 8px 0 8px auto; text-align: right; display: block; clear: both;'>\n<p><a href=\"https:\/\/wa.link\/vpicfd\"><img data-recalc-dims=\"1\" class=\"wp-image-4922\" style=\"aspect-ratio: 2.0253164556962027; width: 561px; height: auto;\" src=\"https:\/\/i0.wp.com\/ismaelcolosi.com.br\/wp-content\/uploads\/2023\/11\/grupo-de-empregos-whatsapp-e-facebook-ismael-colosi-vagas.jpg?ssl=1\" alt=\"\" \/><\/a><\/p>\n<!-- \/wp:image -->\n<\/div>\n<p> <br \/>\n<\/p>\n<div data-td-block-uid=\"tdi_95\">\n<div class=\"tdb-block-inner td-fix-index\">\n<p>O<strong> Teatro de Arena de Ribeir\u00e3o Preto <\/strong>recebe no pr\u00f3ximo domingo (10) o<strong> Arena Rock edi\u00e7\u00e3o especial Dia dos Pais<\/strong>. Al\u00e9m das apresenta\u00e7\u00f5es de DJ e cinco bandas, o festival conta com food trucks e espa\u00e7os kids.<\/p>\n<p><mark style=\"background-color:#fcb900\" class=\"has-inline-color has-black-color\">A entrada do Arena Rock \u00e9 gratuita<\/mark>, mas o evento contar\u00e1 com ponto de arrecada\u00e7\u00e3o de agasalhos. O festival acontece das 14h \u00e0s 22h.<\/p>\n<h2 class=\"wp-block-heading\"><strong>Programa\u00e7\u00e3o<\/strong><\/h2>\n<p>A programa\u00e7\u00e3o do Arena Rock conta com as atra\u00e7\u00f5es abaixo:<\/p>\n<ul class=\"wp-block-list\">\n<li>Deepsix (Marilyn Manson cover)<\/li>\n<\/ul>\n<ul class=\"wp-block-list\">\n<li>Nowadays (Slipknot cover)<\/li>\n<\/ul>\n<ul class=\"wp-block-list\">\n<li>Monroll (especial M\u00f6tley Cr\u00fce)<\/li>\n<\/ul>\n<h2 class=\"wp-block-heading\"><strong>Servi\u00e7o<\/strong><\/h2>\n<p><strong>Arena Rock edi\u00e7\u00e3o especial Dia dos Pais<br \/>Quando: <\/strong>domingo, 10 de agosto, das 14h \u00e0s 22h<br \/><strong>Onde: <\/strong>Teatro de Arena de Ribeir\u00e3o Preto \u2013 pra\u00e7a Alto do S\u00e3o Bento \u2013 s\/n<br \/><strong>Entrada:<\/strong> gratuita<\/p>\n<p>SAIBA MAIS<br \/>Como o condom\u00ednio deve agir frente aos cond\u00f4minos antissociais?<\/p>\n<h2 class=\"wp-block-heading\"><strong>FIQUE ON<\/strong><\/h2>\n<p>Fique ligado em tudo que acontece em Ribeir\u00e3o Preto e regi\u00e3o. Siga os perfis do\u00a0<strong>acidade on\u00a0<\/strong>no<a href=\"https:\/\/www.instagram.com\/acidadeonribeirao\" target=\"_blank\" rel=\"noreferrer noopener\">\u00a0Instagram<\/a>\u00a0e no\u00a0<a href=\"https:\/\/www.facebook.com\/acidadeonribeirao\/\" target=\"_blank\" rel=\"noreferrer noopener\">Facebook<\/a>.<\/p>\n<p>Receba not\u00edcias do\u00a0<strong>acidade on<\/strong>\u00a0no WhatsApp.<a href=\"https:\/\/chat.whatsapp.com\/BjKQZ9oJwlz8VVT50NuePq\" target=\"_blank\" rel=\"noreferrer noopener\">\u00a0Para entrar no grupo, basta clicar aqui.<\/a><\/p>\n<p>Fa\u00e7a uma den\u00fancia ou sugira uma reportagem sobre Ribeir\u00e3o Preto e regi\u00e3o pelo WhatsApp: 16 99117 7802.<\/p>\n<p>VEJA TAMB\u00c9M<br \/>Voc\u00ea sabe como manter as orqu\u00eddeas floridas por mais tempo?<\/p>\n<p><!-- AI CONTENT END 1 -->\n<\/div>\n<\/div>\n<p><script async src=\"\/\/www.instagram.com\/embed.js\"><\/script><br \/>\n<br \/><br \/>\n<br \/><a href=\"https:\/\/www.acidadeon.com\/ribeiraopreto\/lazer-e-cultura\/ribeirao-preto-recebe-arena-rock-edicao-especial-dia-dos-pais\/\">Source link <\/a><\/p>\n<!-- CONTENT END 1 -->\n","protected":false},"excerpt":{"rendered":"<p>O Teatro de Arena de Ribeir\u00e3o Preto recebe no pr\u00f3ximo domingo (10) o Arena Rock edi\u00e7\u00e3o especial Dia dos Pais. Al\u00e9m das apresenta\u00e7\u00f5es de DJ&#8230;<\/p>\n","protected":false},"author":1,"featured_media":75100,"comment_status":"open","ping_status":"open","sticky":false,"template":"","format":"standard","meta":{"advanced_seo_description":"","jetpack_seo_html_title":"","jetpack_seo_noindex":false,"jetpack_post_was_ever_published":false,"_jetpack_newsletter_access":"","_jetpack_dont_email_post_to_subs":false,"_jetpack_newsletter_tier_id":0,"_jetpack_memberships_contains_paywalled_content":false,"_jetpack_memberships_contains_paid_content":false,"footnotes":"","jetpack_publicize_message":"","jetpack_publicize_feature_enabled":true,"jetpack_social_post_already_shared":true,"jetpack_social_options":{"image_generator_settings":{"template":"highway","default_image_id":0,"font":"","enabled":false},"version":2}},"categories":[11],"tags":[],"class_list":["post-75099","post","type-post","status-publish","format-standard","has-post-thumbnail","hentry","category-noticias-de-ribeirao-preto-sp-e-regiao-ismael-colosi"],"jetpack_publicize_connections":[],"jetpack_featured_media_url":"https:\/\/i0.wp.com\/noticiasribeiraopreto.com.br\/wp-content\/uploads\/2025\/08\/TEATRO-DE-ARENA-ENTRADA_2024-06-24_11-51-10_jpeg_2024-06-24_11-51-11.webp.webp?fit=1600%2C1066&ssl=1","jetpack-related-posts":[{"id":72470,"url":"https:\/\/noticiasribeiraopreto.com.br\/index.php\/2025\/06\/17\/teatro-de-arena-recebe-festival-de-cerveja-artesanal-com-shows-ao-vivo-veja-quando\/","url_meta":{"origin":75099,"position":0},"title":"Teatro de Arena recebe festival de cerveja artesanal com shows ao vivo; Veja quando","author":"noticiasribeiraopreto.com.br","date":"17 de June de 2025","format":false,"excerpt":"O Teatro de Arena, em Ribeir\u00e3o Preto, ser\u00e1 palco da terceira edi\u00e7\u00e3o do Maltesa Beer Rock, nos dias 21 e 22 de junho. O evento conta com entrada gratuita e programa\u00e7\u00e3o para todas as idades. A atividade faz parte das comemora\u00e7\u00f5es oficiais do anivers\u00e1rio de 169 anos da cidade \u2013\u2026","rel":"","context":"In &quot;Not\u00edcias de Ribeir\u00e3o Preto-SP e Regi\u00e3o&quot;","block_context":{"text":"Not\u00edcias de Ribeir\u00e3o Preto-SP e Regi\u00e3o","link":"https:\/\/noticiasribeiraopreto.com.br\/index.php\/category\/noticias-de-ribeirao-preto-sp-e-regiao-ismael-colosi\/"},"img":{"alt_text":"","src":"https:\/\/i0.wp.com\/noticiasribeiraopreto.com.br\/wp-content\/uploads\/2025\/06\/cerveja-artesanal_2025-06-17_14-49-37.webp.webp?fit=1200%2C675&ssl=1&resize=350%2C200","width":350,"height":200,"srcset":"https:\/\/i0.wp.com\/noticiasribeiraopreto.com.br\/wp-content\/uploads\/2025\/06\/cerveja-artesanal_2025-06-17_14-49-37.webp.webp?fit=1200%2C675&ssl=1&resize=350%2C200 1x, https:\/\/i0.wp.com\/noticiasribeiraopreto.com.br\/wp-content\/uploads\/2025\/06\/cerveja-artesanal_2025-06-17_14-49-37.webp.webp?fit=1200%2C675&ssl=1&resize=525%2C300 1.5x, https:\/\/i0.wp.com\/noticiasribeiraopreto.com.br\/wp-content\/uploads\/2025\/06\/cerveja-artesanal_2025-06-17_14-49-37.webp.webp?fit=1200%2C675&ssl=1&resize=700%2C400 2x, https:\/\/i0.wp.com\/noticiasribeiraopreto.com.br\/wp-content\/uploads\/2025\/06\/cerveja-artesanal_2025-06-17_14-49-37.webp.webp?fit=1200%2C675&ssl=1&resize=1050%2C600 3x"},"classes":[]},{"id":71795,"url":"https:\/\/noticiasribeiraopreto.com.br\/index.php\/2025\/06\/10\/arena-rock-ribeirao-preto-recebe-festival-gratuito-em-comemoracao-ao-aniversario-da-cidade\/","url_meta":{"origin":75099,"position":1},"title":"Arena Rock: Ribeir\u00e3o Preto recebe festival gratuito em comemora\u00e7\u00e3o ao anivers\u00e1rio da cidade","author":"noticiasribeiraopreto.com.br","date":"10 de June de 2025","format":false,"excerpt":"A 11\u00aa edi\u00e7\u00e3o do Arena Rock acontece na pr\u00f3xima ter\u00e7a-feira (17), no Teatro de Arena de Ribeir\u00e3o Preto, a partir das 16h. O evento conta com cinco atra\u00e7\u00f5es e entrada gratuita. A programa\u00e7\u00e3o integra o calend\u00e1rio de comemora\u00e7\u00e3o do anivers\u00e1rio de 169 anos da cidade. Sobem ao palco o DJ\u2026","rel":"","context":"In &quot;Not\u00edcias de Ribeir\u00e3o Preto-SP e Regi\u00e3o&quot;","block_context":{"text":"Not\u00edcias de Ribeir\u00e3o Preto-SP e Regi\u00e3o","link":"https:\/\/noticiasribeiraopreto.com.br\/index.php\/category\/noticias-de-ribeirao-preto-sp-e-regiao-ismael-colosi\/"},"img":{"alt_text":"","src":"https:\/\/i0.wp.com\/noticiasribeiraopreto.com.br\/wp-content\/uploads\/2025\/06\/WhatsApp-Image-2024-03-02-at-17.58.26.jpeg?fit=1200%2C800&ssl=1&resize=350%2C200","width":350,"height":200,"srcset":"https:\/\/i0.wp.com\/noticiasribeiraopreto.com.br\/wp-content\/uploads\/2025\/06\/WhatsApp-Image-2024-03-02-at-17.58.26.jpeg?fit=1200%2C800&ssl=1&resize=350%2C200 1x, https:\/\/i0.wp.com\/noticiasribeiraopreto.com.br\/wp-content\/uploads\/2025\/06\/WhatsApp-Image-2024-03-02-at-17.58.26.jpeg?fit=1200%2C800&ssl=1&resize=525%2C300 1.5x, https:\/\/i0.wp.com\/noticiasribeiraopreto.com.br\/wp-content\/uploads\/2025\/06\/WhatsApp-Image-2024-03-02-at-17.58.26.jpeg?fit=1200%2C800&ssl=1&resize=700%2C400 2x, https:\/\/i0.wp.com\/noticiasribeiraopreto.com.br\/wp-content\/uploads\/2025\/06\/WhatsApp-Image-2024-03-02-at-17.58.26.jpeg?fit=1200%2C800&ssl=1&resize=1050%2C600 3x"},"classes":[]},{"id":73253,"url":"https:\/\/noticiasribeiraopreto.com.br\/index.php\/2025\/06\/27\/ribeirao-preto-recebe-6a-edicao-de-festival-pe-na-porta-neste-final-de-semana\/","url_meta":{"origin":75099,"position":2},"title":"Ribeir\u00e3o Preto recebe 6\u00aa edi\u00e7\u00e3o de &#8216;Festival P\u00e9 na Porta&#8217; neste final de semana","author":"noticiasribeiraopreto.com.br","date":"27 de June de 2025","format":false,"excerpt":"O Teatro de Arena de Ribeir\u00e3o Preto recebe neste domingo (29), a partir das 15h, a 6\u00aa edi\u00e7\u00e3o do Festival P\u00e9 na Porta, que celebra a m\u00fasica independente e cultural local. A entrada \u00e9 gratuita e haver\u00e1 arrecada\u00e7\u00e3o de um quilo de alimento n\u00e3o perec\u00edvel. A programa\u00e7\u00e3o oferece mais de\u2026","rel":"","context":"In &quot;Not\u00edcias de Ribeir\u00e3o Preto-SP e Regi\u00e3o&quot;","block_context":{"text":"Not\u00edcias de Ribeir\u00e3o Preto-SP e Regi\u00e3o","link":"https:\/\/noticiasribeiraopreto.com.br\/index.php\/category\/noticias-de-ribeirao-preto-sp-e-regiao-ismael-colosi\/"},"img":{"alt_text":"","src":"https:\/\/i0.wp.com\/noticiasribeiraopreto.com.br\/wp-content\/uploads\/2025\/06\/show_2025-06-27_15-01-23.webp.webp?fit=1200%2C804&ssl=1&resize=350%2C200","width":350,"height":200,"srcset":"https:\/\/i0.wp.com\/noticiasribeiraopreto.com.br\/wp-content\/uploads\/2025\/06\/show_2025-06-27_15-01-23.webp.webp?fit=1200%2C804&ssl=1&resize=350%2C200 1x, https:\/\/i0.wp.com\/noticiasribeiraopreto.com.br\/wp-content\/uploads\/2025\/06\/show_2025-06-27_15-01-23.webp.webp?fit=1200%2C804&ssl=1&resize=525%2C300 1.5x, https:\/\/i0.wp.com\/noticiasribeiraopreto.com.br\/wp-content\/uploads\/2025\/06\/show_2025-06-27_15-01-23.webp.webp?fit=1200%2C804&ssl=1&resize=700%2C400 2x, https:\/\/i0.wp.com\/noticiasribeiraopreto.com.br\/wp-content\/uploads\/2025\/06\/show_2025-06-27_15-01-23.webp.webp?fit=1200%2C804&ssl=1&resize=1050%2C600 3x"},"classes":[]},{"id":63345,"url":"https:\/\/noticiasribeiraopreto.com.br\/index.php\/2025\/02\/11\/arena-blues-festival-2025-ja-tem-data-para-acontecer-em-ribeirao-preto-veja-quando\/","url_meta":{"origin":75099,"position":3},"title":"Arena Blues Festival 2025 j\u00e1 tem data para acontecer em Ribeir\u00e3o Preto; Veja quando","author":"noticiasribeiraopreto.com.br","date":"11 de February de 2025","format":false,"excerpt":"A edi\u00e7\u00e3o 2025 do tradicional \u201cArena Blues Festival\u201c, em Ribeir\u00e3o Preto, j\u00e1 tem data confirmada. S\u00e3o dois dias de evento, com seis horas de m\u00fasica, no Teatro de Arena \u201cJaime Zeiger\u201d, no Morro do S\u00e3o Bento. O festival se consagrou como um dos mais reconhecidos eventos de blues e jazz\u2026","rel":"","context":"In &quot;Not\u00edcias de Ribeir\u00e3o Preto-SP e Regi\u00e3o&quot;","block_context":{"text":"Not\u00edcias de Ribeir\u00e3o Preto-SP e Regi\u00e3o","link":"https:\/\/noticiasribeiraopreto.com.br\/index.php\/category\/noticias-de-ribeirao-preto-sp-e-regiao-ismael-colosi\/"},"img":{"alt_text":"","src":"https:\/\/i0.wp.com\/noticiasribeiraopreto.com.br\/wp-content\/uploads\/2025\/02\/WhatsApp-Image-2025-02-10-at-11.11.33_2025-02-10_16-25-17_jpeg_2025-02-10_16-25-18.webp.webp?fit=1200%2C675&ssl=1&resize=350%2C200","width":350,"height":200,"srcset":"https:\/\/i0.wp.com\/noticiasribeiraopreto.com.br\/wp-content\/uploads\/2025\/02\/WhatsApp-Image-2025-02-10-at-11.11.33_2025-02-10_16-25-17_jpeg_2025-02-10_16-25-18.webp.webp?fit=1200%2C675&ssl=1&resize=350%2C200 1x, https:\/\/i0.wp.com\/noticiasribeiraopreto.com.br\/wp-content\/uploads\/2025\/02\/WhatsApp-Image-2025-02-10-at-11.11.33_2025-02-10_16-25-17_jpeg_2025-02-10_16-25-18.webp.webp?fit=1200%2C675&ssl=1&resize=525%2C300 1.5x, https:\/\/i0.wp.com\/noticiasribeiraopreto.com.br\/wp-content\/uploads\/2025\/02\/WhatsApp-Image-2025-02-10-at-11.11.33_2025-02-10_16-25-17_jpeg_2025-02-10_16-25-18.webp.webp?fit=1200%2C675&ssl=1&resize=700%2C400 2x, https:\/\/i0.wp.com\/noticiasribeiraopreto.com.br\/wp-content\/uploads\/2025\/02\/WhatsApp-Image-2025-02-10-at-11.11.33_2025-02-10_16-25-17_jpeg_2025-02-10_16-25-18.webp.webp?fit=1200%2C675&ssl=1&resize=1050%2C600 3x"},"classes":[]},{"id":75190,"url":"https:\/\/noticiasribeiraopreto.com.br\/index.php\/2025\/08\/05\/ribeirao-preto-recebe-ribercycle-moto-festival-no-teatro-de-arena\/","url_meta":{"origin":75099,"position":4},"title":"Ribeir\u00e3o Preto recebe Ribercycle Moto Festival no Teatro de Arena","author":"noticiasribeiraopreto.com.br","date":"5 de August de 2025","format":false,"excerpt":"A Secretaria da Cultura e Turismo de Ribeir\u00e3o Preto realiza neste s\u00e1bado (9) o Ribercycle Moto Festival. O festival \u00e9 voltado \u00e0 cultura motociclista, com foco em m\u00fasica, gastronomia e uni\u00e3o entre motoclubes. O evento acontece no Teatro de Arena e tem entrada gratuita, a partir das 12h. Programa\u00e7\u00e3o O\u2026","rel":"","context":"In &quot;Not\u00edcias de Ribeir\u00e3o Preto-SP e Regi\u00e3o&quot;","block_context":{"text":"Not\u00edcias de Ribeir\u00e3o Preto-SP e Regi\u00e3o","link":"https:\/\/noticiasribeiraopreto.com.br\/index.php\/category\/noticias-de-ribeirao-preto-sp-e-regiao-ismael-colosi\/"},"img":{"alt_text":"","src":"https:\/\/i0.wp.com\/noticiasribeiraopreto.com.br\/wp-content\/uploads\/2025\/08\/teatro-de-arena-ribeirao-preto-1_2025-08-05_15-55-56.webp.webp?fit=1200%2C900&ssl=1&resize=350%2C200","width":350,"height":200,"srcset":"https:\/\/i0.wp.com\/noticiasribeiraopreto.com.br\/wp-content\/uploads\/2025\/08\/teatro-de-arena-ribeirao-preto-1_2025-08-05_15-55-56.webp.webp?fit=1200%2C900&ssl=1&resize=350%2C200 1x, https:\/\/i0.wp.com\/noticiasribeiraopreto.com.br\/wp-content\/uploads\/2025\/08\/teatro-de-arena-ribeirao-preto-1_2025-08-05_15-55-56.webp.webp?fit=1200%2C900&ssl=1&resize=525%2C300 1.5x, https:\/\/i0.wp.com\/noticiasribeiraopreto.com.br\/wp-content\/uploads\/2025\/08\/teatro-de-arena-ribeirao-preto-1_2025-08-05_15-55-56.webp.webp?fit=1200%2C900&ssl=1&resize=700%2C400 2x, https:\/\/i0.wp.com\/noticiasribeiraopreto.com.br\/wp-content\/uploads\/2025\/08\/teatro-de-arena-ribeirao-preto-1_2025-08-05_15-55-56.webp.webp?fit=1200%2C900&ssl=1&resize=1050%2C600 3x"},"classes":[]},{"id":85022,"url":"https:\/\/noticiasribeiraopreto.com.br\/index.php\/2026\/04\/20\/vespera-de-feriado-em-ribeirao-tem-show-de-rock-cerveja-artesanal-e-gastronomia\/","url_meta":{"origin":75099,"position":5},"title":"V\u00e9spera de feriado em Ribeir\u00e3o tem show de rock, cerveja artesanal e gastronomia","author":"noticiasribeiraopreto.com.br","date":"20 de April de 2026","format":false,"excerpt":"Ler o resumo da not\u00edcia Na v\u00e9spera do feriado (20\/04\/2026), Ribeir\u00e3o Preto sediou a pr\u00e9\u2011festa oficial do Brazil Bacon Day no Boulevard da Arena Nicnet. O show contou com a banda The Beast Experience, reconhecida como um dos principais tributos ao Iron Maiden no Brasil. O p\u00fablico teve acesso a\u2026","rel":"","context":"In &quot;Not\u00edcias de Ribeir\u00e3o Preto-SP e Regi\u00e3o&quot;","block_context":{"text":"Not\u00edcias de Ribeir\u00e3o Preto-SP e Regi\u00e3o","link":"https:\/\/noticiasribeiraopreto.com.br\/index.php\/category\/noticias-de-ribeirao-preto-sp-e-regiao-ismael-colosi\/"},"img":{"alt_text":"","src":"https:\/\/i0.wp.com\/noticiasribeiraopreto.com.br\/wp-content\/uploads\/2026\/04\/pessoas-em-um-festival-scaled.jpg?fit=1200%2C800&ssl=1&resize=350%2C200","width":350,"height":200,"srcset":"https:\/\/i0.wp.com\/noticiasribeiraopreto.com.br\/wp-content\/uploads\/2026\/04\/pessoas-em-um-festival-scaled.jpg?fit=1200%2C800&ssl=1&resize=350%2C200 1x, https:\/\/i0.wp.com\/noticiasribeiraopreto.com.br\/wp-content\/uploads\/2026\/04\/pessoas-em-um-festival-scaled.jpg?fit=1200%2C800&ssl=1&resize=525%2C300 1.5x, https:\/\/i0.wp.com\/noticiasribeiraopreto.com.br\/wp-content\/uploads\/2026\/04\/pessoas-em-um-festival-scaled.jpg?fit=1200%2C800&ssl=1&resize=700%2C400 2x, https:\/\/i0.wp.com\/noticiasribeiraopreto.com.br\/wp-content\/uploads\/2026\/04\/pessoas-em-um-festival-scaled.jpg?fit=1200%2C800&ssl=1&resize=1050%2C600 3x"},"classes":[]}],"jetpack_sharing_enabled":true,"jetpack_shortlink":"https:\/\/wp.me\/peQAOb-jxh","_links":{"self":[{"href":"https:\/\/noticiasribeiraopreto.com.br\/index.php\/wp-json\/wp\/v2\/posts\/75099","targetHints":{"allow":["GET"]}}],"collection":[{"href":"https:\/\/noticiasribeiraopreto.com.br\/index.php\/wp-json\/wp\/v2\/posts"}],"about":[{"href":"https:\/\/noticiasribeiraopreto.com.br\/index.php\/wp-json\/wp\/v2\/types\/post"}],"author":[{"embeddable":true,"href":"https:\/\/noticiasribeiraopreto.com.br\/index.php\/wp-json\/wp\/v2\/users\/1"}],"replies":[{"embeddable":true,"href":"https:\/\/noticiasribeiraopreto.com.br\/index.php\/wp-json\/wp\/v2\/comments?post=75099"}],"version-history":[{"count":0,"href":"https:\/\/noticiasribeiraopreto.com.br\/index.php\/wp-json\/wp\/v2\/posts\/75099\/revisions"}],"wp:featuredmedia":[{"embeddable":true,"href":"https:\/\/noticiasribeiraopreto.com.br\/index.php\/wp-json\/wp\/v2\/media\/75100"}],"wp:attachment":[{"href":"https:\/\/noticiasribeiraopreto.com.br\/index.php\/wp-json\/wp\/v2\/media?parent=75099"}],"wp:term":[{"taxonomy":"category","embeddable":true,"href":"https:\/\/noticiasribeiraopreto.com.br\/index.php\/wp-json\/wp\/v2\/categories?post=75099"},{"taxonomy":"post_tag","embeddable":true,"href":"https:\/\/noticiasribeiraopreto.com.br\/index.php\/wp-json\/wp\/v2\/tags?post=75099"}],"curies":[{"name":"wp","href":"https:\/\/api.w.org\/{rel}","templated":true}]}}