{"id":75101,"date":"2025-08-03T15:43:02","date_gmt":"2025-08-03T18:43:02","guid":{"rendered":"https:\/\/noticiasribeiraopreto.com.br\/index.php\/2025\/08\/03\/entenda-o-que-ministro-do-stf-veio-fazer-em-ribeirao-preto\/"},"modified":"2025-08-03T15:43:02","modified_gmt":"2025-08-03T18:43:02","slug":"entenda-o-que-ministro-do-stf-veio-fazer-em-ribeirao-preto","status":"publish","type":"post","link":"https:\/\/noticiasribeiraopreto.com.br\/index.php\/2025\/08\/03\/entenda-o-que-ministro-do-stf-veio-fazer-em-ribeirao-preto\/","title":{"rendered":"Entenda o que ministro do STF veio fazer em Ribeir\u00e3o Preto"},"content":{"rendered":"<div class='code-block code-block-1' style='margin: 8px 0 8px auto; text-align: right; display: block; clear: both;'>\n<p><a href=\"https:\/\/wa.link\/vpicfd\"><img data-recalc-dims=\"1\" class=\"wp-image-4922\" style=\"aspect-ratio: 2.0253164556962027; width: 561px; height: auto;\" src=\"https:\/\/i0.wp.com\/ismaelcolosi.com.br\/wp-content\/uploads\/2023\/11\/grupo-de-empregos-whatsapp-e-facebook-ismael-colosi-vagas.jpg?ssl=1\" alt=\"\" \/><\/a><\/p>\n<!-- \/wp:image -->\n<\/div>\n<p> <br \/>\n<\/p>\n<div data-td-block-uid=\"tdi_95\">\n<div class=\"tdb-block-inner td-fix-index\">\n<p>O ministro<strong> Luiz Fux<\/strong>, do <strong><a href=\"https:\/\/portal.stf.jus.br\/\" data-type=\"link\" data-id=\"https:\/\/portal.stf.jus.br\/\" target=\"_blank\" rel=\"noopener\">STF (Supremo Tribunal Federal)<\/a><\/strong>, esteve em <strong>Ribeir\u00e3o Preto<\/strong> na \u00faltima sexta-feira (1\u00ba de agosto). O ministro participou de uma Aula Magna na sede da <strong><a href=\"https:\/\/oabrp.org.br\/\" data-type=\"link\" data-id=\"https:\/\/oabrp.org.br\/\" target=\"_blank\" rel=\"noopener\">OAB (Ordem dos Advogados do Brasil) <\/a><\/strong>de Ribeir\u00e3o Preto, junto com ministros do STJ (Superior Tribunal de Justi\u00e7a) e TST (Tribunal Superior do Trabalho).<\/p>\n<p>A Aula Magna teve como tema o \u201cSistema de Precedentes na Cortes Supremas e seus Impactos no Sistema Jur\u00eddico, Econ\u00f4mico e Social Brasileiro\u201d. Na ocasi\u00e3o, Luiz Fux falou sobre \u201cDireito, Tecnologia e Justi\u00e7a 4.0: O Papel da Tecnologia na Constru\u00e7\u00e3o dos Precedentes\u201d.<\/p>\n<p>Al\u00e9m dele, participaram os ministros Gurgel de Faria (STJ), e Guilherme Caputo Bastos, Douglas Rodrigues, Alexandre Luiz Ramos e Evandro Valad\u00e3o (todos do TST).<\/p>\n<p>Lembrando que Fux \u00e9 ministro do STF desde 2011 e foi presidente da Corte entre 2020 e 2022.<\/p>\n<p>SAIBA MAIS<br \/>Como o condom\u00ednio deve agir frente aos cond\u00f4minos antissociais?<\/p>\n<h2 class=\"wp-block-heading\"><strong>FIQUE ON<\/strong><\/h2>\n<p>Fique ligado em tudo que acontece em Ribeir\u00e3o Preto e regi\u00e3o. Siga os perfis do\u00a0<strong>acidade on\u00a0<\/strong>no<a href=\"https:\/\/www.instagram.com\/acidadeonribeirao\" target=\"_blank\" rel=\"noreferrer noopener\">\u00a0Instagram<\/a>\u00a0e no\u00a0<a href=\"https:\/\/www.facebook.com\/acidadeonribeirao\/\" target=\"_blank\" rel=\"noreferrer noopener\">Facebook<\/a>.<\/p>\n<p>Receba not\u00edcias do\u00a0<strong>acidade on<\/strong>\u00a0no WhatsApp.<a href=\"https:\/\/chat.whatsapp.com\/BjKQZ9oJwlz8VVT50NuePq\" target=\"_blank\" rel=\"noreferrer noopener\">\u00a0Para entrar no grupo, basta clicar aqui.<\/a><\/p>\n<p>Fa\u00e7a uma den\u00fancia ou sugira uma reportagem sobre Ribeir\u00e3o Preto e regi\u00e3o pelo WhatsApp: 16 99117 7802.<\/p>\n<p>VEJA TAMB\u00c9M<br \/>Voc\u00ea sabe como manter as orqu\u00eddeas floridas por mais tempo?<\/p>\n<p><!-- AI CONTENT END 1 -->\n<\/div>\n<\/div>\n<p><script async src=\"\/\/www.instagram.com\/embed.js\"><\/script><br \/>\n<br \/><br \/>\n<br \/><a href=\"https:\/\/www.acidadeon.com\/ribeiraopreto\/politica\/entenda-o-que-ministro-do-stf-veio-fazer-em-ribeirao-preto\/\">Source link <\/a><\/p>\n<!-- CONTENT END 1 -->\n","protected":false},"excerpt":{"rendered":"<p>O ministro Luiz Fux, do STF (Supremo Tribunal Federal), esteve em Ribeir\u00e3o Preto na \u00faltima sexta-feira (1\u00ba de agosto). O ministro participou de uma Aula&#8230;<\/p>\n","protected":false},"author":1,"featured_media":75102,"comment_status":"open","ping_status":"open","sticky":false,"template":"","format":"standard","meta":{"advanced_seo_description":"","jetpack_seo_html_title":"","jetpack_seo_noindex":false,"jetpack_post_was_ever_published":false,"_jetpack_newsletter_access":"","_jetpack_dont_email_post_to_subs":false,"_jetpack_newsletter_tier_id":0,"_jetpack_memberships_contains_paywalled_content":false,"_jetpack_memberships_contains_paid_content":false,"footnotes":"","jetpack_publicize_message":"","jetpack_publicize_feature_enabled":true,"jetpack_social_post_already_shared":true,"jetpack_social_options":{"image_generator_settings":{"template":"highway","default_image_id":0,"font":"","enabled":false},"version":2}},"categories":[11],"tags":[],"class_list":["post-75101","post","type-post","status-publish","format-standard","has-post-thumbnail","hentry","category-noticias-de-ribeirao-preto-sp-e-regiao-ismael-colosi"],"jetpack_publicize_connections":[],"jetpack_featured_media_url":"https:\/\/i0.wp.com\/noticiasribeiraopreto.com.br\/wp-content\/uploads\/2025\/08\/luiz-fux_2025-08-03_17-25-28.webp.webp?fit=1200%2C800&ssl=1","jetpack-related-posts":[{"id":76441,"url":"https:\/\/noticiasribeiraopreto.com.br\/index.php\/2025\/08\/28\/maioria-do-stf-mantem-prisao-do-ex-jogador-robinho\/","url_meta":{"origin":75101,"position":0},"title":"Maioria do STF mant\u00e9m pris\u00e3o do ex-jogador Robinho","author":"noticiasribeiraopreto.com.br","date":"28 de August de 2025","format":false,"excerpt":"28 de agosto de 2025 22:443 Compartilhar0 O Supremo Tribunal Federal (STF) formou nesta quinta-feira (28) maioria de votos contra a soltura do ex-jogador de futebol Robinho, preso no Brasil desde mar\u00e7o do ano passado. Robinho cumpre condena\u00e7\u00e3o a nove anos de pris\u00e3o na It\u00e1lia pelo envolvimento no estupro de\u2026","rel":"","context":"In &quot;Not\u00edcias de Ribeir\u00e3o Preto-SP e Regi\u00e3o&quot;","block_context":{"text":"Not\u00edcias de Ribeir\u00e3o Preto-SP e Regi\u00e3o","link":"https:\/\/noticiasribeiraopreto.com.br\/index.php\/category\/noticias-de-ribeirao-preto-sp-e-regiao-ismael-colosi\/"},"img":{"alt_text":"","src":"https:\/\/i0.wp.com\/noticiasribeiraopreto.com.br\/wp-content\/uploads\/2025\/08\/siterobinho_divulgacao_santos.jpg?fit=1170%2C700&ssl=1&resize=350%2C200","width":350,"height":200,"srcset":"https:\/\/i0.wp.com\/noticiasribeiraopreto.com.br\/wp-content\/uploads\/2025\/08\/siterobinho_divulgacao_santos.jpg?fit=1170%2C700&ssl=1&resize=350%2C200 1x, https:\/\/i0.wp.com\/noticiasribeiraopreto.com.br\/wp-content\/uploads\/2025\/08\/siterobinho_divulgacao_santos.jpg?fit=1170%2C700&ssl=1&resize=525%2C300 1.5x, https:\/\/i0.wp.com\/noticiasribeiraopreto.com.br\/wp-content\/uploads\/2025\/08\/siterobinho_divulgacao_santos.jpg?fit=1170%2C700&ssl=1&resize=700%2C400 2x, https:\/\/i0.wp.com\/noticiasribeiraopreto.com.br\/wp-content\/uploads\/2025\/08\/siterobinho_divulgacao_santos.jpg?fit=1170%2C700&ssl=1&resize=1050%2C600 3x"},"classes":[]},{"id":83001,"url":"https:\/\/noticiasribeiraopreto.com.br\/index.php\/2026\/03\/06\/em-meio-ao-caso-master-2a-turma-do-stf-retoma-julgamento-da-sevandija\/","url_meta":{"origin":75101,"position":1},"title":"Em meio ao caso Master, 2\u00aa Turma do STF retoma julgamento da Sevandija","author":"noticiasribeiraopreto.com.br","date":"6 de March de 2026","format":false,"excerpt":"A 2\u00aa Turma do STF (Supremo Tribunal Federal), a mesma que vai decidir se mant\u00e9m ou n\u00e3o a pris\u00e3o do banqueiro Daniel Vorcaro, dono do Banco Master, retoma nesta sexta-feira (6) o julgamento do processo que analisa a legalidade das escutas telef\u00f4nicas utilizadas na Opera\u00e7\u00e3o Sevandija. O julgamento no plen\u00e1rio\u2026","rel":"","context":"In &quot;Not\u00edcias de Ribeir\u00e3o Preto-SP e Regi\u00e3o&quot;","block_context":{"text":"Not\u00edcias de Ribeir\u00e3o Preto-SP e Regi\u00e3o","link":"https:\/\/noticiasribeiraopreto.com.br\/index.php\/category\/noticias-de-ribeirao-preto-sp-e-regiao-ismael-colosi\/"},"img":{"alt_text":"","src":"https:\/\/i0.wp.com\/noticiasribeiraopreto.com.br\/wp-content\/uploads\/2026\/03\/segunda-turma_2026-03-06_12-54-20.webp.webp?fit=1200%2C674&ssl=1&resize=350%2C200","width":350,"height":200,"srcset":"https:\/\/i0.wp.com\/noticiasribeiraopreto.com.br\/wp-content\/uploads\/2026\/03\/segunda-turma_2026-03-06_12-54-20.webp.webp?fit=1200%2C674&ssl=1&resize=350%2C200 1x, https:\/\/i0.wp.com\/noticiasribeiraopreto.com.br\/wp-content\/uploads\/2026\/03\/segunda-turma_2026-03-06_12-54-20.webp.webp?fit=1200%2C674&ssl=1&resize=525%2C300 1.5x, https:\/\/i0.wp.com\/noticiasribeiraopreto.com.br\/wp-content\/uploads\/2026\/03\/segunda-turma_2026-03-06_12-54-20.webp.webp?fit=1200%2C674&ssl=1&resize=700%2C400 2x, https:\/\/i0.wp.com\/noticiasribeiraopreto.com.br\/wp-content\/uploads\/2026\/03\/segunda-turma_2026-03-06_12-54-20.webp.webp?fit=1200%2C674&ssl=1&resize=1050%2C600 3x"},"classes":[]},{"id":77497,"url":"https:\/\/noticiasribeiraopreto.com.br\/index.php\/2025\/09\/19\/stf-suspende-julgamento-de-escutas-da-operacao-sevandija\/","url_meta":{"origin":75101,"position":2},"title":"STF suspende julgamento de escutas da Opera\u00e7\u00e3o Sevandija","author":"noticiasribeiraopreto.com.br","date":"19 de September de 2025","format":false,"excerpt":"19 de setembro de 2025 16:252 Compartilhar0 Julgamento sobre a legalidade das provas obtidas por meio de intercepta\u00e7\u00f5es telef\u00f4nicas foi suspenso nesta sexta-feira, 19 de setembro, em fun\u00e7\u00e3o de pedido de vistas de Gilmar Mendes; ministro ter\u00e1 prazo de at\u00e9 90 dias para votar O Supremo Tribunal Federal (STF) suspendeu\u2026","rel":"","context":"In &quot;Not\u00edcias de Ribeir\u00e3o Preto-SP e Regi\u00e3o&quot;","block_context":{"text":"Not\u00edcias de Ribeir\u00e3o Preto-SP e Regi\u00e3o","link":"https:\/\/noticiasribeiraopreto.com.br\/index.php\/category\/noticias-de-ribeirao-preto-sp-e-regiao-ismael-colosi\/"},"img":{"alt_text":"","src":"https:\/\/i0.wp.com\/noticiasribeiraopreto.com.br\/wp-content\/uploads\/2025\/09\/seva.webp.webp?fit=984%2C616&ssl=1&resize=350%2C200","width":350,"height":200,"srcset":"https:\/\/i0.wp.com\/noticiasribeiraopreto.com.br\/wp-content\/uploads\/2025\/09\/seva.webp.webp?fit=984%2C616&ssl=1&resize=350%2C200 1x, https:\/\/i0.wp.com\/noticiasribeiraopreto.com.br\/wp-content\/uploads\/2025\/09\/seva.webp.webp?fit=984%2C616&ssl=1&resize=525%2C300 1.5x, https:\/\/i0.wp.com\/noticiasribeiraopreto.com.br\/wp-content\/uploads\/2025\/09\/seva.webp.webp?fit=984%2C616&ssl=1&resize=700%2C400 2x"},"classes":[]},{"id":77208,"url":"https:\/\/noticiasribeiraopreto.com.br\/index.php\/2025\/09\/14\/entenda-o-que-o-stf-vai-decidir-sobre-a-operacao-sevandija\/","url_meta":{"origin":75101,"position":3},"title":"Entenda o que o STF vai decidir sobre a Opera\u00e7\u00e3o Sevandija","author":"noticiasribeiraopreto.com.br","date":"14 de September de 2025","format":false,"excerpt":"O STF (Supremo Tribunal Federal) analisar\u00e1, entre os dias 19 e 26 de setembro, a legalidade das intercepta\u00e7\u00f5es telef\u00f4nicas realizadas na Opera\u00e7\u00e3o Sevandija, que investigou agentes pol\u00edticos e empres\u00e1rios de Ribeir\u00e3o Preto. A decis\u00e3o do STF poder\u00e1 impactar diretamente os processos que utilizam essas intercepta\u00e7\u00f5es como prova \u2013 entenda o\u2026","rel":"","context":"In &quot;Not\u00edcias de Ribeir\u00e3o Preto-SP e Regi\u00e3o&quot;","block_context":{"text":"Not\u00edcias de Ribeir\u00e3o Preto-SP e Regi\u00e3o","link":"https:\/\/noticiasribeiraopreto.com.br\/index.php\/category\/noticias-de-ribeirao-preto-sp-e-regiao-ismael-colosi\/"},"img":{"alt_text":"","src":"https:\/\/i0.wp.com\/noticiasribeiraopreto.com.br\/wp-content\/uploads\/2025\/09\/10-07-2024-Fachadas-do-STF-Gustavo-Moreno-3-scaled-1_2025-09-12_18-24-44.webp.webp?fit=1200%2C800&ssl=1&resize=350%2C200","width":350,"height":200,"srcset":"https:\/\/i0.wp.com\/noticiasribeiraopreto.com.br\/wp-content\/uploads\/2025\/09\/10-07-2024-Fachadas-do-STF-Gustavo-Moreno-3-scaled-1_2025-09-12_18-24-44.webp.webp?fit=1200%2C800&ssl=1&resize=350%2C200 1x, https:\/\/i0.wp.com\/noticiasribeiraopreto.com.br\/wp-content\/uploads\/2025\/09\/10-07-2024-Fachadas-do-STF-Gustavo-Moreno-3-scaled-1_2025-09-12_18-24-44.webp.webp?fit=1200%2C800&ssl=1&resize=525%2C300 1.5x, https:\/\/i0.wp.com\/noticiasribeiraopreto.com.br\/wp-content\/uploads\/2025\/09\/10-07-2024-Fachadas-do-STF-Gustavo-Moreno-3-scaled-1_2025-09-12_18-24-44.webp.webp?fit=1200%2C800&ssl=1&resize=700%2C400 2x, https:\/\/i0.wp.com\/noticiasribeiraopreto.com.br\/wp-content\/uploads\/2025\/09\/10-07-2024-Fachadas-do-STF-Gustavo-Moreno-3-scaled-1_2025-09-12_18-24-44.webp.webp?fit=1200%2C800&ssl=1&resize=1050%2C600 3x"},"classes":[]},{"id":77478,"url":"https:\/\/noticiasribeiraopreto.com.br\/index.php\/2025\/09\/19\/veja-o-voto-do-ministro-nunes-marques-no-julgamento-da-sevandija\/","url_meta":{"origin":75101,"position":4},"title":"Veja o voto do ministro Nunes Marques no julgamento da Sevandija","author":"noticiasribeiraopreto.com.br","date":"19 de September de 2025","format":false,"excerpt":"O ministro Kassio Nunes Marques, do STF (Supremo Tribunal Federal), votou para manter a validade das escutas telef\u00f4nicas da Opera\u00e7\u00e3o Sevandija. O julgamento acontece no plen\u00e1rio virtual da 2\u00aa Turma do STF e segue at\u00e9 as 23h59 do dia 26 de setembro. Nunes Marques, que \u00e9 o relator do processo\u2026","rel":"","context":"In &quot;Not\u00edcias de Ribeir\u00e3o Preto-SP e Regi\u00e3o&quot;","block_context":{"text":"Not\u00edcias de Ribeir\u00e3o Preto-SP e Regi\u00e3o","link":"https:\/\/noticiasribeiraopreto.com.br\/index.php\/category\/noticias-de-ribeirao-preto-sp-e-regiao-ismael-colosi\/"},"img":{"alt_text":"","src":"https:\/\/i0.wp.com\/noticiasribeiraopreto.com.br\/wp-content\/uploads\/2025\/09\/kassio-nunes-marques_2025-09-12_13-09-16.webp.webp?fit=1200%2C799&ssl=1&resize=350%2C200","width":350,"height":200,"srcset":"https:\/\/i0.wp.com\/noticiasribeiraopreto.com.br\/wp-content\/uploads\/2025\/09\/kassio-nunes-marques_2025-09-12_13-09-16.webp.webp?fit=1200%2C799&ssl=1&resize=350%2C200 1x, https:\/\/i0.wp.com\/noticiasribeiraopreto.com.br\/wp-content\/uploads\/2025\/09\/kassio-nunes-marques_2025-09-12_13-09-16.webp.webp?fit=1200%2C799&ssl=1&resize=525%2C300 1.5x, https:\/\/i0.wp.com\/noticiasribeiraopreto.com.br\/wp-content\/uploads\/2025\/09\/kassio-nunes-marques_2025-09-12_13-09-16.webp.webp?fit=1200%2C799&ssl=1&resize=700%2C400 2x, https:\/\/i0.wp.com\/noticiasribeiraopreto.com.br\/wp-content\/uploads\/2025\/09\/kassio-nunes-marques_2025-09-12_13-09-16.webp.webp?fit=1200%2C799&ssl=1&resize=1050%2C600 3x"},"classes":[]},{"id":77491,"url":"https:\/\/noticiasribeiraopreto.com.br\/index.php\/2025\/09\/19\/gilmar-mendes-pede-vista-e-julgamento-da-sevandija-e-suspenso-no-stf\/","url_meta":{"origin":75101,"position":5},"title":"Gilmar Mendes pede vista e julgamento da Sevandija \u00e9 suspenso no STF","author":"noticiasribeiraopreto.com.br","date":"19 de September de 2025","format":false,"excerpt":"O ministro Gilmar Mendes, do STF (Supremo Tribunal Federal), fez um pedido de vista no julgamento da legalidade das escutas telef\u00f4nicas da Opera\u00e7\u00e3o Sevandija. O julgamento come\u00e7ou nesta sexta-feira (19) no plen\u00e1rio virtual da 2\u00ba Turma do Supremo. Com isso, o julgamento foi suspenso e s\u00f3 ser\u00e1 reiniciado quando o\u2026","rel":"","context":"In &quot;Not\u00edcias de Ribeir\u00e3o Preto-SP e Regi\u00e3o&quot;","block_context":{"text":"Not\u00edcias de Ribeir\u00e3o Preto-SP e Regi\u00e3o","link":"https:\/\/noticiasribeiraopreto.com.br\/index.php\/category\/noticias-de-ribeirao-preto-sp-e-regiao-ismael-colosi\/"},"img":{"alt_text":"","src":"https:\/\/i0.wp.com\/noticiasribeiraopreto.com.br\/wp-content\/uploads\/2025\/09\/gilmar-mendes_2025-09-19_16-57-38.webp.webp?fit=1200%2C799&ssl=1&resize=350%2C200","width":350,"height":200,"srcset":"https:\/\/i0.wp.com\/noticiasribeiraopreto.com.br\/wp-content\/uploads\/2025\/09\/gilmar-mendes_2025-09-19_16-57-38.webp.webp?fit=1200%2C799&ssl=1&resize=350%2C200 1x, https:\/\/i0.wp.com\/noticiasribeiraopreto.com.br\/wp-content\/uploads\/2025\/09\/gilmar-mendes_2025-09-19_16-57-38.webp.webp?fit=1200%2C799&ssl=1&resize=525%2C300 1.5x, https:\/\/i0.wp.com\/noticiasribeiraopreto.com.br\/wp-content\/uploads\/2025\/09\/gilmar-mendes_2025-09-19_16-57-38.webp.webp?fit=1200%2C799&ssl=1&resize=700%2C400 2x, https:\/\/i0.wp.com\/noticiasribeiraopreto.com.br\/wp-content\/uploads\/2025\/09\/gilmar-mendes_2025-09-19_16-57-38.webp.webp?fit=1200%2C799&ssl=1&resize=1050%2C600 3x"},"classes":[]}],"jetpack_sharing_enabled":true,"jetpack_shortlink":"https:\/\/wp.me\/peQAOb-jxj","_links":{"self":[{"href":"https:\/\/noticiasribeiraopreto.com.br\/index.php\/wp-json\/wp\/v2\/posts\/75101","targetHints":{"allow":["GET"]}}],"collection":[{"href":"https:\/\/noticiasribeiraopreto.com.br\/index.php\/wp-json\/wp\/v2\/posts"}],"about":[{"href":"https:\/\/noticiasribeiraopreto.com.br\/index.php\/wp-json\/wp\/v2\/types\/post"}],"author":[{"embeddable":true,"href":"https:\/\/noticiasribeiraopreto.com.br\/index.php\/wp-json\/wp\/v2\/users\/1"}],"replies":[{"embeddable":true,"href":"https:\/\/noticiasribeiraopreto.com.br\/index.php\/wp-json\/wp\/v2\/comments?post=75101"}],"version-history":[{"count":0,"href":"https:\/\/noticiasribeiraopreto.com.br\/index.php\/wp-json\/wp\/v2\/posts\/75101\/revisions"}],"wp:featuredmedia":[{"embeddable":true,"href":"https:\/\/noticiasribeiraopreto.com.br\/index.php\/wp-json\/wp\/v2\/media\/75102"}],"wp:attachment":[{"href":"https:\/\/noticiasribeiraopreto.com.br\/index.php\/wp-json\/wp\/v2\/media?parent=75101"}],"wp:term":[{"taxonomy":"category","embeddable":true,"href":"https:\/\/noticiasribeiraopreto.com.br\/index.php\/wp-json\/wp\/v2\/categories?post=75101"},{"taxonomy":"post_tag","embeddable":true,"href":"https:\/\/noticiasribeiraopreto.com.br\/index.php\/wp-json\/wp\/v2\/tags?post=75101"}],"curies":[{"name":"wp","href":"https:\/\/api.w.org\/{rel}","templated":true}]}}