{"id":75103,"date":"2025-08-03T15:50:45","date_gmt":"2025-08-03T18:50:45","guid":{"rendered":"https:\/\/noticiasribeiraopreto.com.br\/index.php\/2025\/08\/03\/ribeirao-preto-mira-sistema-de-monitoramento-com-ia-e-define-fonte-de-receita\/"},"modified":"2025-08-03T15:50:45","modified_gmt":"2025-08-03T18:50:45","slug":"ribeirao-preto-mira-sistema-de-monitoramento-com-ia-e-define-fonte-de-receita","status":"publish","type":"post","link":"https:\/\/noticiasribeiraopreto.com.br\/index.php\/2025\/08\/03\/ribeirao-preto-mira-sistema-de-monitoramento-com-ia-e-define-fonte-de-receita\/","title":{"rendered":"Ribeir\u00e3o Preto mira sistema de monitoramento com IA e define fonte de receita"},"content":{"rendered":"<div class='code-block code-block-1' style='margin: 8px 0 8px auto; text-align: right; display: block; clear: both;'>\n<p><a href=\"https:\/\/wa.link\/vpicfd\"><img data-recalc-dims=\"1\" class=\"wp-image-4922\" style=\"aspect-ratio: 2.0253164556962027; width: 561px; height: auto;\" src=\"https:\/\/i0.wp.com\/ismaelcolosi.com.br\/wp-content\/uploads\/2023\/11\/grupo-de-empregos-whatsapp-e-facebook-ismael-colosi-vagas.jpg?ssl=1\" alt=\"\" \/><\/a><\/p>\n<!-- \/wp:image -->\n<\/div>\n<p> <br \/>\n<\/p>\n<div>\n<p>A<strong><a href=\"https:\/\/www.camararibeiraopreto.sp.gov.br\/\" data-type=\"link\" data-id=\"https:\/\/www.camararibeiraopreto.sp.gov.br\/\" target=\"_blank\" rel=\"noopener\"> C\u00e2mara de Ribeir\u00e3o Preto<\/a><\/strong> vota nesta segunda-feira (4) projeto que amplia a destina\u00e7\u00e3o dos recursos oriundos da<strong> CIP (Contribui\u00e7\u00e3o para Custeio do Servi\u00e7o de Ilumina\u00e7\u00e3o P\u00fablica)<\/strong>, que vem inclusa na conta de energia el\u00e9trica. <mark style=\"background-color:#fcb900\" class=\"has-inline-color has-black-color\">A inten\u00e7\u00e3o da prefeitura \u00e9 utilizar parte dos recursos no novo sistema de monitoramento com IA (intelig\u00eancia artificial) da cidade.<\/mark><\/p>\n<p>O projeto de lei complementar 27\/2025 altera a lei complementar que instituiu a CIP, conforme o artigo 149-A da Constitui\u00e7\u00e3o Federal, que permite a utiliza\u00e7\u00e3o dos recursos no servi\u00e7o de ilumina\u00e7\u00e3o p\u00fablica e nos sistemas de monitoramento para seguran\u00e7a e preserva\u00e7\u00e3o de logradouros p\u00fablicos.<\/p>\n<h2 class=\"wp-block-heading\"><strong>Uso de IA<\/strong><\/h2>\n<p>Na justifica do projeto, o prefeito<strong> Ricardo Silva (PSD)<\/strong> afirma que pretende instalar um programa de monitoramento por c\u00e2meras, uso de softwares avan\u00e7ados e intelig\u00eancia artificial, como o <strong>Smart Sampa<\/strong>, em S\u00e3o Paulo. \u00a0<\/p>\n<p>\u201cImportante salientar que a adequa\u00e7\u00e3o legislativa em nada obsta ou atrapalha a execu\u00e7\u00e3o da atual PPP da ilumina\u00e7\u00e3o, que tem seus recursos reservados por lei espec\u00edfica e contrato assinado pela gest\u00e3o passada\u201d, informa.<\/p>\n<p>Na proposta, a prefeitura ainda informa que a mudan\u00e7a na lei tamb\u00e9m n\u00e3o cria ou altera os valores da CIP, mas apenas amplia a destina\u00e7\u00e3o dos recursos.<\/p>\n<h2 class=\"wp-block-heading\"><strong>Smart Sampa<\/strong><\/h2>\n<p>Criado em 2023, o Smart Sampa prev\u00ea a instala\u00e7\u00e3o de 20 mil c\u00e2meras na capital do estado, com o intuito de acelerar o atendimento de ocorr\u00eancias. A inten\u00e7\u00e3o \u00e9 que as c\u00e2meras sejam instaladas nas regi\u00f5es com maiores \u00edndices de criminalidade.<\/p>\n<p>SAIBA MAIS<br \/>Como o condom\u00ednio deve agir frente aos cond\u00f4minos antissociais?<\/p>\n<h2 class=\"wp-block-heading\"><strong>FIQUE ON<\/strong><\/h2>\n<p>Fique ligado em tudo que acontece em Ribeir\u00e3o Preto e regi\u00e3o. Siga os perfis do\u00a0<strong>acidade on\u00a0<\/strong>no<a href=\"https:\/\/www.instagram.com\/acidadeonribeirao\" target=\"_blank\" rel=\"noreferrer noopener\">\u00a0Instagram<\/a>\u00a0e no\u00a0<a href=\"https:\/\/www.facebook.com\/acidadeonribeirao\/\" target=\"_blank\" rel=\"noreferrer noopener\">Facebook<\/a>.<\/p>\n<p>Receba not\u00edcias do\u00a0<strong>acidade on<\/strong>\u00a0no WhatsApp.<a href=\"https:\/\/chat.whatsapp.com\/BjKQZ9oJwlz8VVT50NuePq\" target=\"_blank\" rel=\"noreferrer noopener\">\u00a0Para entrar no grupo, basta clicar aqui.<\/a><\/p>\n<p>Fa\u00e7a uma den\u00fancia ou sugira uma reportagem sobre Ribeir\u00e3o Preto e regi\u00e3o pelo WhatsApp: 16 99117 7802.<\/p>\n<p>VEJA TAMB\u00c9M<br \/>Voc\u00ea sabe como manter as orqu\u00eddeas floridas por mais tempo?<\/p>\n<p><!-- AI CONTENT END 1 -->\n<\/div>\n<p><script async src=\"\/\/www.instagram.com\/embed.js\"><\/script><br \/>\n<br \/><br \/>\n<br \/><a href=\"https:\/\/www.acidadeon.com\/ribeiraopreto\/politica\/ribeirao-preto-mira-sistema-de-monitoramento-com-ia-e-define-fonte-de-receita\/\">Source link <\/a><\/p>\n<!-- CONTENT END 1 -->\n","protected":false},"excerpt":{"rendered":"<p>A C\u00e2mara de Ribeir\u00e3o Preto vota nesta segunda-feira (4) projeto que amplia a destina\u00e7\u00e3o dos recursos oriundos da CIP (Contribui\u00e7\u00e3o para Custeio do Servi\u00e7o de&#8230;<\/p>\n","protected":false},"author":1,"featured_media":75104,"comment_status":"open","ping_status":"open","sticky":false,"template":"","format":"standard","meta":{"advanced_seo_description":"","jetpack_seo_html_title":"","jetpack_seo_noindex":false,"jetpack_post_was_ever_published":false,"_jetpack_newsletter_access":"","_jetpack_dont_email_post_to_subs":false,"_jetpack_newsletter_tier_id":0,"_jetpack_memberships_contains_paywalled_content":false,"_jetpack_memberships_contains_paid_content":false,"footnotes":"","jetpack_publicize_message":"","jetpack_publicize_feature_enabled":true,"jetpack_social_post_already_shared":true,"jetpack_social_options":{"image_generator_settings":{"template":"highway","default_image_id":0,"font":"","enabled":false},"version":2}},"categories":[11],"tags":[],"class_list":["post-75103","post","type-post","status-publish","format-standard","has-post-thumbnail","hentry","category-noticias-de-ribeirao-preto-sp-e-regiao-ismael-colosi"],"jetpack_publicize_connections":[],"jetpack_featured_media_url":"https:\/\/i0.wp.com\/noticiasribeiraopreto.com.br\/wp-content\/uploads\/2025\/08\/smart-sampa-ribeirao-preto_2025-08-03_16-34-47.webp.webp?fit=1146%2C709&ssl=1","jetpack-related-posts":[{"id":75196,"url":"https:\/\/noticiasribeiraopreto.com.br\/index.php\/2025\/08\/05\/camara-de-ribeirao-preto-aprova-mudanca-na-cobranca-da-iluminacao-publica-entenda\/","url_meta":{"origin":75103,"position":0},"title":"C\u00e2mara de Ribeir\u00e3o Preto aprova mudan\u00e7a na cobran\u00e7a da ilumina\u00e7\u00e3o p\u00fablica; Entenda","author":"noticiasribeiraopreto.com.br","date":"5 de August de 2025","format":false,"excerpt":"A C\u00e2mara de Ribeir\u00e3o Preto aprovou na segunda-feira (4), em primeira discuss\u00e3o, o projeto de lei complementar que permite a mudan\u00e7a nas regras da CIP (Contribui\u00e7\u00e3o para Custeio do Servi\u00e7o de Ilumina\u00e7\u00e3o P\u00fablica). A cobran\u00e7a vem junto com a conta de energia el\u00e9trica. A inten\u00e7\u00e3o da prefeitura \u00e9 utilizar parte\u2026","rel":"","context":"In &quot;Not\u00edcias de Ribeir\u00e3o Preto-SP e Regi\u00e3o&quot;","block_context":{"text":"Not\u00edcias de Ribeir\u00e3o Preto-SP e Regi\u00e3o","link":"https:\/\/noticiasribeiraopreto.com.br\/index.php\/category\/noticias-de-ribeirao-preto-sp-e-regiao-ismael-colosi\/"},"img":{"alt_text":"","src":"https:\/\/i0.wp.com\/noticiasribeiraopreto.com.br\/wp-content\/uploads\/2025\/08\/camara-ribeirao-preto_2025-08-05_14-36-33.webp.webp?fit=1200%2C799&ssl=1&resize=350%2C200","width":350,"height":200,"srcset":"https:\/\/i0.wp.com\/noticiasribeiraopreto.com.br\/wp-content\/uploads\/2025\/08\/camara-ribeirao-preto_2025-08-05_14-36-33.webp.webp?fit=1200%2C799&ssl=1&resize=350%2C200 1x, https:\/\/i0.wp.com\/noticiasribeiraopreto.com.br\/wp-content\/uploads\/2025\/08\/camara-ribeirao-preto_2025-08-05_14-36-33.webp.webp?fit=1200%2C799&ssl=1&resize=525%2C300 1.5x, https:\/\/i0.wp.com\/noticiasribeiraopreto.com.br\/wp-content\/uploads\/2025\/08\/camara-ribeirao-preto_2025-08-05_14-36-33.webp.webp?fit=1200%2C799&ssl=1&resize=700%2C400 2x, https:\/\/i0.wp.com\/noticiasribeiraopreto.com.br\/wp-content\/uploads\/2025\/08\/camara-ribeirao-preto_2025-08-05_14-36-33.webp.webp?fit=1200%2C799&ssl=1&resize=1050%2C600 3x"},"classes":[]},{"id":75204,"url":"https:\/\/noticiasribeiraopreto.com.br\/index.php\/2025\/08\/05\/camara-aprova-recursos-para-monitoramento-com-reconhecimento-facial\/","url_meta":{"origin":75103,"position":1},"title":"C\u00e2mara aprova recursos para monitoramento com reconhecimento facial","author":"noticiasribeiraopreto.com.br","date":"5 de August de 2025","format":false,"excerpt":"5 de agosto de 2025 14:405 de agosto de 2025 14:477 Compartilhar0 Os vereadores de Ribeir\u00e3o Preto aprovaram em primeira vota\u00e7\u00e3o, o projeto de lei do prefeito de Ribeir\u00e3o Preto, Ricardo Silva (PSD) que permite o uso de parte dos recursos da Contribui\u00e7\u00e3o de Ilumina\u00e7\u00e3o P\u00fablica (CIP) para o monitoramento\u2026","rel":"","context":"In &quot;Not\u00edcias de Ribeir\u00e3o Preto-SP e Regi\u00e3o&quot;","block_context":{"text":"Not\u00edcias de Ribeir\u00e3o Preto-SP e Regi\u00e3o","link":"https:\/\/noticiasribeiraopreto.com.br\/index.php\/category\/noticias-de-ribeirao-preto-sp-e-regiao-ismael-colosi\/"},"img":{"alt_text":"","src":"https:\/\/i0.wp.com\/noticiasribeiraopreto.com.br\/wp-content\/uploads\/2025\/08\/CamaraMunicipal-scaled-1.jpg?fit=920%2C645&ssl=1&resize=350%2C200","width":350,"height":200,"srcset":"https:\/\/i0.wp.com\/noticiasribeiraopreto.com.br\/wp-content\/uploads\/2025\/08\/CamaraMunicipal-scaled-1.jpg?fit=920%2C645&ssl=1&resize=350%2C200 1x, https:\/\/i0.wp.com\/noticiasribeiraopreto.com.br\/wp-content\/uploads\/2025\/08\/CamaraMunicipal-scaled-1.jpg?fit=920%2C645&ssl=1&resize=525%2C300 1.5x, https:\/\/i0.wp.com\/noticiasribeiraopreto.com.br\/wp-content\/uploads\/2025\/08\/CamaraMunicipal-scaled-1.jpg?fit=920%2C645&ssl=1&resize=700%2C400 2x"},"classes":[]},{"id":73416,"url":"https:\/\/noticiasribeiraopreto.com.br\/index.php\/2025\/07\/02\/smart-ribeirao-prefeitura-busca-recurso-da-cip\/","url_meta":{"origin":75103,"position":2},"title":"SMART RIBEIR\u00c3O &#8211; Prefeitura busca recurso da CIP\u00a0","author":"noticiasribeiraopreto.com.br","date":"2 de July de 2025","format":false,"excerpt":"2 de julho de 2025 08:002 de julho de 2025 07:4612 Compartilhar0 O prefeito Ricardo Silva (PSD) quer implementar, em Ribeir\u00e3o Preto, um sistema de monitoramento igual ao Smart Sampa, em opera\u00e7\u00e3o na cidade de S\u00e3o Paulo. O programa desenvolvido na capital paulista integra imagens de c\u00e2meras p\u00fablicas e privadas\u2026","rel":"","context":"In &quot;Not\u00edcias de Ribeir\u00e3o Preto-SP e Regi\u00e3o&quot;","block_context":{"text":"Not\u00edcias de Ribeir\u00e3o Preto-SP e Regi\u00e3o","link":"https:\/\/noticiasribeiraopreto.com.br\/index.php\/category\/noticias-de-ribeirao-preto-sp-e-regiao-ismael-colosi\/"},"img":{"alt_text":"","src":"https:\/\/i0.wp.com\/noticiasribeiraopreto.com.br\/wp-content\/uploads\/2025\/07\/SmartCIP.jpeg?fit=1200%2C900&ssl=1&resize=350%2C200","width":350,"height":200,"srcset":"https:\/\/i0.wp.com\/noticiasribeiraopreto.com.br\/wp-content\/uploads\/2025\/07\/SmartCIP.jpeg?fit=1200%2C900&ssl=1&resize=350%2C200 1x, https:\/\/i0.wp.com\/noticiasribeiraopreto.com.br\/wp-content\/uploads\/2025\/07\/SmartCIP.jpeg?fit=1200%2C900&ssl=1&resize=525%2C300 1.5x, https:\/\/i0.wp.com\/noticiasribeiraopreto.com.br\/wp-content\/uploads\/2025\/07\/SmartCIP.jpeg?fit=1200%2C900&ssl=1&resize=700%2C400 2x, https:\/\/i0.wp.com\/noticiasribeiraopreto.com.br\/wp-content\/uploads\/2025\/07\/SmartCIP.jpeg?fit=1200%2C900&ssl=1&resize=1050%2C600 3x"},"classes":[]},{"id":82760,"url":"https:\/\/noticiasribeiraopreto.com.br\/index.php\/2026\/02\/26\/ribeirao-investira-r-180-mi-em-sistema-de-cameras\/","url_meta":{"origin":75103,"position":3},"title":"Ribeir\u00e3o investir\u00e1 R$ 180 mi em sistema de c\u00e2meras","author":"noticiasribeiraopreto.com.br","date":"26 de February de 2026","format":false,"excerpt":"Licita\u00e7\u00e3o foi aberta esta semana pela prefeitura e prev\u00ea contrata\u00e7\u00e3o de empresa para monitoramento de vias p\u00fablicas A prefeitura de Ribeir\u00e3o Preto abriu licita\u00e7\u00e3o visando a contrata\u00e7\u00e3o de empresa especializada em monitoramento, por meio de c\u00e2meras inteligentes, de logradouros p\u00fablicos da cidade. Segundo o edital do preg\u00e3o eletr\u00f4nico, publicado no\u2026","rel":"","context":"In &quot;Not\u00edcias de Ribeir\u00e3o Preto-SP e Regi\u00e3o&quot;","block_context":{"text":"Not\u00edcias de Ribeir\u00e3o Preto-SP e Regi\u00e3o","link":"https:\/\/noticiasribeiraopreto.com.br\/index.php\/category\/noticias-de-ribeirao-preto-sp-e-regiao-ismael-colosi\/"},"img":{"alt_text":"","src":"https:\/\/i0.wp.com\/noticiasribeiraopreto.com.br\/wp-content\/uploads\/2026\/02\/Smart-Rovena-Rosa-Ag.Br_.jpg?fit=1170%2C700&ssl=1&resize=350%2C200","width":350,"height":200,"srcset":"https:\/\/i0.wp.com\/noticiasribeiraopreto.com.br\/wp-content\/uploads\/2026\/02\/Smart-Rovena-Rosa-Ag.Br_.jpg?fit=1170%2C700&ssl=1&resize=350%2C200 1x, https:\/\/i0.wp.com\/noticiasribeiraopreto.com.br\/wp-content\/uploads\/2026\/02\/Smart-Rovena-Rosa-Ag.Br_.jpg?fit=1170%2C700&ssl=1&resize=525%2C300 1.5x, https:\/\/i0.wp.com\/noticiasribeiraopreto.com.br\/wp-content\/uploads\/2026\/02\/Smart-Rovena-Rosa-Ag.Br_.jpg?fit=1170%2C700&ssl=1&resize=700%2C400 2x, https:\/\/i0.wp.com\/noticiasribeiraopreto.com.br\/wp-content\/uploads\/2026\/02\/Smart-Rovena-Rosa-Ag.Br_.jpg?fit=1170%2C700&ssl=1&resize=1050%2C600 3x"},"classes":[]},{"id":83525,"url":"https:\/\/noticiasribeiraopreto.com.br\/index.php\/2026\/03\/20\/prefeitura-revoga-edital-de-cameras\/","url_meta":{"origin":75103,"position":4},"title":"Prefeitura revoga edital de c\u00e2meras","author":"noticiasribeiraopreto.com.br","date":"20 de March de 2026","format":false,"excerpt":"Prefeitura considera decis\u00e3o uma oportunidade para promover ajustes t\u00e9cnicos no edital, aprimorar as condi\u00e7\u00f5es do certame e ampliar a competitividade entre empresas A prefeitura de Ribeir\u00e3o Preto decidiu revogar o preg\u00e3o eletr\u00f4nico n\u00ba 8\/2026, que prev\u00ea a contrata\u00e7\u00e3o de empresa especializada para fornecimento, implanta\u00e7\u00e3o, configura\u00e7\u00e3o e suporte t\u00e9cnico de uma\u2026","rel":"","context":"In &quot;Not\u00edcias de Ribeir\u00e3o Preto-SP e Regi\u00e3o&quot;","block_context":{"text":"Not\u00edcias de Ribeir\u00e3o Preto-SP e Regi\u00e3o","link":"https:\/\/noticiasribeiraopreto.com.br\/index.php\/category\/noticias-de-ribeirao-preto-sp-e-regiao-ismael-colosi\/"},"img":{"alt_text":"","src":"https:\/\/i0.wp.com\/noticiasribeiraopreto.com.br\/wp-content\/uploads\/2026\/03\/Smart-Rovena-Rosa-Ag.Br_-1.jpg?fit=1170%2C700&ssl=1&resize=350%2C200","width":350,"height":200,"srcset":"https:\/\/i0.wp.com\/noticiasribeiraopreto.com.br\/wp-content\/uploads\/2026\/03\/Smart-Rovena-Rosa-Ag.Br_-1.jpg?fit=1170%2C700&ssl=1&resize=350%2C200 1x, https:\/\/i0.wp.com\/noticiasribeiraopreto.com.br\/wp-content\/uploads\/2026\/03\/Smart-Rovena-Rosa-Ag.Br_-1.jpg?fit=1170%2C700&ssl=1&resize=525%2C300 1.5x, https:\/\/i0.wp.com\/noticiasribeiraopreto.com.br\/wp-content\/uploads\/2026\/03\/Smart-Rovena-Rosa-Ag.Br_-1.jpg?fit=1170%2C700&ssl=1&resize=700%2C400 2x, https:\/\/i0.wp.com\/noticiasribeiraopreto.com.br\/wp-content\/uploads\/2026\/03\/Smart-Rovena-Rosa-Ag.Br_-1.jpg?fit=1170%2C700&ssl=1&resize=1050%2C600 3x"},"classes":[]},{"id":82902,"url":"https:\/\/noticiasribeiraopreto.com.br\/index.php\/2026\/03\/03\/novo-sistema-tera-100-cameras-inteligentes\/","url_meta":{"origin":75103,"position":5},"title":"Novo sistema ter\u00e1 100 \u2028c\u00e2meras inteligentes","author":"noticiasribeiraopreto.com.br","date":"3 de March de 2026","format":false,"excerpt":"Equipamentos de monitoramento ser\u00e3o instalados em todas regi\u00f5es e incluir\u00e3o as avenidas Independ\u00eancia, Francisco Junqueira, Jer\u00f4nimo Gon\u00e7alves, Dom Pedro I e ruas como Am\u00e9rico Brasiliense e S\u00e3o Sebasti\u00e3o A licita\u00e7\u00e3o aberta pela prefeitura de Ribeir\u00e3o Preto visando a contrata\u00e7\u00e3o de empresa especializada em monitoramento de logradouros p\u00fablicos, ter\u00e1 pelos menos\u2026","rel":"","context":"In &quot;Not\u00edcias de Ribeir\u00e3o Preto-SP e Regi\u00e3o&quot;","block_context":{"text":"Not\u00edcias de Ribeir\u00e3o Preto-SP e Regi\u00e3o","link":"https:\/\/noticiasribeiraopreto.com.br\/index.php\/category\/noticias-de-ribeirao-preto-sp-e-regiao-ismael-colosi\/"},"img":{"alt_text":"","src":"https:\/\/i0.wp.com\/noticiasribeiraopreto.com.br\/wp-content\/uploads\/2026\/03\/Smart-Prefeitura-de-Sao-Paulo-scaled.jpeg?fit=1040%2C780&ssl=1&resize=350%2C200","width":350,"height":200,"srcset":"https:\/\/i0.wp.com\/noticiasribeiraopreto.com.br\/wp-content\/uploads\/2026\/03\/Smart-Prefeitura-de-Sao-Paulo-scaled.jpeg?fit=1040%2C780&ssl=1&resize=350%2C200 1x, https:\/\/i0.wp.com\/noticiasribeiraopreto.com.br\/wp-content\/uploads\/2026\/03\/Smart-Prefeitura-de-Sao-Paulo-scaled.jpeg?fit=1040%2C780&ssl=1&resize=525%2C300 1.5x, https:\/\/i0.wp.com\/noticiasribeiraopreto.com.br\/wp-content\/uploads\/2026\/03\/Smart-Prefeitura-de-Sao-Paulo-scaled.jpeg?fit=1040%2C780&ssl=1&resize=700%2C400 2x"},"classes":[]}],"jetpack_sharing_enabled":true,"jetpack_shortlink":"https:\/\/wp.me\/peQAOb-jxl","_links":{"self":[{"href":"https:\/\/noticiasribeiraopreto.com.br\/index.php\/wp-json\/wp\/v2\/posts\/75103","targetHints":{"allow":["GET"]}}],"collection":[{"href":"https:\/\/noticiasribeiraopreto.com.br\/index.php\/wp-json\/wp\/v2\/posts"}],"about":[{"href":"https:\/\/noticiasribeiraopreto.com.br\/index.php\/wp-json\/wp\/v2\/types\/post"}],"author":[{"embeddable":true,"href":"https:\/\/noticiasribeiraopreto.com.br\/index.php\/wp-json\/wp\/v2\/users\/1"}],"replies":[{"embeddable":true,"href":"https:\/\/noticiasribeiraopreto.com.br\/index.php\/wp-json\/wp\/v2\/comments?post=75103"}],"version-history":[{"count":0,"href":"https:\/\/noticiasribeiraopreto.com.br\/index.php\/wp-json\/wp\/v2\/posts\/75103\/revisions"}],"wp:featuredmedia":[{"embeddable":true,"href":"https:\/\/noticiasribeiraopreto.com.br\/index.php\/wp-json\/wp\/v2\/media\/75104"}],"wp:attachment":[{"href":"https:\/\/noticiasribeiraopreto.com.br\/index.php\/wp-json\/wp\/v2\/media?parent=75103"}],"wp:term":[{"taxonomy":"category","embeddable":true,"href":"https:\/\/noticiasribeiraopreto.com.br\/index.php\/wp-json\/wp\/v2\/categories?post=75103"},{"taxonomy":"post_tag","embeddable":true,"href":"https:\/\/noticiasribeiraopreto.com.br\/index.php\/wp-json\/wp\/v2\/tags?post=75103"}],"curies":[{"name":"wp","href":"https:\/\/api.w.org\/{rel}","templated":true}]}}