{"id":75105,"date":"2025-08-03T15:57:09","date_gmt":"2025-08-03T18:57:09","guid":{"rendered":"https:\/\/noticiasribeiraopreto.com.br\/index.php\/2025\/08\/03\/saerp-alerta-para-falta-dagua-na-zona-sul-de-ribeirao-preto\/"},"modified":"2025-08-03T15:57:09","modified_gmt":"2025-08-03T18:57:09","slug":"saerp-alerta-para-falta-dagua-na-zona-sul-de-ribeirao-preto","status":"publish","type":"post","link":"https:\/\/noticiasribeiraopreto.com.br\/index.php\/2025\/08\/03\/saerp-alerta-para-falta-dagua-na-zona-sul-de-ribeirao-preto\/","title":{"rendered":"Saerp alerta para falta d\u2019\u00e1gua na zona Sul de Ribeir\u00e3o Preto"},"content":{"rendered":"<div class='code-block code-block-1' style='margin: 8px 0 8px auto; text-align: right; display: block; clear: both;'>\n<p><a href=\"https:\/\/wa.link\/vpicfd\"><img data-recalc-dims=\"1\" class=\"wp-image-4922\" style=\"aspect-ratio: 2.0253164556962027; width: 561px; height: auto;\" src=\"https:\/\/i0.wp.com\/ismaelcolosi.com.br\/wp-content\/uploads\/2023\/11\/grupo-de-empregos-whatsapp-e-facebook-ismael-colosi-vagas.jpg?ssl=1\" alt=\"\" \/><\/a><\/p>\n<!-- \/wp:image -->\n<\/div>\n<p> <br \/>\n<\/p>\n<div data-td-block-uid=\"tdi_95\">\n<div class=\"tdb-block-inner td-fix-index\">\n<p>A<a href=\"https:\/\/www.ribeiraopreto.sp.gov.br\/portal\/saerp\/\" data-type=\"link\" data-id=\"https:\/\/www.ribeiraopreto.sp.gov.br\/portal\/saerp\/\" target=\"_blank\" rel=\"noopener\"> <strong>Saerp (Secretaria de \u00c1gua e Esgoto de Ribeir\u00e3o Preto)<\/strong><\/a> informou neste domingo (3) que<mark style=\"background-color:#fcb900\" class=\"has-inline-color has-black-color\"> na pr\u00f3xima ter\u00e7a-feira (5) ser\u00e1 realizada uma manuten\u00e7\u00e3o programada no po\u00e7o CDHU<\/mark>, na zona Sul de <strong>Ribeir\u00e3o Preto<\/strong>.<\/p>\n<p>A medida \u00e9 necess\u00e1ria para restabelecer por completo o funcionamento do po\u00e7o. Por conta do servi\u00e7o, poder\u00e1 haver intermit\u00eancias no Jo\u00e3o Rossi e em parte do bairro Jardim Nova Alian\u00e7a.<\/p>\n<p><mark style=\"background-color:#fcb900\" class=\"has-inline-color has-black-color\">A Saerp ressalta que disponibilizar\u00e1 caminh\u00f5es-pipa para atender a regi\u00e3o. <\/mark>A solicita\u00e7\u00e3o pode ser feita pelo telefone 0800 115 0 115 que funciona todos os dias por 24 horas.<\/p>\n<p>A previs\u00e3o de t\u00e9rmino dos trabalhos ser\u00e1 \u00e0s 22h, quando o abastecimento voltar\u00e1 gradativamente.<\/p>\n<h3 class=\"wp-block-heading\"><strong>O que fazer?<\/strong><\/h3>\n<p>Caso o seu bairro apresente falhas no abastecimento, entre em contato com a Saerp pelo telefone 0800 115 0115 ou procure por um posto de atendimento (<a href=\"https:\/\/www.ribeiraopreto.sp.gov.br\/portal\/saerp\/\" target=\"_blank\" rel=\"noreferrer noopener\">clique aqui<\/a>).<\/p>\n<p>SAIBA MAIS<br \/>Como o condom\u00ednio deve agir frente aos cond\u00f4minos antissociais?<\/p>\n<h2 class=\"wp-block-heading\"><strong>FIQUE ON<\/strong><\/h2>\n<p>Fique ligado em tudo que acontece em Ribeir\u00e3o Preto e regi\u00e3o. Siga os perfis do\u00a0<strong>acidade on\u00a0<\/strong>no<a href=\"https:\/\/www.instagram.com\/acidadeonribeirao\" target=\"_blank\" rel=\"noreferrer noopener\">\u00a0Instagram<\/a>\u00a0e no\u00a0<a href=\"https:\/\/www.facebook.com\/acidadeonribeirao\/\" target=\"_blank\" rel=\"noreferrer noopener\">Facebook<\/a>.<\/p>\n<p>Receba not\u00edcias do\u00a0<strong>acidade on<\/strong>\u00a0no WhatsApp.<a href=\"https:\/\/chat.whatsapp.com\/BjKQZ9oJwlz8VVT50NuePq\" target=\"_blank\" rel=\"noreferrer noopener\">\u00a0Para entrar no grupo, basta clicar aqui.<\/a><\/p>\n<p>Fa\u00e7a uma den\u00fancia ou sugira uma reportagem sobre Ribeir\u00e3o Preto e regi\u00e3o pelo WhatsApp: 16 99117 7802.<\/p>\n<p>VEJA TAMB\u00c9M<br \/>Voc\u00ea sabe como manter as orqu\u00eddeas floridas por mais tempo?<\/p>\n<p><!-- AI CONTENT END 1 -->\n<\/div>\n<\/div>\n<p><script async src=\"\/\/www.instagram.com\/embed.js\"><\/script><br \/>\n<br \/><br \/>\n<br \/><a href=\"https:\/\/www.acidadeon.com\/ribeiraopreto\/cotidiano\/saerp-alerta-para-falta-dagua-na-zona-sul-de-ribeirao-preto\/\">Source link <\/a><\/p>\n<!-- CONTENT END 1 -->\n","protected":false},"excerpt":{"rendered":"<p>A Saerp (Secretaria de \u00c1gua e Esgoto de Ribeir\u00e3o Preto) informou neste domingo (3) que na pr\u00f3xima ter\u00e7a-feira (5) ser\u00e1 realizada uma manuten\u00e7\u00e3o programada no&#8230;<\/p>\n","protected":false},"author":1,"featured_media":74950,"comment_status":"open","ping_status":"open","sticky":false,"template":"","format":"standard","meta":{"advanced_seo_description":"","jetpack_seo_html_title":"","jetpack_seo_noindex":false,"jetpack_post_was_ever_published":false,"_jetpack_newsletter_access":"","_jetpack_dont_email_post_to_subs":false,"_jetpack_newsletter_tier_id":0,"_jetpack_memberships_contains_paywalled_content":false,"_jetpack_memberships_contains_paid_content":false,"footnotes":"","jetpack_publicize_message":"","jetpack_publicize_feature_enabled":true,"jetpack_social_post_already_shared":true,"jetpack_social_options":{"image_generator_settings":{"template":"highway","default_image_id":0,"font":"","enabled":false},"version":2}},"categories":[11],"tags":[],"class_list":["post-75105","post","type-post","status-publish","format-standard","has-post-thumbnail","hentry","category-noticias-de-ribeirao-preto-sp-e-regiao-ismael-colosi"],"jetpack_publicize_connections":[],"jetpack_featured_media_url":"https:\/\/i0.wp.com\/noticiasribeiraopreto.com.br\/wp-content\/uploads\/2025\/07\/falta-de-agua-1_2024-12-03_12-50-33.webp.webp?fit=1024%2C585&ssl=1","jetpack-related-posts":[{"id":57089,"url":"https:\/\/noticiasribeiraopreto.com.br\/index.php\/2024\/08\/22\/saerp-alerta-para-falta-dagua-na-zona-sul-de-ribeirao-preto-veja-local-afetado\/","url_meta":{"origin":75105,"position":0},"title":"Saerp alerta para falta d&#8217;\u00e1gua na zona Sul de Ribeir\u00e3o Preto; Veja local afetado","author":"noticiasribeiraopreto.com.br","date":"22 de August de 2024","format":false,"excerpt":"A Secretaria de \u00e1gua e Esgoto e Ribeir\u00e3o Preto (Saerp) emitiu um novo alerta para falta d\u2019\u00e1gua na zona Sul de Ribeir\u00e3o Preto. Conforme o comunicado, equipes est\u00e3o realizando a substitui\u00e7\u00e3o emergencial da bomba do po\u00e7o Said, a qual apresentou falhas eletromec\u00e2nicas. Por conta dos trabalhos, a Saerp alertou para\u2026","rel":"","context":"In &quot;Not\u00edcias de Ribeir\u00e3o Preto-SP e Regi\u00e3o&quot;","block_context":{"text":"Not\u00edcias de Ribeir\u00e3o Preto-SP e Regi\u00e3o","link":"https:\/\/noticiasribeiraopreto.com.br\/index.php\/category\/noticias-de-ribeirao-preto-sp-e-regiao-ismael-colosi\/"},"img":{"alt_text":"","src":"https:\/\/i0.wp.com\/noticiasribeiraopreto.com.br\/wp-content\/uploads\/2024\/08\/1724359221_torneira-2.jpg?fit=1200%2C801&ssl=1&resize=350%2C200","width":350,"height":200,"srcset":"https:\/\/i0.wp.com\/noticiasribeiraopreto.com.br\/wp-content\/uploads\/2024\/08\/1724359221_torneira-2.jpg?fit=1200%2C801&ssl=1&resize=350%2C200 1x, https:\/\/i0.wp.com\/noticiasribeiraopreto.com.br\/wp-content\/uploads\/2024\/08\/1724359221_torneira-2.jpg?fit=1200%2C801&ssl=1&resize=525%2C300 1.5x, https:\/\/i0.wp.com\/noticiasribeiraopreto.com.br\/wp-content\/uploads\/2024\/08\/1724359221_torneira-2.jpg?fit=1200%2C801&ssl=1&resize=700%2C400 2x, https:\/\/i0.wp.com\/noticiasribeiraopreto.com.br\/wp-content\/uploads\/2024\/08\/1724359221_torneira-2.jpg?fit=1200%2C801&ssl=1&resize=1050%2C600 3x"},"classes":[]},{"id":57047,"url":"https:\/\/noticiasribeiraopreto.com.br\/index.php\/2024\/08\/21\/saerp-alerta-para-falta-dagua-na-zona-sul-de-ribeirao-preto-confira-bairros-afetados\/","url_meta":{"origin":75105,"position":1},"title":"Saerp alerta para falta d&#8217;\u00e1gua na zona Sul de Ribeir\u00e3o Preto; Confira bairros afetados","author":"noticiasribeiraopreto.com.br","date":"21 de August de 2024","format":false,"excerpt":"O Servi\u00e7o de \u00c1gua e Esgoto de Ribeir\u00e3o Preto (Saerp) emitiu um novo comunicado para falta d\u2019\u00e1gua em bairros da zona Sul de Ribeir\u00e3o Preto na tarde desta quarta-feira (21). Conforme o alerta emitido, equipes est\u00e3o trabalhando na manuten\u00e7\u00e3o emergencial do po\u00e7o Fi\u00fasa. Por conta disso, poder\u00e1 gerar intermit\u00eancia nos\u2026","rel":"","context":"In &quot;Not\u00edcias de Ribeir\u00e3o Preto-SP e Regi\u00e3o&quot;","block_context":{"text":"Not\u00edcias de Ribeir\u00e3o Preto-SP e Regi\u00e3o","link":"https:\/\/noticiasribeiraopreto.com.br\/index.php\/category\/noticias-de-ribeirao-preto-sp-e-regiao-ismael-colosi\/"},"img":{"alt_text":"","src":"https:\/\/i0.wp.com\/noticiasribeiraopreto.com.br\/wp-content\/uploads\/2024\/08\/Vejaosbairrosquepodemterfaltadguapor3diasnazonaLestedeRibeiroPreto_Tamanho_2_image-1-1.png?fit=1200%2C900&ssl=1&resize=350%2C200","width":350,"height":200,"srcset":"https:\/\/i0.wp.com\/noticiasribeiraopreto.com.br\/wp-content\/uploads\/2024\/08\/Vejaosbairrosquepodemterfaltadguapor3diasnazonaLestedeRibeiroPreto_Tamanho_2_image-1-1.png?fit=1200%2C900&ssl=1&resize=350%2C200 1x, https:\/\/i0.wp.com\/noticiasribeiraopreto.com.br\/wp-content\/uploads\/2024\/08\/Vejaosbairrosquepodemterfaltadguapor3diasnazonaLestedeRibeiroPreto_Tamanho_2_image-1-1.png?fit=1200%2C900&ssl=1&resize=525%2C300 1.5x, https:\/\/i0.wp.com\/noticiasribeiraopreto.com.br\/wp-content\/uploads\/2024\/08\/Vejaosbairrosquepodemterfaltadguapor3diasnazonaLestedeRibeiroPreto_Tamanho_2_image-1-1.png?fit=1200%2C900&ssl=1&resize=700%2C400 2x, https:\/\/i0.wp.com\/noticiasribeiraopreto.com.br\/wp-content\/uploads\/2024\/08\/Vejaosbairrosquepodemterfaltadguapor3diasnazonaLestedeRibeiroPreto_Tamanho_2_image-1-1.png?fit=1200%2C900&ssl=1&resize=1050%2C600 3x"},"classes":[]},{"id":56986,"url":"https:\/\/noticiasribeiraopreto.com.br\/index.php\/2024\/08\/20\/saerp-alerta-para-falta-dagua-na-zona-sul-de-ribeirao-preto-veja-os-bairros-afetados\/","url_meta":{"origin":75105,"position":2},"title":"Saerp alerta para falta d\u2019\u00e1gua na zona Sul de Ribeir\u00e3o Preto; Veja os bairros afetados","author":"noticiasribeiraopreto.com.br","date":"20 de August de 2024","format":false,"excerpt":"A Saerp (Secretaria de \u00c1gua e Esgoto de Ribeir\u00e3o Preto) publicou um alerta para falta d\u2019\u00e1gua na zona Sul de Ribeir\u00e3o Preto, nesta ter\u00e7a-feira (20). A pasta informa que est\u00e3o sendo realizados trabalhos de manuten\u00e7\u00e3o em dois po\u00e7os. No Alto da Boa Vista, o servi\u00e7o \u00e9 realizados nos reservat\u00f3rios I,\u2026","rel":"","context":"In &quot;Not\u00edcias de Ribeir\u00e3o Preto-SP e Regi\u00e3o&quot;","block_context":{"text":"Not\u00edcias de Ribeir\u00e3o Preto-SP e Regi\u00e3o","link":"https:\/\/noticiasribeiraopreto.com.br\/index.php\/category\/noticias-de-ribeirao-preto-sp-e-regiao-ismael-colosi\/"},"img":{"alt_text":"","src":"https:\/\/i0.wp.com\/noticiasribeiraopreto.com.br\/wp-content\/uploads\/2024\/08\/water-tap-7055543_1280-1.jpg?fit=1200%2C884&ssl=1&resize=350%2C200","width":350,"height":200,"srcset":"https:\/\/i0.wp.com\/noticiasribeiraopreto.com.br\/wp-content\/uploads\/2024\/08\/water-tap-7055543_1280-1.jpg?fit=1200%2C884&ssl=1&resize=350%2C200 1x, https:\/\/i0.wp.com\/noticiasribeiraopreto.com.br\/wp-content\/uploads\/2024\/08\/water-tap-7055543_1280-1.jpg?fit=1200%2C884&ssl=1&resize=525%2C300 1.5x, https:\/\/i0.wp.com\/noticiasribeiraopreto.com.br\/wp-content\/uploads\/2024\/08\/water-tap-7055543_1280-1.jpg?fit=1200%2C884&ssl=1&resize=700%2C400 2x, https:\/\/i0.wp.com\/noticiasribeiraopreto.com.br\/wp-content\/uploads\/2024\/08\/water-tap-7055543_1280-1.jpg?fit=1200%2C884&ssl=1&resize=1050%2C600 3x"},"classes":[]},{"id":4050,"url":"https:\/\/noticiasribeiraopreto.com.br\/index.php\/2023\/11\/20\/saerp-alerta-para-falta-dagua-em-bairros-da-zona-sul-de-ribeirao-preto-2\/","url_meta":{"origin":75105,"position":3},"title":"Saerp alerta para falta d\u2019\u00e1gua em bairros da zona Sul de Ribeir\u00e3o\u00a0Preto","author":"noticiasribeiraopreto.com.br","date":"20 de November de 2023","format":false,"excerpt":"A Saerp (Secretaria de \u00c1gua e Esgoto de Ribeir\u00e3o Preto) informou, nesta segunda-feira (20), que alguns bairros da zona Sul do munic\u00edpio podem sofrer com a falta d\u00b4\u00e1gua. De acordo com o \u00f3rg\u00e3o, uma bomba do po\u00e7o Canad\u00e1 apresentou falhas eletromec\u00e2nicas, por isso est\u00e1 sendo realizada a substitui\u00e7\u00e3o emergencial no\u2026","rel":"","context":"In &quot;Not\u00edcias de Ribeir\u00e3o Preto-SP e Regi\u00e3o&quot;","block_context":{"text":"Not\u00edcias de Ribeir\u00e3o Preto-SP e Regi\u00e3o","link":"https:\/\/noticiasribeiraopreto.com.br\/index.php\/category\/noticias-de-ribeirao-preto-sp-e-regiao-ismael-colosi\/"},"img":{"alt_text":"","src":"https:\/\/i0.wp.com\/noticiasribeiraopreto.com.br\/wp-content\/uploads\/2023\/11\/water-tap-7055543_1280-1.jpg?fit=1200%2C884&ssl=1&resize=350%2C200","width":350,"height":200,"srcset":"https:\/\/i0.wp.com\/noticiasribeiraopreto.com.br\/wp-content\/uploads\/2023\/11\/water-tap-7055543_1280-1.jpg?fit=1200%2C884&ssl=1&resize=350%2C200 1x, https:\/\/i0.wp.com\/noticiasribeiraopreto.com.br\/wp-content\/uploads\/2023\/11\/water-tap-7055543_1280-1.jpg?fit=1200%2C884&ssl=1&resize=525%2C300 1.5x, https:\/\/i0.wp.com\/noticiasribeiraopreto.com.br\/wp-content\/uploads\/2023\/11\/water-tap-7055543_1280-1.jpg?fit=1200%2C884&ssl=1&resize=700%2C400 2x, https:\/\/i0.wp.com\/noticiasribeiraopreto.com.br\/wp-content\/uploads\/2023\/11\/water-tap-7055543_1280-1.jpg?fit=1200%2C884&ssl=1&resize=1050%2C600 3x"},"classes":[]},{"id":58027,"url":"https:\/\/noticiasribeiraopreto.com.br\/index.php\/2024\/09\/17\/saerp-alerta-para-falta-dagua-em-ribeirao-preto-veja-os-bairros\/","url_meta":{"origin":75105,"position":4},"title":"Saerp alerta para falta d\u2019\u00e1gua em Ribeir\u00e3o Preto; Veja os bairros","author":"noticiasribeiraopreto.com.br","date":"17 de September de 2024","format":false,"excerpt":"A Saerp (Secretaria de \u00c1gua e Esgoto de Ribeir\u00e3o Preto) informou nesta ter\u00e7a-feira (17) que bairros das zonas Norte e Sul de Ribeir\u00e3o Preto est\u00e3o em alerta para falta d\u2019\u00e1gua. Segundo a secretaria, uma equipe est\u00e1 realizando duas interliga\u00e7\u00f5es de nova adutora, sendo uma no po\u00e7o Simioni, localizado na rua\u2026","rel":"","context":"In &quot;Not\u00edcias de Ribeir\u00e3o Preto-SP e Regi\u00e3o&quot;","block_context":{"text":"Not\u00edcias de Ribeir\u00e3o Preto-SP e Regi\u00e3o","link":"https:\/\/noticiasribeiraopreto.com.br\/index.php\/category\/noticias-de-ribeirao-preto-sp-e-regiao-ismael-colosi\/"},"img":{"alt_text":"","src":"https:\/\/i0.wp.com\/noticiasribeiraopreto.com.br\/wp-content\/uploads\/2024\/07\/Copia-de-Copia-de-TAMANHO-EXATO-PARA-FOTOS-NO-SISTEMA-NOVO-11_2024-07-29_20-40-13_jpg_2024-07-29_20-40-13.webp.webp?fit=1200%2C675&ssl=1&resize=350%2C200","width":350,"height":200,"srcset":"https:\/\/i0.wp.com\/noticiasribeiraopreto.com.br\/wp-content\/uploads\/2024\/07\/Copia-de-Copia-de-TAMANHO-EXATO-PARA-FOTOS-NO-SISTEMA-NOVO-11_2024-07-29_20-40-13_jpg_2024-07-29_20-40-13.webp.webp?fit=1200%2C675&ssl=1&resize=350%2C200 1x, https:\/\/i0.wp.com\/noticiasribeiraopreto.com.br\/wp-content\/uploads\/2024\/07\/Copia-de-Copia-de-TAMANHO-EXATO-PARA-FOTOS-NO-SISTEMA-NOVO-11_2024-07-29_20-40-13_jpg_2024-07-29_20-40-13.webp.webp?fit=1200%2C675&ssl=1&resize=525%2C300 1.5x, https:\/\/i0.wp.com\/noticiasribeiraopreto.com.br\/wp-content\/uploads\/2024\/07\/Copia-de-Copia-de-TAMANHO-EXATO-PARA-FOTOS-NO-SISTEMA-NOVO-11_2024-07-29_20-40-13_jpg_2024-07-29_20-40-13.webp.webp?fit=1200%2C675&ssl=1&resize=700%2C400 2x, https:\/\/i0.wp.com\/noticiasribeiraopreto.com.br\/wp-content\/uploads\/2024\/07\/Copia-de-Copia-de-TAMANHO-EXATO-PARA-FOTOS-NO-SISTEMA-NOVO-11_2024-07-29_20-40-13_jpg_2024-07-29_20-40-13.webp.webp?fit=1200%2C675&ssl=1&resize=1050%2C600 3x"},"classes":[]},{"id":61748,"url":"https:\/\/noticiasribeiraopreto.com.br\/index.php\/2024\/12\/20\/saerp-alerta-para-falta-dagua-na-zona-sul-e-no-centro-de-ribeirao-preto\/","url_meta":{"origin":75105,"position":5},"title":"Saerp alerta para falta d\u2019\u00e1gua na zona Sul e no Centro de Ribeir\u00e3o Preto","author":"noticiasribeiraopreto.com.br","date":"20 de December de 2024","format":false,"excerpt":"A Saerp (Secretaria de \u00c1gua e Esgoto de Ribeir\u00e3o Preto) informou que bairros da zona Sul e o Centro de Ribeir\u00e3o Preto podem ficar sem \u00e1gua nesta sexta-feira (20). De acordo com a secretaria, a situa\u00e7\u00e3o \u00e9 motivada pelas obras de mobilidade na regi\u00e3o. A pasta informou que equipes realizam\u2026","rel":"","context":"In &quot;Not\u00edcias de Ribeir\u00e3o Preto-SP e Regi\u00e3o&quot;","block_context":{"text":"Not\u00edcias de Ribeir\u00e3o Preto-SP e Regi\u00e3o","link":"https:\/\/noticiasribeiraopreto.com.br\/index.php\/category\/noticias-de-ribeirao-preto-sp-e-regiao-ismael-colosi\/"},"img":{"alt_text":"","src":"https:\/\/i0.wp.com\/noticiasribeiraopreto.com.br\/wp-content\/uploads\/2024\/08\/Copia-de-Copia-de-TAMANHO-EXATO-PARA-FOTOS-NO-SISTEMA-NOVO-15_2024-07-10_14-38-39_jpg_2024-07-10_14-38-39.webp.webp?fit=1200%2C675&ssl=1&resize=350%2C200","width":350,"height":200,"srcset":"https:\/\/i0.wp.com\/noticiasribeiraopreto.com.br\/wp-content\/uploads\/2024\/08\/Copia-de-Copia-de-TAMANHO-EXATO-PARA-FOTOS-NO-SISTEMA-NOVO-15_2024-07-10_14-38-39_jpg_2024-07-10_14-38-39.webp.webp?fit=1200%2C675&ssl=1&resize=350%2C200 1x, https:\/\/i0.wp.com\/noticiasribeiraopreto.com.br\/wp-content\/uploads\/2024\/08\/Copia-de-Copia-de-TAMANHO-EXATO-PARA-FOTOS-NO-SISTEMA-NOVO-15_2024-07-10_14-38-39_jpg_2024-07-10_14-38-39.webp.webp?fit=1200%2C675&ssl=1&resize=525%2C300 1.5x, https:\/\/i0.wp.com\/noticiasribeiraopreto.com.br\/wp-content\/uploads\/2024\/08\/Copia-de-Copia-de-TAMANHO-EXATO-PARA-FOTOS-NO-SISTEMA-NOVO-15_2024-07-10_14-38-39_jpg_2024-07-10_14-38-39.webp.webp?fit=1200%2C675&ssl=1&resize=700%2C400 2x, https:\/\/i0.wp.com\/noticiasribeiraopreto.com.br\/wp-content\/uploads\/2024\/08\/Copia-de-Copia-de-TAMANHO-EXATO-PARA-FOTOS-NO-SISTEMA-NOVO-15_2024-07-10_14-38-39_jpg_2024-07-10_14-38-39.webp.webp?fit=1200%2C675&ssl=1&resize=1050%2C600 3x"},"classes":[]}],"jetpack_sharing_enabled":true,"jetpack_shortlink":"https:\/\/wp.me\/peQAOb-jxn","_links":{"self":[{"href":"https:\/\/noticiasribeiraopreto.com.br\/index.php\/wp-json\/wp\/v2\/posts\/75105","targetHints":{"allow":["GET"]}}],"collection":[{"href":"https:\/\/noticiasribeiraopreto.com.br\/index.php\/wp-json\/wp\/v2\/posts"}],"about":[{"href":"https:\/\/noticiasribeiraopreto.com.br\/index.php\/wp-json\/wp\/v2\/types\/post"}],"author":[{"embeddable":true,"href":"https:\/\/noticiasribeiraopreto.com.br\/index.php\/wp-json\/wp\/v2\/users\/1"}],"replies":[{"embeddable":true,"href":"https:\/\/noticiasribeiraopreto.com.br\/index.php\/wp-json\/wp\/v2\/comments?post=75105"}],"version-history":[{"count":0,"href":"https:\/\/noticiasribeiraopreto.com.br\/index.php\/wp-json\/wp\/v2\/posts\/75105\/revisions"}],"wp:featuredmedia":[{"embeddable":true,"href":"https:\/\/noticiasribeiraopreto.com.br\/index.php\/wp-json\/wp\/v2\/media\/74950"}],"wp:attachment":[{"href":"https:\/\/noticiasribeiraopreto.com.br\/index.php\/wp-json\/wp\/v2\/media?parent=75105"}],"wp:term":[{"taxonomy":"category","embeddable":true,"href":"https:\/\/noticiasribeiraopreto.com.br\/index.php\/wp-json\/wp\/v2\/categories?post=75105"},{"taxonomy":"post_tag","embeddable":true,"href":"https:\/\/noticiasribeiraopreto.com.br\/index.php\/wp-json\/wp\/v2\/tags?post=75105"}],"curies":[{"name":"wp","href":"https:\/\/api.w.org\/{rel}","templated":true}]}}