{"id":75108,"date":"2025-08-03T18:43:31","date_gmt":"2025-08-03T21:43:31","guid":{"rendered":"https:\/\/noticiasribeiraopreto.com.br\/index.php\/2025\/08\/03\/veja-o-estado-de-saude-de-tarcisio-apos-radioablacao\/"},"modified":"2025-08-03T18:43:31","modified_gmt":"2025-08-03T21:43:31","slug":"veja-o-estado-de-saude-de-tarcisio-apos-radioablacao","status":"publish","type":"post","link":"https:\/\/noticiasribeiraopreto.com.br\/index.php\/2025\/08\/03\/veja-o-estado-de-saude-de-tarcisio-apos-radioablacao\/","title":{"rendered":"Veja o estado de sa\u00fade de Tarc\u00edsio ap\u00f3s radioabla\u00e7\u00e3o"},"content":{"rendered":"<div class='code-block code-block-1' style='margin: 8px 0 8px auto; text-align: right; display: block; clear: both;'>\n<p><a href=\"https:\/\/wa.link\/vpicfd\"><img data-recalc-dims=\"1\" class=\"wp-image-4922\" style=\"aspect-ratio: 2.0253164556962027; width: 561px; height: auto;\" src=\"https:\/\/i0.wp.com\/ismaelcolosi.com.br\/wp-content\/uploads\/2023\/11\/grupo-de-empregos-whatsapp-e-facebook-ismael-colosi-vagas.jpg?ssl=1\" alt=\"\" \/><\/a><\/p>\n<!-- \/wp:image -->\n<\/div>\n<p> <br \/>\n<\/p>\n<div data-td-block-uid=\"tdi_95\">\n<div class=\"tdb-block-inner td-fix-index\">\n<p>O <strong>governador de S\u00e3o Paulo<\/strong>, <strong>Tarc\u00edsio de Freitas (REP)<\/strong>, passou por um procedimento de radioabla\u00e7\u00e3o por ultrassonografia de tireoide neste domingo (3). Segundo o governo estadual, o procedimento aconteceu sem intercorr\u00eancias.<\/p>\n<p>A previs\u00e3o \u00e9 que Tarc\u00edsio receba alta do <strong>hospital Albert Einstein<\/strong>, ainda na noite deste domingo. Nesta segunda-feira (4), o governador cumprir\u00e1 agenda interna em seu gabinete, no Pal\u00e1cio dos Bandeirantes.<\/p>\n<h2 class=\"wp-block-heading\"><strong>O que \u00e9?<\/strong><\/h2>\n<p>A radioabla\u00e7\u00e3o por ultrassonografia \u00e9 considerado um procedimento m\u00e9dico n\u00e3o invasivo e de r\u00e1pida recupera\u00e7\u00e3o. Nele, a equipe m\u00e9dica coloca uma agulha e com uma fonte de energia, queima o n\u00f3dulo na tireoide.<\/p>\n<p>SAIBA MAIS<br \/>Como o condom\u00ednio deve agir frente aos cond\u00f4minos antissociais?<\/p>\n<h2 class=\"wp-block-heading\"><strong>FIQUE ON<\/strong><\/h2>\n<p>Fique ligado em tudo que acontece em Ribeir\u00e3o Preto e regi\u00e3o. Siga os perfis do\u00a0<strong>acidade on\u00a0<\/strong>no<a href=\"https:\/\/www.instagram.com\/acidadeonribeirao\" target=\"_blank\" rel=\"noreferrer noopener\">\u00a0Instagram<\/a>\u00a0e no\u00a0<a href=\"https:\/\/www.facebook.com\/acidadeonribeirao\/\" target=\"_blank\" rel=\"noreferrer noopener\">Facebook<\/a>.<\/p>\n<p>Receba not\u00edcias do\u00a0<strong>acidade on<\/strong>\u00a0no WhatsApp.<a href=\"https:\/\/chat.whatsapp.com\/BjKQZ9oJwlz8VVT50NuePq\" target=\"_blank\" rel=\"noreferrer noopener\">\u00a0Para entrar no grupo, basta clicar aqui.<\/a><\/p>\n<p>Fa\u00e7a uma den\u00fancia ou sugira uma reportagem sobre Ribeir\u00e3o Preto e regi\u00e3o pelo WhatsApp: 16 99117 7802.<\/p>\n<p>VEJA TAMB\u00c9M<br \/>Voc\u00ea sabe como manter as orqu\u00eddeas floridas por mais tempo?<\/p>\n<p><!-- AI CONTENT END 1 -->\n<\/div>\n<\/div>\n<p><script async src=\"\/\/www.instagram.com\/embed.js\"><\/script><br \/>\n<br \/><br \/>\n<br \/><a href=\"https:\/\/www.acidadeon.com\/ribeiraopreto\/politica\/veja-o-estado-de-saude-de-tarcisio-apos-radioablacao\/\">Source link <\/a><\/p>\n<!-- CONTENT END 1 -->\n","protected":false},"excerpt":{"rendered":"<p>O governador de S\u00e3o Paulo, Tarc\u00edsio de Freitas (REP), passou por um procedimento de radioabla\u00e7\u00e3o por ultrassonografia de tireoide neste domingo (3). Segundo o governo&#8230;<\/p>\n","protected":false},"author":1,"featured_media":75109,"comment_status":"open","ping_status":"open","sticky":false,"template":"","format":"standard","meta":{"advanced_seo_description":"","jetpack_seo_html_title":"","jetpack_seo_noindex":false,"jetpack_post_was_ever_published":false,"_jetpack_newsletter_access":"","_jetpack_dont_email_post_to_subs":false,"_jetpack_newsletter_tier_id":0,"_jetpack_memberships_contains_paywalled_content":false,"_jetpack_memberships_contains_paid_content":false,"footnotes":"","jetpack_publicize_message":"","jetpack_publicize_feature_enabled":true,"jetpack_social_post_already_shared":true,"jetpack_social_options":{"image_generator_settings":{"template":"highway","default_image_id":0,"font":"","enabled":false},"version":2}},"categories":[11],"tags":[],"class_list":["post-75108","post","type-post","status-publish","format-standard","has-post-thumbnail","hentry","category-noticias-de-ribeirao-preto-sp-e-regiao-ismael-colosi"],"jetpack_publicize_connections":[],"jetpack_featured_media_url":"https:\/\/i0.wp.com\/noticiasribeiraopreto.com.br\/wp-content\/uploads\/2025\/08\/54485224546_582bddc753_o_2025-04-29_21-59-46.webp.webp?fit=1200%2C1047&ssl=1","jetpack-related-posts":[{"id":74981,"url":"https:\/\/noticiasribeiraopreto.com.br\/index.php\/2025\/08\/01\/governador-de-sp-passara-por-um-procedimento-medico-neste-final-de-semana-entenda\/","url_meta":{"origin":75108,"position":0},"title":"Governador de SP passar\u00e1 por um procedimento m\u00e9dico neste final de semana; entenda","author":"noticiasribeiraopreto.com.br","date":"1 de August de 2025","format":false,"excerpt":"O governador de S\u00e3o Paulo, Tarc\u00edsio de Freitas, ser\u00e1 submetido a um procedimento m\u00e9dico neste domingo (3), no Hospital Albert Einstein, na capital paulista. Ele passar\u00e1 por uma radioabla\u00e7\u00e3o por ultrassonografia de tireoide, com alta prevista para o mesmo dia. Na segunda-feira (4), Tarc\u00edsio manter\u00e1 a rotina de trabalho e\u2026","rel":"","context":"In &quot;Not\u00edcias de Ribeir\u00e3o Preto-SP e Regi\u00e3o&quot;","block_context":{"text":"Not\u00edcias de Ribeir\u00e3o Preto-SP e Regi\u00e3o","link":"https:\/\/noticiasribeiraopreto.com.br\/index.php\/category\/noticias-de-ribeirao-preto-sp-e-regiao-ismael-colosi\/"},"img":{"alt_text":"","src":"https:\/\/i0.wp.com\/noticiasribeiraopreto.com.br\/wp-content\/uploads\/2025\/08\/Copia-de-Copia-de-Copia-de-TAMANHO-EXATO-PARA-FOTOS-NO-SISTEMA-NOVO-2025-02-08T170442.981_2025-02-08_20-09-06_png_2025-02-08_20-09-06.webp.webp?fit=1200%2C675&ssl=1&resize=350%2C200","width":350,"height":200,"srcset":"https:\/\/i0.wp.com\/noticiasribeiraopreto.com.br\/wp-content\/uploads\/2025\/08\/Copia-de-Copia-de-Copia-de-TAMANHO-EXATO-PARA-FOTOS-NO-SISTEMA-NOVO-2025-02-08T170442.981_2025-02-08_20-09-06_png_2025-02-08_20-09-06.webp.webp?fit=1200%2C675&ssl=1&resize=350%2C200 1x, https:\/\/i0.wp.com\/noticiasribeiraopreto.com.br\/wp-content\/uploads\/2025\/08\/Copia-de-Copia-de-Copia-de-TAMANHO-EXATO-PARA-FOTOS-NO-SISTEMA-NOVO-2025-02-08T170442.981_2025-02-08_20-09-06_png_2025-02-08_20-09-06.webp.webp?fit=1200%2C675&ssl=1&resize=525%2C300 1.5x, https:\/\/i0.wp.com\/noticiasribeiraopreto.com.br\/wp-content\/uploads\/2025\/08\/Copia-de-Copia-de-Copia-de-TAMANHO-EXATO-PARA-FOTOS-NO-SISTEMA-NOVO-2025-02-08T170442.981_2025-02-08_20-09-06_png_2025-02-08_20-09-06.webp.webp?fit=1200%2C675&ssl=1&resize=700%2C400 2x, https:\/\/i0.wp.com\/noticiasribeiraopreto.com.br\/wp-content\/uploads\/2025\/08\/Copia-de-Copia-de-Copia-de-TAMANHO-EXATO-PARA-FOTOS-NO-SISTEMA-NOVO-2025-02-08T170442.981_2025-02-08_20-09-06_png_2025-02-08_20-09-06.webp.webp?fit=1200%2C675&ssl=1&resize=1050%2C600 3x"},"classes":[]},{"id":57191,"url":"https:\/\/noticiasribeiraopreto.com.br\/index.php\/2024\/08\/25\/tarcisio-confirma-prisoes-de-autores-de-incendios-no-interior-de-sp-video\/","url_meta":{"origin":75108,"position":1},"title":"Tarc\u00edsio confirma pris\u00f5es de autores de inc\u00eandios no interior de SP; V\u00eddeo","author":"noticiasribeiraopreto.com.br","date":"25 de August de 2024","format":false,"excerpt":"O governador de S\u00e3o Paulo, Tarc\u00edsio de Freitas (REP), confirmou a pris\u00e3o de duas pessoas acusadas de provocarem inc\u00eandios criminosos. Na manh\u00e3 deste domingo (25), Tarc\u00edsio est\u00e1 em Ribeir\u00e3o Preto, uma das \u00e1reas mais atingidas pelos inc\u00eandios no interior de S\u00e3o Paulo. Em entrevista coletiva, realizada no aeroporto Leite Lopes,\u2026","rel":"","context":"In &quot;Not\u00edcias de Ribeir\u00e3o Preto-SP e Regi\u00e3o&quot;","block_context":{"text":"Not\u00edcias de Ribeir\u00e3o Preto-SP e Regi\u00e3o","link":"https:\/\/noticiasribeiraopreto.com.br\/index.php\/category\/noticias-de-ribeirao-preto-sp-e-regiao-ismael-colosi\/"},"img":{"alt_text":"","src":"https:\/\/i0.wp.com\/noticiasribeiraopreto.com.br\/wp-content\/uploads\/2024\/08\/tarcisio-ribeirao-preto_2024-08-25_15-54-19_jpg_2024-08-25_15-54-19.webp.webp?fit=1200%2C800&ssl=1&resize=350%2C200","width":350,"height":200,"srcset":"https:\/\/i0.wp.com\/noticiasribeiraopreto.com.br\/wp-content\/uploads\/2024\/08\/tarcisio-ribeirao-preto_2024-08-25_15-54-19_jpg_2024-08-25_15-54-19.webp.webp?fit=1200%2C800&ssl=1&resize=350%2C200 1x, https:\/\/i0.wp.com\/noticiasribeiraopreto.com.br\/wp-content\/uploads\/2024\/08\/tarcisio-ribeirao-preto_2024-08-25_15-54-19_jpg_2024-08-25_15-54-19.webp.webp?fit=1200%2C800&ssl=1&resize=525%2C300 1.5x, https:\/\/i0.wp.com\/noticiasribeiraopreto.com.br\/wp-content\/uploads\/2024\/08\/tarcisio-ribeirao-preto_2024-08-25_15-54-19_jpg_2024-08-25_15-54-19.webp.webp?fit=1200%2C800&ssl=1&resize=700%2C400 2x, https:\/\/i0.wp.com\/noticiasribeiraopreto.com.br\/wp-content\/uploads\/2024\/08\/tarcisio-ribeirao-preto_2024-08-25_15-54-19_jpg_2024-08-25_15-54-19.webp.webp?fit=1200%2C800&ssl=1&resize=1050%2C600 3x"},"classes":[]},{"id":47891,"url":"https:\/\/noticiasribeiraopreto.com.br\/index.php\/2024\/04\/29\/com-bolsonaro-tarcisio-visita-agrishow-em-ribeirao-preto\/","url_meta":{"origin":75108,"position":2},"title":"Com Bolsonaro, Tarc\u00edsio visita Agrishow em Ribeir\u00e3o Preto","author":"noticiasribeiraopreto.com.br","date":"29 de April de 2024","format":false,"excerpt":"O governador de S\u00e3o Paulo, Tarc\u00edsio de Freitas (REP), visitou a Agrishow em Ribeir\u00e3o Preto, nesta segunda-feira (29). Com ele, estavam o ex-presidente Jair Bolsonaro (PL) e o governador de Goi\u00e1s, Ronaldo Caiado (Uni\u00e3o). No \u00faltimo domingo (28), durante a abertura oficial da Agrishow, que contou com a presen\u00e7a do\u2026","rel":"","context":"In &quot;Not\u00edcias de Ribeir\u00e3o Preto-SP e Regi\u00e3o&quot;","block_context":{"text":"Not\u00edcias de Ribeir\u00e3o Preto-SP e Regi\u00e3o","link":"https:\/\/noticiasribeiraopreto.com.br\/index.php\/category\/noticias-de-ribeirao-preto-sp-e-regiao-ismael-colosi\/"},"img":{"alt_text":"","src":"https:\/\/i0.wp.com\/noticiasribeiraopreto.com.br\/wp-content\/uploads\/2024\/04\/Copia-de-Copia-de-TAMANHO-EXATO-PARA-FOTOS-NO-SISTEMA-NOVO-18_2024-04-29_15-05-45_png.webp.webp?fit=1200%2C675&ssl=1&resize=350%2C200","width":350,"height":200,"srcset":"https:\/\/i0.wp.com\/noticiasribeiraopreto.com.br\/wp-content\/uploads\/2024\/04\/Copia-de-Copia-de-TAMANHO-EXATO-PARA-FOTOS-NO-SISTEMA-NOVO-18_2024-04-29_15-05-45_png.webp.webp?fit=1200%2C675&ssl=1&resize=350%2C200 1x, https:\/\/i0.wp.com\/noticiasribeiraopreto.com.br\/wp-content\/uploads\/2024\/04\/Copia-de-Copia-de-TAMANHO-EXATO-PARA-FOTOS-NO-SISTEMA-NOVO-18_2024-04-29_15-05-45_png.webp.webp?fit=1200%2C675&ssl=1&resize=525%2C300 1.5x, https:\/\/i0.wp.com\/noticiasribeiraopreto.com.br\/wp-content\/uploads\/2024\/04\/Copia-de-Copia-de-TAMANHO-EXATO-PARA-FOTOS-NO-SISTEMA-NOVO-18_2024-04-29_15-05-45_png.webp.webp?fit=1200%2C675&ssl=1&resize=700%2C400 2x, https:\/\/i0.wp.com\/noticiasribeiraopreto.com.br\/wp-content\/uploads\/2024\/04\/Copia-de-Copia-de-TAMANHO-EXATO-PARA-FOTOS-NO-SISTEMA-NOVO-18_2024-04-29_15-05-45_png.webp.webp?fit=1200%2C675&ssl=1&resize=1050%2C600 3x"},"classes":[]},{"id":63786,"url":"https:\/\/noticiasribeiraopreto.com.br\/index.php\/2025\/02\/21\/vamos-acompanhar-as-investigacoes-diz-tarcisio-sobre-morte-de-12-estudantes-em-acidente\/","url_meta":{"origin":75108,"position":3},"title":"&#8216;Vamos acompanhar as investiga\u00e7\u00f5es&#8217;, diz Tarc\u00edsio sobre morte de 12 estudantes em acidente","author":"noticiasribeiraopreto.com.br","date":"21 de February de 2025","format":false,"excerpt":"O governador de S\u00e3o Paulo, Tarc\u00edsio de Freitas, publicou em suas redes sociais uma nota de pesar, ap\u00f3s a morte de 12 estudantes em um acidente entre um \u00f4nibus e um caminh\u00e3o, na noite desta quinta-feira (20), na rodovia Waldir Canevari (SP-355\/330), entre os munic\u00edpios de Nuporanga e S\u00e3o Jos\u00e9\u2026","rel":"","context":"In &quot;Not\u00edcias de Ribeir\u00e3o Preto-SP e Regi\u00e3o&quot;","block_context":{"text":"Not\u00edcias de Ribeir\u00e3o Preto-SP e Regi\u00e3o","link":"https:\/\/noticiasribeiraopreto.com.br\/index.php\/category\/noticias-de-ribeirao-preto-sp-e-regiao-ismael-colosi\/"},"img":{"alt_text":"","src":"https:\/\/i0.wp.com\/noticiasribeiraopreto.com.br\/wp-content\/uploads\/2025\/02\/WhatsApp-Image-2025-02-21-at-06.14.17_2025-02-21_13-24-12_jpeg_2025-02-21_13-24-12-scaled.webp.webp?fit=1200%2C675&ssl=1&resize=350%2C200","width":350,"height":200,"srcset":"https:\/\/i0.wp.com\/noticiasribeiraopreto.com.br\/wp-content\/uploads\/2025\/02\/WhatsApp-Image-2025-02-21-at-06.14.17_2025-02-21_13-24-12_jpeg_2025-02-21_13-24-12-scaled.webp.webp?fit=1200%2C675&ssl=1&resize=350%2C200 1x, https:\/\/i0.wp.com\/noticiasribeiraopreto.com.br\/wp-content\/uploads\/2025\/02\/WhatsApp-Image-2025-02-21-at-06.14.17_2025-02-21_13-24-12_jpeg_2025-02-21_13-24-12-scaled.webp.webp?fit=1200%2C675&ssl=1&resize=525%2C300 1.5x, https:\/\/i0.wp.com\/noticiasribeiraopreto.com.br\/wp-content\/uploads\/2025\/02\/WhatsApp-Image-2025-02-21-at-06.14.17_2025-02-21_13-24-12_jpeg_2025-02-21_13-24-12-scaled.webp.webp?fit=1200%2C675&ssl=1&resize=700%2C400 2x, https:\/\/i0.wp.com\/noticiasribeiraopreto.com.br\/wp-content\/uploads\/2025\/02\/WhatsApp-Image-2025-02-21-at-06.14.17_2025-02-21_13-24-12_jpeg_2025-02-21_13-24-12-scaled.webp.webp?fit=1200%2C675&ssl=1&resize=1050%2C600 3x"},"classes":[]},{"id":63302,"url":"https:\/\/noticiasribeiraopreto.com.br\/index.php\/2025\/02\/09\/governador-tarcisio-de-freitas-inicia-obras-do-novo-hc-ue-de-ribeirao-preto\/","url_meta":{"origin":75108,"position":4},"title":"Governador Tarc\u00edsio de Freitas inicia obras do novo HC-UE de Ribeir\u00e3o Preto","author":"noticiasribeiraopreto.com.br","date":"9 de February de 2025","format":false,"excerpt":"O governador de S\u00e3o Paulo, Tarc\u00edsio de Freitas (Republicanos), esteve em Ribeir\u00e3o Preto neste s\u00e1bado (8) e anunciou o in\u00edcio das obras da nova unidade de urg\u00eancia e emerg\u00eancia do Hospital das Cl\u00ednicas do munic\u00edpio. Com um investimento total de R$ 526,3 milh\u00f5es, a estrutura ocupar\u00e1 uma \u00e1rea de 57.825\u2026","rel":"","context":"In &quot;Not\u00edcias de Ribeir\u00e3o Preto-SP e Regi\u00e3o&quot;","block_context":{"text":"Not\u00edcias de Ribeir\u00e3o Preto-SP e Regi\u00e3o","link":"https:\/\/noticiasribeiraopreto.com.br\/index.php\/category\/noticias-de-ribeirao-preto-sp-e-regiao-ismael-colosi\/"},"img":{"alt_text":"","src":"https:\/\/i0.wp.com\/noticiasribeiraopreto.com.br\/wp-content\/uploads\/2025\/02\/54315270519_f8ac8e8441_o_2025-02-09_14-50-19_jpg_2025-02-09_14-50-23-scaled.webp.webp?fit=1200%2C800&ssl=1&resize=350%2C200","width":350,"height":200,"srcset":"https:\/\/i0.wp.com\/noticiasribeiraopreto.com.br\/wp-content\/uploads\/2025\/02\/54315270519_f8ac8e8441_o_2025-02-09_14-50-19_jpg_2025-02-09_14-50-23-scaled.webp.webp?fit=1200%2C800&ssl=1&resize=350%2C200 1x, https:\/\/i0.wp.com\/noticiasribeiraopreto.com.br\/wp-content\/uploads\/2025\/02\/54315270519_f8ac8e8441_o_2025-02-09_14-50-19_jpg_2025-02-09_14-50-23-scaled.webp.webp?fit=1200%2C800&ssl=1&resize=525%2C300 1.5x, https:\/\/i0.wp.com\/noticiasribeiraopreto.com.br\/wp-content\/uploads\/2025\/02\/54315270519_f8ac8e8441_o_2025-02-09_14-50-19_jpg_2025-02-09_14-50-23-scaled.webp.webp?fit=1200%2C800&ssl=1&resize=700%2C400 2x, https:\/\/i0.wp.com\/noticiasribeiraopreto.com.br\/wp-content\/uploads\/2025\/02\/54315270519_f8ac8e8441_o_2025-02-09_14-50-19_jpg_2025-02-09_14-50-23-scaled.webp.webp?fit=1200%2C800&ssl=1&resize=1050%2C600 3x"},"classes":[]},{"id":84773,"url":"https:\/\/noticiasribeiraopreto.com.br\/index.php\/2026\/04\/15\/entenda-o-que-tarcisio-de-freitas-veio-fazer-em-ribeirao-preto\/","url_meta":{"origin":75108,"position":5},"title":"Entenda o que Tarc\u00edsio de Freitas veio fazer em Ribeir\u00e3o Preto","author":"noticiasribeiraopreto.com.br","date":"15 de April de 2026","format":false,"excerpt":"Ler o resumo da not\u00edcia Governador de S\u00e3o Paulo, Tarc\u00edsio de Freitas (REP), participou da abertura do Cana Summit 2026 em Ribeir\u00e3o Preto nesta quarta-feira (15). O evento no Taiwan Centro de Eventos contou com a presen\u00e7a do gobernador do Mato Grosso do Sul, Eduardo Riedel (PP). Em discurso, Tarc\u00edsio\u2026","rel":"","context":"In &quot;Not\u00edcias de Ribeir\u00e3o Preto-SP e Regi\u00e3o&quot;","block_context":{"text":"Not\u00edcias de Ribeir\u00e3o Preto-SP e Regi\u00e3o","link":"https:\/\/noticiasribeiraopreto.com.br\/index.php\/category\/noticias-de-ribeirao-preto-sp-e-regiao-ismael-colosi\/"},"img":{"alt_text":"","src":"https:\/\/i0.wp.com\/noticiasribeiraopreto.com.br\/wp-content\/uploads\/2026\/04\/tarcisio-riddel_2026-04-15_18-18-19-e1776277132165.webp.webp?fit=1200%2C876&ssl=1&resize=350%2C200","width":350,"height":200,"srcset":"https:\/\/i0.wp.com\/noticiasribeiraopreto.com.br\/wp-content\/uploads\/2026\/04\/tarcisio-riddel_2026-04-15_18-18-19-e1776277132165.webp.webp?fit=1200%2C876&ssl=1&resize=350%2C200 1x, https:\/\/i0.wp.com\/noticiasribeiraopreto.com.br\/wp-content\/uploads\/2026\/04\/tarcisio-riddel_2026-04-15_18-18-19-e1776277132165.webp.webp?fit=1200%2C876&ssl=1&resize=525%2C300 1.5x, https:\/\/i0.wp.com\/noticiasribeiraopreto.com.br\/wp-content\/uploads\/2026\/04\/tarcisio-riddel_2026-04-15_18-18-19-e1776277132165.webp.webp?fit=1200%2C876&ssl=1&resize=700%2C400 2x, https:\/\/i0.wp.com\/noticiasribeiraopreto.com.br\/wp-content\/uploads\/2026\/04\/tarcisio-riddel_2026-04-15_18-18-19-e1776277132165.webp.webp?fit=1200%2C876&ssl=1&resize=1050%2C600 3x"},"classes":[]}],"jetpack_sharing_enabled":true,"jetpack_shortlink":"https:\/\/wp.me\/peQAOb-jxq","_links":{"self":[{"href":"https:\/\/noticiasribeiraopreto.com.br\/index.php\/wp-json\/wp\/v2\/posts\/75108","targetHints":{"allow":["GET"]}}],"collection":[{"href":"https:\/\/noticiasribeiraopreto.com.br\/index.php\/wp-json\/wp\/v2\/posts"}],"about":[{"href":"https:\/\/noticiasribeiraopreto.com.br\/index.php\/wp-json\/wp\/v2\/types\/post"}],"author":[{"embeddable":true,"href":"https:\/\/noticiasribeiraopreto.com.br\/index.php\/wp-json\/wp\/v2\/users\/1"}],"replies":[{"embeddable":true,"href":"https:\/\/noticiasribeiraopreto.com.br\/index.php\/wp-json\/wp\/v2\/comments?post=75108"}],"version-history":[{"count":0,"href":"https:\/\/noticiasribeiraopreto.com.br\/index.php\/wp-json\/wp\/v2\/posts\/75108\/revisions"}],"wp:featuredmedia":[{"embeddable":true,"href":"https:\/\/noticiasribeiraopreto.com.br\/index.php\/wp-json\/wp\/v2\/media\/75109"}],"wp:attachment":[{"href":"https:\/\/noticiasribeiraopreto.com.br\/index.php\/wp-json\/wp\/v2\/media?parent=75108"}],"wp:term":[{"taxonomy":"category","embeddable":true,"href":"https:\/\/noticiasribeiraopreto.com.br\/index.php\/wp-json\/wp\/v2\/categories?post=75108"},{"taxonomy":"post_tag","embeddable":true,"href":"https:\/\/noticiasribeiraopreto.com.br\/index.php\/wp-json\/wp\/v2\/tags?post=75108"}],"curies":[{"name":"wp","href":"https:\/\/api.w.org\/{rel}","templated":true}]}}