{"id":75110,"date":"2025-08-03T18:50:14","date_gmt":"2025-08-03T21:50:14","guid":{"rendered":"https:\/\/noticiasribeiraopreto.com.br\/index.php\/2025\/08\/03\/quem-era-jeferson-merli-goleiro-brasileiro-morto-em-portugal\/"},"modified":"2025-08-03T18:50:14","modified_gmt":"2025-08-03T21:50:14","slug":"quem-era-jeferson-merli-goleiro-brasileiro-morto-em-portugal","status":"publish","type":"post","link":"https:\/\/noticiasribeiraopreto.com.br\/index.php\/2025\/08\/03\/quem-era-jeferson-merli-goleiro-brasileiro-morto-em-portugal\/","title":{"rendered":"Quem era Jeferson Merli, goleiro brasileiro morto em Portugal"},"content":{"rendered":"<div class='code-block code-block-1' style='margin: 8px 0 8px auto; text-align: right; display: block; clear: both;'>\n<p><a href=\"https:\/\/wa.link\/vpicfd\"><img data-recalc-dims=\"1\" class=\"wp-image-4922\" style=\"aspect-ratio: 2.0253164556962027; width: 561px; height: auto;\" src=\"https:\/\/i0.wp.com\/ismaelcolosi.com.br\/wp-content\/uploads\/2023\/11\/grupo-de-empregos-whatsapp-e-facebook-ismael-colosi-vagas.jpg?ssl=1\" alt=\"\" \/><\/a><\/p>\n<!-- \/wp:image -->\n<\/div>\n<p> <br \/>\n<\/p>\n<div>\n<p>O goleiro<strong> Jeferson Merli<\/strong>, encontrado morto em<strong> Portugal<\/strong> no \u00faltimo s\u00e1bado (2), tinha 27 anos e era natural de <strong>Vista Alegre do Alto<\/strong>, cidade a 98 quil\u00f4metros de <strong>Ribeir\u00e3o Preto<\/strong>. O atleta vivia em <strong>Braga<\/strong>, no norte do pa\u00eds europeu, e se afogou uma praia fluvial em Ger\u00eas.<\/p>\n<p>Segundo o site O Gol, especializado em estat\u00edsticas e transfer\u00eancias de jogadores, Jeferson Merli passou por clubes como Uni\u00e3o, do Mato Grosso do Sul, Safor, da Espanha, al\u00e9m de Condor, \u00c1guias da Gra\u00e7a, AD Lage, Terras de Bouro e Caldelas, todos de Portugal.<\/p>\n<h2 class=\"wp-block-heading\"><strong>Trajet\u00f3ria<\/strong><\/h2>\n<p>O treinador de goleiros do Sport Huancayo, do Peru,<strong> Daniel Galo<\/strong>, trabalhou com o atleta desde quando Jeferson era crian\u00e7a, al\u00e9m de ser amigo da fam\u00edlia. Ele levou Jeferson para jogar na base do Guarani, quando Jeferson Merli tinha 14 anos.<\/p>\n<p>\u00c0 <strong>EPTV<\/strong>, Daniel Galo conta que sempre acompanhou a carreira do goleiro. \u201c\u00c9 uma not\u00edcia triste de um promissor goleiro, que agora tinha renovado o contrato. Era um grande amigo, tive a honra de trein\u00e1-lo\u201d, disse.<\/p>\n<p>\u201c\u00c9 um sonho que se parou pelo caminho\u201d, lamentou Daniel. Ele conta que Jeferson Merli estava acompanhado da namorada e desapareceu no rio por volta das 18h. Os bombeiros foram acionados e encontraram o corpo do jogador \u00e0s 21h.<\/p>\n<p>SAIBA MAIS<br \/>Como o condom\u00ednio deve agir frente aos cond\u00f4minos antissociais?<\/p>\n<h2 class=\"wp-block-heading\"><strong>FIQUE ON<\/strong><\/h2>\n<p>Fique ligado em tudo que acontece em Ribeir\u00e3o Preto e regi\u00e3o. Siga os perfis do\u00a0<strong>acidade on\u00a0<\/strong>no<a href=\"https:\/\/www.instagram.com\/acidadeonribeirao\" target=\"_blank\" rel=\"noreferrer noopener\">\u00a0Instagram<\/a>\u00a0e no\u00a0<a href=\"https:\/\/www.facebook.com\/acidadeonribeirao\/\" target=\"_blank\" rel=\"noreferrer noopener\">Facebook<\/a>.<\/p>\n<p>Receba not\u00edcias do\u00a0<strong>acidade on<\/strong>\u00a0no WhatsApp.<a href=\"https:\/\/chat.whatsapp.com\/BjKQZ9oJwlz8VVT50NuePq\" target=\"_blank\" rel=\"noreferrer noopener\">\u00a0Para entrar no grupo, basta clicar aqui.<\/a><\/p>\n<p>Fa\u00e7a uma den\u00fancia ou sugira uma reportagem sobre Ribeir\u00e3o Preto e regi\u00e3o pelo WhatsApp: 16 99117 7802.<\/p>\n<p>VEJA TAMB\u00c9M<br \/>Voc\u00ea sabe como manter as orqu\u00eddeas floridas por mais tempo?<\/p>\n<p><!-- AI CONTENT END 1 -->\n<\/div>\n<p><script async src=\"\/\/www.instagram.com\/embed.js\"><\/script><br \/>\n<br \/><br \/>\n<br \/><a href=\"https:\/\/www.acidadeon.com\/ribeiraopreto\/esportes\/quem-era-jeferson-merli-goleiro-brasileiro-morto-em-portugal\/\">Source link <\/a><\/p>\n<!-- CONTENT END 1 -->\n","protected":false},"excerpt":{"rendered":"<p>O goleiro Jeferson Merli, encontrado morto em Portugal no \u00faltimo s\u00e1bado (2), tinha 27 anos e era natural de Vista Alegre do Alto, cidade a&#8230;<\/p>\n","protected":false},"author":1,"featured_media":75111,"comment_status":"open","ping_status":"open","sticky":false,"template":"","format":"standard","meta":{"advanced_seo_description":"","jetpack_seo_html_title":"","jetpack_seo_noindex":false,"jetpack_post_was_ever_published":false,"_jetpack_newsletter_access":"","_jetpack_dont_email_post_to_subs":false,"_jetpack_newsletter_tier_id":0,"_jetpack_memberships_contains_paywalled_content":false,"_jetpack_memberships_contains_paid_content":false,"footnotes":"","jetpack_publicize_message":"","jetpack_publicize_feature_enabled":true,"jetpack_social_post_already_shared":true,"jetpack_social_options":{"image_generator_settings":{"template":"highway","default_image_id":0,"font":"","enabled":false},"version":2}},"categories":[11],"tags":[],"class_list":["post-75110","post","type-post","status-publish","format-standard","has-post-thumbnail","hentry","category-noticias-de-ribeirao-preto-sp-e-regiao-ismael-colosi"],"jetpack_publicize_connections":[],"jetpack_featured_media_url":"https:\/\/i0.wp.com\/noticiasribeiraopreto.com.br\/wp-content\/uploads\/2025\/08\/jeferson-merli-em-portugal_2025-08-03_13-55-34.webp.webp?fit=1200%2C766&ssl=1","jetpack-related-posts":[{"id":75093,"url":"https:\/\/noticiasribeiraopreto.com.br\/index.php\/2025\/08\/03\/goleiro-natural-da-regiao-de-ribeirao-preto-e-encontrado-morto-em-portugal\/","url_meta":{"origin":75110,"position":0},"title":"Goleiro natural da regi\u00e3o de Ribeir\u00e3o Preto \u00e9 encontrado morto em Portugal","author":"noticiasribeiraopreto.com.br","date":"3 de August de 2025","format":false,"excerpt":"O goleiro Jeferson Merli morreu afogado na noite do \u00faltimo s\u00e1bado (2), em Ger\u00eas, Portugal. Merli era natural de Vista Alegre do Alto, na regi\u00e3o de Ribeir\u00e3o Preto, e defendia o Grupo Desportivo de Caldelas, equipe das divis\u00f5es inferiores de Portugal. A morte do atleta foi confirmada pelo pr\u00f3prio clube\u2026","rel":"","context":"In &quot;Not\u00edcias de Ribeir\u00e3o Preto-SP e Regi\u00e3o&quot;","block_context":{"text":"Not\u00edcias de Ribeir\u00e3o Preto-SP e Regi\u00e3o","link":"https:\/\/noticiasribeiraopreto.com.br\/index.php\/category\/noticias-de-ribeirao-preto-sp-e-regiao-ismael-colosi\/"},"img":{"alt_text":"","src":"https:\/\/i0.wp.com\/noticiasribeiraopreto.com.br\/wp-content\/uploads\/2025\/08\/jeferson-merli_2025-08-03_13-54-35.webp.webp?fit=1075%2C824&ssl=1&resize=350%2C200","width":350,"height":200,"srcset":"https:\/\/i0.wp.com\/noticiasribeiraopreto.com.br\/wp-content\/uploads\/2025\/08\/jeferson-merli_2025-08-03_13-54-35.webp.webp?fit=1075%2C824&ssl=1&resize=350%2C200 1x, https:\/\/i0.wp.com\/noticiasribeiraopreto.com.br\/wp-content\/uploads\/2025\/08\/jeferson-merli_2025-08-03_13-54-35.webp.webp?fit=1075%2C824&ssl=1&resize=525%2C300 1.5x, https:\/\/i0.wp.com\/noticiasribeiraopreto.com.br\/wp-content\/uploads\/2025\/08\/jeferson-merli_2025-08-03_13-54-35.webp.webp?fit=1075%2C824&ssl=1&resize=700%2C400 2x, https:\/\/i0.wp.com\/noticiasribeiraopreto.com.br\/wp-content\/uploads\/2025\/08\/jeferson-merli_2025-08-03_13-54-35.webp.webp?fit=1075%2C824&ssl=1&resize=1050%2C600 3x"},"classes":[]},{"id":82610,"url":"https:\/\/noticiasribeiraopreto.com.br\/index.php\/2026\/02\/20\/lateral-e-mais-um-a-deixar-o-botafogo\/","url_meta":{"origin":75110,"position":1},"title":"Lateral \u00e9 mais um a deixar o Botafogo","author":"noticiasribeiraopreto.com.br","date":"20 de February de 2026","format":false,"excerpt":"\r Jeferson tinha contrato at\u00e9 31 de mar\u00e7o e encerra sua segunda passagem pelo clube\r \r 20 de fevereiro de 2026 12:57 \r Compartilhar1 Por Hugo Luque O Botafogo continua a dar forma ao elenco que vai disputar a S\u00e9rie B do Campeonato Brasileiro com dispensas. Ap\u00f3s a sa\u00edda do\u2026","rel":"","context":"In &quot;Not\u00edcias de Ribeir\u00e3o Preto-SP e Regi\u00e3o&quot;","block_context":{"text":"Not\u00edcias de Ribeir\u00e3o Preto-SP e Regi\u00e3o","link":"https:\/\/noticiasribeiraopreto.com.br\/index.php\/category\/noticias-de-ribeirao-preto-sp-e-regiao-ismael-colosi\/"},"img":{"alt_text":"","src":"https:\/\/i0.wp.com\/noticiasribeiraopreto.com.br\/wp-content\/uploads\/2026\/02\/LD-Jeferson-Raul-Ramos-2-1.jpg?fit=799%2C533&ssl=1&resize=350%2C200","width":350,"height":200,"srcset":"https:\/\/i0.wp.com\/noticiasribeiraopreto.com.br\/wp-content\/uploads\/2026\/02\/LD-Jeferson-Raul-Ramos-2-1.jpg?fit=799%2C533&ssl=1&resize=350%2C200 1x, https:\/\/i0.wp.com\/noticiasribeiraopreto.com.br\/wp-content\/uploads\/2026\/02\/LD-Jeferson-Raul-Ramos-2-1.jpg?fit=799%2C533&ssl=1&resize=525%2C300 1.5x, https:\/\/i0.wp.com\/noticiasribeiraopreto.com.br\/wp-content\/uploads\/2026\/02\/LD-Jeferson-Raul-Ramos-2-1.jpg?fit=799%2C533&ssl=1&resize=700%2C400 2x"},"classes":[]},{"id":69988,"url":"https:\/\/noticiasribeiraopreto.com.br\/index.php\/2025\/05\/21\/comercial-apresenta-jogadores-para-copa-paulista-tem-venezuelano-e-ex-botafogo\/","url_meta":{"origin":75110,"position":2},"title":"Comercial apresenta jogadores para Copa Paulista; tem venezuelano e ex-Botafogo","author":"noticiasribeiraopreto.com.br","date":"21 de May de 2025","format":false,"excerpt":"O Comercial apresentou nesta quarta-feira (21), no est\u00e1dio Palma Travassos, em Ribeir\u00e3o Preto, 11 jogadores que far\u00e3o parte do elenco na disputa da Copa Paulista 2025. Entre os atletas, est\u00e3o um goleiro venezuelano e jogadores com passagem pelo futebol de Malta. Entre os atletas apresentados pelo Le\u00e3o do Norte, est\u00e3o\u2026","rel":"","context":"In &quot;Not\u00edcias de Ribeir\u00e3o Preto-SP e Regi\u00e3o&quot;","block_context":{"text":"Not\u00edcias de Ribeir\u00e3o Preto-SP e Regi\u00e3o","link":"https:\/\/noticiasribeiraopreto.com.br\/index.php\/category\/noticias-de-ribeirao-preto-sp-e-regiao-ismael-colosi\/"},"img":{"alt_text":"","src":"https:\/\/i0.wp.com\/noticiasribeiraopreto.com.br\/wp-content\/uploads\/2025\/05\/comercial-jogadores_2025-05-21_19-47-16.webp.webp?fit=1200%2C674&ssl=1&resize=350%2C200","width":350,"height":200,"srcset":"https:\/\/i0.wp.com\/noticiasribeiraopreto.com.br\/wp-content\/uploads\/2025\/05\/comercial-jogadores_2025-05-21_19-47-16.webp.webp?fit=1200%2C674&ssl=1&resize=350%2C200 1x, https:\/\/i0.wp.com\/noticiasribeiraopreto.com.br\/wp-content\/uploads\/2025\/05\/comercial-jogadores_2025-05-21_19-47-16.webp.webp?fit=1200%2C674&ssl=1&resize=525%2C300 1.5x, https:\/\/i0.wp.com\/noticiasribeiraopreto.com.br\/wp-content\/uploads\/2025\/05\/comercial-jogadores_2025-05-21_19-47-16.webp.webp?fit=1200%2C674&ssl=1&resize=700%2C400 2x, https:\/\/i0.wp.com\/noticiasribeiraopreto.com.br\/wp-content\/uploads\/2025\/05\/comercial-jogadores_2025-05-21_19-47-16.webp.webp?fit=1200%2C674&ssl=1&resize=1050%2C600 3x"},"classes":[]},{"id":816,"url":"https:\/\/noticiasribeiraopreto.com.br\/index.php\/2023\/11\/09\/comercial-apresenta-mais-dois-reforcos\/","url_meta":{"origin":75110,"position":3},"title":"Comercial apresenta mais dois refor\u00e7os","author":"noticiasribeiraopreto.com.br","date":"9 de November de 2023","format":false,"excerpt":"9 de novembro de 2023 | 11:009 de novembro de 2023 | 9:01 0O Comercial segue contratando para a disputa da S\u00e9rie A2. O Le\u00e3o do Norte confirmou mais dois refor\u00e7os. O volante Willyam Maranh\u00e3o e o meia Matheus Farinha j\u00e1 foram incorporados ao elenco e iniciaram pr\u00e9-temporada sob o\u2026","rel":"","context":"In &quot;Not\u00edcias de Ribeir\u00e3o Preto-SP e Regi\u00e3o&quot;","block_context":{"text":"Not\u00edcias de Ribeir\u00e3o Preto-SP e Regi\u00e3o","link":"https:\/\/noticiasribeiraopreto.com.br\/index.php\/category\/noticias-de-ribeirao-preto-sp-e-regiao-ismael-colosi\/"},"img":{"alt_text":"","src":"https:\/\/i0.wp.com\/noticiasribeiraopreto.com.br\/wp-content\/uploads\/2023\/11\/Comercial-4.jpg?fit=860%2C645&ssl=1&resize=350%2C200","width":350,"height":200,"srcset":"https:\/\/i0.wp.com\/noticiasribeiraopreto.com.br\/wp-content\/uploads\/2023\/11\/Comercial-4.jpg?fit=860%2C645&ssl=1&resize=350%2C200 1x, https:\/\/i0.wp.com\/noticiasribeiraopreto.com.br\/wp-content\/uploads\/2023\/11\/Comercial-4.jpg?fit=860%2C645&ssl=1&resize=525%2C300 1.5x, https:\/\/i0.wp.com\/noticiasribeiraopreto.com.br\/wp-content\/uploads\/2023\/11\/Comercial-4.jpg?fit=860%2C645&ssl=1&resize=700%2C400 2x"},"classes":[]},{"id":61921,"url":"https:\/\/noticiasribeiraopreto.com.br\/index.php\/2024\/12\/27\/botafogo-anuncia-mais-duas-contratacoes-para-temporada-2025-2\/","url_meta":{"origin":75110,"position":4},"title":"Botafogo anuncia mais duas contrata\u00e7\u00f5es para temporada 2025","author":"noticiasribeiraopreto.com.br","date":"27 de December de 2024","format":false,"excerpt":"A dire\u00e7\u00e3o do Botafogo confirmou, na noite desta quinta-feira (26), as contrata\u00e7\u00f5es de dois refor\u00e7os para a temporada 2025: o lateral-direito Jeferson e o volante argentino Alejo Dramisino. Ambos os jogadores j\u00e1 est\u00e3o em Ribeir\u00e3o Preto, passaram por exames m\u00e9dicos e assinaram contratos com o clube at\u00e9 o fim de\u2026","rel":"","context":"In &quot;Not\u00edcias de Ribeir\u00e3o Preto-SP e Regi\u00e3o&quot;","block_context":{"text":"Not\u00edcias de Ribeir\u00e3o Preto-SP e Regi\u00e3o","link":"https:\/\/noticiasribeiraopreto.com.br\/index.php\/category\/noticias-de-ribeirao-preto-sp-e-regiao-ismael-colosi\/"},"img":{"alt_text":"","src":"https:\/\/i0.wp.com\/noticiasribeiraopreto.com.br\/wp-content\/uploads\/2024\/12\/Copia-de-Copia-de-Copia-de-TAMANHO-EXATO-PARA-FOTOS-NO-SISTEMA-NOVO-2024-12-27T185329.677_2024-12-27_21-53-42_png_2024-12-27_21-53-42.webp.webp?fit=1200%2C675&ssl=1&resize=350%2C200","width":350,"height":200,"srcset":"https:\/\/i0.wp.com\/noticiasribeiraopreto.com.br\/wp-content\/uploads\/2024\/12\/Copia-de-Copia-de-Copia-de-TAMANHO-EXATO-PARA-FOTOS-NO-SISTEMA-NOVO-2024-12-27T185329.677_2024-12-27_21-53-42_png_2024-12-27_21-53-42.webp.webp?fit=1200%2C675&ssl=1&resize=350%2C200 1x, https:\/\/i0.wp.com\/noticiasribeiraopreto.com.br\/wp-content\/uploads\/2024\/12\/Copia-de-Copia-de-Copia-de-TAMANHO-EXATO-PARA-FOTOS-NO-SISTEMA-NOVO-2024-12-27T185329.677_2024-12-27_21-53-42_png_2024-12-27_21-53-42.webp.webp?fit=1200%2C675&ssl=1&resize=525%2C300 1.5x, https:\/\/i0.wp.com\/noticiasribeiraopreto.com.br\/wp-content\/uploads\/2024\/12\/Copia-de-Copia-de-Copia-de-TAMANHO-EXATO-PARA-FOTOS-NO-SISTEMA-NOVO-2024-12-27T185329.677_2024-12-27_21-53-42_png_2024-12-27_21-53-42.webp.webp?fit=1200%2C675&ssl=1&resize=700%2C400 2x, https:\/\/i0.wp.com\/noticiasribeiraopreto.com.br\/wp-content\/uploads\/2024\/12\/Copia-de-Copia-de-Copia-de-TAMANHO-EXATO-PARA-FOTOS-NO-SISTEMA-NOVO-2024-12-27T185329.677_2024-12-27_21-53-42_png_2024-12-27_21-53-42.webp.webp?fit=1200%2C675&ssl=1&resize=1050%2C600 3x"},"classes":[]},{"id":82097,"url":"https:\/\/noticiasribeiraopreto.com.br\/index.php\/2026\/02\/03\/no-santa-cruz-comercial-perde-para-penapolense\/","url_meta":{"origin":75110,"position":5},"title":"No Santa Cruz, Comercial perde para Penapolense","author":"noticiasribeiraopreto.com.br","date":"3 de February de 2026","format":false,"excerpt":"\r Bafo at\u00e9 busca empate, mas come\u00e7a 2\u00ba tempo devagar e sofre primeira derrota na A4\r \r 3 de fevereiro de 2026 22:27 \r Compartilhar1 Por Hugo Luque O Comercial sofreu sua primeira derrota na S\u00e9rie A4 do Campeonato Paulista nesta ter\u00e7a-feira (3), por 2 a 1, para a Penapolense,\u2026","rel":"","context":"In &quot;Not\u00edcias de Ribeir\u00e3o Preto-SP e Regi\u00e3o&quot;","block_context":{"text":"Not\u00edcias de Ribeir\u00e3o Preto-SP e Regi\u00e3o","link":"https:\/\/noticiasribeiraopreto.com.br\/index.php\/category\/noticias-de-ribeirao-preto-sp-e-regiao-ismael-colosi\/"},"img":{"alt_text":"","src":"https:\/\/i0.wp.com\/noticiasribeiraopreto.com.br\/wp-content\/uploads\/2026\/02\/Comercial-x-Penapolense-Raul-Ramos-scaled.jpeg?fit=1200%2C800&ssl=1&resize=350%2C200","width":350,"height":200,"srcset":"https:\/\/i0.wp.com\/noticiasribeiraopreto.com.br\/wp-content\/uploads\/2026\/02\/Comercial-x-Penapolense-Raul-Ramos-scaled.jpeg?fit=1200%2C800&ssl=1&resize=350%2C200 1x, https:\/\/i0.wp.com\/noticiasribeiraopreto.com.br\/wp-content\/uploads\/2026\/02\/Comercial-x-Penapolense-Raul-Ramos-scaled.jpeg?fit=1200%2C800&ssl=1&resize=525%2C300 1.5x, https:\/\/i0.wp.com\/noticiasribeiraopreto.com.br\/wp-content\/uploads\/2026\/02\/Comercial-x-Penapolense-Raul-Ramos-scaled.jpeg?fit=1200%2C800&ssl=1&resize=700%2C400 2x, https:\/\/i0.wp.com\/noticiasribeiraopreto.com.br\/wp-content\/uploads\/2026\/02\/Comercial-x-Penapolense-Raul-Ramos-scaled.jpeg?fit=1200%2C800&ssl=1&resize=1050%2C600 3x"},"classes":[]}],"jetpack_sharing_enabled":true,"jetpack_shortlink":"https:\/\/wp.me\/peQAOb-jxs","_links":{"self":[{"href":"https:\/\/noticiasribeiraopreto.com.br\/index.php\/wp-json\/wp\/v2\/posts\/75110","targetHints":{"allow":["GET"]}}],"collection":[{"href":"https:\/\/noticiasribeiraopreto.com.br\/index.php\/wp-json\/wp\/v2\/posts"}],"about":[{"href":"https:\/\/noticiasribeiraopreto.com.br\/index.php\/wp-json\/wp\/v2\/types\/post"}],"author":[{"embeddable":true,"href":"https:\/\/noticiasribeiraopreto.com.br\/index.php\/wp-json\/wp\/v2\/users\/1"}],"replies":[{"embeddable":true,"href":"https:\/\/noticiasribeiraopreto.com.br\/index.php\/wp-json\/wp\/v2\/comments?post=75110"}],"version-history":[{"count":0,"href":"https:\/\/noticiasribeiraopreto.com.br\/index.php\/wp-json\/wp\/v2\/posts\/75110\/revisions"}],"wp:featuredmedia":[{"embeddable":true,"href":"https:\/\/noticiasribeiraopreto.com.br\/index.php\/wp-json\/wp\/v2\/media\/75111"}],"wp:attachment":[{"href":"https:\/\/noticiasribeiraopreto.com.br\/index.php\/wp-json\/wp\/v2\/media?parent=75110"}],"wp:term":[{"taxonomy":"category","embeddable":true,"href":"https:\/\/noticiasribeiraopreto.com.br\/index.php\/wp-json\/wp\/v2\/categories?post=75110"},{"taxonomy":"post_tag","embeddable":true,"href":"https:\/\/noticiasribeiraopreto.com.br\/index.php\/wp-json\/wp\/v2\/tags?post=75110"}],"curies":[{"name":"wp","href":"https:\/\/api.w.org\/{rel}","templated":true}]}}