{"id":75115,"date":"2025-08-04T09:33:34","date_gmt":"2025-08-04T12:33:34","guid":{"rendered":"https:\/\/noticiasribeiraopreto.com.br\/index.php\/2025\/08\/04\/bonus-dara-desconto-de-r-1159\/"},"modified":"2025-08-04T09:33:34","modified_gmt":"2025-08-04T12:33:34","slug":"bonus-dara-desconto-de-r-1159","status":"publish","type":"post","link":"https:\/\/noticiasribeiraopreto.com.br\/index.php\/2025\/08\/04\/bonus-dara-desconto-de-r-1159\/","title":{"rendered":"B\u00f4nus dar\u00e1 desconto de R$ 11,59"},"content":{"rendered":"<div class='code-block code-block-1' style='margin: 8px 0 8px auto; text-align: right; display: block; clear: both;'>\n<p><a href=\"https:\/\/wa.link\/vpicfd\"><img data-recalc-dims=\"1\" class=\"wp-image-4922\" style=\"aspect-ratio: 2.0253164556962027; width: 561px; height: auto;\" src=\"https:\/\/i0.wp.com\/ismaelcolosi.com.br\/wp-content\/uploads\/2023\/11\/grupo-de-empregos-whatsapp-e-facebook-ismael-colosi-vagas.jpg?ssl=1\" alt=\"\" \/><\/a><\/p>\n<!-- \/wp:image -->\n<\/div>\n<p> <br \/>\n<\/p>\n<div>\n<p>Na conta de luz de agosto, os brasileiros v\u00e3o receber o B\u00f4nus de Itaipu, um desconto m\u00e9dio de R$ 11,59 na fatura. Esse al\u00edvio vai compensar a cobran\u00e7a extra da bandeira vermelha patamar 2 anunciada pela Ag\u00eancia Nacional de Energia El\u00e9trica (Aneel) em 25 de julho ara este m\u00eas, com cobran\u00e7a adicional de R$ R$ 7,877 a cada 100 quilowatts-hora (kW\/h) consumidos.<\/p>\n<p>O patamar j\u00e1 estava no radar de agentes do setor. \u00c9 o primeiro acionamento, neste n\u00edvel, desde outubro de 2024, e o quarto m\u00eas seguido com cobran\u00e7a extra. Em junho e julho vigorou a bandeira tarif\u00e1ria vermelha patamar 1, com custo adicional de R$ 4,463 a cada 100 quilowatts-hora (kW\/h) consumidos pelos clientes conectados ao Sistema Interligado Nacional (SIN). Em maio vigorou a amarela, com taxa extra de R$ 1,885 a cada 100 kWh.<\/p>\n<p>Essa cobran\u00e7a interrompeu uma sequ\u00eancia de cinco meses consecutivos de bandeira verde (desde dezembro), sem cobran\u00e7a extraordin\u00e1ria. A ag\u00eancia reguladora apontou para o cen\u00e1rio de aflu\u00eancias para as hidrel\u00e9tricas abaixo da m\u00e9dia em todo o pa\u00eds e consequente redu\u00e7\u00e3o da gera\u00e7\u00e3o dessas fontes.<\/p>\n<p>O B\u00f4nus de Itaipu representa a distribui\u00e7\u00e3o do saldo positivo na Conta de Comercializa\u00e7\u00e3o de Energia El\u00e9trica da Itaipu. Esse dinheiro \u00e9 o excedente entre receitas e despesas da hidrel\u00e9trica binacional, que gera energia a partir da usina em Foz do Igua\u00e7u, na fronteira entre o Brasil e o Paraguai, ao longo do Rio Paran\u00e1.<\/p>\n<p>O montante a ser distribu\u00eddo \u00e9 referente a 2024 e alcan\u00e7a R$ 936,8 milh\u00f5es. Esse dinheiro \u00e9 a soma de R$ 883 milh\u00f5es do saldo positivo do ano passado e R$ 53,7 milh\u00f5es de rentabilidade desse valor at\u00e9 18 de julho deste ano. Os valores s\u00e3o informados pela Empresa Brasileira de Participa\u00e7\u00f5es em Energia Nuclear e Binacional S.A. (ENBPar) \u00e0 Ag\u00eancia Nacional de Energia El\u00e9trica (Aneel), que decide sobre quanto ser\u00e1 devolvido aos consumidores.<\/p>\n<p>A ENBPar \u00e9 a estatal que administra os contratos de Itaipu, e a Aneel \u00e9 o \u00f3rg\u00e3o regulador do setor el\u00e9trico no pa\u00eds. O b\u00f4nus seria ainda maior se a Aneel n\u00e3o tivesse reservado da Conta Itaipu R$ 360 milh\u00f5es para uma reserva t\u00e9cnica financeira da ENBPar.<\/p>\n<p>O B\u00f4nus de Itaipu \u00e9 creditado na conta de agosto dos consumidores residenciais e rurais do Sistema Interligado Nacional (SIN) que tiveram consumo inferior a 350 quilowatts-hora (kWh) em ao menos um m\u00eas de 2024. O valor a ser creditado na fatura \u00e9 proporcional ao consumo desses meses que n\u00e3o chegaram a 350 kWh.<\/p>\n<p>A Aneel ainda n\u00e3o informou quantos clientes ser\u00e3o beneficiados. Em janeiro deste ano, quando foi creditado o b\u00f4nus referente a 2023, foram contemplados mais de 78,3 milh\u00f5es de consumidores, que representa 97% do total de unidades residenciais e rurais no pa\u00eds.<\/p>\n<p>A taxa adicional de R$ 7,877foi determinada pela Aneel para custear usinas termel\u00e9tricas em tempos de baixa nos reservat\u00f3rios das hidrel\u00e9tricas. O adicional \u00e9 necess\u00e1rio, pois a energia gerada pelas termel\u00e9tricas \u00e9 mais cara que a hidrel\u00e9trica.<\/p>\n<p>O B\u00f4nus de Itaipu comumente \u00e9 creditado uma vez por ano, mas este ano foi uma exce\u00e7\u00e3o, com dois epis\u00f3dios de desconto. O primeiro em janeiro, referente a 2023. Tanto o desconto de janeiro, de R$ 13,98 para uma fam\u00edlia com consumo m\u00e9dio de 100kWh, como o de agosto, foram mais altos do que o normal, segundo o Diretor-Financeiro de Itaipu, Andr\u00e9 Pepitone.<\/p>\n<p>Isso porque de 2023 a 2024, a Conta Itaipu recebeu devolu\u00e7\u00e3o de dinheiro que tinha sido retirado para que as distribuidoras utilizassem em 2021 e 2022, de forma a evitar os reajustes tarif\u00e1rios naqueles anos, como medida extraordin\u00e1ria para enfrentamento da pandemia da covid-19.<\/p>\n<p>\u201cComo esse dinheiro \u00e9 do consumidor, em algum momento tinha que ser devolvido\u201d, explica o diretor-financeiro, acrescentando que, a partir de 2026, n\u00e3o haver\u00e1 mais dinheiro a ser devolvido pelas distribuidoras. \u00a0\u201cVai voltar a l\u00f3gica normal da conta. N\u00e3o \u00e9 para ter b\u00f4nus. Se tiver, \u00e9 um residual por diferen\u00e7a de cota\u00e7\u00e3o de d\u00f3lar ou de gera\u00e7\u00e3o, algo em torno de R$ 40 milh\u00f5es, R$ 50 milh\u00f5es, R$ 80 milh\u00f5es, n\u00e3o mais que isso\u201d, estima.<\/p>\n<\/div>\n<p><br \/>\n<br \/><a href=\"https:\/\/www.tribunaribeirao.com.br\/bonus-dara-desconto-de-r-1159\/\">Source link <\/a><\/p>\n<!-- CONTENT END 1 -->\n","protected":false},"excerpt":{"rendered":"<p>Na conta de luz de agosto, os brasileiros v\u00e3o receber o B\u00f4nus de Itaipu, um desconto m\u00e9dio de R$ 11,59 na fatura. Esse al\u00edvio vai&#8230;<\/p>\n","protected":false},"author":1,"featured_media":75116,"comment_status":"open","ping_status":"open","sticky":false,"template":"","format":"standard","meta":{"advanced_seo_description":"","jetpack_seo_html_title":"","jetpack_seo_noindex":false,"jetpack_post_was_ever_published":false,"_jetpack_newsletter_access":"","_jetpack_dont_email_post_to_subs":false,"_jetpack_newsletter_tier_id":0,"_jetpack_memberships_contains_paywalled_content":false,"_jetpack_memberships_contains_paid_content":false,"footnotes":"","jetpack_publicize_message":"","jetpack_publicize_feature_enabled":true,"jetpack_social_post_already_shared":true,"jetpack_social_options":{"image_generator_settings":{"template":"highway","default_image_id":0,"font":"","enabled":false},"version":2}},"categories":[11],"tags":[],"class_list":["post-75115","post","type-post","status-publish","format-standard","has-post-thumbnail","hentry","category-noticias-de-ribeirao-preto-sp-e-regiao-ismael-colosi"],"jetpack_publicize_connections":[],"jetpack_featured_media_url":"https:\/\/i0.wp.com\/noticiasribeiraopreto.com.br\/wp-content\/uploads\/2025\/08\/ContaLUZ-Pixabay-scaled.jpg?fit=1183%2C780&ssl=1","jetpack-related-posts":[{"id":68541,"url":"https:\/\/noticiasribeiraopreto.com.br\/index.php\/2025\/04\/26\/conta-de-luz-tera-custo-adicional\/","url_meta":{"origin":75115,"position":0},"title":"Conta de luz ter\u00e1 custo adicional \u00a0","author":"noticiasribeiraopreto.com.br","date":"26 de April de 2025","format":false,"excerpt":"A Ag\u00eancia Nacional de Energia El\u00e9trica (Aneel) anunciou, nesta sexta-feira, 25 de abril, a bandeira tarif\u00e1ria amarela para o m\u00eas de maio, com custo adicional de R$ 1,885 na tarifa de energia a cada 100 quilowatt-hora (kWh) consumidos pelos clientes conectados ao Sistema Interligado Nacional (SIN). A medida interrompe uma\u2026","rel":"","context":"In &quot;Not\u00edcias de Ribeir\u00e3o Preto-SP e Regi\u00e3o&quot;","block_context":{"text":"Not\u00edcias de Ribeir\u00e3o Preto-SP e Regi\u00e3o","link":"https:\/\/noticiasribeiraopreto.com.br\/index.php\/category\/noticias-de-ribeirao-preto-sp-e-regiao-ismael-colosi\/"},"img":{"alt_text":"","src":"https:\/\/i0.wp.com\/noticiasribeiraopreto.com.br\/wp-content\/uploads\/2025\/04\/ContaLUZ-Pixabay-scaled.jpeg?fit=750%2C500&ssl=1&resize=350%2C200","width":350,"height":200,"srcset":"https:\/\/i0.wp.com\/noticiasribeiraopreto.com.br\/wp-content\/uploads\/2025\/04\/ContaLUZ-Pixabay-scaled.jpeg?fit=750%2C500&ssl=1&resize=350%2C200 1x, https:\/\/i0.wp.com\/noticiasribeiraopreto.com.br\/wp-content\/uploads\/2025\/04\/ContaLUZ-Pixabay-scaled.jpeg?fit=750%2C500&ssl=1&resize=525%2C300 1.5x, https:\/\/i0.wp.com\/noticiasribeiraopreto.com.br\/wp-content\/uploads\/2025\/04\/ContaLUZ-Pixabay-scaled.jpeg?fit=750%2C500&ssl=1&resize=700%2C400 2x"},"classes":[]},{"id":71696,"url":"https:\/\/noticiasribeiraopreto.com.br\/index.php\/2025\/06\/09\/conta-de-luz-tem-custo-adicional\/","url_meta":{"origin":75115,"position":1},"title":"Conta de luz tem custo adicional","author":"noticiasribeiraopreto.com.br","date":"9 de June de 2025","format":false,"excerpt":"A Ag\u00eancia Nacional de Energia El\u00e9trica (Aneel) anunciou\u00a0 a bandeira tarif\u00e1ria vermelha patamar 1 para o m\u00eas de junho, com custo adicional de R$ 4,463 a cada 100 quilowatts-hora (kW\/h) consumidos pelos clientes conectados ao Sistema Interligado Nacional (SIN). J\u00e1 \u00e9 o segundo m\u00eas seguido com taxa extra para o\u2026","rel":"","context":"In &quot;Not\u00edcias de Ribeir\u00e3o Preto-SP e Regi\u00e3o&quot;","block_context":{"text":"Not\u00edcias de Ribeir\u00e3o Preto-SP e Regi\u00e3o","link":"https:\/\/noticiasribeiraopreto.com.br\/index.php\/category\/noticias-de-ribeirao-preto-sp-e-regiao-ismael-colosi\/"},"img":{"alt_text":"","src":"https:\/\/i0.wp.com\/noticiasribeiraopreto.com.br\/wp-content\/uploads\/2025\/06\/ContaLUZ-Freepik-scaled.jpg?fit=750%2C500&ssl=1&resize=350%2C200","width":350,"height":200,"srcset":"https:\/\/i0.wp.com\/noticiasribeiraopreto.com.br\/wp-content\/uploads\/2025\/06\/ContaLUZ-Freepik-scaled.jpg?fit=750%2C500&ssl=1&resize=350%2C200 1x, https:\/\/i0.wp.com\/noticiasribeiraopreto.com.br\/wp-content\/uploads\/2025\/06\/ContaLUZ-Freepik-scaled.jpg?fit=750%2C500&ssl=1&resize=525%2C300 1.5x, https:\/\/i0.wp.com\/noticiasribeiraopreto.com.br\/wp-content\/uploads\/2025\/06\/ContaLUZ-Freepik-scaled.jpg?fit=750%2C500&ssl=1&resize=700%2C400 2x"},"classes":[]},{"id":71069,"url":"https:\/\/noticiasribeiraopreto.com.br\/index.php\/2025\/06\/02\/jornal-da-franca-aneel-aciona-bandeira-vermelha-para-junho-e-conta-de-luz-fica-mais-cara\/","url_meta":{"origin":75115,"position":2},"title":"Jornal da Franca &#8211; Aneel aciona bandeira vermelha para junho, e conta de luz fica mais cara","author":"noticiasribeiraopreto.com.br","date":"2 de June de 2025","format":false,"excerpt":"compartilhar no whatsapp compartilhar no telegram compartilhar no facebook compartilhar no linkedin A medida foi adotada diante da queda no volume de chuvas e da diminui\u00e7\u00e3o da gera\u00e7\u00e3o de energia por hidrel\u00e9tricas Energia el\u00e9trica vai ficar mais cara para os brasileiros no m\u00eas de junho \u2013 foto Arquivo \u00a0 A\u2026","rel":"","context":"In &quot;Not\u00edcias de Franca-SP&quot;","block_context":{"text":"Not\u00edcias de Franca-SP","link":"https:\/\/noticiasribeiraopreto.com.br\/index.php\/category\/noticias-de-ribeirao-preto-sp-e-regiao-ismael-colosi\/noticias-franca-sp\/"},"img":{"alt_text":"","src":"https:\/\/i0.wp.com\/noticiasribeiraopreto.com.br\/wp-content\/uploads\/2025\/06\/conta-de-luz-bandeira-vermelha.jpg?fit=1000%2C683&ssl=1&resize=350%2C200","width":350,"height":200,"srcset":"https:\/\/i0.wp.com\/noticiasribeiraopreto.com.br\/wp-content\/uploads\/2025\/06\/conta-de-luz-bandeira-vermelha.jpg?fit=1000%2C683&ssl=1&resize=350%2C200 1x, https:\/\/i0.wp.com\/noticiasribeiraopreto.com.br\/wp-content\/uploads\/2025\/06\/conta-de-luz-bandeira-vermelha.jpg?fit=1000%2C683&ssl=1&resize=525%2C300 1.5x, https:\/\/i0.wp.com\/noticiasribeiraopreto.com.br\/wp-content\/uploads\/2025\/06\/conta-de-luz-bandeira-vermelha.jpg?fit=1000%2C683&ssl=1&resize=700%2C400 2x"},"classes":[]},{"id":70892,"url":"https:\/\/noticiasribeiraopreto.com.br\/index.php\/2025\/05\/30\/conta-de-luz-vai-ficar-mais-cara-veja-a-partir-de-quando\/","url_meta":{"origin":75115,"position":3},"title":"Conta de luz vai ficar mais cara? Veja a partir de quando","author":"noticiasribeiraopreto.com.br","date":"30 de May de 2025","format":false,"excerpt":"A Ag\u00eancia Nacional de Energia El\u00e9trica (Aneel) anunciou nesta sexta-feira (30) que a bandeira vermelha, patamar 1, ser\u00e1 acionada em junho deste ano. A decis\u00e3o indica aumento no custo da energia el\u00e9trica para os consumidores. Com a medida, as contas de luz ter\u00e3o uma cobran\u00e7a adicional de R$ 4,46 a\u2026","rel":"","context":"In &quot;Not\u00edcias de Ribeir\u00e3o Preto-SP e Regi\u00e3o&quot;","block_context":{"text":"Not\u00edcias de Ribeir\u00e3o Preto-SP e Regi\u00e3o","link":"https:\/\/noticiasribeiraopreto.com.br\/index.php\/category\/noticias-de-ribeirao-preto-sp-e-regiao-ismael-colosi\/"},"img":{"alt_text":"","src":"https:\/\/i0.wp.com\/noticiasribeiraopreto.com.br\/wp-content\/uploads\/2025\/01\/luz_2025-01-24_15-39-11_jpg_2025-01-24_15-39-11.webp.webp?fit=1200%2C859&ssl=1&resize=350%2C200","width":350,"height":200,"srcset":"https:\/\/i0.wp.com\/noticiasribeiraopreto.com.br\/wp-content\/uploads\/2025\/01\/luz_2025-01-24_15-39-11_jpg_2025-01-24_15-39-11.webp.webp?fit=1200%2C859&ssl=1&resize=350%2C200 1x, https:\/\/i0.wp.com\/noticiasribeiraopreto.com.br\/wp-content\/uploads\/2025\/01\/luz_2025-01-24_15-39-11_jpg_2025-01-24_15-39-11.webp.webp?fit=1200%2C859&ssl=1&resize=525%2C300 1.5x, https:\/\/i0.wp.com\/noticiasribeiraopreto.com.br\/wp-content\/uploads\/2025\/01\/luz_2025-01-24_15-39-11_jpg_2025-01-24_15-39-11.webp.webp?fit=1200%2C859&ssl=1&resize=700%2C400 2x, https:\/\/i0.wp.com\/noticiasribeiraopreto.com.br\/wp-content\/uploads\/2025\/01\/luz_2025-01-24_15-39-11_jpg_2025-01-24_15-39-11.webp.webp?fit=1200%2C859&ssl=1&resize=1050%2C600 3x"},"classes":[]},{"id":6233,"url":"https:\/\/noticiasribeiraopreto.com.br\/index.php\/2023\/11\/25\/energia-nao-tera-valor-adicional-4\/","url_meta":{"origin":75115,"position":4},"title":"Energia el\u00e9trica n\u00e3o ter\u00e1 valor adicional\u00a0","author":"noticiasribeiraopreto.com.br","date":"25 de November de 2023","format":false,"excerpt":"25 de novembro de 2023 | 10:0024 de novembro de 2023 | 20:28 0A Ag\u00eancia Nacional de Energia El\u00e9trica (Aneel) anunciou que manter\u00e1 a bandeira verde acionada em dezembro para todos os brasileiros. Com a decis\u00e3o, a conta de luz continuar\u00e1 sem cobran\u00e7a adicional no pr\u00f3ximo m\u00eas. Est\u00e1 em vigor\u2026","rel":"","context":"In &quot;Not\u00edcias de Ribeir\u00e3o Preto-SP e Regi\u00e3o&quot;","block_context":{"text":"Not\u00edcias de Ribeir\u00e3o Preto-SP e Regi\u00e3o","link":"https:\/\/noticiasribeiraopreto.com.br\/index.php\/category\/noticias-de-ribeirao-preto-sp-e-regiao-ismael-colosi\/"},"img":{"alt_text":"","src":"https:\/\/i0.wp.com\/noticiasribeiraopreto.com.br\/wp-content\/uploads\/2023\/11\/conta-luz.jpg?fit=1140%2C760&ssl=1&resize=350%2C200","width":350,"height":200,"srcset":"https:\/\/i0.wp.com\/noticiasribeiraopreto.com.br\/wp-content\/uploads\/2023\/11\/conta-luz.jpg?fit=1140%2C760&ssl=1&resize=350%2C200 1x, https:\/\/i0.wp.com\/noticiasribeiraopreto.com.br\/wp-content\/uploads\/2023\/11\/conta-luz.jpg?fit=1140%2C760&ssl=1&resize=525%2C300 1.5x, https:\/\/i0.wp.com\/noticiasribeiraopreto.com.br\/wp-content\/uploads\/2023\/11\/conta-luz.jpg?fit=1140%2C760&ssl=1&resize=700%2C400 2x, https:\/\/i0.wp.com\/noticiasribeiraopreto.com.br\/wp-content\/uploads\/2023\/11\/conta-luz.jpg?fit=1140%2C760&ssl=1&resize=1050%2C600 3x"},"classes":[]},{"id":44776,"url":"https:\/\/noticiasribeiraopreto.com.br\/index.php\/2024\/03\/30\/energia-nao-tera-valor-adicional-5\/","url_meta":{"origin":75115,"position":5},"title":"Energia n\u00e3o ter\u00e1 valor adicional\u00a0","author":"noticiasribeiraopreto.com.br","date":"30 de March de 2024","format":false,"excerpt":"30 de mar\u00e7o de 2024 | 16:3030 de mar\u00e7o de 2024 | 13:34 0 A Ag\u00eancia Nacional de Energia El\u00e9trica (Aneel) anunciou que manter\u00e1 a bandeira verde acionada em abril para todos os brasileiros. Com a decis\u00e3o, a conta de luz continuar\u00e1 sem cobran\u00e7a adicional pelo 24\u00ba m\u00eas seguido, desde\u2026","rel":"","context":"In &quot;Not\u00edcias de Ribeir\u00e3o Preto-SP e Regi\u00e3o&quot;","block_context":{"text":"Not\u00edcias de Ribeir\u00e3o Preto-SP e Regi\u00e3o","link":"https:\/\/noticiasribeiraopreto.com.br\/index.php\/category\/noticias-de-ribeirao-preto-sp-e-regiao-ismael-colosi\/"},"img":{"alt_text":"","src":"https:\/\/i0.wp.com\/noticiasribeiraopreto.com.br\/wp-content\/uploads\/2024\/03\/0eaa1c68-c4bb-411f-b4d7-2e8b5987813f.jpg?fit=600%2C352&ssl=1&resize=350%2C200","width":350,"height":200,"srcset":"https:\/\/i0.wp.com\/noticiasribeiraopreto.com.br\/wp-content\/uploads\/2024\/03\/0eaa1c68-c4bb-411f-b4d7-2e8b5987813f.jpg?fit=600%2C352&ssl=1&resize=350%2C200 1x, https:\/\/i0.wp.com\/noticiasribeiraopreto.com.br\/wp-content\/uploads\/2024\/03\/0eaa1c68-c4bb-411f-b4d7-2e8b5987813f.jpg?fit=600%2C352&ssl=1&resize=525%2C300 1.5x"},"classes":[]}],"jetpack_sharing_enabled":true,"jetpack_shortlink":"https:\/\/wp.me\/peQAOb-jxx","_links":{"self":[{"href":"https:\/\/noticiasribeiraopreto.com.br\/index.php\/wp-json\/wp\/v2\/posts\/75115","targetHints":{"allow":["GET"]}}],"collection":[{"href":"https:\/\/noticiasribeiraopreto.com.br\/index.php\/wp-json\/wp\/v2\/posts"}],"about":[{"href":"https:\/\/noticiasribeiraopreto.com.br\/index.php\/wp-json\/wp\/v2\/types\/post"}],"author":[{"embeddable":true,"href":"https:\/\/noticiasribeiraopreto.com.br\/index.php\/wp-json\/wp\/v2\/users\/1"}],"replies":[{"embeddable":true,"href":"https:\/\/noticiasribeiraopreto.com.br\/index.php\/wp-json\/wp\/v2\/comments?post=75115"}],"version-history":[{"count":0,"href":"https:\/\/noticiasribeiraopreto.com.br\/index.php\/wp-json\/wp\/v2\/posts\/75115\/revisions"}],"wp:featuredmedia":[{"embeddable":true,"href":"https:\/\/noticiasribeiraopreto.com.br\/index.php\/wp-json\/wp\/v2\/media\/75116"}],"wp:attachment":[{"href":"https:\/\/noticiasribeiraopreto.com.br\/index.php\/wp-json\/wp\/v2\/media?parent=75115"}],"wp:term":[{"taxonomy":"category","embeddable":true,"href":"https:\/\/noticiasribeiraopreto.com.br\/index.php\/wp-json\/wp\/v2\/categories?post=75115"},{"taxonomy":"post_tag","embeddable":true,"href":"https:\/\/noticiasribeiraopreto.com.br\/index.php\/wp-json\/wp\/v2\/tags?post=75115"}],"curies":[{"name":"wp","href":"https:\/\/api.w.org\/{rel}","templated":true}]}}