{"id":75119,"date":"2025-08-04T09:58:04","date_gmt":"2025-08-04T12:58:04","guid":{"rendered":"https:\/\/noticiasribeiraopreto.com.br\/index.php\/2025\/08\/04\/caminhao-carregado-de-biodiesel-tem-principio-de-incendio-em-rodovia\/"},"modified":"2025-08-04T09:58:04","modified_gmt":"2025-08-04T12:58:04","slug":"caminhao-carregado-de-biodiesel-tem-principio-de-incendio-em-rodovia","status":"publish","type":"post","link":"https:\/\/noticiasribeiraopreto.com.br\/index.php\/2025\/08\/04\/caminhao-carregado-de-biodiesel-tem-principio-de-incendio-em-rodovia\/","title":{"rendered":"Caminh\u00e3o carregado de biodiesel\u00a0tem princ\u00edpio de inc\u00eandio em rodovia"},"content":{"rendered":"<div class='code-block code-block-1' style='margin: 8px 0 8px auto; text-align: right; display: block; clear: both;'>\n<p><a href=\"https:\/\/wa.link\/vpicfd\"><img data-recalc-dims=\"1\" class=\"wp-image-4922\" style=\"aspect-ratio: 2.0253164556962027; width: 561px; height: auto;\" src=\"https:\/\/i0.wp.com\/ismaelcolosi.com.br\/wp-content\/uploads\/2023\/11\/grupo-de-empregos-whatsapp-e-facebook-ismael-colosi-vagas.jpg?ssl=1\" alt=\"\" \/><\/a><\/p>\n<!-- \/wp:image -->\n<\/div>\n<p> <br \/>\n<\/p>\n<div data-td-block-uid=\"tdi_95\">\n<div class=\"tdb-block-inner td-fix-index\">\n<p><strong>Um princ\u00edpio de inc\u00eandio atingiu um caminh\u00e3o-tanque carregado de biodiesel\u00a0na madrugada desta segunda-feira (4), na rodovia Brigadeiro Faria Lima (SP-326), em Tai\u00fava, a 80 quil\u00f4metros de Ribeir\u00e3o Preto.<\/strong><\/p>\n<p>Segundo informa\u00e7\u00f5es da <strong>Artesp (Ag\u00eancia de Transporte do Estado de S\u00e3o Paulo)<\/strong>, o <strong>caminh\u00e3o trafegava <\/strong>no <strong>sentido sul <\/strong>com<strong> 6 mil litros do combust\u00edvel<\/strong>, quando teve um <strong>princ\u00edpio de inc\u00eandio<\/strong> nas <strong>rodas <\/strong>e <strong>parou <\/strong>pelo <strong>acostamento <\/strong>no <strong>km 357<\/strong>. \u00a0<\/p>\n<p>Ainda conforme as informa\u00e7\u00f5es, o fogo foi controlado com uso de extintores. Um caminh\u00e3o-pipa atuou no resfriamento e o ve\u00edculo seguiu viagem \u00e0s 6h21. N\u00e3o houve registro de v\u00edtimas.<\/p>\n<p>Apenas o acostamento ficou interditado, mas j\u00e1 est\u00e1 liberado.<\/p>\n<p>\u00a0A Cetesb (Companhia Ambiental do Estado de S\u00e3o Paulo) foi comunicada sobre o fato.<\/p>\n<p>As causas ainda dever\u00e3o ser apuradas.<\/p>\n<p>SAIBA MAIS<\/p>\n<p>RP Mobi come\u00e7a fiscaliza\u00e7\u00e3o das novas vagas de \u00c1rea Azul no Centro; Veja onde<\/p>\n<h2 class=\"wp-block-heading\"><strong>FIQUE ON<\/strong><\/h2>\n<p>Fique ligado em tudo que acontece em Ribeir\u00e3o Preto e regi\u00e3o. Siga os perfis do\u00a0<strong>acidade on\u00a0<\/strong>no<a href=\"https:\/\/www.instagram.com\/acidadeonribeirao\" target=\"_blank\" rel=\"noreferrer noopener\">\u00a0Instagram<\/a>\u00a0e no\u00a0<a href=\"https:\/\/www.facebook.com\/acidadeonribeirao\/\" target=\"_blank\" rel=\"noreferrer noopener\">Facebook<\/a>.<\/p>\n<p>Receba not\u00edcias do\u00a0<strong>acidade on<\/strong>\u00a0no WhatsApp.<a href=\"https:\/\/chat.whatsapp.com\/BjKQZ9oJwlz8VVT50NuePq\" target=\"_blank\" rel=\"noreferrer noopener\">\u00a0Para entrar no grupo, basta clicar aqui.<\/a><\/p>\n<p>Fa\u00e7a uma den\u00fancia ou sugira uma reportagem sobre Ribeir\u00e3o Preto e regi\u00e3o pelo WhatsApp: 16 99117 7802.<\/p>\n<p>VEJA TAMB\u00c9M<\/p>\n<p>Por que agosto \u00e9 chamado de \u2018m\u00eas do desgosto\u2019 ou \u2018do cachorro louco\u2019?<\/p>\n<p><!-- AI CONTENT END 1 -->\n<\/div>\n<\/div>\n<p><script async src=\"\/\/www.instagram.com\/embed.js\"><\/script><br \/>\n<br \/><br \/>\n<br \/><a href=\"https:\/\/www.acidadeon.com\/ribeiraopreto\/cotidiano\/caminhao-carregado-de-biodiesel-tem-principio-de-incendio-em-rodovia\/\">Source link <\/a><\/p>\n<!-- CONTENT END 1 -->\n","protected":false},"excerpt":{"rendered":"<p>Um princ\u00edpio de inc\u00eandio atingiu um caminh\u00e3o-tanque carregado de biodiesel\u00a0na madrugada desta segunda-feira (4), na rodovia Brigadeiro Faria Lima (SP-326), em Tai\u00fava, a 80 quil\u00f4metros&#8230;<\/p>\n","protected":false},"author":1,"featured_media":75120,"comment_status":"open","ping_status":"open","sticky":false,"template":"","format":"standard","meta":{"advanced_seo_description":"","jetpack_seo_html_title":"","jetpack_seo_noindex":false,"jetpack_post_was_ever_published":false,"_jetpack_newsletter_access":"","_jetpack_dont_email_post_to_subs":false,"_jetpack_newsletter_tier_id":0,"_jetpack_memberships_contains_paywalled_content":false,"_jetpack_memberships_contains_paid_content":false,"footnotes":"","jetpack_publicize_message":"","jetpack_publicize_feature_enabled":true,"jetpack_social_post_already_shared":true,"jetpack_social_options":{"image_generator_settings":{"template":"highway","default_image_id":0,"font":"","enabled":false},"version":2}},"categories":[11],"tags":[],"class_list":["post-75119","post","type-post","status-publish","format-standard","has-post-thumbnail","hentry","category-noticias-de-ribeirao-preto-sp-e-regiao-ismael-colosi"],"jetpack_publicize_connections":[],"jetpack_featured_media_url":"https:\/\/i0.wp.com\/noticiasribeiraopreto.com.br\/wp-content\/uploads\/2025\/08\/WhatsApp-Image-2025-08-04-at-07.48.58-1_2025-08-04_11-17-22.webp.webp?fit=1200%2C675&ssl=1","jetpack-related-posts":[{"id":67056,"url":"https:\/\/noticiasribeiraopreto.com.br\/index.php\/2025\/04\/09\/caminhao-carregado-de-medicamentos-pega-fogo-na-anhanguera\/","url_meta":{"origin":75119,"position":0},"title":"Caminh\u00e3o carregado de medicamentos pega fogo na Anhanguera","author":"noticiasribeiraopreto.com.br","date":"9 de April de 2025","format":false,"excerpt":"Um caminh\u00e3o carregado de medicamentos pegou foi na noite desta ter\u00e7a-feira (8), no km 430 da rodovia Anhanguera (SP-330), em Aramina, cidade a aproximadamente 120 quil\u00f4metros de Ribeir\u00e3o Preto. Segundo a Artesp (Ag\u00eancia Reguladora de Transporte do Estado de S\u00e3o Paulo), o ve\u00edculo teria apresentado prov\u00e1vel pane mec\u00e2nica, quando o\u2026","rel":"","context":"In &quot;Not\u00edcias de Ribeir\u00e3o Preto-SP e Regi\u00e3o&quot;","block_context":{"text":"Not\u00edcias de Ribeir\u00e3o Preto-SP e Regi\u00e3o","link":"https:\/\/noticiasribeiraopreto.com.br\/index.php\/category\/noticias-de-ribeirao-preto-sp-e-regiao-ismael-colosi\/"},"img":{"alt_text":"","src":"https:\/\/i0.wp.com\/noticiasribeiraopreto.com.br\/wp-content\/uploads\/2025\/04\/WhatsApp-Image-2025-04-09-at-08.18.12_2025-04-09_11-18-33_jpeg_2025-04-09_11-18-33.webp.webp?fit=1200%2C876&ssl=1&resize=350%2C200","width":350,"height":200,"srcset":"https:\/\/i0.wp.com\/noticiasribeiraopreto.com.br\/wp-content\/uploads\/2025\/04\/WhatsApp-Image-2025-04-09-at-08.18.12_2025-04-09_11-18-33_jpeg_2025-04-09_11-18-33.webp.webp?fit=1200%2C876&ssl=1&resize=350%2C200 1x, https:\/\/i0.wp.com\/noticiasribeiraopreto.com.br\/wp-content\/uploads\/2025\/04\/WhatsApp-Image-2025-04-09-at-08.18.12_2025-04-09_11-18-33_jpeg_2025-04-09_11-18-33.webp.webp?fit=1200%2C876&ssl=1&resize=525%2C300 1.5x, https:\/\/i0.wp.com\/noticiasribeiraopreto.com.br\/wp-content\/uploads\/2025\/04\/WhatsApp-Image-2025-04-09-at-08.18.12_2025-04-09_11-18-33_jpeg_2025-04-09_11-18-33.webp.webp?fit=1200%2C876&ssl=1&resize=700%2C400 2x, https:\/\/i0.wp.com\/noticiasribeiraopreto.com.br\/wp-content\/uploads\/2025\/04\/WhatsApp-Image-2025-04-09-at-08.18.12_2025-04-09_11-18-33_jpeg_2025-04-09_11-18-33.webp.webp?fit=1200%2C876&ssl=1&resize=1050%2C600 3x"},"classes":[]},{"id":61214,"url":"https:\/\/noticiasribeiraopreto.com.br\/index.php\/2024\/12\/06\/incendio-em-caminhao-causa-interdicao-em-rodovia-na-regiao-de-ribeirao-preto\/","url_meta":{"origin":75119,"position":1},"title":"Inc\u00eandio em caminh\u00e3o causa interdi\u00e7\u00e3o em rodovia na regi\u00e3o de Ribeir\u00e3o Preto","author":"noticiasribeiraopreto.com.br","date":"6 de December de 2024","format":false,"excerpt":"Um inc\u00eandio em um caminh\u00e3o causou interdi\u00e7\u00e3o na rodovia Ant\u00f4nio Machado Sant\u2019Anna (SP-255), na manh\u00e3 desta sexta-feira (6), em Guatapar\u00e1, a aproximadamente 60 quil\u00f4metros de Ribeir\u00e3o Preto. Segundo informa\u00e7\u00f5es da Artesp (Ag\u00eancia de Transporte do Estado de S\u00e3o Paulo), o bloqueio ocorreu no km 38 pelo sentido Sul por aproximadamente\u2026","rel":"","context":"In &quot;Not\u00edcias de Ribeir\u00e3o Preto-SP e Regi\u00e3o&quot;","block_context":{"text":"Not\u00edcias de Ribeir\u00e3o Preto-SP e Regi\u00e3o","link":"https:\/\/noticiasribeiraopreto.com.br\/index.php\/category\/noticias-de-ribeirao-preto-sp-e-regiao-ismael-colosi\/"},"img":{"alt_text":"","src":"https:\/\/i0.wp.com\/noticiasribeiraopreto.com.br\/wp-content\/uploads\/2024\/12\/CAMINHAO_2024-12-06_12-30-48_jpg_2024-12-06_12-30-48.webp.webp?fit=1200%2C871&ssl=1&resize=350%2C200","width":350,"height":200,"srcset":"https:\/\/i0.wp.com\/noticiasribeiraopreto.com.br\/wp-content\/uploads\/2024\/12\/CAMINHAO_2024-12-06_12-30-48_jpg_2024-12-06_12-30-48.webp.webp?fit=1200%2C871&ssl=1&resize=350%2C200 1x, https:\/\/i0.wp.com\/noticiasribeiraopreto.com.br\/wp-content\/uploads\/2024\/12\/CAMINHAO_2024-12-06_12-30-48_jpg_2024-12-06_12-30-48.webp.webp?fit=1200%2C871&ssl=1&resize=525%2C300 1.5x, https:\/\/i0.wp.com\/noticiasribeiraopreto.com.br\/wp-content\/uploads\/2024\/12\/CAMINHAO_2024-12-06_12-30-48_jpg_2024-12-06_12-30-48.webp.webp?fit=1200%2C871&ssl=1&resize=700%2C400 2x, https:\/\/i0.wp.com\/noticiasribeiraopreto.com.br\/wp-content\/uploads\/2024\/12\/CAMINHAO_2024-12-06_12-30-48_jpg_2024-12-06_12-30-48.webp.webp?fit=1200%2C871&ssl=1&resize=1050%2C600 3x"},"classes":[]},{"id":79650,"url":"https:\/\/noticiasribeiraopreto.com.br\/index.php\/2025\/11\/05\/caminhao-carregado-de-laranja-tomba-em-rodovia-na-regiao-de-ribeirao-preto\/","url_meta":{"origin":75119,"position":2},"title":"Caminh\u00e3o carregado de laranja tomba em rodovia na regi\u00e3o de Ribeir\u00e3o Preto","author":"noticiasribeiraopreto.com.br","date":"5 de November de 2025","format":false,"excerpt":"Um caminh\u00e3o carregado de laranja tombou no in\u00edcio da madrugada desta quarta-feira (5), no km 38 da rodovia Paulo Borges de Oliveira (SP-425), em Miguel\u00f3polis, a 130 quil\u00f4metros de\u00a0Ribeir\u00e3o Preto. Segundo informa\u00e7\u00f5es, o motorista sofreu ferimentos leves. A carga se espalhou pela pista e acostamento. De acordo com o DER,\u2026","rel":"","context":"In &quot;Not\u00edcias de Ribeir\u00e3o Preto-SP e Regi\u00e3o&quot;","block_context":{"text":"Not\u00edcias de Ribeir\u00e3o Preto-SP e Regi\u00e3o","link":"https:\/\/noticiasribeiraopreto.com.br\/index.php\/category\/noticias-de-ribeirao-preto-sp-e-regiao-ismael-colosi\/"},"img":{"alt_text":"","src":"https:\/\/i0.wp.com\/noticiasribeiraopreto.com.br\/wp-content\/uploads\/2025\/11\/caminhao_2025-11-05_11-40-13.webp.webp?fit=1200%2C675&ssl=1&resize=350%2C200","width":350,"height":200,"srcset":"https:\/\/i0.wp.com\/noticiasribeiraopreto.com.br\/wp-content\/uploads\/2025\/11\/caminhao_2025-11-05_11-40-13.webp.webp?fit=1200%2C675&ssl=1&resize=350%2C200 1x, https:\/\/i0.wp.com\/noticiasribeiraopreto.com.br\/wp-content\/uploads\/2025\/11\/caminhao_2025-11-05_11-40-13.webp.webp?fit=1200%2C675&ssl=1&resize=525%2C300 1.5x, https:\/\/i0.wp.com\/noticiasribeiraopreto.com.br\/wp-content\/uploads\/2025\/11\/caminhao_2025-11-05_11-40-13.webp.webp?fit=1200%2C675&ssl=1&resize=700%2C400 2x, https:\/\/i0.wp.com\/noticiasribeiraopreto.com.br\/wp-content\/uploads\/2025\/11\/caminhao_2025-11-05_11-40-13.webp.webp?fit=1200%2C675&ssl=1&resize=1050%2C600 3x"},"classes":[]},{"id":66154,"url":"https:\/\/noticiasribeiraopreto.com.br\/index.php\/2025\/03\/28\/incendio-em-caminhao-interdita-rodovia-anhanguera-em-cravinhos\/","url_meta":{"origin":75119,"position":3},"title":"Inc\u00eandio em Caminh\u00e3o Interdita Rodovia Anhanguera em Cravinhos","author":"noticiasribeiraopreto.com.br","date":"28 de March de 2025","format":false,"excerpt":"Na madrugada desta sexta-feira, 28 de mar\u00e7o de 2025, um caminh\u00e3o carregado de gesso pegou fogo no quil\u00f4metro 300 da Rodovia Anhanguera (SP-330), no munic\u00edpio de Cravinhos, regi\u00e3o de Ribeir\u00e3o Preto. O incidente ocorreu por volta das 6h e resultou na interdi\u00e7\u00e3o da pista no sentido sul (capital), causando um\u2026","rel":"","context":"In &quot;Not\u00edcias de Ribeir\u00e3o Preto-SP e Regi\u00e3o&quot;","block_context":{"text":"Not\u00edcias de Ribeir\u00e3o Preto-SP e Regi\u00e3o","link":"https:\/\/noticiasribeiraopreto.com.br\/index.php\/category\/noticias-de-ribeirao-preto-sp-e-regiao-ismael-colosi\/"},"img":{"alt_text":"","src":"https:\/\/i0.wp.com\/noticiasribeiraopreto.com.br\/wp-content\/uploads\/2025\/03\/folder_soldado_do_fogo_3.webp.webp?fit=1170%2C700&ssl=1&resize=350%2C200","width":350,"height":200,"srcset":"https:\/\/i0.wp.com\/noticiasribeiraopreto.com.br\/wp-content\/uploads\/2025\/03\/folder_soldado_do_fogo_3.webp.webp?fit=1170%2C700&ssl=1&resize=350%2C200 1x, https:\/\/i0.wp.com\/noticiasribeiraopreto.com.br\/wp-content\/uploads\/2025\/03\/folder_soldado_do_fogo_3.webp.webp?fit=1170%2C700&ssl=1&resize=525%2C300 1.5x, https:\/\/i0.wp.com\/noticiasribeiraopreto.com.br\/wp-content\/uploads\/2025\/03\/folder_soldado_do_fogo_3.webp.webp?fit=1170%2C700&ssl=1&resize=700%2C400 2x, https:\/\/i0.wp.com\/noticiasribeiraopreto.com.br\/wp-content\/uploads\/2025\/03\/folder_soldado_do_fogo_3.webp.webp?fit=1170%2C700&ssl=1&resize=1050%2C600 3x"},"classes":[]},{"id":65122,"url":"https:\/\/noticiasribeiraopreto.com.br\/index.php\/2025\/03\/16\/incendio-em-caminhao-provoca-interdicao-na-rodovia-anhanguera\/","url_meta":{"origin":75119,"position":4},"title":"Inc\u00eandio em caminh\u00e3o provoca interdi\u00e7\u00e3o na rodovia Anhanguera","author":"noticiasribeiraopreto.com.br","date":"16 de March de 2025","format":false,"excerpt":"Um caminh\u00e3o pegou fogo e provocou a interdi\u00e7\u00e3o da rodovia Anhanguera, na tarde deste s\u00e1bado (15). O incidente aconteceu na altura do quil\u00f4metro 435, em Aramina, no sentido sul (interior-capital). De acordo com o CCI (Centro de Controle de Informa\u00e7\u00f5es) da Artesp (Ag\u00eancia de Transporte do Estado de S\u00e3o Paulo),\u2026","rel":"","context":"In &quot;Not\u00edcias de Ribeir\u00e3o Preto-SP e Regi\u00e3o&quot;","block_context":{"text":"Not\u00edcias de Ribeir\u00e3o Preto-SP e Regi\u00e3o","link":"https:\/\/noticiasribeiraopreto.com.br\/index.php\/category\/noticias-de-ribeirao-preto-sp-e-regiao-ismael-colosi\/"},"img":{"alt_text":"","src":"https:\/\/i0.wp.com\/noticiasribeiraopreto.com.br\/wp-content\/uploads\/2025\/03\/bloqueio-anhanguera_2025-03-15_20-55-55_jpg_2025-03-15_20-55-55.webp.webp?fit=1200%2C781&ssl=1&resize=350%2C200","width":350,"height":200,"srcset":"https:\/\/i0.wp.com\/noticiasribeiraopreto.com.br\/wp-content\/uploads\/2025\/03\/bloqueio-anhanguera_2025-03-15_20-55-55_jpg_2025-03-15_20-55-55.webp.webp?fit=1200%2C781&ssl=1&resize=350%2C200 1x, https:\/\/i0.wp.com\/noticiasribeiraopreto.com.br\/wp-content\/uploads\/2025\/03\/bloqueio-anhanguera_2025-03-15_20-55-55_jpg_2025-03-15_20-55-55.webp.webp?fit=1200%2C781&ssl=1&resize=525%2C300 1.5x, https:\/\/i0.wp.com\/noticiasribeiraopreto.com.br\/wp-content\/uploads\/2025\/03\/bloqueio-anhanguera_2025-03-15_20-55-55_jpg_2025-03-15_20-55-55.webp.webp?fit=1200%2C781&ssl=1&resize=700%2C400 2x, https:\/\/i0.wp.com\/noticiasribeiraopreto.com.br\/wp-content\/uploads\/2025\/03\/bloqueio-anhanguera_2025-03-15_20-55-55_jpg_2025-03-15_20-55-55.webp.webp?fit=1200%2C781&ssl=1&resize=1050%2C600 3x"},"classes":[]},{"id":63956,"url":"https:\/\/noticiasribeiraopreto.com.br\/index.php\/2025\/02\/26\/caminhao-carregado-de-produtos-lacteos-tomba-em-ribanceira-na-anhanguera\/","url_meta":{"origin":75119,"position":5},"title":"Caminh\u00e3o carregado de produtos l\u00e1cteos tomba em ribanceira na Anhanguera","author":"noticiasribeiraopreto.com.br","date":"26 de February de 2025","format":false,"excerpt":"Um caminh\u00e3o carregado de produtos l\u00e1cteos tombou nesta quarta-feira (26), no km 327 da rodovia Anhanguera (SP-330), em Jardin\u00f3polis, na regi\u00e3o de Ribeir\u00e3o Preto. Segundo informa\u00e7\u00f5es da Artesp (Ag\u00eancia de Transporte do Estado de S\u00e3o Paulo), o caminh\u00e3o trafegava no sentido Sul (Capital), quando atingiu a prote\u00e7\u00e3o met\u00e1lica e entrou\u2026","rel":"","context":"In &quot;Not\u00edcias de Ribeir\u00e3o Preto-SP e Regi\u00e3o&quot;","block_context":{"text":"Not\u00edcias de Ribeir\u00e3o Preto-SP e Regi\u00e3o","link":"https:\/\/noticiasribeiraopreto.com.br\/index.php\/category\/noticias-de-ribeirao-preto-sp-e-regiao-ismael-colosi\/"},"img":{"alt_text":"","src":"https:\/\/i0.wp.com\/noticiasribeiraopreto.com.br\/wp-content\/uploads\/2025\/02\/WhatsApp-Image-2025-02-26-at-08.52.14_2025-02-26_12-22-11_jpeg_2025-02-26_12-22-11.webp.webp?fit=1200%2C675&ssl=1&resize=350%2C200","width":350,"height":200,"srcset":"https:\/\/i0.wp.com\/noticiasribeiraopreto.com.br\/wp-content\/uploads\/2025\/02\/WhatsApp-Image-2025-02-26-at-08.52.14_2025-02-26_12-22-11_jpeg_2025-02-26_12-22-11.webp.webp?fit=1200%2C675&ssl=1&resize=350%2C200 1x, https:\/\/i0.wp.com\/noticiasribeiraopreto.com.br\/wp-content\/uploads\/2025\/02\/WhatsApp-Image-2025-02-26-at-08.52.14_2025-02-26_12-22-11_jpeg_2025-02-26_12-22-11.webp.webp?fit=1200%2C675&ssl=1&resize=525%2C300 1.5x, https:\/\/i0.wp.com\/noticiasribeiraopreto.com.br\/wp-content\/uploads\/2025\/02\/WhatsApp-Image-2025-02-26-at-08.52.14_2025-02-26_12-22-11_jpeg_2025-02-26_12-22-11.webp.webp?fit=1200%2C675&ssl=1&resize=700%2C400 2x, https:\/\/i0.wp.com\/noticiasribeiraopreto.com.br\/wp-content\/uploads\/2025\/02\/WhatsApp-Image-2025-02-26-at-08.52.14_2025-02-26_12-22-11_jpeg_2025-02-26_12-22-11.webp.webp?fit=1200%2C675&ssl=1&resize=1050%2C600 3x"},"classes":[]}],"jetpack_sharing_enabled":true,"jetpack_shortlink":"https:\/\/wp.me\/peQAOb-jxB","_links":{"self":[{"href":"https:\/\/noticiasribeiraopreto.com.br\/index.php\/wp-json\/wp\/v2\/posts\/75119","targetHints":{"allow":["GET"]}}],"collection":[{"href":"https:\/\/noticiasribeiraopreto.com.br\/index.php\/wp-json\/wp\/v2\/posts"}],"about":[{"href":"https:\/\/noticiasribeiraopreto.com.br\/index.php\/wp-json\/wp\/v2\/types\/post"}],"author":[{"embeddable":true,"href":"https:\/\/noticiasribeiraopreto.com.br\/index.php\/wp-json\/wp\/v2\/users\/1"}],"replies":[{"embeddable":true,"href":"https:\/\/noticiasribeiraopreto.com.br\/index.php\/wp-json\/wp\/v2\/comments?post=75119"}],"version-history":[{"count":0,"href":"https:\/\/noticiasribeiraopreto.com.br\/index.php\/wp-json\/wp\/v2\/posts\/75119\/revisions"}],"wp:featuredmedia":[{"embeddable":true,"href":"https:\/\/noticiasribeiraopreto.com.br\/index.php\/wp-json\/wp\/v2\/media\/75120"}],"wp:attachment":[{"href":"https:\/\/noticiasribeiraopreto.com.br\/index.php\/wp-json\/wp\/v2\/media?parent=75119"}],"wp:term":[{"taxonomy":"category","embeddable":true,"href":"https:\/\/noticiasribeiraopreto.com.br\/index.php\/wp-json\/wp\/v2\/categories?post=75119"},{"taxonomy":"post_tag","embeddable":true,"href":"https:\/\/noticiasribeiraopreto.com.br\/index.php\/wp-json\/wp\/v2\/tags?post=75119"}],"curies":[{"name":"wp","href":"https:\/\/api.w.org\/{rel}","templated":true}]}}