{"id":75121,"date":"2025-08-04T10:04:29","date_gmt":"2025-08-04T13:04:29","guid":{"rendered":"https:\/\/noticiasribeiraopreto.com.br\/index.php\/2025\/08\/04\/rp-mobi-comeca-fiscalizacao-das-novas-vagas-de-area-azul-no-centro-veja-onde\/"},"modified":"2025-08-04T10:04:29","modified_gmt":"2025-08-04T13:04:29","slug":"rp-mobi-comeca-fiscalizacao-das-novas-vagas-de-area-azul-no-centro-veja-onde","status":"publish","type":"post","link":"https:\/\/noticiasribeiraopreto.com.br\/index.php\/2025\/08\/04\/rp-mobi-comeca-fiscalizacao-das-novas-vagas-de-area-azul-no-centro-veja-onde\/","title":{"rendered":"RP Mobi come\u00e7a fiscaliza\u00e7\u00e3o das novas vagas de \u00c1rea Azul no Centro; Veja onde"},"content":{"rendered":"<div class='code-block code-block-1' style='margin: 8px 0 8px auto; text-align: right; display: block; clear: both;'>\n<p><a href=\"https:\/\/wa.link\/vpicfd\"><img data-recalc-dims=\"1\" class=\"wp-image-4922\" style=\"aspect-ratio: 2.0253164556962027; width: 561px; height: auto;\" src=\"https:\/\/i0.wp.com\/ismaelcolosi.com.br\/wp-content\/uploads\/2023\/11\/grupo-de-empregos-whatsapp-e-facebook-ismael-colosi-vagas.jpg?ssl=1\" alt=\"\" \/><\/a><\/p>\n<!-- \/wp:image -->\n<\/div>\n<p> <br \/>\n<\/p>\n<div data-td-block-uid=\"tdi_95\">\n<div class=\"tdb-block-inner td-fix-index\">\n<p><strong>A <a href=\"https:\/\/www.ribeiraopreto.sp.gov.br\/portal\/rpmobi\/\" data-type=\"link\" data-id=\"https:\/\/www.ribeiraopreto.sp.gov.br\/portal\/rpmobi\/\" target=\"_blank\" rel=\"noopener\">RP Mobi<\/a>, empresa respons\u00e1vel pelo gerenciamento do tr\u00e2nsito em\u00a0Ribeir\u00e3o Preto, deve come\u00e7ar a fiscalizar as novas vagas da\u00a0\u00c1rea Azul\u00a0no Centro a partir desta segunda-feira (4).<\/strong><\/p>\n<p><mark style=\"background-color:#fcb900\" class=\"has-inline-color has-black-color\">S\u00e3o 85 vagas de estacionamento rotativo na\u00a0rua Floriano Peixoto, entre a\u00a0avenida Francisco Junqueira\u00a0at\u00e9 a\u00a0avenida Nove de Julho, al\u00e9m de quatro vagas para idosos e duas vagas PCD (pessoa com defici\u00eancia).<\/mark><\/p>\n<p>A \u00c1rea Azul Digital funciona de segunda a sexta-feira, das 9h \u00e0s 18h, e aos s\u00e1bados, das 9h \u00e0s 13h.<\/p>\n<p>Os valores s\u00e3o de R$ 1,50 para uma hora ou de R$ 3 para duas horas de estacionamento. A toler\u00e2ncia \u00e9 de 15 minutos.<\/p>\n<p>Os ve\u00edculos em situa\u00e7\u00e3o irregular nas vagas rotativas estar\u00e3o sujeitos \u00e0 penalidade, conforme o C\u00f3digo de Tr\u00e2nsito Brasileiro, considerando infra\u00e7\u00e3o grave, com cinco pontos na Carteira Nacional de Habilita\u00e7\u00e3o (CNH) e multa de R$ 195,23.\u00a0<\/p>\n<h2 class=\"wp-block-heading\"><strong>Pagamento<\/strong><\/h2>\n<p>Al\u00e9m do parqu\u00edmetro, o pagamento poder\u00e1 ser efetuado por meio do aplicativo de celular Sigapay, o Pix \u201cParqu\u00edmetro Digital\u201d ou pontos de venda (PDV), que s\u00e3o estabelecimentos credenciados.<\/p>\n<p>SAIBA MAIS<\/p>\n<p>Previs\u00e3o de chuva? Veja como fica o tempo em Ribeir\u00e3o Preto nos pr\u00f3ximos dias<\/p>\n<h3 class=\"wp-block-heading\"><strong>FIQUE ON<\/strong><\/h3>\n<p>Fique ligado em tudo que acontece em Ribeir\u00e3o Preto e regi\u00e3o. Siga os perfis do\u00a0<strong>acidade on\u00a0<\/strong>no<a href=\"https:\/\/www.instagram.com\/acidadeonribeirao\" target=\"_blank\" rel=\"noreferrer noopener\">\u00a0Instagram<\/a>\u00a0e no\u00a0<a href=\"https:\/\/www.facebook.com\/acidadeonribeirao\/\" target=\"_blank\" rel=\"noreferrer noopener\">Facebook<\/a>.<\/p>\n<p>Receba not\u00edcias do\u00a0<strong>acidade on<\/strong>\u00a0no WhatsApp.<a href=\"https:\/\/chat.whatsapp.com\/BjKQZ9oJwlz8VVT50NuePq\" target=\"_blank\" rel=\"noreferrer noopener\">\u00a0Para entrar no grupo, basta clicar aqui.<\/a><\/p>\n<p>Fa\u00e7a uma den\u00fancia ou sugira uma reportagem sobre Ribeir\u00e3o Preto e regi\u00e3o pelo WhatsApp: 16 99117 7802.<\/p>\n<p>VEJA TAMB\u00c9M<\/p>\n<p>Voc\u00ea sabe como manter as orqu\u00eddeas floridas por mais tempo?<\/p>\n<p><!-- AI CONTENT END 1 -->\n<\/div>\n<\/div>\n<p><script async src=\"\/\/www.instagram.com\/embed.js\"><\/script><br \/>\n<br \/><br \/>\n<br \/><a href=\"https:\/\/www.acidadeon.com\/ribeiraopreto\/cotidiano\/rp-mobi-comeca-fiscalizacao-das-novas-vagas-de-area-azul-no-centro-veja-onde\/\">Source link <\/a><\/p>\n<!-- CONTENT END 1 -->\n","protected":false},"excerpt":{"rendered":"<p>A RP Mobi, empresa respons\u00e1vel pelo gerenciamento do tr\u00e2nsito em\u00a0Ribeir\u00e3o Preto, deve come\u00e7ar a fiscalizar as novas vagas da\u00a0\u00c1rea Azul\u00a0no Centro a partir desta segunda-feira&#8230;<\/p>\n","protected":false},"author":1,"featured_media":75122,"comment_status":"open","ping_status":"open","sticky":false,"template":"","format":"standard","meta":{"advanced_seo_description":"","jetpack_seo_html_title":"","jetpack_seo_noindex":false,"jetpack_post_was_ever_published":false,"_jetpack_newsletter_access":"","_jetpack_dont_email_post_to_subs":false,"_jetpack_newsletter_tier_id":0,"_jetpack_memberships_contains_paywalled_content":false,"_jetpack_memberships_contains_paid_content":false,"footnotes":"","jetpack_publicize_message":"","jetpack_publicize_feature_enabled":true,"jetpack_social_post_already_shared":true,"jetpack_social_options":{"image_generator_settings":{"template":"highway","default_image_id":0,"font":"","enabled":false},"version":2}},"categories":[11],"tags":[],"class_list":["post-75121","post","type-post","status-publish","format-standard","has-post-thumbnail","hentry","category-noticias-de-ribeirao-preto-sp-e-regiao-ismael-colosi"],"jetpack_publicize_connections":[],"jetpack_featured_media_url":"https:\/\/i0.wp.com\/noticiasribeiraopreto.com.br\/wp-content\/uploads\/2025\/08\/Copia-de-Copia-de-Copia-de-TAMANHO-EXATO-PARA-FOTOS-NO-SISTEMA-NOVO-98_2024-11-14_23-08-46_png_2024-11-14_23-08-46.webp.webp?fit=1200%2C675&ssl=1","jetpack-related-posts":[{"id":62706,"url":"https:\/\/noticiasribeiraopreto.com.br\/index.php\/2025\/01\/22\/rp-mobi-comeca-fiscalizacao-das-vagas-da-area-azul-na-avenida-dom-pedro-i\/","url_meta":{"origin":75121,"position":0},"title":"RP Mobi come\u00e7a fiscaliza\u00e7\u00e3o das vagas da \u00c1rea Azul na avenida Dom Pedro I","author":"noticiasribeiraopreto.com.br","date":"22 de January de 2025","format":false,"excerpt":"A RP Mobi come\u00e7ou nesta quarta-feira (22) a fiscaliza\u00e7\u00e3o das vagas de estacionamento da \u00c1rea Azul na avenida Dom Pedro I, em Ribeir\u00e3o Preto. O estacionamento rotativo foi liberado no trecho entre as ruas Par\u00e1 e Japur\u00e1. O retorno do estacionamento rotativo foi liberado pelo decreto 1\/2025, assinado pelo prefeito\u2026","rel":"","context":"In &quot;Not\u00edcias de Ribeir\u00e3o Preto-SP e Regi\u00e3o&quot;","block_context":{"text":"Not\u00edcias de Ribeir\u00e3o Preto-SP e Regi\u00e3o","link":"https:\/\/noticiasribeiraopreto.com.br\/index.php\/category\/noticias-de-ribeirao-preto-sp-e-regiao-ismael-colosi\/"},"img":{"alt_text":"","src":"https:\/\/i0.wp.com\/noticiasribeiraopreto.com.br\/wp-content\/uploads\/2025\/01\/estacionamento-dom-pedro_2025-01-22_14-03-16_jpg_2025-01-22_14-03-16.webp.webp?fit=1200%2C702&ssl=1&resize=350%2C200","width":350,"height":200,"srcset":"https:\/\/i0.wp.com\/noticiasribeiraopreto.com.br\/wp-content\/uploads\/2025\/01\/estacionamento-dom-pedro_2025-01-22_14-03-16_jpg_2025-01-22_14-03-16.webp.webp?fit=1200%2C702&ssl=1&resize=350%2C200 1x, https:\/\/i0.wp.com\/noticiasribeiraopreto.com.br\/wp-content\/uploads\/2025\/01\/estacionamento-dom-pedro_2025-01-22_14-03-16_jpg_2025-01-22_14-03-16.webp.webp?fit=1200%2C702&ssl=1&resize=525%2C300 1.5x, https:\/\/i0.wp.com\/noticiasribeiraopreto.com.br\/wp-content\/uploads\/2025\/01\/estacionamento-dom-pedro_2025-01-22_14-03-16_jpg_2025-01-22_14-03-16.webp.webp?fit=1200%2C702&ssl=1&resize=700%2C400 2x, https:\/\/i0.wp.com\/noticiasribeiraopreto.com.br\/wp-content\/uploads\/2025\/01\/estacionamento-dom-pedro_2025-01-22_14-03-16_jpg_2025-01-22_14-03-16.webp.webp?fit=1200%2C702&ssl=1&resize=1050%2C600 3x"},"classes":[]},{"id":75113,"url":"https:\/\/noticiasribeiraopreto.com.br\/index.php\/2025\/08\/04\/nova-area-azul-passa-a-autuar-nesta-segunda\/","url_meta":{"origin":75121,"position":1},"title":"Nova \u00c1rea Azul passa a autuar nesta segunda","author":"noticiasribeiraopreto.com.br","date":"4 de August de 2025","format":false,"excerpt":"4 de agosto de 2025 08:302 de agosto de 2025 11:178 Compartilhar0 A RP Mobi \u2013 Empresa de Mobilidade Urbana de Ribeir\u00e3o Preto S.A, a antiga Transerp, respons\u00e1vel pelo tr\u00e2nsito e transporte \u2013 anunciou que a rua Floriano Peixoto, entre as avenidas Doutor Francisco Junqueira e Nove de Julho, na\u2026","rel":"","context":"In &quot;Not\u00edcias de Ribeir\u00e3o Preto-SP e Regi\u00e3o&quot;","block_context":{"text":"Not\u00edcias de Ribeir\u00e3o Preto-SP e Regi\u00e3o","link":"https:\/\/noticiasribeiraopreto.com.br\/index.php\/category\/noticias-de-ribeirao-preto-sp-e-regiao-ismael-colosi\/"},"img":{"alt_text":"","src":"https:\/\/i0.wp.com\/noticiasribeiraopreto.com.br\/wp-content\/uploads\/2025\/08\/AreaAzul-Divulgacao.jpg?fit=960%2C646&ssl=1&resize=350%2C200","width":350,"height":200,"srcset":"https:\/\/i0.wp.com\/noticiasribeiraopreto.com.br\/wp-content\/uploads\/2025\/08\/AreaAzul-Divulgacao.jpg?fit=960%2C646&ssl=1&resize=350%2C200 1x, https:\/\/i0.wp.com\/noticiasribeiraopreto.com.br\/wp-content\/uploads\/2025\/08\/AreaAzul-Divulgacao.jpg?fit=960%2C646&ssl=1&resize=525%2C300 1.5x, https:\/\/i0.wp.com\/noticiasribeiraopreto.com.br\/wp-content\/uploads\/2025\/08\/AreaAzul-Divulgacao.jpg?fit=960%2C646&ssl=1&resize=700%2C400 2x"},"classes":[]},{"id":74159,"url":"https:\/\/noticiasribeiraopreto.com.br\/index.php\/2025\/07\/17\/floriano-peixoto-ganha-85-vagas-de-area-azul\/","url_meta":{"origin":75121,"position":2},"title":"Floriano Peixoto ganha 85 vagas de \u00c1rea Azul","author":"noticiasribeiraopreto.com.br","date":"17 de July de 2025","format":false,"excerpt":"17 de julho de 2025 08:3016 de julho de 2025 19:540 Compartilhar0 A RP Mobi \u2013 Empresa de Mobilidade Urbana de Ribeir\u00e3o Preto S.A, a antiga Transerp, respons\u00e1vel pelo tr\u00e2nsito e transporte \u2013 anunciou que a rua Floriano Peixoto, entre as avenidas Doutor Francisco Junqueira e Nove de Julho, na\u2026","rel":"","context":"In &quot;Not\u00edcias de Ribeir\u00e3o Preto-SP e Regi\u00e3o&quot;","block_context":{"text":"Not\u00edcias de Ribeir\u00e3o Preto-SP e Regi\u00e3o","link":"https:\/\/noticiasribeiraopreto.com.br\/index.php\/category\/noticias-de-ribeirao-preto-sp-e-regiao-ismael-colosi\/"},"img":{"alt_text":"","src":"https:\/\/i0.wp.com\/noticiasribeiraopreto.com.br\/wp-content\/uploads\/2025\/07\/AreaAzul-Alfredo-Risk-scaled.jpg?fit=1040%2C780&ssl=1&resize=350%2C200","width":350,"height":200,"srcset":"https:\/\/i0.wp.com\/noticiasribeiraopreto.com.br\/wp-content\/uploads\/2025\/07\/AreaAzul-Alfredo-Risk-scaled.jpg?fit=1040%2C780&ssl=1&resize=350%2C200 1x, https:\/\/i0.wp.com\/noticiasribeiraopreto.com.br\/wp-content\/uploads\/2025\/07\/AreaAzul-Alfredo-Risk-scaled.jpg?fit=1040%2C780&ssl=1&resize=525%2C300 1.5x, https:\/\/i0.wp.com\/noticiasribeiraopreto.com.br\/wp-content\/uploads\/2025\/07\/AreaAzul-Alfredo-Risk-scaled.jpg?fit=1040%2C780&ssl=1&resize=700%2C400 2x"},"classes":[]},{"id":62573,"url":"https:\/\/noticiasribeiraopreto.com.br\/index.php\/2025\/01\/17\/area-azul-multas-na-avenida-dom-pedro-i-comecam-na-proxima-semana\/","url_meta":{"origin":75121,"position":3},"title":"\u00c1rea Azul: Multas na avenida Dom Pedro I come\u00e7am na pr\u00f3xima semana","author":"noticiasribeiraopreto.com.br","date":"17 de January de 2025","format":false,"excerpt":"A RP Mobi come\u00e7a na pr\u00f3xima quarta-feira (22) a fiscalizar as vagas de estacionamento da \u00c1rea Azul na avenida Dom Pedro I, em Ribeir\u00e3o Preto, no trecho entre as ruas Par\u00e1 e Japur\u00e1. Caso algum motorista desrespeite os estacionamento rotativo, poder\u00e1 ser multado em R$ 195,23, al\u00e9m de perder cinco\u2026","rel":"","context":"In &quot;Not\u00edcias de Ribeir\u00e3o Preto-SP e Regi\u00e3o&quot;","block_context":{"text":"Not\u00edcias de Ribeir\u00e3o Preto-SP e Regi\u00e3o","link":"https:\/\/noticiasribeiraopreto.com.br\/index.php\/category\/noticias-de-ribeirao-preto-sp-e-regiao-ismael-colosi\/"},"img":{"alt_text":"","src":"https:\/\/i0.wp.com\/noticiasribeiraopreto.com.br\/wp-content\/uploads\/2025\/01\/dom-pedro-i_2025-01-02_16-26-28_jpg_2025-01-02_16-26-28.webp.webp?fit=984%2C552&ssl=1&resize=350%2C200","width":350,"height":200,"srcset":"https:\/\/i0.wp.com\/noticiasribeiraopreto.com.br\/wp-content\/uploads\/2025\/01\/dom-pedro-i_2025-01-02_16-26-28_jpg_2025-01-02_16-26-28.webp.webp?fit=984%2C552&ssl=1&resize=350%2C200 1x, https:\/\/i0.wp.com\/noticiasribeiraopreto.com.br\/wp-content\/uploads\/2025\/01\/dom-pedro-i_2025-01-02_16-26-28_jpg_2025-01-02_16-26-28.webp.webp?fit=984%2C552&ssl=1&resize=525%2C300 1.5x, https:\/\/i0.wp.com\/noticiasribeiraopreto.com.br\/wp-content\/uploads\/2025\/01\/dom-pedro-i_2025-01-02_16-26-28_jpg_2025-01-02_16-26-28.webp.webp?fit=984%2C552&ssl=1&resize=700%2C400 2x"},"classes":[]},{"id":5015,"url":"https:\/\/noticiasribeiraopreto.com.br\/index.php\/2023\/11\/22\/rp-mobi-adia-inicio-da-fiscalizacao-da-area-azul-digital-na-regiao-da-dom-pedro-i\/","url_meta":{"origin":75121,"position":4},"title":"RP Mobi adia in\u00edcio da fiscaliza\u00e7\u00e3o da \u00c1rea Azul Digital na regi\u00e3o da Dom Pedro I","author":"noticiasribeiraopreto.com.br","date":"22 de November de 2023","format":false,"excerpt":"A RP Mobi informou que vai adiar para o dia 4 de dezembro o in\u00edcio da fiscaliza\u00e7\u00e3o das vagas da \u00c1rea Azul Digital na regi\u00e3o da avenida Dom Pedro I, em Ribeir\u00e3o Preto. Inicialmente, a aplica\u00e7\u00e3o de multas estava programada para esta quinta-feira (23). Ao todo, s\u00e3o 302 vagas de\u2026","rel":"","context":"In &quot;Not\u00edcias de Ribeir\u00e3o Preto-SP e Regi\u00e3o&quot;","block_context":{"text":"Not\u00edcias de Ribeir\u00e3o Preto-SP e Regi\u00e3o","link":"https:\/\/noticiasribeiraopreto.com.br\/index.php\/category\/noticias-de-ribeirao-preto-sp-e-regiao-ismael-colosi\/"},"img":{"alt_text":"","src":"https:\/\/i0.wp.com\/noticiasribeiraopreto.com.br\/wp-content\/uploads\/2023\/11\/area-azul-dom-pedro.jpeg?fit=1200%2C900&ssl=1&resize=350%2C200","width":350,"height":200,"srcset":"https:\/\/i0.wp.com\/noticiasribeiraopreto.com.br\/wp-content\/uploads\/2023\/11\/area-azul-dom-pedro.jpeg?fit=1200%2C900&ssl=1&resize=350%2C200 1x, https:\/\/i0.wp.com\/noticiasribeiraopreto.com.br\/wp-content\/uploads\/2023\/11\/area-azul-dom-pedro.jpeg?fit=1200%2C900&ssl=1&resize=525%2C300 1.5x, https:\/\/i0.wp.com\/noticiasribeiraopreto.com.br\/wp-content\/uploads\/2023\/11\/area-azul-dom-pedro.jpeg?fit=1200%2C900&ssl=1&resize=700%2C400 2x, https:\/\/i0.wp.com\/noticiasribeiraopreto.com.br\/wp-content\/uploads\/2023\/11\/area-azul-dom-pedro.jpeg?fit=1200%2C900&ssl=1&resize=1050%2C600 3x"},"classes":[]},{"id":35302,"url":"https:\/\/noticiasribeiraopreto.com.br\/index.php\/2024\/02\/05\/area-azul-volta-a-funcionar-na-avenida-saudade\/","url_meta":{"origin":75121,"position":5},"title":"\u00c1rea Azul volta a funcionar na avenida Saudade","author":"noticiasribeiraopreto.com.br","date":"5 de February de 2024","format":false,"excerpt":"A RP Mobi retornar\u00e1 na pr\u00f3xima quarta-feira, dia 7 de fevereiro, o funcionamento da \u00c1rea Azul em um trecho da pista Bairro\/Centro da avenida Saudade.A opera\u00e7\u00e3o do estacionamento ser\u00e1 retomada no formato digital, como j\u00e1 ocorre em outras regi\u00f5es da cidade.\u00a0 Ao todo, ser\u00e3o 96 vagas, e a fiscaliza\u00e7\u00e3o ocorrer\u00e1\u2026","rel":"","context":"In &quot;Not\u00edcias de Ribeir\u00e3o Preto-SP e Regi\u00e3o&quot;","block_context":{"text":"Not\u00edcias de Ribeir\u00e3o Preto-SP e Regi\u00e3o","link":"https:\/\/noticiasribeiraopreto.com.br\/index.php\/category\/noticias-de-ribeirao-preto-sp-e-regiao-ismael-colosi\/"},"img":{"alt_text":"","src":"https:\/\/i0.wp.com\/noticiasribeiraopreto.com.br\/wp-content\/uploads\/2024\/02\/area_azul_saudade__22.jpeg?fit=894%2C645&ssl=1&resize=350%2C200","width":350,"height":200,"srcset":"https:\/\/i0.wp.com\/noticiasribeiraopreto.com.br\/wp-content\/uploads\/2024\/02\/area_azul_saudade__22.jpeg?fit=894%2C645&ssl=1&resize=350%2C200 1x, https:\/\/i0.wp.com\/noticiasribeiraopreto.com.br\/wp-content\/uploads\/2024\/02\/area_azul_saudade__22.jpeg?fit=894%2C645&ssl=1&resize=525%2C300 1.5x, https:\/\/i0.wp.com\/noticiasribeiraopreto.com.br\/wp-content\/uploads\/2024\/02\/area_azul_saudade__22.jpeg?fit=894%2C645&ssl=1&resize=700%2C400 2x"},"classes":[]}],"jetpack_sharing_enabled":true,"jetpack_shortlink":"https:\/\/wp.me\/peQAOb-jxD","_links":{"self":[{"href":"https:\/\/noticiasribeiraopreto.com.br\/index.php\/wp-json\/wp\/v2\/posts\/75121","targetHints":{"allow":["GET"]}}],"collection":[{"href":"https:\/\/noticiasribeiraopreto.com.br\/index.php\/wp-json\/wp\/v2\/posts"}],"about":[{"href":"https:\/\/noticiasribeiraopreto.com.br\/index.php\/wp-json\/wp\/v2\/types\/post"}],"author":[{"embeddable":true,"href":"https:\/\/noticiasribeiraopreto.com.br\/index.php\/wp-json\/wp\/v2\/users\/1"}],"replies":[{"embeddable":true,"href":"https:\/\/noticiasribeiraopreto.com.br\/index.php\/wp-json\/wp\/v2\/comments?post=75121"}],"version-history":[{"count":0,"href":"https:\/\/noticiasribeiraopreto.com.br\/index.php\/wp-json\/wp\/v2\/posts\/75121\/revisions"}],"wp:featuredmedia":[{"embeddable":true,"href":"https:\/\/noticiasribeiraopreto.com.br\/index.php\/wp-json\/wp\/v2\/media\/75122"}],"wp:attachment":[{"href":"https:\/\/noticiasribeiraopreto.com.br\/index.php\/wp-json\/wp\/v2\/media?parent=75121"}],"wp:term":[{"taxonomy":"category","embeddable":true,"href":"https:\/\/noticiasribeiraopreto.com.br\/index.php\/wp-json\/wp\/v2\/categories?post=75121"},{"taxonomy":"post_tag","embeddable":true,"href":"https:\/\/noticiasribeiraopreto.com.br\/index.php\/wp-json\/wp\/v2\/tags?post=75121"}],"curies":[{"name":"wp","href":"https:\/\/api.w.org\/{rel}","templated":true}]}}