{"id":75123,"date":"2025-08-04T10:11:30","date_gmt":"2025-08-04T13:11:30","guid":{"rendered":"https:\/\/noticiasribeiraopreto.com.br\/index.php\/2025\/08\/04\/gildemir-de-souza-e-eleito-prefeito-de-guatapara\/"},"modified":"2025-08-04T10:11:30","modified_gmt":"2025-08-04T13:11:30","slug":"gildemir-de-souza-e-eleito-prefeito-de-guatapara","status":"publish","type":"post","link":"https:\/\/noticiasribeiraopreto.com.br\/index.php\/2025\/08\/04\/gildemir-de-souza-e-eleito-prefeito-de-guatapara\/","title":{"rendered":"Gildemir de Souza \u00e9 eleito prefeito de Guatapar\u00e1"},"content":{"rendered":"<div class='code-block code-block-1' style='margin: 8px 0 8px auto; text-align: right; display: block; clear: both;'>\n<p><a href=\"https:\/\/wa.link\/vpicfd\"><img data-recalc-dims=\"1\" class=\"wp-image-4922\" style=\"aspect-ratio: 2.0253164556962027; width: 561px; height: auto;\" src=\"https:\/\/i0.wp.com\/ismaelcolosi.com.br\/wp-content\/uploads\/2023\/11\/grupo-de-empregos-whatsapp-e-facebook-ismael-colosi-vagas.jpg?ssl=1\" alt=\"\" \/><\/a><\/p>\n<!-- \/wp:image -->\n<\/div>\n<p> <br \/>\n<\/p>\n<div id=\"\">\n<h2 class=\"penci-post-subtitle\">Quatro candidatos disputavam a elei\u00e7\u00e3o, convocada ap\u00f3s a Justi\u00e7a Eleitoral indeferir registro do atual prefeito, eleito no ano passado<\/h2>\n<p>\n\t\t\t\t\t\t\t\t\t<span class=\"entry-meta-item penci-posted-on\"><i class=\"fa fa-clock-o\"\/><time class=\"entry-date published updated\" datetime=\"2025-08-04T10:06:19-03:00\">4 de agosto de 2025 10:06<\/time><\/span><span class=\"entry-meta-item penci-post-countview\"><span class=\"entry-meta-item penci-post-countview penci_post-meta_item\"><i class=\"fa fa-eye\"\/><span class=\"penci-post-countview-number penci-post-countview-p433971\">9<\/span><\/span><\/span>\t\t\t\t\t\t\t\t<\/p>\n<p><!-- .entry-meta --><br \/>\n\t\t\t\t\t\t\t\t<span class=\"penci-social-buttons penci-social-share-footer\"><span class=\"penci-social-share-text\">Compartilhar<\/span><a href=\"#\" class=\"penci-post-like penci_post-meta_item  single-like-button penci-social-item like\" data-post_id=\"433971\" title=\"Like\" data-like=\"Like\" data-unlike=\"Unlike\"><i class=\"fa fa-thumbs-o-up\"\/><span class=\"penci-share-number\">0<\/span><\/a><i class=\"fa fa-facebook\"\/><a class=\"penci-social-item twitter\" target=\"_blank\" rel=\"noopener\" title=\"\" href=\"https:\/\/twitter.com\/intent\/tweet?text=Gildemir%20de%20Souza%20\u00e9%20eleito%20prefeito%20de%20Guatapar\u00e1%20-%20https:\/\/www.tribunaribeirao.com.br\/gildemir-de-souza-e-eleito-prefeito-de-guatapara\/\"><i class=\"fa fa-twitter\"\/><\/a><i class=\"fa fa-linkedin\"\/><i class=\"fa fa-whatsapp\"\/><i class=\"fa fa-telegram\"\/><i class=\"fa fa-envelope\"\/><\/span>\t\t\t\t\t\t\t<\/div>\n<div>\n<p>Os eleitores da cidade de Guatapar\u00e1, na regi\u00e3o de Ribeir\u00e3o Preto, elegeram neste domingo, 3 de agosto, o novo prefeito em elei\u00e7\u00e3o suplementar. O candidato Gildemir de Souza (PSD), foi eleito com 2.306 votos, equivalente a 57,94% dos votos v\u00e1lidos O vice-prefeito ser\u00e1 Jos\u00e9 Galoni (Uni\u00e3o Brasil).<\/p>\n<p>O candidato Francisco Frediano Filho (Republicano) ficou em segundo, com 961 votos, (24,15% dos votos v\u00e1lidos), e Angelo dos Santos (MDB) foi o terceiro, com 713 votos (17,91%). Guatapar\u00e1 tem 5,7 mil eleitores.<\/p>\n<p>No dia 22 de abril, por unanimidade, o Tribunal Superior Eleitoral (TSE), indeferiu o registro de candidatura de Ailton Aparecido da Silva (MDB), eleito prefeito de Guatapar\u00e1 (SP) nas Elei\u00e7\u00f5es de 2024, por inelegibilidade reflexa. Com a decis\u00e3o o Tribunal cassou a chapa vencedora e determinou a realiza\u00e7\u00e3o de novas elei\u00e7\u00f5es para os cargos de prefeito e vice-prefeito na cidade.<\/p>\n<p>O julgamento envolveu controv\u00e9rsia sobre a exist\u00eancia ou n\u00e3o de inelegibilidade reflexa pelo fato de Ailton da Silva ser filho do ex-prefeito Juracy Costa Silva, que faleceu durante o curso do seu segundo mandato consecutivo exercido naquela cidade.<\/p>\n<p>O Colegiado acompanhou integralmente o voto do relator, ministro Ramos Tavares, e reformou a decis\u00e3o do Tribunal Regional Eleitoral de S\u00e3o Paulo (TRE\/SP) que havia negado a exist\u00eancia da inelegibilidade reflexa. O TRE entendia que a morte do titular automaticamente extinguiu o parentesco para fins de inelegibilidade reflexa.<\/p>\n<\/div>\n<p><script async src=\"\/\/platform.twitter.com\/widgets.js\" charset=\"utf-8\"><\/script><br \/>\n<br \/><br \/>\n<br \/><a href=\"https:\/\/www.tribunaribeirao.com.br\/gildemir-de-souza-e-eleito-prefeito-de-guatapara\/\">Source link <\/a><\/p>\n<!-- CONTENT END 1 -->\n","protected":false},"excerpt":{"rendered":"<p>Quatro candidatos disputavam a elei\u00e7\u00e3o, convocada ap\u00f3s a Justi\u00e7a Eleitoral indeferir registro do atual prefeito, eleito no ano passado 4 de agosto de 2025 10:069&#8230;<\/p>\n","protected":false},"author":1,"featured_media":75124,"comment_status":"open","ping_status":"open","sticky":false,"template":"","format":"standard","meta":{"advanced_seo_description":"","jetpack_seo_html_title":"","jetpack_seo_noindex":false,"jetpack_post_was_ever_published":false,"_jetpack_newsletter_access":"","_jetpack_dont_email_post_to_subs":false,"_jetpack_newsletter_tier_id":0,"_jetpack_memberships_contains_paywalled_content":false,"_jetpack_memberships_contains_paid_content":false,"footnotes":"","jetpack_publicize_message":"","jetpack_publicize_feature_enabled":true,"jetpack_social_post_already_shared":true,"jetpack_social_options":{"image_generator_settings":{"template":"highway","default_image_id":0,"font":"","enabled":false},"version":2}},"categories":[11],"tags":[],"class_list":["post-75123","post","type-post","status-publish","format-standard","has-post-thumbnail","hentry","category-noticias-de-ribeirao-preto-sp-e-regiao-ismael-colosi"],"jetpack_publicize_connections":[],"jetpack_featured_media_url":"https:\/\/i0.wp.com\/noticiasribeiraopreto.com.br\/wp-content\/uploads\/2025\/08\/Image2.jpg?fit=800%2C500&ssl=1","jetpack-related-posts":[{"id":58812,"url":"https:\/\/noticiasribeiraopreto.com.br\/index.php\/2024\/10\/06\/eleicoes-2024-itamar-bueno-e-eleito-prefeito-de-cravinhos\/","url_meta":{"origin":75123,"position":0},"title":"Elei\u00e7\u00f5es 2024: Itamar Bueno \u00e9 eleito prefeito de Cravinhos","author":"noticiasribeiraopreto.com.br","date":"6 de October de 2024","format":false,"excerpt":"O candidato Itamar Bueno (MDB) foi eleito prefeito de Cravinhos, cidade na regi\u00e3o de Ribeir\u00e3o Preto, na noite deste domingo (6). Conforme os dados do Tribunal Superior Eleitoral (TSE), com 100% dos votos apurados, Itamar Bueno foi reeleito prefeito de Cravinhos, com 66,36% e 12.159 votos. Curumim (Solidariedade) teve 33,64%\u2026","rel":"","context":"In &quot;Not\u00edcias de Ribeir\u00e3o Preto-SP e Regi\u00e3o&quot;","block_context":{"text":"Not\u00edcias de Ribeir\u00e3o Preto-SP e Regi\u00e3o","link":"https:\/\/noticiasribeiraopreto.com.br\/index.php\/category\/noticias-de-ribeirao-preto-sp-e-regiao-ismael-colosi\/"},"img":{"alt_text":"","src":"https:\/\/i0.wp.com\/noticiasribeiraopreto.com.br\/wp-content\/uploads\/2024\/10\/454476234_1117424409804059_55167205197634569_n_2024-10-06_23-18-16_jpg_2024-10-06_23-18-16.webp.webp?fit=1181%2C777&ssl=1&resize=350%2C200","width":350,"height":200,"srcset":"https:\/\/i0.wp.com\/noticiasribeiraopreto.com.br\/wp-content\/uploads\/2024\/10\/454476234_1117424409804059_55167205197634569_n_2024-10-06_23-18-16_jpg_2024-10-06_23-18-16.webp.webp?fit=1181%2C777&ssl=1&resize=350%2C200 1x, https:\/\/i0.wp.com\/noticiasribeiraopreto.com.br\/wp-content\/uploads\/2024\/10\/454476234_1117424409804059_55167205197634569_n_2024-10-06_23-18-16_jpg_2024-10-06_23-18-16.webp.webp?fit=1181%2C777&ssl=1&resize=525%2C300 1.5x, https:\/\/i0.wp.com\/noticiasribeiraopreto.com.br\/wp-content\/uploads\/2024\/10\/454476234_1117424409804059_55167205197634569_n_2024-10-06_23-18-16_jpg_2024-10-06_23-18-16.webp.webp?fit=1181%2C777&ssl=1&resize=700%2C400 2x, https:\/\/i0.wp.com\/noticiasribeiraopreto.com.br\/wp-content\/uploads\/2024\/10\/454476234_1117424409804059_55167205197634569_n_2024-10-06_23-18-16_jpg_2024-10-06_23-18-16.webp.webp?fit=1181%2C777&ssl=1&resize=1050%2C600 3x"},"classes":[]},{"id":58824,"url":"https:\/\/noticiasribeiraopreto.com.br\/index.php\/2024\/10\/06\/eleicoes-2024-degan-e-eleito-prefeito-de-jardinopolis\/","url_meta":{"origin":75123,"position":1},"title":"Elei\u00e7\u00f5es 2024: Degan \u00e9 eleito prefeito de Jardin\u00f3polis","author":"noticiasribeiraopreto.com.br","date":"6 de October de 2024","format":false,"excerpt":"O candidato Degan (MDB) foi eleito prefeito de Jardin\u00f3polis, cidade na regi\u00e3o de Ribeir\u00e3o Preto, na noite deste domingo (6). Conforme os dados do Tribunal Superior Eleitoral (TSE), com 100% dos votos apurados, Degan foi eleito prefeito de Jardin\u00f3polis, com 39,36% e 7.597 votos. Coronel Gustavo Falc\u00e3o (PL) teve 35,40%\u2026","rel":"","context":"In &quot;Not\u00edcias de Ribeir\u00e3o Preto-SP e Regi\u00e3o&quot;","block_context":{"text":"Not\u00edcias de Ribeir\u00e3o Preto-SP e Regi\u00e3o","link":"https:\/\/noticiasribeiraopreto.com.br\/index.php\/category\/noticias-de-ribeirao-preto-sp-e-regiao-ismael-colosi\/"},"img":{"alt_text":"","src":"https:\/\/i0.wp.com\/noticiasribeiraopreto.com.br\/wp-content\/uploads\/2024\/10\/Copia-de-Copia-de-Copia-de-TAMANHO-EXATO-PARA-FOTOS-NO-SISTEMA-NOVO-21_2024-10-06_23-38-54_jpg_2024-10-06_23-38-54.webp.webp?fit=1200%2C675&ssl=1&resize=350%2C200","width":350,"height":200,"srcset":"https:\/\/i0.wp.com\/noticiasribeiraopreto.com.br\/wp-content\/uploads\/2024\/10\/Copia-de-Copia-de-Copia-de-TAMANHO-EXATO-PARA-FOTOS-NO-SISTEMA-NOVO-21_2024-10-06_23-38-54_jpg_2024-10-06_23-38-54.webp.webp?fit=1200%2C675&ssl=1&resize=350%2C200 1x, https:\/\/i0.wp.com\/noticiasribeiraopreto.com.br\/wp-content\/uploads\/2024\/10\/Copia-de-Copia-de-Copia-de-TAMANHO-EXATO-PARA-FOTOS-NO-SISTEMA-NOVO-21_2024-10-06_23-38-54_jpg_2024-10-06_23-38-54.webp.webp?fit=1200%2C675&ssl=1&resize=525%2C300 1.5x, https:\/\/i0.wp.com\/noticiasribeiraopreto.com.br\/wp-content\/uploads\/2024\/10\/Copia-de-Copia-de-Copia-de-TAMANHO-EXATO-PARA-FOTOS-NO-SISTEMA-NOVO-21_2024-10-06_23-38-54_jpg_2024-10-06_23-38-54.webp.webp?fit=1200%2C675&ssl=1&resize=700%2C400 2x, https:\/\/i0.wp.com\/noticiasribeiraopreto.com.br\/wp-content\/uploads\/2024\/10\/Copia-de-Copia-de-Copia-de-TAMANHO-EXATO-PARA-FOTOS-NO-SISTEMA-NOVO-21_2024-10-06_23-38-54_jpg_2024-10-06_23-38-54.webp.webp?fit=1200%2C675&ssl=1&resize=1050%2C600 3x"},"classes":[]},{"id":59666,"url":"https:\/\/noticiasribeiraopreto.com.br\/index.php\/2024\/10\/27\/prefeito-eleito-de-ribeirao-preto-ricardo-silva-parabeniza-votacao-de-marco-aurelio\/","url_meta":{"origin":75123,"position":2},"title":"Prefeito eleito de Ribeir\u00e3o Preto, Ricardo Silva parabeniza vota\u00e7\u00e3o de Marco Aur\u00e9lio","author":"noticiasribeiraopreto.com.br","date":"27 de October de 2024","format":false,"excerpt":"Em discurso no comit\u00ea de campanha, o prefeito eleito de Ribeir\u00e3o Preto, Ricardo Silva (PSD), parabenizou o candidato derrotado, Marco Aur\u00e9lio (Novo). No 2\u00ba turno, disputado neste domingo (27), Ricardo Silva foi eleito com 131.421, apenas 687 votos a mais do que o advers\u00e1rio. \u201cEu quero parabeniz\u00e1-lo pela expressiva vota\u00e7\u00e3o\u2026","rel":"","context":"In &quot;Not\u00edcias de Ribeir\u00e3o Preto-SP e Regi\u00e3o&quot;","block_context":{"text":"Not\u00edcias de Ribeir\u00e3o Preto-SP e Regi\u00e3o","link":"https:\/\/noticiasribeiraopreto.com.br\/index.php\/category\/noticias-de-ribeirao-preto-sp-e-regiao-ismael-colosi\/"},"img":{"alt_text":"","src":"https:\/\/i0.wp.com\/noticiasribeiraopreto.com.br\/wp-content\/uploads\/2024\/10\/ricardo-silva-parabeniza_2024-10-28_00-40-00_jpg_2024-10-28_00-40-00.webp.webp?fit=1200%2C786&ssl=1&resize=350%2C200","width":350,"height":200,"srcset":"https:\/\/i0.wp.com\/noticiasribeiraopreto.com.br\/wp-content\/uploads\/2024\/10\/ricardo-silva-parabeniza_2024-10-28_00-40-00_jpg_2024-10-28_00-40-00.webp.webp?fit=1200%2C786&ssl=1&resize=350%2C200 1x, https:\/\/i0.wp.com\/noticiasribeiraopreto.com.br\/wp-content\/uploads\/2024\/10\/ricardo-silva-parabeniza_2024-10-28_00-40-00_jpg_2024-10-28_00-40-00.webp.webp?fit=1200%2C786&ssl=1&resize=525%2C300 1.5x, https:\/\/i0.wp.com\/noticiasribeiraopreto.com.br\/wp-content\/uploads\/2024\/10\/ricardo-silva-parabeniza_2024-10-28_00-40-00_jpg_2024-10-28_00-40-00.webp.webp?fit=1200%2C786&ssl=1&resize=700%2C400 2x, https:\/\/i0.wp.com\/noticiasribeiraopreto.com.br\/wp-content\/uploads\/2024\/10\/ricardo-silva-parabeniza_2024-10-28_00-40-00_jpg_2024-10-28_00-40-00.webp.webp?fit=1200%2C786&ssl=1&resize=1050%2C600 3x"},"classes":[]},{"id":58798,"url":"https:\/\/noticiasribeiraopreto.com.br\/index.php\/2024\/10\/06\/eleicoes-2024-zezinho-gimenez-e-eleito-prefeito-de-sertaozinho\/","url_meta":{"origin":75123,"position":3},"title":"Elei\u00e7\u00f5es 2024: Zezinho Gimenez \u00e9 eleito prefeito de Sert\u00e3ozinho","author":"noticiasribeiraopreto.com.br","date":"6 de October de 2024","format":false,"excerpt":"O candidato Zezinho Gimenez (MDB) foi eleito Prefeito de Sert\u00e3ozinho, cidade na regi\u00e3o de Ribeir\u00e3o Preto, na noite deste domingo (6). Conforme os dados do Tribunal Superior Eleitoral (TSE), com 78,83% dos votos apurados, Zezinho Gimenez foi eleito prefeito de Sert\u00e3ozinho, pelo quinto mandato. Dr. Wilsinho, do PSD, teve 8,41%\u2026","rel":"","context":"In &quot;Not\u00edcias de Ribeir\u00e3o Preto-SP e Regi\u00e3o&quot;","block_context":{"text":"Not\u00edcias de Ribeir\u00e3o Preto-SP e Regi\u00e3o","link":"https:\/\/noticiasribeiraopreto.com.br\/index.php\/category\/noticias-de-ribeirao-preto-sp-e-regiao-ismael-colosi\/"},"img":{"alt_text":"","src":"https:\/\/i0.wp.com\/noticiasribeiraopreto.com.br\/wp-content\/uploads\/2024\/10\/zEZINHO-GIMENEZ_2024-09-18_20-33-12_jpeg_2024-09-18_20-33-12.webp.webp?fit=1200%2C675&ssl=1&resize=350%2C200","width":350,"height":200,"srcset":"https:\/\/i0.wp.com\/noticiasribeiraopreto.com.br\/wp-content\/uploads\/2024\/10\/zEZINHO-GIMENEZ_2024-09-18_20-33-12_jpeg_2024-09-18_20-33-12.webp.webp?fit=1200%2C675&ssl=1&resize=350%2C200 1x, https:\/\/i0.wp.com\/noticiasribeiraopreto.com.br\/wp-content\/uploads\/2024\/10\/zEZINHO-GIMENEZ_2024-09-18_20-33-12_jpeg_2024-09-18_20-33-12.webp.webp?fit=1200%2C675&ssl=1&resize=525%2C300 1.5x, https:\/\/i0.wp.com\/noticiasribeiraopreto.com.br\/wp-content\/uploads\/2024\/10\/zEZINHO-GIMENEZ_2024-09-18_20-33-12_jpeg_2024-09-18_20-33-12.webp.webp?fit=1200%2C675&ssl=1&resize=700%2C400 2x, https:\/\/i0.wp.com\/noticiasribeiraopreto.com.br\/wp-content\/uploads\/2024\/10\/zEZINHO-GIMENEZ_2024-09-18_20-33-12_jpeg_2024-09-18_20-33-12.webp.webp?fit=1200%2C675&ssl=1&resize=1050%2C600 3x"},"classes":[]},{"id":59656,"url":"https:\/\/noticiasribeiraopreto.com.br\/index.php\/2024\/10\/27\/ricardo-silva-e-eleito-o-novo-prefeito-de-ribeirao-preto\/","url_meta":{"origin":75123,"position":4},"title":"Ricardo Silva \u00e9 eleito o novo prefeito de Ribeir\u00e3o Preto","author":"noticiasribeiraopreto.com.br","date":"27 de October de 2024","format":false,"excerpt":"O candidato Ricardo Silva (PSD) foi eleito o novo prefeito de Ribeir\u00e3o Preto, no come\u00e7o da noite deste domingo (27). Alessandro Maraca \u00e9 o vice-prefeito. Conforme os dados do Tribunal Superior Eleitoral (TSE), ao final da apura\u00e7\u00e3o, \u00e0s 19h, o deputado federal recebeu 131.421 votos (50,13%). O empres\u00e1rio Marco Aur\u00e9lio\u2026","rel":"","context":"In &quot;Not\u00edcias de Ribeir\u00e3o Preto-SP e Regi\u00e3o&quot;","block_context":{"text":"Not\u00edcias de Ribeir\u00e3o Preto-SP e Regi\u00e3o","link":"https:\/\/noticiasribeiraopreto.com.br\/index.php\/category\/noticias-de-ribeirao-preto-sp-e-regiao-ismael-colosi\/"},"img":{"alt_text":"","src":"https:\/\/i0.wp.com\/noticiasribeiraopreto.com.br\/wp-content\/uploads\/2024\/10\/WhatsApp-Image-2024-10-27-at-17.10.11_2024-10-27_20-10-40_jpeg_2024-10-27_20-10-40.webp.webp?fit=1200%2C800&ssl=1&resize=350%2C200","width":350,"height":200,"srcset":"https:\/\/i0.wp.com\/noticiasribeiraopreto.com.br\/wp-content\/uploads\/2024\/10\/WhatsApp-Image-2024-10-27-at-17.10.11_2024-10-27_20-10-40_jpeg_2024-10-27_20-10-40.webp.webp?fit=1200%2C800&ssl=1&resize=350%2C200 1x, https:\/\/i0.wp.com\/noticiasribeiraopreto.com.br\/wp-content\/uploads\/2024\/10\/WhatsApp-Image-2024-10-27-at-17.10.11_2024-10-27_20-10-40_jpeg_2024-10-27_20-10-40.webp.webp?fit=1200%2C800&ssl=1&resize=525%2C300 1.5x, https:\/\/i0.wp.com\/noticiasribeiraopreto.com.br\/wp-content\/uploads\/2024\/10\/WhatsApp-Image-2024-10-27-at-17.10.11_2024-10-27_20-10-40_jpeg_2024-10-27_20-10-40.webp.webp?fit=1200%2C800&ssl=1&resize=700%2C400 2x, https:\/\/i0.wp.com\/noticiasribeiraopreto.com.br\/wp-content\/uploads\/2024\/10\/WhatsApp-Image-2024-10-27-at-17.10.11_2024-10-27_20-10-40_jpeg_2024-10-27_20-10-40.webp.webp?fit=1200%2C800&ssl=1&resize=1050%2C600 3x"},"classes":[]},{"id":58814,"url":"https:\/\/noticiasribeiraopreto.com.br\/index.php\/2024\/10\/06\/eleicoes-2024-lucas-seren-e-eleito-prefeito-de-bebedouro\/","url_meta":{"origin":75123,"position":5},"title":"Elei\u00e7\u00f5es 2024: Lucas Seren \u00e9 eleito prefeito de Bebedouro","author":"noticiasribeiraopreto.com.br","date":"6 de October de 2024","format":false,"excerpt":"O candidato Lucas Seren (PL) foi eleito prefeito de Bebedouro, cidade na regi\u00e3o de Ribeir\u00e3o Preto, na noite deste domingo (6). Conforme os dados do Tribunal Superior Eleitoral (TSE), com 100% dos votos apurados, Lucas Seren foi reeleito prefeito de Bebedouro, com 57,70% dos votos. Dr. Fernando Piffer (PSD) teve\u2026","rel":"","context":"In &quot;Not\u00edcias de Ribeir\u00e3o Preto-SP e Regi\u00e3o&quot;","block_context":{"text":"Not\u00edcias de Ribeir\u00e3o Preto-SP e Regi\u00e3o","link":"https:\/\/noticiasribeiraopreto.com.br\/index.php\/category\/noticias-de-ribeirao-preto-sp-e-regiao-ismael-colosi\/"},"img":{"alt_text":"","src":"https:\/\/i0.wp.com\/noticiasribeiraopreto.com.br\/wp-content\/uploads\/2024\/10\/lucas-seren_2024-10-06_22-24-01_jpg_2024-10-06_22-24-01.webp.webp?fit=975%2C484&ssl=1&resize=350%2C200","width":350,"height":200,"srcset":"https:\/\/i0.wp.com\/noticiasribeiraopreto.com.br\/wp-content\/uploads\/2024\/10\/lucas-seren_2024-10-06_22-24-01_jpg_2024-10-06_22-24-01.webp.webp?fit=975%2C484&ssl=1&resize=350%2C200 1x, https:\/\/i0.wp.com\/noticiasribeiraopreto.com.br\/wp-content\/uploads\/2024\/10\/lucas-seren_2024-10-06_22-24-01_jpg_2024-10-06_22-24-01.webp.webp?fit=975%2C484&ssl=1&resize=525%2C300 1.5x, https:\/\/i0.wp.com\/noticiasribeiraopreto.com.br\/wp-content\/uploads\/2024\/10\/lucas-seren_2024-10-06_22-24-01_jpg_2024-10-06_22-24-01.webp.webp?fit=975%2C484&ssl=1&resize=700%2C400 2x"},"classes":[]}],"jetpack_sharing_enabled":true,"jetpack_shortlink":"https:\/\/wp.me\/peQAOb-jxF","_links":{"self":[{"href":"https:\/\/noticiasribeiraopreto.com.br\/index.php\/wp-json\/wp\/v2\/posts\/75123","targetHints":{"allow":["GET"]}}],"collection":[{"href":"https:\/\/noticiasribeiraopreto.com.br\/index.php\/wp-json\/wp\/v2\/posts"}],"about":[{"href":"https:\/\/noticiasribeiraopreto.com.br\/index.php\/wp-json\/wp\/v2\/types\/post"}],"author":[{"embeddable":true,"href":"https:\/\/noticiasribeiraopreto.com.br\/index.php\/wp-json\/wp\/v2\/users\/1"}],"replies":[{"embeddable":true,"href":"https:\/\/noticiasribeiraopreto.com.br\/index.php\/wp-json\/wp\/v2\/comments?post=75123"}],"version-history":[{"count":0,"href":"https:\/\/noticiasribeiraopreto.com.br\/index.php\/wp-json\/wp\/v2\/posts\/75123\/revisions"}],"wp:featuredmedia":[{"embeddable":true,"href":"https:\/\/noticiasribeiraopreto.com.br\/index.php\/wp-json\/wp\/v2\/media\/75124"}],"wp:attachment":[{"href":"https:\/\/noticiasribeiraopreto.com.br\/index.php\/wp-json\/wp\/v2\/media?parent=75123"}],"wp:term":[{"taxonomy":"category","embeddable":true,"href":"https:\/\/noticiasribeiraopreto.com.br\/index.php\/wp-json\/wp\/v2\/categories?post=75123"},{"taxonomy":"post_tag","embeddable":true,"href":"https:\/\/noticiasribeiraopreto.com.br\/index.php\/wp-json\/wp\/v2\/tags?post=75123"}],"curies":[{"name":"wp","href":"https:\/\/api.w.org\/{rel}","templated":true}]}}