{"id":75125,"date":"2025-08-04T12:34:22","date_gmt":"2025-08-04T15:34:22","guid":{"rendered":"https:\/\/noticiasribeiraopreto.com.br\/index.php\/2025\/08\/04\/ciee-tem-mais-de-74-mil-vagas-de-estagio-no-brasil\/"},"modified":"2025-08-04T12:34:22","modified_gmt":"2025-08-04T15:34:22","slug":"ciee-tem-mais-de-74-mil-vagas-de-estagio-no-brasil","status":"publish","type":"post","link":"https:\/\/noticiasribeiraopreto.com.br\/index.php\/2025\/08\/04\/ciee-tem-mais-de-74-mil-vagas-de-estagio-no-brasil\/","title":{"rendered":"CIEE tem mais de 7,4 mil vagas de est\u00e1gio no Brasil"},"content":{"rendered":"<div class='code-block code-block-1' style='margin: 8px 0 8px auto; text-align: right; display: block; clear: both;'>\n<p><a href=\"https:\/\/wa.link\/vpicfd\"><img data-recalc-dims=\"1\" class=\"wp-image-4922\" style=\"aspect-ratio: 2.0253164556962027; width: 561px; height: auto;\" src=\"https:\/\/i0.wp.com\/ismaelcolosi.com.br\/wp-content\/uploads\/2023\/11\/grupo-de-empregos-whatsapp-e-facebook-ismael-colosi-vagas.jpg?ssl=1\" alt=\"\" \/><\/a><\/p>\n<!-- \/wp:image -->\n<\/div>\n<p> <br \/>\n<\/p>\n<div id=\"\">\n<div class=\"penci-entry-categories\"><span class=\"penci-cat-links\">DestaqueEmpregos e Est\u00e1gios<\/span><\/div>\n<h2 class=\"penci-post-subtitle\">Desse total, s\u00e3o mais de 1,7 mil vagas no interior de S\u00e3o Paulo. As cidades com mais oportunidades s\u00e3o Campinas, Ribeir\u00e3o Preto, Santos e S\u00e3o Jos\u00e9 do Rio Preto<\/h2>\n<p>\n\t\t\t\t\t\t\t\t\t<span class=\"entry-meta-item penci-posted-on\"><i class=\"fa fa-clock-o\"\/><time class=\"entry-date published updated\" datetime=\"2025-08-04T12:30:36-03:00\">4 de agosto de 2025 12:30<\/time><\/span><span class=\"entry-meta-item penci-post-countview\"><span class=\"entry-meta-item penci-post-countview penci_post-meta_item\"><i class=\"fa fa-eye\"\/><span class=\"penci-post-countview-number penci-post-countview-p434004\">4<\/span><\/span><\/span>\t\t\t\t\t\t\t\t<\/p>\n<p><!-- .entry-meta --><br \/>\n\t\t\t\t\t\t\t\t<span class=\"penci-social-buttons penci-social-share-footer\"><span class=\"penci-social-share-text\">Compartilhar<\/span><a href=\"#\" class=\"penci-post-like penci_post-meta_item  single-like-button penci-social-item like\" data-post_id=\"434004\" title=\"Like\" data-like=\"Like\" data-unlike=\"Unlike\"><i class=\"fa fa-thumbs-o-up\"\/><span class=\"penci-share-number\">0<\/span><\/a><i class=\"fa fa-facebook\"\/><a class=\"penci-social-item twitter\" target=\"_blank\" rel=\"noopener\" title=\"\" href=\"https:\/\/twitter.com\/intent\/tweet?text=CIEE%20tem%20mais%20de%207,4%20mil%20vagas%20de%20est\u00e1gio%20no%20Brasil%20-%20https:\/\/www.tribunaribeirao.com.br\/ciee-tem-mais-de-74-mil-vagas-de-estagio-no-brasil\/\"><i class=\"fa fa-twitter\"\/><\/a><i class=\"fa fa-linkedin\"\/><i class=\"fa fa-whatsapp\"\/><i class=\"fa fa-telegram\"\/><i class=\"fa fa-envelope\"\/><\/span>\t\t\t\t\t\t\t<\/div>\n<div>\n<p>O Centro de Integra\u00e7\u00e3o Empresa-Escola \u2013 CIEE, maior ONG de inclus\u00e3o social e empregabilidade jovem da Am\u00e9rica Latina, oferta diariamente milhares de oportunidades de est\u00e1gio. Voc\u00ea \u00e9 um dos nossos parceiros em conectar jovens ao mundo do trabalho e, para seguir te atendendo com excel\u00eancia, criamos este boletim semanal. Por aqui, \u00e9 poss\u00edvel conferir o n\u00famero de vagas por estado, por cidades do interior de S\u00e3o Paulo, e as \u00e1reas com mais oportunidades.<\/p>\n<p>Nesta semana, o CIEE soma mais de 7,4 mil oportunidades em todo o Pa\u00eds. Os estados com mais demandas s\u00e3o S\u00e3o Paulo, Cear\u00e1, Distrito Federal, Bahia J\u00e1 no interior do estado, soma mais de 1,7 mil vagas regionais. As cidades com mais oportunidades s\u00e3o Campinas, Ribeir\u00e3o Preto, Santos e S\u00e3o Jos\u00e9 do Rio Preto.<\/p>\n<p>Confira abaixo a lista completa com todas as vagas dispon\u00edveis no Brasil e no interior de S\u00e3o Paulo e ajude a divulgar oportunidades que v\u00e3o transformar a vida de milhares de jovens e estudantes!<\/p>\n<p>CONFIRA AQUI AS VAGAS DE EST\u00c1GIO POR ESTADO<br \/>https:\/\/uhmxoro2t8cx2o-my.sharepoint.com\/:x:\/g\/personal\/cleide_goncalves_tamer_com_br\/EfVcjTTmpVVOgfIHX8YoYU0BCnDzFlkbxCswDKKmGC2YTA?CID=af91dd52-10ab-0f08-4599-ddf7a00d2556<\/p>\n<p>CONFIRA AS VAGAS DE EST\u00c1GIO POR CIDADES DE SP<br \/>https:\/\/uhmxoro2t8cx2o-my.sharepoint.com\/:x:\/g\/personal\/cleide_goncalves_tamer_com_br\/EQvxPgbnlo5PtKCPdOS_3LYBQp4dPhDOUDZH9yHG6ypxiQ?CID=de24953e-79f4-1a62-022d-df6ccab54349<\/p>\n<p>Para d\u00favidas, sugest\u00f5es e solicita\u00e7\u00f5es de entrevistas, entre em contato no e-mail [email\u00a0protected] ou pelo WhatsApp (11) 9.9711-3300.<\/p>\n<\/div>\n<p><script async src=\"\/\/platform.twitter.com\/widgets.js\" charset=\"utf-8\"><\/script><br \/>\n<br \/><br \/>\n<br \/><a href=\"https:\/\/www.tribunaribeirao.com.br\/ciee-tem-mais-de-74-mil-vagas-de-estagio-no-brasil\/\">Source link <\/a><\/p>\n<!-- CONTENT END 1 -->\n","protected":false},"excerpt":{"rendered":"<p>DestaqueEmpregos e Est\u00e1gios Desse total, s\u00e3o mais de 1,7 mil vagas no interior de S\u00e3o Paulo. As cidades com mais oportunidades s\u00e3o Campinas, Ribeir\u00e3o Preto,&#8230;<\/p>\n","protected":false},"author":1,"featured_media":75126,"comment_status":"open","ping_status":"open","sticky":false,"template":"","format":"standard","meta":{"advanced_seo_description":"","jetpack_seo_html_title":"","jetpack_seo_noindex":false,"jetpack_post_was_ever_published":false,"_jetpack_newsletter_access":"","_jetpack_dont_email_post_to_subs":false,"_jetpack_newsletter_tier_id":0,"_jetpack_memberships_contains_paywalled_content":false,"_jetpack_memberships_contains_paid_content":false,"footnotes":"","jetpack_publicize_message":"","jetpack_publicize_feature_enabled":true,"jetpack_social_post_already_shared":true,"jetpack_social_options":{"image_generator_settings":{"template":"highway","default_image_id":0,"font":"","enabled":false},"version":2}},"categories":[11],"tags":[],"class_list":["post-75125","post","type-post","status-publish","format-standard","has-post-thumbnail","hentry","category-noticias-de-ribeirao-preto-sp-e-regiao-ismael-colosi"],"jetpack_publicize_connections":[],"jetpack_featured_media_url":"https:\/\/i0.wp.com\/noticiasribeiraopreto.com.br\/wp-content\/uploads\/2025\/08\/ciee.jpg?fit=800%2C500&ssl=1","jetpack-related-posts":[{"id":12648,"url":"https:\/\/noticiasribeiraopreto.com.br\/index.php\/2023\/12\/08\/usp-tem-34-vagas-em-concurso-publico-com-salarios-de-r-10-mil\/","url_meta":{"origin":75125,"position":0},"title":"USP tem 34 vagas em concurso p\u00fablico com sal\u00e1rios de R$ 10 mil","author":"noticiasribeiraopreto.com.br","date":"8 de December de 2023","format":false,"excerpt":"A USP (Universidade de S\u00e3o Paulo) publicou 18 editais de concurso p\u00fablico com 34 vagas para diversas especialidades com sal\u00e1rios de R$ 10.231,05. As vagas s\u00e3o para os campi da universidade em S\u00e3o Paulo, Ribeir\u00e3o Preto e Pirassununga. As inscri\u00e7\u00f5es para o concurso p\u00fablico da USP devem ser realizadas no\u2026","rel":"","context":"In &quot;Not\u00edcias de Ribeir\u00e3o Preto-SP e Regi\u00e3o&quot;","block_context":{"text":"Not\u00edcias de Ribeir\u00e3o Preto-SP e Regi\u00e3o","link":"https:\/\/noticiasribeiraopreto.com.br\/index.php\/category\/noticias-de-ribeirao-preto-sp-e-regiao-ismael-colosi\/"},"img":{"alt_text":"","src":"https:\/\/i0.wp.com\/noticiasribeiraopreto.com.br\/wp-content\/uploads\/2023\/12\/1702047750_usp_ribeirao_500x320_26072019111611.jpg?fit=500%2C322&ssl=1&resize=350%2C200","width":350,"height":200},"classes":[]},{"id":32600,"url":"https:\/\/noticiasribeiraopreto.com.br\/index.php\/2024\/01\/25\/usp-tem-concurso-publico-com-34-vagas-e-salarios-de-r-10-mil\/","url_meta":{"origin":75125,"position":1},"title":"USP tem concurso p\u00fablico com 34 vagas e sal\u00e1rios de R$ 10 mil","author":"noticiasribeiraopreto.com.br","date":"25 de January de 2024","format":false,"excerpt":"A USP (Universidade de S\u00e3o Paulo) est\u00e1 com 34 vagas abertas para diversas especialidades e sal\u00e1rios de R$ 10.231,05. As oportunidades s\u00e3o para os campi de Ribeir\u00e3o Preto, S\u00e3o Paulo e Pirassununga. As inscri\u00e7\u00f5es podem ser realizadas at\u00e9 \u00e0s 12h do dia 8 de fevereiro, no site da Fuvest (clique\u2026","rel":"","context":"In &quot;Not\u00edcias de Ribeir\u00e3o Preto-SP e Regi\u00e3o&quot;","block_context":{"text":"Not\u00edcias de Ribeir\u00e3o Preto-SP e Regi\u00e3o","link":"https:\/\/noticiasribeiraopreto.com.br\/index.php\/category\/noticias-de-ribeirao-preto-sp-e-regiao-ismael-colosi\/"},"img":{"alt_text":"","src":"https:\/\/i0.wp.com\/noticiasribeiraopreto.com.br\/wp-content\/uploads\/2024\/01\/usp_ribeirao_1024x576_30032021153451.jpg?fit=1024%2C576&ssl=1&resize=350%2C200","width":350,"height":200,"srcset":"https:\/\/i0.wp.com\/noticiasribeiraopreto.com.br\/wp-content\/uploads\/2024\/01\/usp_ribeirao_1024x576_30032021153451.jpg?fit=1024%2C576&ssl=1&resize=350%2C200 1x, https:\/\/i0.wp.com\/noticiasribeiraopreto.com.br\/wp-content\/uploads\/2024\/01\/usp_ribeirao_1024x576_30032021153451.jpg?fit=1024%2C576&ssl=1&resize=525%2C300 1.5x, https:\/\/i0.wp.com\/noticiasribeiraopreto.com.br\/wp-content\/uploads\/2024\/01\/usp_ribeirao_1024x576_30032021153451.jpg?fit=1024%2C576&ssl=1&resize=700%2C400 2x"},"classes":[]},{"id":39968,"url":"https:\/\/noticiasribeiraopreto.com.br\/index.php\/2024\/02\/29\/caixa-abre-as-inscricoes-para-concurso-publico-sao-10-vagas-em-ribeirao-preto\/","url_meta":{"origin":75125,"position":2},"title":"Caixa abre as inscri\u00e7\u00f5es para concurso p\u00fablico; S\u00e3o 10 vagas em Ribeir\u00e3o Preto","author":"noticiasribeiraopreto.com.br","date":"29 de February de 2024","format":false,"excerpt":"A Caixa Econ\u00f4mica Federal abriu \u00e0s 10h desta quinta-feira (29) as inscri\u00e7\u00f5es para o concurso p\u00fablico com mais de 3,2 mil vagas para os cargos de t\u00e9cnico banc\u00e1rio novo e t\u00e9cnico banc\u00e1rio novo em tecnologia da informa\u00e7\u00e3o. S\u00e3o 10 vagas dispon\u00edveis em Ribeir\u00e3o Preto. As inscri\u00e7\u00f5es devem ser realizadas no\u2026","rel":"","context":"In &quot;Not\u00edcias de Ribeir\u00e3o Preto-SP e Regi\u00e3o&quot;","block_context":{"text":"Not\u00edcias de Ribeir\u00e3o Preto-SP e Regi\u00e3o","link":"https:\/\/noticiasribeiraopreto.com.br\/index.php\/category\/noticias-de-ribeirao-preto-sp-e-regiao-ismael-colosi\/"},"img":{"alt_text":"","src":"https:\/\/i0.wp.com\/noticiasribeiraopreto.com.br\/wp-content\/uploads\/2024\/02\/1709215351_caixa.jpg?fit=1163%2C690&ssl=1&resize=350%2C200","width":350,"height":200,"srcset":"https:\/\/i0.wp.com\/noticiasribeiraopreto.com.br\/wp-content\/uploads\/2024\/02\/1709215351_caixa.jpg?fit=1163%2C690&ssl=1&resize=350%2C200 1x, https:\/\/i0.wp.com\/noticiasribeiraopreto.com.br\/wp-content\/uploads\/2024\/02\/1709215351_caixa.jpg?fit=1163%2C690&ssl=1&resize=525%2C300 1.5x, https:\/\/i0.wp.com\/noticiasribeiraopreto.com.br\/wp-content\/uploads\/2024\/02\/1709215351_caixa.jpg?fit=1163%2C690&ssl=1&resize=700%2C400 2x, https:\/\/i0.wp.com\/noticiasribeiraopreto.com.br\/wp-content\/uploads\/2024\/02\/1709215351_caixa.jpg?fit=1163%2C690&ssl=1&resize=1050%2C600 3x"},"classes":[]},{"id":23428,"url":"https:\/\/noticiasribeiraopreto.com.br\/index.php\/2024\/01\/02\/veja-os-concursos-publicos-de-ribeirao-preto-em-2024-salarios-chegam-a-r-5-mil\/","url_meta":{"origin":75125,"position":3},"title":"Veja os concursos p\u00fablicos de Ribeir\u00e3o Preto em 2024; Sal\u00e1rios chegam a R$ 5 mil","author":"noticiasribeiraopreto.com.br","date":"2 de January de 2024","format":false,"excerpt":"A Prefeitura de Ribeir\u00e3o Preto conta com dois concursos abertos em 2024. Ao todo, s\u00e3o 28 vagas e os sal\u00e1rios que variam entre R$ 2,5 mil e R$ 5,6 mil. Os cargos s\u00e3o de n\u00edvel fundamental, m\u00e9dio, t\u00e9cnico e superior. As inscri\u00e7\u00f5es para as vagas do edital 06\/2023 come\u00e7am nesta\u2026","rel":"","context":"In &quot;Not\u00edcias de Ribeir\u00e3o Preto-SP e Regi\u00e3o&quot;","block_context":{"text":"Not\u00edcias de Ribeir\u00e3o Preto-SP e Regi\u00e3o","link":"https:\/\/noticiasribeiraopreto.com.br\/index.php\/category\/noticias-de-ribeirao-preto-sp-e-regiao-ismael-colosi\/"},"img":{"alt_text":"","src":"https:\/\/i0.wp.com\/noticiasribeiraopreto.com.br\/wp-content\/uploads\/2024\/01\/concurso-publico-12.jpg?fit=1200%2C800&ssl=1&resize=350%2C200","width":350,"height":200,"srcset":"https:\/\/i0.wp.com\/noticiasribeiraopreto.com.br\/wp-content\/uploads\/2024\/01\/concurso-publico-12.jpg?fit=1200%2C800&ssl=1&resize=350%2C200 1x, https:\/\/i0.wp.com\/noticiasribeiraopreto.com.br\/wp-content\/uploads\/2024\/01\/concurso-publico-12.jpg?fit=1200%2C800&ssl=1&resize=525%2C300 1.5x, https:\/\/i0.wp.com\/noticiasribeiraopreto.com.br\/wp-content\/uploads\/2024\/01\/concurso-publico-12.jpg?fit=1200%2C800&ssl=1&resize=700%2C400 2x, https:\/\/i0.wp.com\/noticiasribeiraopreto.com.br\/wp-content\/uploads\/2024\/01\/concurso-publico-12.jpg?fit=1200%2C800&ssl=1&resize=1050%2C600 3x"},"classes":[]},{"id":31511,"url":"https:\/\/noticiasribeiraopreto.com.br\/index.php\/2024\/01\/22\/concurso-publico-tem-salarios-de-r-5-mil-e-vagas-no-interior-de-sp\/","url_meta":{"origin":75125,"position":4},"title":"Concurso p\u00fablico tem sal\u00e1rios de R$ 5 mil e vagas no interior de SP","author":"noticiasribeiraopreto.com.br","date":"22 de January de 2024","format":false,"excerpt":"O Cress-SP (Conselho Regional de Servi\u00e7o Social de S\u00e3o Paulo) da 9\u00aa Regi\u00e3o publicou edital de concurso p\u00fablico com oportunidades para diversas \u00e1reas e vagas no interior de S\u00e3o Paulo. Os sal\u00e1rios variam entre R$ 2,6 mil e R$ 5 mil. As inscri\u00e7\u00f5es devem ser realizadas no per\u00edodo entre 29\u2026","rel":"","context":"In &quot;Not\u00edcias de Ribeir\u00e3o Preto-SP e Regi\u00e3o&quot;","block_context":{"text":"Not\u00edcias de Ribeir\u00e3o Preto-SP e Regi\u00e3o","link":"https:\/\/noticiasribeiraopreto.com.br\/index.php\/category\/noticias-de-ribeirao-preto-sp-e-regiao-ismael-colosi\/"},"img":{"alt_text":"","src":"https:\/\/i0.wp.com\/noticiasribeiraopreto.com.br\/wp-content\/uploads\/2024\/01\/1705946192_concurso-publico-nacional-unificado-cesgranrio.jpg?fit=1200%2C798&ssl=1&resize=350%2C200","width":350,"height":200,"srcset":"https:\/\/i0.wp.com\/noticiasribeiraopreto.com.br\/wp-content\/uploads\/2024\/01\/1705946192_concurso-publico-nacional-unificado-cesgranrio.jpg?fit=1200%2C798&ssl=1&resize=350%2C200 1x, https:\/\/i0.wp.com\/noticiasribeiraopreto.com.br\/wp-content\/uploads\/2024\/01\/1705946192_concurso-publico-nacional-unificado-cesgranrio.jpg?fit=1200%2C798&ssl=1&resize=525%2C300 1.5x, https:\/\/i0.wp.com\/noticiasribeiraopreto.com.br\/wp-content\/uploads\/2024\/01\/1705946192_concurso-publico-nacional-unificado-cesgranrio.jpg?fit=1200%2C798&ssl=1&resize=700%2C400 2x, https:\/\/i0.wp.com\/noticiasribeiraopreto.com.br\/wp-content\/uploads\/2024\/01\/1705946192_concurso-publico-nacional-unificado-cesgranrio.jpg?fit=1200%2C798&ssl=1&resize=1050%2C600 3x"},"classes":[]},{"id":74810,"url":"https:\/\/noticiasribeiraopreto.com.br\/index.php\/2025\/07\/29\/usp-abre-concurso-publico-com-12-vagas-e-salarios-de-r-6-mil-saiba-como-participar\/","url_meta":{"origin":75125,"position":5},"title":"USP abre concurso p\u00fablico com 12 vagas e sal\u00e1rios de R$ 6 mil; Saiba como participar","author":"noticiasribeiraopreto.com.br","date":"29 de July de 2025","format":false,"excerpt":"A USP (Universidade de S\u00e3o Paulo) publicou edital de concurso p\u00fablico com 12 vagas para o cargo de t\u00e9cnico de laborat\u00f3rio (especialidade: qu\u00edmica). Os sal\u00e1rios s\u00e3o de R$ 6.027,72 e as oportunidades s\u00e3o para quatro campi da USP, incluindo Ribeir\u00e3o Preto. As inscri\u00e7\u00f5es devem ser realizadas no site da Fuvest\u2026","rel":"","context":"In &quot;Not\u00edcias de Ribeir\u00e3o Preto-SP e Regi\u00e3o&quot;","block_context":{"text":"Not\u00edcias de Ribeir\u00e3o Preto-SP e Regi\u00e3o","link":"https:\/\/noticiasribeiraopreto.com.br\/index.php\/category\/noticias-de-ribeirao-preto-sp-e-regiao-ismael-colosi\/"},"img":{"alt_text":"","src":"https:\/\/i0.wp.com\/noticiasribeiraopreto.com.br\/wp-content\/uploads\/2025\/07\/concurso-publico_2025-07-09_13-50-45.webp.webp?fit=1200%2C798&ssl=1&resize=350%2C200","width":350,"height":200,"srcset":"https:\/\/i0.wp.com\/noticiasribeiraopreto.com.br\/wp-content\/uploads\/2025\/07\/concurso-publico_2025-07-09_13-50-45.webp.webp?fit=1200%2C798&ssl=1&resize=350%2C200 1x, https:\/\/i0.wp.com\/noticiasribeiraopreto.com.br\/wp-content\/uploads\/2025\/07\/concurso-publico_2025-07-09_13-50-45.webp.webp?fit=1200%2C798&ssl=1&resize=525%2C300 1.5x, https:\/\/i0.wp.com\/noticiasribeiraopreto.com.br\/wp-content\/uploads\/2025\/07\/concurso-publico_2025-07-09_13-50-45.webp.webp?fit=1200%2C798&ssl=1&resize=700%2C400 2x, https:\/\/i0.wp.com\/noticiasribeiraopreto.com.br\/wp-content\/uploads\/2025\/07\/concurso-publico_2025-07-09_13-50-45.webp.webp?fit=1200%2C798&ssl=1&resize=1050%2C600 3x"},"classes":[]}],"jetpack_sharing_enabled":true,"jetpack_shortlink":"https:\/\/wp.me\/peQAOb-jxH","_links":{"self":[{"href":"https:\/\/noticiasribeiraopreto.com.br\/index.php\/wp-json\/wp\/v2\/posts\/75125","targetHints":{"allow":["GET"]}}],"collection":[{"href":"https:\/\/noticiasribeiraopreto.com.br\/index.php\/wp-json\/wp\/v2\/posts"}],"about":[{"href":"https:\/\/noticiasribeiraopreto.com.br\/index.php\/wp-json\/wp\/v2\/types\/post"}],"author":[{"embeddable":true,"href":"https:\/\/noticiasribeiraopreto.com.br\/index.php\/wp-json\/wp\/v2\/users\/1"}],"replies":[{"embeddable":true,"href":"https:\/\/noticiasribeiraopreto.com.br\/index.php\/wp-json\/wp\/v2\/comments?post=75125"}],"version-history":[{"count":0,"href":"https:\/\/noticiasribeiraopreto.com.br\/index.php\/wp-json\/wp\/v2\/posts\/75125\/revisions"}],"wp:featuredmedia":[{"embeddable":true,"href":"https:\/\/noticiasribeiraopreto.com.br\/index.php\/wp-json\/wp\/v2\/media\/75126"}],"wp:attachment":[{"href":"https:\/\/noticiasribeiraopreto.com.br\/index.php\/wp-json\/wp\/v2\/media?parent=75125"}],"wp:term":[{"taxonomy":"category","embeddable":true,"href":"https:\/\/noticiasribeiraopreto.com.br\/index.php\/wp-json\/wp\/v2\/categories?post=75125"},{"taxonomy":"post_tag","embeddable":true,"href":"https:\/\/noticiasribeiraopreto.com.br\/index.php\/wp-json\/wp\/v2\/tags?post=75125"}],"curies":[{"name":"wp","href":"https:\/\/api.w.org\/{rel}","templated":true}]}}