{"id":75127,"date":"2025-08-04T12:55:21","date_gmt":"2025-08-04T15:55:21","guid":{"rendered":"https:\/\/noticiasribeiraopreto.com.br\/index.php\/2025\/08\/04\/espetaculo-musica-feramente-humana-chega-a-ribeirao-preto-no-fim-de-semana\/"},"modified":"2025-08-04T12:55:21","modified_gmt":"2025-08-04T15:55:21","slug":"espetaculo-musica-feramente-humana-chega-a-ribeirao-preto-no-fim-de-semana","status":"publish","type":"post","link":"https:\/\/noticiasribeiraopreto.com.br\/index.php\/2025\/08\/04\/espetaculo-musica-feramente-humana-chega-a-ribeirao-preto-no-fim-de-semana\/","title":{"rendered":"Espet\u00e1culo &#8216;M\u00fasica Feramente Humana&#8217; chega a Ribeir\u00e3o Preto no fim de semana"},"content":{"rendered":"<div class='code-block code-block-1' style='margin: 8px 0 8px auto; text-align: right; display: block; clear: both;'>\n<p><a href=\"https:\/\/wa.link\/vpicfd\"><img data-recalc-dims=\"1\" class=\"wp-image-4922\" style=\"aspect-ratio: 2.0253164556962027; width: 561px; height: auto;\" src=\"https:\/\/i0.wp.com\/ismaelcolosi.com.br\/wp-content\/uploads\/2023\/11\/grupo-de-empregos-whatsapp-e-facebook-ismael-colosi-vagas.jpg?ssl=1\" alt=\"\" \/><\/a><\/p>\n<!-- \/wp:image -->\n<\/div>\n<p> <br \/>\n<\/p>\n<div>\n<p>A s\u00e9rie <strong>Concertos Internacionais<\/strong> da <strong>Orquestra Sinf\u00f4nica de Ribeir\u00e3o Preto<\/strong> traz a soprano <strong>Angelica de la Riva<\/strong> para o espet\u00e1culo \u201c<strong>M\u00fasica Feramente Humana<\/strong>\u201d, nesta <strong>sexta-feira (8)<\/strong>, \u00e0s <strong>20h<\/strong>, no <strong>Theatro Pedro II<\/strong>.<\/p>\n<p>O programa conta com obras de <strong>Giacomo Puccini<\/strong>, como a <strong>\u00e1ria Vissi d\u00b4Arte (\u00f3pera Tosca)<\/strong>, e <strong>Babbino Caro (\u00f3pera Gianni Schicchi)<\/strong>. Representando suas ra\u00edzes cubanas, <strong>Angelica<\/strong> canta a divertida <strong>Salida<\/strong>, da zarzuela cubana <strong>Cecilia Vald\u00e9s<\/strong>. Na sequ\u00eancia,<strong> Caruso de Lucio Dalla <\/strong>dedicada ao famoso tenor italiano <strong>Enrico Caruso<\/strong>, al\u00e9m de <strong>Melodia Sentimental<\/strong>, de <strong>Heitor Villa-Lobos<\/strong>, parte de <strong>A Floresta do Amazonas<\/strong>.<\/p>\n<p>A dire\u00e7\u00e3o musical \u00e9 de <strong>De la Riva<\/strong> com a participa\u00e7\u00e3o especial do pianista <strong>Max Barros<\/strong>, brasileiro-americano reconhecido por seu trabalho com repert\u00f3rio sul-americano e premiado internacionalmente. A reg\u00eancia de <strong>Reginaldo Nascimento<\/strong>.<\/p>\n<p>O espet\u00e1culo leva o nome inspirado no livro \u201c<strong>\u00c1ngel fieramente humano<\/strong>\u201d, do poeta espanhol <strong>Blas de Otero<\/strong>, e parte da met\u00e1fora de um anjo preso por correntes, impedido de manifestar sua ess\u00eancia criativa. Em cena, <strong>Angelica de la Riva<\/strong> liberta essas correntes e compartilha com o p\u00fablico suas inquieta\u00e7\u00f5es, alegrias e descobertas ao longo de sua carreira.<\/p>\n<h2 class=\"wp-block-heading\"><strong>Ingressos<\/strong><\/h2>\n<p>Os ingressos podem ser adquiridos de formar\u00a0<strong><a href=\"https:\/\/megabilheteria.com\/evento?id=20250723151734\" target=\"_blank\" rel=\"noreferrer noopener\">on-line (clique aqui)<\/a>\u00a0<\/strong>com pre\u00e7os a partir de\u00a0<strong>R$ 40<\/strong>. A classifica\u00e7\u00e3o indicativa do espet\u00e1culo \u00e9 de<strong>\u00a012 anos<\/strong>.<\/p>\n<h2 class=\"wp-block-heading\"><strong>Programa<\/strong><\/h2>\n<p><strong>Giacomo Puccini<\/strong>\u00a0(1858-1924) Vissi d\u00b4Arte, da \u00f3pera Tosca (3\u201900)<br \/><strong>Gonzalo Roig<\/strong>\u00a0(1890-1970) Salida de Cecilia Vald\u00e9s, da zarzuela Cecilia Vald\u00e9s (5\u201900)<br \/><strong>Lucio Dalla<\/strong>\u00a0(1943-2012) Caruso (5\u201900)<br \/><strong>Anton\u00edn Dvo\u0159\u00e1k<\/strong>\u00a0(1841-1904) IV. Songs My Mother Taught Me, das Can\u00e7\u00f5es Ciganas, Op. 55 (3\u201900)<br \/><strong>Heitor Villa-Lobos<\/strong>\u00a0(1887-1959) Melodia Sentimental, do poema sinf\u00f4nico Floresta do Amazonas (3\u201900)<br \/><strong>Heitor Villa-Lobos\u00a0<\/strong>(1887-1959) Choro No. 5, Alma Brasileira (5\u201900)<br \/><strong>Heitor Villa-Lobos<\/strong>\u00a0(1887-1959) Bachianas Brasileiras No. 5, \u00c1ria: Cantilena (6\u201900)<br \/><strong>Enrique Granados<\/strong>\u00a0(1867-1916) Danza Espa\u00f1ola No. 5, Andaluc\u00eda, 12 Danzas Espa\u00f1olas, Op. 37 (4\u201900)<br \/><strong>Franz Leh\u00e1r<\/strong>\u00a0(1870-1948) Meine Lippen, sie k\u00fcssen so heiss, da opereta Giuditta (5\u201900)<br \/><strong>Giacomo Puccini<\/strong>\u00a0(1858-1924) O mio babbino caro, da \u00f3pera Gianni Schicchi (2\u201900)<br \/><strong>Leonard Cohen<\/strong>\u00a0(1934-2016) Hallelujah (4\u201930)<br \/><strong>John Newton<\/strong>\u00a0(1725-1807) Amazing Grace (4\u201900)<br \/><strong>Leonardus Caerts<\/strong>\u00a0(1931*) Viva Espa\u00f1a (3\u201900)<\/p>\n<p>SAIBA MAIS<br \/>Ribeir\u00e3o Preto recebe espet\u00e1culo de dan\u00e7a com foco em sa\u00fade mental e inclus\u00e3o<\/p>\n<h3 class=\"wp-block-heading\"><strong>FIQUE ON\u00a0\u00a0\u00a0\u00a0\u00a0\u00a0\u00a0\u00a0\u00a0<\/strong><\/h3>\n<p>Quer ficar por dentro de tudo que acontece em Ribeir\u00e3o Preto e regi\u00e3o? Ent\u00e3o siga os perfis do\u202facidade on\u202fno\u202f<a href=\"https:\/\/www.instagram.com\/acidadeonribeirao\" target=\"_blank\" rel=\"noreferrer noopener\">Instagram<\/a>\u202fe no\u202f<a href=\"https:\/\/www.facebook.com\/acidadeonribeirao\/\" target=\"_blank\" rel=\"noreferrer noopener\">Facebook<\/a>.<\/p>\n<p>Al\u00e9m disso, voc\u00ea pode receber as principais not\u00edcias diretamente no WhatsApp. Para isso, basta\u00a0<a href=\"https:\/\/chat.whatsapp.com\/BjKQZ9oJwlz8VVT50NuePq\" target=\"_blank\" rel=\"noreferrer noopener\">entrar no grupo clicando aqui<\/a>.<\/p>\n<p>Por fim, se quiser fazer uma den\u00fancia ou sugerir uma reportagem sobre Ribeir\u00e3o Preto e regi\u00e3o, envie uma mensagem pelo WhatsApp: (16) 99117-7802.<\/p>\n<p>VEJA TAMB\u00c9M<br \/>Ben Barnes ser\u00e1 Sirius Black na s\u00e9rie de \u2018Harry Potter\u2019?<\/p>\n<p><!-- AI CONTENT END 1 -->\n<\/div>\n<p><script async src=\"\/\/www.instagram.com\/embed.js\"><\/script><br \/>\n<br \/><br \/>\n<br \/><a href=\"https:\/\/www.acidadeon.com\/ribeiraopreto\/lazer-e-cultura\/espetaculo-musica-feramente-humana-chega-a-ribeirao-preto-no-fim-de-semana\/\">Source link <\/a><\/p>\n<!-- CONTENT END 1 -->\n","protected":false},"excerpt":{"rendered":"<p>A s\u00e9rie Concertos Internacionais da Orquestra Sinf\u00f4nica de Ribeir\u00e3o Preto traz a soprano Angelica de la Riva para o espet\u00e1culo \u201cM\u00fasica Feramente Humana\u201d, nesta sexta-feira&#8230;<\/p>\n","protected":false},"author":1,"featured_media":75128,"comment_status":"open","ping_status":"open","sticky":false,"template":"","format":"standard","meta":{"advanced_seo_description":"","jetpack_seo_html_title":"","jetpack_seo_noindex":false,"jetpack_post_was_ever_published":false,"_jetpack_newsletter_access":"","_jetpack_dont_email_post_to_subs":false,"_jetpack_newsletter_tier_id":0,"_jetpack_memberships_contains_paywalled_content":false,"_jetpack_memberships_contains_paid_content":false,"footnotes":"","jetpack_publicize_message":"","jetpack_publicize_feature_enabled":true,"jetpack_social_post_already_shared":true,"jetpack_social_options":{"image_generator_settings":{"template":"highway","default_image_id":0,"font":"","enabled":false},"version":2}},"categories":[11],"tags":[],"class_list":["post-75127","post","type-post","status-publish","format-standard","has-post-thumbnail","hentry","category-noticias-de-ribeirao-preto-sp-e-regiao-ismael-colosi"],"jetpack_publicize_connections":[],"jetpack_featured_media_url":"https:\/\/i0.wp.com\/noticiasribeiraopreto.com.br\/wp-content\/uploads\/2025\/08\/Reginaldo-Nascimento-2_2025-05-09_14-19-38.webp.webp?fit=1200%2C825&ssl=1","jetpack-related-posts":[{"id":75442,"url":"https:\/\/noticiasribeiraopreto.com.br\/index.php\/2025\/08\/08\/angelica-de-la-riva-canta-com-a-osrp\/","url_meta":{"origin":75127,"position":0},"title":"Angelica de la Riva canta com a Osrp","author":"noticiasribeiraopreto.com.br","date":"8 de August de 2025","format":false,"excerpt":"S\u00e9rie Concertos Internacionais ter\u00e1 a participa\u00e7\u00e3o da soprano Angelica de la Riva no espet\u00e1culo \u201cM\u00fasica Feramente Humana\u201d A Orquestra Sinf\u00f4nica de Ribeir\u00e3o Preto voltar\u00e1 ao Theatro Pedro II nesta sexta-feira, 8 de agosto, \u00e0s 20 horas, para apresentar mais uma edi\u00e7\u00e3o especial da s\u00e9rie Concertos Internacionais, desta vez com a\u2026","rel":"","context":"In &quot;Not\u00edcias de Ribeir\u00e3o Preto-SP e Regi\u00e3o&quot;","block_context":{"text":"Not\u00edcias de Ribeir\u00e3o Preto-SP e Regi\u00e3o","link":"https:\/\/noticiasribeiraopreto.com.br\/index.php\/category\/noticias-de-ribeirao-preto-sp-e-regiao-ismael-colosi\/"},"img":{"alt_text":"","src":"https:\/\/i0.wp.com\/noticiasribeiraopreto.com.br\/wp-content\/uploads\/2025\/08\/OrqueOSRP-Riv-Divulgacao-scaled.jpg?fit=1170%2C780&ssl=1&resize=350%2C200","width":350,"height":200,"srcset":"https:\/\/i0.wp.com\/noticiasribeiraopreto.com.br\/wp-content\/uploads\/2025\/08\/OrqueOSRP-Riv-Divulgacao-scaled.jpg?fit=1170%2C780&ssl=1&resize=350%2C200 1x, https:\/\/i0.wp.com\/noticiasribeiraopreto.com.br\/wp-content\/uploads\/2025\/08\/OrqueOSRP-Riv-Divulgacao-scaled.jpg?fit=1170%2C780&ssl=1&resize=525%2C300 1.5x, https:\/\/i0.wp.com\/noticiasribeiraopreto.com.br\/wp-content\/uploads\/2025\/08\/OrqueOSRP-Riv-Divulgacao-scaled.jpg?fit=1170%2C780&ssl=1&resize=700%2C400 2x, https:\/\/i0.wp.com\/noticiasribeiraopreto.com.br\/wp-content\/uploads\/2025\/08\/OrqueOSRP-Riv-Divulgacao-scaled.jpg?fit=1170%2C780&ssl=1&resize=1050%2C600 3x"},"classes":[]},{"id":84081,"url":"https:\/\/noticiasribeiraopreto.com.br\/index.php\/2026\/04\/01\/espetaculo-da-sinfonica-de-ribeirao-preto-transforma-operas-em-uma-so-historia-de-amor\/","url_meta":{"origin":75127,"position":1},"title":"Espet\u00e1culo da Sinf\u00f4nica de Ribeir\u00e3o Preto transforma \u00f3peras em uma s\u00f3 hist\u00f3ria de amor","author":"noticiasribeiraopreto.com.br","date":"1 de April de 2026","format":false,"excerpt":"Ler o resumo da not\u00edcia Orquestra Sinf\u00f4nica de Ribeir\u00e3o Preto apresenta o espet\u00e1culo c\u00eanico \"Elixir e seus amores\" nos dias 4 e 5 de abril, no Theatro Pedro II. A montagem re\u00fane coro, solistas e orquestra sob reg\u00eancia de Reginaldo Nascimento e dire\u00e7\u00e3o c\u00eanica de Paulo Esper. O espet\u00e1culo parte\u2026","rel":"","context":"In &quot;Not\u00edcias de Ribeir\u00e3o Preto-SP e Regi\u00e3o&quot;","block_context":{"text":"Not\u00edcias de Ribeir\u00e3o Preto-SP e Regi\u00e3o","link":"https:\/\/noticiasribeiraopreto.com.br\/index.php\/category\/noticias-de-ribeirao-preto-sp-e-regiao-ismael-colosi\/"},"img":{"alt_text":"","src":"https:\/\/i0.wp.com\/noticiasribeiraopreto.com.br\/wp-content\/uploads\/2026\/04\/Reginaldo-Nascimento-4-2_2026-04-01_15-23-21.webp.webp?fit=1200%2C851&ssl=1&resize=350%2C200","width":350,"height":200,"srcset":"https:\/\/i0.wp.com\/noticiasribeiraopreto.com.br\/wp-content\/uploads\/2026\/04\/Reginaldo-Nascimento-4-2_2026-04-01_15-23-21.webp.webp?fit=1200%2C851&ssl=1&resize=350%2C200 1x, https:\/\/i0.wp.com\/noticiasribeiraopreto.com.br\/wp-content\/uploads\/2026\/04\/Reginaldo-Nascimento-4-2_2026-04-01_15-23-21.webp.webp?fit=1200%2C851&ssl=1&resize=525%2C300 1.5x, https:\/\/i0.wp.com\/noticiasribeiraopreto.com.br\/wp-content\/uploads\/2026\/04\/Reginaldo-Nascimento-4-2_2026-04-01_15-23-21.webp.webp?fit=1200%2C851&ssl=1&resize=700%2C400 2x, https:\/\/i0.wp.com\/noticiasribeiraopreto.com.br\/wp-content\/uploads\/2026\/04\/Reginaldo-Nascimento-4-2_2026-04-01_15-23-21.webp.webp?fit=1200%2C851&ssl=1&resize=1050%2C600 3x"},"classes":[]},{"id":65477,"url":"https:\/\/noticiasribeiraopreto.com.br\/index.php\/2025\/03\/20\/ribeirao-preto-recebe-18a-mostra-de-teatro-tpc-com-28-espetaculos-confira\/","url_meta":{"origin":75127,"position":2},"title":"Ribeir\u00e3o Preto recebe 18\u00aa Mostra de Teatro TPC com 28 espet\u00e1culos; Confira","author":"noticiasribeiraopreto.com.br","date":"20 de March de 2025","format":false,"excerpt":"A 18\u00aa edi\u00e7\u00e3o da Mostra de Teatro TPC acontece entre os dias 6 a 27 de abril, em tr\u00eas locais de Ribeir\u00e3o Preto \u2013 o Teatro Municipal, o Teatro Santarosa e a Sala Marcos Caruso. A programa\u00e7\u00e3o conta com 28 espet\u00e1culos. Os ingressos podem ser adquiridos na Escola de Teatro\u2026","rel":"","context":"In &quot;Not\u00edcias de Ribeir\u00e3o Preto-SP e Regi\u00e3o&quot;","block_context":{"text":"Not\u00edcias de Ribeir\u00e3o Preto-SP e Regi\u00e3o","link":"https:\/\/noticiasribeiraopreto.com.br\/index.php\/category\/noticias-de-ribeirao-preto-sp-e-regiao-ismael-colosi\/"},"img":{"alt_text":"","src":"https:\/\/i0.wp.com\/noticiasribeiraopreto.com.br\/wp-content\/uploads\/2025\/01\/TEATRO-MUNICIPAL_2025-01-21_14-13-47_jpg_2025-01-21_14-13-47.webp.webp?fit=1200%2C675&ssl=1&resize=350%2C200","width":350,"height":200,"srcset":"https:\/\/i0.wp.com\/noticiasribeiraopreto.com.br\/wp-content\/uploads\/2025\/01\/TEATRO-MUNICIPAL_2025-01-21_14-13-47_jpg_2025-01-21_14-13-47.webp.webp?fit=1200%2C675&ssl=1&resize=350%2C200 1x, https:\/\/i0.wp.com\/noticiasribeiraopreto.com.br\/wp-content\/uploads\/2025\/01\/TEATRO-MUNICIPAL_2025-01-21_14-13-47_jpg_2025-01-21_14-13-47.webp.webp?fit=1200%2C675&ssl=1&resize=525%2C300 1.5x, https:\/\/i0.wp.com\/noticiasribeiraopreto.com.br\/wp-content\/uploads\/2025\/01\/TEATRO-MUNICIPAL_2025-01-21_14-13-47_jpg_2025-01-21_14-13-47.webp.webp?fit=1200%2C675&ssl=1&resize=700%2C400 2x, https:\/\/i0.wp.com\/noticiasribeiraopreto.com.br\/wp-content\/uploads\/2025\/01\/TEATRO-MUNICIPAL_2025-01-21_14-13-47_jpg_2025-01-21_14-13-47.webp.webp?fit=1200%2C675&ssl=1&resize=1050%2C600 3x"},"classes":[]},{"id":53871,"url":"https:\/\/noticiasribeiraopreto.com.br\/index.php\/2024\/06\/25\/ribeirao-preto-tem-pecas-de-teatro-gratuitas-de-nelson-rodrigues-saiba-mais\/","url_meta":{"origin":75127,"position":3},"title":"Ribeir\u00e3o Preto tem pe\u00e7as de teatro gratuitas de Nelson Rodrigues; Saiba mais","author":"noticiasribeiraopreto.com.br","date":"25 de June de 2024","format":false,"excerpt":"A pe\u00e7a teatral \u201cVestido de Noiva\u201d, de Nelson Rodrigues, abre a temporada do segundo festival que leva o nome do dramaturgo em Ribeir\u00e3o Preto. O espet\u00e1culo ser\u00e1 nesta quarta-feira (26), \u00e0s 20h, no Teatro Municipal. Com mais de 20 atividades gratuitas, que incluem espet\u00e1culos, oficinas e palestras (veja abaixo), o\u2026","rel":"","context":"In &quot;Not\u00edcias de Ribeir\u00e3o Preto-SP e Regi\u00e3o&quot;","block_context":{"text":"Not\u00edcias de Ribeir\u00e3o Preto-SP e Regi\u00e3o","link":"https:\/\/noticiasribeiraopreto.com.br\/index.php\/category\/noticias-de-ribeirao-preto-sp-e-regiao-ismael-colosi\/"},"img":{"alt_text":"","src":"https:\/\/i0.wp.com\/noticiasribeiraopreto.com.br\/wp-content\/uploads\/2024\/06\/Copia-de-Copia-de-TAMANHO-EXATO-PARA-FOTOS-NO-SISTEMA-NOVO-17_2024-06-25_20-05-03_jpg_2024-06-25_20-05-03.webp.webp?fit=1200%2C675&ssl=1&resize=350%2C200","width":350,"height":200,"srcset":"https:\/\/i0.wp.com\/noticiasribeiraopreto.com.br\/wp-content\/uploads\/2024\/06\/Copia-de-Copia-de-TAMANHO-EXATO-PARA-FOTOS-NO-SISTEMA-NOVO-17_2024-06-25_20-05-03_jpg_2024-06-25_20-05-03.webp.webp?fit=1200%2C675&ssl=1&resize=350%2C200 1x, https:\/\/i0.wp.com\/noticiasribeiraopreto.com.br\/wp-content\/uploads\/2024\/06\/Copia-de-Copia-de-TAMANHO-EXATO-PARA-FOTOS-NO-SISTEMA-NOVO-17_2024-06-25_20-05-03_jpg_2024-06-25_20-05-03.webp.webp?fit=1200%2C675&ssl=1&resize=525%2C300 1.5x, https:\/\/i0.wp.com\/noticiasribeiraopreto.com.br\/wp-content\/uploads\/2024\/06\/Copia-de-Copia-de-TAMANHO-EXATO-PARA-FOTOS-NO-SISTEMA-NOVO-17_2024-06-25_20-05-03_jpg_2024-06-25_20-05-03.webp.webp?fit=1200%2C675&ssl=1&resize=700%2C400 2x, https:\/\/i0.wp.com\/noticiasribeiraopreto.com.br\/wp-content\/uploads\/2024\/06\/Copia-de-Copia-de-TAMANHO-EXATO-PARA-FOTOS-NO-SISTEMA-NOVO-17_2024-06-25_20-05-03_jpg_2024-06-25_20-05-03.webp.webp?fit=1200%2C675&ssl=1&resize=1050%2C600 3x"},"classes":[]},{"id":59746,"url":"https:\/\/noticiasribeiraopreto.com.br\/index.php\/2024\/10\/29\/ribeirao-preto-recebe-espetaculo-gratuito-de-palhacaria-confira\/","url_meta":{"origin":75127,"position":4},"title":"Ribeir\u00e3o Preto recebe espet\u00e1culo gratuito de palha\u00e7aria; Confira","author":"noticiasribeiraopreto.com.br","date":"29 de October de 2024","format":false,"excerpt":"Entre os dias 31 de outubro e 14 de novembro a Atua Companhia de Teatro (Atuacia) de Ribeir\u00e3o Preto faz dez apresenta\u00e7\u00f5es abertas e gratuitas do espet\u00e1culo Palha\u00e7a Sola. As sess\u00f5es acontecem em cinco espa\u00e7os diferentes. O espet\u00e1culo c\u00f4mico \u00e9 protagonizado pela atriz Cinthia Vendruscolo e destaca a condi\u00e7\u00e3o feminina\u2026","rel":"","context":"In &quot;Not\u00edcias de Ribeir\u00e3o Preto-SP e Regi\u00e3o&quot;","block_context":{"text":"Not\u00edcias de Ribeir\u00e3o Preto-SP e Regi\u00e3o","link":"https:\/\/noticiasribeiraopreto.com.br\/index.php\/category\/noticias-de-ribeirao-preto-sp-e-regiao-ismael-colosi\/"},"img":{"alt_text":"","src":"https:\/\/i0.wp.com\/noticiasribeiraopreto.com.br\/wp-content\/uploads\/2024\/10\/Copia-de-Copia-de-Copia-de-TAMANHO-EXATO-PARA-FOTOS-NO-SISTEMA-NOVO-24_2024-10-29_13-11-39_jpg_2024-10-29_13-11-39.webp.webp?fit=1200%2C675&ssl=1&resize=350%2C200","width":350,"height":200,"srcset":"https:\/\/i0.wp.com\/noticiasribeiraopreto.com.br\/wp-content\/uploads\/2024\/10\/Copia-de-Copia-de-Copia-de-TAMANHO-EXATO-PARA-FOTOS-NO-SISTEMA-NOVO-24_2024-10-29_13-11-39_jpg_2024-10-29_13-11-39.webp.webp?fit=1200%2C675&ssl=1&resize=350%2C200 1x, https:\/\/i0.wp.com\/noticiasribeiraopreto.com.br\/wp-content\/uploads\/2024\/10\/Copia-de-Copia-de-Copia-de-TAMANHO-EXATO-PARA-FOTOS-NO-SISTEMA-NOVO-24_2024-10-29_13-11-39_jpg_2024-10-29_13-11-39.webp.webp?fit=1200%2C675&ssl=1&resize=525%2C300 1.5x, https:\/\/i0.wp.com\/noticiasribeiraopreto.com.br\/wp-content\/uploads\/2024\/10\/Copia-de-Copia-de-Copia-de-TAMANHO-EXATO-PARA-FOTOS-NO-SISTEMA-NOVO-24_2024-10-29_13-11-39_jpg_2024-10-29_13-11-39.webp.webp?fit=1200%2C675&ssl=1&resize=700%2C400 2x, https:\/\/i0.wp.com\/noticiasribeiraopreto.com.br\/wp-content\/uploads\/2024\/10\/Copia-de-Copia-de-Copia-de-TAMANHO-EXATO-PARA-FOTOS-NO-SISTEMA-NOVO-24_2024-10-29_13-11-39_jpg_2024-10-29_13-11-39.webp.webp?fit=1200%2C675&ssl=1&resize=1050%2C600 3x"},"classes":[]},{"id":79474,"url":"https:\/\/noticiasribeiraopreto.com.br\/index.php\/2025\/11\/02\/espetaculo-originario-traz-danca-ancestralidade-e-reflexao-a-rp\/","url_meta":{"origin":75127,"position":5},"title":"Espet\u00e1culo \u201cOrigin\u00e1rio\u201d traz dan\u00e7a, ancestralidade e reflex\u00e3o a RP","author":"noticiasribeiraopreto.com.br","date":"2 de November de 2025","format":false,"excerpt":"2 de novembro de 2025 12:001 de novembro de 2025 14:5413 Compartilhar0 Entre os dias 10 e 16 de novembro, Ribeir\u00e3o Preto recebe o espet\u00e1culo \u201cOrigin\u00e1rio\u201d, solo de dan\u00e7a do artista Lu\u00eds Silva, que prop\u00f5e uma imers\u00e3o em temas como ancestralidade, mem\u00f3ria e identidade. As apresenta\u00e7\u00f5es acontecem em escolas e\u2026","rel":"","context":"In &quot;Not\u00edcias de Ribeir\u00e3o Preto-SP e Regi\u00e3o&quot;","block_context":{"text":"Not\u00edcias de Ribeir\u00e3o Preto-SP e Regi\u00e3o","link":"https:\/\/noticiasribeiraopreto.com.br\/index.php\/category\/noticias-de-ribeirao-preto-sp-e-regiao-ismael-colosi\/"},"img":{"alt_text":"","src":"https:\/\/i0.wp.com\/noticiasribeiraopreto.com.br\/wp-content\/uploads\/2025\/11\/1-originario-Foto-Ana-Leopoldino-1-scaled.jpg?fit=1170%2C780&ssl=1&resize=350%2C200","width":350,"height":200,"srcset":"https:\/\/i0.wp.com\/noticiasribeiraopreto.com.br\/wp-content\/uploads\/2025\/11\/1-originario-Foto-Ana-Leopoldino-1-scaled.jpg?fit=1170%2C780&ssl=1&resize=350%2C200 1x, https:\/\/i0.wp.com\/noticiasribeiraopreto.com.br\/wp-content\/uploads\/2025\/11\/1-originario-Foto-Ana-Leopoldino-1-scaled.jpg?fit=1170%2C780&ssl=1&resize=525%2C300 1.5x, https:\/\/i0.wp.com\/noticiasribeiraopreto.com.br\/wp-content\/uploads\/2025\/11\/1-originario-Foto-Ana-Leopoldino-1-scaled.jpg?fit=1170%2C780&ssl=1&resize=700%2C400 2x, https:\/\/i0.wp.com\/noticiasribeiraopreto.com.br\/wp-content\/uploads\/2025\/11\/1-originario-Foto-Ana-Leopoldino-1-scaled.jpg?fit=1170%2C780&ssl=1&resize=1050%2C600 3x"},"classes":[]}],"jetpack_sharing_enabled":true,"jetpack_shortlink":"https:\/\/wp.me\/peQAOb-jxJ","_links":{"self":[{"href":"https:\/\/noticiasribeiraopreto.com.br\/index.php\/wp-json\/wp\/v2\/posts\/75127","targetHints":{"allow":["GET"]}}],"collection":[{"href":"https:\/\/noticiasribeiraopreto.com.br\/index.php\/wp-json\/wp\/v2\/posts"}],"about":[{"href":"https:\/\/noticiasribeiraopreto.com.br\/index.php\/wp-json\/wp\/v2\/types\/post"}],"author":[{"embeddable":true,"href":"https:\/\/noticiasribeiraopreto.com.br\/index.php\/wp-json\/wp\/v2\/users\/1"}],"replies":[{"embeddable":true,"href":"https:\/\/noticiasribeiraopreto.com.br\/index.php\/wp-json\/wp\/v2\/comments?post=75127"}],"version-history":[{"count":0,"href":"https:\/\/noticiasribeiraopreto.com.br\/index.php\/wp-json\/wp\/v2\/posts\/75127\/revisions"}],"wp:featuredmedia":[{"embeddable":true,"href":"https:\/\/noticiasribeiraopreto.com.br\/index.php\/wp-json\/wp\/v2\/media\/75128"}],"wp:attachment":[{"href":"https:\/\/noticiasribeiraopreto.com.br\/index.php\/wp-json\/wp\/v2\/media?parent=75127"}],"wp:term":[{"taxonomy":"category","embeddable":true,"href":"https:\/\/noticiasribeiraopreto.com.br\/index.php\/wp-json\/wp\/v2\/categories?post=75127"},{"taxonomy":"post_tag","embeddable":true,"href":"https:\/\/noticiasribeiraopreto.com.br\/index.php\/wp-json\/wp\/v2\/tags?post=75127"}],"curies":[{"name":"wp","href":"https:\/\/api.w.org\/{rel}","templated":true}]}}