{"id":75129,"date":"2025-08-04T13:01:51","date_gmt":"2025-08-04T16:01:51","guid":{"rendered":"https:\/\/noticiasribeiraopreto.com.br\/index.php\/2025\/08\/04\/policia-identifica-terceiro-suspeito-de-roubo-de-medicamentos\/"},"modified":"2025-08-04T13:01:51","modified_gmt":"2025-08-04T16:01:51","slug":"policia-identifica-terceiro-suspeito-de-roubo-de-medicamentos","status":"publish","type":"post","link":"https:\/\/noticiasribeiraopreto.com.br\/index.php\/2025\/08\/04\/policia-identifica-terceiro-suspeito-de-roubo-de-medicamentos\/","title":{"rendered":"Pol\u00edcia identifica terceiro suspeito de roubo de medicamentos"},"content":{"rendered":"<div class='code-block code-block-1' style='margin: 8px 0 8px auto; text-align: right; display: block; clear: both;'>\n<p><a href=\"https:\/\/wa.link\/vpicfd\"><img data-recalc-dims=\"1\" class=\"wp-image-4922\" style=\"aspect-ratio: 2.0253164556962027; width: 561px; height: auto;\" src=\"https:\/\/i0.wp.com\/ismaelcolosi.com.br\/wp-content\/uploads\/2023\/11\/grupo-de-empregos-whatsapp-e-facebook-ismael-colosi-vagas.jpg?ssl=1\" alt=\"\" \/><\/a><\/p>\n<!-- \/wp:image -->\n<\/div>\n<p> <br \/>\n<\/p>\n<div id=\"\">\n<h2 class=\"penci-post-subtitle\">Mochila usada no roubo milion\u00e1rio foi localizada durante Opera\u00e7\u00e3o Hip\u00f3crates<\/h2>\n<p>\n\t\t\t\t\t\t\t\t\t<span class=\"entry-meta-item penci-posted-on\"><i class=\"fa fa-clock-o\"\/><time class=\"entry-date published updated\" datetime=\"2025-08-04T12:55:09-03:00\">4 de agosto de 2025 12:55<\/time><\/span><span class=\"entry-meta-item penci-post-countview\"><span class=\"entry-meta-item penci-post-countview penci_post-meta_item\"><i class=\"fa fa-eye\"\/><span class=\"penci-post-countview-number penci-post-countview-p434010\">0<\/span><\/span><\/span>\t\t\t\t\t\t\t\t<\/p>\n<p><!-- .entry-meta --><br \/>\n\t\t\t\t\t\t\t\t<span class=\"penci-social-buttons penci-social-share-footer\"><span class=\"penci-social-share-text\">Compartilhar<\/span><a href=\"#\" class=\"penci-post-like penci_post-meta_item  single-like-button penci-social-item like\" data-post_id=\"434010\" title=\"Like\" data-like=\"Like\" data-unlike=\"Unlike\"><i class=\"fa fa-thumbs-o-up\"\/><span class=\"penci-share-number\">0<\/span><\/a><i class=\"fa fa-facebook\"\/><a class=\"penci-social-item twitter\" target=\"_blank\" rel=\"noopener\" title=\"\" href=\"https:\/\/twitter.com\/intent\/tweet?text=Pol\u00edcia%20identifica%20terceiro%20suspeito%20de%20roubo%20de%20medicamentos%20-%20https:\/\/www.tribunaribeirao.com.br\/policia-identifica-terceiro-suspeito-de-roubo-de-medicamentos\/\"><i class=\"fa fa-twitter\"\/><\/a><i class=\"fa fa-linkedin\"\/><i class=\"fa fa-whatsapp\"\/><i class=\"fa fa-telegram\"\/><i class=\"fa fa-envelope\"\/><\/span>\t\t\t\t\t\t\t<\/div>\n<div>\n<p>Por: Adalberto Luque<\/p>\n<p>A Pol\u00edcia Civil apreendeu, no in\u00edcio da manh\u00e3 desta segunda-feira (4), uma mochila usada no roubo a medicamentos de alto custo do Hospital Estadual de Ribeir\u00e3o Preto (HERP), ocorrido na noite de 27 de junho.<\/p>\n<p>Segundo o delegado Andr\u00e9 Baldochi, que coordenou a Opera\u00e7\u00e3o Hip\u00f3crates, a mochila foi localizada em um dos alvos onde foram cumpridos quatro mandados de busca e apreens\u00e3o. A mochila estava em uma resid\u00eancia no Jardim Marchesi, zona Norte de Ribeir\u00e3o Preto.<\/p>\n<figure id=\"attachment_434014\" aria-describedby=\"caption-attachment-434014\" style=\"width: 960px\" class=\"wp-caption alignnone\"><img data-recalc-dims=\"1\" loading=\"lazy\" alt=\"\" decoding=\"async\" class=\"size-full wp-image-434014 lazyload\" src=\"https:\/\/i0.wp.com\/www.tribunaribeirao.com.br\/wp-content\/uploads\/2025\/08\/04-ago-2025-roubomedicamentos2.jpg?resize=960%2C772&#038;ssl=1\" width=\"960\" height=\"772\" srcset=\"https:\/\/www.tribunaribeirao.com.br\/wp-content\/uploads\/2025\/08\/04-ago-2025-roubomedicamentos2.jpg 960w, https:\/\/www.tribunaribeirao.com.br\/wp-content\/uploads\/2025\/08\/04-ago-2025-roubomedicamentos2-300x241.jpg 300w, https:\/\/www.tribunaribeirao.com.br\/wp-content\/uploads\/2025\/08\/04-ago-2025-roubomedicamentos2-768x618.jpg 768w, https:\/\/www.tribunaribeirao.com.br\/wp-content\/uploads\/2025\/08\/04-ago-2025-roubomedicamentos2-497x400.jpg 497w, https:\/\/www.tribunaribeirao.com.br\/wp-content\/uploads\/2025\/08\/04-ago-2025-roubomedicamentos2-585x470.jpg 585w\" data-sizes=\"(max-width: 960px) 100vw, 960px\" style=\"--smush-placeholder-width: 960px; --smush-placeholder-aspect-ratio: 960\/772;\"\/><figcaption id=\"caption-attachment-434014\" class=\"wp-caption-text\">A\u00e7\u00e3o foi realizada antes do dia clarear (Foto: Pol\u00edcia Civil;Divulga\u00e7\u00e3o)<\/figcaption><\/figure>\n<p>De acordo com o delegado, ela foi relacionada ao roubo dos medicamentos de alto custo \u00e0 farm\u00e1cia do Departamento Regional de Sa\u00fade (DER), que funciona no HERP. Com a confirma\u00e7\u00e3o da mochila, o delegado explicou que identificou um terceiro participante no assalto.<\/p>\n<p>Outros dois j\u00e1 haviam sido identificados na primeira fase da opera\u00e7\u00e3o e um deles foi preso, no dia 8 de julho. O outro j\u00e1 teve mandado de pris\u00e3o expedido e segue foragido.<\/p>\n<p>O delegado explicou que, nas investiga\u00e7\u00f5es, descobriu-se que parte dos medicamentos foram levados para outros estados e uma parte segue no Estado de S\u00e3o Paulo. Ele n\u00e3o adiantou quantidades e locais, para n\u00e3o prejudicar as investiga\u00e7\u00f5es.<\/p>\n<p>O delegado n\u00e3o descarta que o grupo tenha obtido informa\u00e7\u00f5es privilegiadas. Al\u00e9m de funcion\u00e1rios do local, h\u00e1 tamb\u00e9m, segundo Baldochi, motoristas que entregam os produtos no local. Mas ainda n\u00e3o h\u00e1 evid\u00eancias de que isso tenha de fato ocorrido.<\/p>\n<p><strong>Relembre o caso<\/strong><\/p>\n<p>No final da noite de 27 de junho, cinco homens fortemente armados entraram no HERP, na Avenida Independ\u00eancia, Jardim Jo\u00e3o Rossi, zona Sul. Estavam encapuzados e renderam quatro pessoas, exigindo saber onde ficava a c\u00e2mara fria dos equipamentos de alto custo.<\/p>\n<figure id=\"attachment_431999\" aria-describedby=\"caption-attachment-431999\" style=\"width: 1331px\" class=\"wp-caption alignnone\"><img data-recalc-dims=\"1\" loading=\"lazy\" alt=\"\" decoding=\"async\" class=\"size-full wp-image-431999 lazyload\" src=\"https:\/\/i0.wp.com\/www.tribunaribeirao.com.br\/wp-content\/uploads\/2025\/07\/FOTO-00-CHAMADA-DE-CAPA-Foto-Policia-Civil-Divulgacao.jpg?resize=1331%2C900&#038;ssl=1\" width=\"1331\" height=\"900\" srcset=\"https:\/\/www.tribunaribeirao.com.br\/wp-content\/uploads\/2025\/07\/FOTO-00-CHAMADA-DE-CAPA-Foto-Policia-Civil-Divulgacao.jpg 1331w, https:\/\/www.tribunaribeirao.com.br\/wp-content\/uploads\/2025\/07\/FOTO-00-CHAMADA-DE-CAPA-Foto-Policia-Civil-Divulgacao-300x203.jpg 300w, https:\/\/www.tribunaribeirao.com.br\/wp-content\/uploads\/2025\/07\/FOTO-00-CHAMADA-DE-CAPA-Foto-Policia-Civil-Divulgacao-1024x692.jpg 1024w, https:\/\/www.tribunaribeirao.com.br\/wp-content\/uploads\/2025\/07\/FOTO-00-CHAMADA-DE-CAPA-Foto-Policia-Civil-Divulgacao-768x519.jpg 768w, https:\/\/www.tribunaribeirao.com.br\/wp-content\/uploads\/2025\/07\/FOTO-00-CHAMADA-DE-CAPA-Foto-Policia-Civil-Divulgacao-960x649.jpg 960w, https:\/\/www.tribunaribeirao.com.br\/wp-content\/uploads\/2025\/07\/FOTO-00-CHAMADA-DE-CAPA-Foto-Policia-Civil-Divulgacao-592x400.jpg 592w, https:\/\/www.tribunaribeirao.com.br\/wp-content\/uploads\/2025\/07\/FOTO-00-CHAMADA-DE-CAPA-Foto-Policia-Civil-Divulgacao-585x396.jpg 585w\" data-sizes=\"(max-width: 1331px) 100vw, 1331px\" style=\"--smush-placeholder-width: 1331px; --smush-placeholder-aspect-ratio: 1331\/900;\"\/><figcaption id=\"caption-attachment-431999\" class=\"wp-caption-text\">Assalto no HERP: homens armados e encapuzados levaram R$ 2 mi em medicamentos de alto custo do HERP (Foto? Pol\u00edcia Civil\/Divulga\u00e7\u00e3o)<\/figcaption><\/figure>\n<p>De acordo com o Boletim de Ocorr\u00eancia (B.O.), levaram 33 tipos diferentes de medicamentos e causaram preju\u00edzo de R$ 2 milh\u00f5es ao hospital. Os rem\u00e9dios foram transportados em uma Fiorino branca. Os assaltantes tamb\u00e9m levaram o carro de um m\u00e9dico que foi rendido durante a a\u00e7\u00e3o.<\/p>\n<p>O carro foi abandonado e recuperado pouco depois, no Jardim Progresso, zona Oeste. A Secretaria de Sa\u00fade do Estado de S\u00e3o Paulo informou que os medicamentos furtados j\u00e1 foram repostos e nenhum paciente ser\u00e1 prejudicado.<\/p>\n<p>\u00a0<\/p>\n<p>_____<\/p>\n<p>\u00a0<\/p>\n<p>Jornal Tribuna Ribeir\u00e3o<br \/>Um Jornal com a cara de Ribeir\u00e3o!<\/p>\n<p>Impresso | WEB | Redes sociais<br \/>Tribuna Ribeir\u00e3o \u2013 Fone: (16) 3632-2200 \u2013 Whatsapp: (16) 98161-8743<br \/>Av. Bar\u00e3o do Bananal, 880 \u2013 Jardim Anhanguera, Ribeir\u00e3o Preto<\/p>\n<p>@tribunaribeirao<br \/>@meiaderibeirao<br \/>@dinoderibeirao<br \/>#TribunaRibeir\u00e3o<br \/>#News<br \/>#Not\u00edcia<br \/>#Ribeir\u00e3oPreto #Not\u00edciasDeRibeir\u00e3oPreto<br \/>#ClassificadosTribunaRibeir\u00e3o<br \/>#Jornalismo<br \/>#ClassificadosRibeir\u00e3o<\/p>\n<\/div>\n<p><script async src=\"\/\/platform.twitter.com\/widgets.js\" charset=\"utf-8\"><\/script><br \/>\n<br \/><br \/>\n<br \/><a href=\"https:\/\/www.tribunaribeirao.com.br\/policia-identifica-terceiro-suspeito-de-roubo-de-medicamentos\/\">Source link <\/a><\/p>\n<!-- CONTENT END 1 -->\n","protected":false},"excerpt":{"rendered":"<p>Mochila usada no roubo milion\u00e1rio foi localizada durante Opera\u00e7\u00e3o Hip\u00f3crates 4 de agosto de 2025 12:550 Compartilhar0 Por: Adalberto Luque A Pol\u00edcia Civil apreendeu, no&#8230;<\/p>\n","protected":false},"author":1,"featured_media":75130,"comment_status":"open","ping_status":"open","sticky":false,"template":"","format":"standard","meta":{"advanced_seo_description":"","jetpack_seo_html_title":"","jetpack_seo_noindex":false,"jetpack_post_was_ever_published":false,"_jetpack_newsletter_access":"","_jetpack_dont_email_post_to_subs":false,"_jetpack_newsletter_tier_id":0,"_jetpack_memberships_contains_paywalled_content":false,"_jetpack_memberships_contains_paid_content":false,"footnotes":"","jetpack_publicize_message":"","jetpack_publicize_feature_enabled":true,"jetpack_social_post_already_shared":true,"jetpack_social_options":{"image_generator_settings":{"template":"highway","default_image_id":0,"font":"","enabled":false},"version":2}},"categories":[11],"tags":[],"class_list":["post-75129","post","type-post","status-publish","format-standard","has-post-thumbnail","hentry","category-noticias-de-ribeirao-preto-sp-e-regiao-ismael-colosi"],"jetpack_publicize_connections":[],"jetpack_featured_media_url":"https:\/\/i0.wp.com\/noticiasribeiraopreto.com.br\/wp-content\/uploads\/2025\/08\/04-ago-2025-roubomedicamentos1.jpg?fit=822%2C617&ssl=1","jetpack-related-posts":[{"id":75001,"url":"https:\/\/noticiasribeiraopreto.com.br\/index.php\/2025\/08\/01\/roubos-avancam-em-junho-ante-maio\/","url_meta":{"origin":75129,"position":0},"title":"Roubos avan\u00e7am em junho ante maio","author":"noticiasribeiraopreto.com.br","date":"1 de August de 2025","format":false,"excerpt":"A Secretaria de Seguran\u00e7a P\u00fablica do Estado de S\u00e3o Paulo (SSP\/SP) divulgou os resultados das \u201cEstat\u00edsticas da Criminalidade\u201d. Em Ribeir\u00e3o Preto, todos os crimes contra o patrim\u00f4nio registraram queda \u2013 furtos e roubos em geral e furtos e roubos de ve\u00edculos \u2013 no primeiro semestre deste ano em rela\u00e7\u00e3o ao\u2026","rel":"","context":"In &quot;Not\u00edcias de Ribeir\u00e3o Preto-SP e Regi\u00e3o&quot;","block_context":{"text":"Not\u00edcias de Ribeir\u00e3o Preto-SP e Regi\u00e3o","link":"https:\/\/noticiasribeiraopreto.com.br\/index.php\/category\/noticias-de-ribeirao-preto-sp-e-regiao-ismael-colosi\/"},"img":{"alt_text":"","src":"https:\/\/i0.wp.com\/noticiasribeiraopreto.com.br\/wp-content\/uploads\/2025\/08\/CrimeRP-Pixabay-scaled.jpg?fit=1170%2C780&ssl=1&resize=350%2C200","width":350,"height":200,"srcset":"https:\/\/i0.wp.com\/noticiasribeiraopreto.com.br\/wp-content\/uploads\/2025\/08\/CrimeRP-Pixabay-scaled.jpg?fit=1170%2C780&ssl=1&resize=350%2C200 1x, https:\/\/i0.wp.com\/noticiasribeiraopreto.com.br\/wp-content\/uploads\/2025\/08\/CrimeRP-Pixabay-scaled.jpg?fit=1170%2C780&ssl=1&resize=525%2C300 1.5x, https:\/\/i0.wp.com\/noticiasribeiraopreto.com.br\/wp-content\/uploads\/2025\/08\/CrimeRP-Pixabay-scaled.jpg?fit=1170%2C780&ssl=1&resize=700%2C400 2x, https:\/\/i0.wp.com\/noticiasribeiraopreto.com.br\/wp-content\/uploads\/2025\/08\/CrimeRP-Pixabay-scaled.jpg?fit=1170%2C780&ssl=1&resize=1050%2C600 3x"},"classes":[]},{"id":79988,"url":"https:\/\/noticiasribeiraopreto.com.br\/index.php\/2025\/11\/12\/motociclista-acelera-e-evita-roubo-de-moto-em-ribeirao-preto\/","url_meta":{"origin":75129,"position":1},"title":"Motociclista acelera e evita roubo de moto em Ribeir\u00e3o Preto","author":"noticiasribeiraopreto.com.br","date":"12 de November de 2025","format":false,"excerpt":"Um motociclista de 29 anos conseguiu escapar de um roubo na noite desta ter\u00e7a-feira (11), no Parque das Oliveiras, em Ribeir\u00e3o Preto. Segundo o boletim de ocorr\u00eancia (BO), a v\u00edtima havia deixado uma academia e seguia com a moto em baixa velocidade pela rua Dam\u00e1sio Salviano do Nascimento, quando dos\u2026","rel":"","context":"In &quot;Not\u00edcias de Ribeir\u00e3o Preto-SP e Regi\u00e3o&quot;","block_context":{"text":"Not\u00edcias de Ribeir\u00e3o Preto-SP e Regi\u00e3o","link":"https:\/\/noticiasribeiraopreto.com.br\/index.php\/category\/noticias-de-ribeirao-preto-sp-e-regiao-ismael-colosi\/"},"img":{"alt_text":"","src":"https:\/\/i0.wp.com\/noticiasribeiraopreto.com.br\/wp-content\/uploads\/2025\/10\/PM_2025-10-07_13-33-41.webp.webp?fit=1200%2C692&ssl=1&resize=350%2C200","width":350,"height":200,"srcset":"https:\/\/i0.wp.com\/noticiasribeiraopreto.com.br\/wp-content\/uploads\/2025\/10\/PM_2025-10-07_13-33-41.webp.webp?fit=1200%2C692&ssl=1&resize=350%2C200 1x, https:\/\/i0.wp.com\/noticiasribeiraopreto.com.br\/wp-content\/uploads\/2025\/10\/PM_2025-10-07_13-33-41.webp.webp?fit=1200%2C692&ssl=1&resize=525%2C300 1.5x, https:\/\/i0.wp.com\/noticiasribeiraopreto.com.br\/wp-content\/uploads\/2025\/10\/PM_2025-10-07_13-33-41.webp.webp?fit=1200%2C692&ssl=1&resize=700%2C400 2x, https:\/\/i0.wp.com\/noticiasribeiraopreto.com.br\/wp-content\/uploads\/2025\/10\/PM_2025-10-07_13-33-41.webp.webp?fit=1200%2C692&ssl=1&resize=1050%2C600 3x"},"classes":[]},{"id":77758,"url":"https:\/\/noticiasribeiraopreto.com.br\/index.php\/2025\/09\/25\/suspeitos-de-envolvimento-em-roubo-a-predio-de-ribeirao-preto-sao-presos-em-sao-paulo\/","url_meta":{"origin":75129,"position":2},"title":"Suspeitos de envolvimento em roubo a pr\u00e9dio de Ribeir\u00e3o Preto s\u00e3o presos em S\u00e3o Paulo","author":"noticiasribeiraopreto.com.br","date":"25 de September de 2025","format":false,"excerpt":"A pol\u00edcia prendeu seis pessoas suspeitas de participa\u00e7\u00e3o no roubo a um pr\u00e9dio residencial ocorrido nesta quarta-feira (24), na rua Campos Sales, no Centro de Ribeir\u00e3o Preto. Segundo a Pol\u00edcia Civil, um homem e uma mulher foram presos em Ribeir\u00e3o, dois homens em S\u00e3o Paulo e mais dois em Itapecerica\u2026","rel":"","context":"In &quot;Not\u00edcias de Ribeir\u00e3o Preto-SP e Regi\u00e3o&quot;","block_context":{"text":"Not\u00edcias de Ribeir\u00e3o Preto-SP e Regi\u00e3o","link":"https:\/\/noticiasribeiraopreto.com.br\/index.php\/category\/noticias-de-ribeirao-preto-sp-e-regiao-ismael-colosi\/"},"img":{"alt_text":"","src":"https:\/\/i0.wp.com\/noticiasribeiraopreto.com.br\/wp-content\/uploads\/2025\/09\/WhatsApp-Image-2025-09-24-at-12.02.59_2025-09-24_15-05-55.webp.webp?fit=1200%2C635&ssl=1&resize=350%2C200","width":350,"height":200,"srcset":"https:\/\/i0.wp.com\/noticiasribeiraopreto.com.br\/wp-content\/uploads\/2025\/09\/WhatsApp-Image-2025-09-24-at-12.02.59_2025-09-24_15-05-55.webp.webp?fit=1200%2C635&ssl=1&resize=350%2C200 1x, https:\/\/i0.wp.com\/noticiasribeiraopreto.com.br\/wp-content\/uploads\/2025\/09\/WhatsApp-Image-2025-09-24-at-12.02.59_2025-09-24_15-05-55.webp.webp?fit=1200%2C635&ssl=1&resize=525%2C300 1.5x, https:\/\/i0.wp.com\/noticiasribeiraopreto.com.br\/wp-content\/uploads\/2025\/09\/WhatsApp-Image-2025-09-24-at-12.02.59_2025-09-24_15-05-55.webp.webp?fit=1200%2C635&ssl=1&resize=700%2C400 2x, https:\/\/i0.wp.com\/noticiasribeiraopreto.com.br\/wp-content\/uploads\/2025\/09\/WhatsApp-Image-2025-09-24-at-12.02.59_2025-09-24_15-05-55.webp.webp?fit=1200%2C635&ssl=1&resize=1050%2C600 3x"},"classes":[]},{"id":69093,"url":"https:\/\/noticiasribeiraopreto.com.br\/index.php\/2025\/05\/02\/furtos-e-roubos-de-veiculos-crescem-em-rp\/","url_meta":{"origin":75129,"position":3},"title":"Furtos e roubos de ve\u00edculos crescem em RP","author":"noticiasribeiraopreto.com.br","date":"2 de May de 2025","format":false,"excerpt":"A Secretaria de Seguran\u00e7a P\u00fablica do Estado de S\u00e3o Paulo (SSP\/SP) divulgou os resultados das \u201cEstat\u00edsticas da Criminalidade\u201d. Em Ribeir\u00e3o Preto, furtos em geral e roubo de ve\u00edculos cresceram no primeiro trimestre em rela\u00e7\u00e3o ao mesmo per\u00edodo do ano passado. Roubos em geral e furtos de carros, motos e afins\u2026","rel":"","context":"In &quot;Not\u00edcias de Ribeir\u00e3o Preto-SP e Regi\u00e3o&quot;","block_context":{"text":"Not\u00edcias de Ribeir\u00e3o Preto-SP e Regi\u00e3o","link":"https:\/\/noticiasribeiraopreto.com.br\/index.php\/category\/noticias-de-ribeirao-preto-sp-e-regiao-ismael-colosi\/"},"img":{"alt_text":"","src":"https:\/\/i0.wp.com\/noticiasribeiraopreto.com.br\/wp-content\/uploads\/2025\/05\/CrimeRP-Pixabay-2-scaled.jpg?fit=750%2C500&ssl=1&resize=350%2C200","width":350,"height":200,"srcset":"https:\/\/i0.wp.com\/noticiasribeiraopreto.com.br\/wp-content\/uploads\/2025\/05\/CrimeRP-Pixabay-2-scaled.jpg?fit=750%2C500&ssl=1&resize=350%2C200 1x, https:\/\/i0.wp.com\/noticiasribeiraopreto.com.br\/wp-content\/uploads\/2025\/05\/CrimeRP-Pixabay-2-scaled.jpg?fit=750%2C500&ssl=1&resize=525%2C300 1.5x, https:\/\/i0.wp.com\/noticiasribeiraopreto.com.br\/wp-content\/uploads\/2025\/05\/CrimeRP-Pixabay-2-scaled.jpg?fit=750%2C500&ssl=1&resize=700%2C400 2x"},"classes":[]},{"id":84691,"url":"https:\/\/noticiasribeiraopreto.com.br\/index.php\/2026\/04\/14\/suspeito-de-roubos-cai-de-telhado-durante-fuga-e-e-achado-escondido-embaixo-de-cama\/","url_meta":{"origin":75129,"position":4},"title":"Suspeito de roubos cai de telhado durante fuga e \u00e9 achado escondido embaixo de cama","author":"noticiasribeiraopreto.com.br","date":"14 de April de 2026","format":false,"excerpt":"Ler o resumo da not\u00edcia Homem suspeito de roubos foi detido na zona Norte de Ribeir\u00e3o Preto ap\u00f3s fuga por telhados. Um dos roubos teria ocorrido na casa da sogra de um policial militar em mar\u00e7o. Durante a fuga, o telhado cedeu e ele foi encontrado escondido embaixo de uma\u2026","rel":"","context":"In &quot;Not\u00edcias de Ribeir\u00e3o Preto-SP e Regi\u00e3o&quot;","block_context":{"text":"Not\u00edcias de Ribeir\u00e3o Preto-SP e Regi\u00e3o","link":"https:\/\/noticiasribeiraopreto.com.br\/index.php\/category\/noticias-de-ribeirao-preto-sp-e-regiao-ismael-colosi\/"},"img":{"alt_text":"","src":"https:\/\/i0.wp.com\/noticiasribeiraopreto.com.br\/wp-content\/uploads\/2026\/04\/WhatsApp-Image-2026-04-14-at-11.54.01_2026-04-14_15-41-29.webp.webp?fit=1200%2C900&ssl=1&resize=350%2C200","width":350,"height":200,"srcset":"https:\/\/i0.wp.com\/noticiasribeiraopreto.com.br\/wp-content\/uploads\/2026\/04\/WhatsApp-Image-2026-04-14-at-11.54.01_2026-04-14_15-41-29.webp.webp?fit=1200%2C900&ssl=1&resize=350%2C200 1x, https:\/\/i0.wp.com\/noticiasribeiraopreto.com.br\/wp-content\/uploads\/2026\/04\/WhatsApp-Image-2026-04-14-at-11.54.01_2026-04-14_15-41-29.webp.webp?fit=1200%2C900&ssl=1&resize=525%2C300 1.5x, https:\/\/i0.wp.com\/noticiasribeiraopreto.com.br\/wp-content\/uploads\/2026\/04\/WhatsApp-Image-2026-04-14-at-11.54.01_2026-04-14_15-41-29.webp.webp?fit=1200%2C900&ssl=1&resize=700%2C400 2x, https:\/\/i0.wp.com\/noticiasribeiraopreto.com.br\/wp-content\/uploads\/2026\/04\/WhatsApp-Image-2026-04-14-at-11.54.01_2026-04-14_15-41-29.webp.webp?fit=1200%2C900&ssl=1&resize=1050%2C600 3x"},"classes":[]},{"id":73707,"url":"https:\/\/noticiasribeiraopreto.com.br\/index.php\/2025\/07\/08\/video-policia-prende-suspeito-de-roubo-de-medicamentos\/","url_meta":{"origin":75129,"position":5},"title":"V\u00cdDEO &#8211; Pol\u00edcia prende suspeito de roubo de medicamentos","author":"noticiasribeiraopreto.com.br","date":"8 de July de 2025","format":false,"excerpt":"Por: Alfredo Risk e Adalberto Luque A Pol\u00edcia Civil prendeu, na manh\u00e3 desta ter\u00e7a-feira (8), um dos envolvidos no roubo de medicamentos de alto custo do Hospital Estadual de Ribeir\u00e3o Preto (HERP). A pris\u00e3o ocorreu em uma resid\u00eancia no Parque Ribeir\u00e3o Preto, zona Oeste da cidade. Segundo o delegado Andr\u00e9\u2026","rel":"","context":"In &quot;Not\u00edcias de Ribeir\u00e3o Preto-SP e Regi\u00e3o&quot;","block_context":{"text":"Not\u00edcias de Ribeir\u00e3o Preto-SP e Regi\u00e3o","link":"https:\/\/noticiasribeiraopreto.com.br\/index.php\/category\/noticias-de-ribeirao-preto-sp-e-regiao-ismael-colosi\/"},"img":{"alt_text":"","src":"https:\/\/i0.wp.com\/noticiasribeiraopreto.com.br\/wp-content\/uploads\/2025\/07\/08-jul-2025-prisaomedicamentos1.jpg?fit=822%2C805&ssl=1&resize=350%2C200","width":350,"height":200,"srcset":"https:\/\/i0.wp.com\/noticiasribeiraopreto.com.br\/wp-content\/uploads\/2025\/07\/08-jul-2025-prisaomedicamentos1.jpg?fit=822%2C805&ssl=1&resize=350%2C200 1x, https:\/\/i0.wp.com\/noticiasribeiraopreto.com.br\/wp-content\/uploads\/2025\/07\/08-jul-2025-prisaomedicamentos1.jpg?fit=822%2C805&ssl=1&resize=525%2C300 1.5x, https:\/\/i0.wp.com\/noticiasribeiraopreto.com.br\/wp-content\/uploads\/2025\/07\/08-jul-2025-prisaomedicamentos1.jpg?fit=822%2C805&ssl=1&resize=700%2C400 2x"},"classes":[]}],"jetpack_sharing_enabled":true,"jetpack_shortlink":"https:\/\/wp.me\/peQAOb-jxL","_links":{"self":[{"href":"https:\/\/noticiasribeiraopreto.com.br\/index.php\/wp-json\/wp\/v2\/posts\/75129","targetHints":{"allow":["GET"]}}],"collection":[{"href":"https:\/\/noticiasribeiraopreto.com.br\/index.php\/wp-json\/wp\/v2\/posts"}],"about":[{"href":"https:\/\/noticiasribeiraopreto.com.br\/index.php\/wp-json\/wp\/v2\/types\/post"}],"author":[{"embeddable":true,"href":"https:\/\/noticiasribeiraopreto.com.br\/index.php\/wp-json\/wp\/v2\/users\/1"}],"replies":[{"embeddable":true,"href":"https:\/\/noticiasribeiraopreto.com.br\/index.php\/wp-json\/wp\/v2\/comments?post=75129"}],"version-history":[{"count":0,"href":"https:\/\/noticiasribeiraopreto.com.br\/index.php\/wp-json\/wp\/v2\/posts\/75129\/revisions"}],"wp:featuredmedia":[{"embeddable":true,"href":"https:\/\/noticiasribeiraopreto.com.br\/index.php\/wp-json\/wp\/v2\/media\/75130"}],"wp:attachment":[{"href":"https:\/\/noticiasribeiraopreto.com.br\/index.php\/wp-json\/wp\/v2\/media?parent=75129"}],"wp:term":[{"taxonomy":"category","embeddable":true,"href":"https:\/\/noticiasribeiraopreto.com.br\/index.php\/wp-json\/wp\/v2\/categories?post=75129"},{"taxonomy":"post_tag","embeddable":true,"href":"https:\/\/noticiasribeiraopreto.com.br\/index.php\/wp-json\/wp\/v2\/tags?post=75129"}],"curies":[{"name":"wp","href":"https:\/\/api.w.org\/{rel}","templated":true}]}}