{"id":75131,"date":"2025-08-04T13:04:54","date_gmt":"2025-08-04T16:04:54","guid":{"rendered":"https:\/\/noticiasribeiraopreto.com.br\/index.php\/2025\/08\/04\/identificado-terceiro-suspeito-de-envolvimento-em-roubo-milionario-em-ribeirao-preto\/"},"modified":"2025-08-04T13:04:54","modified_gmt":"2025-08-04T16:04:54","slug":"identificado-terceiro-suspeito-de-envolvimento-em-roubo-milionario-em-ribeirao-preto","status":"publish","type":"post","link":"https:\/\/noticiasribeiraopreto.com.br\/index.php\/2025\/08\/04\/identificado-terceiro-suspeito-de-envolvimento-em-roubo-milionario-em-ribeirao-preto\/","title":{"rendered":"Identificado terceiro suspeito de envolvimento em roubo milion\u00e1rio em Ribeir\u00e3o Preto"},"content":{"rendered":"<div class='code-block code-block-1' style='margin: 8px 0 8px auto; text-align: right; display: block; clear: both;'>\n<p><a href=\"https:\/\/wa.link\/vpicfd\"><img data-recalc-dims=\"1\" class=\"wp-image-4922\" style=\"aspect-ratio: 2.0253164556962027; width: 561px; height: auto;\" src=\"https:\/\/i0.wp.com\/ismaelcolosi.com.br\/wp-content\/uploads\/2023\/11\/grupo-de-empregos-whatsapp-e-facebook-ismael-colosi-vagas.jpg?ssl=1\" alt=\"\" \/><\/a><\/p>\n<!-- \/wp:image -->\n<\/div>\n<p> <br \/>\n<\/p>\n<div data-td-block-uid=\"tdi_95\">\n<div class=\"tdb-block-inner td-fix-index\">\n<p>A <strong>Pol\u00edcia Civil de Ribeir\u00e3o Preto<\/strong> identificou o terceiro suspeito de envolvimento no roubo milion\u00e1rio na <strong>Farm\u00e1cia de Medicamentos Especializados<\/strong>, no \u00faltimo m\u00eas de junho. Nesta segunda-feira (4), foram cumpridos quatro mandados de busca e apreens\u00e3o.<\/p>\n<p>Em um dos endere\u00e7os, no Jardim Marchesi, <mark style=\"background-color:#fcb900\" class=\"has-inline-color has-black-color\">a pol\u00edcia encontrou uma mochila que teria sido utilizada por um dos ladr\u00f5es. <\/mark> O nome do suspeito n\u00e3o foi revelado.<\/p>\n<p>Na primeira fase das investiga\u00e7\u00f5es, dois suspeitos foram identificados, um deles sendo preso temporariamente, al\u00e9m do cumprimento de mandados de busca e apreens\u00e3o domiciliar.<\/p>\n<p>Os medicamentos de alto custo roubados custam R$ 1.972.358,11. \u201cParte desse medicamento foi para fora do estado\u201d, disse o delegado Andr\u00e9 Baldochi, respons\u00e1vel pelas investiga\u00e7\u00f5es, \u00e0 <strong>EPTV<\/strong>.<\/p>\n<h2 class=\"wp-block-heading\"><strong>O crime<\/strong><\/h2>\n<p>O roubo milion\u00e1rio de medicamentos de alto custo aconteceu no dia 27 de junho, na Farm\u00e1cia de Medicamentos Especializados, ao lado do Hospital Estadual de Ribeir\u00e3o Preto. Ao menos, cinco criminosos participaram do roubo.<\/p>\n<p>Uma testemunha disse a r\u00e1dio<strong> CBN Ribeir\u00e3o<\/strong> que os criminosos estariam armados e que quatro pessoas foram rendidas.<\/p>\n<p>SAIBA MAIS<br \/>RP Mobi come\u00e7a fiscaliza\u00e7\u00e3o das novas vagas de \u00c1rea Azul no Centro; Veja onde<\/p>\n<h2 class=\"wp-block-heading\"><strong>FIQUE ON<\/strong><\/h2>\n<p>Fique ligado em tudo que acontece em Ribeir\u00e3o Preto e regi\u00e3o. Siga os perfis do\u00a0<strong>acidade on<\/strong>\u00a0no\u00a0<a href=\"https:\/\/www.instagram.com\/acidadeonribeirao\" target=\"_blank\" rel=\"noreferrer noopener\">Instagram<\/a>\u00a0e no\u00a0<a href=\"https:\/\/www.facebook.com\/acidadeonribeirao\/\" target=\"_blank\" rel=\"noreferrer noopener\">Facebook<\/a>.<\/p>\n<p>Receba not\u00edcias do\u00a0<strong>acidade on<\/strong>\u00a0no WhatsApp.\u00a0<a href=\"https:\/\/chat.whatsapp.com\/BjKQZ9oJwlz8VVT50NuePq\" target=\"_blank\" rel=\"noreferrer noopener\">Para entrar no grupo, basta clicar aqui.<\/a><\/p>\n<p>Fa\u00e7a uma den\u00fancia ou sugira uma reportagem sobre Ribeir\u00e3o Preto e regi\u00e3o pelo WhatsApp: 16 99117 7802.<\/p>\n<p>VEJA TAMB\u00c9M<br \/>Por que agosto \u00e9 chamado de \u2018m\u00eas do desgosto\u2019 ou \u2018do cachorro louco\u2019?<\/p>\n<p><!-- AI CONTENT END 1 -->\n<\/div>\n<\/div>\n<p><script async src=\"\/\/www.instagram.com\/embed.js\"><\/script><br \/>\n<br \/><br \/>\n<br \/><a href=\"https:\/\/www.acidadeon.com\/ribeiraopreto\/cotidiano\/identificado-terceiro-suspeito-de-envolvimento-em-roubo-milionario-em-ribeirao-preto\/\">Source link <\/a><\/p>\n<!-- CONTENT END 1 -->\n","protected":false},"excerpt":{"rendered":"<p>A Pol\u00edcia Civil de Ribeir\u00e3o Preto identificou o terceiro suspeito de envolvimento no roubo milion\u00e1rio na Farm\u00e1cia de Medicamentos Especializados, no \u00faltimo m\u00eas de junho&#8230;.<\/p>\n","protected":false},"author":1,"featured_media":75132,"comment_status":"open","ping_status":"open","sticky":false,"template":"","format":"standard","meta":{"advanced_seo_description":"","jetpack_seo_html_title":"","jetpack_seo_noindex":false,"jetpack_post_was_ever_published":false,"_jetpack_newsletter_access":"","_jetpack_dont_email_post_to_subs":false,"_jetpack_newsletter_tier_id":0,"_jetpack_memberships_contains_paywalled_content":false,"_jetpack_memberships_contains_paid_content":false,"footnotes":"","jetpack_publicize_message":"","jetpack_publicize_feature_enabled":true,"jetpack_social_post_already_shared":true,"jetpack_social_options":{"image_generator_settings":{"template":"highway","default_image_id":0,"font":"","enabled":false},"version":2}},"categories":[11],"tags":[],"class_list":["post-75131","post","type-post","status-publish","format-standard","has-post-thumbnail","hentry","category-noticias-de-ribeirao-preto-sp-e-regiao-ismael-colosi"],"jetpack_publicize_connections":[],"jetpack_featured_media_url":"https:\/\/i0.wp.com\/noticiasribeiraopreto.com.br\/wp-content\/uploads\/2025\/08\/mochila_2025-08-04_15-28-36.webp.webp?fit=1200%2C674&ssl=1","jetpack-related-posts":[{"id":75129,"url":"https:\/\/noticiasribeiraopreto.com.br\/index.php\/2025\/08\/04\/policia-identifica-terceiro-suspeito-de-roubo-de-medicamentos\/","url_meta":{"origin":75131,"position":0},"title":"Pol\u00edcia identifica terceiro suspeito de roubo de medicamentos","author":"noticiasribeiraopreto.com.br","date":"4 de August de 2025","format":false,"excerpt":"Mochila usada no roubo milion\u00e1rio foi localizada durante Opera\u00e7\u00e3o Hip\u00f3crates 4 de agosto de 2025 12:550 Compartilhar0 Por: Adalberto Luque A Pol\u00edcia Civil apreendeu, no in\u00edcio da manh\u00e3 desta segunda-feira (4), uma mochila usada no roubo a medicamentos de alto custo do Hospital Estadual de Ribeir\u00e3o Preto (HERP), ocorrido na\u2026","rel":"","context":"In &quot;Not\u00edcias de Ribeir\u00e3o Preto-SP e Regi\u00e3o&quot;","block_context":{"text":"Not\u00edcias de Ribeir\u00e3o Preto-SP e Regi\u00e3o","link":"https:\/\/noticiasribeiraopreto.com.br\/index.php\/category\/noticias-de-ribeirao-preto-sp-e-regiao-ismael-colosi\/"},"img":{"alt_text":"","src":"https:\/\/i0.wp.com\/noticiasribeiraopreto.com.br\/wp-content\/uploads\/2025\/08\/04-ago-2025-roubomedicamentos1.jpg?fit=822%2C617&ssl=1&resize=350%2C200","width":350,"height":200,"srcset":"https:\/\/i0.wp.com\/noticiasribeiraopreto.com.br\/wp-content\/uploads\/2025\/08\/04-ago-2025-roubomedicamentos1.jpg?fit=822%2C617&ssl=1&resize=350%2C200 1x, https:\/\/i0.wp.com\/noticiasribeiraopreto.com.br\/wp-content\/uploads\/2025\/08\/04-ago-2025-roubomedicamentos1.jpg?fit=822%2C617&ssl=1&resize=525%2C300 1.5x, https:\/\/i0.wp.com\/noticiasribeiraopreto.com.br\/wp-content\/uploads\/2025\/08\/04-ago-2025-roubomedicamentos1.jpg?fit=822%2C617&ssl=1&resize=700%2C400 2x"},"classes":[]},{"id":73707,"url":"https:\/\/noticiasribeiraopreto.com.br\/index.php\/2025\/07\/08\/video-policia-prende-suspeito-de-roubo-de-medicamentos\/","url_meta":{"origin":75131,"position":1},"title":"V\u00cdDEO &#8211; Pol\u00edcia prende suspeito de roubo de medicamentos","author":"noticiasribeiraopreto.com.br","date":"8 de July de 2025","format":false,"excerpt":"Por: Alfredo Risk e Adalberto Luque A Pol\u00edcia Civil prendeu, na manh\u00e3 desta ter\u00e7a-feira (8), um dos envolvidos no roubo de medicamentos de alto custo do Hospital Estadual de Ribeir\u00e3o Preto (HERP). A pris\u00e3o ocorreu em uma resid\u00eancia no Parque Ribeir\u00e3o Preto, zona Oeste da cidade. Segundo o delegado Andr\u00e9\u2026","rel":"","context":"In &quot;Not\u00edcias de Ribeir\u00e3o Preto-SP e Regi\u00e3o&quot;","block_context":{"text":"Not\u00edcias de Ribeir\u00e3o Preto-SP e Regi\u00e3o","link":"https:\/\/noticiasribeiraopreto.com.br\/index.php\/category\/noticias-de-ribeirao-preto-sp-e-regiao-ismael-colosi\/"},"img":{"alt_text":"","src":"https:\/\/i0.wp.com\/noticiasribeiraopreto.com.br\/wp-content\/uploads\/2025\/07\/08-jul-2025-prisaomedicamentos1.jpg?fit=822%2C805&ssl=1&resize=350%2C200","width":350,"height":200,"srcset":"https:\/\/i0.wp.com\/noticiasribeiraopreto.com.br\/wp-content\/uploads\/2025\/07\/08-jul-2025-prisaomedicamentos1.jpg?fit=822%2C805&ssl=1&resize=350%2C200 1x, https:\/\/i0.wp.com\/noticiasribeiraopreto.com.br\/wp-content\/uploads\/2025\/07\/08-jul-2025-prisaomedicamentos1.jpg?fit=822%2C805&ssl=1&resize=525%2C300 1.5x, https:\/\/i0.wp.com\/noticiasribeiraopreto.com.br\/wp-content\/uploads\/2025\/07\/08-jul-2025-prisaomedicamentos1.jpg?fit=822%2C805&ssl=1&resize=700%2C400 2x"},"classes":[]},{"id":73701,"url":"https:\/\/noticiasribeiraopreto.com.br\/index.php\/2025\/07\/08\/policia-prende-suspeito-de-roubo-milionario-de-medicamentos-em-ribeirao-preto\/","url_meta":{"origin":75131,"position":2},"title":"Pol\u00edcia prende suspeito de roubo milion\u00e1rio de medicamentos em Ribeir\u00e3o Preto","author":"noticiasribeiraopreto.com.br","date":"8 de July de 2025","format":false,"excerpt":"A Pol\u00edcia Civil prendeu nesta ter\u00e7a-feira (8) um suspeito do roubo milion\u00e1rio de medicamentos em Ribeir\u00e3o Preto. O furg\u00e3o que teria sido utilizado para transportar os rem\u00e9dios de alto custo foi apreendido. Assista ao v\u00eddeo abaixo. O roubo ocorreu na noite de 27 de junho, na FME (Farm\u00e1cia de Medicamentos\u2026","rel":"","context":"In &quot;Not\u00edcias de Ribeir\u00e3o Preto-SP e Regi\u00e3o&quot;","block_context":{"text":"Not\u00edcias de Ribeir\u00e3o Preto-SP e Regi\u00e3o","link":"https:\/\/noticiasribeiraopreto.com.br\/index.php\/category\/noticias-de-ribeirao-preto-sp-e-regiao-ismael-colosi\/"},"img":{"alt_text":"","src":"https:\/\/i0.wp.com\/noticiasribeiraopreto.com.br\/wp-content\/uploads\/2025\/07\/WhatsApp-Image-2025-07-08-at-08.45.51_2025-07-08_11-46-14.webp.webp?fit=564%2C369&ssl=1&resize=350%2C200","width":350,"height":200,"srcset":"https:\/\/i0.wp.com\/noticiasribeiraopreto.com.br\/wp-content\/uploads\/2025\/07\/WhatsApp-Image-2025-07-08-at-08.45.51_2025-07-08_11-46-14.webp.webp?fit=564%2C369&ssl=1&resize=350%2C200 1x, https:\/\/i0.wp.com\/noticiasribeiraopreto.com.br\/wp-content\/uploads\/2025\/07\/WhatsApp-Image-2025-07-08-at-08.45.51_2025-07-08_11-46-14.webp.webp?fit=564%2C369&ssl=1&resize=525%2C300 1.5x"},"classes":[]},{"id":62873,"url":"https:\/\/noticiasribeiraopreto.com.br\/index.php\/2025\/01\/27\/homem-e-preso-pela-suspeita-de-envolvimento-em-roubo-milionario-de-pedras-de-boi-na-regiao-de-ribeirao\/","url_meta":{"origin":75131,"position":3},"title":"Homem \u00e9 preso pela suspeita de envolvimento em roubo milion\u00e1rio de pedras de boi na regi\u00e3o de Ribeir\u00e3o","author":"noticiasribeiraopreto.com.br","date":"27 de January de 2025","format":false,"excerpt":"Uma opera\u00e7\u00e3o da Pol\u00edcia Civil de Barretos, cidade a 120 quil\u00f4metros de Ribeir\u00e3o Preto, prendeu um homem de 50 anos suspeito de participar de um roubo de pedras de boi avaliadas em R$ 2 milh\u00f5es. O crime aconteceu na rodovia Brigadeiro Faria Lima (SP-326), em setembro de 2023. Na ocasi\u00e3o,\u2026","rel":"","context":"In &quot;Not\u00edcias de Ribeir\u00e3o Preto-SP e Regi\u00e3o&quot;","block_context":{"text":"Not\u00edcias de Ribeir\u00e3o Preto-SP e Regi\u00e3o","link":"https:\/\/noticiasribeiraopreto.com.br\/index.php\/category\/noticias-de-ribeirao-preto-sp-e-regiao-ismael-colosi\/"},"img":{"alt_text":"","src":"https:\/\/i0.wp.com\/noticiasribeiraopreto.com.br\/wp-content\/uploads\/2024\/09\/pedra-de-boi_2024-09-09_19-51-03_png_2024-09-09_19-51-03.webp.webp?fit=1191%2C666&ssl=1&resize=350%2C200","width":350,"height":200,"srcset":"https:\/\/i0.wp.com\/noticiasribeiraopreto.com.br\/wp-content\/uploads\/2024\/09\/pedra-de-boi_2024-09-09_19-51-03_png_2024-09-09_19-51-03.webp.webp?fit=1191%2C666&ssl=1&resize=350%2C200 1x, https:\/\/i0.wp.com\/noticiasribeiraopreto.com.br\/wp-content\/uploads\/2024\/09\/pedra-de-boi_2024-09-09_19-51-03_png_2024-09-09_19-51-03.webp.webp?fit=1191%2C666&ssl=1&resize=525%2C300 1.5x, https:\/\/i0.wp.com\/noticiasribeiraopreto.com.br\/wp-content\/uploads\/2024\/09\/pedra-de-boi_2024-09-09_19-51-03_png_2024-09-09_19-51-03.webp.webp?fit=1191%2C666&ssl=1&resize=700%2C400 2x, https:\/\/i0.wp.com\/noticiasribeiraopreto.com.br\/wp-content\/uploads\/2024\/09\/pedra-de-boi_2024-09-09_19-51-03_png_2024-09-09_19-51-03.webp.webp?fit=1191%2C666&ssl=1&resize=1050%2C600 3x"},"classes":[]},{"id":73725,"url":"https:\/\/noticiasribeiraopreto.com.br\/index.php\/2025\/07\/08\/policia-acredita-que-medicamentos-de-alto-custo-roubados-nao-estejam-mais-em-ribeirao-preto\/","url_meta":{"origin":75131,"position":4},"title":"Pol\u00edcia acredita que medicamentos de alto custo roubados n\u00e3o estejam mais em Ribeir\u00e3o Preto","author":"noticiasribeiraopreto.com.br","date":"8 de July de 2025","format":false,"excerpt":"O delegado Andr\u00e9 Baldochi, respons\u00e1vel pela investiga\u00e7\u00e3o do roubo de quase R$ 2 milh\u00f5es em medicamentos, disse acreditar que os rem\u00e9dios de alto custo levados da farm\u00e1cia do DRS (Departamento Regional de Sa\u00fade) de Ribeir\u00e3o Preto, n\u00e3o estejam mais na cidade. Um homem de 39 anos, identificado como Alex Roberto\u2026","rel":"","context":"In &quot;Not\u00edcias de Ribeir\u00e3o Preto-SP e Regi\u00e3o&quot;","block_context":{"text":"Not\u00edcias de Ribeir\u00e3o Preto-SP e Regi\u00e3o","link":"https:\/\/noticiasribeiraopreto.com.br\/index.php\/category\/noticias-de-ribeirao-preto-sp-e-regiao-ismael-colosi\/"},"img":{"alt_text":"","src":"https:\/\/i0.wp.com\/noticiasribeiraopreto.com.br\/wp-content\/uploads\/2025\/07\/WhatsApp-Image-2025-07-08-at-12.57.29_2025-07-08_16-00-35.webp.webp?fit=1200%2C675&ssl=1&resize=350%2C200","width":350,"height":200,"srcset":"https:\/\/i0.wp.com\/noticiasribeiraopreto.com.br\/wp-content\/uploads\/2025\/07\/WhatsApp-Image-2025-07-08-at-12.57.29_2025-07-08_16-00-35.webp.webp?fit=1200%2C675&ssl=1&resize=350%2C200 1x, https:\/\/i0.wp.com\/noticiasribeiraopreto.com.br\/wp-content\/uploads\/2025\/07\/WhatsApp-Image-2025-07-08-at-12.57.29_2025-07-08_16-00-35.webp.webp?fit=1200%2C675&ssl=1&resize=525%2C300 1.5x, https:\/\/i0.wp.com\/noticiasribeiraopreto.com.br\/wp-content\/uploads\/2025\/07\/WhatsApp-Image-2025-07-08-at-12.57.29_2025-07-08_16-00-35.webp.webp?fit=1200%2C675&ssl=1&resize=700%2C400 2x, https:\/\/i0.wp.com\/noticiasribeiraopreto.com.br\/wp-content\/uploads\/2025\/07\/WhatsApp-Image-2025-07-08-at-12.57.29_2025-07-08_16-00-35.webp.webp?fit=1200%2C675&ssl=1&resize=1050%2C600 3x"},"classes":[]},{"id":61564,"url":"https:\/\/noticiasribeiraopreto.com.br\/index.php\/2024\/12\/16\/megaoperacao-contra-roubo-a-carros-fortes-em-sp-prisoes-suspeito-morto-e-apreensao-milionaria\/","url_meta":{"origin":75131,"position":5},"title":"Megaopera\u00e7\u00e3o contra roubo a carros-fortes em SP: pris\u00f5es, suspeito morto e apreens\u00e3o milion\u00e1ria","author":"noticiasribeiraopreto.com.br","date":"16 de December de 2024","format":false,"excerpt":"Uma opera\u00e7\u00e3o de grande escala foi realizada nesta segunda-feira (16) para desarticular uma quadrilha suspeita de cometer roubos a carros-fortes em v\u00e1rias regi\u00f5es do estado de S\u00e3o Paulo. Coordenada pela Pol\u00edcia Civil, a a\u00e7\u00e3o contou com o apoio de diversas for\u00e7as policiais e resultou em um balan\u00e7o significativo: 10 pessoas\u2026","rel":"","context":"In &quot;Not\u00edcias de Ribeir\u00e3o Preto-SP e Regi\u00e3o&quot;","block_context":{"text":"Not\u00edcias de Ribeir\u00e3o Preto-SP e Regi\u00e3o","link":"https:\/\/noticiasribeiraopreto.com.br\/index.php\/category\/noticias-de-ribeirao-preto-sp-e-regiao-ismael-colosi\/"},"img":{"alt_text":"","src":"https:\/\/i0.wp.com\/noticiasribeiraopreto.com.br\/wp-content\/uploads\/2024\/12\/Captura-de-tela-2024-12-16-150335-e1734372598135.png?fit=1200%2C672&ssl=1&resize=350%2C200","width":350,"height":200,"srcset":"https:\/\/i0.wp.com\/noticiasribeiraopreto.com.br\/wp-content\/uploads\/2024\/12\/Captura-de-tela-2024-12-16-150335-e1734372598135.png?fit=1200%2C672&ssl=1&resize=350%2C200 1x, https:\/\/i0.wp.com\/noticiasribeiraopreto.com.br\/wp-content\/uploads\/2024\/12\/Captura-de-tela-2024-12-16-150335-e1734372598135.png?fit=1200%2C672&ssl=1&resize=525%2C300 1.5x, https:\/\/i0.wp.com\/noticiasribeiraopreto.com.br\/wp-content\/uploads\/2024\/12\/Captura-de-tela-2024-12-16-150335-e1734372598135.png?fit=1200%2C672&ssl=1&resize=700%2C400 2x, https:\/\/i0.wp.com\/noticiasribeiraopreto.com.br\/wp-content\/uploads\/2024\/12\/Captura-de-tela-2024-12-16-150335-e1734372598135.png?fit=1200%2C672&ssl=1&resize=1050%2C600 3x"},"classes":[]}],"jetpack_sharing_enabled":true,"jetpack_shortlink":"https:\/\/wp.me\/peQAOb-jxN","_links":{"self":[{"href":"https:\/\/noticiasribeiraopreto.com.br\/index.php\/wp-json\/wp\/v2\/posts\/75131","targetHints":{"allow":["GET"]}}],"collection":[{"href":"https:\/\/noticiasribeiraopreto.com.br\/index.php\/wp-json\/wp\/v2\/posts"}],"about":[{"href":"https:\/\/noticiasribeiraopreto.com.br\/index.php\/wp-json\/wp\/v2\/types\/post"}],"author":[{"embeddable":true,"href":"https:\/\/noticiasribeiraopreto.com.br\/index.php\/wp-json\/wp\/v2\/users\/1"}],"replies":[{"embeddable":true,"href":"https:\/\/noticiasribeiraopreto.com.br\/index.php\/wp-json\/wp\/v2\/comments?post=75131"}],"version-history":[{"count":0,"href":"https:\/\/noticiasribeiraopreto.com.br\/index.php\/wp-json\/wp\/v2\/posts\/75131\/revisions"}],"wp:featuredmedia":[{"embeddable":true,"href":"https:\/\/noticiasribeiraopreto.com.br\/index.php\/wp-json\/wp\/v2\/media\/75132"}],"wp:attachment":[{"href":"https:\/\/noticiasribeiraopreto.com.br\/index.php\/wp-json\/wp\/v2\/media?parent=75131"}],"wp:term":[{"taxonomy":"category","embeddable":true,"href":"https:\/\/noticiasribeiraopreto.com.br\/index.php\/wp-json\/wp\/v2\/categories?post=75131"},{"taxonomy":"post_tag","embeddable":true,"href":"https:\/\/noticiasribeiraopreto.com.br\/index.php\/wp-json\/wp\/v2\/tags?post=75131"}],"curies":[{"name":"wp","href":"https:\/\/api.w.org\/{rel}","templated":true}]}}