{"id":75133,"date":"2025-08-04T13:13:28","date_gmt":"2025-08-04T16:13:28","guid":{"rendered":"https:\/\/noticiasribeiraopreto.com.br\/index.php\/2025\/08\/04\/mutirao-oferece-300-oportunidades-de-trabalho-em-ribeirao-preto-veja-como-participar\/"},"modified":"2025-08-04T13:13:28","modified_gmt":"2025-08-04T16:13:28","slug":"mutirao-oferece-300-oportunidades-de-trabalho-em-ribeirao-preto-veja-como-participar","status":"publish","type":"post","link":"https:\/\/noticiasribeiraopreto.com.br\/index.php\/2025\/08\/04\/mutirao-oferece-300-oportunidades-de-trabalho-em-ribeirao-preto-veja-como-participar\/","title":{"rendered":"Mutir\u00e3o oferece 300 oportunidades de trabalho em Ribeir\u00e3o Preto; Veja como participar"},"content":{"rendered":"<div class='code-block code-block-1' style='margin: 8px 0 8px auto; text-align: right; display: block; clear: both;'>\n<p><a href=\"https:\/\/wa.link\/vpicfd\"><img data-recalc-dims=\"1\" class=\"wp-image-4922\" style=\"aspect-ratio: 2.0253164556962027; width: 561px; height: auto;\" src=\"https:\/\/i0.wp.com\/ismaelcolosi.com.br\/wp-content\/uploads\/2023\/11\/grupo-de-empregos-whatsapp-e-facebook-ismael-colosi-vagas.jpg?ssl=1\" alt=\"\" \/><\/a><\/p>\n<!-- \/wp:image -->\n<\/div>\n<p> <br \/>\n<\/p>\n<div data-td-block-uid=\"tdi_95\">\n<div class=\"tdb-block-inner td-fix-index\">\n<p><strong>Ribeir\u00e3o Preto recebe, nos dias 7 e 8 de agosto, na Etec (Escola T\u00e9cnica Estadual), um mini mutir\u00e3o com 300 oportunidades de trabalho, entre empregos formais, est\u00e1gios e vagas para jovens aprendizes.<\/strong>\u00a0A\u00a0<strong>a\u00e7\u00e3o\u00a0<\/strong>faz parte da\u00a0<strong>Programa Emprega Mais Ribeir\u00e3o<\/strong>.<\/p>\n<h2 class=\"wp-block-heading\"><strong>Como participar?<\/strong><\/h2>\n<p>Os interessados devem comparecer das 10h \u00e0s 13h, na rua Tamandar\u00e9, 520, no bairro Campos El\u00edseos, com documento de identidade com foto e curr\u00edculos impressos para participar dos processos seletivos no local. O hor\u00e1rio \u00e9 o mesmo nos dois dias.<\/p>\n<h3 class=\"wp-block-heading\"><strong>Servi\u00e7o<\/strong><strong\/><\/h3>\n<p><em>Mini Mutir\u00e3o de emprego \u2013 Programa Emprega Mais Ribeir\u00e3o<\/em><\/p>\n<p><strong>Quando:<\/strong>\u00a07 e 8 de agosto de 2025<br \/><strong>Hor\u00e1rio:<\/strong>\u00a010h \u00e0s 13h<br \/><strong>Onde:<\/strong>\u00a0Etec Ribeir\u00e3o Preto, na rua Tamandar\u00e9, 520, bairro Campos El\u00edseos<br \/><strong>O que levar:<\/strong>\u00a0RG e curr\u00edculos impressos<br \/><strong>Informa\u00e7\u00f5es:<\/strong> (16) 99126-8411<br \/>A\u00e7\u00e3o gratuita<\/p>\n<p>SAIBA MAIS<\/p>\n<p>TJ-SP abre concurso p\u00fablico com sal\u00e1rios de R$ 6,3 mil; Veja como participar<\/p>\n<h4 class=\"wp-block-heading\"><strong>FIQUE ON<\/strong><\/h4>\n<p>Fique ligado em tudo que acontece em Ribeir\u00e3o Preto e regi\u00e3o. Siga os perfis do\u00a0<strong>acidade on\u00a0<\/strong>no<a href=\"https:\/\/www.instagram.com\/acidadeonribeirao\" target=\"_blank\" rel=\"noreferrer noopener\">\u00a0Instagram<\/a>\u00a0e no\u00a0<a href=\"https:\/\/www.facebook.com\/acidadeonribeirao\/\" target=\"_blank\" rel=\"noreferrer noopener\">Facebook<\/a>.<\/p>\n<p>Receba not\u00edcias do\u00a0<strong>acidade on<\/strong>\u00a0no WhatsApp.<a href=\"https:\/\/chat.whatsapp.com\/BjKQZ9oJwlz8VVT50NuePq\" target=\"_blank\" rel=\"noreferrer noopener\">\u00a0Para entrar no grupo, basta clicar aqui.<\/a><\/p>\n<p>Fa\u00e7a uma den\u00fancia ou sugira uma reportagem sobre Ribeir\u00e3o Preto e regi\u00e3o pelo WhatsApp: 16 99117 7802.<\/p>\n<p>VEJA TAMB\u00c9M<\/p>\n<p>Por que agosto \u00e9 chamado de \u2018m\u00eas do desgosto\u2019 ou \u2018do cachorro louco\u2019?<\/p>\n<p><!-- AI CONTENT END 1 -->\n<\/div>\n<\/div>\n<p><script async src=\"\/\/www.instagram.com\/embed.js\"><\/script><br \/>\n<br \/><br \/>\n<br \/><a href=\"https:\/\/www.acidadeon.com\/ribeiraopreto\/economia\/mutirao-oferece-300-oportunidades-de-trabalho-em-ribeirao-preto-veja-como-participar\/\">Source link <\/a><\/p>\n<!-- CONTENT END 1 -->\n","protected":false},"excerpt":{"rendered":"<p>Ribeir\u00e3o Preto recebe, nos dias 7 e 8 de agosto, na Etec (Escola T\u00e9cnica Estadual), um mini mutir\u00e3o com 300 oportunidades de trabalho, entre empregos&#8230;<\/p>\n","protected":false},"author":1,"featured_media":75134,"comment_status":"open","ping_status":"open","sticky":false,"template":"","format":"standard","meta":{"advanced_seo_description":"","jetpack_seo_html_title":"","jetpack_seo_noindex":false,"jetpack_post_was_ever_published":false,"_jetpack_newsletter_access":"","_jetpack_dont_email_post_to_subs":false,"_jetpack_newsletter_tier_id":0,"_jetpack_memberships_contains_paywalled_content":false,"_jetpack_memberships_contains_paid_content":false,"footnotes":"","jetpack_publicize_message":"","jetpack_publicize_feature_enabled":true,"jetpack_social_post_already_shared":true,"jetpack_social_options":{"image_generator_settings":{"template":"highway","default_image_id":0,"font":"","enabled":false},"version":2}},"categories":[11],"tags":[],"class_list":["post-75133","post","type-post","status-publish","format-standard","has-post-thumbnail","hentry","category-noticias-de-ribeirao-preto-sp-e-regiao-ismael-colosi"],"jetpack_publicize_connections":[],"jetpack_featured_media_url":"https:\/\/i0.wp.com\/noticiasribeiraopreto.com.br\/wp-content\/uploads\/2025\/08\/WhatsApp-Image-2023-10-16-at-14.04.45.jpeg?fit=1536%2C1022&ssl=1","jetpack-related-posts":[{"id":77332,"url":"https:\/\/noticiasribeiraopreto.com.br\/index.php\/2025\/09\/16\/ribeirao-preto-tem-mutirao-de-emprego-com-mil-vagas-veja-como-participar\/","url_meta":{"origin":75133,"position":0},"title":"Ribeir\u00e3o Preto tem mutir\u00e3o de emprego com mil vagas; Veja como participar","author":"noticiasribeiraopreto.com.br","date":"16 de September de 2025","format":false,"excerpt":"Ribeir\u00e3o Preto recebe um mutir\u00e3o de emprego com aproximadamente mil vagas dispon\u00edveis no pr\u00f3ximo s\u00e1bado (20), das 9h \u00e0s 14h, na rua Tamandar\u00e9, 163, no bairro Campos El\u00edseos, zona Norte.\u00a0 As\u00a0oportunidades\u00a0s\u00e3o especialmente no\u00a0com\u00e9rcio varejista, com destaque para\u00a0supermercados, e no\u00a0setor\u00a0de\u00a0servi\u00e7os. Como participar? Os candidatos interessados nas vagas dispon\u00edveis dever\u00e3o levar o\u2026","rel":"","context":"In &quot;Not\u00edcias de Ribeir\u00e3o Preto-SP e Regi\u00e3o&quot;","block_context":{"text":"Not\u00edcias de Ribeir\u00e3o Preto-SP e Regi\u00e3o","link":"https:\/\/noticiasribeiraopreto.com.br\/index.php\/category\/noticias-de-ribeirao-preto-sp-e-regiao-ismael-colosi\/"},"img":{"alt_text":"","src":"https:\/\/i0.wp.com\/noticiasribeiraopreto.com.br\/wp-content\/uploads\/2025\/09\/emprego.webp.webp?fit=1170%2C700&ssl=1&resize=350%2C200","width":350,"height":200,"srcset":"https:\/\/i0.wp.com\/noticiasribeiraopreto.com.br\/wp-content\/uploads\/2025\/09\/emprego.webp.webp?fit=1170%2C700&ssl=1&resize=350%2C200 1x, https:\/\/i0.wp.com\/noticiasribeiraopreto.com.br\/wp-content\/uploads\/2025\/09\/emprego.webp.webp?fit=1170%2C700&ssl=1&resize=525%2C300 1.5x, https:\/\/i0.wp.com\/noticiasribeiraopreto.com.br\/wp-content\/uploads\/2025\/09\/emprego.webp.webp?fit=1170%2C700&ssl=1&resize=700%2C400 2x, https:\/\/i0.wp.com\/noticiasribeiraopreto.com.br\/wp-content\/uploads\/2025\/09\/emprego.webp.webp?fit=1170%2C700&ssl=1&resize=1050%2C600 3x"},"classes":[]},{"id":77358,"url":"https:\/\/noticiasribeiraopreto.com.br\/index.php\/2025\/09\/16\/ribeirao-preto-tem-mutirao-de-emprego-com-mil-vagas-veja-como-participar-2\/","url_meta":{"origin":75133,"position":1},"title":"Ribeir\u00e3o Preto tem mutir\u00e3o de emprego com mil vagas; Veja como participar","author":"noticiasribeiraopreto.com.br","date":"16 de September de 2025","format":false,"excerpt":"Ribeir\u00e3o Preto recebe um mutir\u00e3o de emprego com aproximadamente mil vagas dispon\u00edveis no pr\u00f3ximo s\u00e1bado (20), das 9h \u00e0s 14h, na rua Tamandar\u00e9, 163, no bairro Campos El\u00edseos, zona Norte.\u00a0 As\u00a0oportunidades\u00a0s\u00e3o especialmente no\u00a0com\u00e9rcio varejista, com destaque para\u00a0supermercados, e no\u00a0setor\u00a0de\u00a0servi\u00e7os. Como participar? Os candidatos interessados nas vagas dispon\u00edveis dever\u00e3o levar o\u2026","rel":"","context":"In &quot;Not\u00edcias de Ribeir\u00e3o Preto-SP e Regi\u00e3o&quot;","block_context":{"text":"Not\u00edcias de Ribeir\u00e3o Preto-SP e Regi\u00e3o","link":"https:\/\/noticiasribeiraopreto.com.br\/index.php\/category\/noticias-de-ribeirao-preto-sp-e-regiao-ismael-colosi\/"},"img":{"alt_text":"","src":"https:\/\/i0.wp.com\/noticiasribeiraopreto.com.br\/wp-content\/uploads\/2025\/09\/emprego.webp.webp?fit=1170%2C700&ssl=1&resize=350%2C200","width":350,"height":200,"srcset":"https:\/\/i0.wp.com\/noticiasribeiraopreto.com.br\/wp-content\/uploads\/2025\/09\/emprego.webp.webp?fit=1170%2C700&ssl=1&resize=350%2C200 1x, https:\/\/i0.wp.com\/noticiasribeiraopreto.com.br\/wp-content\/uploads\/2025\/09\/emprego.webp.webp?fit=1170%2C700&ssl=1&resize=525%2C300 1.5x, https:\/\/i0.wp.com\/noticiasribeiraopreto.com.br\/wp-content\/uploads\/2025\/09\/emprego.webp.webp?fit=1170%2C700&ssl=1&resize=700%2C400 2x, https:\/\/i0.wp.com\/noticiasribeiraopreto.com.br\/wp-content\/uploads\/2025\/09\/emprego.webp.webp?fit=1170%2C700&ssl=1&resize=1050%2C600 3x"},"classes":[]},{"id":74298,"url":"https:\/\/noticiasribeiraopreto.com.br\/index.php\/2025\/07\/19\/mutirao-oferece-500-oportunidades-de-trabalho-em-ribeirao-preto-veja-como-participar\/","url_meta":{"origin":75133,"position":2},"title":"Mutir\u00e3o oferece 500 oportunidades de trabalho em Ribeir\u00e3o Preto; Veja como participar","author":"noticiasribeiraopreto.com.br","date":"19 de July de 2025","format":false,"excerpt":"Ribeir\u00e3o Preto recebe, nos dias 24 e 25 de julho, no Terminal Rodovi\u00e1rio, um mutir\u00e3o com 500 oportunidades de trabalho, entre empregos formais, est\u00e1gios e vagas para jovens aprendizes. A a\u00e7\u00e3o faz parte da Programa Emprega Mais Ribeir\u00e3o. Como participar? Os interessados devem comparecer das 10h \u00e0s 13h, com documento\u2026","rel":"","context":"In &quot;Not\u00edcias de Ribeir\u00e3o Preto-SP e Regi\u00e3o&quot;","block_context":{"text":"Not\u00edcias de Ribeir\u00e3o Preto-SP e Regi\u00e3o","link":"https:\/\/noticiasribeiraopreto.com.br\/index.php\/category\/noticias-de-ribeirao-preto-sp-e-regiao-ismael-colosi\/"},"img":{"alt_text":"","src":"https:\/\/i0.wp.com\/noticiasribeiraopreto.com.br\/wp-content\/uploads\/2025\/07\/Copia-de-Copia-de-TAMANHO-EXATO-PARA-FOTOS-NO-SISTEMA-NOVO-14_2024-07-10_11-41-05_jpg_2024-07-10_11-41-06.webp.webp?fit=1200%2C675&ssl=1&resize=350%2C200","width":350,"height":200,"srcset":"https:\/\/i0.wp.com\/noticiasribeiraopreto.com.br\/wp-content\/uploads\/2025\/07\/Copia-de-Copia-de-TAMANHO-EXATO-PARA-FOTOS-NO-SISTEMA-NOVO-14_2024-07-10_11-41-05_jpg_2024-07-10_11-41-06.webp.webp?fit=1200%2C675&ssl=1&resize=350%2C200 1x, https:\/\/i0.wp.com\/noticiasribeiraopreto.com.br\/wp-content\/uploads\/2025\/07\/Copia-de-Copia-de-TAMANHO-EXATO-PARA-FOTOS-NO-SISTEMA-NOVO-14_2024-07-10_11-41-05_jpg_2024-07-10_11-41-06.webp.webp?fit=1200%2C675&ssl=1&resize=525%2C300 1.5x, https:\/\/i0.wp.com\/noticiasribeiraopreto.com.br\/wp-content\/uploads\/2025\/07\/Copia-de-Copia-de-TAMANHO-EXATO-PARA-FOTOS-NO-SISTEMA-NOVO-14_2024-07-10_11-41-05_jpg_2024-07-10_11-41-06.webp.webp?fit=1200%2C675&ssl=1&resize=700%2C400 2x, https:\/\/i0.wp.com\/noticiasribeiraopreto.com.br\/wp-content\/uploads\/2025\/07\/Copia-de-Copia-de-TAMANHO-EXATO-PARA-FOTOS-NO-SISTEMA-NOVO-14_2024-07-10_11-41-05_jpg_2024-07-10_11-41-06.webp.webp?fit=1200%2C675&ssl=1&resize=1050%2C600 3x"},"classes":[]},{"id":51215,"url":"https:\/\/noticiasribeiraopreto.com.br\/index.php\/2024\/05\/24\/mutirao-do-emprego-oferece-vagas-no-comercio-de-ribeirao-preto-veja-como-participar\/","url_meta":{"origin":75133,"position":3},"title":"Mutir\u00e3o do emprego oferece vagas no com\u00e9rcio de Ribeir\u00e3o Preto; Veja como participar","author":"noticiasribeiraopreto.com.br","date":"24 de May de 2024","format":false,"excerpt":"Ribeir\u00e3o Preto recebe neste s\u00e1bado (25) o 2\u00ba mutir\u00e3o \u201cEmprega Varejo\u201d com centenas de vagas no com\u00e9rcio. O evento \u00e9 gratuito. Como participar Os candidatos devem levar o curr\u00edculo das 8h \u00e0s 14h, na sede do Sincomerciarios (Sindicato dos Empregados no Com\u00e9rcio de Ribeir\u00e3o Preto), na rua Tamandar\u00e9, 163, no\u2026","rel":"","context":"In &quot;Not\u00edcias de Ribeir\u00e3o Preto-SP e Regi\u00e3o&quot;","block_context":{"text":"Not\u00edcias de Ribeir\u00e3o Preto-SP e Regi\u00e3o","link":"https:\/\/noticiasribeiraopreto.com.br\/index.php\/category\/noticias-de-ribeirao-preto-sp-e-regiao-ismael-colosi\/"},"img":{"alt_text":"","src":"https:\/\/i0.wp.com\/noticiasribeiraopreto.com.br\/wp-content\/uploads\/2024\/05\/carteira_de_500x320_23032017152450.jpg?fit=500%2C322&ssl=1&resize=350%2C200","width":350,"height":200},"classes":[]},{"id":75657,"url":"https:\/\/noticiasribeiraopreto.com.br\/index.php\/2025\/08\/13\/ribeirao-preto-recebe-mutirao-de-emprego-com-mil-vagas-veja-quando\/","url_meta":{"origin":75133,"position":4},"title":"Ribeir\u00e3o Preto recebe mutir\u00e3o de emprego com mil vagas; Veja quando","author":"noticiasribeiraopreto.com.br","date":"13 de August de 2025","format":false,"excerpt":"Um mutir\u00e3o de emprego com aproximadamente 1 mil vagas dipon\u00edveis ser\u00e1 realizado em agosto, em Ribeir\u00e3o Preto. As oportunidades s\u00e3o especialmente no com\u00e9rcio varejista, com destaque para supermercados, e no setor de servi\u00e7os. A a\u00e7\u00e3o acontecer\u00e1 no s\u00e1bado (23), das 9h \u00e0s 14h, na rua Tamandar\u00e9, 163, no bairro Campos\u2026","rel":"","context":"In &quot;Not\u00edcias de Ribeir\u00e3o Preto-SP e Regi\u00e3o&quot;","block_context":{"text":"Not\u00edcias de Ribeir\u00e3o Preto-SP e Regi\u00e3o","link":"https:\/\/noticiasribeiraopreto.com.br\/index.php\/category\/noticias-de-ribeirao-preto-sp-e-regiao-ismael-colosi\/"},"img":{"alt_text":"","src":"https:\/\/i0.wp.com\/noticiasribeiraopreto.com.br\/wp-content\/uploads\/2025\/08\/MUTIRAO_2025-08-13_14-19-09.webp.webp?fit=1200%2C929&ssl=1&resize=350%2C200","width":350,"height":200,"srcset":"https:\/\/i0.wp.com\/noticiasribeiraopreto.com.br\/wp-content\/uploads\/2025\/08\/MUTIRAO_2025-08-13_14-19-09.webp.webp?fit=1200%2C929&ssl=1&resize=350%2C200 1x, https:\/\/i0.wp.com\/noticiasribeiraopreto.com.br\/wp-content\/uploads\/2025\/08\/MUTIRAO_2025-08-13_14-19-09.webp.webp?fit=1200%2C929&ssl=1&resize=525%2C300 1.5x, https:\/\/i0.wp.com\/noticiasribeiraopreto.com.br\/wp-content\/uploads\/2025\/08\/MUTIRAO_2025-08-13_14-19-09.webp.webp?fit=1200%2C929&ssl=1&resize=700%2C400 2x, https:\/\/i0.wp.com\/noticiasribeiraopreto.com.br\/wp-content\/uploads\/2025\/08\/MUTIRAO_2025-08-13_14-19-09.webp.webp?fit=1200%2C929&ssl=1&resize=1050%2C600 3x"},"classes":[]},{"id":56438,"url":"https:\/\/noticiasribeiraopreto.com.br\/index.php\/2024\/08\/13\/mutirao-do-emprego-tem-mais-de-100-vagas-em-ribeirao-preto-saiba-como-participar\/","url_meta":{"origin":75133,"position":5},"title":"Mutir\u00e3o do emprego tem mais de 100 vagas em Ribeir\u00e3o Preto; Saiba como participar","author":"noticiasribeiraopreto.com.br","date":"13 de August de 2024","format":false,"excerpt":"Acontece na pr\u00f3xima quarta-feira (21) um mutir\u00e3o do emprego com 105 vagas em Ribeir\u00e3o Preto. O evento ser\u00e1 realizado na sede do Sincomerci\u00e1rios, localizada na Rua Tamandar\u00e9, 163, no Centro do munic\u00edpio, a partir das 14h. As vagas de trabalho s\u00e3o ofertadas pela rede de supermercados Big Compra e os\u2026","rel":"","context":"In &quot;Not\u00edcias de Ribeir\u00e3o Preto-SP e Regi\u00e3o&quot;","block_context":{"text":"Not\u00edcias de Ribeir\u00e3o Preto-SP e Regi\u00e3o","link":"https:\/\/noticiasribeiraopreto.com.br\/index.php\/category\/noticias-de-ribeirao-preto-sp-e-regiao-ismael-colosi\/"},"img":{"alt_text":"","src":"https:\/\/i0.wp.com\/noticiasribeiraopreto.com.br\/wp-content\/uploads\/2024\/08\/shopping-1165437_1280-1.jpg?fit=1200%2C690&ssl=1&resize=350%2C200","width":350,"height":200,"srcset":"https:\/\/i0.wp.com\/noticiasribeiraopreto.com.br\/wp-content\/uploads\/2024\/08\/shopping-1165437_1280-1.jpg?fit=1200%2C690&ssl=1&resize=350%2C200 1x, https:\/\/i0.wp.com\/noticiasribeiraopreto.com.br\/wp-content\/uploads\/2024\/08\/shopping-1165437_1280-1.jpg?fit=1200%2C690&ssl=1&resize=525%2C300 1.5x, https:\/\/i0.wp.com\/noticiasribeiraopreto.com.br\/wp-content\/uploads\/2024\/08\/shopping-1165437_1280-1.jpg?fit=1200%2C690&ssl=1&resize=700%2C400 2x, https:\/\/i0.wp.com\/noticiasribeiraopreto.com.br\/wp-content\/uploads\/2024\/08\/shopping-1165437_1280-1.jpg?fit=1200%2C690&ssl=1&resize=1050%2C600 3x"},"classes":[]}],"jetpack_sharing_enabled":true,"jetpack_shortlink":"https:\/\/wp.me\/peQAOb-jxP","_links":{"self":[{"href":"https:\/\/noticiasribeiraopreto.com.br\/index.php\/wp-json\/wp\/v2\/posts\/75133","targetHints":{"allow":["GET"]}}],"collection":[{"href":"https:\/\/noticiasribeiraopreto.com.br\/index.php\/wp-json\/wp\/v2\/posts"}],"about":[{"href":"https:\/\/noticiasribeiraopreto.com.br\/index.php\/wp-json\/wp\/v2\/types\/post"}],"author":[{"embeddable":true,"href":"https:\/\/noticiasribeiraopreto.com.br\/index.php\/wp-json\/wp\/v2\/users\/1"}],"replies":[{"embeddable":true,"href":"https:\/\/noticiasribeiraopreto.com.br\/index.php\/wp-json\/wp\/v2\/comments?post=75133"}],"version-history":[{"count":0,"href":"https:\/\/noticiasribeiraopreto.com.br\/index.php\/wp-json\/wp\/v2\/posts\/75133\/revisions"}],"wp:featuredmedia":[{"embeddable":true,"href":"https:\/\/noticiasribeiraopreto.com.br\/index.php\/wp-json\/wp\/v2\/media\/75134"}],"wp:attachment":[{"href":"https:\/\/noticiasribeiraopreto.com.br\/index.php\/wp-json\/wp\/v2\/media?parent=75133"}],"wp:term":[{"taxonomy":"category","embeddable":true,"href":"https:\/\/noticiasribeiraopreto.com.br\/index.php\/wp-json\/wp\/v2\/categories?post=75133"},{"taxonomy":"post_tag","embeddable":true,"href":"https:\/\/noticiasribeiraopreto.com.br\/index.php\/wp-json\/wp\/v2\/tags?post=75133"}],"curies":[{"name":"wp","href":"https:\/\/api.w.org\/{rel}","templated":true}]}}