{"id":75137,"date":"2025-08-04T13:26:07","date_gmt":"2025-08-04T16:26:07","guid":{"rendered":"https:\/\/noticiasribeiraopreto.com.br\/index.php\/2025\/08\/04\/ribeirao-preto-recebe-espetaculo-de-danca-com-foco-em-saude-mental-e-inclusao\/"},"modified":"2025-08-04T13:26:07","modified_gmt":"2025-08-04T16:26:07","slug":"ribeirao-preto-recebe-espetaculo-de-danca-com-foco-em-saude-mental-e-inclusao","status":"publish","type":"post","link":"https:\/\/noticiasribeiraopreto.com.br\/index.php\/2025\/08\/04\/ribeirao-preto-recebe-espetaculo-de-danca-com-foco-em-saude-mental-e-inclusao\/","title":{"rendered":"Ribeir\u00e3o Preto recebe espet\u00e1culo de dan\u00e7a com foco em sa\u00fade mental e inclus\u00e3o"},"content":{"rendered":"<div class='code-block code-block-1' style='margin: 8px 0 8px auto; text-align: right; display: block; clear: both;'>\n<p><a href=\"https:\/\/wa.link\/vpicfd\"><img data-recalc-dims=\"1\" class=\"wp-image-4922\" style=\"aspect-ratio: 2.0253164556962027; width: 561px; height: auto;\" src=\"https:\/\/i0.wp.com\/ismaelcolosi.com.br\/wp-content\/uploads\/2023\/11\/grupo-de-empregos-whatsapp-e-facebook-ismael-colosi-vagas.jpg?ssl=1\" alt=\"\" \/><\/a><\/p>\n<!-- \/wp:image -->\n<\/div>\n<p> <br \/>\n<\/p>\n<div data-td-block-uid=\"tdi_95\">\n<div class=\"tdb-block-inner td-fix-index\">\n<p>O espet\u00e1culo \u201c<strong>Ru\u00eddos \u2013 Circula\u00e7\u00e3o de Espet\u00e1culo de Dan\u00e7a<\/strong>\u201d estreia nesta <strong>ter\u00e7a-feira (5)<\/strong> no <strong>Theatro Pedro II<\/strong>, em <strong>Ribeir\u00e3o Preto<\/strong>. Al\u00e9m da apresenta\u00e7\u00e3o, o projeto inclui oficinas voltadas ao compartilhamento do processo criativo com o p\u00fablico. A entrada \u00e9<strong> gratuita <\/strong>mediante a reserva de ingressos.<\/p>\n<p>A iniciativa acontece em cinco cidades do interior paulista: <strong>Mogi Mirim, Sert\u00e3ozinho, Ribeir\u00e3o Preto, S\u00e3o Jos\u00e9 do Rio Pardo<\/strong> e <strong>Serrana<\/strong> \u2013 com duas apresenta\u00e7\u00f5es gratuitas em cada munic\u00edpio.<\/p>\n<p>O projeto \u00e9 uma produ\u00e7\u00e3o inspirada nos textos da poetisa brasileira <strong>Stella do Patroc\u00ednio<\/strong>. O espet\u00e1culo explora as vozes do subconsciente humano, revelando aquelas que nos impulsionam e, por vezes, nos imobilizam. A obra foi concebida a partir das viv\u00eancias pessoais dos bailarinos, conectando suas hist\u00f3rias \u00e0 linguagem da dan\u00e7a-teatro.<\/p>\n<h2 class=\"wp-block-heading\"><strong>Sess\u00f5es<\/strong><\/h2>\n<p>As apresenta\u00e7\u00f5es ter\u00e3o formatos distintos: uma ser\u00e1 direcionada a estudantes do <strong>Ensino Fundamental II <\/strong>e <strong>Ensino M\u00e9dio<\/strong>, e a outra ao p\u00fablico geral. Em <strong>Ribeir\u00e3o Preto<\/strong>, tamb\u00e9m haver\u00e1 uma sess\u00e3o especial para estudantes de <strong>psicologia<\/strong> e <strong>hist\u00f3ria<\/strong>.<\/p>\n<ul class=\"wp-block-list\">\n<li><strong>Ribeir\u00e3o Preto: <\/strong>ter\u00e7a-feira (5), \u00e0s 20h, no Theatro Pedro II \u2013 <strong><a href=\"https:\/\/megabilheteria.com\/evento?id=20250725184303\" target=\"_blank\" rel=\"noopener\">clique aqui para adquirir ingressos<\/a><\/strong> | sexta-feira (12), \u00e0s 20h, no Teatro Bassano Vaccarini, na Unaerp<\/li>\n<li><strong>Serrana: <\/strong>15 de agosto, \u00e0s 15h e \u00e0s 19h, na Funda\u00e7\u00e3o Cultural de Serrana<\/li>\n<li><strong>S\u00e3o Jos\u00e9 do Rio Pardo: <\/strong>17 de agosto, \u00e0s 16h e \u00e0s 20h, na F\u00e1brica de Express\u00e3o<\/li>\n<li><strong>Sert\u00e3ozinho: <\/strong>5 de setembro, \u00e0s 15h e \u00e0s 19h30, no Teatro Municipal Prof\u00aa Olympia Faria de Aguiar Adami<\/li>\n<li><strong>Mogi Mirim: <\/strong>18 de setembro, \u00e0s 16h e \u00e0s 19h, no Teatro Municipal de Mogi Mirim<\/li>\n<\/ul>\n<h2 class=\"wp-block-heading\"><strong>Oficinas<\/strong><\/h2>\n<p>Durantes as oficinas, os participantes ter\u00e3o contato com a dan\u00e7a contempor\u00e2nea a partir de suas viv\u00eancias. A oficina provoca um mergulho sens\u00edvel no pr\u00f3prio corpo. A experi\u00eancia \u00e9 voltada tanto para artistas quanto para pessoas sem experi\u00eancia em dan\u00e7a. Veja quando acontecem as oficinas:<\/p>\n<ul class=\"wp-block-list\">\n<li><strong>Ribeir\u00e3o Preto: <\/strong>s\u00e1bado (27), das 10h \u00e0s 13h, no Espa\u00e7o Gorki (rua Iara, 42 \u2013 Jardim Macedo) inscri\u00e7\u00f5es pelo Instagram;<\/li>\n<li><strong>Serrana:<\/strong> 15 de agosto, das 9h \u00e0s 12h, na Funda\u00e7\u00e3o Cultural de Serrana (rua Bar\u00e3o do Rio Branco, 339)<\/li>\n<li><strong>S\u00e3o Jos\u00e9 do Rio Pardo: <\/strong>17 de agosto, das 10h \u00e0s 13h, na F\u00e1brica de Express\u00e3o (rua Francisco Glic\u00e9rio, 64)<\/li>\n<li><strong>Sert\u00e3ozinho: <\/strong>5 de setembro, das 9h \u00e0s 12h, no Andr\u00e9a Sartori Studio de Dan\u00e7a (rua Caronel Francisco Schimidt, 1891, 2\u00ba andar)<\/li>\n<li><strong>Mogi Mirim: <\/strong>18 de setembro, das 10h \u00e0s 13h, no Teatro Municipal de Mogi Mirim (avenida Santo Ant\u00f4nio, 148 \u2013 Centro)<\/li>\n<\/ul>\n<p>SAIBA MAIS<br \/>O que se sabe sobre o acidente que deixou oito mortos e dois feridos no Sul de Minas<\/p>\n<h3 class=\"wp-block-heading\"><strong>FIQUE ON\u00a0\u00a0\u00a0\u00a0\u00a0\u00a0\u00a0\u00a0\u00a0<\/strong><\/h3>\n<p>Quer ficar por dentro de tudo que acontece em Ribeir\u00e3o Preto e regi\u00e3o? Ent\u00e3o siga os perfis do\u202facidade on\u202fno\u202f<a href=\"https:\/\/www.instagram.com\/acidadeonribeirao\" target=\"_blank\" rel=\"noreferrer noopener\">Instagram<\/a>\u202fe no\u202f<a href=\"https:\/\/www.facebook.com\/acidadeonribeirao\/\" target=\"_blank\" rel=\"noreferrer noopener\">Facebook<\/a>.<\/p>\n<p>Al\u00e9m disso, voc\u00ea pode receber as principais not\u00edcias diretamente no WhatsApp. Para isso, basta\u00a0<a href=\"https:\/\/chat.whatsapp.com\/BjKQZ9oJwlz8VVT50NuePq\" target=\"_blank\" rel=\"noreferrer noopener\">entrar no grupo clicando aqui<\/a>.<\/p>\n<p>Por fim, se quiser fazer uma den\u00fancia ou sugerir uma reportagem sobre Ribeir\u00e3o Preto e regi\u00e3o, envie uma mensagem pelo WhatsApp: (16) 99117-7802.<\/p>\n<p>VEJA TAMB\u00c9M<br \/>Quem est\u00e1 na \u2018Dan\u00e7a dos Famosos\u2019?<\/p>\n<p><!-- AI CONTENT END 1 -->\n<\/div>\n<\/div>\n<p><script async src=\"\/\/www.instagram.com\/embed.js\"><\/script><br \/>\n<br \/><br \/>\n<br \/><a href=\"https:\/\/www.acidadeon.com\/ribeiraopreto\/lazer-e-cultura\/ribeirao-preto-recebe-espetaculo-de-danca-com-foco-em-saude-mental-e-inclusao\/\">Source link <\/a><\/p>\n<!-- CONTENT END 1 -->\n","protected":false},"excerpt":{"rendered":"<p>O espet\u00e1culo \u201cRu\u00eddos \u2013 Circula\u00e7\u00e3o de Espet\u00e1culo de Dan\u00e7a\u201d estreia nesta ter\u00e7a-feira (5) no Theatro Pedro II, em Ribeir\u00e3o Preto. Al\u00e9m da apresenta\u00e7\u00e3o, o projeto&#8230;<\/p>\n","protected":false},"author":1,"featured_media":75138,"comment_status":"open","ping_status":"open","sticky":false,"template":"","format":"standard","meta":{"advanced_seo_description":"","jetpack_seo_html_title":"","jetpack_seo_noindex":false,"jetpack_post_was_ever_published":false,"_jetpack_newsletter_access":"","_jetpack_dont_email_post_to_subs":false,"_jetpack_newsletter_tier_id":0,"_jetpack_memberships_contains_paywalled_content":false,"_jetpack_memberships_contains_paid_content":false,"footnotes":"","jetpack_publicize_message":"","jetpack_publicize_feature_enabled":true,"jetpack_social_post_already_shared":true,"jetpack_social_options":{"image_generator_settings":{"template":"highway","default_image_id":0,"font":"","enabled":false},"version":2}},"categories":[11],"tags":[],"class_list":["post-75137","post","type-post","status-publish","format-standard","has-post-thumbnail","hentry","category-noticias-de-ribeirao-preto-sp-e-regiao-ismael-colosi"],"jetpack_publicize_connections":[],"jetpack_featured_media_url":"https:\/\/i0.wp.com\/noticiasribeiraopreto.com.br\/wp-content\/uploads\/2025\/08\/california-volks-2_2025-08-04_13-15-19.webp.webp?fit=1200%2C675&ssl=1","jetpack-related-posts":[{"id":79219,"url":"https:\/\/noticiasribeiraopreto.com.br\/index.php\/2025\/10\/27\/projeto-tocando-e-encantando-encerra-temporada-com-espetaculo-gratuito-em-ribeirao-preto\/","url_meta":{"origin":75137,"position":0},"title":"Projeto \u2018Tocando e Encantando\u2019 encerra temporada com espet\u00e1culo gratuito em Ribeir\u00e3o Preto","author":"noticiasribeiraopreto.com.br","date":"27 de October de 2025","format":false,"excerpt":"O projeto\u00a0Tocando e Encantando\u00a0encerra a temporada 2025 com uma apresenta\u00e7\u00e3o gratuita no Teatro Municipal de Ribeir\u00e3o Preto, nesta ter\u00e7a-feira (28), \u00e0s 19h30. O concerto conta com cerca de 250 alunos das oficinas de circo, teatro, m\u00fasica e dan\u00e7as urbanas. De acordo com a coordenadora do projeto, B\u00e1rbara Scatena, \u201ca apresenta\u00e7\u00e3o\u2026","rel":"","context":"In &quot;Not\u00edcias de Ribeir\u00e3o Preto-SP e Regi\u00e3o&quot;","block_context":{"text":"Not\u00edcias de Ribeir\u00e3o Preto-SP e Regi\u00e3o","link":"https:\/\/noticiasribeiraopreto.com.br\/index.php\/category\/noticias-de-ribeirao-preto-sp-e-regiao-ismael-colosi\/"},"img":{"alt_text":"","src":"https:\/\/i0.wp.com\/noticiasribeiraopreto.com.br\/wp-content\/uploads\/2025\/10\/Tocando-Encantandp-1_2025-10-27_15-12-25.webp.webp?fit=1200%2C900&ssl=1&resize=350%2C200","width":350,"height":200,"srcset":"https:\/\/i0.wp.com\/noticiasribeiraopreto.com.br\/wp-content\/uploads\/2025\/10\/Tocando-Encantandp-1_2025-10-27_15-12-25.webp.webp?fit=1200%2C900&ssl=1&resize=350%2C200 1x, https:\/\/i0.wp.com\/noticiasribeiraopreto.com.br\/wp-content\/uploads\/2025\/10\/Tocando-Encantandp-1_2025-10-27_15-12-25.webp.webp?fit=1200%2C900&ssl=1&resize=525%2C300 1.5x, https:\/\/i0.wp.com\/noticiasribeiraopreto.com.br\/wp-content\/uploads\/2025\/10\/Tocando-Encantandp-1_2025-10-27_15-12-25.webp.webp?fit=1200%2C900&ssl=1&resize=700%2C400 2x, https:\/\/i0.wp.com\/noticiasribeiraopreto.com.br\/wp-content\/uploads\/2025\/10\/Tocando-Encantandp-1_2025-10-27_15-12-25.webp.webp?fit=1200%2C900&ssl=1&resize=1050%2C600 3x"},"classes":[]},{"id":79670,"url":"https:\/\/noticiasribeiraopreto.com.br\/index.php\/2025\/11\/05\/ribeirao-preto-recebe-temporada-de-espetaculo-de-danca-ainda-este-mes\/","url_meta":{"origin":75137,"position":1},"title":"Ribeir\u00e3o Preto recebe temporada de espet\u00e1culo de dan\u00e7a ainda este m\u00eas","author":"noticiasribeiraopreto.com.br","date":"5 de November de 2025","format":false,"excerpt":"Entre os dias 10 a 16 de novembro, Ribeir\u00e3o Preto recebe o espet\u00e1culo solo de dan\u00e7a \u201cOrigin\u00e1rio\u201d, com apresenta\u00e7\u00f5es gratuitas em escolas e outras abertas \u00e0 comunidade. A circula\u00e7\u00e3o conta com a presen\u00e7a do artista Lu\u00eds Silva e oficina de dan\u00e7a. O espet\u00e1culo simboliza a jornada de integra\u00e7\u00e3o na sociedade,\u2026","rel":"","context":"In &quot;Not\u00edcias de Ribeir\u00e3o Preto-SP e Regi\u00e3o&quot;","block_context":{"text":"Not\u00edcias de Ribeir\u00e3o Preto-SP e Regi\u00e3o","link":"https:\/\/noticiasribeiraopreto.com.br\/index.php\/category\/noticias-de-ribeirao-preto-sp-e-regiao-ismael-colosi\/"},"img":{"alt_text":"","src":"https:\/\/i0.wp.com\/noticiasribeiraopreto.com.br\/wp-content\/uploads\/2025\/11\/Foto-Ana-Leopoldino_2025-11-05_14-17-09.webp.webp?fit=1200%2C800&ssl=1&resize=350%2C200","width":350,"height":200,"srcset":"https:\/\/i0.wp.com\/noticiasribeiraopreto.com.br\/wp-content\/uploads\/2025\/11\/Foto-Ana-Leopoldino_2025-11-05_14-17-09.webp.webp?fit=1200%2C800&ssl=1&resize=350%2C200 1x, https:\/\/i0.wp.com\/noticiasribeiraopreto.com.br\/wp-content\/uploads\/2025\/11\/Foto-Ana-Leopoldino_2025-11-05_14-17-09.webp.webp?fit=1200%2C800&ssl=1&resize=525%2C300 1.5x, https:\/\/i0.wp.com\/noticiasribeiraopreto.com.br\/wp-content\/uploads\/2025\/11\/Foto-Ana-Leopoldino_2025-11-05_14-17-09.webp.webp?fit=1200%2C800&ssl=1&resize=700%2C400 2x, https:\/\/i0.wp.com\/noticiasribeiraopreto.com.br\/wp-content\/uploads\/2025\/11\/Foto-Ana-Leopoldino_2025-11-05_14-17-09.webp.webp?fit=1200%2C800&ssl=1&resize=1050%2C600 3x"},"classes":[]},{"id":60762,"url":"https:\/\/noticiasribeiraopreto.com.br\/index.php\/2024\/11\/25\/ribeirao-preto-recebe-espetaculo-de-danca-inspirado-em-o-mito-da-caverna\/","url_meta":{"origin":75137,"position":2},"title":"Ribeir\u00e3o Preto recebe espet\u00e1culo de dan\u00e7a inspirado em \u2018O Mito da Caverna\u2019","author":"noticiasribeiraopreto.com.br","date":"25 de November de 2024","format":false,"excerpt":"O Teatro Municipal de Ribeir\u00e3o Preto recebe o espet\u00e1culo de dan\u00e7a do Espa\u00e7o de Dan\u00e7a Diego Pradella, baseado no texto filos\u00f3fico de Plat\u00e3o, O Mito da Caverna, nesta quarta-feira (27) e quinta-feira (28), \u00e0s 20h. Por meio da linguagem da dan\u00e7a, o trabalho convida o p\u00fablico a refletir sobre as\u2026","rel":"","context":"In &quot;Not\u00edcias de Ribeir\u00e3o Preto-SP e Regi\u00e3o&quot;","block_context":{"text":"Not\u00edcias de Ribeir\u00e3o Preto-SP e Regi\u00e3o","link":"https:\/\/noticiasribeiraopreto.com.br\/index.php\/category\/noticias-de-ribeirao-preto-sp-e-regiao-ismael-colosi\/"},"img":{"alt_text":"","src":"https:\/\/i0.wp.com\/noticiasribeiraopreto.com.br\/wp-content\/uploads\/2024\/11\/Copia-de-Copia-de-Copia-de-TAMANHO-EXATO-PARA-FOTOS-NO-SISTEMA-NOVO-37_2024-11-25_11-59-33_jpg_2024-11-25_11-59-33.webp.webp?fit=1200%2C675&ssl=1&resize=350%2C200","width":350,"height":200,"srcset":"https:\/\/i0.wp.com\/noticiasribeiraopreto.com.br\/wp-content\/uploads\/2024\/11\/Copia-de-Copia-de-Copia-de-TAMANHO-EXATO-PARA-FOTOS-NO-SISTEMA-NOVO-37_2024-11-25_11-59-33_jpg_2024-11-25_11-59-33.webp.webp?fit=1200%2C675&ssl=1&resize=350%2C200 1x, https:\/\/i0.wp.com\/noticiasribeiraopreto.com.br\/wp-content\/uploads\/2024\/11\/Copia-de-Copia-de-Copia-de-TAMANHO-EXATO-PARA-FOTOS-NO-SISTEMA-NOVO-37_2024-11-25_11-59-33_jpg_2024-11-25_11-59-33.webp.webp?fit=1200%2C675&ssl=1&resize=525%2C300 1.5x, https:\/\/i0.wp.com\/noticiasribeiraopreto.com.br\/wp-content\/uploads\/2024\/11\/Copia-de-Copia-de-Copia-de-TAMANHO-EXATO-PARA-FOTOS-NO-SISTEMA-NOVO-37_2024-11-25_11-59-33_jpg_2024-11-25_11-59-33.webp.webp?fit=1200%2C675&ssl=1&resize=700%2C400 2x, https:\/\/i0.wp.com\/noticiasribeiraopreto.com.br\/wp-content\/uploads\/2024\/11\/Copia-de-Copia-de-Copia-de-TAMANHO-EXATO-PARA-FOTOS-NO-SISTEMA-NOVO-37_2024-11-25_11-59-33_jpg_2024-11-25_11-59-33.webp.webp?fit=1200%2C675&ssl=1&resize=1050%2C600 3x"},"classes":[]},{"id":60265,"url":"https:\/\/noticiasribeiraopreto.com.br\/index.php\/2024\/11\/09\/espetaculo-de-danca-conta-a-historia-de-ribeirao-preto-veja-como-assistir\/","url_meta":{"origin":75137,"position":3},"title":"Espet\u00e1culo de dan\u00e7a conta a hist\u00f3ria de Ribeir\u00e3o Preto; Veja como assistir","author":"noticiasribeiraopreto.com.br","date":"9 de November de 2024","format":false,"excerpt":"Alunos e convidados do projeto Respirarte v\u00e3o se apresentar no Teatro Municipal de Ribeir\u00e3o Preto com o espet\u00e1culo \u201cNossa, Ribeir\u00e3o!\u201d, que conta a hist\u00f3ria da cidade. O evento acontece no pr\u00f3ximo dia 25 de novembro, \u00e0s 19h30. O enredo come\u00e7a na \u00e9poca do caf\u00e9 e da cana-de a\u00e7\u00facar e passa\u2026","rel":"","context":"In &quot;Not\u00edcias de Ribeir\u00e3o Preto-SP e Regi\u00e3o&quot;","block_context":{"text":"Not\u00edcias de Ribeir\u00e3o Preto-SP e Regi\u00e3o","link":"https:\/\/noticiasribeiraopreto.com.br\/index.php\/category\/noticias-de-ribeirao-preto-sp-e-regiao-ismael-colosi\/"},"img":{"alt_text":"","src":"https:\/\/i0.wp.com\/noticiasribeiraopreto.com.br\/wp-content\/uploads\/2024\/11\/Copia-de-Copia-de-Copia-de-TAMANHO-EXATO-PARA-FOTOS-NO-SISTEMA-NOVO-26_2024-11-09_14-19-53_jpg_2024-11-09_14-19-53.webp.webp?fit=1200%2C675&ssl=1&resize=350%2C200","width":350,"height":200,"srcset":"https:\/\/i0.wp.com\/noticiasribeiraopreto.com.br\/wp-content\/uploads\/2024\/11\/Copia-de-Copia-de-Copia-de-TAMANHO-EXATO-PARA-FOTOS-NO-SISTEMA-NOVO-26_2024-11-09_14-19-53_jpg_2024-11-09_14-19-53.webp.webp?fit=1200%2C675&ssl=1&resize=350%2C200 1x, https:\/\/i0.wp.com\/noticiasribeiraopreto.com.br\/wp-content\/uploads\/2024\/11\/Copia-de-Copia-de-Copia-de-TAMANHO-EXATO-PARA-FOTOS-NO-SISTEMA-NOVO-26_2024-11-09_14-19-53_jpg_2024-11-09_14-19-53.webp.webp?fit=1200%2C675&ssl=1&resize=525%2C300 1.5x, https:\/\/i0.wp.com\/noticiasribeiraopreto.com.br\/wp-content\/uploads\/2024\/11\/Copia-de-Copia-de-Copia-de-TAMANHO-EXATO-PARA-FOTOS-NO-SISTEMA-NOVO-26_2024-11-09_14-19-53_jpg_2024-11-09_14-19-53.webp.webp?fit=1200%2C675&ssl=1&resize=700%2C400 2x, https:\/\/i0.wp.com\/noticiasribeiraopreto.com.br\/wp-content\/uploads\/2024\/11\/Copia-de-Copia-de-Copia-de-TAMANHO-EXATO-PARA-FOTOS-NO-SISTEMA-NOVO-26_2024-11-09_14-19-53_jpg_2024-11-09_14-19-53.webp.webp?fit=1200%2C675&ssl=1&resize=1050%2C600 3x"},"classes":[]},{"id":60316,"url":"https:\/\/noticiasribeiraopreto.com.br\/index.php\/2024\/11\/11\/sesi-ribeirao-preto-recebe-espetaculo-de-danca-com-entrada-gratuita\/","url_meta":{"origin":75137,"position":4},"title":"Sesi Ribeir\u00e3o Preto recebe espet\u00e1culo de dan\u00e7a com entrada gratuita","author":"noticiasribeiraopreto.com.br","date":"11 de November de 2024","format":false,"excerpt":"O Centro Cultural Sesi Ribeir\u00e3o Preto recebe, entre os dias 15 e 17 de novembro, o espet\u00e1culo Ou 9 ou 80, que utiliza o passinho e o funk para narrar as hist\u00f3rias de dois crimes que marcaram o Rio de Janeiro e S\u00e3o Paulo. A entrada \u00e9 gratuita e aberta\u2026","rel":"","context":"In &quot;Not\u00edcias de Ribeir\u00e3o Preto-SP e Regi\u00e3o&quot;","block_context":{"text":"Not\u00edcias de Ribeir\u00e3o Preto-SP e Regi\u00e3o","link":"https:\/\/noticiasribeiraopreto.com.br\/index.php\/category\/noticias-de-ribeirao-preto-sp-e-regiao-ismael-colosi\/"},"img":{"alt_text":"","src":"https:\/\/i0.wp.com\/noticiasribeiraopreto.com.br\/wp-content\/uploads\/2024\/11\/c80697f7-971e-42ca-affe-a6d1553c27c6_2024-11-11_13-41-57_png_2024-11-11_13-41-57.webp.webp?fit=1066%2C600&ssl=1&resize=350%2C200","width":350,"height":200,"srcset":"https:\/\/i0.wp.com\/noticiasribeiraopreto.com.br\/wp-content\/uploads\/2024\/11\/c80697f7-971e-42ca-affe-a6d1553c27c6_2024-11-11_13-41-57_png_2024-11-11_13-41-57.webp.webp?fit=1066%2C600&ssl=1&resize=350%2C200 1x, https:\/\/i0.wp.com\/noticiasribeiraopreto.com.br\/wp-content\/uploads\/2024\/11\/c80697f7-971e-42ca-affe-a6d1553c27c6_2024-11-11_13-41-57_png_2024-11-11_13-41-57.webp.webp?fit=1066%2C600&ssl=1&resize=525%2C300 1.5x, https:\/\/i0.wp.com\/noticiasribeiraopreto.com.br\/wp-content\/uploads\/2024\/11\/c80697f7-971e-42ca-affe-a6d1553c27c6_2024-11-11_13-41-57_png_2024-11-11_13-41-57.webp.webp?fit=1066%2C600&ssl=1&resize=700%2C400 2x, https:\/\/i0.wp.com\/noticiasribeiraopreto.com.br\/wp-content\/uploads\/2024\/11\/c80697f7-971e-42ca-affe-a6d1553c27c6_2024-11-11_13-41-57_png_2024-11-11_13-41-57.webp.webp?fit=1066%2C600&ssl=1&resize=1050%2C600 3x"},"classes":[]},{"id":79474,"url":"https:\/\/noticiasribeiraopreto.com.br\/index.php\/2025\/11\/02\/espetaculo-originario-traz-danca-ancestralidade-e-reflexao-a-rp\/","url_meta":{"origin":75137,"position":5},"title":"Espet\u00e1culo \u201cOrigin\u00e1rio\u201d traz dan\u00e7a, ancestralidade e reflex\u00e3o a RP","author":"noticiasribeiraopreto.com.br","date":"2 de November de 2025","format":false,"excerpt":"2 de novembro de 2025 12:001 de novembro de 2025 14:5413 Compartilhar0 Entre os dias 10 e 16 de novembro, Ribeir\u00e3o Preto recebe o espet\u00e1culo \u201cOrigin\u00e1rio\u201d, solo de dan\u00e7a do artista Lu\u00eds Silva, que prop\u00f5e uma imers\u00e3o em temas como ancestralidade, mem\u00f3ria e identidade. As apresenta\u00e7\u00f5es acontecem em escolas e\u2026","rel":"","context":"In &quot;Not\u00edcias de Ribeir\u00e3o Preto-SP e Regi\u00e3o&quot;","block_context":{"text":"Not\u00edcias de Ribeir\u00e3o Preto-SP e Regi\u00e3o","link":"https:\/\/noticiasribeiraopreto.com.br\/index.php\/category\/noticias-de-ribeirao-preto-sp-e-regiao-ismael-colosi\/"},"img":{"alt_text":"","src":"https:\/\/i0.wp.com\/noticiasribeiraopreto.com.br\/wp-content\/uploads\/2025\/11\/1-originario-Foto-Ana-Leopoldino-1-scaled.jpg?fit=1170%2C780&ssl=1&resize=350%2C200","width":350,"height":200,"srcset":"https:\/\/i0.wp.com\/noticiasribeiraopreto.com.br\/wp-content\/uploads\/2025\/11\/1-originario-Foto-Ana-Leopoldino-1-scaled.jpg?fit=1170%2C780&ssl=1&resize=350%2C200 1x, https:\/\/i0.wp.com\/noticiasribeiraopreto.com.br\/wp-content\/uploads\/2025\/11\/1-originario-Foto-Ana-Leopoldino-1-scaled.jpg?fit=1170%2C780&ssl=1&resize=525%2C300 1.5x, https:\/\/i0.wp.com\/noticiasribeiraopreto.com.br\/wp-content\/uploads\/2025\/11\/1-originario-Foto-Ana-Leopoldino-1-scaled.jpg?fit=1170%2C780&ssl=1&resize=700%2C400 2x, https:\/\/i0.wp.com\/noticiasribeiraopreto.com.br\/wp-content\/uploads\/2025\/11\/1-originario-Foto-Ana-Leopoldino-1-scaled.jpg?fit=1170%2C780&ssl=1&resize=1050%2C600 3x"},"classes":[]}],"jetpack_sharing_enabled":true,"jetpack_shortlink":"https:\/\/wp.me\/peQAOb-jxT","_links":{"self":[{"href":"https:\/\/noticiasribeiraopreto.com.br\/index.php\/wp-json\/wp\/v2\/posts\/75137","targetHints":{"allow":["GET"]}}],"collection":[{"href":"https:\/\/noticiasribeiraopreto.com.br\/index.php\/wp-json\/wp\/v2\/posts"}],"about":[{"href":"https:\/\/noticiasribeiraopreto.com.br\/index.php\/wp-json\/wp\/v2\/types\/post"}],"author":[{"embeddable":true,"href":"https:\/\/noticiasribeiraopreto.com.br\/index.php\/wp-json\/wp\/v2\/users\/1"}],"replies":[{"embeddable":true,"href":"https:\/\/noticiasribeiraopreto.com.br\/index.php\/wp-json\/wp\/v2\/comments?post=75137"}],"version-history":[{"count":0,"href":"https:\/\/noticiasribeiraopreto.com.br\/index.php\/wp-json\/wp\/v2\/posts\/75137\/revisions"}],"wp:featuredmedia":[{"embeddable":true,"href":"https:\/\/noticiasribeiraopreto.com.br\/index.php\/wp-json\/wp\/v2\/media\/75138"}],"wp:attachment":[{"href":"https:\/\/noticiasribeiraopreto.com.br\/index.php\/wp-json\/wp\/v2\/media?parent=75137"}],"wp:term":[{"taxonomy":"category","embeddable":true,"href":"https:\/\/noticiasribeiraopreto.com.br\/index.php\/wp-json\/wp\/v2\/categories?post=75137"},{"taxonomy":"post_tag","embeddable":true,"href":"https:\/\/noticiasribeiraopreto.com.br\/index.php\/wp-json\/wp\/v2\/tags?post=75137"}],"curies":[{"name":"wp","href":"https:\/\/api.w.org\/{rel}","templated":true}]}}