{"id":75139,"date":"2025-08-04T13:32:27","date_gmt":"2025-08-04T16:32:27","guid":{"rendered":"https:\/\/noticiasribeiraopreto.com.br\/index.php\/2025\/08\/04\/tj-sp-abre-concurso-publico-com-salarios-de-r-63-mil-veja-como-participar\/"},"modified":"2025-08-04T13:32:27","modified_gmt":"2025-08-04T16:32:27","slug":"tj-sp-abre-concurso-publico-com-salarios-de-r-63-mil-veja-como-participar","status":"publish","type":"post","link":"https:\/\/noticiasribeiraopreto.com.br\/index.php\/2025\/08\/04\/tj-sp-abre-concurso-publico-com-salarios-de-r-63-mil-veja-como-participar\/","title":{"rendered":"TJ-SP abre concurso p\u00fablico com sal\u00e1rios de R$ 6,3 mil; Veja como participar"},"content":{"rendered":"<div class='code-block code-block-1' style='margin: 8px 0 8px auto; text-align: right; display: block; clear: both;'>\n<p><a href=\"https:\/\/wa.link\/vpicfd\"><img data-recalc-dims=\"1\" class=\"wp-image-4922\" style=\"aspect-ratio: 2.0253164556962027; width: 561px; height: auto;\" src=\"https:\/\/i0.wp.com\/ismaelcolosi.com.br\/wp-content\/uploads\/2023\/11\/grupo-de-empregos-whatsapp-e-facebook-ismael-colosi-vagas.jpg?ssl=1\" alt=\"\" \/><\/a><\/p>\n<!-- \/wp:image -->\n<\/div>\n<p> <br \/>\n<\/p>\n<div data-td-block-uid=\"tdi_95\">\n<div class=\"tdb-block-inner td-fix-index\">\n<p>O<a href=\"https:\/\/www.tjsp.jus.br\/\" data-type=\"link\" data-id=\"https:\/\/www.tjsp.jus.br\/\" target=\"_blank\" rel=\"noopener\"> <strong>TJ-SP (Tribunal de Justi\u00e7a de S\u00e3o Paulo) <\/strong><\/a>publicou edital de<strong> concurso p\u00fablico<\/strong> para o cargo de <strong>escrevente t\u00e9cnico judici\u00e1rio<\/strong>. As oportunidades s\u00e3o para o cadastro de reserva e os sal\u00e1rios para o cargo s\u00e3o de R$ 6.345,94.<\/p>\n<p>As inscri\u00e7\u00f5es devem ser realizadas no site da <strong>Funda\u00e7\u00e3o Vunesp<\/strong> <a href=\"https:\/\/www.vunesp.com.br\/TJSP2503\" data-type=\"link\" data-id=\"https:\/\/www.vunesp.com.br\/TJSP2503\" target=\"_blank\" rel=\"noopener\">(clique aqui)<\/a> no per\u00edodo entre 13 de agosto e 22 de setembro de 2025. A taxa de inscri\u00e7\u00e3o custa R$ 81.<\/p>\n<h2 class=\"wp-block-heading\"><strong>Quem pode participar?<\/strong><\/h2>\n<ul class=\"wp-block-list\">\n<li>ser brasileiro nato, naturalizado ou gozar das prerrogativas na Constitui\u00e7\u00e3o Federal;<\/li>\n<\/ul>\n<ul class=\"wp-block-list\">\n<li>ter 18 anos de idade completos at\u00e9 a data da posse;<\/li>\n<\/ul>\n<ul class=\"wp-block-list\">\n<li>estar em dia com as obriga\u00e7\u00f5es eleitorais;<\/li>\n<\/ul>\n<ul class=\"wp-block-list\">\n<li>estar em dia com as obriga\u00e7\u00f5es do Servi\u00e7o Militar;<\/li>\n<\/ul>\n<ul class=\"wp-block-list\">\n<li>n\u00e3o ter sido condenado por crime contra o patrim\u00f4nio, a Administra\u00e7\u00e3o, a f\u00e9 p\u00fablica e os costumes;<\/li>\n<\/ul>\n<ul class=\"wp-block-list\">\n<li>n\u00e3o ter sido condenado por ato de improbidade;<\/li>\n<\/ul>\n<ul class=\"wp-block-list\">\n<li><mark style=\"background-color:#fcb900\" class=\"has-inline-color has-black-color\">ter conclu\u00eddo, at\u00e9 a data da posse, o Ensino M\u00e9dio;<\/mark><\/li>\n<\/ul>\n<ul class=\"wp-block-list\">\n<li>gozar de boa sa\u00fade f\u00edsica e mental para o exerc\u00edcio das atribui\u00e7\u00f5es do cargo, comprovada em inspe\u00e7\u00e3o realizada por \u00f3rg\u00e3o m\u00e9dico oficial do Estado.<\/li>\n<\/ul>\n<h2 class=\"wp-block-heading\"><strong>Local da prova<\/strong><\/h2>\n<p><mark style=\"background-color:#fcb900\" class=\"has-inline-color has-black-color\">As provas ser\u00e3o realizadas na capital paulista <\/mark>e as vagas ser\u00e3o preenchidas nas comarcas de S\u00e3o Bernardo do Campo, Santo Andr\u00e9, Osasco, Guarulhos, Mogi das Cruzes e Itapecerica da Serra.<\/p>\n<p>SAIBA MAIS<br \/>RP Mobi come\u00e7a fiscaliza\u00e7\u00e3o das novas vagas de \u00c1rea Azul no Centro; Veja onde<\/p>\n<h2 class=\"wp-block-heading\"><strong>FIQUE ON<\/strong><\/h2>\n<p>Fique ligado em tudo que acontece em Ribeir\u00e3o Preto e regi\u00e3o. Siga os perfis do <strong>acidade on<\/strong> no <a href=\"https:\/\/www.instagram.com\/acidadeonribeirao\" data-type=\"link\" data-id=\"https:\/\/www.instagram.com\/acidadeonribeirao\" target=\"_blank\" rel=\"noopener\">Instagram<\/a> e no <a href=\"https:\/\/www.facebook.com\/acidadeonribeirao\/\" data-type=\"link\" data-id=\"https:\/\/www.facebook.com\/acidadeonribeirao\/\" target=\"_blank\" rel=\"noopener\">Facebook<\/a>.<\/p>\n<p>Receba not\u00edcias do <strong>acidade on<\/strong> no WhatsApp. <a href=\"https:\/\/chat.whatsapp.com\/BjKQZ9oJwlz8VVT50NuePq\" data-type=\"link\" data-id=\"https:\/\/chat.whatsapp.com\/BjKQZ9oJwlz8VVT50NuePq\" target=\"_blank\" rel=\"noopener\">Para entrar no grupo, basta clicar aqui.<\/a><\/p>\n<p>Fa\u00e7a uma den\u00fancia ou sugira uma reportagem sobre Ribeir\u00e3o Preto e regi\u00e3o pelo WhatsApp: 16 99117 7802.<\/p>\n<p>VEJA TAMB\u00c9M<br \/>Por que agosto \u00e9 chamado de \u2018m\u00eas do desgosto\u2019 ou \u2018do cachorro louco\u2019?<\/p>\n<p><!-- AI CONTENT END 1 -->\n<\/div>\n<\/div>\n<p><script async src=\"\/\/www.instagram.com\/embed.js\"><\/script><br \/>\n<br \/><br \/>\n<br \/><a href=\"https:\/\/www.acidadeon.com\/ribeiraopreto\/economia\/tj-sp-abre-concurso-publico-com-salarios-de-r-63-mil-veja-como-participar\/\">Source link <\/a><\/p>\n<!-- CONTENT END 1 -->\n","protected":false},"excerpt":{"rendered":"<p>O TJ-SP (Tribunal de Justi\u00e7a de S\u00e3o Paulo) publicou edital de concurso p\u00fablico para o cargo de escrevente t\u00e9cnico judici\u00e1rio. As oportunidades s\u00e3o para o&#8230;<\/p>\n","protected":false},"author":1,"featured_media":75140,"comment_status":"open","ping_status":"open","sticky":false,"template":"","format":"standard","meta":{"advanced_seo_description":"","jetpack_seo_html_title":"","jetpack_seo_noindex":false,"jetpack_post_was_ever_published":false,"_jetpack_newsletter_access":"","_jetpack_dont_email_post_to_subs":false,"_jetpack_newsletter_tier_id":0,"_jetpack_memberships_contains_paywalled_content":false,"_jetpack_memberships_contains_paid_content":false,"footnotes":"","jetpack_publicize_message":"","jetpack_publicize_feature_enabled":true,"jetpack_social_post_already_shared":true,"jetpack_social_options":{"image_generator_settings":{"template":"highway","default_image_id":0,"font":"","enabled":false},"version":2}},"categories":[11],"tags":[],"class_list":["post-75139","post","type-post","status-publish","format-standard","has-post-thumbnail","hentry","category-noticias-de-ribeirao-preto-sp-e-regiao-ismael-colosi"],"jetpack_publicize_connections":[],"jetpack_featured_media_url":"https:\/\/i0.wp.com\/noticiasribeiraopreto.com.br\/wp-content\/uploads\/2025\/08\/concurso-publico.jpg?fit=2000%2C1333&ssl=1","jetpack-related-posts":[{"id":63314,"url":"https:\/\/noticiasribeiraopreto.com.br\/index.php\/2025\/02\/10\/tj-sp-abre-concurso-publico-com-50-vagas-e-salarios-de-r-8-mil\/","url_meta":{"origin":75139,"position":0},"title":"TJ-SP abre concurso p\u00fablico com 50 vagas e sal\u00e1rios de R$ 8 mil","author":"noticiasribeiraopreto.com.br","date":"10 de February de 2025","format":false,"excerpt":"O TJ-SP (Tribunal de Justi\u00e7a de S\u00e3o Paulo) publicou, nesta segunda-feira (10), edital de concurso p\u00fablico com 50 vagas para o cargo de analista de sistemas judici\u00e1rio. Os sal\u00e1rios para o cargo s\u00e3o de R$ 8.108,80, al\u00e9m de aux\u00edlios alimenta\u00e7\u00e3o, sa\u00fade e transporte. As inscri\u00e7\u00f5es devem ser realizadas no site\u2026","rel":"","context":"In &quot;Not\u00edcias de Ribeir\u00e3o Preto-SP e Regi\u00e3o&quot;","block_context":{"text":"Not\u00edcias de Ribeir\u00e3o Preto-SP e Regi\u00e3o","link":"https:\/\/noticiasribeiraopreto.com.br\/index.php\/category\/noticias-de-ribeirao-preto-sp-e-regiao-ismael-colosi\/"},"img":{"alt_text":"","src":"https:\/\/i0.wp.com\/noticiasribeiraopreto.com.br\/wp-content\/uploads\/2025\/02\/concurso-publico_2025-02-10_13-03-49_jpg_2025-02-10_13-03-49.webp.webp?fit=1200%2C800&ssl=1&resize=350%2C200","width":350,"height":200,"srcset":"https:\/\/i0.wp.com\/noticiasribeiraopreto.com.br\/wp-content\/uploads\/2025\/02\/concurso-publico_2025-02-10_13-03-49_jpg_2025-02-10_13-03-49.webp.webp?fit=1200%2C800&ssl=1&resize=350%2C200 1x, https:\/\/i0.wp.com\/noticiasribeiraopreto.com.br\/wp-content\/uploads\/2025\/02\/concurso-publico_2025-02-10_13-03-49_jpg_2025-02-10_13-03-49.webp.webp?fit=1200%2C800&ssl=1&resize=525%2C300 1.5x, https:\/\/i0.wp.com\/noticiasribeiraopreto.com.br\/wp-content\/uploads\/2025\/02\/concurso-publico_2025-02-10_13-03-49_jpg_2025-02-10_13-03-49.webp.webp?fit=1200%2C800&ssl=1&resize=700%2C400 2x, https:\/\/i0.wp.com\/noticiasribeiraopreto.com.br\/wp-content\/uploads\/2025\/02\/concurso-publico_2025-02-10_13-03-49_jpg_2025-02-10_13-03-49.webp.webp?fit=1200%2C800&ssl=1&resize=1050%2C600 3x"},"classes":[]},{"id":55673,"url":"https:\/\/noticiasribeiraopreto.com.br\/index.php\/2024\/08\/05\/tj-sp-abre-concurso-publico-com-237-vagas-e-salarios-de-r-32-mil\/","url_meta":{"origin":75139,"position":1},"title":"TJ-SP abre concurso p\u00fablico com 237 vagas e sal\u00e1rios de R$ 32 mil","author":"noticiasribeiraopreto.com.br","date":"5 de August de 2024","format":false,"excerpt":"O TJ-SP (Tribunal de Justi\u00e7a de S\u00e3o Paulo) abriu concurso p\u00fablico para o ingresso na magistratura no cargo de juiz substituto com 237 vagas. Os sal\u00e1rios para o cargo s\u00e3o de R$ 32.350,05. As inscri\u00e7\u00f5es devem ser realizadas no site da Funda\u00e7\u00e3o Vunesp (clique aqui) no per\u00edodo de 5 de\u2026","rel":"","context":"In &quot;Not\u00edcias de Ribeir\u00e3o Preto-SP e Regi\u00e3o&quot;","block_context":{"text":"Not\u00edcias de Ribeir\u00e3o Preto-SP e Regi\u00e3o","link":"https:\/\/noticiasribeiraopreto.com.br\/index.php\/category\/noticias-de-ribeirao-preto-sp-e-regiao-ismael-colosi\/"},"img":{"alt_text":"","src":"https:\/\/i0.wp.com\/noticiasribeiraopreto.com.br\/wp-content\/uploads\/2024\/08\/concurso-publico.jpg?fit=1200%2C800&ssl=1&resize=350%2C200","width":350,"height":200,"srcset":"https:\/\/i0.wp.com\/noticiasribeiraopreto.com.br\/wp-content\/uploads\/2024\/08\/concurso-publico.jpg?fit=1200%2C800&ssl=1&resize=350%2C200 1x, https:\/\/i0.wp.com\/noticiasribeiraopreto.com.br\/wp-content\/uploads\/2024\/08\/concurso-publico.jpg?fit=1200%2C800&ssl=1&resize=525%2C300 1.5x, https:\/\/i0.wp.com\/noticiasribeiraopreto.com.br\/wp-content\/uploads\/2024\/08\/concurso-publico.jpg?fit=1200%2C800&ssl=1&resize=700%2C400 2x, https:\/\/i0.wp.com\/noticiasribeiraopreto.com.br\/wp-content\/uploads\/2024\/08\/concurso-publico.jpg?fit=1200%2C800&ssl=1&resize=1050%2C600 3x"},"classes":[]},{"id":77275,"url":"https:\/\/noticiasribeiraopreto.com.br\/index.php\/2025\/09\/15\/tj-sp-abre-concurso-com-220-vagas-e-salarios-de-r-34-mil-saiba-como-se-inscrever\/","url_meta":{"origin":75139,"position":2},"title":"TJ-SP abre concurso com 220 vagas e sal\u00e1rios de R$ 34 mil; Saiba como se inscrever","author":"noticiasribeiraopreto.com.br","date":"15 de September de 2025","format":false,"excerpt":"O TJ-SP (Tribunal de Justi\u00e7a de S\u00e3o Paulo) publicou um novo edital de concurso p\u00fablico para o cargo de juiz substituto com sal\u00e1rio de R$ 34.083,14. O concurso tem como objetivo preencher 220 vagas, distribu\u00eddas da seguinte forma: 143 para ampla concorr\u00eancia; 11 para pessoas com defici\u00eancia; 55 para pessoas\u2026","rel":"","context":"In &quot;Not\u00edcias de Ribeir\u00e3o Preto-SP e Regi\u00e3o&quot;","block_context":{"text":"Not\u00edcias de Ribeir\u00e3o Preto-SP e Regi\u00e3o","link":"https:\/\/noticiasribeiraopreto.com.br\/index.php\/category\/noticias-de-ribeirao-preto-sp-e-regiao-ismael-colosi\/"},"img":{"alt_text":"","src":"https:\/\/i0.wp.com\/noticiasribeiraopreto.com.br\/wp-content\/uploads\/2025\/09\/concurso_publico_1-1024x683-1_2024-05-09_19-38-33_jpeg_2024-05-09_19-38-33.webp.webp?fit=1024%2C683&ssl=1&resize=350%2C200","width":350,"height":200,"srcset":"https:\/\/i0.wp.com\/noticiasribeiraopreto.com.br\/wp-content\/uploads\/2025\/09\/concurso_publico_1-1024x683-1_2024-05-09_19-38-33_jpeg_2024-05-09_19-38-33.webp.webp?fit=1024%2C683&ssl=1&resize=350%2C200 1x, https:\/\/i0.wp.com\/noticiasribeiraopreto.com.br\/wp-content\/uploads\/2025\/09\/concurso_publico_1-1024x683-1_2024-05-09_19-38-33_jpeg_2024-05-09_19-38-33.webp.webp?fit=1024%2C683&ssl=1&resize=525%2C300 1.5x, https:\/\/i0.wp.com\/noticiasribeiraopreto.com.br\/wp-content\/uploads\/2025\/09\/concurso_publico_1-1024x683-1_2024-05-09_19-38-33_jpeg_2024-05-09_19-38-33.webp.webp?fit=1024%2C683&ssl=1&resize=700%2C400 2x"},"classes":[]},{"id":76642,"url":"https:\/\/noticiasribeiraopreto.com.br\/index.php\/2025\/09\/02\/concurso-publico-em-sp-oferece-10-vagas-e-salarios-de-r-9-mil\/","url_meta":{"origin":75139,"position":3},"title":"Concurso p\u00fablico em SP oferece 10 vagas e sal\u00e1rios de R$ 9 mil","author":"noticiasribeiraopreto.com.br","date":"2 de September de 2025","format":false,"excerpt":"O TJ-SP (Tribunal de Justi\u00e7a de S\u00e3o Paulo) divulgou edital de concurso p\u00fablico com 10 vagas para o cargo de Contador Judici\u00e1rio \u2013 veja como se inscrever abaixo. O sal\u00e1rio para a fun\u00e7\u00e3o \u00e9 de R$ 9.536, al\u00e9m de aux\u00edlios para alimenta\u00e7\u00e3o, sa\u00fade e transporte. Para participar, os interessados devem\u2026","rel":"","context":"In &quot;Not\u00edcias de Ribeir\u00e3o Preto-SP e Regi\u00e3o&quot;","block_context":{"text":"Not\u00edcias de Ribeir\u00e3o Preto-SP e Regi\u00e3o","link":"https:\/\/noticiasribeiraopreto.com.br\/index.php\/category\/noticias-de-ribeirao-preto-sp-e-regiao-ismael-colosi\/"},"img":{"alt_text":"","src":"https:\/\/i0.wp.com\/noticiasribeiraopreto.com.br\/wp-content\/uploads\/2025\/09\/Copia-de-Copia-de-TAMANHO-EXATO-PARA-FOTOS-NO-SISTEMA-NOVO-22_2024-07-24_20-00-55_jpg_2024-07-24_20-00-55.webp.webp?fit=1200%2C675&ssl=1&resize=350%2C200","width":350,"height":200,"srcset":"https:\/\/i0.wp.com\/noticiasribeiraopreto.com.br\/wp-content\/uploads\/2025\/09\/Copia-de-Copia-de-TAMANHO-EXATO-PARA-FOTOS-NO-SISTEMA-NOVO-22_2024-07-24_20-00-55_jpg_2024-07-24_20-00-55.webp.webp?fit=1200%2C675&ssl=1&resize=350%2C200 1x, https:\/\/i0.wp.com\/noticiasribeiraopreto.com.br\/wp-content\/uploads\/2025\/09\/Copia-de-Copia-de-TAMANHO-EXATO-PARA-FOTOS-NO-SISTEMA-NOVO-22_2024-07-24_20-00-55_jpg_2024-07-24_20-00-55.webp.webp?fit=1200%2C675&ssl=1&resize=525%2C300 1.5x, https:\/\/i0.wp.com\/noticiasribeiraopreto.com.br\/wp-content\/uploads\/2025\/09\/Copia-de-Copia-de-TAMANHO-EXATO-PARA-FOTOS-NO-SISTEMA-NOVO-22_2024-07-24_20-00-55_jpg_2024-07-24_20-00-55.webp.webp?fit=1200%2C675&ssl=1&resize=700%2C400 2x, https:\/\/i0.wp.com\/noticiasribeiraopreto.com.br\/wp-content\/uploads\/2025\/09\/Copia-de-Copia-de-TAMANHO-EXATO-PARA-FOTOS-NO-SISTEMA-NOVO-22_2024-07-24_20-00-55_jpg_2024-07-24_20-00-55.webp.webp?fit=1200%2C675&ssl=1&resize=1050%2C600 3x"},"classes":[]},{"id":82563,"url":"https:\/\/noticiasribeiraopreto.com.br\/index.php\/2026\/02\/19\/veja-cinco-concursos-publicos-com-mais-de-500-vagas-e-salarios-de-r-13-mil\/","url_meta":{"origin":75139,"position":4},"title":"Veja cinco concursos p\u00fablicos com mais de 500 vagas e sal\u00e1rios de R$ 13 mil","author":"noticiasribeiraopreto.com.br","date":"19 de February de 2026","format":false,"excerpt":"O Carnaval passou, ent\u00e3o agora 2026 come\u00e7a de vez. Quem est\u00e1 de olho em uma vaga em concurso p\u00fablico pode conferir cinco editais publicados com oportunidades para o estado de S\u00e3o Paulo. S\u00e3o mais de 500 vagas dispon\u00edveis com sal\u00e1rios que chegam a R$ 13 mil. Confira: Prefeitura de Pontal\u2026","rel":"","context":"In &quot;Not\u00edcias de Ribeir\u00e3o Preto-SP e Regi\u00e3o&quot;","block_context":{"text":"Not\u00edcias de Ribeir\u00e3o Preto-SP e Regi\u00e3o","link":"https:\/\/noticiasribeiraopreto.com.br\/index.php\/category\/noticias-de-ribeirao-preto-sp-e-regiao-ismael-colosi\/"},"img":{"alt_text":"","src":"https:\/\/i0.wp.com\/noticiasribeiraopreto.com.br\/wp-content\/uploads\/2025\/07\/concurso_2025-01-07_18-14-44_jpg_2025-01-07_18-14-45.webp.webp?fit=1200%2C800&ssl=1&resize=350%2C200","width":350,"height":200,"srcset":"https:\/\/i0.wp.com\/noticiasribeiraopreto.com.br\/wp-content\/uploads\/2025\/07\/concurso_2025-01-07_18-14-44_jpg_2025-01-07_18-14-45.webp.webp?fit=1200%2C800&ssl=1&resize=350%2C200 1x, https:\/\/i0.wp.com\/noticiasribeiraopreto.com.br\/wp-content\/uploads\/2025\/07\/concurso_2025-01-07_18-14-44_jpg_2025-01-07_18-14-45.webp.webp?fit=1200%2C800&ssl=1&resize=525%2C300 1.5x, https:\/\/i0.wp.com\/noticiasribeiraopreto.com.br\/wp-content\/uploads\/2025\/07\/concurso_2025-01-07_18-14-44_jpg_2025-01-07_18-14-45.webp.webp?fit=1200%2C800&ssl=1&resize=700%2C400 2x, https:\/\/i0.wp.com\/noticiasribeiraopreto.com.br\/wp-content\/uploads\/2025\/07\/concurso_2025-01-07_18-14-44_jpg_2025-01-07_18-14-45.webp.webp?fit=1200%2C800&ssl=1&resize=1050%2C600 3x"},"classes":[]},{"id":62082,"url":"https:\/\/noticiasribeiraopreto.com.br\/index.php\/2025\/01\/02\/concursos-do-tj-sp-tem-274-oportunidades-e-salarios-de-r-9-mil-veja-como-se-inscrever\/","url_meta":{"origin":75139,"position":5},"title":"Concursos do TJ-SP tem 274 oportunidades e sal\u00e1rios de R$ 9 mil; Veja como se inscrever","author":"noticiasribeiraopreto.com.br","date":"2 de January de 2025","format":false,"excerpt":"O TJ-SP (Tribunal de Justi\u00e7a de S\u00e3o Paulo) est\u00e1 com 274 oportunidades dispon\u00edveis para os cargos de psic\u00f3logo judici\u00e1rio e assistente social judici\u00e1rio com sal\u00e1rios de R$ 9.061,53. De acordo com os editais, s\u00e3o 137 vagas para cada um dos cargos. As oportunidades foram divididas pelas dez Regi\u00f5es Administrativas Judici\u00e1rias\u2026","rel":"","context":"In &quot;Not\u00edcias de Ribeir\u00e3o Preto-SP e Regi\u00e3o&quot;","block_context":{"text":"Not\u00edcias de Ribeir\u00e3o Preto-SP e Regi\u00e3o","link":"https:\/\/noticiasribeiraopreto.com.br\/index.php\/category\/noticias-de-ribeirao-preto-sp-e-regiao-ismael-colosi\/"},"img":{"alt_text":"","src":"https:\/\/i0.wp.com\/noticiasribeiraopreto.com.br\/wp-content\/uploads\/2024\/09\/Copia-de-Copia-de-TAMANHO-EXATO-PARA-FOTOS-NO-SISTEMA-NOVO-22_2024-07-24_20-00-55_jpg_2024-07-24_20-00-55.webp.webp?fit=1200%2C675&ssl=1&resize=350%2C200","width":350,"height":200,"srcset":"https:\/\/i0.wp.com\/noticiasribeiraopreto.com.br\/wp-content\/uploads\/2024\/09\/Copia-de-Copia-de-TAMANHO-EXATO-PARA-FOTOS-NO-SISTEMA-NOVO-22_2024-07-24_20-00-55_jpg_2024-07-24_20-00-55.webp.webp?fit=1200%2C675&ssl=1&resize=350%2C200 1x, https:\/\/i0.wp.com\/noticiasribeiraopreto.com.br\/wp-content\/uploads\/2024\/09\/Copia-de-Copia-de-TAMANHO-EXATO-PARA-FOTOS-NO-SISTEMA-NOVO-22_2024-07-24_20-00-55_jpg_2024-07-24_20-00-55.webp.webp?fit=1200%2C675&ssl=1&resize=525%2C300 1.5x, https:\/\/i0.wp.com\/noticiasribeiraopreto.com.br\/wp-content\/uploads\/2024\/09\/Copia-de-Copia-de-TAMANHO-EXATO-PARA-FOTOS-NO-SISTEMA-NOVO-22_2024-07-24_20-00-55_jpg_2024-07-24_20-00-55.webp.webp?fit=1200%2C675&ssl=1&resize=700%2C400 2x, https:\/\/i0.wp.com\/noticiasribeiraopreto.com.br\/wp-content\/uploads\/2024\/09\/Copia-de-Copia-de-TAMANHO-EXATO-PARA-FOTOS-NO-SISTEMA-NOVO-22_2024-07-24_20-00-55_jpg_2024-07-24_20-00-55.webp.webp?fit=1200%2C675&ssl=1&resize=1050%2C600 3x"},"classes":[]}],"jetpack_sharing_enabled":true,"jetpack_shortlink":"https:\/\/wp.me\/peQAOb-jxV","_links":{"self":[{"href":"https:\/\/noticiasribeiraopreto.com.br\/index.php\/wp-json\/wp\/v2\/posts\/75139","targetHints":{"allow":["GET"]}}],"collection":[{"href":"https:\/\/noticiasribeiraopreto.com.br\/index.php\/wp-json\/wp\/v2\/posts"}],"about":[{"href":"https:\/\/noticiasribeiraopreto.com.br\/index.php\/wp-json\/wp\/v2\/types\/post"}],"author":[{"embeddable":true,"href":"https:\/\/noticiasribeiraopreto.com.br\/index.php\/wp-json\/wp\/v2\/users\/1"}],"replies":[{"embeddable":true,"href":"https:\/\/noticiasribeiraopreto.com.br\/index.php\/wp-json\/wp\/v2\/comments?post=75139"}],"version-history":[{"count":0,"href":"https:\/\/noticiasribeiraopreto.com.br\/index.php\/wp-json\/wp\/v2\/posts\/75139\/revisions"}],"wp:featuredmedia":[{"embeddable":true,"href":"https:\/\/noticiasribeiraopreto.com.br\/index.php\/wp-json\/wp\/v2\/media\/75140"}],"wp:attachment":[{"href":"https:\/\/noticiasribeiraopreto.com.br\/index.php\/wp-json\/wp\/v2\/media?parent=75139"}],"wp:term":[{"taxonomy":"category","embeddable":true,"href":"https:\/\/noticiasribeiraopreto.com.br\/index.php\/wp-json\/wp\/v2\/categories?post=75139"},{"taxonomy":"post_tag","embeddable":true,"href":"https:\/\/noticiasribeiraopreto.com.br\/index.php\/wp-json\/wp\/v2\/tags?post=75139"}],"curies":[{"name":"wp","href":"https:\/\/api.w.org\/{rel}","templated":true}]}}