{"id":75141,"date":"2025-08-04T13:38:43","date_gmt":"2025-08-04T16:38:43","guid":{"rendered":"https:\/\/noticiasribeiraopreto.com.br\/index.php\/2025\/08\/04\/o-que-se-sabe-sobre-o-acidente-que-deixou-oito-mortos-e-dois-feridos-no-sul-de-minas\/"},"modified":"2025-08-04T13:38:43","modified_gmt":"2025-08-04T16:38:43","slug":"o-que-se-sabe-sobre-o-acidente-que-deixou-oito-mortos-e-dois-feridos-no-sul-de-minas","status":"publish","type":"post","link":"https:\/\/noticiasribeiraopreto.com.br\/index.php\/2025\/08\/04\/o-que-se-sabe-sobre-o-acidente-que-deixou-oito-mortos-e-dois-feridos-no-sul-de-minas\/","title":{"rendered":"O que se sabe sobre o acidente que deixou oito mortos e dois feridos no Sul de Minas"},"content":{"rendered":"<div class='code-block code-block-1' style='margin: 8px 0 8px auto; text-align: right; display: block; clear: both;'>\n<p><a href=\"https:\/\/wa.link\/vpicfd\"><img data-recalc-dims=\"1\" class=\"wp-image-4922\" style=\"aspect-ratio: 2.0253164556962027; width: 561px; height: auto;\" src=\"https:\/\/i0.wp.com\/ismaelcolosi.com.br\/wp-content\/uploads\/2023\/11\/grupo-de-empregos-whatsapp-e-facebook-ismael-colosi-vagas.jpg?ssl=1\" alt=\"\" \/><\/a><\/p>\n<!-- \/wp:image -->\n<\/div>\n<p> <br \/>\n<\/p>\n<div data-td-block-uid=\"tdi_95\">\n<div class=\"tdb-block-inner td-fix-index\">\n<p><strong><b>Um acidente envolveu dois carros e uma moto <\/b>na noite deste domingo (3), e deixou oito mortos e dois feridos na BR-491, em\u00a0Guaxup\u00e9, no Sul de Minas Gerais.<\/strong><\/p>\n<h2 class=\"wp-block-heading\"><strong>O que aconteceu<\/strong><\/h2>\n<ul class=\"wp-block-list\">\n<li>De acordo com o boletim de ocorr\u00eancia (BO), os tr\u00eas ve\u00edculos \u2013 uma motocicleta, um Fiat Palio Weekend e um Chevrolet Vectra \u2013 se envolveram em uma batida por volta de 22h30<\/li>\n<li>O ve\u00edculo Vectra estava com cinco ocupantes no sentido a Guaxup\u00e9 (MG), quando, por causas ainda a serem esclarecidas, bateu de frente com uma motocicleta com dois ocupantes que estava em sentido oposto, rumo a\u00a0Muzambinho (MG). Ap\u00f3s o impacto, o Vectra atingiu o ve\u00edculo Palio, que transportava duas pessoas<\/li>\n<li>De acordo com o Corpo de Bombeiros, dois ocupantes da moto, dois passageiros do Palio e quatro ocupantes do Vectra morreram<\/li>\n<li>Uma jovem de 19 anos prestava socorro \u00e0s v\u00edtimas foi atropelada na rodovia. Ela foi socorrida, assim como um dos ocupantes do Vectra<\/li>\n<\/ul>\n<h3 class=\"wp-block-heading\"><strong>Veja quem s\u00e3o as v\u00edtimas:<\/strong><\/h3>\n<p><em><strong>Vectra \u2013 cinco pessoas da mesma fam\u00edlia de Muzambinho (MG), entre as quais quatro morreram<\/strong><\/em><\/p>\n<ul class=\"wp-block-list\">\n<li>Giovani Aparecido Concei\u00e7\u00e3o Lima, 41 anos<\/li>\n<li>Andresa Mara Concei\u00e7\u00e3o Lima, 38 anos<\/li>\n<li>Marina Alves Concei\u00e7\u00e3o Carola, 17 anos<\/li>\n<li>Joaquim Henrique Concei\u00e7\u00e3o Lima, 8 anos<\/li>\n<li>Jhonatan Henrique Concei\u00e7\u00e3o de Lima, 10 anos \u2013 foi socorrido e encaminhado \u00e0 Santa Casa de Guaxup\u00e9<\/li>\n<\/ul>\n<p><em><strong>Moto \u2013 dois ocupantes de Muzambinho<\/strong><\/em> <em><strong>morreram<\/strong><\/em><\/p>\n<ul class=\"wp-block-list\">\n<li>Guilherme Neves Barbosa, 18 anos, condutor<\/li>\n<li>Itauani Roberta Riboli, 19 anos, passageira<\/li>\n<\/ul>\n<p><strong><em>Palio Weekend \u2013 dois ocupantes morreram<\/em><\/strong><\/p>\n<ul class=\"wp-block-list\">\n<li>Wagner Ferreira de Souza, 50 anos<\/li>\n<li>Silvano dos Reis Rodrigues, 46 anos<\/li>\n<\/ul>\n<p><em><strong>Pedestre<\/strong><\/em><\/p>\n<ul class=\"wp-block-list\">\n<li>Daniela da Silva Reis Gomes, 19 anos \u2013 prestava socorro \u00e0s v\u00edtimas e foi atropelada, teve ferimentos leves e foi levada para o pronto-socorro<\/li>\n<\/ul>\n<p>SAIBA MAIS<\/p>\n<p>Caminh\u00e3o carregado de biodiesel\u00a0tem princ\u00edpio de inc\u00eandio em rodovia<\/p>\n<h4 class=\"wp-block-heading\"><strong>FIQUE ON<\/strong><\/h4>\n<p>Fique ligado em tudo que acontece em Ribeir\u00e3o Preto e regi\u00e3o. Siga os perfis do\u00a0<strong>acidade on\u00a0<\/strong>no<a href=\"https:\/\/www.instagram.com\/acidadeonribeirao\" target=\"_blank\" rel=\"noreferrer noopener\">\u00a0Instagram<\/a>\u00a0e no\u00a0<a href=\"https:\/\/www.facebook.com\/acidadeonribeirao\/\" target=\"_blank\" rel=\"noreferrer noopener\">Facebook<\/a>.<\/p>\n<p>Receba not\u00edcias do\u00a0<strong>acidade on<\/strong>\u00a0no WhatsApp.<a href=\"https:\/\/chat.whatsapp.com\/BjKQZ9oJwlz8VVT50NuePq\" target=\"_blank\" rel=\"noreferrer noopener\">\u00a0Para entrar no grupo, basta clicar aqui.<\/a><\/p>\n<p>Fa\u00e7a uma den\u00fancia ou sugira uma reportagem sobre Ribeir\u00e3o Preto e regi\u00e3o pelo WhatsApp: 16 99117 7802.<\/p>\n<p>VEJA TAMB\u00c9M<\/p>\n<p>Por que agosto \u00e9 chamado de \u2018m\u00eas do desgosto\u2019 ou \u2018do cachorro louco\u2019?<\/p>\n<p><!-- AI CONTENT END 1 -->\n<\/div>\n<\/div>\n<p><script async src=\"\/\/www.instagram.com\/embed.js\"><\/script><br \/>\n<br \/><br \/>\n<br \/><a href=\"https:\/\/www.acidadeon.com\/ribeiraopreto\/cotidiano\/o-que-se-sabe-sobre-o-acidente-que-deixou-oito-mortos-e-dois-feridos-no-sul-de-minas\/\">Source link <\/a><\/p>\n<!-- CONTENT END 1 -->\n","protected":false},"excerpt":{"rendered":"<p>Um acidente envolveu dois carros e uma moto na noite deste domingo (3), e deixou oito mortos e dois feridos na BR-491, em\u00a0Guaxup\u00e9, no Sul&#8230;<\/p>\n","protected":false},"author":1,"featured_media":75142,"comment_status":"open","ping_status":"open","sticky":false,"template":"","format":"standard","meta":{"advanced_seo_description":"","jetpack_seo_html_title":"","jetpack_seo_noindex":false,"jetpack_post_was_ever_published":false,"_jetpack_newsletter_access":"","_jetpack_dont_email_post_to_subs":false,"_jetpack_newsletter_tier_id":0,"_jetpack_memberships_contains_paywalled_content":false,"_jetpack_memberships_contains_paid_content":false,"footnotes":"","jetpack_publicize_message":"","jetpack_publicize_feature_enabled":true,"jetpack_social_post_already_shared":true,"jetpack_social_options":{"image_generator_settings":{"template":"highway","default_image_id":0,"font":"","enabled":false},"version":2}},"categories":[11],"tags":[],"class_list":["post-75141","post","type-post","status-publish","format-standard","has-post-thumbnail","hentry","category-noticias-de-ribeirao-preto-sp-e-regiao-ismael-colosi"],"jetpack_publicize_connections":[],"jetpack_featured_media_url":"https:\/\/i0.wp.com\/noticiasribeiraopreto.com.br\/wp-content\/uploads\/2025\/08\/ACIDENTE_2025-08-04_12-56-37.webp.webp?fit=1200%2C916&ssl=1","jetpack-related-posts":[{"id":80838,"url":"https:\/\/noticiasribeiraopreto.com.br\/index.php\/2025\/12\/15\/um-morto-e-dois-feridos-em-acidente-na-zona-oeste\/","url_meta":{"origin":75141,"position":0},"title":"Um morto e dois feridos em acidente na zona Oeste","author":"noticiasribeiraopreto.com.br","date":"15 de December de 2025","format":false,"excerpt":"\r PM informou que ocupantes de moto estariam em fuga ap\u00f3s uma tentativa de abordagem\r \r 15 de dezembro de 2025 11:34 \r Compartilhar2 Por: Adalberto Luque Uma pessoa morreu e outras duas ficaram feridas, na manh\u00e3 desta segunda-feira (15), ap\u00f3s um acidente envolvendo motocicleta e ve\u00edculo. A colis\u00e3o ocorreu\u2026","rel":"","context":"In &quot;Not\u00edcias de Ribeir\u00e3o Preto-SP e Regi\u00e3o&quot;","block_context":{"text":"Not\u00edcias de Ribeir\u00e3o Preto-SP e Regi\u00e3o","link":"https:\/\/noticiasribeiraopreto.com.br\/index.php\/category\/noticias-de-ribeirao-preto-sp-e-regiao-ismael-colosi\/"},"img":{"alt_text":"","src":"https:\/\/i0.wp.com\/noticiasribeiraopreto.com.br\/wp-content\/uploads\/2025\/12\/15-dez-2q025-acidentefugitivos1-scaled.jpg?fit=1170%2C780&ssl=1&resize=350%2C200","width":350,"height":200,"srcset":"https:\/\/i0.wp.com\/noticiasribeiraopreto.com.br\/wp-content\/uploads\/2025\/12\/15-dez-2q025-acidentefugitivos1-scaled.jpg?fit=1170%2C780&ssl=1&resize=350%2C200 1x, https:\/\/i0.wp.com\/noticiasribeiraopreto.com.br\/wp-content\/uploads\/2025\/12\/15-dez-2q025-acidentefugitivos1-scaled.jpg?fit=1170%2C780&ssl=1&resize=525%2C300 1.5x, https:\/\/i0.wp.com\/noticiasribeiraopreto.com.br\/wp-content\/uploads\/2025\/12\/15-dez-2q025-acidentefugitivos1-scaled.jpg?fit=1170%2C780&ssl=1&resize=700%2C400 2x, https:\/\/i0.wp.com\/noticiasribeiraopreto.com.br\/wp-content\/uploads\/2025\/12\/15-dez-2q025-acidentefugitivos1-scaled.jpg?fit=1170%2C780&ssl=1&resize=1050%2C600 3x"},"classes":[]},{"id":84778,"url":"https:\/\/noticiasribeiraopreto.com.br\/index.php\/2026\/04\/15\/motociclista-fica-em-estado-grave-apos-colisao-com-micro-onibus-na-candido-portinari\/","url_meta":{"origin":75141,"position":1},"title":"Motociclista fica em estado grave ap\u00f3s colis\u00e3o com micro-\u00f4nibus na C\u00e2ndido Portinari","author":"noticiasribeiraopreto.com.br","date":"15 de April de 2026","format":false,"excerpt":"Ler o resumo da not\u00edcia Colis\u00e3o entre micro-\u00f4nibus e in\u00famera Honda CB Twister deixou motociclista ferido gravemente em Batatais (SP). Acidente ocorreu no km 355 da Rodovia C\u00e2ndido Portinari (SP-334), sentido Sul, por volta das 13h46. Os dois ocupantes do micro-\u00f4nibus n\u00e3o sofreram ferimentos; trecho permanece com interdi\u00e7\u00e3o parcial. Tr\u00e2nsito\u2026","rel":"","context":"In &quot;Not\u00edcias de Ribeir\u00e3o Preto-SP e Regi\u00e3o&quot;","block_context":{"text":"Not\u00edcias de Ribeir\u00e3o Preto-SP e Regi\u00e3o","link":"https:\/\/noticiasribeiraopreto.com.br\/index.php\/category\/noticias-de-ribeirao-preto-sp-e-regiao-ismael-colosi\/"},"img":{"alt_text":"","src":"https:\/\/i0.wp.com\/noticiasribeiraopreto.com.br\/wp-content\/uploads\/2026\/04\/4afb317e-6bd5-4ad8-994c-19e1fcbd8888_2026-04-15_17-41-39.webp.webp?fit=1200%2C726&ssl=1&resize=350%2C200","width":350,"height":200,"srcset":"https:\/\/i0.wp.com\/noticiasribeiraopreto.com.br\/wp-content\/uploads\/2026\/04\/4afb317e-6bd5-4ad8-994c-19e1fcbd8888_2026-04-15_17-41-39.webp.webp?fit=1200%2C726&ssl=1&resize=350%2C200 1x, https:\/\/i0.wp.com\/noticiasribeiraopreto.com.br\/wp-content\/uploads\/2026\/04\/4afb317e-6bd5-4ad8-994c-19e1fcbd8888_2026-04-15_17-41-39.webp.webp?fit=1200%2C726&ssl=1&resize=525%2C300 1.5x, https:\/\/i0.wp.com\/noticiasribeiraopreto.com.br\/wp-content\/uploads\/2026\/04\/4afb317e-6bd5-4ad8-994c-19e1fcbd8888_2026-04-15_17-41-39.webp.webp?fit=1200%2C726&ssl=1&resize=700%2C400 2x, https:\/\/i0.wp.com\/noticiasribeiraopreto.com.br\/wp-content\/uploads\/2026\/04\/4afb317e-6bd5-4ad8-994c-19e1fcbd8888_2026-04-15_17-41-39.webp.webp?fit=1200%2C726&ssl=1&resize=1050%2C600 3x"},"classes":[]},{"id":29182,"url":"https:\/\/noticiasribeiraopreto.com.br\/index.php\/2024\/01\/17\/acidente-provoca-tragedia-na-br-280-deixa-vitimas-fatais-e-cenario-de-destruicao\/","url_meta":{"origin":75141,"position":2},"title":"Acidente provoca trag\u00e9dia na BR-280, deixa v\u00edtimas fatais e cen\u00e1rio de destrui\u00e7\u00e3o","author":"noticiasribeiraopreto.com.br","date":"17 de January de 2024","format":false,"excerpt":"Um grave acidente envolvendo dois ve\u00edculos provocou uma verdadeira trag\u00e9dia que teve cen\u00e1rio a rodovia BR-280.De acordo com as primeiras informa\u00e7\u00f5es repassadas pelas autoridades locais respons\u00e1veis pelo atendimento da ocorr\u00eancia, a colis\u00e3o violenta aconteceu na altura da cidade de Canoinhas, localizada na regi\u00e3o do Planalto Norte do estado de Santa\u2026","rel":"","context":"In &quot;Blog&quot;","block_context":{"text":"Blog","link":"https:\/\/noticiasribeiraopreto.com.br\/index.php\/category\/blog\/"},"img":{"alt_text":"","src":"https:\/\/i0.wp.com\/noticiasribeiraopreto.com.br\/wp-content\/uploads\/2024\/01\/postimg-65a8304ced6827072.jpg?fit=1200%2C675&ssl=1&resize=350%2C200","width":350,"height":200,"srcset":"https:\/\/i0.wp.com\/noticiasribeiraopreto.com.br\/wp-content\/uploads\/2024\/01\/postimg-65a8304ced6827072.jpg?fit=1200%2C675&ssl=1&resize=350%2C200 1x, https:\/\/i0.wp.com\/noticiasribeiraopreto.com.br\/wp-content\/uploads\/2024\/01\/postimg-65a8304ced6827072.jpg?fit=1200%2C675&ssl=1&resize=525%2C300 1.5x, https:\/\/i0.wp.com\/noticiasribeiraopreto.com.br\/wp-content\/uploads\/2024\/01\/postimg-65a8304ced6827072.jpg?fit=1200%2C675&ssl=1&resize=700%2C400 2x, https:\/\/i0.wp.com\/noticiasribeiraopreto.com.br\/wp-content\/uploads\/2024\/01\/postimg-65a8304ced6827072.jpg?fit=1200%2C675&ssl=1&resize=1050%2C600 3x"},"classes":[]},{"id":80929,"url":"https:\/\/noticiasribeiraopreto.com.br\/index.php\/2025\/12\/18\/video-colisao-em-cruzamento-deixa-ferido-na-zona-oeste\/","url_meta":{"origin":75141,"position":3},"title":"V\u00cdDEO &#8211; Colis\u00e3o em cruzamento deixa ferido na zona Oeste","author":"noticiasribeiraopreto.com.br","date":"18 de December de 2025","format":false,"excerpt":"\r \r \r Suspeita \u00e9 que um dos ve\u00edculos n\u00e3o tenha parado no sinal vermelho e ocorreu batida, seguida pelo tombamento de um dos carros\r \r 18 de dezembro de 2025 11:4218 de dezembro de 2025 11:42 \r Compartilhar2 \r Por: Adalberto Luque Uma colis\u00e3o entre dois carros deixou uma\u2026","rel":"","context":"In &quot;Not\u00edcias de Ribeir\u00e3o Preto-SP e Regi\u00e3o&quot;","block_context":{"text":"Not\u00edcias de Ribeir\u00e3o Preto-SP e Regi\u00e3o","link":"https:\/\/noticiasribeiraopreto.com.br\/index.php\/category\/noticias-de-ribeirao-preto-sp-e-regiao-ismael-colosi\/"},"img":{"alt_text":"","src":"https:\/\/i0.wp.com\/noticiasribeiraopreto.com.br\/wp-content\/uploads\/2025\/12\/18-dez-2025-acidentevv-scaled.jpg?fit=1200%2C556&ssl=1&resize=350%2C200","width":350,"height":200,"srcset":"https:\/\/i0.wp.com\/noticiasribeiraopreto.com.br\/wp-content\/uploads\/2025\/12\/18-dez-2025-acidentevv-scaled.jpg?fit=1200%2C556&ssl=1&resize=350%2C200 1x, https:\/\/i0.wp.com\/noticiasribeiraopreto.com.br\/wp-content\/uploads\/2025\/12\/18-dez-2025-acidentevv-scaled.jpg?fit=1200%2C556&ssl=1&resize=525%2C300 1.5x, https:\/\/i0.wp.com\/noticiasribeiraopreto.com.br\/wp-content\/uploads\/2025\/12\/18-dez-2025-acidentevv-scaled.jpg?fit=1200%2C556&ssl=1&resize=700%2C400 2x, https:\/\/i0.wp.com\/noticiasribeiraopreto.com.br\/wp-content\/uploads\/2025\/12\/18-dez-2025-acidentevv-scaled.jpg?fit=1200%2C556&ssl=1&resize=1050%2C600 3x"},"classes":[]},{"id":25523,"url":"https:\/\/noticiasribeiraopreto.com.br\/index.php\/2024\/01\/07\/quem-sao-as-vitimas-fatais-do-grave-acidente-na-br-282-que-deixou-varios-feridos-entre-eles-uma-crianca-em-estado-grave\/","url_meta":{"origin":75141,"position":4},"title":"Quem s\u00e3o as v\u00edtimas fatais do grave acidente na BR-282, que deixou v\u00e1rios feridos, entre eles uma crian\u00e7a em estado grave","author":"noticiasribeiraopreto.com.br","date":"7 de January de 2024","format":false,"excerpt":"Na manh\u00e3 deste \u00faltimo s\u00e1bado (6), um s\u00e9rio acidente de tr\u00e2nsito ocorreu na rodovia BR-282, na altura do munic\u00edpio de Xanxer\u00ea, localizado na regi\u00e3o Oeste de Santa Catarina, resultando em duas v\u00edtimas fatais e sete feridos.Os socorristas do Corpo de Bombeiros, respons\u00e1veis pelo atendimento da ocorr\u00eancia informaram que a colis\u00e3o\u2026","rel":"","context":"In &quot;Blog&quot;","block_context":{"text":"Blog","link":"https:\/\/noticiasribeiraopreto.com.br\/index.php\/category\/blog\/"},"img":{"alt_text":"","src":"https:\/\/i0.wp.com\/noticiasribeiraopreto.com.br\/wp-content\/uploads\/2024\/01\/postimg-659ae460a29672334.jpg?fit=1200%2C628&ssl=1&resize=350%2C200","width":350,"height":200,"srcset":"https:\/\/i0.wp.com\/noticiasribeiraopreto.com.br\/wp-content\/uploads\/2024\/01\/postimg-659ae460a29672334.jpg?fit=1200%2C628&ssl=1&resize=350%2C200 1x, https:\/\/i0.wp.com\/noticiasribeiraopreto.com.br\/wp-content\/uploads\/2024\/01\/postimg-659ae460a29672334.jpg?fit=1200%2C628&ssl=1&resize=525%2C300 1.5x, https:\/\/i0.wp.com\/noticiasribeiraopreto.com.br\/wp-content\/uploads\/2024\/01\/postimg-659ae460a29672334.jpg?fit=1200%2C628&ssl=1&resize=700%2C400 2x, https:\/\/i0.wp.com\/noticiasribeiraopreto.com.br\/wp-content\/uploads\/2024\/01\/postimg-659ae460a29672334.jpg?fit=1200%2C628&ssl=1&resize=1050%2C600 3x"},"classes":[]},{"id":78052,"url":"https:\/\/noticiasribeiraopreto.com.br\/index.php\/2025\/10\/01\/dois-feridos-em-acidente-na-rodovia-da-morte\/","url_meta":{"origin":75141,"position":5},"title":"Dois feridos em acidente na \u201crodovia da morte\u201d","author":"noticiasribeiraopreto.com.br","date":"1 de October de 2025","format":false,"excerpt":"Colis\u00e3o envolveu carreta e um ve\u00edculo que transportava um port\u00e3o no semirreboque 1 de outubro de 2025 12:451 de outubro de 2025 12:478 Compartilhar1 Por: Adalberto Luque Um acidente deixou dois feridos graves, na manh\u00e3 desta quarta-feira (1\u00ba). A colis\u00e3o ocorreu na Rodovia Deputado Cunha Bueno (SP-253), altura do km\u2026","rel":"","context":"In &quot;Not\u00edcias de Ribeir\u00e3o Preto-SP e Regi\u00e3o&quot;","block_context":{"text":"Not\u00edcias de Ribeir\u00e3o Preto-SP e Regi\u00e3o","link":"https:\/\/noticiasribeiraopreto.com.br\/index.php\/category\/noticias-de-ribeirao-preto-sp-e-regiao-ismael-colosi\/"},"img":{"alt_text":"","src":"https:\/\/i0.wp.com\/noticiasribeiraopreto.com.br\/wp-content\/uploads\/2025\/10\/01-out-2025-acidentepradopolis1.jpg?fit=779%2C780&ssl=1&resize=350%2C200","width":350,"height":200,"srcset":"https:\/\/i0.wp.com\/noticiasribeiraopreto.com.br\/wp-content\/uploads\/2025\/10\/01-out-2025-acidentepradopolis1.jpg?fit=779%2C780&ssl=1&resize=350%2C200 1x, https:\/\/i0.wp.com\/noticiasribeiraopreto.com.br\/wp-content\/uploads\/2025\/10\/01-out-2025-acidentepradopolis1.jpg?fit=779%2C780&ssl=1&resize=525%2C300 1.5x, https:\/\/i0.wp.com\/noticiasribeiraopreto.com.br\/wp-content\/uploads\/2025\/10\/01-out-2025-acidentepradopolis1.jpg?fit=779%2C780&ssl=1&resize=700%2C400 2x"},"classes":[]}],"jetpack_sharing_enabled":true,"jetpack_shortlink":"https:\/\/wp.me\/peQAOb-jxX","_links":{"self":[{"href":"https:\/\/noticiasribeiraopreto.com.br\/index.php\/wp-json\/wp\/v2\/posts\/75141","targetHints":{"allow":["GET"]}}],"collection":[{"href":"https:\/\/noticiasribeiraopreto.com.br\/index.php\/wp-json\/wp\/v2\/posts"}],"about":[{"href":"https:\/\/noticiasribeiraopreto.com.br\/index.php\/wp-json\/wp\/v2\/types\/post"}],"author":[{"embeddable":true,"href":"https:\/\/noticiasribeiraopreto.com.br\/index.php\/wp-json\/wp\/v2\/users\/1"}],"replies":[{"embeddable":true,"href":"https:\/\/noticiasribeiraopreto.com.br\/index.php\/wp-json\/wp\/v2\/comments?post=75141"}],"version-history":[{"count":0,"href":"https:\/\/noticiasribeiraopreto.com.br\/index.php\/wp-json\/wp\/v2\/posts\/75141\/revisions"}],"wp:featuredmedia":[{"embeddable":true,"href":"https:\/\/noticiasribeiraopreto.com.br\/index.php\/wp-json\/wp\/v2\/media\/75142"}],"wp:attachment":[{"href":"https:\/\/noticiasribeiraopreto.com.br\/index.php\/wp-json\/wp\/v2\/media?parent=75141"}],"wp:term":[{"taxonomy":"category","embeddable":true,"href":"https:\/\/noticiasribeiraopreto.com.br\/index.php\/wp-json\/wp\/v2\/categories?post=75141"},{"taxonomy":"post_tag","embeddable":true,"href":"https:\/\/noticiasribeiraopreto.com.br\/index.php\/wp-json\/wp\/v2\/tags?post=75141"}],"curies":[{"name":"wp","href":"https:\/\/api.w.org\/{rel}","templated":true}]}}