{"id":75145,"date":"2025-08-04T15:55:32","date_gmt":"2025-08-04T18:55:32","guid":{"rendered":"https:\/\/noticiasribeiraopreto.com.br\/index.php\/2025\/08\/04\/do-campo-ao-streaming-ex-jogador-do-botafogo-de-ribeirao-atuara-em-serie-da-netflix\/"},"modified":"2025-08-04T15:55:32","modified_gmt":"2025-08-04T18:55:32","slug":"do-campo-ao-streaming-ex-jogador-do-botafogo-de-ribeirao-atuara-em-serie-da-netflix","status":"publish","type":"post","link":"https:\/\/noticiasribeiraopreto.com.br\/index.php\/2025\/08\/04\/do-campo-ao-streaming-ex-jogador-do-botafogo-de-ribeirao-atuara-em-serie-da-netflix\/","title":{"rendered":"Do campo ao streaming: ex-jogador do Botafogo de Ribeir\u00e3o atuar\u00e1 em s\u00e9rie da Netflix"},"content":{"rendered":"<div class='code-block code-block-1' style='margin: 8px 0 8px auto; text-align: right; display: block; clear: both;'>\n<p><a href=\"https:\/\/wa.link\/vpicfd\"><img data-recalc-dims=\"1\" class=\"wp-image-4922\" style=\"aspect-ratio: 2.0253164556962027; width: 561px; height: auto;\" src=\"https:\/\/i0.wp.com\/ismaelcolosi.com.br\/wp-content\/uploads\/2023\/11\/grupo-de-empregos-whatsapp-e-facebook-ismael-colosi-vagas.jpg?ssl=1\" alt=\"\" \/><\/a><\/p>\n<!-- \/wp:image -->\n<\/div>\n<p> <br \/>\n<\/p>\n<div>\n<p>A <strong>Netflix <\/strong>iniciou a produ\u00e7\u00e3o da s\u00e9rie <em>\u201cBrasil 70, A Saga do Tri\u201d<\/em>, que r<strong>etrata os bastidores da conquista do tricampeonato mundial da Sele\u00e7\u00e3o Brasileira<\/strong>. O elenco conta com atores que interpretar\u00e3o nomes hist\u00f3ricos do futebol, como Pel\u00e9, Tost\u00e3o, Jairzinho, Rivellino, Carlos Alberto, entre outros.<\/p>\n<p><strong>O ex-volante Fillipe Soutto<\/strong>, que atuou pelo <strong>Botafogo de Ribeir\u00e3o Preto entre 2022 e 2024<\/strong>, integra o elenco da produ\u00e7\u00e3o. <strong>Ele dar\u00e1 vida ao personagem G\u00e9rson<\/strong>, meio-campista da sele\u00e7\u00e3o de 1970. <mark style=\"background-color:#fcb900\" class=\"has-inline-color\">Soutto ser\u00e1 o \u00fanico ex-jogador profissional entre os atores da s\u00e9rie.<\/mark><\/p>\n<p>A s\u00e9rie ainda re\u00fane nomes como Rodrigo Santoro, Bruno Mazzeo, Bruna Mascarenhas, Ravel Andrade, Caio Cabral e Daniel Blanco. A produ\u00e7\u00e3o ter\u00e1 estreia prevista para 2026, ano do centen\u00e1rio da Confedera\u00e7\u00e3o Brasileira de Futebol.<\/p>\n<blockquote class=\"instagram-media\" data-instgrm-permalink=\"https:\/\/www.instagram.com\/p\/DMNbTvuvMRD\/?utm_source=ig_embed&amp;utm_campaign=loading\" data-instgrm-version=\"14\" style=\"background:#FFF;border:0;border-radius:3px;margin: 1px;max-width:540px;min-width:326px;padding:0;width:99.375%;width:-webkit-calc(100% - 2px);width:calc(100% - 2px)\"\/>\n<h3 class=\"wp-block-heading\"><strong>Passagens pelo Pantera<\/strong><\/h3>\n<p>No Pantera, <strong>Soutto participou de 90 partidas<\/strong>. Em <strong>2022<\/strong>, disputou <strong>41 jogos<\/strong>, marcou tr\u00eas gols e deu uma assist\u00eancia.<strong> Contribuiu para o acesso da equipe \u00e0 S\u00e9rie B do Campeonato Brasileiro.<\/strong> Em <strong>2023<\/strong>, atuou 19 vezes, mas uma <strong>les\u00e3o no joelho o afastou do restante da temporada<\/strong>. No ano seguinte, jogou 30 vezes, sendo quatro partidas pelo time alternativo na Copa Paulista.<\/p>\n<p><strong>G\u00e9rson<\/strong>, personagem vivido por Soutto, <strong>foi um dos principais nomes da Copa de 1970<\/strong>. Na carreira, defendeu Flamengo, Botafogo, S\u00e3o Paulo e Fluminense. Ap\u00f3s se aposentar, passou a trabalhar como comentarista esportivo.<\/p>\n<hr class=\"wp-block-separator has-alpha-channel-opacity\"\/>\n<p>SAIBA MAIS<br \/>Ribeir\u00e3o Preto recebe espet\u00e1culo de dan\u00e7a com foco em sa\u00fade mental e inclus\u00e3o<\/p>\n<h3 class=\"wp-block-heading\"><strong>FIQUE ON\u00a0\u00a0\u00a0\u00a0\u00a0\u00a0\u00a0\u00a0\u00a0<\/strong><\/h3>\n<p>Quer ficar por dentro de tudo que acontece em Ribeir\u00e3o Preto e regi\u00e3o? Ent\u00e3o siga os perfis do\u202facidade on\u202fno\u202f<a href=\"https:\/\/www.instagram.com\/acidadeonribeirao\" target=\"_blank\" rel=\"noreferrer noopener\">Instagram<\/a>\u202fe no\u202f<a href=\"https:\/\/www.facebook.com\/acidadeonribeirao\/\" target=\"_blank\" rel=\"noreferrer noopener\">Facebook<\/a>.<\/p>\n<p>Al\u00e9m disso, voc\u00ea pode receber as principais not\u00edcias diretamente no WhatsApp. Para isso, basta\u00a0<a href=\"https:\/\/chat.whatsapp.com\/BjKQZ9oJwlz8VVT50NuePq\" target=\"_blank\" rel=\"noreferrer noopener\">entrar no grupo clicando aqui<\/a>.<\/p>\n<p>Por fim, se quiser fazer uma den\u00fancia ou sugerir uma reportagem sobre Ribeir\u00e3o Preto e regi\u00e3o, envie uma mensagem pelo WhatsApp: (16) 99117-7802.<\/p>\n<p>VEJA TAMB\u00c9M<br \/>Ben Barnes ser\u00e1 Sirius Black na s\u00e9rie de \u2018Harry Potter\u2019?<\/p>\n<p><!-- AI CONTENT END 1 -->\n<\/div>\n<p><script async src=\"\/\/www.instagram.com\/embed.js\"><\/script><br \/>\n<br \/><br \/>\n<br \/><a href=\"https:\/\/www.acidadeon.com\/ribeiraopreto\/esportes\/do-campo-ao-streaming-ex-jogador-do-botafogo-de-ribeirao-atuara-em-serie-da-netflix\/\">Source link <\/a><\/p>\n<!-- CONTENT END 1 -->\n","protected":false},"excerpt":{"rendered":"<p>A Netflix iniciou a produ\u00e7\u00e3o da s\u00e9rie \u201cBrasil 70, A Saga do Tri\u201d, que retrata os bastidores da conquista do tricampeonato mundial da Sele\u00e7\u00e3o Brasileira&#8230;.<\/p>\n","protected":false},"author":1,"featured_media":75146,"comment_status":"open","ping_status":"open","sticky":false,"template":"","format":"standard","meta":{"advanced_seo_description":"","jetpack_seo_html_title":"","jetpack_seo_noindex":false,"jetpack_post_was_ever_published":false,"_jetpack_newsletter_access":"","_jetpack_dont_email_post_to_subs":false,"_jetpack_newsletter_tier_id":0,"_jetpack_memberships_contains_paywalled_content":false,"_jetpack_memberships_contains_paid_content":false,"footnotes":"","jetpack_publicize_message":"","jetpack_publicize_feature_enabled":true,"jetpack_social_post_already_shared":true,"jetpack_social_options":{"image_generator_settings":{"template":"highway","default_image_id":0,"font":"","enabled":false},"version":2}},"categories":[11],"tags":[],"class_list":["post-75145","post","type-post","status-publish","format-standard","has-post-thumbnail","hentry","category-noticias-de-ribeirao-preto-sp-e-regiao-ismael-colosi"],"jetpack_publicize_connections":[],"jetpack_featured_media_url":"https:\/\/i0.wp.com\/noticiasribeiraopreto.com.br\/wp-content\/uploads\/2025\/08\/Copia-de-Copia-de-Copia-de-TAMANHO-EXATO-PARA-FOTOS-NO-SISTEMA-NOVO-2025-08-04T150550.019_2025-08-04_18-06-21.webp.webp?fit=1200%2C675&ssl=1","jetpack-related-posts":[{"id":79074,"url":"https:\/\/noticiasribeiraopreto.com.br\/index.php\/2025\/10\/23\/ator-de-serie-da-netflix-e-o-novo-gerente-de-futebol-do-botafogo-entenda\/","url_meta":{"origin":75145,"position":0},"title":"\u2018Ator\u2019 de s\u00e9rie da Netflix \u00e9 o novo gerente de futebol do Botafogo; Entenda","author":"noticiasribeiraopreto.com.br","date":"23 de October de 2025","format":false,"excerpt":"O Botafogo anunciou nesta quinta-feira (23) o ex-jogador Fillipe Soutto como gerente de futebol. Fora dos gramados, Fillipe Soutto tamb\u00e9m interpretou o papel de Gerson em s\u00e9rie da Netflix sobre o tricampeonato mundial da sele\u00e7\u00e3o brasileira. Al\u00e9m do novo gerente de futebol, o Botafogo oficializou Andr\u00e9 Leite como diretor de\u2026","rel":"","context":"In &quot;Not\u00edcias de Ribeir\u00e3o Preto-SP e Regi\u00e3o&quot;","block_context":{"text":"Not\u00edcias de Ribeir\u00e3o Preto-SP e Regi\u00e3o","link":"https:\/\/noticiasribeiraopreto.com.br\/index.php\/category\/noticias-de-ribeirao-preto-sp-e-regiao-ismael-colosi\/"},"img":{"alt_text":"","src":"https:\/\/i0.wp.com\/noticiasribeiraopreto.com.br\/wp-content\/uploads\/2025\/10\/fillipe-soutto-e-bruno-mazzeo_2025-10-23_16-11-53.webp.webp?fit=1078%2C824&ssl=1&resize=350%2C200","width":350,"height":200,"srcset":"https:\/\/i0.wp.com\/noticiasribeiraopreto.com.br\/wp-content\/uploads\/2025\/10\/fillipe-soutto-e-bruno-mazzeo_2025-10-23_16-11-53.webp.webp?fit=1078%2C824&ssl=1&resize=350%2C200 1x, https:\/\/i0.wp.com\/noticiasribeiraopreto.com.br\/wp-content\/uploads\/2025\/10\/fillipe-soutto-e-bruno-mazzeo_2025-10-23_16-11-53.webp.webp?fit=1078%2C824&ssl=1&resize=525%2C300 1.5x, https:\/\/i0.wp.com\/noticiasribeiraopreto.com.br\/wp-content\/uploads\/2025\/10\/fillipe-soutto-e-bruno-mazzeo_2025-10-23_16-11-53.webp.webp?fit=1078%2C824&ssl=1&resize=700%2C400 2x, https:\/\/i0.wp.com\/noticiasribeiraopreto.com.br\/wp-content\/uploads\/2025\/10\/fillipe-soutto-e-bruno-mazzeo_2025-10-23_16-11-53.webp.webp?fit=1078%2C824&ssl=1&resize=1050%2C600 3x"},"classes":[]},{"id":60943,"url":"https:\/\/noticiasribeiraopreto.com.br\/index.php\/2024\/11\/29\/conheca-o-ator-de-ribeirao-preto-que-participa-da-serie-senna-da-netflix\/","url_meta":{"origin":75145,"position":1},"title":"Conhe\u00e7a o ator de Ribeir\u00e3o Preto que participa da s\u00e9rie &#8216;Senna&#8217;, da Netflix","author":"noticiasribeiraopreto.com.br","date":"29 de November de 2024","format":false,"excerpt":"A s\u00e9rie \u201cSenna\u201d, lan\u00e7ada nesta sexta-feira (29), conta a hist\u00f3ria de Ayrton Senna, um dos maiores pilotos de F\u00f3rmula 1 de todos os tempos. A s\u00e9rie est\u00e1 dispon\u00edvel na plataforma de streaming Netflix e conta com o ator Felipe Prioli, de Ribeir\u00e3o Preto. Ele interpretou o ex-piloto italiano Riccardo Patrese.\u2026","rel":"","context":"In &quot;Not\u00edcias de Ribeir\u00e3o Preto-SP e Regi\u00e3o&quot;","block_context":{"text":"Not\u00edcias de Ribeir\u00e3o Preto-SP e Regi\u00e3o","link":"https:\/\/noticiasribeiraopreto.com.br\/index.php\/category\/noticias-de-ribeirao-preto-sp-e-regiao-ismael-colosi\/"},"img":{"alt_text":"","src":"https:\/\/i0.wp.com\/noticiasribeiraopreto.com.br\/wp-content\/uploads\/2024\/11\/IMG_5947_2024-11-29_16-26-53_jpg_2024-11-29_16-26-53.webp.webp?fit=1200%2C800&ssl=1&resize=350%2C200","width":350,"height":200,"srcset":"https:\/\/i0.wp.com\/noticiasribeiraopreto.com.br\/wp-content\/uploads\/2024\/11\/IMG_5947_2024-11-29_16-26-53_jpg_2024-11-29_16-26-53.webp.webp?fit=1200%2C800&ssl=1&resize=350%2C200 1x, https:\/\/i0.wp.com\/noticiasribeiraopreto.com.br\/wp-content\/uploads\/2024\/11\/IMG_5947_2024-11-29_16-26-53_jpg_2024-11-29_16-26-53.webp.webp?fit=1200%2C800&ssl=1&resize=525%2C300 1.5x, https:\/\/i0.wp.com\/noticiasribeiraopreto.com.br\/wp-content\/uploads\/2024\/11\/IMG_5947_2024-11-29_16-26-53_jpg_2024-11-29_16-26-53.webp.webp?fit=1200%2C800&ssl=1&resize=700%2C400 2x, https:\/\/i0.wp.com\/noticiasribeiraopreto.com.br\/wp-content\/uploads\/2024\/11\/IMG_5947_2024-11-29_16-26-53_jpg_2024-11-29_16-26-53.webp.webp?fit=1200%2C800&ssl=1&resize=1050%2C600 3x"},"classes":[]},{"id":62919,"url":"https:\/\/noticiasribeiraopreto.com.br\/index.php\/2025\/01\/28\/diretor-de-ainda-estou-aqui-dirige-serie-documental-sobre-socrates\/","url_meta":{"origin":75145,"position":2},"title":"Diretor de &#8216;Ainda Estou Aqui&#8217; dirige s\u00e9rie documental sobre S\u00f3crates","author":"noticiasribeiraopreto.com.br","date":"28 de January de 2025","format":false,"excerpt":"O renomado diretor Walter Salles, que disputa o Oscar de Melhor Filme com \u201cAinda Estou Aqui\u201d, est\u00e1 \u00e0 frente da produ\u00e7\u00e3o de \u201cS\u00f3crates Brasileiro\u201d, uma s\u00e9rie documental sobre o ribeir\u00e3o-pretano e ex-jogador de futebol S\u00f3crates, um dos maiores \u00edcones do Corinthians e da sele\u00e7\u00e3o brasileira. A produ\u00e7\u00e3o de quatro epis\u00f3dios,\u2026","rel":"","context":"In &quot;Not\u00edcias de Ribeir\u00e3o Preto-SP e Regi\u00e3o&quot;","block_context":{"text":"Not\u00edcias de Ribeir\u00e3o Preto-SP e Regi\u00e3o","link":"https:\/\/noticiasribeiraopreto.com.br\/index.php\/category\/noticias-de-ribeirao-preto-sp-e-regiao-ismael-colosi\/"},"img":{"alt_text":"","src":"https:\/\/i0.wp.com\/noticiasribeiraopreto.com.br\/wp-content\/uploads\/2025\/01\/socrates-2.jpeg?fit=1200%2C675&ssl=1&resize=350%2C200","width":350,"height":200,"srcset":"https:\/\/i0.wp.com\/noticiasribeiraopreto.com.br\/wp-content\/uploads\/2025\/01\/socrates-2.jpeg?fit=1200%2C675&ssl=1&resize=350%2C200 1x, https:\/\/i0.wp.com\/noticiasribeiraopreto.com.br\/wp-content\/uploads\/2025\/01\/socrates-2.jpeg?fit=1200%2C675&ssl=1&resize=525%2C300 1.5x, https:\/\/i0.wp.com\/noticiasribeiraopreto.com.br\/wp-content\/uploads\/2025\/01\/socrates-2.jpeg?fit=1200%2C675&ssl=1&resize=700%2C400 2x, https:\/\/i0.wp.com\/noticiasribeiraopreto.com.br\/wp-content\/uploads\/2025\/01\/socrates-2.jpeg?fit=1200%2C675&ssl=1&resize=1050%2C600 3x"},"classes":[]},{"id":25544,"url":"https:\/\/noticiasribeiraopreto.com.br\/index.php\/2024\/01\/07\/com-reforcos-gringos-bota-se-prepara-para-temporada\/","url_meta":{"origin":75145,"position":3},"title":"Com refor\u00e7os gringos, Bota se prepara para temporada\u00a0\u00a0","author":"noticiasribeiraopreto.com.br","date":"7 de January de 2024","format":false,"excerpt":"Ano novo, vida nova e tudo come\u00e7a outra vez. Assim \u00e9 a vida e assim \u00e9 para os clubes de futebol. No Botafogo n\u00e3o \u00e9 diferente e a prepara\u00e7\u00e3o para a temporada de 2024 est\u00e1 a todo vapor. O clube vai participar do Paulist\u00e3o, Copa do Brasil e S\u00e9rie B.\u2026","rel":"","context":"In &quot;Not\u00edcias de Ribeir\u00e3o Preto-SP e Regi\u00e3o&quot;","block_context":{"text":"Not\u00edcias de Ribeir\u00e3o Preto-SP e Regi\u00e3o","link":"https:\/\/noticiasribeiraopreto.com.br\/index.php\/category\/noticias-de-ribeirao-preto-sp-e-regiao-ismael-colosi\/"},"img":{"alt_text":"","src":"https:\/\/i0.wp.com\/noticiasribeiraopreto.com.br\/wp-content\/uploads\/2024\/01\/Botafogo-Leandro-Maciel-1-scaled.jpg?fit=967%2C645&ssl=1&resize=350%2C200","width":350,"height":200,"srcset":"https:\/\/i0.wp.com\/noticiasribeiraopreto.com.br\/wp-content\/uploads\/2024\/01\/Botafogo-Leandro-Maciel-1-scaled.jpg?fit=967%2C645&ssl=1&resize=350%2C200 1x, https:\/\/i0.wp.com\/noticiasribeiraopreto.com.br\/wp-content\/uploads\/2024\/01\/Botafogo-Leandro-Maciel-1-scaled.jpg?fit=967%2C645&ssl=1&resize=525%2C300 1.5x, https:\/\/i0.wp.com\/noticiasribeiraopreto.com.br\/wp-content\/uploads\/2024\/01\/Botafogo-Leandro-Maciel-1-scaled.jpg?fit=967%2C645&ssl=1&resize=700%2C400 2x"},"classes":[]},{"id":79056,"url":"https:\/\/noticiasribeiraopreto.com.br\/index.php\/2025\/10\/23\/fillipe-soutto-volta-ao-botafogo-como-gerente-de-futebol\/","url_meta":{"origin":75145,"position":4},"title":"Fillipe Soutto volta ao Botafogo como gerente de futebol","author":"noticiasribeiraopreto.com.br","date":"23 de October de 2025","format":false,"excerpt":"Ex-volante e capit\u00e3o do Pantera ser\u00e1, ao lado de Andr\u00e9 Leite, respons\u00e1vel pelo Departamento de Futebol do clube 23 de outubro de 2025 13:4623 de outubro de 2025 13:499 Compartilhar1 Por Hugo Luque O Botafogo anunciou, nesta quinta-feira (23), o retorno de Fillipe Soutto ao clube, agora para ocupar o\u2026","rel":"","context":"In &quot;Not\u00edcias de Ribeir\u00e3o Preto-SP e Regi\u00e3o&quot;","block_context":{"text":"Not\u00edcias de Ribeir\u00e3o Preto-SP e Regi\u00e3o","link":"https:\/\/noticiasribeiraopreto.com.br\/index.php\/category\/noticias-de-ribeirao-preto-sp-e-regiao-ismael-colosi\/"},"img":{"alt_text":"","src":"https:\/\/i0.wp.com\/noticiasribeiraopreto.com.br\/wp-content\/uploads\/2025\/10\/VOL-Fillipe-Soutto-Raul-Ramos.jpg?fit=799%2C533&ssl=1&resize=350%2C200","width":350,"height":200,"srcset":"https:\/\/i0.wp.com\/noticiasribeiraopreto.com.br\/wp-content\/uploads\/2025\/10\/VOL-Fillipe-Soutto-Raul-Ramos.jpg?fit=799%2C533&ssl=1&resize=350%2C200 1x, https:\/\/i0.wp.com\/noticiasribeiraopreto.com.br\/wp-content\/uploads\/2025\/10\/VOL-Fillipe-Soutto-Raul-Ramos.jpg?fit=799%2C533&ssl=1&resize=525%2C300 1.5x, https:\/\/i0.wp.com\/noticiasribeiraopreto.com.br\/wp-content\/uploads\/2025\/10\/VOL-Fillipe-Soutto-Raul-Ramos.jpg?fit=799%2C533&ssl=1&resize=700%2C400 2x"},"classes":[]},{"id":58243,"url":"https:\/\/noticiasribeiraopreto.com.br\/index.php\/2024\/09\/22\/saiba-quem-e-o-jogador-do-botafogo-convocado-para-selecao-brasileira-sub-20\/","url_meta":{"origin":75145,"position":5},"title":"Saiba quem \u00e9 o jogador do Botafogo convocado para sele\u00e7\u00e3o brasileira sub-20","author":"noticiasribeiraopreto.com.br","date":"22 de September de 2024","format":false,"excerpt":"O meio-campista Jo\u00e3o Costa, de 19 anos, titular do Botafogo na S\u00e9rie B do Campeonato Brasileiro, foi convocado para a sele\u00e7\u00e3o brasileira sub-20. A CBF (Confedera\u00e7\u00e3o Brasileira de Futebol) anunciou a convoca\u00e7\u00e3o na noite de sexta-feira (20), atrav\u00e9s de seu site oficial. O treinador Ramon Menezes convocou 23 jogadores para\u2026","rel":"","context":"In &quot;Not\u00edcias de Ribeir\u00e3o Preto-SP e Regi\u00e3o&quot;","block_context":{"text":"Not\u00edcias de Ribeir\u00e3o Preto-SP e Regi\u00e3o","link":"https:\/\/noticiasribeiraopreto.com.br\/index.php\/category\/noticias-de-ribeirao-preto-sp-e-regiao-ismael-colosi\/"},"img":{"alt_text":"","src":"https:\/\/i0.wp.com\/noticiasribeiraopreto.com.br\/wp-content\/uploads\/2024\/09\/JOAO-COSTA_2024-09-22_17-11-14_jpg_2024-09-22_17-11-15.webp.webp?fit=1200%2C696&ssl=1&resize=350%2C200","width":350,"height":200,"srcset":"https:\/\/i0.wp.com\/noticiasribeiraopreto.com.br\/wp-content\/uploads\/2024\/09\/JOAO-COSTA_2024-09-22_17-11-14_jpg_2024-09-22_17-11-15.webp.webp?fit=1200%2C696&ssl=1&resize=350%2C200 1x, https:\/\/i0.wp.com\/noticiasribeiraopreto.com.br\/wp-content\/uploads\/2024\/09\/JOAO-COSTA_2024-09-22_17-11-14_jpg_2024-09-22_17-11-15.webp.webp?fit=1200%2C696&ssl=1&resize=525%2C300 1.5x, https:\/\/i0.wp.com\/noticiasribeiraopreto.com.br\/wp-content\/uploads\/2024\/09\/JOAO-COSTA_2024-09-22_17-11-14_jpg_2024-09-22_17-11-15.webp.webp?fit=1200%2C696&ssl=1&resize=700%2C400 2x, https:\/\/i0.wp.com\/noticiasribeiraopreto.com.br\/wp-content\/uploads\/2024\/09\/JOAO-COSTA_2024-09-22_17-11-14_jpg_2024-09-22_17-11-15.webp.webp?fit=1200%2C696&ssl=1&resize=1050%2C600 3x"},"classes":[]}],"jetpack_sharing_enabled":true,"jetpack_shortlink":"https:\/\/wp.me\/peQAOb-jy1","_links":{"self":[{"href":"https:\/\/noticiasribeiraopreto.com.br\/index.php\/wp-json\/wp\/v2\/posts\/75145","targetHints":{"allow":["GET"]}}],"collection":[{"href":"https:\/\/noticiasribeiraopreto.com.br\/index.php\/wp-json\/wp\/v2\/posts"}],"about":[{"href":"https:\/\/noticiasribeiraopreto.com.br\/index.php\/wp-json\/wp\/v2\/types\/post"}],"author":[{"embeddable":true,"href":"https:\/\/noticiasribeiraopreto.com.br\/index.php\/wp-json\/wp\/v2\/users\/1"}],"replies":[{"embeddable":true,"href":"https:\/\/noticiasribeiraopreto.com.br\/index.php\/wp-json\/wp\/v2\/comments?post=75145"}],"version-history":[{"count":0,"href":"https:\/\/noticiasribeiraopreto.com.br\/index.php\/wp-json\/wp\/v2\/posts\/75145\/revisions"}],"wp:featuredmedia":[{"embeddable":true,"href":"https:\/\/noticiasribeiraopreto.com.br\/index.php\/wp-json\/wp\/v2\/media\/75146"}],"wp:attachment":[{"href":"https:\/\/noticiasribeiraopreto.com.br\/index.php\/wp-json\/wp\/v2\/media?parent=75145"}],"wp:term":[{"taxonomy":"category","embeddable":true,"href":"https:\/\/noticiasribeiraopreto.com.br\/index.php\/wp-json\/wp\/v2\/categories?post=75145"},{"taxonomy":"post_tag","embeddable":true,"href":"https:\/\/noticiasribeiraopreto.com.br\/index.php\/wp-json\/wp\/v2\/tags?post=75145"}],"curies":[{"name":"wp","href":"https:\/\/api.w.org\/{rel}","templated":true}]}}