{"id":75149,"date":"2025-08-04T16:11:40","date_gmt":"2025-08-04T19:11:40","guid":{"rendered":"https:\/\/noticiasribeiraopreto.com.br\/index.php\/2025\/08\/04\/usp-ribeirao-abre-inscricoes-para-cursinho-pre-vestibular-gratuito-veja-como-participar\/"},"modified":"2025-08-04T16:11:40","modified_gmt":"2025-08-04T19:11:40","slug":"usp-ribeirao-abre-inscricoes-para-cursinho-pre-vestibular-gratuito-veja-como-participar","status":"publish","type":"post","link":"https:\/\/noticiasribeiraopreto.com.br\/index.php\/2025\/08\/04\/usp-ribeirao-abre-inscricoes-para-cursinho-pre-vestibular-gratuito-veja-como-participar\/","title":{"rendered":"USP Ribeir\u00e3o abre inscri\u00e7\u00f5es para cursinho pr\u00e9-vestibular gratuito; veja como participar"},"content":{"rendered":"<div class='code-block code-block-1' style='margin: 8px 0 8px auto; text-align: right; display: block; clear: both;'>\n<p><a href=\"https:\/\/wa.link\/vpicfd\"><img data-recalc-dims=\"1\" class=\"wp-image-4922\" style=\"aspect-ratio: 2.0253164556962027; width: 561px; height: auto;\" src=\"https:\/\/i0.wp.com\/ismaelcolosi.com.br\/wp-content\/uploads\/2023\/11\/grupo-de-empregos-whatsapp-e-facebook-ismael-colosi-vagas.jpg?ssl=1\" alt=\"\" \/><\/a><\/p>\n<!-- \/wp:image -->\n<\/div>\n<p> <br \/>\n<\/p>\n<div data-td-block-uid=\"tdi_95\">\n<div class=\"tdb-block-inner td-fix-index\">\n<p>A <strong>Faculdade de Filosofia<\/strong>, <strong>Ci\u00eancias <\/strong>e<strong> Letras de Ribeir\u00e3o Preto (FFCLRP) da USP abriu inscri\u00e7\u00f5es<\/strong> para seu <mark style=\"background-color:#fcb900\" class=\"has-inline-color\">cursinho pr\u00e9-vestibular gratuito<\/mark>. O programa, destinado a estudantes de escolas p\u00fablicas que conclu\u00edram ou cursam o ensino m\u00e9dio, prepara para os processos seletivos universit\u00e1rios.<\/p>\n<p>O curso integra o <strong>Projeto de Ensino Interdisciplinar Comunit\u00e1rio (Peic)<\/strong>, uma iniciativa volunt\u00e1ria de alunos e ex-alunos da USP. As aulas visam oferecer uma forma\u00e7\u00e3o em quatro \u00e1reas: <strong>Linguagens e Comunica\u00e7\u00e3o<\/strong>, <strong>Ci\u00eancias Naturais<\/strong>, <strong>Ci\u00eancias Humanas <\/strong>e <strong>Ci\u00eancias Exatas.<\/strong><\/p>\n<h3 class=\"wp-block-heading\"><strong>Inscri\u00e7\u00f5es<\/strong><\/h3>\n<p>Interessados devem preencher o formul\u00e1rio de inscri\u00e7\u00e3o at\u00e9 <strong>8 de agosto<\/strong> \u2013 <a href=\"https:\/\/sites.google.com\/view\/curso-peic\/in%C3%ADcio\" data-type=\"link\" data-id=\"https:\/\/sites.google.com\/view\/curso-peic\/in%C3%ADcio\" target=\"_blank\" rel=\"noopener\">clique aqui<\/a>. O in\u00edcio das aulas est\u00e1 marcado para <strong>18 de agosto<\/strong>. As atividades ocorrem de segunda a quinta-feira, <strong>das 19h \u00e0s 22h<\/strong>, na sede da FFCLRP.<\/p>\n<p>Na primeira semana, <strong>os alunos participam de uma assembleia para a organiza\u00e7\u00e3o dos hor\u00e1rios.<\/strong> A metodologia do curso envolve a colabora\u00e7\u00e3o de tr\u00eas a quatro professores por noite, que ministram as aulas em conjunto, organizados por \u00e1rea do conhecimento.<\/p>\n<hr class=\"wp-block-separator has-alpha-channel-opacity\"\/>\n<p>SAIBA MAIS<br \/>Ribeir\u00e3o Preto recebe espet\u00e1culo de dan\u00e7a com foco em sa\u00fade mental e inclus\u00e3o<\/p>\n<h3 class=\"wp-block-heading\"><strong>FIQUE ON\u00a0\u00a0\u00a0\u00a0\u00a0\u00a0\u00a0\u00a0\u00a0<\/strong><\/h3>\n<p>Quer ficar por dentro de tudo que acontece em Ribeir\u00e3o Preto e regi\u00e3o? Ent\u00e3o siga os perfis do\u202facidade on\u202fno\u202f<a href=\"https:\/\/www.instagram.com\/acidadeonribeirao\" target=\"_blank\" rel=\"noreferrer noopener\">Instagram<\/a>\u202fe no\u202f<a href=\"https:\/\/www.facebook.com\/acidadeonribeirao\/\" target=\"_blank\" rel=\"noreferrer noopener\">Facebook<\/a>.<\/p>\n<p>Al\u00e9m disso, voc\u00ea pode receber as principais not\u00edcias diretamente no WhatsApp. Para isso, basta\u00a0<a href=\"https:\/\/chat.whatsapp.com\/BjKQZ9oJwlz8VVT50NuePq\" target=\"_blank\" rel=\"noreferrer noopener\">entrar no grupo clicando aqui<\/a>.<\/p>\n<p>Por fim, se quiser fazer uma den\u00fancia ou sugerir uma reportagem sobre Ribeir\u00e3o Preto e regi\u00e3o, envie uma mensagem pelo WhatsApp: (16) 99117-7802.<\/p>\n<p>VEJA TAMB\u00c9M<br \/>Ben Barnes ser\u00e1 Sirius Black na s\u00e9rie de \u2018Harry Potter\u2019?<\/p>\n<p><!-- AI CONTENT END 1 -->\n<\/div>\n<\/div>\n<p><script async src=\"\/\/www.instagram.com\/embed.js\"><\/script><br \/>\n<br \/><br \/>\n<br \/><a href=\"https:\/\/www.acidadeon.com\/ribeiraopreto\/cotidiano\/usp-ribeirao-abre-inscricoes-para-cursinho-pre-vestibular-gratuito-veja-como-participar\/\">Source link <\/a><\/p>\n<!-- CONTENT END 1 -->\n","protected":false},"excerpt":{"rendered":"<p>A Faculdade de Filosofia, Ci\u00eancias e Letras de Ribeir\u00e3o Preto (FFCLRP) da USP abriu inscri\u00e7\u00f5es para seu cursinho pr\u00e9-vestibular gratuito. O programa, destinado a estudantes&#8230;<\/p>\n","protected":false},"author":1,"featured_media":75150,"comment_status":"open","ping_status":"open","sticky":false,"template":"","format":"standard","meta":{"advanced_seo_description":"","jetpack_seo_html_title":"","jetpack_seo_noindex":false,"jetpack_post_was_ever_published":false,"_jetpack_newsletter_access":"","_jetpack_dont_email_post_to_subs":false,"_jetpack_newsletter_tier_id":0,"_jetpack_memberships_contains_paywalled_content":false,"_jetpack_memberships_contains_paid_content":false,"footnotes":"","jetpack_publicize_message":"","jetpack_publicize_feature_enabled":true,"jetpack_social_post_already_shared":true,"jetpack_social_options":{"image_generator_settings":{"template":"highway","default_image_id":0,"font":"","enabled":false},"version":2}},"categories":[11],"tags":[],"class_list":["post-75149","post","type-post","status-publish","format-standard","has-post-thumbnail","hentry","category-noticias-de-ribeirao-preto-sp-e-regiao-ismael-colosi"],"jetpack_publicize_connections":[],"jetpack_featured_media_url":"https:\/\/i0.wp.com\/noticiasribeiraopreto.com.br\/wp-content\/uploads\/2025\/08\/Copia-de-Copia-de-Copia-de-TAMANHO-EXATO-PARA-FOTOS-NO-SISTEMA-NOVO-2025-08-04T143428.110_2025-08-04_17-34-46.webp.webp?fit=1200%2C675&ssl=1","jetpack-related-posts":[{"id":62428,"url":"https:\/\/noticiasribeiraopreto.com.br\/index.php\/2025\/01\/14\/cursinho-pre-vestibular-gratuito-da-usp-abre-inscricoes-em-ribeirao\/","url_meta":{"origin":75149,"position":0},"title":"Cursinho pr\u00e9-vestibular gratuito da USP abre inscri\u00e7\u00f5es em Ribeir\u00e3o","author":"noticiasribeiraopreto.com.br","date":"14 de January de 2025","format":false,"excerpt":"A Faculdade de Filosofia, Ci\u00eancias e Letras de Ribeir\u00e3o Preto da USP (Universidade de S\u00e3o Paulo) abre nesta ter\u00e7a-feira (14) as inscri\u00e7\u00f5es para o cursinho pr\u00e9-vestibular gratuito, o Hipatya. O cadastro pode ser realizado at\u00e9 o dia 28 de fevereiro. As vagas s\u00e3o voltadas para estudantes de baixa renda provenientes\u2026","rel":"","context":"In &quot;Not\u00edcias de Ribeir\u00e3o Preto-SP e Regi\u00e3o&quot;","block_context":{"text":"Not\u00edcias de Ribeir\u00e3o Preto-SP e Regi\u00e3o","link":"https:\/\/noticiasribeiraopreto.com.br\/index.php\/category\/noticias-de-ribeirao-preto-sp-e-regiao-ismael-colosi\/"},"img":{"alt_text":"","src":"https:\/\/i0.wp.com\/noticiasribeiraopreto.com.br\/wp-content\/uploads\/2025\/01\/estudante_vestibular_1024x576_18082021083859.jpg?fit=1024%2C576&ssl=1&resize=350%2C200","width":350,"height":200,"srcset":"https:\/\/i0.wp.com\/noticiasribeiraopreto.com.br\/wp-content\/uploads\/2025\/01\/estudante_vestibular_1024x576_18082021083859.jpg?fit=1024%2C576&ssl=1&resize=350%2C200 1x, https:\/\/i0.wp.com\/noticiasribeiraopreto.com.br\/wp-content\/uploads\/2025\/01\/estudante_vestibular_1024x576_18082021083859.jpg?fit=1024%2C576&ssl=1&resize=525%2C300 1.5x, https:\/\/i0.wp.com\/noticiasribeiraopreto.com.br\/wp-content\/uploads\/2025\/01\/estudante_vestibular_1024x576_18082021083859.jpg?fit=1024%2C576&ssl=1&resize=700%2C400 2x"},"classes":[]},{"id":31666,"url":"https:\/\/noticiasribeiraopreto.com.br\/index.php\/2024\/01\/23\/cursinho-pre-vestibular-da-usp-ribeirao-esta-com-inscricoes-abertas-saiba-como-participar\/","url_meta":{"origin":75149,"position":1},"title":"Cursinho pr\u00e9-vestibular da USP Ribeir\u00e3o est\u00e1 com inscri\u00e7\u00f5es abertas; Saiba como participar","author":"noticiasribeiraopreto.com.br","date":"23 de January de 2024","format":false,"excerpt":"Est\u00e3o abertas as inscri\u00e7\u00f5es para o cursinho popular da Faculdade de Ci\u00eancias Farmac\u00eauticas de Ribeir\u00e3o Preto (FCFRP) da USP (Universidade de S\u00e3o Paulo). As aulas s\u00e3o oferecidas de maneira extensiva e completamente gratuita. Podem participar da sele\u00e7\u00e3o estudantes que conclu\u00edram o ensino m\u00e9dio ou ainda est\u00e3o cursando, desde que n\u00e3o\u2026","rel":"","context":"In &quot;Not\u00edcias de Ribeir\u00e3o Preto-SP e Regi\u00e3o&quot;","block_context":{"text":"Not\u00edcias de Ribeir\u00e3o Preto-SP e Regi\u00e3o","link":"https:\/\/noticiasribeiraopreto.com.br\/index.php\/category\/noticias-de-ribeirao-preto-sp-e-regiao-ismael-colosi\/"},"img":{"alt_text":"","src":"https:\/\/i0.wp.com\/noticiasribeiraopreto.com.br\/wp-content\/uploads\/2024\/01\/escrevendo_aluno_1200x675_30062022170131.jpg?fit=1200%2C674&ssl=1&resize=350%2C200","width":350,"height":200,"srcset":"https:\/\/i0.wp.com\/noticiasribeiraopreto.com.br\/wp-content\/uploads\/2024\/01\/escrevendo_aluno_1200x675_30062022170131.jpg?fit=1200%2C674&ssl=1&resize=350%2C200 1x, https:\/\/i0.wp.com\/noticiasribeiraopreto.com.br\/wp-content\/uploads\/2024\/01\/escrevendo_aluno_1200x675_30062022170131.jpg?fit=1200%2C674&ssl=1&resize=525%2C300 1.5x, https:\/\/i0.wp.com\/noticiasribeiraopreto.com.br\/wp-content\/uploads\/2024\/01\/escrevendo_aluno_1200x675_30062022170131.jpg?fit=1200%2C674&ssl=1&resize=700%2C400 2x, https:\/\/i0.wp.com\/noticiasribeiraopreto.com.br\/wp-content\/uploads\/2024\/01\/escrevendo_aluno_1200x675_30062022170131.jpg?fit=1200%2C674&ssl=1&resize=1050%2C600 3x"},"classes":[]},{"id":26158,"url":"https:\/\/noticiasribeiraopreto.com.br\/index.php\/2024\/01\/09\/cursinho-pre-vestibular-da-usp-de-ribeirao-esta-com-as-inscricoes-abertas\/","url_meta":{"origin":75149,"position":2},"title":"Cursinho pr\u00e9-vestibular da USP de Ribeir\u00e3o est\u00e1 com as inscri\u00e7\u00f5es abertas","author":"noticiasribeiraopreto.com.br","date":"9 de January de 2024","format":false,"excerpt":"Est\u00e3o abertas as inscri\u00e7\u00f5es do cursinho pr\u00e9-vestibular dos alunos da FEA-RP (Faculdade de Economia, Administra\u00e7\u00e3o e Contabilidade de Ribeir\u00e3o Preto) da USP (Universidade de S\u00e3o Paulo). As inscri\u00e7\u00f5es devem ser realizadas no perfil do Instagram do cursinho (clique aqui) at\u00e9 as 15h do dia 29 de janeiro. O cursinho \u00e9\u2026","rel":"","context":"In &quot;Not\u00edcias de Ribeir\u00e3o Preto-SP e Regi\u00e3o&quot;","block_context":{"text":"Not\u00edcias de Ribeir\u00e3o Preto-SP e Regi\u00e3o","link":"https:\/\/noticiasribeiraopreto.com.br\/index.php\/category\/noticias-de-ribeirao-preto-sp-e-regiao-ismael-colosi\/"},"img":{"alt_text":"","src":"https:\/\/i0.wp.com\/noticiasribeiraopreto.com.br\/wp-content\/uploads\/2024\/01\/fea-usp-ribeirao-preto.jpg?fit=1200%2C800&ssl=1&resize=350%2C200","width":350,"height":200,"srcset":"https:\/\/i0.wp.com\/noticiasribeiraopreto.com.br\/wp-content\/uploads\/2024\/01\/fea-usp-ribeirao-preto.jpg?fit=1200%2C800&ssl=1&resize=350%2C200 1x, https:\/\/i0.wp.com\/noticiasribeiraopreto.com.br\/wp-content\/uploads\/2024\/01\/fea-usp-ribeirao-preto.jpg?fit=1200%2C800&ssl=1&resize=525%2C300 1.5x, https:\/\/i0.wp.com\/noticiasribeiraopreto.com.br\/wp-content\/uploads\/2024\/01\/fea-usp-ribeirao-preto.jpg?fit=1200%2C800&ssl=1&resize=700%2C400 2x, https:\/\/i0.wp.com\/noticiasribeiraopreto.com.br\/wp-content\/uploads\/2024\/01\/fea-usp-ribeirao-preto.jpg?fit=1200%2C800&ssl=1&resize=1050%2C600 3x"},"classes":[]},{"id":63631,"url":"https:\/\/noticiasribeiraopreto.com.br\/index.php\/2025\/02\/18\/cursinho-gratuito-da-usp-esta-com-as-inscricoes-abertas-veja-como-participar\/","url_meta":{"origin":75149,"position":3},"title":"Cursinho gratuito da USP est\u00e1 com as inscri\u00e7\u00f5es abertas; Veja como participar","author":"noticiasribeiraopreto.com.br","date":"18 de February de 2025","format":false,"excerpt":"A\u00a0Faculdade de Filosofia, Ci\u00eancias e Letras de Ribeir\u00e3o Preto da USP (Universidade de S\u00e3o Paulo)\u00a0est\u00e1 com inscri\u00e7\u00f5es abertas para o cursinho interdisciplinar\u00a0gratuito, o\u00a0PEIC. O cadastro pode ser realizado at\u00e9 o dia\u00a05 de mar\u00e7o \u2013 veja abaixo. As vagas s\u00e3o voltadas para estudantes do ensino m\u00e9dio. O cursinho tem o intuito\u2026","rel":"","context":"In &quot;Not\u00edcias de Ribeir\u00e3o Preto-SP e Regi\u00e3o&quot;","block_context":{"text":"Not\u00edcias de Ribeir\u00e3o Preto-SP e Regi\u00e3o","link":"https:\/\/noticiasribeiraopreto.com.br\/index.php\/category\/noticias-de-ribeirao-preto-sp-e-regiao-ismael-colosi\/"},"img":{"alt_text":"","src":"https:\/\/i0.wp.com\/noticiasribeiraopreto.com.br\/wp-content\/uploads\/2025\/02\/escrevendo_aluno_1200x675_30062022170131.jpg?fit=1200%2C674&ssl=1&resize=350%2C200","width":350,"height":200,"srcset":"https:\/\/i0.wp.com\/noticiasribeiraopreto.com.br\/wp-content\/uploads\/2025\/02\/escrevendo_aluno_1200x675_30062022170131.jpg?fit=1200%2C674&ssl=1&resize=350%2C200 1x, https:\/\/i0.wp.com\/noticiasribeiraopreto.com.br\/wp-content\/uploads\/2025\/02\/escrevendo_aluno_1200x675_30062022170131.jpg?fit=1200%2C674&ssl=1&resize=525%2C300 1.5x, https:\/\/i0.wp.com\/noticiasribeiraopreto.com.br\/wp-content\/uploads\/2025\/02\/escrevendo_aluno_1200x675_30062022170131.jpg?fit=1200%2C674&ssl=1&resize=700%2C400 2x, https:\/\/i0.wp.com\/noticiasribeiraopreto.com.br\/wp-content\/uploads\/2025\/02\/escrevendo_aluno_1200x675_30062022170131.jpg?fit=1200%2C674&ssl=1&resize=1050%2C600 3x"},"classes":[]},{"id":80563,"url":"https:\/\/noticiasribeiraopreto.com.br\/index.php\/2025\/12\/06\/usp-abre-inscricoes-para-cursinho-pre-vestibular-da-fmrp-veja-como-se-inscrever\/","url_meta":{"origin":75149,"position":4},"title":"USP abre inscri\u00e7\u00f5es para cursinho pr\u00e9-vestibular da FMRP; Veja como se inscrever","author":"noticiasribeiraopreto.com.br","date":"6 de December de 2025","format":false,"excerpt":"Est\u00e3o abertas as inscri\u00e7\u00f5es para o cursinho pr\u00e9-vestibular organizado pelos alunos de gradua\u00e7\u00e3o da Faculdade de Medicina de Ribeir\u00e3o Preto (FMRP) da Universidade de Ribeir\u00e3o Preto (USP). O objetivo \u00e9 preparar os estudantes para os vestibulares de ingresso nas universidades p\u00fablicas e para o Exame Nacional do Ensino M\u00e9dio (Enem).\u2026","rel":"","context":"In &quot;Not\u00edcias de Ribeir\u00e3o Preto-SP e Regi\u00e3o&quot;","block_context":{"text":"Not\u00edcias de Ribeir\u00e3o Preto-SP e Regi\u00e3o","link":"https:\/\/noticiasribeiraopreto.com.br\/index.php\/category\/noticias-de-ribeirao-preto-sp-e-regiao-ismael-colosi\/"},"img":{"alt_text":"","src":"https:\/\/i0.wp.com\/noticiasribeiraopreto.com.br\/wp-content\/uploads\/2025\/12\/20251204_cursinho-popular-medicina_2025-12-05_21-20-26-1024x538.webp.webp?fit=1024%2C538&ssl=1&resize=350%2C200","width":350,"height":200,"srcset":"https:\/\/i0.wp.com\/noticiasribeiraopreto.com.br\/wp-content\/uploads\/2025\/12\/20251204_cursinho-popular-medicina_2025-12-05_21-20-26-1024x538.webp.webp?fit=1024%2C538&ssl=1&resize=350%2C200 1x, https:\/\/i0.wp.com\/noticiasribeiraopreto.com.br\/wp-content\/uploads\/2025\/12\/20251204_cursinho-popular-medicina_2025-12-05_21-20-26-1024x538.webp.webp?fit=1024%2C538&ssl=1&resize=525%2C300 1.5x, https:\/\/i0.wp.com\/noticiasribeiraopreto.com.br\/wp-content\/uploads\/2025\/12\/20251204_cursinho-popular-medicina_2025-12-05_21-20-26-1024x538.webp.webp?fit=1024%2C538&ssl=1&resize=700%2C400 2x"},"classes":[]},{"id":56954,"url":"https:\/\/noticiasribeiraopreto.com.br\/index.php\/2024\/08\/19\/quer-estudar-na-usp-ribeirao-preto-inscricoes-da-fuvest-comecam-hoje\/","url_meta":{"origin":75149,"position":5},"title":"Quer estudar na USP Ribeir\u00e3o Preto? Inscri\u00e7\u00f5es da Fuvest come\u00e7am hoje","author":"noticiasribeiraopreto.com.br","date":"19 de August de 2024","format":false,"excerpt":"Come\u00e7am \u00e0s 12h desta segunda-feira (19) as inscri\u00e7\u00f5es para Fuvest, vestibular que d\u00e1 acesso \u00e0 USP (Universidade de S\u00e3o Paulo). Ao todo, s\u00e3o 8.147 vagas disponibilizadas no vestibular, sendo 4.888 de ampla concorr\u00eancia, 2.053 reservadas para estudantes de escolas p\u00fablicas e 1.206 vagas para estudantes de escolas p\u00fablicas PPI (pretos\u2026","rel":"","context":"In &quot;Not\u00edcias de Ribeir\u00e3o Preto-SP e Regi\u00e3o&quot;","block_context":{"text":"Not\u00edcias de Ribeir\u00e3o Preto-SP e Regi\u00e3o","link":"https:\/\/noticiasribeiraopreto.com.br\/index.php\/category\/noticias-de-ribeirao-preto-sp-e-regiao-ismael-colosi\/"},"img":{"alt_text":"","src":"https:\/\/i0.wp.com\/noticiasribeiraopreto.com.br\/wp-content\/uploads\/2024\/08\/20170216_00_campus_ribeirao1.webp.webp?fit=800%2C420&ssl=1&resize=350%2C200","width":350,"height":200,"srcset":"https:\/\/i0.wp.com\/noticiasribeiraopreto.com.br\/wp-content\/uploads\/2024\/08\/20170216_00_campus_ribeirao1.webp.webp?fit=800%2C420&ssl=1&resize=350%2C200 1x, https:\/\/i0.wp.com\/noticiasribeiraopreto.com.br\/wp-content\/uploads\/2024\/08\/20170216_00_campus_ribeirao1.webp.webp?fit=800%2C420&ssl=1&resize=525%2C300 1.5x, https:\/\/i0.wp.com\/noticiasribeiraopreto.com.br\/wp-content\/uploads\/2024\/08\/20170216_00_campus_ribeirao1.webp.webp?fit=800%2C420&ssl=1&resize=700%2C400 2x"},"classes":[]}],"jetpack_sharing_enabled":true,"jetpack_shortlink":"https:\/\/wp.me\/peQAOb-jy5","_links":{"self":[{"href":"https:\/\/noticiasribeiraopreto.com.br\/index.php\/wp-json\/wp\/v2\/posts\/75149","targetHints":{"allow":["GET"]}}],"collection":[{"href":"https:\/\/noticiasribeiraopreto.com.br\/index.php\/wp-json\/wp\/v2\/posts"}],"about":[{"href":"https:\/\/noticiasribeiraopreto.com.br\/index.php\/wp-json\/wp\/v2\/types\/post"}],"author":[{"embeddable":true,"href":"https:\/\/noticiasribeiraopreto.com.br\/index.php\/wp-json\/wp\/v2\/users\/1"}],"replies":[{"embeddable":true,"href":"https:\/\/noticiasribeiraopreto.com.br\/index.php\/wp-json\/wp\/v2\/comments?post=75149"}],"version-history":[{"count":0,"href":"https:\/\/noticiasribeiraopreto.com.br\/index.php\/wp-json\/wp\/v2\/posts\/75149\/revisions"}],"wp:featuredmedia":[{"embeddable":true,"href":"https:\/\/noticiasribeiraopreto.com.br\/index.php\/wp-json\/wp\/v2\/media\/75150"}],"wp:attachment":[{"href":"https:\/\/noticiasribeiraopreto.com.br\/index.php\/wp-json\/wp\/v2\/media?parent=75149"}],"wp:term":[{"taxonomy":"category","embeddable":true,"href":"https:\/\/noticiasribeiraopreto.com.br\/index.php\/wp-json\/wp\/v2\/categories?post=75149"},{"taxonomy":"post_tag","embeddable":true,"href":"https:\/\/noticiasribeiraopreto.com.br\/index.php\/wp-json\/wp\/v2\/tags?post=75149"}],"curies":[{"name":"wp","href":"https:\/\/api.w.org\/{rel}","templated":true}]}}