{"id":75155,"date":"2025-08-04T18:57:06","date_gmt":"2025-08-04T21:57:06","guid":{"rendered":"https:\/\/noticiasribeiraopreto.com.br\/index.php\/2025\/08\/04\/jair-bolsonaro-tem-prisao-domiciliar-decretada\/"},"modified":"2025-08-04T18:57:06","modified_gmt":"2025-08-04T21:57:06","slug":"jair-bolsonaro-tem-prisao-domiciliar-decretada","status":"publish","type":"post","link":"https:\/\/noticiasribeiraopreto.com.br\/index.php\/2025\/08\/04\/jair-bolsonaro-tem-prisao-domiciliar-decretada\/","title":{"rendered":"Jair Bolsonaro tem pris\u00e3o domiciliar decretada"},"content":{"rendered":"<div class='code-block code-block-1' style='margin: 8px 0 8px auto; text-align: right; display: block; clear: both;'>\n<p><a href=\"https:\/\/wa.link\/vpicfd\"><img data-recalc-dims=\"1\" class=\"wp-image-4922\" style=\"aspect-ratio: 2.0253164556962027; width: 561px; height: auto;\" src=\"https:\/\/i0.wp.com\/ismaelcolosi.com.br\/wp-content\/uploads\/2023\/11\/grupo-de-empregos-whatsapp-e-facebook-ismael-colosi-vagas.jpg?ssl=1\" alt=\"\" \/><\/a><\/p>\n<!-- \/wp:image -->\n<\/div>\n<p> <br \/>\n<\/p>\n<div data-td-block-uid=\"tdi_95\">\n<div class=\"tdb-block-inner td-fix-index\">\n<p>O ministro Alexandre de Moraes, do Supremo Tribunal Federal (STF), <strong>determinou nesta segunda-feira (4) que o ex-presidente Jair Bolsonaro (PL) cumpra pris\u00e3o domiciliar.<\/strong> A decis\u00e3o ocorre no \u00e2mbito da investiga\u00e7\u00e3o sobre a tentativa de golpe de Estado ap\u00f3s as elei\u00e7\u00f5es de 2022.<\/p>\n<h3 class=\"wp-block-heading\"><strong>Descumprimento de medidas cautelares<\/strong><\/h3>\n<p><strong>Moraes apontou que Bolsonaro desrespeitou as restri\u00e7\u00f5es anteriores ao usar redes sociais de aliados<\/strong>, incluindo seus tr\u00eas filhos parlamentares, para divulgar mensagens com ataques ao STF e apoio \u00e0 interven\u00e7\u00e3o estrangeira no Judici\u00e1rio.<\/p>\n<p>Mesmo fora das pr\u00f3prias redes, <strong>Bolsonaro continuou influenciando o debate pol\u00edtico e driblando as proibi\u00e7\u00f5es ao produzir conte\u00fado para terceiros<\/strong>, segundo o ministro.<\/p>\n<p>A decis\u00e3o determina que Bolsonaro use <strong>tornozeleira eletr\u00f4nica<\/strong>, <strong>entregue os celulares dispon\u00edveis no local<\/strong> e <strong>receba apenas familiares pr\u00f3ximos e advogados<\/strong>. Moraes considerou que as medidas mais r\u00edgidas s\u00e3o necess\u00e1rias para evitar novas infra\u00e7\u00f5es.<\/p>\n<p><em><sup>Com informa\u00e7\u00f5es do G1<\/sup><\/em><\/p>\n<hr class=\"wp-block-separator has-alpha-channel-opacity\"\/>\n<h4 class=\"wp-block-heading\">SAIBA MAIS<\/h4>\n<p>Do campo ao streaming: ex-jogador do Botafogo de Ribeir\u00e3o atuar\u00e1 em s\u00e9rie da Netflix<\/p>\n<h3 class=\"wp-block-heading\"><strong>FIQUE ON\u00a0\u00a0\u00a0\u00a0\u00a0\u00a0\u00a0\u00a0\u00a0<\/strong><\/h3>\n<p>Quer ficar por dentro de tudo que acontece em Ribeir\u00e3o Preto e regi\u00e3o? Ent\u00e3o siga os perfis do\u202facidade on\u202fno\u202f<a href=\"https:\/\/www.instagram.com\/acidadeonribeirao\" target=\"_blank\" rel=\"noreferrer noopener\">Instagram<\/a>\u202fe no\u202f<a href=\"https:\/\/www.facebook.com\/acidadeonribeirao\/\" target=\"_blank\" rel=\"noreferrer noopener\">Facebook<\/a>.<\/p>\n<p>Al\u00e9m disso, voc\u00ea pode receber as principais not\u00edcias diretamente no WhatsApp. Para isso, basta\u00a0<a href=\"https:\/\/chat.whatsapp.com\/BjKQZ9oJwlz8VVT50NuePq\" target=\"_blank\" rel=\"noreferrer noopener\">entrar no grupo clicando aqui<\/a>.<\/p>\n<p>Por fim, se quiser fazer uma den\u00fancia ou sugerir uma reportagem sobre Ribeir\u00e3o Preto e regi\u00e3o, envie uma mensagem pelo WhatsApp: (16) 99117-7802.<\/p>\n<p>VEJA TAMB\u00c9M<br \/>Ben Barnes ser\u00e1 Sirius Black na s\u00e9rie de \u2018Harry Potter\u2019?<\/p>\n<p><!-- AI CONTENT END 1 -->\n<\/div>\n<\/div>\n<p><script async src=\"\/\/www.instagram.com\/embed.js\"><\/script><br \/>\n<br \/><br \/>\n<br \/><a href=\"https:\/\/www.acidadeon.com\/ribeiraopreto\/politica\/jair-bolsonaro-tem-prisao-domiciliar-decretada\/\">Source link <\/a><\/p>\n<!-- CONTENT END 1 -->\n","protected":false},"excerpt":{"rendered":"<p>O ministro Alexandre de Moraes, do Supremo Tribunal Federal (STF), determinou nesta segunda-feira (4) que o ex-presidente Jair Bolsonaro (PL) cumpra pris\u00e3o domiciliar. A decis\u00e3o&#8230;<\/p>\n","protected":false},"author":1,"featured_media":75156,"comment_status":"open","ping_status":"open","sticky":false,"template":"","format":"standard","meta":{"advanced_seo_description":"","jetpack_seo_html_title":"","jetpack_seo_noindex":false,"jetpack_post_was_ever_published":false,"_jetpack_newsletter_access":"","_jetpack_dont_email_post_to_subs":false,"_jetpack_newsletter_tier_id":0,"_jetpack_memberships_contains_paywalled_content":false,"_jetpack_memberships_contains_paid_content":false,"footnotes":"","jetpack_publicize_message":"","jetpack_publicize_feature_enabled":true,"jetpack_social_post_already_shared":true,"jetpack_social_options":{"image_generator_settings":{"template":"highway","default_image_id":0,"font":"","enabled":false},"version":2}},"categories":[11],"tags":[],"class_list":["post-75155","post","type-post","status-publish","format-standard","has-post-thumbnail","hentry","category-noticias-de-ribeirao-preto-sp-e-regiao-ismael-colosi"],"jetpack_publicize_connections":[],"jetpack_featured_media_url":"https:\/\/i0.wp.com\/noticiasribeiraopreto.com.br\/wp-content\/uploads\/2025\/08\/bolsonaro.jpg?fit=1200%2C798&ssl=1","jetpack-related-posts":[{"id":75153,"url":"https:\/\/noticiasribeiraopreto.com.br\/index.php\/2025\/08\/04\/moraes-decreta-prisao-domiciliar-de-bolsonaro\/","url_meta":{"origin":75155,"position":0},"title":"Moraes decreta pris\u00e3o domiciliar de Bolsonaro","author":"noticiasribeiraopreto.com.br","date":"4 de August de 2025","format":false,"excerpt":"4 de agosto de 2025 18:230 Compartilhar0 O ministro Alexandre de Moraes, do Supremo Tribunal Federal (STF) decretou nesta segunda-feira (4) a pris\u00e3o domiciliar do ex-presidente Jair Bolsonaro. Moraes justificou que descumpriu as medidas cautelares impostas a ele, por ter veiculado conte\u00fado nas redes sociais dos filhos. Moraes determinou que\u2026","rel":"","context":"In &quot;Not\u00edcias de Ribeir\u00e3o Preto-SP e Regi\u00e3o&quot;","block_context":{"text":"Not\u00edcias de Ribeir\u00e3o Preto-SP e Regi\u00e3o","link":"https:\/\/noticiasribeiraopreto.com.br\/index.php\/category\/noticias-de-ribeirao-preto-sp-e-regiao-ismael-colosi\/"},"img":{"alt_text":"","src":"https:\/\/i0.wp.com\/noticiasribeiraopreto.com.br\/wp-content\/uploads\/2025\/08\/moraes.jpeg?fit=1170%2C700&ssl=1&resize=350%2C200","width":350,"height":200,"srcset":"https:\/\/i0.wp.com\/noticiasribeiraopreto.com.br\/wp-content\/uploads\/2025\/08\/moraes.jpeg?fit=1170%2C700&ssl=1&resize=350%2C200 1x, https:\/\/i0.wp.com\/noticiasribeiraopreto.com.br\/wp-content\/uploads\/2025\/08\/moraes.jpeg?fit=1170%2C700&ssl=1&resize=525%2C300 1.5x, https:\/\/i0.wp.com\/noticiasribeiraopreto.com.br\/wp-content\/uploads\/2025\/08\/moraes.jpeg?fit=1170%2C700&ssl=1&resize=700%2C400 2x, https:\/\/i0.wp.com\/noticiasribeiraopreto.com.br\/wp-content\/uploads\/2025\/08\/moraes.jpeg?fit=1170%2C700&ssl=1&resize=1050%2C600 3x"},"classes":[]},{"id":79069,"url":"https:\/\/noticiasribeiraopreto.com.br\/index.php\/2025\/10\/23\/camara-de-ribeirao-preto-quer-entregar-titulo-para-bolsonaro-em-prisao-domiciliar\/","url_meta":{"origin":75155,"position":1},"title":"C\u00e2mara de Ribeir\u00e3o Preto quer entregar t\u00edtulo para Bolsonaro em pris\u00e3o domiciliar","author":"noticiasribeiraopreto.com.br","date":"23 de October de 2025","format":false,"excerpt":"O presidente da C\u00e2mara Municipal de Ribeir\u00e3o Preto, vereador Isaac Antunes (PL), solicitou autoriza\u00e7\u00e3o ao ministro do Supremo Tribunal Federal (STF), Alexandre de Moraes, para entregar pessoalmente o t\u00edtulo de Cidad\u00e3o Ribeir\u00e3o-Pretano ao ex-presidente Jair Messias Bolsonaro. O pedido foi apresentado no processo em que o ex-presidente cumpre pris\u00e3o domiciliar\u2026","rel":"","context":"In &quot;Not\u00edcias de Ribeir\u00e3o Preto-SP e Regi\u00e3o&quot;","block_context":{"text":"Not\u00edcias de Ribeir\u00e3o Preto-SP e Regi\u00e3o","link":"https:\/\/noticiasribeiraopreto.com.br\/index.php\/category\/noticias-de-ribeirao-preto-sp-e-regiao-ismael-colosi\/"},"img":{"alt_text":"","src":"https:\/\/i0.wp.com\/noticiasribeiraopreto.com.br\/wp-content\/uploads\/2025\/09\/lula5925.webp.webp?fit=1170%2C700&ssl=1&resize=350%2C200","width":350,"height":200,"srcset":"https:\/\/i0.wp.com\/noticiasribeiraopreto.com.br\/wp-content\/uploads\/2025\/09\/lula5925.webp.webp?fit=1170%2C700&ssl=1&resize=350%2C200 1x, https:\/\/i0.wp.com\/noticiasribeiraopreto.com.br\/wp-content\/uploads\/2025\/09\/lula5925.webp.webp?fit=1170%2C700&ssl=1&resize=525%2C300 1.5x, https:\/\/i0.wp.com\/noticiasribeiraopreto.com.br\/wp-content\/uploads\/2025\/09\/lula5925.webp.webp?fit=1170%2C700&ssl=1&resize=700%2C400 2x, https:\/\/i0.wp.com\/noticiasribeiraopreto.com.br\/wp-content\/uploads\/2025\/09\/lula5925.webp.webp?fit=1170%2C700&ssl=1&resize=1050%2C600 3x"},"classes":[]},{"id":82900,"url":"https:\/\/noticiasribeiraopreto.com.br\/index.php\/2026\/03\/02\/moraes-nega-prisao-domiciliar-a-bolsonaro\/","url_meta":{"origin":75155,"position":2},"title":"Moraes nega pris\u00e3o domiciliar a Bolsonaro","author":"noticiasribeiraopreto.com.br","date":"2 de March de 2026","format":false,"excerpt":"\r \r \r 2 de mar\u00e7o de 2026 16:22 \r Compartilhar0 O ministro Alexandre de Moraes, do Supremo Tribunal Federal (STF), negou nesta segunda-feira (2) pedido de pris\u00e3o domiciliar ao ex-presidente Jair Bolsonaro. Na decis\u00e3o, o Moraes disse que as instala\u00e7\u00f5es da Papudinha, em Bras\u00edlia, onde o ex-presidente est\u00e1 preso,\u2026","rel":"","context":"In &quot;Not\u00edcias de Ribeir\u00e3o Preto-SP e Regi\u00e3o&quot;","block_context":{"text":"Not\u00edcias de Ribeir\u00e3o Preto-SP e Regi\u00e3o","link":"https:\/\/noticiasribeiraopreto.com.br\/index.php\/category\/noticias-de-ribeirao-preto-sp-e-regiao-ismael-colosi\/"},"img":{"alt_text":"","src":"https:\/\/i0.wp.com\/noticiasribeiraopreto.com.br\/wp-content\/uploads\/2026\/03\/cela-bolsonaro.jpg?fit=1170%2C700&ssl=1&resize=350%2C200","width":350,"height":200,"srcset":"https:\/\/i0.wp.com\/noticiasribeiraopreto.com.br\/wp-content\/uploads\/2026\/03\/cela-bolsonaro.jpg?fit=1170%2C700&ssl=1&resize=350%2C200 1x, https:\/\/i0.wp.com\/noticiasribeiraopreto.com.br\/wp-content\/uploads\/2026\/03\/cela-bolsonaro.jpg?fit=1170%2C700&ssl=1&resize=525%2C300 1.5x, https:\/\/i0.wp.com\/noticiasribeiraopreto.com.br\/wp-content\/uploads\/2026\/03\/cela-bolsonaro.jpg?fit=1170%2C700&ssl=1&resize=700%2C400 2x, https:\/\/i0.wp.com\/noticiasribeiraopreto.com.br\/wp-content\/uploads\/2026\/03\/cela-bolsonaro.jpg?fit=1170%2C700&ssl=1&resize=1050%2C600 3x"},"classes":[]},{"id":83727,"url":"https:\/\/noticiasribeiraopreto.com.br\/index.php\/2026\/03\/24\/moraes-autoriza-que-bolsonaro-cumpra-pena-em-prisao-domiciliar\/","url_meta":{"origin":75155,"position":3},"title":"Moraes autoriza que Bolsonaro cumpra pena em pris\u00e3o domiciliar","author":"noticiasribeiraopreto.com.br","date":"24 de March de 2026","format":false,"excerpt":"O ministro Alexandre de Moraes autorizou, nesta ter\u00e7a-feira (24), a pris\u00e3o domiciliar tempor\u00e1ria do ex-presidente Jair Bolsonaro. A decis\u00e3o acontece enquanto Bolsonaro permanece internado em um hospital de Bras\u00edlia, onde trata complica\u00e7\u00f5es de sa\u00fade. A pris\u00e3o domiciliar tem validade de 90 dias e ser\u00e1 reanalisada pelo ministro ap\u00f3s esse prazo.\u2026","rel":"","context":"In &quot;Not\u00edcias de Ribeir\u00e3o Preto-SP e Regi\u00e3o&quot;","block_context":{"text":"Not\u00edcias de Ribeir\u00e3o Preto-SP e Regi\u00e3o","link":"https:\/\/noticiasribeiraopreto.com.br\/index.php\/category\/noticias-de-ribeirao-preto-sp-e-regiao-ismael-colosi\/"},"img":{"alt_text":"","src":"https:\/\/i0.wp.com\/noticiasribeiraopreto.com.br\/wp-content\/uploads\/2026\/03\/Copia-de-Copia-de-Copia-de-TAMANHO-EXATO-PARA-FOTOS-NO-SISTEMA-NOVO-2025-09-09T090856.652_2025-09-09_12-09-15.webp.webp?fit=1200%2C675&ssl=1&resize=350%2C200","width":350,"height":200,"srcset":"https:\/\/i0.wp.com\/noticiasribeiraopreto.com.br\/wp-content\/uploads\/2026\/03\/Copia-de-Copia-de-Copia-de-TAMANHO-EXATO-PARA-FOTOS-NO-SISTEMA-NOVO-2025-09-09T090856.652_2025-09-09_12-09-15.webp.webp?fit=1200%2C675&ssl=1&resize=350%2C200 1x, https:\/\/i0.wp.com\/noticiasribeiraopreto.com.br\/wp-content\/uploads\/2026\/03\/Copia-de-Copia-de-Copia-de-TAMANHO-EXATO-PARA-FOTOS-NO-SISTEMA-NOVO-2025-09-09T090856.652_2025-09-09_12-09-15.webp.webp?fit=1200%2C675&ssl=1&resize=525%2C300 1.5x, https:\/\/i0.wp.com\/noticiasribeiraopreto.com.br\/wp-content\/uploads\/2026\/03\/Copia-de-Copia-de-Copia-de-TAMANHO-EXATO-PARA-FOTOS-NO-SISTEMA-NOVO-2025-09-09T090856.652_2025-09-09_12-09-15.webp.webp?fit=1200%2C675&ssl=1&resize=700%2C400 2x, https:\/\/i0.wp.com\/noticiasribeiraopreto.com.br\/wp-content\/uploads\/2026\/03\/Copia-de-Copia-de-Copia-de-TAMANHO-EXATO-PARA-FOTOS-NO-SISTEMA-NOVO-2025-09-09T090856.652_2025-09-09_12-09-15.webp.webp?fit=1200%2C675&ssl=1&resize=1050%2C600 3x"},"classes":[]},{"id":79798,"url":"https:\/\/noticiasribeiraopreto.com.br\/index.php\/2025\/11\/07\/stf-forma-maioria-para-manter-condenacao-de-bolsonaro-e-aliados\/","url_meta":{"origin":75155,"position":4},"title":"STF forma maioria para manter condena\u00e7\u00e3o de Bolsonaro e aliados","author":"noticiasribeiraopreto.com.br","date":"7 de November de 2025","format":false,"excerpt":"7 de novembro de 2025 16:552 Compartilhar0 Se o recurso for rejeitado, a pris\u00e3o de Bolsonaro pode ser decretada para o regime fechado Andr\u00e9 Richter \u2013 Rep\u00f3rter da Ag\u00eancia Brasil A Primeira Turma do Supremo Tribunal Federal (STF) formou nesta sexta-feira (7) maioria de votos para manter a condena\u00e7\u00e3o ex-presidente\u2026","rel":"","context":"In &quot;Not\u00edcias de Ribeir\u00e3o Preto-SP e Regi\u00e3o&quot;","block_context":{"text":"Not\u00edcias de Ribeir\u00e3o Preto-SP e Regi\u00e3o","link":"https:\/\/noticiasribeiraopreto.com.br\/index.php\/category\/noticias-de-ribeirao-preto-sp-e-regiao-ismael-colosi\/"},"img":{"alt_text":"","src":"https:\/\/i0.wp.com\/noticiasribeiraopreto.com.br\/wp-content\/uploads\/2025\/11\/BozoSTF-Reproducao.jpg?fit=1200%2C800&ssl=1&resize=350%2C200","width":350,"height":200,"srcset":"https:\/\/i0.wp.com\/noticiasribeiraopreto.com.br\/wp-content\/uploads\/2025\/11\/BozoSTF-Reproducao.jpg?fit=1200%2C800&ssl=1&resize=350%2C200 1x, https:\/\/i0.wp.com\/noticiasribeiraopreto.com.br\/wp-content\/uploads\/2025\/11\/BozoSTF-Reproducao.jpg?fit=1200%2C800&ssl=1&resize=525%2C300 1.5x, https:\/\/i0.wp.com\/noticiasribeiraopreto.com.br\/wp-content\/uploads\/2025\/11\/BozoSTF-Reproducao.jpg?fit=1200%2C800&ssl=1&resize=700%2C400 2x, https:\/\/i0.wp.com\/noticiasribeiraopreto.com.br\/wp-content\/uploads\/2025\/11\/BozoSTF-Reproducao.jpg?fit=1200%2C800&ssl=1&resize=1050%2C600 3x"},"classes":[]},{"id":81767,"url":"https:\/\/noticiasribeiraopreto.com.br\/index.php\/2026\/01\/16\/moraes-determina-transferencia-de-bolsonaro-a-papudinha\/","url_meta":{"origin":75155,"position":5},"title":"Moraes determina transfer\u00eancia de Bolsonaro \u00e0 &#8216;Papudinha&#8217;","author":"noticiasribeiraopreto.com.br","date":"16 de January de 2026","format":false,"excerpt":"O ministro Alexandre de Moraes, do Supremo Tribunal Federal (STF), determinou a transfer\u00eancia do ex-presidente Jair Bolsonaro (PL) para uma sala no 19\u00ba Batalh\u00e3o da Pol\u00edcia Militar do Distrito Federal (PM-DF), unidade conhecida como \u201cPapudinha\u201d. O batalh\u00e3o fica ao lado do Complexo Penitenci\u00e1rio da Papuda, o que originou o apelido.\u2026","rel":"","context":"In &quot;Not\u00edcias de Ribeir\u00e3o Preto-SP e Regi\u00e3o&quot;","block_context":{"text":"Not\u00edcias de Ribeir\u00e3o Preto-SP e Regi\u00e3o","link":"https:\/\/noticiasribeiraopreto.com.br\/index.php\/category\/noticias-de-ribeirao-preto-sp-e-regiao-ismael-colosi\/"},"img":{"alt_text":"","src":"https:\/\/i0.wp.com\/noticiasribeiraopreto.com.br\/wp-content\/uploads\/2026\/01\/Copia-de-Copia-de-Copia-de-TAMANHO-EXATO-PARA-FOTOS-NO-SISTEMA-NOVO-2025-11-22T142256.677_2025-11-22_17-22-59.webp.webp?fit=1200%2C675&ssl=1&resize=350%2C200","width":350,"height":200,"srcset":"https:\/\/i0.wp.com\/noticiasribeiraopreto.com.br\/wp-content\/uploads\/2026\/01\/Copia-de-Copia-de-Copia-de-TAMANHO-EXATO-PARA-FOTOS-NO-SISTEMA-NOVO-2025-11-22T142256.677_2025-11-22_17-22-59.webp.webp?fit=1200%2C675&ssl=1&resize=350%2C200 1x, https:\/\/i0.wp.com\/noticiasribeiraopreto.com.br\/wp-content\/uploads\/2026\/01\/Copia-de-Copia-de-Copia-de-TAMANHO-EXATO-PARA-FOTOS-NO-SISTEMA-NOVO-2025-11-22T142256.677_2025-11-22_17-22-59.webp.webp?fit=1200%2C675&ssl=1&resize=525%2C300 1.5x, https:\/\/i0.wp.com\/noticiasribeiraopreto.com.br\/wp-content\/uploads\/2026\/01\/Copia-de-Copia-de-Copia-de-TAMANHO-EXATO-PARA-FOTOS-NO-SISTEMA-NOVO-2025-11-22T142256.677_2025-11-22_17-22-59.webp.webp?fit=1200%2C675&ssl=1&resize=700%2C400 2x, https:\/\/i0.wp.com\/noticiasribeiraopreto.com.br\/wp-content\/uploads\/2026\/01\/Copia-de-Copia-de-Copia-de-TAMANHO-EXATO-PARA-FOTOS-NO-SISTEMA-NOVO-2025-11-22T142256.677_2025-11-22_17-22-59.webp.webp?fit=1200%2C675&ssl=1&resize=1050%2C600 3x"},"classes":[]}],"jetpack_sharing_enabled":true,"jetpack_shortlink":"https:\/\/wp.me\/peQAOb-jyb","_links":{"self":[{"href":"https:\/\/noticiasribeiraopreto.com.br\/index.php\/wp-json\/wp\/v2\/posts\/75155","targetHints":{"allow":["GET"]}}],"collection":[{"href":"https:\/\/noticiasribeiraopreto.com.br\/index.php\/wp-json\/wp\/v2\/posts"}],"about":[{"href":"https:\/\/noticiasribeiraopreto.com.br\/index.php\/wp-json\/wp\/v2\/types\/post"}],"author":[{"embeddable":true,"href":"https:\/\/noticiasribeiraopreto.com.br\/index.php\/wp-json\/wp\/v2\/users\/1"}],"replies":[{"embeddable":true,"href":"https:\/\/noticiasribeiraopreto.com.br\/index.php\/wp-json\/wp\/v2\/comments?post=75155"}],"version-history":[{"count":0,"href":"https:\/\/noticiasribeiraopreto.com.br\/index.php\/wp-json\/wp\/v2\/posts\/75155\/revisions"}],"wp:featuredmedia":[{"embeddable":true,"href":"https:\/\/noticiasribeiraopreto.com.br\/index.php\/wp-json\/wp\/v2\/media\/75156"}],"wp:attachment":[{"href":"https:\/\/noticiasribeiraopreto.com.br\/index.php\/wp-json\/wp\/v2\/media?parent=75155"}],"wp:term":[{"taxonomy":"category","embeddable":true,"href":"https:\/\/noticiasribeiraopreto.com.br\/index.php\/wp-json\/wp\/v2\/categories?post=75155"},{"taxonomy":"post_tag","embeddable":true,"href":"https:\/\/noticiasribeiraopreto.com.br\/index.php\/wp-json\/wp\/v2\/tags?post=75155"}],"curies":[{"name":"wp","href":"https:\/\/api.w.org\/{rel}","templated":true}]}}