{"id":75157,"date":"2025-08-04T19:03:36","date_gmt":"2025-08-04T22:03:36","guid":{"rendered":"https:\/\/noticiasribeiraopreto.com.br\/index.php\/2025\/08\/04\/novas-tecnologias-de-biocombustiveis-em-destaque-na-fenasucro-agrocana-2025\/"},"modified":"2025-08-04T19:03:36","modified_gmt":"2025-08-04T22:03:36","slug":"novas-tecnologias-de-biocombustiveis-em-destaque-na-fenasucro-agrocana-2025","status":"publish","type":"post","link":"https:\/\/noticiasribeiraopreto.com.br\/index.php\/2025\/08\/04\/novas-tecnologias-de-biocombustiveis-em-destaque-na-fenasucro-agrocana-2025\/","title":{"rendered":"Novas tecnologias de biocombust\u00edveis em destaque na Fenasucro &#038; Agrocana 2025"},"content":{"rendered":"<div class='code-block code-block-1' style='margin: 8px 0 8px auto; text-align: right; display: block; clear: both;'>\n<p><a href=\"https:\/\/wa.link\/vpicfd\"><img data-recalc-dims=\"1\" class=\"wp-image-4922\" style=\"aspect-ratio: 2.0253164556962027; width: 561px; height: auto;\" src=\"https:\/\/i0.wp.com\/ismaelcolosi.com.br\/wp-content\/uploads\/2023\/11\/grupo-de-empregos-whatsapp-e-facebook-ismael-colosi-vagas.jpg?ssl=1\" alt=\"\" \/><\/a><\/p>\n<!-- \/wp:image -->\n<\/div>\n<p> <br \/>\n<\/p>\n<div>\n<p>O avan\u00e7o das tecnologias em bioenergia, os novos modelos de neg\u00f3cios sustent\u00e1veis e a constru\u00e7\u00e3o de uma imagem moderna para o setor agroindustrial est\u00e3o no centro dos debates das trilhas \u201cBioenergia e Meio Ambiente\u201d e \u201cInova\u00e7\u00e3o e Futuro\u201d, que integram a programa\u00e7\u00e3o da FenaBio, durante a<strong> Fenasucro &amp; Agrocana 2025<\/strong>, em <strong>Sert\u00e3ozinho<\/strong>, na regi\u00e3o de <strong>Ribeir\u00e3o Preto<\/strong>.<\/p>\n<p>Com conte\u00fados voltados a executivos, especialistas e lideran\u00e7as do setor, os pain\u00e9is que discutem caminhos concretos para a descarboniza\u00e7\u00e3o e o fortalecimento da ind\u00fastria nacional de bioenergia acontecem no dia 14 de agosto, em dois palcos distintos da FenaBio.<\/p>\n<p>\u201cA proposta \u00e9 evidenciar solu\u00e7\u00f5es que j\u00e1 est\u00e3o em pr\u00e1tica e ampliar a visibilidade de tecnologias e modelos de neg\u00f3cio que tornam o Brasil cada vez mais competitivo nesse mercado\u201d, afirma Paulo Montabone, diretor da Fenasucro &amp; Agrocana.<\/p>\n<h2 class=\"wp-block-heading\"><strong>Solu\u00e7\u00f5es sustent\u00e1veis<\/strong><\/h2>\n<p>A trilha \u201cBioenergia e Meio Ambiente\u201d abre a programa\u00e7\u00e3o \u00e0s 13h30 com o painel \u201cBiorrefinarias como parte da solu\u00e7\u00e3o\u201d, destacando o uso de mat\u00e9rias-primas agr\u00edcolas para a gera\u00e7\u00e3o de energia renov\u00e1vel em sistemas de ciclo fechado.<\/p>\n<p>\u00c0s 14h30, o painel \u201cHVO e biog\u00e1s: novas rotas para bioenergias\u201d traz ao debate o amadurecimento tecnol\u00f3gico e as oportunidades do setor com o uso de biog\u00e1s, e-metanol e hidrog\u00eanio verde.<\/p>\n<p>Entre os participantes est\u00e3o Marisa Barros, da Secretaria de Meio Ambiente e Infraestrutura do Estado de S\u00e3o Paulo; e Henry Joseph Jr., da Anfavea (Associa\u00e7\u00e3o Nacional dos Fabricantes de Ve\u00edculos Automotores).<\/p>\n<p>Encerrando a trilha, \u00e0s 16h15, o painel \u201cCCS na produ\u00e7\u00e3o de etanol\u201d explora como a captura e o armazenamento de carbono (CCS) v\u00eam se tornando uma estrat\u00e9gia para ampliar a entrega ambiental e gerar receita com cr\u00e9ditos de carbono. Est\u00e3o confirmados especialistas da FS Fueling Sustainability, Petrobras, CCS Brasil e do Instituto \u00c1gua Sustent\u00e1vel.<\/p>\n<h2 class=\"wp-block-heading\"><strong>Inova\u00e7\u00e3o<\/strong><\/h2>\n<p>Em paralelo, a trilha \u201cInova\u00e7\u00e3o e Futuro\u201d promove o painel \u201cMarketing da agroind\u00fastria: urbano e externo\u201d, tamb\u00e9m \u00e0s 16h15. O encontro discute como o setor pode qualificar sua comunica\u00e7\u00e3o, ampliar o di\u00e1logo com a sociedade e reposicionar a imagem do agro no Brasil e no exterior.<\/p>\n<p>Participam nomes como Ricardo Nicodemos, presidente da ABMR&amp;A (Associa\u00e7\u00e3o Brasileira de Marketing Rural e Agro); e Daniel Bruin, da XCOM by Atrevia (comunica\u00e7\u00e3o e marketing).<\/p>\n<p>\u201cA FenaBio \u00e9 uma plataforma pensada para integrar conte\u00fado t\u00e9cnico e solu\u00e7\u00f5es aplicadas com foco em inova\u00e7\u00e3o, sustentabilidade e mercado\u201d, explica Daniel Pereira, gerente de produto da RX, organizadora da feira. \u201cEssas trilhas ajudam a consolidar o setor como refer\u00eancia em energia renov\u00e1vel com base agr\u00edcola\u201d, completa.<\/p>\n<p><mark style=\"background-color:#fcb900\" class=\"has-inline-color has-black-color\">A FenaBio acontece dentro da Fenasucro &amp; Agrocana de 12 a 15 de agosto<\/mark>, com programa\u00e7\u00e3o de conte\u00fado nos dias 13 e 14, al\u00e9m de uma \u00e1rea de exposi\u00e7\u00e3o dedicada \u00e0 bioeconomia e energias renov\u00e1veis. A agenda completa est\u00e1 dispon\u00edvel no site da feira, <a href=\"https:\/\/www.fenasucro.com.br\/#\/\" data-type=\"link\" data-id=\"https:\/\/www.fenasucro.com.br\/#\/\" target=\"_blank\" rel=\"noopener\">clicando aqui<\/a>.<\/p>\n<p>SAIBA MAIS<br \/>RP Mobi come\u00e7a fiscaliza\u00e7\u00e3o das novas vagas de \u00c1rea Azul no Centro; Veja onde<\/p>\n<h2 class=\"wp-block-heading\"><strong>FIQUE ON<\/strong><\/h2>\n<p>Fique ligado em tudo que acontece em Ribeir\u00e3o Preto e regi\u00e3o. Siga os perfis do\u00a0<strong>acidade on<\/strong>\u00a0no\u00a0<a href=\"https:\/\/www.instagram.com\/acidadeonribeirao\" target=\"_blank\" rel=\"noreferrer noopener\">Instagram<\/a>\u00a0e no\u00a0<a href=\"https:\/\/www.facebook.com\/acidadeonribeirao\/\" target=\"_blank\" rel=\"noreferrer noopener\">Facebook<\/a>.<\/p>\n<p>Receba not\u00edcias do\u00a0<strong>acidade on<\/strong>\u00a0no WhatsApp.\u00a0<a href=\"https:\/\/chat.whatsapp.com\/BjKQZ9oJwlz8VVT50NuePq\" target=\"_blank\" rel=\"noreferrer noopener\">Para entrar no grupo, basta clicar aqui.<\/a><\/p>\n<p>Fa\u00e7a uma den\u00fancia ou sugira uma reportagem sobre Ribeir\u00e3o Preto e regi\u00e3o pelo WhatsApp: 16 99117 7802.<\/p>\n<p>VEJA TAMB\u00c9M<br \/>Por que agosto \u00e9 chamado de \u2018m\u00eas do desgosto\u2019 ou \u2018do cachorro louco\u2019?<\/p>\n<p><!-- AI CONTENT END 1 -->\n<\/div>\n<p><script async src=\"\/\/www.instagram.com\/embed.js\"><\/script><br \/>\n<br \/><br \/>\n<br \/><a href=\"https:\/\/www.acidadeon.com\/ribeiraopreto\/economia\/novas-tecnologias-de-biocombustiveis-em-destaque-na-fenasucro-agrocana-2025\/\">Source link <\/a><\/p>\n<!-- CONTENT END 1 -->\n","protected":false},"excerpt":{"rendered":"<p>O avan\u00e7o das tecnologias em bioenergia, os novos modelos de neg\u00f3cios sustent\u00e1veis e a constru\u00e7\u00e3o de uma imagem moderna para o setor agroindustrial est\u00e3o no&#8230;<\/p>\n","protected":false},"author":1,"featured_media":75158,"comment_status":"open","ping_status":"open","sticky":false,"template":"","format":"standard","meta":{"advanced_seo_description":"","jetpack_seo_html_title":"","jetpack_seo_noindex":false,"jetpack_post_was_ever_published":false,"_jetpack_newsletter_access":"","_jetpack_dont_email_post_to_subs":false,"_jetpack_newsletter_tier_id":0,"_jetpack_memberships_contains_paywalled_content":false,"_jetpack_memberships_contains_paid_content":false,"footnotes":"","jetpack_publicize_message":"","jetpack_publicize_feature_enabled":true,"jetpack_social_post_already_shared":true,"jetpack_social_options":{"image_generator_settings":{"template":"highway","default_image_id":0,"font":"","enabled":false},"version":2}},"categories":[11],"tags":[],"class_list":["post-75157","post","type-post","status-publish","format-standard","has-post-thumbnail","hentry","category-noticias-de-ribeirao-preto-sp-e-regiao-ismael-colosi"],"jetpack_publicize_connections":[],"jetpack_featured_media_url":"https:\/\/i0.wp.com\/noticiasribeiraopreto.com.br\/wp-content\/uploads\/2025\/08\/fenasucro-2025_2025-08-04_20-52-13.webp.webp?fit=1200%2C799&ssl=1","jetpack-related-posts":[{"id":75303,"url":"https:\/\/noticiasribeiraopreto.com.br\/index.php\/2025\/08\/06\/fenasucro-agrocana-5-motivos-para-nao-perder-a-maior-feira-mundial-de-bioenergia\/","url_meta":{"origin":75157,"position":0},"title":"Fenasucro &#038; Agrocana: 5 motivos para n\u00e3o perder a maior feira mundial de bioenergia","author":"noticiasribeiraopreto.com.br","date":"6 de August de 2025","format":false,"excerpt":"Imagine um evento que re\u00fane inova\u00e7\u00e3o, neg\u00f3cios, conte\u00fado de peso e os principais nomes da cadeia de bioenergia em um s\u00f3 lugar. De 12 a 15 de agosto, Sert\u00e3ozinho se torna o centro das aten\u00e7\u00f5es do setor com a 31\u00aa edi\u00e7\u00e3o da\u00a0Fenasucro\u00a0& Agrocana \u2013 feira que movimentou mais de R$\u2026","rel":"","context":"In &quot;Not\u00edcias de Ribeir\u00e3o Preto-SP e Regi\u00e3o&quot;","block_context":{"text":"Not\u00edcias de Ribeir\u00e3o Preto-SP e Regi\u00e3o","link":"https:\/\/noticiasribeiraopreto.com.br\/index.php\/category\/noticias-de-ribeirao-preto-sp-e-regiao-ismael-colosi\/"},"img":{"alt_text":"","src":"https:\/\/i0.wp.com\/noticiasribeiraopreto.com.br\/wp-content\/uploads\/2025\/08\/Copia-de-Copia-de-Copia-de-TAMANHO-EXATO-PARA-FOTOS-NO-SISTEMA-NOVO-2025-08-06T182152.952_2025-08-06_21-22-09.webp.webp?fit=1200%2C675&ssl=1&resize=350%2C200","width":350,"height":200,"srcset":"https:\/\/i0.wp.com\/noticiasribeiraopreto.com.br\/wp-content\/uploads\/2025\/08\/Copia-de-Copia-de-Copia-de-TAMANHO-EXATO-PARA-FOTOS-NO-SISTEMA-NOVO-2025-08-06T182152.952_2025-08-06_21-22-09.webp.webp?fit=1200%2C675&ssl=1&resize=350%2C200 1x, https:\/\/i0.wp.com\/noticiasribeiraopreto.com.br\/wp-content\/uploads\/2025\/08\/Copia-de-Copia-de-Copia-de-TAMANHO-EXATO-PARA-FOTOS-NO-SISTEMA-NOVO-2025-08-06T182152.952_2025-08-06_21-22-09.webp.webp?fit=1200%2C675&ssl=1&resize=525%2C300 1.5x, https:\/\/i0.wp.com\/noticiasribeiraopreto.com.br\/wp-content\/uploads\/2025\/08\/Copia-de-Copia-de-Copia-de-TAMANHO-EXATO-PARA-FOTOS-NO-SISTEMA-NOVO-2025-08-06T182152.952_2025-08-06_21-22-09.webp.webp?fit=1200%2C675&ssl=1&resize=700%2C400 2x, https:\/\/i0.wp.com\/noticiasribeiraopreto.com.br\/wp-content\/uploads\/2025\/08\/Copia-de-Copia-de-Copia-de-TAMANHO-EXATO-PARA-FOTOS-NO-SISTEMA-NOVO-2025-08-06T182152.952_2025-08-06_21-22-09.webp.webp?fit=1200%2C675&ssl=1&resize=1050%2C600 3x"},"classes":[]},{"id":75671,"url":"https:\/\/noticiasribeiraopreto.com.br\/index.php\/2025\/08\/13\/mapeamento-sobre-industria-sucroenergetica-sera-lancado-na-fenasucro\/","url_meta":{"origin":75157,"position":1},"title":"Mapeamento sobre ind\u00fastria sucroenerg\u00e9tica ser\u00e1 lan\u00e7ado na Fenasucro","author":"noticiasribeiraopreto.com.br","date":"13 de August de 2025","format":false,"excerpt":"O CEISE Br lan\u00e7a nesta quinta-feira (14), durante a Fenasucro & Agrocana 2025, o Mapeamento da Cadeia Produtiva de Equipamentos para Fabrica\u00e7\u00e3o de Biocombust\u00edveis e Bioenergias. O estudo foi desenvolvido pela consultoria Markestrat com apoio da CPL Bioenergia, liderada pelo CEISE Br. O levantamento detalha a estrutura da cadeia de\u2026","rel":"","context":"In &quot;Not\u00edcias de Ribeir\u00e3o Preto-SP e Regi\u00e3o&quot;","block_context":{"text":"Not\u00edcias de Ribeir\u00e3o Preto-SP e Regi\u00e3o","link":"https:\/\/noticiasribeiraopreto.com.br\/index.php\/category\/noticias-de-ribeirao-preto-sp-e-regiao-ismael-colosi\/"},"img":{"alt_text":"","src":"https:\/\/i0.wp.com\/noticiasribeiraopreto.com.br\/wp-content\/uploads\/2025\/07\/fenasucro-sertaozinho_2025-07-23_14-52-05.webp.webp?fit=1200%2C799&ssl=1&resize=350%2C200","width":350,"height":200,"srcset":"https:\/\/i0.wp.com\/noticiasribeiraopreto.com.br\/wp-content\/uploads\/2025\/07\/fenasucro-sertaozinho_2025-07-23_14-52-05.webp.webp?fit=1200%2C799&ssl=1&resize=350%2C200 1x, https:\/\/i0.wp.com\/noticiasribeiraopreto.com.br\/wp-content\/uploads\/2025\/07\/fenasucro-sertaozinho_2025-07-23_14-52-05.webp.webp?fit=1200%2C799&ssl=1&resize=525%2C300 1.5x, https:\/\/i0.wp.com\/noticiasribeiraopreto.com.br\/wp-content\/uploads\/2025\/07\/fenasucro-sertaozinho_2025-07-23_14-52-05.webp.webp?fit=1200%2C799&ssl=1&resize=700%2C400 2x, https:\/\/i0.wp.com\/noticiasribeiraopreto.com.br\/wp-content\/uploads\/2025\/07\/fenasucro-sertaozinho_2025-07-23_14-52-05.webp.webp?fit=1200%2C799&ssl=1&resize=1050%2C600 3x"},"classes":[]},{"id":75612,"url":"https:\/\/noticiasribeiraopreto.com.br\/index.php\/2025\/08\/12\/comeca-fenasucro-veja-como-participar\/","url_meta":{"origin":75157,"position":2},"title":"Come\u00e7a Fenasucro &#038; Agrocana em Sert\u00e3ozinho; Veja como participar","author":"noticiasribeiraopreto.com.br","date":"12 de August de 2025","format":false,"excerpt":"Come\u00e7a nesta ter\u00e7a-feira (12) e segue at\u00e9 15 de agosto a Fenasucro & Agrocana, em Sert\u00e3ozinho, na regi\u00e3o de Ribeir\u00e3o Preto. Para participar, o credenciamento \u00e9 gratuito e pode ser feito pelo site oficial do evento (clique aqui). Tamb\u00e9m pela internet, podem ser adquiridos os ingressos para a programa\u00e7\u00e3o de\u2026","rel":"","context":"In &quot;Not\u00edcias de Ribeir\u00e3o Preto-SP e Regi\u00e3o&quot;","block_context":{"text":"Not\u00edcias de Ribeir\u00e3o Preto-SP e Regi\u00e3o","link":"https:\/\/noticiasribeiraopreto.com.br\/index.php\/category\/noticias-de-ribeirao-preto-sp-e-regiao-ismael-colosi\/"},"img":{"alt_text":"","src":"https:\/\/i0.wp.com\/noticiasribeiraopreto.com.br\/wp-content\/uploads\/2025\/08\/fenasucro-2_2025-08-12_12-43-02.webp.webp?fit=1200%2C800&ssl=1&resize=350%2C200","width":350,"height":200,"srcset":"https:\/\/i0.wp.com\/noticiasribeiraopreto.com.br\/wp-content\/uploads\/2025\/08\/fenasucro-2_2025-08-12_12-43-02.webp.webp?fit=1200%2C800&ssl=1&resize=350%2C200 1x, https:\/\/i0.wp.com\/noticiasribeiraopreto.com.br\/wp-content\/uploads\/2025\/08\/fenasucro-2_2025-08-12_12-43-02.webp.webp?fit=1200%2C800&ssl=1&resize=525%2C300 1.5x, https:\/\/i0.wp.com\/noticiasribeiraopreto.com.br\/wp-content\/uploads\/2025\/08\/fenasucro-2_2025-08-12_12-43-02.webp.webp?fit=1200%2C800&ssl=1&resize=700%2C400 2x, https:\/\/i0.wp.com\/noticiasribeiraopreto.com.br\/wp-content\/uploads\/2025\/08\/fenasucro-2_2025-08-12_12-43-02.webp.webp?fit=1200%2C800&ssl=1&resize=1050%2C600 3x"},"classes":[]},{"id":74565,"url":"https:\/\/noticiasribeiraopreto.com.br\/index.php\/2025\/07\/24\/feira-deve-gerar-18-mil-empregos\/","url_meta":{"origin":75157,"position":3},"title":"Feira deve gerar 18 mil empregos","author":"noticiasribeiraopreto.com.br","date":"24 de July de 2025","format":false,"excerpt":"A 31\u00aa edi\u00e7\u00e3o da Fenasucro & Agrocana , maior feira mundial dedicada exclusivamente \u00e0 cadeia de bioenergia, ser\u00e1 realizada de 12 a 15 de agosto, em Sert\u00e3ozinho, na Regi\u00e3o Metropolitana de Ribeir\u00e3o Preto, com expectativa de superar os R$ 10,7 bilh\u00f5es em neg\u00f3cios gerados na edi\u00e7\u00e3o anterior. Com mais de\u2026","rel":"","context":"In &quot;Not\u00edcias de Ribeir\u00e3o Preto-SP e Regi\u00e3o&quot;","block_context":{"text":"Not\u00edcias de Ribeir\u00e3o Preto-SP e Regi\u00e3o","link":"https:\/\/noticiasribeiraopreto.com.br\/index.php\/category\/noticias-de-ribeirao-preto-sp-e-regiao-ismael-colosi\/"},"img":{"alt_text":"","src":"https:\/\/i0.wp.com\/noticiasribeiraopreto.com.br\/wp-content\/uploads\/2025\/07\/Fenasucro-Divulgacao.jpg?fit=1200%2C800&ssl=1&resize=350%2C200","width":350,"height":200,"srcset":"https:\/\/i0.wp.com\/noticiasribeiraopreto.com.br\/wp-content\/uploads\/2025\/07\/Fenasucro-Divulgacao.jpg?fit=1200%2C800&ssl=1&resize=350%2C200 1x, https:\/\/i0.wp.com\/noticiasribeiraopreto.com.br\/wp-content\/uploads\/2025\/07\/Fenasucro-Divulgacao.jpg?fit=1200%2C800&ssl=1&resize=525%2C300 1.5x, https:\/\/i0.wp.com\/noticiasribeiraopreto.com.br\/wp-content\/uploads\/2025\/07\/Fenasucro-Divulgacao.jpg?fit=1200%2C800&ssl=1&resize=700%2C400 2x, https:\/\/i0.wp.com\/noticiasribeiraopreto.com.br\/wp-content\/uploads\/2025\/07\/Fenasucro-Divulgacao.jpg?fit=1200%2C800&ssl=1&resize=1050%2C600 3x"},"classes":[]},{"id":56329,"url":"https:\/\/noticiasribeiraopreto.com.br\/index.php\/2024\/08\/12\/bioenergia-fenasucro-comeca-nesta-terca-feira-em-sertaozinho\/","url_meta":{"origin":75157,"position":4},"title":"Bioenergia: Fenasucro come\u00e7a nesta ter\u00e7a-feira em Sert\u00e3ozinho","author":"noticiasribeiraopreto.com.br","date":"12 de August de 2024","format":false,"excerpt":"Com discuss\u00f5es sobre transi\u00e7\u00e3o energ\u00e9tica, mobilidade de baixo carbono, pol\u00edticas sustent\u00e1veis e tend\u00eancias do setor bioenerg\u00e9tico, come\u00e7a nesta ter\u00e7a-feira (13), a 30\u00aa Fenasucro & Agrocana, em Sert\u00e3ozinho, na regi\u00e3o de Ribeir\u00e3o Preto. A Feira Mundial da Bioenergia acontece entre os dias 13 e 16 de agosto, no Centro de Eventos\u2026","rel":"","context":"In &quot;Not\u00edcias de Ribeir\u00e3o Preto-SP e Regi\u00e3o&quot;","block_context":{"text":"Not\u00edcias de Ribeir\u00e3o Preto-SP e Regi\u00e3o","link":"https:\/\/noticiasribeiraopreto.com.br\/index.php\/category\/noticias-de-ribeirao-preto-sp-e-regiao-ismael-colosi\/"},"img":{"alt_text":"","src":"https:\/\/i0.wp.com\/noticiasribeiraopreto.com.br\/wp-content\/uploads\/2024\/08\/WhatsApp-Image-2024-08-12-at-15.38.03_2024-08-12_20-50-35_jpeg_2024-08-12_20-50-35.webp.webp?fit=800%2C533&ssl=1&resize=350%2C200","width":350,"height":200,"srcset":"https:\/\/i0.wp.com\/noticiasribeiraopreto.com.br\/wp-content\/uploads\/2024\/08\/WhatsApp-Image-2024-08-12-at-15.38.03_2024-08-12_20-50-35_jpeg_2024-08-12_20-50-35.webp.webp?fit=800%2C533&ssl=1&resize=350%2C200 1x, https:\/\/i0.wp.com\/noticiasribeiraopreto.com.br\/wp-content\/uploads\/2024\/08\/WhatsApp-Image-2024-08-12-at-15.38.03_2024-08-12_20-50-35_jpeg_2024-08-12_20-50-35.webp.webp?fit=800%2C533&ssl=1&resize=525%2C300 1.5x, https:\/\/i0.wp.com\/noticiasribeiraopreto.com.br\/wp-content\/uploads\/2024\/08\/WhatsApp-Image-2024-08-12-at-15.38.03_2024-08-12_20-50-35_jpeg_2024-08-12_20-50-35.webp.webp?fit=800%2C533&ssl=1&resize=700%2C400 2x"},"classes":[]},{"id":56982,"url":"https:\/\/noticiasribeiraopreto.com.br\/index.php\/2024\/08\/20\/fenasucro-tem-recorde-de-publico-e-alcanca-r-107-bilhoes-em-volume-de-negocios\/","url_meta":{"origin":75157,"position":5},"title":"Fenasucro tem recorde de p\u00fablico e alcan\u00e7a R$ 10,7 bilh\u00f5es em volume de neg\u00f3cios","author":"noticiasribeiraopreto.com.br","date":"20 de August de 2024","format":false,"excerpt":"A Fenasucro & Agrocana, que aconteceu entre os dias 13 e 16 de agosto, em Sert\u00e3ozinho, cidade na regi\u00e3o de Ribeir\u00e3o Preto, confirmou o cen\u00e1rio otimista da bioenergia e seu papel como refer\u00eancia mundial na promo\u00e7\u00e3o do setor. Durante os quatro dias, o evento alcan\u00e7ou R$ 10,7 bilh\u00f5es em neg\u00f3cios\u2026","rel":"","context":"In &quot;Not\u00edcias de Ribeir\u00e3o Preto-SP e Regi\u00e3o&quot;","block_context":{"text":"Not\u00edcias de Ribeir\u00e3o Preto-SP e Regi\u00e3o","link":"https:\/\/noticiasribeiraopreto.com.br\/index.php\/category\/noticias-de-ribeirao-preto-sp-e-regiao-ismael-colosi\/"},"img":{"alt_text":"","src":"https:\/\/i0.wp.com\/noticiasribeiraopreto.com.br\/wp-content\/uploads\/2024\/08\/WhatsApp-Image-2024-08-19-at-17.59.01_2024-08-19_22-28-44_jpeg_2024-08-19_22-28-44.webp.webp?fit=1200%2C800&ssl=1&resize=350%2C200","width":350,"height":200,"srcset":"https:\/\/i0.wp.com\/noticiasribeiraopreto.com.br\/wp-content\/uploads\/2024\/08\/WhatsApp-Image-2024-08-19-at-17.59.01_2024-08-19_22-28-44_jpeg_2024-08-19_22-28-44.webp.webp?fit=1200%2C800&ssl=1&resize=350%2C200 1x, https:\/\/i0.wp.com\/noticiasribeiraopreto.com.br\/wp-content\/uploads\/2024\/08\/WhatsApp-Image-2024-08-19-at-17.59.01_2024-08-19_22-28-44_jpeg_2024-08-19_22-28-44.webp.webp?fit=1200%2C800&ssl=1&resize=525%2C300 1.5x, https:\/\/i0.wp.com\/noticiasribeiraopreto.com.br\/wp-content\/uploads\/2024\/08\/WhatsApp-Image-2024-08-19-at-17.59.01_2024-08-19_22-28-44_jpeg_2024-08-19_22-28-44.webp.webp?fit=1200%2C800&ssl=1&resize=700%2C400 2x, https:\/\/i0.wp.com\/noticiasribeiraopreto.com.br\/wp-content\/uploads\/2024\/08\/WhatsApp-Image-2024-08-19-at-17.59.01_2024-08-19_22-28-44_jpeg_2024-08-19_22-28-44.webp.webp?fit=1200%2C800&ssl=1&resize=1050%2C600 3x"},"classes":[]}],"jetpack_sharing_enabled":true,"jetpack_shortlink":"https:\/\/wp.me\/peQAOb-jyd","_links":{"self":[{"href":"https:\/\/noticiasribeiraopreto.com.br\/index.php\/wp-json\/wp\/v2\/posts\/75157","targetHints":{"allow":["GET"]}}],"collection":[{"href":"https:\/\/noticiasribeiraopreto.com.br\/index.php\/wp-json\/wp\/v2\/posts"}],"about":[{"href":"https:\/\/noticiasribeiraopreto.com.br\/index.php\/wp-json\/wp\/v2\/types\/post"}],"author":[{"embeddable":true,"href":"https:\/\/noticiasribeiraopreto.com.br\/index.php\/wp-json\/wp\/v2\/users\/1"}],"replies":[{"embeddable":true,"href":"https:\/\/noticiasribeiraopreto.com.br\/index.php\/wp-json\/wp\/v2\/comments?post=75157"}],"version-history":[{"count":0,"href":"https:\/\/noticiasribeiraopreto.com.br\/index.php\/wp-json\/wp\/v2\/posts\/75157\/revisions"}],"wp:featuredmedia":[{"embeddable":true,"href":"https:\/\/noticiasribeiraopreto.com.br\/index.php\/wp-json\/wp\/v2\/media\/75158"}],"wp:attachment":[{"href":"https:\/\/noticiasribeiraopreto.com.br\/index.php\/wp-json\/wp\/v2\/media?parent=75157"}],"wp:term":[{"taxonomy":"category","embeddable":true,"href":"https:\/\/noticiasribeiraopreto.com.br\/index.php\/wp-json\/wp\/v2\/categories?post=75157"},{"taxonomy":"post_tag","embeddable":true,"href":"https:\/\/noticiasribeiraopreto.com.br\/index.php\/wp-json\/wp\/v2\/tags?post=75157"}],"curies":[{"name":"wp","href":"https:\/\/api.w.org\/{rel}","templated":true}]}}