{"id":75159,"date":"2025-08-04T19:10:29","date_gmt":"2025-08-04T22:10:29","guid":{"rendered":"https:\/\/noticiasribeiraopreto.com.br\/index.php\/2025\/08\/04\/branco-zanol-e-diego-hypolito-lancam-projeto-com-alunos-da-rede-municipal-em-ribeirao-preto\/"},"modified":"2025-08-04T19:10:29","modified_gmt":"2025-08-04T22:10:29","slug":"branco-zanol-e-diego-hypolito-lancam-projeto-com-alunos-da-rede-municipal-em-ribeirao-preto","status":"publish","type":"post","link":"https:\/\/noticiasribeiraopreto.com.br\/index.php\/2025\/08\/04\/branco-zanol-e-diego-hypolito-lancam-projeto-com-alunos-da-rede-municipal-em-ribeirao-preto\/","title":{"rendered":"Branco Zanol e Diego Hyp\u00f3lito lan\u00e7am projeto com alunos da rede municipal em Ribeir\u00e3o Preto"},"content":{"rendered":"<div class='code-block code-block-1' style='margin: 8px 0 8px auto; text-align: right; display: block; clear: both;'>\n<p><a href=\"https:\/\/wa.link\/vpicfd\"><img data-recalc-dims=\"1\" class=\"wp-image-4922\" style=\"aspect-ratio: 2.0253164556962027; width: 561px; height: auto;\" src=\"https:\/\/i0.wp.com\/ismaelcolosi.com.br\/wp-content\/uploads\/2023\/11\/grupo-de-empregos-whatsapp-e-facebook-ismael-colosi-vagas.jpg?ssl=1\" alt=\"\" \/><\/a><\/p>\n<!-- \/wp:image -->\n<\/div>\n<p> <br \/>\n<\/p>\n<div>\n<p>Os ex-atletas ol\u00edmpicos <strong>Branco Zanol<\/strong> e <strong>Diego Hyp\u00f3lito<\/strong> participam, nesta ter\u00e7a-feira (5), do lan\u00e7amento do <strong>Projeto Supera\u00e7\u00e3o<\/strong> na <strong>EMEF Sebasti\u00e3o de Aguiar Azevedo I<\/strong>, no Ipiranga, em Ribeir\u00e3o Preto. O evento vai reunir cerca de 500 pessoas, entre alunos, professores, familiares e integrantes da comunidade escolar.<\/p>\n<p>A iniciativa oferece <strong>aulas gratuitas de jud\u00f4 para 100 alunos do 1\u00ba ao 4\u00ba ano do ensino fundamental da rede municipal<\/strong>. Durante o encontro, os estudantes recebem os<strong> kits de participa\u00e7\u00e3o<\/strong> \u2014 com <strong>quimono<\/strong>, <strong>camiseta<\/strong>, <strong>chinelo<\/strong>, <strong>sacochila<\/strong>, <strong>garrafinha <\/strong>e <strong>apostila <\/strong>\u2014 e acompanham relatos sobre a trajet\u00f3ria esportiva dos convidados, que compartilham experi\u00eancias ligadas \u00e0 disciplina, supera\u00e7\u00e3o e conquistas no esporte de alto rendimento.<\/p>\n<div class=\"wp-block-image\">\n<figure class=\"aligncenter size-large is-resized\"><img data-recalc-dims=\"1\" fetchpriority=\"high\" decoding=\"async\" width=\"1024\" height=\"682\" src=\"https:\/\/i0.wp.com\/cdn.media-acidadeon.com.br\/ribeiraopreto\/wp-content\/uploads\/sites\/3\/2025\/08\/image_2025-08-04_20-15-35-1024x682.webp?resize=1024%2C682&#038;ssl=1\" alt=\"\" class=\"wp-image-124703\" style=\"width:704px;height:auto\" srcset=\"https:\/\/cdn.media-acidadeon.com.br\/ribeiraopreto\/wp-content\/uploads\/sites\/3\/2025\/08\/image_2025-08-04_20-15-35-1024x682.webp 1024w, https:\/\/cdn.media-acidadeon.com.br\/ribeiraopreto\/wp-content\/uploads\/sites\/3\/2025\/08\/image_2025-08-04_20-15-35-300x200.webp 300w, https:\/\/cdn.media-acidadeon.com.br\/ribeiraopreto\/wp-content\/uploads\/sites\/3\/2025\/08\/image_2025-08-04_20-15-35-768x511.webp 768w, https:\/\/cdn.media-acidadeon.com.br\/ribeiraopreto\/wp-content\/uploads\/sites\/3\/2025\/08\/image_2025-08-04_20-15-35-696x463.webp 696w, https:\/\/cdn.media-acidadeon.com.br\/ribeiraopreto\/wp-content\/uploads\/sites\/3\/2025\/08\/image_2025-08-04_20-15-35-1068x711.webp 1068w, https:\/\/cdn.media-acidadeon.com.br\/ribeiraopreto\/wp-content\/uploads\/sites\/3\/2025\/08\/image_2025-08-04_20-15-35.webp 1200w\" sizes=\"(max-width: 1024px) 100vw, 1024px\"\/><figcaption class=\"wp-element-caption\">Divulga\u00e7\u00e3o<\/figcaption><\/figure>\n<\/div>\n<h3 class=\"wp-block-heading\"><strong>Projeto Supera\u00e7\u00e3o<\/strong><\/h3>\n<p>O projeto j\u00e1 est\u00e1 em andamento e atende quatro turmas no contraturno escolar, com aulas realizadas duas vezes por semana em um espa\u00e7o climatizado e equipado com tatames. A programa\u00e7\u00e3o inclui um festival com entrega de medalhas em novembro e uma cerim\u00f4nia de troca de faixas prevista para o encerramento do ciclo, em 2026.<\/p>\n<p>Branco Zanol, ex-atleta da Sele\u00e7\u00e3o Brasileira de Jud\u00f4, coordena o projeto e tamb\u00e9m desenvolveu a metodologia aplicada nas aulas. A equipe conta ainda com coordenador regional, professor e estagi\u00e1rio, respons\u00e1veis pelo acompanhamento pedag\u00f3gico dos alunos.<\/p>\n<hr class=\"wp-block-separator has-alpha-channel-opacity\"\/>\n<h4 class=\"wp-block-heading\">SAIBA MAIS<\/h4>\n<p>Do campo ao streaming: ex-jogador do Botafogo de Ribeir\u00e3o atuar\u00e1 em s\u00e9rie da Netflix<\/p>\n<h3 class=\"wp-block-heading\"><strong>FIQUE ON\u00a0\u00a0\u00a0\u00a0\u00a0\u00a0\u00a0\u00a0\u00a0<\/strong><\/h3>\n<p>Quer ficar por dentro de tudo que acontece em Ribeir\u00e3o Preto e regi\u00e3o? Ent\u00e3o siga os perfis do\u202facidade on\u202fno\u202f<a href=\"https:\/\/www.instagram.com\/acidadeonribeirao\" target=\"_blank\" rel=\"noreferrer noopener\">Instagram<\/a>\u202fe no\u202f<a href=\"https:\/\/www.facebook.com\/acidadeonribeirao\/\" target=\"_blank\" rel=\"noreferrer noopener\">Facebook<\/a>.<\/p>\n<p>Al\u00e9m disso, voc\u00ea pode receber as principais not\u00edcias diretamente no WhatsApp. Para isso, basta\u00a0<a href=\"https:\/\/chat.whatsapp.com\/BjKQZ9oJwlz8VVT50NuePq\" target=\"_blank\" rel=\"noreferrer noopener\">entrar no grupo clicando aqui<\/a>.<\/p>\n<p>Por fim, se quiser fazer uma den\u00fancia ou sugerir uma reportagem sobre Ribeir\u00e3o Preto e regi\u00e3o, envie uma mensagem pelo WhatsApp: (16) 99117-7802.<\/p>\n<p>VEJA TAMB\u00c9M<br \/>Ben Barnes ser\u00e1 Sirius Black na s\u00e9rie de \u2018Harry Potter\u2019?<\/p>\n<p><!-- AI CONTENT END 1 -->\n<\/div>\n<p><script async src=\"\/\/www.instagram.com\/embed.js\"><\/script><br \/>\n<br \/><br \/>\n<br \/><a href=\"https:\/\/www.acidadeon.com\/ribeiraopreto\/esportes\/branco-zanol-e-diego-hypolito-lancam-projeto-com-alunos-da-rede-municipal-em-ribeirao-preto\/\">Source link <\/a><\/p>\n<!-- CONTENT END 1 -->\n","protected":false},"excerpt":{"rendered":"<p>Os ex-atletas ol\u00edmpicos Branco Zanol e Diego Hyp\u00f3lito participam, nesta ter\u00e7a-feira (5), do lan\u00e7amento do Projeto Supera\u00e7\u00e3o na EMEF Sebasti\u00e3o de Aguiar Azevedo I, no&#8230;<\/p>\n","protected":false},"author":1,"featured_media":75160,"comment_status":"open","ping_status":"open","sticky":false,"template":"","format":"standard","meta":{"advanced_seo_description":"","jetpack_seo_html_title":"","jetpack_seo_noindex":false,"jetpack_post_was_ever_published":false,"_jetpack_newsletter_access":"","_jetpack_dont_email_post_to_subs":false,"_jetpack_newsletter_tier_id":0,"_jetpack_memberships_contains_paywalled_content":false,"_jetpack_memberships_contains_paid_content":false,"footnotes":"","jetpack_publicize_message":"","jetpack_publicize_feature_enabled":true,"jetpack_social_post_already_shared":true,"jetpack_social_options":{"image_generator_settings":{"template":"highway","default_image_id":0,"font":"","enabled":false},"version":2}},"categories":[11],"tags":[],"class_list":["post-75159","post","type-post","status-publish","format-standard","has-post-thumbnail","hentry","category-noticias-de-ribeirao-preto-sp-e-regiao-ismael-colosi"],"jetpack_publicize_connections":[],"jetpack_featured_media_url":"https:\/\/i0.wp.com\/noticiasribeiraopreto.com.br\/wp-content\/uploads\/2025\/08\/Copia-de-Copia-de-Copia-de-TAMANHO-EXATO-PARA-FOTOS-NO-SISTEMA-NOVO-2025-08-04T175209.067_2025-08-04_20-53-12.webp.webp?fit=1200%2C675&ssl=1","jetpack-related-posts":[{"id":43010,"url":"https:\/\/noticiasribeiraopreto.com.br\/index.php\/2024\/03\/18\/alunos-da-rede-municipal-participam-do-projeto-escola-vai-ao-cinema\/","url_meta":{"origin":75159,"position":0},"title":"Alunos da rede municipal participam do Projeto &#8220;Escola Vai ao Cinema&#8221;","author":"noticiasribeiraopreto.com.br","date":"18 de March de 2024","format":false,"excerpt":"18 de mar\u00e7o de 2024 | 17:0018 de mar\u00e7o de 2024 | 15:27 0A Secretaria da Educa\u00e7\u00e3o, em parceria com o CineClube Cauim, retomou o projeto anual \u201cEscola Vai ao Cinema\u201d, oferecendo aos estudantes da rede municipal uma oportunidade \u00fanica de desfrutar de produ\u00e7\u00f5es cinematogr\u00e1ficas gratuitamente.O projeto visa enriquecer a\u2026","rel":"","context":"In &quot;Not\u00edcias de Ribeir\u00e3o Preto-SP e Regi\u00e3o&quot;","block_context":{"text":"Not\u00edcias de Ribeir\u00e3o Preto-SP e Regi\u00e3o","link":"https:\/\/noticiasribeiraopreto.com.br\/index.php\/category\/noticias-de-ribeirao-preto-sp-e-regiao-ismael-colosi\/"},"img":{"alt_text":"","src":"https:\/\/i0.wp.com\/noticiasribeiraopreto.com.br\/wp-content\/uploads\/2024\/03\/cinema-scaled.jpeg?fit=958%2C645&ssl=1&resize=350%2C200","width":350,"height":200,"srcset":"https:\/\/i0.wp.com\/noticiasribeiraopreto.com.br\/wp-content\/uploads\/2024\/03\/cinema-scaled.jpeg?fit=958%2C645&ssl=1&resize=350%2C200 1x, https:\/\/i0.wp.com\/noticiasribeiraopreto.com.br\/wp-content\/uploads\/2024\/03\/cinema-scaled.jpeg?fit=958%2C645&ssl=1&resize=525%2C300 1.5x, https:\/\/i0.wp.com\/noticiasribeiraopreto.com.br\/wp-content\/uploads\/2024\/03\/cinema-scaled.jpeg?fit=958%2C645&ssl=1&resize=700%2C400 2x"},"classes":[]},{"id":74697,"url":"https:\/\/noticiasribeiraopreto.com.br\/index.php\/2025\/07\/27\/50-mil-alunos-voltam-as-aulas-nesta-segunda-na-rede-municipal-de-ribeirao-preto\/","url_meta":{"origin":75159,"position":1},"title":"50 mil alunos voltam \u00e0s aulas nesta segunda na rede municipal de Ribeir\u00e3o Preto","author":"noticiasribeiraopreto.com.br","date":"27 de July de 2025","format":false,"excerpt":"As aulas do segundo semestre letivo ser\u00e3o retornadas nesta segunda-feira (28), a partir das 7h, em 146 escolas da rede municipal de ensino de Ribeir\u00e3o Preto. Aproximadamente 50 mil alunos da Educa\u00e7\u00e3o Infantil, Ensino Fundamental e Educa\u00e7\u00e3o de Jovens e Adultos (EJA) devem voltar \u00e0s atividades ap\u00f3s o per\u00edodo de\u2026","rel":"","context":"In &quot;Not\u00edcias de Ribeir\u00e3o Preto-SP e Regi\u00e3o&quot;","block_context":{"text":"Not\u00edcias de Ribeir\u00e3o Preto-SP e Regi\u00e3o","link":"https:\/\/noticiasribeiraopreto.com.br\/index.php\/category\/noticias-de-ribeirao-preto-sp-e-regiao-ismael-colosi\/"},"img":{"alt_text":"","src":"https:\/\/i0.wp.com\/noticiasribeiraopreto.com.br\/wp-content\/uploads\/2025\/07\/a.ok_.educacao_volta_as_aulas_2025_-_foto_guilherme_sircili_18_2025-07-27_20-59-52.webp.webp?fit=1200%2C799&ssl=1&resize=350%2C200","width":350,"height":200,"srcset":"https:\/\/i0.wp.com\/noticiasribeiraopreto.com.br\/wp-content\/uploads\/2025\/07\/a.ok_.educacao_volta_as_aulas_2025_-_foto_guilherme_sircili_18_2025-07-27_20-59-52.webp.webp?fit=1200%2C799&ssl=1&resize=350%2C200 1x, https:\/\/i0.wp.com\/noticiasribeiraopreto.com.br\/wp-content\/uploads\/2025\/07\/a.ok_.educacao_volta_as_aulas_2025_-_foto_guilherme_sircili_18_2025-07-27_20-59-52.webp.webp?fit=1200%2C799&ssl=1&resize=525%2C300 1.5x, https:\/\/i0.wp.com\/noticiasribeiraopreto.com.br\/wp-content\/uploads\/2025\/07\/a.ok_.educacao_volta_as_aulas_2025_-_foto_guilherme_sircili_18_2025-07-27_20-59-52.webp.webp?fit=1200%2C799&ssl=1&resize=700%2C400 2x, https:\/\/i0.wp.com\/noticiasribeiraopreto.com.br\/wp-content\/uploads\/2025\/07\/a.ok_.educacao_volta_as_aulas_2025_-_foto_guilherme_sircili_18_2025-07-27_20-59-52.webp.webp?fit=1200%2C799&ssl=1&resize=1050%2C600 3x"},"classes":[]},{"id":63483,"url":"https:\/\/noticiasribeiraopreto.com.br\/index.php\/2025\/02\/14\/projeto-municipal-busca-restringir-uso-de-celulares-nas-escolas-para-aumentar-a-interacao-entre-alunos\/","url_meta":{"origin":75159,"position":2},"title":"Projeto Municipal Busca Restringir Uso de Celulares nas Escolas para Aumentar a Intera\u00e7\u00e3o Entre Alunos","author":"noticiasribeiraopreto.com.br","date":"14 de February de 2025","format":false,"excerpt":"Na sess\u00e3o da C\u00e2mara Municipal de Ribeir\u00e3o Preto, ocorrida nesta quinta-feira (13), foi aprovado um projeto de lei que prop\u00f5e restringir o uso de celulares nas escolas. O objetivo \u00e9 combater as distra\u00e7\u00f5es provocadas pelos dispositivos m\u00f3veis e incentivar a intera\u00e7\u00e3o entre os alunos. A medida visa criar um ambiente\u2026","rel":"","context":"In &quot;Not\u00edcias de Ribeir\u00e3o Preto-SP e Regi\u00e3o&quot;","block_context":{"text":"Not\u00edcias de Ribeir\u00e3o Preto-SP e Regi\u00e3o","link":"https:\/\/noticiasribeiraopreto.com.br\/index.php\/category\/noticias-de-ribeirao-preto-sp-e-regiao-ismael-colosi\/"},"img":{"alt_text":"","src":"https:\/\/i0.wp.com\/noticiasribeiraopreto.com.br\/wp-content\/uploads\/2025\/02\/DSC0422-scaled.jpg?fit=1200%2C800&ssl=1&resize=350%2C200","width":350,"height":200,"srcset":"https:\/\/i0.wp.com\/noticiasribeiraopreto.com.br\/wp-content\/uploads\/2025\/02\/DSC0422-scaled.jpg?fit=1200%2C800&ssl=1&resize=350%2C200 1x, https:\/\/i0.wp.com\/noticiasribeiraopreto.com.br\/wp-content\/uploads\/2025\/02\/DSC0422-scaled.jpg?fit=1200%2C800&ssl=1&resize=525%2C300 1.5x, https:\/\/i0.wp.com\/noticiasribeiraopreto.com.br\/wp-content\/uploads\/2025\/02\/DSC0422-scaled.jpg?fit=1200%2C800&ssl=1&resize=700%2C400 2x, https:\/\/i0.wp.com\/noticiasribeiraopreto.com.br\/wp-content\/uploads\/2025\/02\/DSC0422-scaled.jpg?fit=1200%2C800&ssl=1&resize=1050%2C600 3x"},"classes":[]},{"id":20194,"url":"https:\/\/noticiasribeiraopreto.com.br\/index.php\/2023\/12\/24\/camara-na-escola-atrai-mais-de-dois-mil-estudantes\/","url_meta":{"origin":75159,"position":3},"title":"C\u00e2mara na Escola\u00a0atrai mais de dois mil estudantes","author":"noticiasribeiraopreto.com.br","date":"24 de December de 2023","format":false,"excerpt":"24 de dezembro de 2023 | 14:0024 de dezembro de 2023 | 11:00 0Este ano o programa C\u00e2mara na Escola, realizado pelo Legislativo de Ribeir\u00e3o Preto recebeu 33 escolas totalizando 2.392 estudantes nas visitas monitoradas e nas palestras realizadas. Foram 83 visitas guiadas em que os alunos aprenderam sobre a\u2026","rel":"","context":"In &quot;Not\u00edcias de Ribeir\u00e3o Preto-SP e Regi\u00e3o&quot;","block_context":{"text":"Not\u00edcias de Ribeir\u00e3o Preto-SP e Regi\u00e3o","link":"https:\/\/noticiasribeiraopreto.com.br\/index.php\/category\/noticias-de-ribeirao-preto-sp-e-regiao-ismael-colosi\/"},"img":{"alt_text":"","src":"https:\/\/i0.wp.com\/noticiasribeiraopreto.com.br\/wp-content\/uploads\/2023\/12\/1-camara-escola-1_credioSilviaMoaraes-scaled.jpg?fit=933%2C645&ssl=1&resize=350%2C200","width":350,"height":200,"srcset":"https:\/\/i0.wp.com\/noticiasribeiraopreto.com.br\/wp-content\/uploads\/2023\/12\/1-camara-escola-1_credioSilviaMoaraes-scaled.jpg?fit=933%2C645&ssl=1&resize=350%2C200 1x, https:\/\/i0.wp.com\/noticiasribeiraopreto.com.br\/wp-content\/uploads\/2023\/12\/1-camara-escola-1_credioSilviaMoaraes-scaled.jpg?fit=933%2C645&ssl=1&resize=525%2C300 1.5x, https:\/\/i0.wp.com\/noticiasribeiraopreto.com.br\/wp-content\/uploads\/2023\/12\/1-camara-escola-1_credioSilviaMoaraes-scaled.jpg?fit=933%2C645&ssl=1&resize=700%2C400 2x"},"classes":[]},{"id":69658,"url":"https:\/\/noticiasribeiraopreto.com.br\/index.php\/2025\/05\/07\/circo-com-participacao-de-diego-hypolito-e-dede-santana-chega-a-ribeirao-preto\/","url_meta":{"origin":75159,"position":4},"title":"Circo com participa\u00e7\u00e3o de Diego Hyp\u00f3lito e Ded\u00e9 Santana chega a Ribeir\u00e3o Preto","author":"noticiasribeiraopreto.com.br","date":"7 de May de 2025","format":false,"excerpt":"O premiado espet\u00e1culo \u201cAbracadabra\u201c, considerado o \u201cMelhor Circo do Brasil\u201c, chega a Ribeir\u00e3o Preto no dia 16 de maio. O circo musical, criado por Frederico Reder, traz ao palco nomes como Ded\u00e9 Santana, Diego Hyp\u00f3lito e Tio Paulo. A produ\u00e7\u00e3o conta com orquestra ao vivo e a trilha sonora executada\u2026","rel":"","context":"In &quot;Not\u00edcias de Ribeir\u00e3o Preto-SP e Regi\u00e3o&quot;","block_context":{"text":"Not\u00edcias de Ribeir\u00e3o Preto-SP e Regi\u00e3o","link":"https:\/\/noticiasribeiraopreto.com.br\/index.php\/category\/noticias-de-ribeirao-preto-sp-e-regiao-ismael-colosi\/"},"img":{"alt_text":"","src":"https:\/\/i0.wp.com\/noticiasribeiraopreto.com.br\/wp-content\/uploads\/2025\/05\/Copia-de-Copia-de-Copia-de-TAMANHO-EXATO-PARA-FOTOS-NO-SISTEMA-NOVO-50_2025-05-07_23-20-19.webp.webp?fit=1200%2C675&ssl=1&resize=350%2C200","width":350,"height":200,"srcset":"https:\/\/i0.wp.com\/noticiasribeiraopreto.com.br\/wp-content\/uploads\/2025\/05\/Copia-de-Copia-de-Copia-de-TAMANHO-EXATO-PARA-FOTOS-NO-SISTEMA-NOVO-50_2025-05-07_23-20-19.webp.webp?fit=1200%2C675&ssl=1&resize=350%2C200 1x, https:\/\/i0.wp.com\/noticiasribeiraopreto.com.br\/wp-content\/uploads\/2025\/05\/Copia-de-Copia-de-Copia-de-TAMANHO-EXATO-PARA-FOTOS-NO-SISTEMA-NOVO-50_2025-05-07_23-20-19.webp.webp?fit=1200%2C675&ssl=1&resize=525%2C300 1.5x, https:\/\/i0.wp.com\/noticiasribeiraopreto.com.br\/wp-content\/uploads\/2025\/05\/Copia-de-Copia-de-Copia-de-TAMANHO-EXATO-PARA-FOTOS-NO-SISTEMA-NOVO-50_2025-05-07_23-20-19.webp.webp?fit=1200%2C675&ssl=1&resize=700%2C400 2x, https:\/\/i0.wp.com\/noticiasribeiraopreto.com.br\/wp-content\/uploads\/2025\/05\/Copia-de-Copia-de-Copia-de-TAMANHO-EXATO-PARA-FOTOS-NO-SISTEMA-NOVO-50_2025-05-07_23-20-19.webp.webp?fit=1200%2C675&ssl=1&resize=1050%2C600 3x"},"classes":[]},{"id":60381,"url":"https:\/\/noticiasribeiraopreto.com.br\/index.php\/2024\/11\/12\/ribeirao-preto-devera-oferecer-atendimento-especializado-para-alunos-com-deficiencia\/","url_meta":{"origin":75159,"position":5},"title":"Ribeir\u00e3o Preto dever\u00e1 oferecer atendimento especializado para alunos com defici\u00eancia","author":"noticiasribeiraopreto.com.br","date":"12 de November de 2024","format":false,"excerpt":"O juiz Paulo C\u00e9sar Gentile, da Vara da Inf\u00e2ncia e Juventude de Ribeir\u00e3o Preto, determinou que a prefeitura disponibilize profissionais de apoio pedag\u00f3gico e cuidadores para todos os alunos com defici\u00eancia intelectual matriculados na rede municipal de ensino. A decis\u00e3o foi publicada no \u00faltimo dia 5 de novembro. De acordo\u2026","rel":"","context":"In &quot;Not\u00edcias de Ribeir\u00e3o Preto-SP e Regi\u00e3o&quot;","block_context":{"text":"Not\u00edcias de Ribeir\u00e3o Preto-SP e Regi\u00e3o","link":"https:\/\/noticiasribeiraopreto.com.br\/index.php\/category\/noticias-de-ribeirao-preto-sp-e-regiao-ismael-colosi\/"},"img":{"alt_text":"","src":"https:\/\/i0.wp.com\/noticiasribeiraopreto.com.br\/wp-content\/uploads\/2024\/09\/escola-infantil-ribeirao-preto_2024-09-03_19-11-33_jpg_2024-09-03_19-11-33.webp.webp?fit=1200%2C675&ssl=1&resize=350%2C200","width":350,"height":200,"srcset":"https:\/\/i0.wp.com\/noticiasribeiraopreto.com.br\/wp-content\/uploads\/2024\/09\/escola-infantil-ribeirao-preto_2024-09-03_19-11-33_jpg_2024-09-03_19-11-33.webp.webp?fit=1200%2C675&ssl=1&resize=350%2C200 1x, https:\/\/i0.wp.com\/noticiasribeiraopreto.com.br\/wp-content\/uploads\/2024\/09\/escola-infantil-ribeirao-preto_2024-09-03_19-11-33_jpg_2024-09-03_19-11-33.webp.webp?fit=1200%2C675&ssl=1&resize=525%2C300 1.5x, https:\/\/i0.wp.com\/noticiasribeiraopreto.com.br\/wp-content\/uploads\/2024\/09\/escola-infantil-ribeirao-preto_2024-09-03_19-11-33_jpg_2024-09-03_19-11-33.webp.webp?fit=1200%2C675&ssl=1&resize=700%2C400 2x, https:\/\/i0.wp.com\/noticiasribeiraopreto.com.br\/wp-content\/uploads\/2024\/09\/escola-infantil-ribeirao-preto_2024-09-03_19-11-33_jpg_2024-09-03_19-11-33.webp.webp?fit=1200%2C675&ssl=1&resize=1050%2C600 3x"},"classes":[]}],"jetpack_sharing_enabled":true,"jetpack_shortlink":"https:\/\/wp.me\/peQAOb-jyf","_links":{"self":[{"href":"https:\/\/noticiasribeiraopreto.com.br\/index.php\/wp-json\/wp\/v2\/posts\/75159","targetHints":{"allow":["GET"]}}],"collection":[{"href":"https:\/\/noticiasribeiraopreto.com.br\/index.php\/wp-json\/wp\/v2\/posts"}],"about":[{"href":"https:\/\/noticiasribeiraopreto.com.br\/index.php\/wp-json\/wp\/v2\/types\/post"}],"author":[{"embeddable":true,"href":"https:\/\/noticiasribeiraopreto.com.br\/index.php\/wp-json\/wp\/v2\/users\/1"}],"replies":[{"embeddable":true,"href":"https:\/\/noticiasribeiraopreto.com.br\/index.php\/wp-json\/wp\/v2\/comments?post=75159"}],"version-history":[{"count":0,"href":"https:\/\/noticiasribeiraopreto.com.br\/index.php\/wp-json\/wp\/v2\/posts\/75159\/revisions"}],"wp:featuredmedia":[{"embeddable":true,"href":"https:\/\/noticiasribeiraopreto.com.br\/index.php\/wp-json\/wp\/v2\/media\/75160"}],"wp:attachment":[{"href":"https:\/\/noticiasribeiraopreto.com.br\/index.php\/wp-json\/wp\/v2\/media?parent=75159"}],"wp:term":[{"taxonomy":"category","embeddable":true,"href":"https:\/\/noticiasribeiraopreto.com.br\/index.php\/wp-json\/wp\/v2\/categories?post=75159"},{"taxonomy":"post_tag","embeddable":true,"href":"https:\/\/noticiasribeiraopreto.com.br\/index.php\/wp-json\/wp\/v2\/tags?post=75159"}],"curies":[{"name":"wp","href":"https:\/\/api.w.org\/{rel}","templated":true}]}}