{"id":75161,"date":"2025-08-04T19:17:22","date_gmt":"2025-08-04T22:17:22","guid":{"rendered":"https:\/\/noticiasribeiraopreto.com.br\/index.php\/2025\/08\/04\/ribeirao-aparece-em-relatorio-sobre-indicios-de-irregularidades-em-previdencias-municipais\/"},"modified":"2025-08-04T19:17:22","modified_gmt":"2025-08-04T22:17:22","slug":"ribeirao-aparece-em-relatorio-sobre-indicios-de-irregularidades-em-previdencias-municipais","status":"publish","type":"post","link":"https:\/\/noticiasribeiraopreto.com.br\/index.php\/2025\/08\/04\/ribeirao-aparece-em-relatorio-sobre-indicios-de-irregularidades-em-previdencias-municipais\/","title":{"rendered":"Ribeir\u00e3o aparece em relat\u00f3rio sobre ind\u00edcios de irregularidades em previd\u00eancias municipais"},"content":{"rendered":"<div class='code-block code-block-1' style='margin: 8px 0 8px auto; text-align: right; display: block; clear: both;'>\n<p><a href=\"https:\/\/wa.link\/vpicfd\"><img data-recalc-dims=\"1\" class=\"wp-image-4922\" style=\"aspect-ratio: 2.0253164556962027; width: 561px; height: auto;\" src=\"https:\/\/i0.wp.com\/ismaelcolosi.com.br\/wp-content\/uploads\/2023\/11\/grupo-de-empregos-whatsapp-e-facebook-ismael-colosi-vagas.jpg?ssl=1\" alt=\"\" \/><\/a><\/p>\n<!-- \/wp:image -->\n<\/div>\n<p> <br \/>\n<\/p>\n<div>\n<p>Um relat\u00f3rio divulgado pelo<strong><a href=\"https:\/\/www.tce.sp.gov.br\/sites\/default\/files\/noticias\/Anexo_Municipios_insituttos_TCESP.pdf\" data-type=\"link\" data-id=\"https:\/\/www.tce.sp.gov.br\/sites\/default\/files\/noticias\/Auditoria_Previdencia_TCESP2025.pdf\" target=\"_blank\" rel=\"noopener\"> TCE-SP (Tribunal de Contas do Estado de S\u00e3o Paulo) <\/a><\/strong>na semana passada revelou que 87 dos 219 RPPS (Regimes Pr\u00f3prios de Previd\u00eancia Social) n\u00e3o apresentaram qualquer comprova\u00e7\u00e3o de que os descontos aplicados a aposentados e pensionistas foram autorizados pelos benefici\u00e1rios. <mark style=\"background-color:#fcb900\" class=\"has-inline-color has-black-color\">Entre as cidades apontadas no relat\u00f3rio est\u00e1 Ribeir\u00e3o Preto.<\/mark><\/p>\n<p>O documento tamb\u00e9m aponta que 99 institutos de previd\u00eancia n\u00e3o apresentaram nenhum comprovante de autoriza\u00e7\u00e3o dos descontos feitos por entidades consignat\u00e1rias. A auditoria foi motivada pelo esc\u00e2ndalo de fraudes no INSS, que desviou cerca de R$ 6,3 bilh\u00f5es entre 2019 e 2024.<\/p>\n<h2 class=\"wp-block-heading\"><strong>Aposentados e pensionistas<\/strong><\/h2>\n<p>Para embasar o relat\u00f3rio, foram entrevistados 1.193 aposentados e pensionistas em 213 RPPS, como o<strong> IPM (Instituto de Previd\u00eancia dos Municipi\u00e1rios)<\/strong>. Em 16 regimes, 38 segurados afirmaram n\u00e3o ter autorizado os descontos em folha.<\/p>\n<p><mark style=\"background-color:#fcb900\" class=\"has-inline-color has-black-color\">Em Ribeir\u00e3o Preto, dois dos tr\u00eas entrevistados que haviam apresentado reclama\u00e7\u00f5es disseram que o RPPS reconheceu que os descontos eram indevidos<\/mark>. Os regimes t\u00eam 30 dias \u2013 contados a partir de 31 de julhos \u2013 para prestar esclarecimentos sobre a situa\u00e7\u00e3o e sanar eventuais irregularidades, segundo o TCE-SP.<\/p>\n<h2 class=\"wp-block-heading\"><strong>Outro lado<\/strong><\/h2>\n<p>Procurada, a <strong>Prefeitura de Ribeir\u00e3o Preto<\/strong> informou, por meio de nota, que \u201cn\u00e3o recebeu, at\u00e9 o momento, qualquer notifica\u00e7\u00e3o ou apontamento do Tribunal de Contas do Estado de S\u00e3o Paulo (TCE-SP) referente ao relat\u00f3rio mencionado\u201d.<\/p>\n<p>O IPM esclareceu, ainda, que<mark style=\"background-color:#fcb900\" class=\"has-inline-color has-black-color\"> \u201ctodas as manifesta\u00e7\u00f5es dos benefici\u00e1rios relacionadas \u00e0s consigna\u00e7\u00f5es em folha de pagamento s\u00e3o devidamente apuradas e acompanhadas pela Ouvidoria da Institui\u00e7\u00e3o<\/mark> e pelo setor respons\u00e1vel pela folha dos aposentados e pensionistas\u201d.<\/p>\n<h2 class=\"wp-block-heading\"><strong>Vulnerabilidade<\/strong><\/h2>\n<p>\u201cDe acordo com a fiscaliza\u00e7\u00e3o operacional in loco, n\u00f3s encontramos uma vulnerabilidade muito acentuada. H\u00e1 muitos regimes que n\u00e3o possuem um instrumento jur\u00eddico vinculando com a entidade para fazer o desconto. Em muitos regimes, n\u00e3o h\u00e1 a autoriza\u00e7\u00e3o individual do aposentado\u201d, afirmou o conselheiro do TCE-SP, Marco Bertaiolli.<\/p>\n<p>Segundo ele, os regimes que n\u00e3o atenderem \u00e0s exig\u00eancias dentro do prazo estar\u00e3o sujeitos a uma multa de duas mil UFESPs (R$ 74.040). As medidas obrigat\u00f3rias incluem a apresenta\u00e7\u00e3o das autoriza\u00e7\u00f5es individuais, a cria\u00e7\u00e3o de normativo espec\u00edfico e a formaliza\u00e7\u00e3o do conv\u00eanio com a entidade que promove o desconto.<\/p>\n<p>\u201cEm 31 dias, o TCE volta a fiscalizar presencialmente os RPPS. Se n\u00e3o forem comprovadas as informa\u00e7\u00f5es a serem passadas ao Tribunal, o gestor do fundo previdenci\u00e1rio ser\u00e1 autuado e encaminhado ao Minist\u00e9rio P\u00fablico\u201d, completou o conselheiro.<\/p>\n<p>Bertaiolli refor\u00e7ou que ainda n\u00e3o \u00e9 poss\u00edvel afirmar com certeza se houve irregularidades por parte dos RPPS, mas destacou a vulnerabilidade do sistema.<\/p>\n<p>\u201cAinda n\u00e3o h\u00e1 condi\u00e7\u00f5es de dizer. Pode ser considerado um ind\u00edcio [de fraude] ou um acesso indevido. Por exemplo, alguns aposentados n\u00e3o reconheceram o d\u00e9bito nos seus holerites. N\u00f3s fomos checar e foram empr\u00e9stimos consignados ativados por um parente\u201d, destacou.<\/p>\n<h2 class=\"wp-block-heading\"><strong>Cr\u00e9dito consignado<\/strong><\/h2>\n<p>Ele tamb\u00e9m criticou o modelo atual de cr\u00e9dito consignado, que considera prejudicial aos segurados. \u201cQuando esse cr\u00e9dito foi autorizado, tinha o embri\u00e3o de oferecer um cr\u00e9dito barato. \u00c9 um sistema cruel com os aposentados\u201d, afirma.<\/p>\n<p>\u201cMuitos, acima dos 80 anos, n\u00e3o tinham condi\u00e7\u00f5es de checar se a informa\u00e7\u00e3o era correta ou n\u00e3o. N\u00e3o h\u00e1, por parte dos institutos, uma verifica\u00e7\u00e3o efetiva da veracidade \u2013 se \u00e9 realmente o aposentado quem est\u00e1 contratando o empr\u00e9stimo ou aderindo \u00e0quela associa\u00e7\u00e3o. Por isso estamos dando um prazo de 180 dias para que os institutos adotem um novo sistema de certifica\u00e7\u00e3o de autoriza\u00e7\u00f5es, preferencialmente por biometria\u201d, concluiu (com informa\u00e7\u00f5es<strong> Jo\u00e3o Pedro Bitencourt\/Estad\u00e3o Conte\u00fado<\/strong>).<\/p>\n<p>SAIBA MAIS<br \/>RP Mobi come\u00e7a fiscaliza\u00e7\u00e3o das novas vagas de \u00c1rea Azul no Centro; Veja onde<\/p>\n<h2 class=\"wp-block-heading\"><strong>FIQUE ON<\/strong><\/h2>\n<p>Fique ligado em tudo que acontece em Ribeir\u00e3o Preto e regi\u00e3o. Siga os perfis do\u00a0<strong>acidade on<\/strong>\u00a0no\u00a0<a href=\"https:\/\/www.instagram.com\/acidadeonribeirao\" target=\"_blank\" rel=\"noreferrer noopener\">Instagram<\/a>\u00a0e no\u00a0<a href=\"https:\/\/www.facebook.com\/acidadeonribeirao\/\" target=\"_blank\" rel=\"noreferrer noopener\">Facebook<\/a>.<\/p>\n<p>Receba not\u00edcias do\u00a0<strong>acidade on<\/strong>\u00a0no WhatsApp.\u00a0<a href=\"https:\/\/chat.whatsapp.com\/BjKQZ9oJwlz8VVT50NuePq\" target=\"_blank\" rel=\"noreferrer noopener\">Para entrar no grupo, basta clicar aqui.<\/a><\/p>\n<p>Fa\u00e7a uma den\u00fancia ou sugira uma reportagem sobre Ribeir\u00e3o Preto e regi\u00e3o pelo WhatsApp: 16 99117 7802.<\/p>\n<p>VEJA TAMB\u00c9M<br \/>Por que agosto \u00e9 chamado de \u2018m\u00eas do desgosto\u2019 ou \u2018do cachorro louco\u2019?<\/p>\n<p><!-- AI CONTENT END 1 -->\n<\/div>\n<p><script async src=\"\/\/www.instagram.com\/embed.js\"><\/script><br \/>\n<br \/><br \/>\n<br \/><a href=\"https:\/\/www.acidadeon.com\/ribeiraopreto\/politica\/ribeirao-aparece-em-relatorio-sobre-indicios-de-irregularidades-em-previdencias-municipais\/\">Source link <\/a><\/p>\n<!-- CONTENT END 1 -->\n","protected":false},"excerpt":{"rendered":"<p>Um relat\u00f3rio divulgado pelo TCE-SP (Tribunal de Contas do Estado de S\u00e3o Paulo) na semana passada revelou que 87 dos 219 RPPS (Regimes Pr\u00f3prios de&#8230;<\/p>\n","protected":false},"author":1,"featured_media":75162,"comment_status":"open","ping_status":"open","sticky":false,"template":"","format":"standard","meta":{"advanced_seo_description":"","jetpack_seo_html_title":"","jetpack_seo_noindex":false,"jetpack_post_was_ever_published":false,"_jetpack_newsletter_access":"","_jetpack_dont_email_post_to_subs":false,"_jetpack_newsletter_tier_id":0,"_jetpack_memberships_contains_paywalled_content":false,"_jetpack_memberships_contains_paid_content":false,"footnotes":"","jetpack_publicize_message":"","jetpack_publicize_feature_enabled":true,"jetpack_social_post_already_shared":true,"jetpack_social_options":{"image_generator_settings":{"template":"highway","default_image_id":0,"font":"","enabled":false},"version":2}},"categories":[11],"tags":[],"class_list":["post-75161","post","type-post","status-publish","format-standard","has-post-thumbnail","hentry","category-noticias-de-ribeirao-preto-sp-e-regiao-ismael-colosi"],"jetpack_publicize_connections":[],"jetpack_featured_media_url":"https:\/\/i0.wp.com\/noticiasribeiraopreto.com.br\/wp-content\/uploads\/2025\/08\/marco-bertaiolli-tce_2025-08-04_20-12-41.webp.webp?fit=1200%2C799&ssl=1","jetpack-related-posts":[{"id":74986,"url":"https:\/\/noticiasribeiraopreto.com.br\/index.php\/2025\/08\/01\/tcesp-aponta-falhas-em-orgaos-municipais\/","url_meta":{"origin":75161,"position":0},"title":"TCESP aponta falhas em \u00f3rg\u00e3os municipais","author":"noticiasribeiraopreto.com.br","date":"1 de August de 2025","format":false,"excerpt":"1 de agosto de 2025 09:001 de agosto de 2025 08:469 Compartilhar0 Auditoria realizada pelo Tribunal de Contas do Estado de S\u00e3o Paulo (TCESP), divulgada na quarta-feira, 30 de julho, analisou a legalidade de descontos realizados nas folhas de pagamento de 1,5 milh\u00e3o de aposentados e pensionistas paulistas que est\u00e3o\u2026","rel":"","context":"In &quot;Not\u00edcias de Ribeir\u00e3o Preto-SP e Regi\u00e3o&quot;","block_context":{"text":"Not\u00edcias de Ribeir\u00e3o Preto-SP e Regi\u00e3o","link":"https:\/\/noticiasribeiraopreto.com.br\/index.php\/category\/noticias-de-ribeirao-preto-sp-e-regiao-ismael-colosi\/"},"img":{"alt_text":"","src":"https:\/\/i0.wp.com\/noticiasribeiraopreto.com.br\/wp-content\/uploads\/2025\/08\/DividaIPM-Alfredo-Risk-Arquivo-scaled.jpg?fit=1170%2C780&ssl=1&resize=350%2C200","width":350,"height":200,"srcset":"https:\/\/i0.wp.com\/noticiasribeiraopreto.com.br\/wp-content\/uploads\/2025\/08\/DividaIPM-Alfredo-Risk-Arquivo-scaled.jpg?fit=1170%2C780&ssl=1&resize=350%2C200 1x, https:\/\/i0.wp.com\/noticiasribeiraopreto.com.br\/wp-content\/uploads\/2025\/08\/DividaIPM-Alfredo-Risk-Arquivo-scaled.jpg?fit=1170%2C780&ssl=1&resize=525%2C300 1.5x, https:\/\/i0.wp.com\/noticiasribeiraopreto.com.br\/wp-content\/uploads\/2025\/08\/DividaIPM-Alfredo-Risk-Arquivo-scaled.jpg?fit=1170%2C780&ssl=1&resize=700%2C400 2x, https:\/\/i0.wp.com\/noticiasribeiraopreto.com.br\/wp-content\/uploads\/2025\/08\/DividaIPM-Alfredo-Risk-Arquivo-scaled.jpg?fit=1170%2C780&ssl=1&resize=1050%2C600 3x"},"classes":[]},{"id":61302,"url":"https:\/\/noticiasribeiraopreto.com.br\/index.php\/2024\/12\/09\/instituto-de-previdencia-abre-concurso-publico-no-interior-de-sp-veja-como-participar\/","url_meta":{"origin":75161,"position":1},"title":"Instituto de previd\u00eancia abre concurso p\u00fablico no interior de SP; Veja como participar","author":"noticiasribeiraopreto.com.br","date":"9 de December de 2024","format":false,"excerpt":"O Instituto de Previd\u00eancia dos Servidores P\u00fablicos de Brodowski, no interior de S\u00e3o Paulo, publicou edital de concurso p\u00fablico com duas vagas, al\u00e9m de oportunidades para o cadastro reserva. As vagas s\u00e3o de n\u00edvel t\u00e9cnico\/m\u00e9dio e superior e os sal\u00e1rios variam entre R$ 1,6 mil e R$ 2,5 mil. Veja\u2026","rel":"","context":"In &quot;Not\u00edcias de Ribeir\u00e3o Preto-SP e Regi\u00e3o&quot;","block_context":{"text":"Not\u00edcias de Ribeir\u00e3o Preto-SP e Regi\u00e3o","link":"https:\/\/noticiasribeiraopreto.com.br\/index.php\/category\/noticias-de-ribeirao-preto-sp-e-regiao-ismael-colosi\/"},"img":{"alt_text":"","src":"https:\/\/i0.wp.com\/noticiasribeiraopreto.com.br\/wp-content\/uploads\/2024\/05\/concurso_publico_1-1024x683-1_2024-05-09_19-38-33_jpeg_2024-05-09_19-38-33.webp.webp?fit=1024%2C683&ssl=1&resize=350%2C200","width":350,"height":200,"srcset":"https:\/\/i0.wp.com\/noticiasribeiraopreto.com.br\/wp-content\/uploads\/2024\/05\/concurso_publico_1-1024x683-1_2024-05-09_19-38-33_jpeg_2024-05-09_19-38-33.webp.webp?fit=1024%2C683&ssl=1&resize=350%2C200 1x, https:\/\/i0.wp.com\/noticiasribeiraopreto.com.br\/wp-content\/uploads\/2024\/05\/concurso_publico_1-1024x683-1_2024-05-09_19-38-33_jpeg_2024-05-09_19-38-33.webp.webp?fit=1024%2C683&ssl=1&resize=525%2C300 1.5x, https:\/\/i0.wp.com\/noticiasribeiraopreto.com.br\/wp-content\/uploads\/2024\/05\/concurso_publico_1-1024x683-1_2024-05-09_19-38-33_jpeg_2024-05-09_19-38-33.webp.webp?fit=1024%2C683&ssl=1&resize=700%2C400 2x"},"classes":[]},{"id":73826,"url":"https:\/\/noticiasribeiraopreto.com.br\/index.php\/2025\/07\/10\/reembolso-de-desconto-ilegal-do-inss-comeca-dia-24\/","url_meta":{"origin":75161,"position":2},"title":"Reembolso de desconto ilegal do INSS come\u00e7a dia 24","author":"noticiasribeiraopreto.com.br","date":"10 de July de 2025","format":false,"excerpt":"A partir desta sexta-feira (11), os aposentados e pensionistas do Instituto Nacional do Seguro Social (INSS) v\u00edtimas dos descontos ilegais de mensalidades associativas poder\u00e3o aderir ao\u00a0acordo de ressarcimento\u00a0proposto pelo governo federal. Homologado pelo Supremo Tribunal Federal (STF), o plano de restitui\u00e7\u00e3o dos valores deduzidos sem a autoriza\u00e7\u00e3o dos segurados do\u2026","rel":"","context":"In &quot;Not\u00edcias de Ribeir\u00e3o Preto-SP e Regi\u00e3o&quot;","block_context":{"text":"Not\u00edcias de Ribeir\u00e3o Preto-SP e Regi\u00e3o","link":"https:\/\/noticiasribeiraopreto.com.br\/index.php\/category\/noticias-de-ribeirao-preto-sp-e-regiao-ismael-colosi\/"},"img":{"alt_text":"","src":"https:\/\/i0.wp.com\/noticiasribeiraopreto.com.br\/wp-content\/uploads\/2025\/07\/Como-consultar-beneficio-por-incapacidade-INSS.jpg?fit=1200%2C729&ssl=1&resize=350%2C200","width":350,"height":200,"srcset":"https:\/\/i0.wp.com\/noticiasribeiraopreto.com.br\/wp-content\/uploads\/2025\/07\/Como-consultar-beneficio-por-incapacidade-INSS.jpg?fit=1200%2C729&ssl=1&resize=350%2C200 1x, https:\/\/i0.wp.com\/noticiasribeiraopreto.com.br\/wp-content\/uploads\/2025\/07\/Como-consultar-beneficio-por-incapacidade-INSS.jpg?fit=1200%2C729&ssl=1&resize=525%2C300 1.5x, https:\/\/i0.wp.com\/noticiasribeiraopreto.com.br\/wp-content\/uploads\/2025\/07\/Como-consultar-beneficio-por-incapacidade-INSS.jpg?fit=1200%2C729&ssl=1&resize=700%2C400 2x, https:\/\/i0.wp.com\/noticiasribeiraopreto.com.br\/wp-content\/uploads\/2025\/07\/Como-consultar-beneficio-por-incapacidade-INSS.jpg?fit=1200%2C729&ssl=1&resize=1050%2C600 3x"},"classes":[]},{"id":74784,"url":"https:\/\/noticiasribeiraopreto.com.br\/index.php\/2025\/07\/29\/o-que-se-sabe-sobre-projeto-de-ligacao-por-trem-entre-ribeirao-preto-e-franca\/","url_meta":{"origin":75161,"position":3},"title":"O que se sabe sobre projeto de liga\u00e7\u00e3o por trem entre Ribeir\u00e3o Preto e Franca","author":"noticiasribeiraopreto.com.br","date":"29 de July de 2025","format":false,"excerpt":"A CPTM (Companhia Paulista de Trens Metropolitanos) informou que o concluiu o relat\u00f3rio t\u00e9cnico do Plano de A\u00e7\u00e3o S\u00e3o Paulo nos Trilhos: trechos Sorocaba-Mar\u00edlia e Ribeir\u00e3o Preto-Franca. De acordo com a empresa de capital misto, vinculada ao Governo de S\u00e3o Paulo, \u201co material foi elaborado para que os trechos sejam\u2026","rel":"","context":"In &quot;Not\u00edcias de Ribeir\u00e3o Preto-SP e Regi\u00e3o&quot;","block_context":{"text":"Not\u00edcias de Ribeir\u00e3o Preto-SP e Regi\u00e3o","link":"https:\/\/noticiasribeiraopreto.com.br\/index.php\/category\/noticias-de-ribeirao-preto-sp-e-regiao-ismael-colosi\/"},"img":{"alt_text":"","src":"https:\/\/i0.wp.com\/noticiasribeiraopreto.com.br\/wp-content\/uploads\/2025\/07\/trem-ribeirao-preto-franca_2025-07-29_13-59-11.webp.webp?fit=1200%2C799&ssl=1&resize=350%2C200","width":350,"height":200,"srcset":"https:\/\/i0.wp.com\/noticiasribeiraopreto.com.br\/wp-content\/uploads\/2025\/07\/trem-ribeirao-preto-franca_2025-07-29_13-59-11.webp.webp?fit=1200%2C799&ssl=1&resize=350%2C200 1x, https:\/\/i0.wp.com\/noticiasribeiraopreto.com.br\/wp-content\/uploads\/2025\/07\/trem-ribeirao-preto-franca_2025-07-29_13-59-11.webp.webp?fit=1200%2C799&ssl=1&resize=525%2C300 1.5x, https:\/\/i0.wp.com\/noticiasribeiraopreto.com.br\/wp-content\/uploads\/2025\/07\/trem-ribeirao-preto-franca_2025-07-29_13-59-11.webp.webp?fit=1200%2C799&ssl=1&resize=700%2C400 2x, https:\/\/i0.wp.com\/noticiasribeiraopreto.com.br\/wp-content\/uploads\/2025\/07\/trem-ribeirao-preto-franca_2025-07-29_13-59-11.webp.webp?fit=1200%2C799&ssl=1&resize=1050%2C600 3x"},"classes":[]},{"id":16416,"url":"https:\/\/noticiasribeiraopreto.com.br\/index.php\/2023\/12\/15\/imposto-de-renda-voce-pode-ter-direito-a-ate-63-de-desconto-em-parte-da-declaracao-de-2024-saiba-como\/","url_meta":{"origin":75161,"position":4},"title":"Imposto de Renda: voc\u00ea pode ter direito a at\u00e9 63% de \u2018desconto\u2019 em parte da declara\u00e7\u00e3o de 2024; saiba como","author":"noticiasribeiraopreto.com.br","date":"15 de December de 2023","format":false,"excerpt":"Os brasileiros s\u00e3o conhecidos por deixar tudo para \u00faltima hora e com o Imposto de Renda n\u00e3o \u00e9 diferente. Mas para toda regra existem exce\u00e7\u00f5es, e aqueles que aproveitam o fim de ano para organizar a papelada necess\u00e1ria para a declara\u00e7\u00e3o podem ser bem recompensados.\u00a0\u00a0 Por exemplo, voc\u00ea sabia que\u2026","rel":"","context":"In &quot;Dinheiro e Investimento&quot;","block_context":{"text":"Dinheiro e Investimento","link":"https:\/\/noticiasribeiraopreto.com.br\/index.php\/category\/dinheiro-e-investimento-como-fazer-como-ganhar\/"},"img":{"alt_text":"","src":"https:\/\/i0.wp.com\/noticiasribeiraopreto.com.br\/wp-content\/uploads\/2023\/12\/1702663161_Layout-Carol-Gama-6-715x402.png?fit=715%2C402&ssl=1&resize=350%2C200","width":350,"height":200,"srcset":"https:\/\/i0.wp.com\/noticiasribeiraopreto.com.br\/wp-content\/uploads\/2023\/12\/1702663161_Layout-Carol-Gama-6-715x402.png?fit=715%2C402&ssl=1&resize=350%2C200 1x, https:\/\/i0.wp.com\/noticiasribeiraopreto.com.br\/wp-content\/uploads\/2023\/12\/1702663161_Layout-Carol-Gama-6-715x402.png?fit=715%2C402&ssl=1&resize=525%2C300 1.5x, https:\/\/i0.wp.com\/noticiasribeiraopreto.com.br\/wp-content\/uploads\/2023\/12\/1702663161_Layout-Carol-Gama-6-715x402.png?fit=715%2C402&ssl=1&resize=700%2C400 2x"},"classes":[]},{"id":76471,"url":"https:\/\/noticiasribeiraopreto.com.br\/index.php\/2025\/08\/29\/agencia-do-inss-de-ribeirao-preto-realiza-mutirao-no-fim-de-semana\/","url_meta":{"origin":75161,"position":5},"title":"Ag\u00eancia do INSS de Ribeir\u00e3o Preto realiza mutir\u00e3o no fim de semana","author":"noticiasribeiraopreto.com.br","date":"29 de August de 2025","format":false,"excerpt":"A ag\u00eancia do INSS (Instituto Nacional do Seguro Social) de Ribeir\u00e3o Preto realiza, nos dias 30 e 31 de agosto, um mutir\u00e3o de atendimentos voltado para quem busca benef\u00edcios como o Benef\u00edcio por Incapacidade Tempor\u00e1ria (antigo aux\u00edlio-doen\u00e7a) e o Benef\u00edcio de Presta\u00e7\u00e3o Continuada (BPC\/LOAS). Ao todo, ser\u00e3o disponibilizadas 339 vagas\u2026","rel":"","context":"In &quot;Not\u00edcias de Ribeir\u00e3o Preto-SP e Regi\u00e3o&quot;","block_context":{"text":"Not\u00edcias de Ribeir\u00e3o Preto-SP e Regi\u00e3o","link":"https:\/\/noticiasribeiraopreto.com.br\/index.php\/category\/noticias-de-ribeirao-preto-sp-e-regiao-ismael-colosi\/"},"img":{"alt_text":"","src":"https:\/\/i0.wp.com\/noticiasribeiraopreto.com.br\/wp-content\/uploads\/2025\/08\/inss-ribeirao_2025-08-29_12-52-35.webp.webp?fit=1200%2C702&ssl=1&resize=350%2C200","width":350,"height":200,"srcset":"https:\/\/i0.wp.com\/noticiasribeiraopreto.com.br\/wp-content\/uploads\/2025\/08\/inss-ribeirao_2025-08-29_12-52-35.webp.webp?fit=1200%2C702&ssl=1&resize=350%2C200 1x, https:\/\/i0.wp.com\/noticiasribeiraopreto.com.br\/wp-content\/uploads\/2025\/08\/inss-ribeirao_2025-08-29_12-52-35.webp.webp?fit=1200%2C702&ssl=1&resize=525%2C300 1.5x, https:\/\/i0.wp.com\/noticiasribeiraopreto.com.br\/wp-content\/uploads\/2025\/08\/inss-ribeirao_2025-08-29_12-52-35.webp.webp?fit=1200%2C702&ssl=1&resize=700%2C400 2x, https:\/\/i0.wp.com\/noticiasribeiraopreto.com.br\/wp-content\/uploads\/2025\/08\/inss-ribeirao_2025-08-29_12-52-35.webp.webp?fit=1200%2C702&ssl=1&resize=1050%2C600 3x"},"classes":[]}],"jetpack_sharing_enabled":true,"jetpack_shortlink":"https:\/\/wp.me\/peQAOb-jyh","_links":{"self":[{"href":"https:\/\/noticiasribeiraopreto.com.br\/index.php\/wp-json\/wp\/v2\/posts\/75161","targetHints":{"allow":["GET"]}}],"collection":[{"href":"https:\/\/noticiasribeiraopreto.com.br\/index.php\/wp-json\/wp\/v2\/posts"}],"about":[{"href":"https:\/\/noticiasribeiraopreto.com.br\/index.php\/wp-json\/wp\/v2\/types\/post"}],"author":[{"embeddable":true,"href":"https:\/\/noticiasribeiraopreto.com.br\/index.php\/wp-json\/wp\/v2\/users\/1"}],"replies":[{"embeddable":true,"href":"https:\/\/noticiasribeiraopreto.com.br\/index.php\/wp-json\/wp\/v2\/comments?post=75161"}],"version-history":[{"count":0,"href":"https:\/\/noticiasribeiraopreto.com.br\/index.php\/wp-json\/wp\/v2\/posts\/75161\/revisions"}],"wp:featuredmedia":[{"embeddable":true,"href":"https:\/\/noticiasribeiraopreto.com.br\/index.php\/wp-json\/wp\/v2\/media\/75162"}],"wp:attachment":[{"href":"https:\/\/noticiasribeiraopreto.com.br\/index.php\/wp-json\/wp\/v2\/media?parent=75161"}],"wp:term":[{"taxonomy":"category","embeddable":true,"href":"https:\/\/noticiasribeiraopreto.com.br\/index.php\/wp-json\/wp\/v2\/categories?post=75161"},{"taxonomy":"post_tag","embeddable":true,"href":"https:\/\/noticiasribeiraopreto.com.br\/index.php\/wp-json\/wp\/v2\/tags?post=75161"}],"curies":[{"name":"wp","href":"https:\/\/api.w.org\/{rel}","templated":true}]}}