{"id":75163,"date":"2025-08-04T19:23:47","date_gmt":"2025-08-04T22:23:47","guid":{"rendered":"https:\/\/noticiasribeiraopreto.com.br\/index.php\/2025\/08\/04\/onibus-eletricos-comecam-a-circular-em-ribeirao-preto-veja-linhas-atendidas\/"},"modified":"2025-08-04T19:23:47","modified_gmt":"2025-08-04T22:23:47","slug":"onibus-eletricos-comecam-a-circular-em-ribeirao-preto-veja-linhas-atendidas","status":"publish","type":"post","link":"https:\/\/noticiasribeiraopreto.com.br\/index.php\/2025\/08\/04\/onibus-eletricos-comecam-a-circular-em-ribeirao-preto-veja-linhas-atendidas\/","title":{"rendered":"\u00d4nibus el\u00e9tricos come\u00e7am a circular em Ribeir\u00e3o Preto; veja linhas atendidas"},"content":{"rendered":"<div class='code-block code-block-1' style='margin: 8px 0 8px auto; text-align: right; display: block; clear: both;'>\n<p><a href=\"https:\/\/wa.link\/vpicfd\"><img data-recalc-dims=\"1\" class=\"wp-image-4922\" style=\"aspect-ratio: 2.0253164556962027; width: 561px; height: auto;\" src=\"https:\/\/i0.wp.com\/ismaelcolosi.com.br\/wp-content\/uploads\/2023\/11\/grupo-de-empregos-whatsapp-e-facebook-ismael-colosi-vagas.jpg?ssl=1\" alt=\"\" \/><\/a><\/p>\n<!-- \/wp:image -->\n<\/div>\n<p> <br \/>\n<\/p>\n<div data-td-block-uid=\"tdi_95\">\n<div class=\"tdb-block-inner td-fix-index\">\n<p><strong>Quatro \u00f4nibus el\u00e9tricos passaram a integrar a frota do transporte coletivo urbano de Ribeir\u00e3o Preto<\/strong>. Os ve\u00edculos fazem parte do programa EcoBus \u2013 Mobilidade Sustent\u00e1vel e come\u00e7aram a circular nesta segunda-feira (4).<\/p>\n<p>Com tecnologia 100% el\u00e9trica, <strong>os \u00f4nibus n\u00e3o emitem poluentes e operam de forma silenciosa<\/strong>, o que reduz o impacto sonoro nas \u00e1reas urbanas.<\/p>\n<p>O modelo ANKAI OE-12 transporta at\u00e9<strong> 78 passageiros<\/strong>, sendo 34 sentados e 44 em p\u00e9, e <strong>oferece ar-condicionado<\/strong>,<strong> wi-fi<\/strong>, <strong>entradas USB <\/strong>e <strong>plataforma elevat\u00f3ria para pessoas com defici\u00eancia<\/strong>. Sete c\u00e2meras internas garantem o monitoramento do interior dos ve\u00edculos.<\/p>\n<figure class=\"wp-block-gallery has-nested-images columns-default is-cropped wp-block-gallery-1 is-layout-flex wp-block-gallery-is-layout-flex\">\n<figure class=\"wp-block-image size-large\"><img data-recalc-dims=\"1\" fetchpriority=\"high\" decoding=\"async\" width=\"1024\" height=\"683\" data-id=\"124696\" src=\"https:\/\/i0.wp.com\/cdn.media-acidadeon.com.br\/ribeiraopreto\/wp-content\/uploads\/sites\/3\/2025\/08\/Entrega-Onibus-Eletrico-Foto-Fernando-Gonzaga-7_2025-08-04_19-05-10-1024x683.webp?resize=1024%2C683&#038;ssl=1\" alt=\"\" class=\"wp-image-124696\" srcset=\"https:\/\/cdn.media-acidadeon.com.br\/ribeiraopreto\/wp-content\/uploads\/sites\/3\/2025\/08\/Entrega-Onibus-Eletrico-Foto-Fernando-Gonzaga-7_2025-08-04_19-05-10-1024x683.webp 1024w, https:\/\/cdn.media-acidadeon.com.br\/ribeiraopreto\/wp-content\/uploads\/sites\/3\/2025\/08\/Entrega-Onibus-Eletrico-Foto-Fernando-Gonzaga-7_2025-08-04_19-05-10-300x200.webp 300w, https:\/\/cdn.media-acidadeon.com.br\/ribeiraopreto\/wp-content\/uploads\/sites\/3\/2025\/08\/Entrega-Onibus-Eletrico-Foto-Fernando-Gonzaga-7_2025-08-04_19-05-10-768x512.webp 768w, https:\/\/cdn.media-acidadeon.com.br\/ribeiraopreto\/wp-content\/uploads\/sites\/3\/2025\/08\/Entrega-Onibus-Eletrico-Foto-Fernando-Gonzaga-7_2025-08-04_19-05-10-696x464.webp 696w, https:\/\/cdn.media-acidadeon.com.br\/ribeiraopreto\/wp-content\/uploads\/sites\/3\/2025\/08\/Entrega-Onibus-Eletrico-Foto-Fernando-Gonzaga-7_2025-08-04_19-05-10-1068x712.webp 1068w, https:\/\/cdn.media-acidadeon.com.br\/ribeiraopreto\/wp-content\/uploads\/sites\/3\/2025\/08\/Entrega-Onibus-Eletrico-Foto-Fernando-Gonzaga-7_2025-08-04_19-05-10.webp 1200w\" sizes=\"(max-width: 1024px) 100vw, 1024px\"\/><\/figure>\n<figure class=\"wp-block-image size-large\"><img data-recalc-dims=\"1\" loading=\"lazy\" decoding=\"async\" width=\"1024\" height=\"683\" data-id=\"124694\" src=\"https:\/\/i0.wp.com\/cdn.media-acidadeon.com.br\/ribeiraopreto\/wp-content\/uploads\/sites\/3\/2025\/08\/Entrega-Onibus-Eletrico-Foto-Fernando-Gonzaga-4_2025-08-04_19-05-04-1024x683.webp?resize=1024%2C683&#038;ssl=1\" alt=\"\" class=\"wp-image-124694\" srcset=\"https:\/\/cdn.media-acidadeon.com.br\/ribeiraopreto\/wp-content\/uploads\/sites\/3\/2025\/08\/Entrega-Onibus-Eletrico-Foto-Fernando-Gonzaga-4_2025-08-04_19-05-04-1024x683.webp 1024w, https:\/\/cdn.media-acidadeon.com.br\/ribeiraopreto\/wp-content\/uploads\/sites\/3\/2025\/08\/Entrega-Onibus-Eletrico-Foto-Fernando-Gonzaga-4_2025-08-04_19-05-04-300x200.webp 300w, https:\/\/cdn.media-acidadeon.com.br\/ribeiraopreto\/wp-content\/uploads\/sites\/3\/2025\/08\/Entrega-Onibus-Eletrico-Foto-Fernando-Gonzaga-4_2025-08-04_19-05-04-768x512.webp 768w, https:\/\/cdn.media-acidadeon.com.br\/ribeiraopreto\/wp-content\/uploads\/sites\/3\/2025\/08\/Entrega-Onibus-Eletrico-Foto-Fernando-Gonzaga-4_2025-08-04_19-05-04-696x464.webp 696w, https:\/\/cdn.media-acidadeon.com.br\/ribeiraopreto\/wp-content\/uploads\/sites\/3\/2025\/08\/Entrega-Onibus-Eletrico-Foto-Fernando-Gonzaga-4_2025-08-04_19-05-04-1068x712.webp 1068w, https:\/\/cdn.media-acidadeon.com.br\/ribeiraopreto\/wp-content\/uploads\/sites\/3\/2025\/08\/Entrega-Onibus-Eletrico-Foto-Fernando-Gonzaga-4_2025-08-04_19-05-04.webp 1200w\" sizes=\"auto, (max-width: 1024px) 100vw, 1024px\"\/><\/figure>\n<figure class=\"wp-block-image size-large\"><img data-recalc-dims=\"1\" loading=\"lazy\" decoding=\"async\" width=\"1024\" height=\"683\" data-id=\"124691\" src=\"https:\/\/i0.wp.com\/cdn.media-acidadeon.com.br\/ribeiraopreto\/wp-content\/uploads\/sites\/3\/2025\/08\/Entrega-Onibus-Eletrico-Foto-Fernando-Gonzaga-1_2025-08-04_19-04-54-1024x683.webp?resize=1024%2C683&#038;ssl=1\" alt=\"\" class=\"wp-image-124691\" srcset=\"https:\/\/cdn.media-acidadeon.com.br\/ribeiraopreto\/wp-content\/uploads\/sites\/3\/2025\/08\/Entrega-Onibus-Eletrico-Foto-Fernando-Gonzaga-1_2025-08-04_19-04-54-1024x683.webp 1024w, https:\/\/cdn.media-acidadeon.com.br\/ribeiraopreto\/wp-content\/uploads\/sites\/3\/2025\/08\/Entrega-Onibus-Eletrico-Foto-Fernando-Gonzaga-1_2025-08-04_19-04-54-300x200.webp 300w, https:\/\/cdn.media-acidadeon.com.br\/ribeiraopreto\/wp-content\/uploads\/sites\/3\/2025\/08\/Entrega-Onibus-Eletrico-Foto-Fernando-Gonzaga-1_2025-08-04_19-04-54-768x512.webp 768w, https:\/\/cdn.media-acidadeon.com.br\/ribeiraopreto\/wp-content\/uploads\/sites\/3\/2025\/08\/Entrega-Onibus-Eletrico-Foto-Fernando-Gonzaga-1_2025-08-04_19-04-54-696x464.webp 696w, https:\/\/cdn.media-acidadeon.com.br\/ribeiraopreto\/wp-content\/uploads\/sites\/3\/2025\/08\/Entrega-Onibus-Eletrico-Foto-Fernando-Gonzaga-1_2025-08-04_19-04-54-1068x712.webp 1068w, https:\/\/cdn.media-acidadeon.com.br\/ribeiraopreto\/wp-content\/uploads\/sites\/3\/2025\/08\/Entrega-Onibus-Eletrico-Foto-Fernando-Gonzaga-1_2025-08-04_19-04-54.webp 1200w\" sizes=\"auto, (max-width: 1024px) 100vw, 1024px\"\/><\/figure>\n<\/figure>\n<p><strong>A opera\u00e7\u00e3o inicial dos novos \u00f4nibus ocorre nas seguintes linhas:<\/strong><\/p>\n<ul class=\"wp-block-list\">\n<li>901 \u2013 Norte-Sul 1A<\/li>\n<li>904 \u2013 Leste-Oeste 2<\/li>\n<li>104 \u2013 Jardim Canad\u00e1<\/li>\n<li>305 \u2013 Jardim Nova Alian\u00e7a<\/li>\n<\/ul>\n<hr class=\"wp-block-separator has-alpha-channel-opacity\"\/>\n<h4 class=\"wp-block-heading\">SAIBA MAIS<\/h4>\n<p>Do campo ao streaming: ex-jogador do Botafogo de Ribeir\u00e3o atuar\u00e1 em s\u00e9rie da Netflix<\/p>\n<h3 class=\"wp-block-heading\"><strong>FIQUE ON\u00a0\u00a0\u00a0\u00a0\u00a0\u00a0\u00a0\u00a0\u00a0<\/strong><\/h3>\n<p>Quer ficar por dentro de tudo que acontece em Ribeir\u00e3o Preto e regi\u00e3o? Ent\u00e3o siga os perfis do\u202facidade on\u202fno\u202f<a href=\"https:\/\/www.instagram.com\/acidadeonribeirao\" target=\"_blank\" rel=\"noreferrer noopener\">Instagram<\/a>\u202fe no\u202f<a href=\"https:\/\/www.facebook.com\/acidadeonribeirao\/\" target=\"_blank\" rel=\"noreferrer noopener\">Facebook<\/a>.<\/p>\n<p>Al\u00e9m disso, voc\u00ea pode receber as principais not\u00edcias diretamente no WhatsApp. Para isso, basta\u00a0<a href=\"https:\/\/chat.whatsapp.com\/BjKQZ9oJwlz8VVT50NuePq\" target=\"_blank\" rel=\"noreferrer noopener\">entrar no grupo clicando aqui<\/a>.<\/p>\n<p>Por fim, se quiser fazer uma den\u00fancia ou sugerir uma reportagem sobre Ribeir\u00e3o Preto e regi\u00e3o, envie uma mensagem pelo WhatsApp: (16) 99117-7802.<\/p>\n<p>VEJA TAMB\u00c9M<br \/>Ben Barnes ser\u00e1 Sirius Black na s\u00e9rie de \u2018Harry Potter\u2019?<\/p>\n<p><!-- AI CONTENT END 1 -->\n<\/div>\n<\/div>\n<p><script async src=\"\/\/www.instagram.com\/embed.js\"><\/script><br \/>\n<br \/><br \/>\n<br \/><a href=\"https:\/\/www.acidadeon.com\/ribeiraopreto\/cotidiano\/onibus-eletricos-comecam-a-circular-em-ribeirao-preto-veja-linhas-atendidas\/\">Source link <\/a><\/p>\n<!-- CONTENT END 1 -->\n","protected":false},"excerpt":{"rendered":"<p>Quatro \u00f4nibus el\u00e9tricos passaram a integrar a frota do transporte coletivo urbano de Ribeir\u00e3o Preto. Os ve\u00edculos fazem parte do programa EcoBus \u2013 Mobilidade Sustent\u00e1vel&#8230;<\/p>\n","protected":false},"author":1,"featured_media":75164,"comment_status":"open","ping_status":"open","sticky":false,"template":"","format":"standard","meta":{"advanced_seo_description":"","jetpack_seo_html_title":"","jetpack_seo_noindex":false,"jetpack_post_was_ever_published":false,"_jetpack_newsletter_access":"","_jetpack_dont_email_post_to_subs":false,"_jetpack_newsletter_tier_id":0,"_jetpack_memberships_contains_paywalled_content":false,"_jetpack_memberships_contains_paid_content":false,"footnotes":"","jetpack_publicize_message":"","jetpack_publicize_feature_enabled":true,"jetpack_social_post_already_shared":true,"jetpack_social_options":{"image_generator_settings":{"template":"highway","default_image_id":0,"font":"","enabled":false},"version":2}},"categories":[11],"tags":[],"class_list":["post-75163","post","type-post","status-publish","format-standard","has-post-thumbnail","hentry","category-noticias-de-ribeirao-preto-sp-e-regiao-ismael-colosi"],"jetpack_publicize_connections":[],"jetpack_featured_media_url":"https:\/\/i0.wp.com\/noticiasribeiraopreto.com.br\/wp-content\/uploads\/2025\/08\/Entrega-Onibus-Eletrico-Foto-Fernando-Gonzaga-2_2025-08-04_19-04-57.webp.webp?fit=1200%2C800&ssl=1","jetpack-related-posts":[{"id":46276,"url":"https:\/\/noticiasribeiraopreto.com.br\/index.php\/2024\/04\/10\/transporte-de-ribeirao-preto-testa-onibus-eletrico-chines\/","url_meta":{"origin":75163,"position":0},"title":"Transporte de Ribeir\u00e3o Preto testa \u00f4nibus el\u00e9trico chin\u00eas","author":"noticiasribeiraopreto.com.br","date":"10 de April de 2024","format":false,"excerpt":"Ap\u00f3s iniciar os testes com o \u00f4nibus el\u00e9trico nacional, a rede de transporte coletivo de Ribeir\u00e3o Preto come\u00e7a na pr\u00f3xima segunda-feira (15) a testar um \u00f4nibus el\u00e9trico fabricado na China. O ve\u00edculo passar\u00e1 por testes alternados no itiner\u00e1rio da linha 902 \u2013 Norte-Sul 2, que liga a regi\u00e3o Norte ao\u2026","rel":"","context":"In &quot;Not\u00edcias de Ribeir\u00e3o Preto-SP e Regi\u00e3o&quot;","block_context":{"text":"Not\u00edcias de Ribeir\u00e3o Preto-SP e Regi\u00e3o","link":"https:\/\/noticiasribeiraopreto.com.br\/index.php\/category\/noticias-de-ribeirao-preto-sp-e-regiao-ismael-colosi\/"},"img":{"alt_text":"","src":"https:\/\/i0.wp.com\/noticiasribeiraopreto.com.br\/wp-content\/uploads\/2024\/04\/onibus.jpeg?fit=1000%2C666&ssl=1&resize=350%2C200","width":350,"height":200,"srcset":"https:\/\/i0.wp.com\/noticiasribeiraopreto.com.br\/wp-content\/uploads\/2024\/04\/onibus.jpeg?fit=1000%2C666&ssl=1&resize=350%2C200 1x, https:\/\/i0.wp.com\/noticiasribeiraopreto.com.br\/wp-content\/uploads\/2024\/04\/onibus.jpeg?fit=1000%2C666&ssl=1&resize=525%2C300 1.5x, https:\/\/i0.wp.com\/noticiasribeiraopreto.com.br\/wp-content\/uploads\/2024\/04\/onibus.jpeg?fit=1000%2C666&ssl=1&resize=700%2C400 2x"},"classes":[]},{"id":45691,"url":"https:\/\/noticiasribeiraopreto.com.br\/index.php\/2024\/04\/05\/transporte-de-ribeirao-preto-inicia-teste-com-onibus-100-eletrico\/","url_meta":{"origin":75163,"position":1},"title":"Transporte de Ribeir\u00e3o Preto inicia teste com \u00f4nibus 100% el\u00e9trico","author":"noticiasribeiraopreto.com.br","date":"5 de April de 2024","format":false,"excerpt":"Come\u00e7ou nesta sexta-feira (5) o teste de um \u00f4nibus 100% el\u00e9trico no transporte p\u00fablico de Ribeir\u00e3o Preto. A viagem de apresenta\u00e7\u00e3o do ve\u00edculo saiu do terminal do Ribeir\u00e3o Shopping, na zona Sul, e foi em dire\u00e7\u00e3o a esta\u00e7\u00e3o da pra\u00e7a da Bandeira, no Centro. O ve\u00edculo possui capacidade para at\u00e9\u2026","rel":"","context":"In &quot;Not\u00edcias de Ribeir\u00e3o Preto-SP e Regi\u00e3o&quot;","block_context":{"text":"Not\u00edcias de Ribeir\u00e3o Preto-SP e Regi\u00e3o","link":"https:\/\/noticiasribeiraopreto.com.br\/index.php\/category\/noticias-de-ribeirao-preto-sp-e-regiao-ismael-colosi\/"},"img":{"alt_text":"","src":"https:\/\/i0.wp.com\/noticiasribeiraopreto.com.br\/wp-content\/uploads\/2024\/04\/AnyConv.com__onibus-eletrico.webp.webp?fit=1200%2C800&ssl=1&resize=350%2C200","width":350,"height":200,"srcset":"https:\/\/i0.wp.com\/noticiasribeiraopreto.com.br\/wp-content\/uploads\/2024\/04\/AnyConv.com__onibus-eletrico.webp.webp?fit=1200%2C800&ssl=1&resize=350%2C200 1x, https:\/\/i0.wp.com\/noticiasribeiraopreto.com.br\/wp-content\/uploads\/2024\/04\/AnyConv.com__onibus-eletrico.webp.webp?fit=1200%2C800&ssl=1&resize=525%2C300 1.5x, https:\/\/i0.wp.com\/noticiasribeiraopreto.com.br\/wp-content\/uploads\/2024\/04\/AnyConv.com__onibus-eletrico.webp.webp?fit=1200%2C800&ssl=1&resize=700%2C400 2x, https:\/\/i0.wp.com\/noticiasribeiraopreto.com.br\/wp-content\/uploads\/2024\/04\/AnyConv.com__onibus-eletrico.webp.webp?fit=1200%2C800&ssl=1&resize=1050%2C600 3x"},"classes":[]},{"id":49105,"url":"https:\/\/noticiasribeiraopreto.com.br\/index.php\/2024\/05\/08\/novo-pac-preve-r-210-milhoes-para-ribeirao-preto-comprar-onibus-eletricos\/","url_meta":{"origin":75163,"position":2},"title":"Novo PAC prev\u00ea R$ 210 milh\u00f5es para Ribeir\u00e3o Preto comprar \u00f4nibus el\u00e9tricos","author":"noticiasribeiraopreto.com.br","date":"8 de May de 2024","format":false,"excerpt":"O Governo Federal anunciou, nesta quarta-feira (8), o repasse de R$ 210 milh\u00f5es para Ribeir\u00e3o Preto comprar 60 \u00f4nibus el\u00e9tricos. Os recursos s\u00e3o provenientes do Novo PAC (Programa de Acelera\u00e7\u00e3o do Crescimento) Sele\u00e7\u00f5es, e foram anunciados em Bras\u00edlia. No \u00faltimo m\u00eas, Ribeir\u00e3o Preto iniciou os testes de dois \u00f4nibus el\u00e9tricos\u2026","rel":"","context":"In &quot;Not\u00edcias de Ribeir\u00e3o Preto-SP e Regi\u00e3o&quot;","block_context":{"text":"Not\u00edcias de Ribeir\u00e3o Preto-SP e Regi\u00e3o","link":"https:\/\/noticiasribeiraopreto.com.br\/index.php\/category\/noticias-de-ribeirao-preto-sp-e-regiao-ismael-colosi\/"},"img":{"alt_text":"","src":"https:\/\/i0.wp.com\/noticiasribeiraopreto.com.br\/wp-content\/uploads\/2024\/04\/AnyConv.com__onibus-eletrico.webp.webp?fit=1200%2C800&ssl=1&resize=350%2C200","width":350,"height":200,"srcset":"https:\/\/i0.wp.com\/noticiasribeiraopreto.com.br\/wp-content\/uploads\/2024\/04\/AnyConv.com__onibus-eletrico.webp.webp?fit=1200%2C800&ssl=1&resize=350%2C200 1x, https:\/\/i0.wp.com\/noticiasribeiraopreto.com.br\/wp-content\/uploads\/2024\/04\/AnyConv.com__onibus-eletrico.webp.webp?fit=1200%2C800&ssl=1&resize=525%2C300 1.5x, https:\/\/i0.wp.com\/noticiasribeiraopreto.com.br\/wp-content\/uploads\/2024\/04\/AnyConv.com__onibus-eletrico.webp.webp?fit=1200%2C800&ssl=1&resize=700%2C400 2x, https:\/\/i0.wp.com\/noticiasribeiraopreto.com.br\/wp-content\/uploads\/2024\/04\/AnyConv.com__onibus-eletrico.webp.webp?fit=1200%2C800&ssl=1&resize=1050%2C600 3x"},"classes":[]},{"id":75147,"url":"https:\/\/noticiasribeiraopreto.com.br\/index.php\/2025\/08\/04\/transporte-coletivo-de-ribeirao-ganha-primeiros-onibus-eletricos\/","url_meta":{"origin":75163,"position":3},"title":"Transporte Coletivo de Ribeir\u00e3o ganha primeiros \u00f4nibus el\u00e9tricos","author":"noticiasribeiraopreto.com.br","date":"4 de August de 2025","format":false,"excerpt":"4 de agosto de 2025 15:564 de agosto de 2025 15:564 Compartilhar0 A Prefeitura de Ribeir\u00e3o Preto, por meio da RP Mobi, realizou, nesta segunda-feira, 4 de agosto, a entrega oficial dos quatro primeiros \u00f4nibus el\u00e9tricos que passam a integrar a frota do transporte coletivo urbano da cidade. Os ve\u00edculos\u2026","rel":"","context":"In &quot;Not\u00edcias de Ribeir\u00e3o Preto-SP e Regi\u00e3o&quot;","block_context":{"text":"Not\u00edcias de Ribeir\u00e3o Preto-SP e Regi\u00e3o","link":"https:\/\/noticiasribeiraopreto.com.br\/index.php\/category\/noticias-de-ribeirao-preto-sp-e-regiao-ismael-colosi\/"},"img":{"alt_text":"","src":"https:\/\/i0.wp.com\/noticiasribeiraopreto.com.br\/wp-content\/uploads\/2025\/08\/onibus-scaled.jpeg?fit=1170%2C780&ssl=1&resize=350%2C200","width":350,"height":200,"srcset":"https:\/\/i0.wp.com\/noticiasribeiraopreto.com.br\/wp-content\/uploads\/2025\/08\/onibus-scaled.jpeg?fit=1170%2C780&ssl=1&resize=350%2C200 1x, https:\/\/i0.wp.com\/noticiasribeiraopreto.com.br\/wp-content\/uploads\/2025\/08\/onibus-scaled.jpeg?fit=1170%2C780&ssl=1&resize=525%2C300 1.5x, https:\/\/i0.wp.com\/noticiasribeiraopreto.com.br\/wp-content\/uploads\/2025\/08\/onibus-scaled.jpeg?fit=1170%2C780&ssl=1&resize=700%2C400 2x, https:\/\/i0.wp.com\/noticiasribeiraopreto.com.br\/wp-content\/uploads\/2025\/08\/onibus-scaled.jpeg?fit=1170%2C780&ssl=1&resize=1050%2C600 3x"},"classes":[]},{"id":76002,"url":"https:\/\/noticiasribeiraopreto.com.br\/index.php\/2025\/08\/20\/vans-escolares-poderao-circular-nos-corredores-de-onibus-em-ribeirao-preto\/","url_meta":{"origin":75163,"position":4},"title":"Vans escolares poder\u00e3o circular nos corredores de \u00f4nibus em Ribeir\u00e3o Preto","author":"noticiasribeiraopreto.com.br","date":"20 de August de 2025","format":false,"excerpt":"A RP Mobi, empresa respons\u00e1vel pelo gerenciamento do tr\u00e2nsito em Ribeir\u00e3o Preto, informou que, a partir do dia 25 de agosto, as vans escolares poder\u00e3o circular nos corredores de \u00f4nibus. Contudo, os ve\u00edculos devem estar cadastrados e autorizados, portando o Selo Verificador atualizado. A libera\u00e7\u00e3o ser\u00e1 v\u00e1lida em per\u00edodo letivo,\u2026","rel":"","context":"In &quot;Not\u00edcias de Ribeir\u00e3o Preto-SP e Regi\u00e3o&quot;","block_context":{"text":"Not\u00edcias de Ribeir\u00e3o Preto-SP e Regi\u00e3o","link":"https:\/\/noticiasribeiraopreto.com.br\/index.php\/category\/noticias-de-ribeirao-preto-sp-e-regiao-ismael-colosi\/"},"img":{"alt_text":"","src":"https:\/\/i0.wp.com\/noticiasribeiraopreto.com.br\/wp-content\/uploads\/2025\/08\/van-escolar_2025-08-20_13-16-08.webp.webp?fit=1000%2C666&ssl=1&resize=350%2C200","width":350,"height":200,"srcset":"https:\/\/i0.wp.com\/noticiasribeiraopreto.com.br\/wp-content\/uploads\/2025\/08\/van-escolar_2025-08-20_13-16-08.webp.webp?fit=1000%2C666&ssl=1&resize=350%2C200 1x, https:\/\/i0.wp.com\/noticiasribeiraopreto.com.br\/wp-content\/uploads\/2025\/08\/van-escolar_2025-08-20_13-16-08.webp.webp?fit=1000%2C666&ssl=1&resize=525%2C300 1.5x, https:\/\/i0.wp.com\/noticiasribeiraopreto.com.br\/wp-content\/uploads\/2025\/08\/van-escolar_2025-08-20_13-16-08.webp.webp?fit=1000%2C666&ssl=1&resize=700%2C400 2x"},"classes":[]},{"id":49615,"url":"https:\/\/noticiasribeiraopreto.com.br\/index.php\/2024\/05\/12\/contrato-do-onibus-tera-de-ser-revisado-mais-uma-vez-em-ribeirao-preto-veja-o-motivo\/","url_meta":{"origin":75163,"position":5},"title":"Contrato do \u00f4nibus ter\u00e1 de ser revisado mais uma vez em Ribeir\u00e3o Preto; Veja o motivo","author":"noticiasribeiraopreto.com.br","date":"12 de May de 2024","format":false,"excerpt":"Por conta da libera\u00e7\u00e3o dos recursos do Novo PAC (Programa de Acelera\u00e7\u00e3o do Crescimento) Sele\u00e7\u00f5es, o contrato de concess\u00e3o do transporte coletivo de Ribeir\u00e3o Preto dever\u00e1 ser revisto mais uma vez. Na \u00faltima semana, o Governo Federal liberou o financiamento de R$ 210 milh\u00f5es para compra de 60 \u00f4nibus el\u00e9tricos\u2026","rel":"","context":"In &quot;Not\u00edcias de Ribeir\u00e3o Preto-SP e Regi\u00e3o&quot;","block_context":{"text":"Not\u00edcias de Ribeir\u00e3o Preto-SP e Regi\u00e3o","link":"https:\/\/noticiasribeiraopreto.com.br\/index.php\/category\/noticias-de-ribeirao-preto-sp-e-regiao-ismael-colosi\/"},"img":{"alt_text":"","src":"https:\/\/i0.wp.com\/noticiasribeiraopreto.com.br\/wp-content\/uploads\/2024\/05\/teste_onibus_eletrico_3_-_foto_guilherme_sircili_27_2024-05-11_18-26-00_jpg_2024-05-11_18-26-01.webp.webp?fit=1200%2C800&ssl=1&resize=350%2C200","width":350,"height":200,"srcset":"https:\/\/i0.wp.com\/noticiasribeiraopreto.com.br\/wp-content\/uploads\/2024\/05\/teste_onibus_eletrico_3_-_foto_guilherme_sircili_27_2024-05-11_18-26-00_jpg_2024-05-11_18-26-01.webp.webp?fit=1200%2C800&ssl=1&resize=350%2C200 1x, https:\/\/i0.wp.com\/noticiasribeiraopreto.com.br\/wp-content\/uploads\/2024\/05\/teste_onibus_eletrico_3_-_foto_guilherme_sircili_27_2024-05-11_18-26-00_jpg_2024-05-11_18-26-01.webp.webp?fit=1200%2C800&ssl=1&resize=525%2C300 1.5x, https:\/\/i0.wp.com\/noticiasribeiraopreto.com.br\/wp-content\/uploads\/2024\/05\/teste_onibus_eletrico_3_-_foto_guilherme_sircili_27_2024-05-11_18-26-00_jpg_2024-05-11_18-26-01.webp.webp?fit=1200%2C800&ssl=1&resize=700%2C400 2x, https:\/\/i0.wp.com\/noticiasribeiraopreto.com.br\/wp-content\/uploads\/2024\/05\/teste_onibus_eletrico_3_-_foto_guilherme_sircili_27_2024-05-11_18-26-00_jpg_2024-05-11_18-26-01.webp.webp?fit=1200%2C800&ssl=1&resize=1050%2C600 3x"},"classes":[]}],"jetpack_sharing_enabled":true,"jetpack_shortlink":"https:\/\/wp.me\/peQAOb-jyj","_links":{"self":[{"href":"https:\/\/noticiasribeiraopreto.com.br\/index.php\/wp-json\/wp\/v2\/posts\/75163","targetHints":{"allow":["GET"]}}],"collection":[{"href":"https:\/\/noticiasribeiraopreto.com.br\/index.php\/wp-json\/wp\/v2\/posts"}],"about":[{"href":"https:\/\/noticiasribeiraopreto.com.br\/index.php\/wp-json\/wp\/v2\/types\/post"}],"author":[{"embeddable":true,"href":"https:\/\/noticiasribeiraopreto.com.br\/index.php\/wp-json\/wp\/v2\/users\/1"}],"replies":[{"embeddable":true,"href":"https:\/\/noticiasribeiraopreto.com.br\/index.php\/wp-json\/wp\/v2\/comments?post=75163"}],"version-history":[{"count":0,"href":"https:\/\/noticiasribeiraopreto.com.br\/index.php\/wp-json\/wp\/v2\/posts\/75163\/revisions"}],"wp:featuredmedia":[{"embeddable":true,"href":"https:\/\/noticiasribeiraopreto.com.br\/index.php\/wp-json\/wp\/v2\/media\/75164"}],"wp:attachment":[{"href":"https:\/\/noticiasribeiraopreto.com.br\/index.php\/wp-json\/wp\/v2\/media?parent=75163"}],"wp:term":[{"taxonomy":"category","embeddable":true,"href":"https:\/\/noticiasribeiraopreto.com.br\/index.php\/wp-json\/wp\/v2\/categories?post=75163"},{"taxonomy":"post_tag","embeddable":true,"href":"https:\/\/noticiasribeiraopreto.com.br\/index.php\/wp-json\/wp\/v2\/tags?post=75163"}],"curies":[{"name":"wp","href":"https:\/\/api.w.org\/{rel}","templated":true}]}}