{"id":75165,"date":"2025-08-04T19:31:29","date_gmt":"2025-08-04T22:31:29","guid":{"rendered":"https:\/\/noticiasribeiraopreto.com.br\/index.php\/2025\/08\/04\/frente-fria-provoca-instabilidade-e-ventos-de-intensidade-moderada-em-sp\/"},"modified":"2025-08-04T19:31:29","modified_gmt":"2025-08-04T22:31:29","slug":"frente-fria-provoca-instabilidade-e-ventos-de-intensidade-moderada-em-sp","status":"publish","type":"post","link":"https:\/\/noticiasribeiraopreto.com.br\/index.php\/2025\/08\/04\/frente-fria-provoca-instabilidade-e-ventos-de-intensidade-moderada-em-sp\/","title":{"rendered":"Frente fria provoca instabilidade e ventos de intensidade moderada em SP"},"content":{"rendered":"<div class='code-block code-block-1' style='margin: 8px 0 8px auto; text-align: right; display: block; clear: both;'>\n<p><a href=\"https:\/\/wa.link\/vpicfd\"><img data-recalc-dims=\"1\" class=\"wp-image-4922\" style=\"aspect-ratio: 2.0253164556962027; width: 561px; height: auto;\" src=\"https:\/\/i0.wp.com\/ismaelcolosi.com.br\/wp-content\/uploads\/2023\/11\/grupo-de-empregos-whatsapp-e-facebook-ismael-colosi-vagas.jpg?ssl=1\" alt=\"\" \/><\/a><\/p>\n<!-- \/wp:image -->\n<\/div>\n<p> <br \/>\n<\/p>\n<p>A<a href=\"https:\/\/www.defesacivil.sp.gov.br\/\" data-type=\"link\" data-id=\"https:\/\/www.defesacivil.sp.gov.br\/\" target=\"_blank\" rel=\"noopener\"> <strong>Defesa Civil do Estado<\/strong> <\/a>informou que uma frente fria que se aproxima entre ter\u00e7a-feira (5) e quarta-feira (6) provocar\u00e1 instabilidade nas condi\u00e7\u00f5es do tempo em S\u00e3o Paulo.<\/p>\n<p>De acordo com os meteorologistas, <mark style=\"background-color:#fcb900\" class=\"has-inline-color has-black-color\">s\u00e3o esperadas pancadas de chuva com intensidade moderada, acompanhadas por raios e ventos.<\/mark><\/p>\n<p>As \u00e1reas mais afetadas devem incluir a Baixada Santista e o Litoral Norte, al\u00e9m da Regi\u00e3o Metropolitana de S\u00e3o Paulo.<\/p>\n<p>\u201cApesar da instabilidade, os acumulados de chuva n\u00e3o s\u00e3o considerados expressivos at\u00e9 o momento. No entanto, a combina\u00e7\u00e3o entre chuva, ventos e raios pode provocar transtornos pontuais, principalmente em \u00e1reas mais vulner\u00e1veis\u201d, informa.<\/p>\n<p>SAIBA MAIS<br \/>RP Mobi come\u00e7a fiscaliza\u00e7\u00e3o das novas vagas de \u00c1rea Azul no Centro; Veja onde<\/p>\n<h2 class=\"wp-block-heading\"><strong>FIQUE ON<\/strong><\/h2>\n<p>Fique ligado em tudo que acontece em Ribeir\u00e3o Preto e regi\u00e3o. Siga os perfis do&nbsp;<strong>acidade on<\/strong>&nbsp;no&nbsp;<a href=\"https:\/\/www.instagram.com\/acidadeonribeirao\" target=\"_blank\" rel=\"noreferrer noopener\">Instagram<\/a>&nbsp;e no&nbsp;<a href=\"https:\/\/www.facebook.com\/acidadeonribeirao\/\" target=\"_blank\" rel=\"noreferrer noopener\">Facebook<\/a>.<\/p>\n<p>Receba not\u00edcias do&nbsp;<strong>acidade on<\/strong>&nbsp;no WhatsApp.&nbsp;<a href=\"https:\/\/chat.whatsapp.com\/BjKQZ9oJwlz8VVT50NuePq\" target=\"_blank\" rel=\"noreferrer noopener\">Para entrar no grupo, basta clicar aqui.<\/a><\/p>\n<p>Fa\u00e7a uma den\u00fancia ou sugira uma reportagem sobre Ribeir\u00e3o Preto e regi\u00e3o pelo WhatsApp: 16 99117 7802.<\/p>\n<p>VEJA TAMB\u00c9M<br \/>Por que agosto \u00e9 chamado de \u2018m\u00eas do desgosto\u2019 ou \u2018do cachorro louco\u2019?<\/p>\n<p>O post Frente fria provoca instabilidade e ventos de intensidade moderada em SP apareceu primeiro em ACidade ON Ribeir\u00e3o Preto.<\/p>\n<p><script async src=\"\/\/www.instagram.com\/embed.js\"><\/script><br \/>\n<br \/><br \/>\n<br \/><a href=\"https:\/\/www.acidadeon.com\/ribeiraopreto\/cotidiano\/frente-fria-provoca-instabilidade-e-ventos-de-intensidade-moderada-em-sp\/\">Source link <\/a><\/p>\n<!-- CONTENT END 1 -->\n","protected":false},"excerpt":{"rendered":"<p>A Defesa Civil do Estado informou que uma frente fria que se aproxima entre ter\u00e7a-feira (5) e quarta-feira (6) provocar\u00e1 instabilidade nas condi\u00e7\u00f5es do tempo&#8230;<\/p>\n","protected":false},"author":1,"featured_media":75166,"comment_status":"open","ping_status":"open","sticky":false,"template":"","format":"standard","meta":{"advanced_seo_description":"","jetpack_seo_html_title":"","jetpack_seo_noindex":false,"jetpack_post_was_ever_published":false,"_jetpack_newsletter_access":"","_jetpack_dont_email_post_to_subs":false,"_jetpack_newsletter_tier_id":0,"_jetpack_memberships_contains_paywalled_content":false,"_jetpack_memberships_contains_paid_content":false,"footnotes":"","jetpack_publicize_message":"","jetpack_publicize_feature_enabled":true,"jetpack_social_post_already_shared":true,"jetpack_social_options":{"image_generator_settings":{"template":"highway","default_image_id":0,"font":"","enabled":false},"version":2}},"categories":[11],"tags":[],"class_list":["post-75165","post","type-post","status-publish","format-standard","has-post-thumbnail","hentry","category-noticias-de-ribeirao-preto-sp-e-regiao-ismael-colosi"],"jetpack_publicize_connections":[],"jetpack_featured_media_url":"https:\/\/i0.wp.com\/noticiasribeiraopreto.com.br\/wp-content\/uploads\/2025\/08\/RIBEIRAO-PRETO_2024-07-29_16-25-16_jpg_2024-07-29_16-25-17.webp.webp?fit=2000%2C1131&ssl=1","jetpack-related-posts":[{"id":77563,"url":"https:\/\/noticiasribeiraopreto.com.br\/index.php\/2025\/09\/21\/com-frente-fria-veja-regioes-em-alerta-para-temporais-no-estado-de-sp\/","url_meta":{"origin":75165,"position":0},"title":"Com frente fria, veja regi\u00f5es em alerta para temporais no estado de SP","author":"noticiasribeiraopreto.com.br","date":"21 de September de 2025","format":false,"excerpt":"A primavera 2025 come\u00e7a nesta segunda-feira (22), \u00e0s 15h19, e a previs\u00e3o aponta para uma virada no tempo. H\u00e1 risco de temporais no estado de S\u00e3o Paulo. Segundo a Defesa Civil, na noite deste domingo (21), a aproxima\u00e7\u00e3o de uma frente fria j\u00e1 dever\u00e1 trazer os primeiros efeitos, como tempestades\u2026","rel":"","context":"In &quot;Not\u00edcias de Ribeir\u00e3o Preto-SP e Regi\u00e3o&quot;","block_context":{"text":"Not\u00edcias de Ribeir\u00e3o Preto-SP e Regi\u00e3o","link":"https:\/\/noticiasribeiraopreto.com.br\/index.php\/category\/noticias-de-ribeirao-preto-sp-e-regiao-ismael-colosi\/"},"img":{"alt_text":"","src":"https:\/\/i0.wp.com\/noticiasribeiraopreto.com.br\/wp-content\/uploads\/2025\/09\/chuva_sexta_08_2024-12-30_19-10-10_jpg_2024-12-30_19-10-11-1024x683.webp.webp?fit=1024%2C683&ssl=1&resize=350%2C200","width":350,"height":200,"srcset":"https:\/\/i0.wp.com\/noticiasribeiraopreto.com.br\/wp-content\/uploads\/2025\/09\/chuva_sexta_08_2024-12-30_19-10-10_jpg_2024-12-30_19-10-11-1024x683.webp.webp?fit=1024%2C683&ssl=1&resize=350%2C200 1x, https:\/\/i0.wp.com\/noticiasribeiraopreto.com.br\/wp-content\/uploads\/2025\/09\/chuva_sexta_08_2024-12-30_19-10-10_jpg_2024-12-30_19-10-11-1024x683.webp.webp?fit=1024%2C683&ssl=1&resize=525%2C300 1.5x, https:\/\/i0.wp.com\/noticiasribeiraopreto.com.br\/wp-content\/uploads\/2025\/09\/chuva_sexta_08_2024-12-30_19-10-10_jpg_2024-12-30_19-10-11-1024x683.webp.webp?fit=1024%2C683&ssl=1&resize=700%2C400 2x"},"classes":[]},{"id":84335,"url":"https:\/\/noticiasribeiraopreto.com.br\/index.php\/2026\/04\/07\/frente-fria-vira-o-tempo-no-interior-de-sp-e-traz-risco-de-temporais-veja-previsao\/","url_meta":{"origin":75165,"position":1},"title":"Frente fria vira o tempo no interior de SP e traz risco de temporais; Veja previs\u00e3o","author":"noticiasribeiraopreto.com.br","date":"7 de April de 2026","format":false,"excerpt":"Ler o resumo da not\u00edcia Frente fria muda o tempo no interior de SP a partir desta quarta-feira (8), com risco de temporais. Pancadas de chuva podem ocorrer desde as primeiras horas do dia, especialmente no nordeste Paulista e divisa com Minas Gerais. Instabilidades devem se intensificar e atuar de\u2026","rel":"","context":"In &quot;Not\u00edcias de Ribeir\u00e3o Preto-SP e Regi\u00e3o&quot;","block_context":{"text":"Not\u00edcias de Ribeir\u00e3o Preto-SP e Regi\u00e3o","link":"https:\/\/noticiasribeiraopreto.com.br\/index.php\/category\/noticias-de-ribeirao-preto-sp-e-regiao-ismael-colosi\/"},"img":{"alt_text":"","src":"https:\/\/i0.wp.com\/noticiasribeiraopreto.com.br\/wp-content\/uploads\/2026\/04\/chuva_sexta_08_2024-12-30_19-10-10_jpg_2024-12-30_19-10-11-1024x683.webp.webp?fit=1024%2C683&ssl=1&resize=350%2C200","width":350,"height":200,"srcset":"https:\/\/i0.wp.com\/noticiasribeiraopreto.com.br\/wp-content\/uploads\/2026\/04\/chuva_sexta_08_2024-12-30_19-10-10_jpg_2024-12-30_19-10-11-1024x683.webp.webp?fit=1024%2C683&ssl=1&resize=350%2C200 1x, https:\/\/i0.wp.com\/noticiasribeiraopreto.com.br\/wp-content\/uploads\/2026\/04\/chuva_sexta_08_2024-12-30_19-10-10_jpg_2024-12-30_19-10-11-1024x683.webp.webp?fit=1024%2C683&ssl=1&resize=525%2C300 1.5x, https:\/\/i0.wp.com\/noticiasribeiraopreto.com.br\/wp-content\/uploads\/2026\/04\/chuva_sexta_08_2024-12-30_19-10-10_jpg_2024-12-30_19-10-11-1024x683.webp.webp?fit=1024%2C683&ssl=1&resize=700%2C400 2x"},"classes":[]},{"id":58059,"url":"https:\/\/noticiasribeiraopreto.com.br\/index.php\/2024\/09\/17\/inverno-deve-terminar-com-frente-fria-e-chuva-no-estado-de-sp-veja-previsao\/","url_meta":{"origin":75165,"position":2},"title":"Inverno deve terminar com frente fria e chuva no estado de SP; Veja previs\u00e3o","author":"noticiasribeiraopreto.com.br","date":"17 de September de 2024","format":false,"excerpt":"A \u00faltima semana do Inverno ser\u00e1 marcada por oscila\u00e7\u00f5es clim\u00e1ticas em diversas regi\u00f5es do Centro-Sul do Brasil, inclusive no estado de S\u00e3o Paulo. A primavera de 2024 come\u00e7a astronomicamente neste domingo (22), \u00e0s 9h44. A semana come\u00e7ou com o registro de chuva fraca, garoa e temperaturas mais amenas em algumas\u2026","rel":"","context":"In &quot;Not\u00edcias de Ribeir\u00e3o Preto-SP e Regi\u00e3o&quot;","block_context":{"text":"Not\u00edcias de Ribeir\u00e3o Preto-SP e Regi\u00e3o","link":"https:\/\/noticiasribeiraopreto.com.br\/index.php\/category\/noticias-de-ribeirao-preto-sp-e-regiao-ismael-colosi\/"},"img":{"alt_text":"","src":"https:\/\/i0.wp.com\/noticiasribeiraopreto.com.br\/wp-content\/uploads\/2024\/09\/chuva_na_cidade_de_campinas_sp_cxdigo_19_170676.jpg?fit=1200%2C800&ssl=1&resize=350%2C200","width":350,"height":200,"srcset":"https:\/\/i0.wp.com\/noticiasribeiraopreto.com.br\/wp-content\/uploads\/2024\/09\/chuva_na_cidade_de_campinas_sp_cxdigo_19_170676.jpg?fit=1200%2C800&ssl=1&resize=350%2C200 1x, https:\/\/i0.wp.com\/noticiasribeiraopreto.com.br\/wp-content\/uploads\/2024\/09\/chuva_na_cidade_de_campinas_sp_cxdigo_19_170676.jpg?fit=1200%2C800&ssl=1&resize=525%2C300 1.5x, https:\/\/i0.wp.com\/noticiasribeiraopreto.com.br\/wp-content\/uploads\/2024\/09\/chuva_na_cidade_de_campinas_sp_cxdigo_19_170676.jpg?fit=1200%2C800&ssl=1&resize=700%2C400 2x, https:\/\/i0.wp.com\/noticiasribeiraopreto.com.br\/wp-content\/uploads\/2024\/09\/chuva_na_cidade_de_campinas_sp_cxdigo_19_170676.jpg?fit=1200%2C800&ssl=1&resize=1050%2C600 3x"},"classes":[]},{"id":62951,"url":"https:\/\/noticiasribeiraopreto.com.br\/index.php\/2025\/01\/29\/frente-fria-deixa-ribeirao-preto-com-risco-alto-para-temporais\/","url_meta":{"origin":75165,"position":3},"title":"Frente fria deixa Ribeir\u00e3o Preto com risco alto para temporais","author":"noticiasribeiraopreto.com.br","date":"29 de January de 2025","format":false,"excerpt":"A Defesa Civil de S\u00e3o Paulo colocou a regi\u00e3o de Ribeir\u00e3o Preto, nesta quarta-feira (29), em risco alto para temporais at\u00e9 o pr\u00f3ximo domingo (2). O \u00f3rg\u00e3o alerta que os temporais podem vir seguidos de raios, ventos fortes e granizo. A chuva \u00e9 provocada pela influ\u00eancia de uma frente fria\u2026","rel":"","context":"In &quot;Not\u00edcias de Ribeir\u00e3o Preto-SP e Regi\u00e3o&quot;","block_context":{"text":"Not\u00edcias de Ribeir\u00e3o Preto-SP e Regi\u00e3o","link":"https:\/\/noticiasribeiraopreto.com.br\/index.php\/category\/noticias-de-ribeirao-preto-sp-e-regiao-ismael-colosi\/"},"img":{"alt_text":"","src":"https:\/\/i0.wp.com\/noticiasribeiraopreto.com.br\/wp-content\/uploads\/2025\/01\/temporal_2025-01-29_15-46-26_jpg_2025-01-29_15-46-26.webp.webp?fit=608%2C536&ssl=1&resize=350%2C200","width":350,"height":200,"srcset":"https:\/\/i0.wp.com\/noticiasribeiraopreto.com.br\/wp-content\/uploads\/2025\/01\/temporal_2025-01-29_15-46-26_jpg_2025-01-29_15-46-26.webp.webp?fit=608%2C536&ssl=1&resize=350%2C200 1x, https:\/\/i0.wp.com\/noticiasribeiraopreto.com.br\/wp-content\/uploads\/2025\/01\/temporal_2025-01-29_15-46-26_jpg_2025-01-29_15-46-26.webp.webp?fit=608%2C536&ssl=1&resize=525%2C300 1.5x"},"classes":[]},{"id":79119,"url":"https:\/\/noticiasribeiraopreto.com.br\/index.php\/2025\/10\/24\/fim-do-calor-defesa-civil-emite-alerta-para-chuvas-raios-e-ventos-intensos-em-ribeirao-preto\/","url_meta":{"origin":75165,"position":4},"title":"Fim do calor? Defesa Civil emite alerta para chuvas, raios e ventos intensos em Ribeir\u00e3o Preto","author":"noticiasribeiraopreto.com.br","date":"24 de October de 2025","format":false,"excerpt":"A Defesa Civil do Estado de S\u00e3o Paulo prev\u00ea o retorno das chuvas a Ribeir\u00e3o Preto e regi\u00e3o a partir da pr\u00f3xima segunda-feira (27). O avan\u00e7o de uma frente fria deve mudar as condi\u00e7\u00f5es do tempo, trazendo pancadas de chuva, raios e ventos moderados a fortes no in\u00edcio da pr\u00f3xima\u2026","rel":"","context":"In &quot;Not\u00edcias de Ribeir\u00e3o Preto-SP e Regi\u00e3o&quot;","block_context":{"text":"Not\u00edcias de Ribeir\u00e3o Preto-SP e Regi\u00e3o","link":"https:\/\/noticiasribeiraopreto.com.br\/index.php\/category\/noticias-de-ribeirao-preto-sp-e-regiao-ismael-colosi\/"},"img":{"alt_text":"","src":"https:\/\/i0.wp.com\/noticiasribeiraopreto.com.br\/wp-content\/uploads\/2025\/08\/CHUVA-RIBEIRAO-PRETO_2025-03-23_20-40-26_jpg_2025-03-23_20-40-26.webp.webp?fit=1030%2C644&ssl=1&resize=350%2C200","width":350,"height":200,"srcset":"https:\/\/i0.wp.com\/noticiasribeiraopreto.com.br\/wp-content\/uploads\/2025\/08\/CHUVA-RIBEIRAO-PRETO_2025-03-23_20-40-26_jpg_2025-03-23_20-40-26.webp.webp?fit=1030%2C644&ssl=1&resize=350%2C200 1x, https:\/\/i0.wp.com\/noticiasribeiraopreto.com.br\/wp-content\/uploads\/2025\/08\/CHUVA-RIBEIRAO-PRETO_2025-03-23_20-40-26_jpg_2025-03-23_20-40-26.webp.webp?fit=1030%2C644&ssl=1&resize=525%2C300 1.5x, https:\/\/i0.wp.com\/noticiasribeiraopreto.com.br\/wp-content\/uploads\/2025\/08\/CHUVA-RIBEIRAO-PRETO_2025-03-23_20-40-26_jpg_2025-03-23_20-40-26.webp.webp?fit=1030%2C644&ssl=1&resize=700%2C400 2x"},"classes":[]},{"id":61332,"url":"https:\/\/noticiasribeiraopreto.com.br\/index.php\/2024\/12\/10\/instabilidade-traz-chuva-ao-interior-de-sp-ha-risco-de-temporais-nesta-terca\/","url_meta":{"origin":75165,"position":5},"title":"Instabilidade traz chuva ao interior de SP; H\u00e1 risco de temporais nesta ter\u00e7a","author":"noticiasribeiraopreto.com.br","date":"10 de December de 2024","format":false,"excerpt":"As instabilidades ganham intensidade no estado de S\u00e3o Paulo e a chuva pode ser forte, com risco de temporais em algumas \u00e1reas nesta ter\u00e7a-feira (10). Segundo a Climatempo, a chuva mais intensa \u00e9 prevista no Sudoeste paulista, Litoral e Regi\u00e3o Metropolitana da Capital. Os maiores acumulados previstos nesta ter\u00e7a devem\u2026","rel":"","context":"In &quot;Not\u00edcias de Ribeir\u00e3o Preto-SP e Regi\u00e3o&quot;","block_context":{"text":"Not\u00edcias de Ribeir\u00e3o Preto-SP e Regi\u00e3o","link":"https:\/\/noticiasribeiraopreto.com.br\/index.php\/category\/noticias-de-ribeirao-preto-sp-e-regiao-ismael-colosi\/"},"img":{"alt_text":"","src":"https:\/\/i0.wp.com\/noticiasribeiraopreto.com.br\/wp-content\/uploads\/2024\/12\/WhatsApp-Image-2024-12-10-at-07.02.40_2024-12-10_10-08-11_jpeg_2024-12-10_10-08-11.webp.webp?fit=1200%2C553&ssl=1&resize=350%2C200","width":350,"height":200,"srcset":"https:\/\/i0.wp.com\/noticiasribeiraopreto.com.br\/wp-content\/uploads\/2024\/12\/WhatsApp-Image-2024-12-10-at-07.02.40_2024-12-10_10-08-11_jpeg_2024-12-10_10-08-11.webp.webp?fit=1200%2C553&ssl=1&resize=350%2C200 1x, https:\/\/i0.wp.com\/noticiasribeiraopreto.com.br\/wp-content\/uploads\/2024\/12\/WhatsApp-Image-2024-12-10-at-07.02.40_2024-12-10_10-08-11_jpeg_2024-12-10_10-08-11.webp.webp?fit=1200%2C553&ssl=1&resize=525%2C300 1.5x, https:\/\/i0.wp.com\/noticiasribeiraopreto.com.br\/wp-content\/uploads\/2024\/12\/WhatsApp-Image-2024-12-10-at-07.02.40_2024-12-10_10-08-11_jpeg_2024-12-10_10-08-11.webp.webp?fit=1200%2C553&ssl=1&resize=700%2C400 2x, https:\/\/i0.wp.com\/noticiasribeiraopreto.com.br\/wp-content\/uploads\/2024\/12\/WhatsApp-Image-2024-12-10-at-07.02.40_2024-12-10_10-08-11_jpeg_2024-12-10_10-08-11.webp.webp?fit=1200%2C553&ssl=1&resize=1050%2C600 3x"},"classes":[]}],"jetpack_sharing_enabled":true,"jetpack_shortlink":"https:\/\/wp.me\/peQAOb-jyl","_links":{"self":[{"href":"https:\/\/noticiasribeiraopreto.com.br\/index.php\/wp-json\/wp\/v2\/posts\/75165","targetHints":{"allow":["GET"]}}],"collection":[{"href":"https:\/\/noticiasribeiraopreto.com.br\/index.php\/wp-json\/wp\/v2\/posts"}],"about":[{"href":"https:\/\/noticiasribeiraopreto.com.br\/index.php\/wp-json\/wp\/v2\/types\/post"}],"author":[{"embeddable":true,"href":"https:\/\/noticiasribeiraopreto.com.br\/index.php\/wp-json\/wp\/v2\/users\/1"}],"replies":[{"embeddable":true,"href":"https:\/\/noticiasribeiraopreto.com.br\/index.php\/wp-json\/wp\/v2\/comments?post=75165"}],"version-history":[{"count":0,"href":"https:\/\/noticiasribeiraopreto.com.br\/index.php\/wp-json\/wp\/v2\/posts\/75165\/revisions"}],"wp:featuredmedia":[{"embeddable":true,"href":"https:\/\/noticiasribeiraopreto.com.br\/index.php\/wp-json\/wp\/v2\/media\/75166"}],"wp:attachment":[{"href":"https:\/\/noticiasribeiraopreto.com.br\/index.php\/wp-json\/wp\/v2\/media?parent=75165"}],"wp:term":[{"taxonomy":"category","embeddable":true,"href":"https:\/\/noticiasribeiraopreto.com.br\/index.php\/wp-json\/wp\/v2\/categories?post=75165"},{"taxonomy":"post_tag","embeddable":true,"href":"https:\/\/noticiasribeiraopreto.com.br\/index.php\/wp-json\/wp\/v2\/tags?post=75165"}],"curies":[{"name":"wp","href":"https:\/\/api.w.org\/{rel}","templated":true}]}}