{"id":75169,"date":"2025-08-04T21:57:48","date_gmt":"2025-08-05T00:57:48","guid":{"rendered":"https:\/\/noticiasribeiraopreto.com.br\/index.php\/2025\/08\/04\/o-que-se-sabe-sobre-a-morte-de-jovem-em-ribeirao-preto-apos-encontro-por-aplicativo\/"},"modified":"2025-08-04T21:57:48","modified_gmt":"2025-08-05T00:57:48","slug":"o-que-se-sabe-sobre-a-morte-de-jovem-em-ribeirao-preto-apos-encontro-por-aplicativo","status":"publish","type":"post","link":"https:\/\/noticiasribeiraopreto.com.br\/index.php\/2025\/08\/04\/o-que-se-sabe-sobre-a-morte-de-jovem-em-ribeirao-preto-apos-encontro-por-aplicativo\/","title":{"rendered":"O que se sabe sobre a morte de jovem em Ribeir\u00e3o Preto ap\u00f3s encontro por aplicativo"},"content":{"rendered":"<div class='code-block code-block-1' style='margin: 8px 0 8px auto; text-align: right; display: block; clear: both;'>\n<p><a href=\"https:\/\/wa.link\/vpicfd\"><img data-recalc-dims=\"1\" class=\"wp-image-4922\" style=\"aspect-ratio: 2.0253164556962027; width: 561px; height: auto;\" src=\"https:\/\/i0.wp.com\/ismaelcolosi.com.br\/wp-content\/uploads\/2023\/11\/grupo-de-empregos-whatsapp-e-facebook-ismael-colosi-vagas.jpg?ssl=1\" alt=\"\" \/><\/a><\/p>\n<!-- \/wp:image -->\n<\/div>\n<p> <br \/>\n<\/p>\n<div>\n<p><strong>Karina Cristina Queiroz<\/strong>, de 22 anos, foi encontrada morta dentro de casa no bairro Cristo Redentor, em Ribeir\u00e3o Preto, ap\u00f3s marcar um encontro por aplicativo de relacionamento. <strong>A fam\u00edlia acredita que a jovem conhecia o assassino.<\/strong><\/p>\n<p><strong>Karina sempre avisava a fam\u00edlia sobre onde estava e com quem<\/strong>, para evitar qualquer risco. No entanto, no dia do crime, o celular e a chave da casa foram levados. A pol\u00edcia investiga o caso como latroc\u00ednio (roubo seguido de morte), mas outras motiva\u00e7\u00f5es, como feminic\u00eddio, seguem em apura\u00e7\u00e3o.<\/p>\n<h3 class=\"wp-block-heading\"><strong>O crime<\/strong><\/h3>\n<p>O corpo da jovem foi encontrado na \u00faltima sexta-feira (1\u00ba) pela amiga que dividia a resid\u00eancia. Karina estava ca\u00edda ao lado da cama, com dois ferimentos no rosto. A amiga informou que o homem com quem Karina marcou encontro chegou por volta das 16h50.<\/p>\n<p>No quarto, a <strong>pol\u00edcia identificou grande quantidade de sangue e cabelos sobre a cama<\/strong>, indicando poss\u00edvel <strong>luta corporal entre a v\u00edtima e o agressor<\/strong>. Os ferimentos s\u00e3o compat\u00edveis com disparos de arma de ca\u00e7a, como espingarda ou garrucha. Fragmentos de muni\u00e7\u00e3o foram recolhidos pela per\u00edcia.<\/p>\n<p>A irm\u00e3 de Karina ressaltou que a jovem sempre teve cuidado ao marcar encontros pela internet. <\/p>\n<p><em>\u201cEla enviava localiza\u00e7\u00e3o em tempo real para minha outra irm\u00e3, mandava foto da pessoa e sempre avisava pelo WhatsApp<\/em>\u201d, contou Jaqueline.<\/p>\n<p>No dia do crime, Karina enviou para uma prima um print da conversa com o n\u00famero do homem que encontraria, mas a mensagem tinha visualiza\u00e7\u00e3o \u00fanica. A informa\u00e7\u00e3o foi repassada ao delegado respons\u00e1vel.<\/p>\n<p>A fam\u00edlia questiona a vers\u00e3o de latroc\u00ednio, j\u00e1 que apenas o celular antigo da jovem desapareceu. <\/p>\n<figure class=\"wp-block-pullquote\">\n<blockquote>\n<p>Isso n\u00e3o foi um roubo, foi um feminic\u00eddio. Espero que a justi\u00e7a seja feita<\/p>\n<p><cite> afirmou Jaqueline.<\/cite><\/p><\/blockquote>\n<\/figure>\n<h2 class=\"wp-block-heading\"><strong>O que diz a pol\u00edcia?<\/strong><\/h2>\n<p>O delegado <strong>Targino Os\u00f3rio<\/strong>, da <strong>Delegacia de Investiga\u00e7\u00f5es Gerais (DIG)<\/strong>, informou que a equipe busca imagens de c\u00e2meras pr\u00f3ximas para identificar o suspeito. <\/p>\n<p><em>\u201cEstamos coletando imagens das resid\u00eancias vizinhas e ouvindo familiares e a amiga para entender a rotina dela\u201d<\/em>, explicou.<\/p>\n<p>A pol\u00edcia tamb\u00e9m rastreia as linhas telef\u00f4nicas usadas por Karina, na esperan\u00e7a de encontrar novas pistas.<\/p>\n<hr class=\"wp-block-separator has-alpha-channel-opacity\"\/>\n<h4 class=\"wp-block-heading\">SAIBA MAIS<\/h4>\n<p>Do campo ao streaming: ex-jogador do Botafogo de Ribeir\u00e3o atuar\u00e1 em s\u00e9rie da Netflix<\/p>\n<h3 class=\"wp-block-heading\"><strong>FIQUE ON\u00a0\u00a0\u00a0\u00a0\u00a0\u00a0\u00a0\u00a0\u00a0<\/strong><\/h3>\n<p>Quer ficar por dentro de tudo que acontece em Ribeir\u00e3o Preto e regi\u00e3o? Ent\u00e3o siga os perfis do\u202facidade on\u202fno\u202f<a href=\"https:\/\/www.instagram.com\/acidadeonribeirao\" target=\"_blank\" rel=\"noreferrer noopener\">Instagram<\/a>\u202fe no\u202f<a href=\"https:\/\/www.facebook.com\/acidadeonribeirao\/\" target=\"_blank\" rel=\"noreferrer noopener\">Facebook<\/a>.<\/p>\n<p>Al\u00e9m disso, voc\u00ea pode receber as principais not\u00edcias diretamente no WhatsApp. Para isso, basta\u00a0<a href=\"https:\/\/chat.whatsapp.com\/BjKQZ9oJwlz8VVT50NuePq\" target=\"_blank\" rel=\"noreferrer noopener\">entrar no grupo clicando aqui<\/a>.<\/p>\n<p>Por fim, se quiser fazer uma den\u00fancia ou sugerir uma reportagem sobre Ribeir\u00e3o Preto e regi\u00e3o, envie uma mensagem pelo WhatsApp: (16) 99117-7802.<\/p>\n<p>VEJA TAMB\u00c9M<br \/>Ben Barnes ser\u00e1 Sirius Black na s\u00e9rie de \u2018Harry Potter\u2019?<\/p>\n<p><!-- AI CONTENT END 1 -->\n<\/div>\n<p><script async src=\"\/\/www.instagram.com\/embed.js\"><\/script><br \/>\n<br \/><br \/>\n<br \/><a href=\"https:\/\/www.acidadeon.com\/ribeiraopreto\/cotidiano\/o-que-se-sabe-sobre-a-morte-de-jovem-em-ribeirao-preto-apos-encontro-por-aplicativo\/\">Source link <\/a><\/p>\n<!-- CONTENT END 1 -->\n","protected":false},"excerpt":{"rendered":"<p>Karina Cristina Queiroz, de 22 anos, foi encontrada morta dentro de casa no bairro Cristo Redentor, em Ribeir\u00e3o Preto, ap\u00f3s marcar um encontro por aplicativo&#8230;<\/p>\n","protected":false},"author":1,"featured_media":75170,"comment_status":"open","ping_status":"open","sticky":false,"template":"","format":"standard","meta":{"advanced_seo_description":"","jetpack_seo_html_title":"","jetpack_seo_noindex":false,"jetpack_post_was_ever_published":false,"_jetpack_newsletter_access":"","_jetpack_dont_email_post_to_subs":false,"_jetpack_newsletter_tier_id":0,"_jetpack_memberships_contains_paywalled_content":false,"_jetpack_memberships_contains_paid_content":false,"footnotes":"","jetpack_publicize_message":"","jetpack_publicize_feature_enabled":true,"jetpack_social_post_already_shared":true,"jetpack_social_options":{"image_generator_settings":{"template":"highway","default_image_id":0,"font":"","enabled":false},"version":2}},"categories":[11],"tags":[],"class_list":["post-75169","post","type-post","status-publish","format-standard","has-post-thumbnail","hentry","category-noticias-de-ribeirao-preto-sp-e-regiao-ismael-colosi"],"jetpack_publicize_connections":[],"jetpack_featured_media_url":"https:\/\/i0.wp.com\/noticiasribeiraopreto.com.br\/wp-content\/uploads\/2025\/08\/Copia-de-Copia-de-Copia-de-TAMANHO-EXATO-PARA-FOTOS-NO-SISTEMA-NOVO-2025-08-04T202750.309_2025-08-04_23-28-02.webp.webp?fit=1200%2C675&ssl=1","jetpack-related-posts":[{"id":75135,"url":"https:\/\/noticiasribeiraopreto.com.br\/index.php\/2025\/08\/04\/policia-investiga-morte-de-mulher-apos-encontro-marcado-por-aplicativo-de-relacionamento-em-ribeirao-preto\/","url_meta":{"origin":75169,"position":0},"title":"Pol\u00edcia investiga morte de mulher ap\u00f3s encontro marcado por aplicativo de relacionamento\u00a0em Ribeir\u00e3o Preto","author":"noticiasribeiraopreto.com.br","date":"4 de August de 2025","format":false,"excerpt":"A Pol\u00edcia Civil investiga a morte de uma mulher de 22 anos, achada com sinais de viol\u00eancia na \u00faltima sexta-feira (1), na casa onde morava, no Jardim Cristo Redentor, zona Norte de Ribeir\u00e3o Preto. Segundo o boletim de ocorr\u00eancia (BO), Karina Cristina Queiroz foi encontrada ca\u00edda j\u00e1 sem vida no\u2026","rel":"","context":"In &quot;Not\u00edcias de Ribeir\u00e3o Preto-SP e Regi\u00e3o&quot;","block_context":{"text":"Not\u00edcias de Ribeir\u00e3o Preto-SP e Regi\u00e3o","link":"https:\/\/noticiasribeiraopreto.com.br\/index.php\/category\/noticias-de-ribeirao-preto-sp-e-regiao-ismael-colosi\/"},"img":{"alt_text":"","src":"https:\/\/i0.wp.com\/noticiasribeiraopreto.com.br\/wp-content\/uploads\/2025\/08\/WhatsApp-Image-2025-08-04-at-10.39.13_2025-08-04_14-23-07.webp.webp?fit=1200%2C675&ssl=1&resize=350%2C200","width":350,"height":200,"srcset":"https:\/\/i0.wp.com\/noticiasribeiraopreto.com.br\/wp-content\/uploads\/2025\/08\/WhatsApp-Image-2025-08-04-at-10.39.13_2025-08-04_14-23-07.webp.webp?fit=1200%2C675&ssl=1&resize=350%2C200 1x, https:\/\/i0.wp.com\/noticiasribeiraopreto.com.br\/wp-content\/uploads\/2025\/08\/WhatsApp-Image-2025-08-04-at-10.39.13_2025-08-04_14-23-07.webp.webp?fit=1200%2C675&ssl=1&resize=525%2C300 1.5x, https:\/\/i0.wp.com\/noticiasribeiraopreto.com.br\/wp-content\/uploads\/2025\/08\/WhatsApp-Image-2025-08-04-at-10.39.13_2025-08-04_14-23-07.webp.webp?fit=1200%2C675&ssl=1&resize=700%2C400 2x, https:\/\/i0.wp.com\/noticiasribeiraopreto.com.br\/wp-content\/uploads\/2025\/08\/WhatsApp-Image-2025-08-04-at-10.39.13_2025-08-04_14-23-07.webp.webp?fit=1200%2C675&ssl=1&resize=1050%2C600 3x"},"classes":[]},{"id":77327,"url":"https:\/\/noticiasribeiraopreto.com.br\/index.php\/2025\/09\/16\/policia-realiza-reconstituicao-da-morte-de-jovem-na-zona-norte\/","url_meta":{"origin":75169,"position":1},"title":"Pol\u00edcia realiza reconstitui\u00e7\u00e3o da morte de jovem na zona Norte","author":"noticiasribeiraopreto.com.br","date":"16 de September de 2025","format":false,"excerpt":"Por: Alfredo Risk e Adalberto Luque Foi realizada na manh\u00e3 desta ter\u00e7a-feira (16) a reconstitui\u00e7\u00e3o da morte de Karina Cristina Queiroz, de 22 anos, encontrada morta com um tiro no rosto no Jardim Cristo Redentor, zona Norte de Ribeir\u00e3o Preto. O investigado j\u00e1 teria confessado o crime e esclareceu em\u2026","rel":"","context":"In &quot;Not\u00edcias de Ribeir\u00e3o Preto-SP e Regi\u00e3o&quot;","block_context":{"text":"Not\u00edcias de Ribeir\u00e3o Preto-SP e Regi\u00e3o","link":"https:\/\/noticiasribeiraopreto.com.br\/index.php\/category\/noticias-de-ribeirao-preto-sp-e-regiao-ismael-colosi\/"},"img":{"alt_text":"","src":"https:\/\/i0.wp.com\/noticiasribeiraopreto.com.br\/wp-content\/uploads\/2025\/09\/16-set-2025-latrocinioradialista3-scaled.jpg?fit=1170%2C780&ssl=1&resize=350%2C200","width":350,"height":200,"srcset":"https:\/\/i0.wp.com\/noticiasribeiraopreto.com.br\/wp-content\/uploads\/2025\/09\/16-set-2025-latrocinioradialista3-scaled.jpg?fit=1170%2C780&ssl=1&resize=350%2C200 1x, https:\/\/i0.wp.com\/noticiasribeiraopreto.com.br\/wp-content\/uploads\/2025\/09\/16-set-2025-latrocinioradialista3-scaled.jpg?fit=1170%2C780&ssl=1&resize=525%2C300 1.5x, https:\/\/i0.wp.com\/noticiasribeiraopreto.com.br\/wp-content\/uploads\/2025\/09\/16-set-2025-latrocinioradialista3-scaled.jpg?fit=1170%2C780&ssl=1&resize=700%2C400 2x, https:\/\/i0.wp.com\/noticiasribeiraopreto.com.br\/wp-content\/uploads\/2025\/09\/16-set-2025-latrocinioradialista3-scaled.jpg?fit=1170%2C780&ssl=1&resize=1050%2C600 3x"},"classes":[]},{"id":75539,"url":"https:\/\/noticiasribeiraopreto.com.br\/index.php\/2025\/08\/11\/policia-prende-suspeito-da-morte-de-garota-no-cristo-redentor\/","url_meta":{"origin":75169,"position":2},"title":"Pol\u00edcia prende suspeito da morte de garota no Cristo Redentor","author":"noticiasribeiraopreto.com.br","date":"11 de August de 2025","format":false,"excerpt":"Por: Adalberto Luque Um homem identificado como Rodrigo Mussi e que se identifica como o locutor Rodrigo Totti, foi preso na manh\u00e3 desta segunda-feira (11). Ele \u00e9 suspeito da morte da jovem Karina Cristina Queiroz, de 22 anos, ocorrida em 1\u00ba de agosto. Segundo o delegado Targino Donizete Os\u00f3rio, ele\u2026","rel":"","context":"In &quot;Not\u00edcias de Ribeir\u00e3o Preto-SP e Regi\u00e3o&quot;","block_context":{"text":"Not\u00edcias de Ribeir\u00e3o Preto-SP e Regi\u00e3o","link":"https:\/\/noticiasribeiraopreto.com.br\/index.php\/category\/noticias-de-ribeirao-preto-sp-e-regiao-ismael-colosi\/"},"img":{"alt_text":"","src":"https:\/\/i0.wp.com\/noticiasribeiraopreto.com.br\/wp-content\/uploads\/2025\/08\/11-ago-2025-crimecristoredentor8-scaled.jpg?fit=1200%2C627&ssl=1&resize=350%2C200","width":350,"height":200,"srcset":"https:\/\/i0.wp.com\/noticiasribeiraopreto.com.br\/wp-content\/uploads\/2025\/08\/11-ago-2025-crimecristoredentor8-scaled.jpg?fit=1200%2C627&ssl=1&resize=350%2C200 1x, https:\/\/i0.wp.com\/noticiasribeiraopreto.com.br\/wp-content\/uploads\/2025\/08\/11-ago-2025-crimecristoredentor8-scaled.jpg?fit=1200%2C627&ssl=1&resize=525%2C300 1.5x, https:\/\/i0.wp.com\/noticiasribeiraopreto.com.br\/wp-content\/uploads\/2025\/08\/11-ago-2025-crimecristoredentor8-scaled.jpg?fit=1200%2C627&ssl=1&resize=700%2C400 2x, https:\/\/i0.wp.com\/noticiasribeiraopreto.com.br\/wp-content\/uploads\/2025\/08\/11-ago-2025-crimecristoredentor8-scaled.jpg?fit=1200%2C627&ssl=1&resize=1050%2C600 3x"},"classes":[]},{"id":75554,"url":"https:\/\/noticiasribeiraopreto.com.br\/index.php\/2025\/08\/11\/saiba-o-que-disse-radialista-preso-por-matar-jovem-em-ribeirao-preto\/","url_meta":{"origin":75169,"position":3},"title":"Saiba o que disse radialista preso por matar jovem em Ribeir\u00e3o Preto","author":"noticiasribeiraopreto.com.br","date":"11 de August de 2025","format":false,"excerpt":"O radialista Rodrigo C\u00e9sar Mucci, conhecido como Rodrigo Totti, de 48 anos, confessou ter matado Karina Cristina Queiroz, de 22 anos, em Ribeir\u00e3o Preto. Preso nesta segunda-feira (11), ele afirmou \u00e0 Pol\u00edcia Civil que atirou na v\u00edtima ap\u00f3s ser amea\u00e7ado de ter um encontro revelado para sua esposa. Segundo o\u2026","rel":"","context":"In &quot;Not\u00edcias de Ribeir\u00e3o Preto-SP e Regi\u00e3o&quot;","block_context":{"text":"Not\u00edcias de Ribeir\u00e3o Preto-SP e Regi\u00e3o","link":"https:\/\/noticiasribeiraopreto.com.br\/index.php\/category\/noticias-de-ribeirao-preto-sp-e-regiao-ismael-colosi\/"},"img":{"alt_text":"","src":"https:\/\/i0.wp.com\/noticiasribeiraopreto.com.br\/wp-content\/uploads\/2025\/08\/Copia-de-Copia-de-Copia-de-TAMANHO-EXATO-PARA-FOTOS-NO-SISTEMA-NOVO-2025-08-11T140016.289_2025-08-11_17-00-29.webp.webp?fit=1200%2C675&ssl=1&resize=350%2C200","width":350,"height":200,"srcset":"https:\/\/i0.wp.com\/noticiasribeiraopreto.com.br\/wp-content\/uploads\/2025\/08\/Copia-de-Copia-de-Copia-de-TAMANHO-EXATO-PARA-FOTOS-NO-SISTEMA-NOVO-2025-08-11T140016.289_2025-08-11_17-00-29.webp.webp?fit=1200%2C675&ssl=1&resize=350%2C200 1x, https:\/\/i0.wp.com\/noticiasribeiraopreto.com.br\/wp-content\/uploads\/2025\/08\/Copia-de-Copia-de-Copia-de-TAMANHO-EXATO-PARA-FOTOS-NO-SISTEMA-NOVO-2025-08-11T140016.289_2025-08-11_17-00-29.webp.webp?fit=1200%2C675&ssl=1&resize=525%2C300 1.5x, https:\/\/i0.wp.com\/noticiasribeiraopreto.com.br\/wp-content\/uploads\/2025\/08\/Copia-de-Copia-de-Copia-de-TAMANHO-EXATO-PARA-FOTOS-NO-SISTEMA-NOVO-2025-08-11T140016.289_2025-08-11_17-00-29.webp.webp?fit=1200%2C675&ssl=1&resize=700%2C400 2x, https:\/\/i0.wp.com\/noticiasribeiraopreto.com.br\/wp-content\/uploads\/2025\/08\/Copia-de-Copia-de-Copia-de-TAMANHO-EXATO-PARA-FOTOS-NO-SISTEMA-NOVO-2025-08-11T140016.289_2025-08-11_17-00-29.webp.webp?fit=1200%2C675&ssl=1&resize=1050%2C600 3x"},"classes":[]},{"id":75536,"url":"https:\/\/noticiasribeiraopreto.com.br\/index.php\/2025\/08\/11\/suspeito-de-matar-mulher-de-22-anos-e-preso-em-casa-na-zona-norte-de-ribeirao-preto\/","url_meta":{"origin":75169,"position":4},"title":"Suspeito de matar mulher de 22 anos \u00e9 preso em casa na zona Norte de Ribeir\u00e3o Preto","author":"noticiasribeiraopreto.com.br","date":"11 de August de 2025","format":false,"excerpt":"A Pol\u00edcia Civil prendeu nesta segunda-feira (11) o homem suspeito de matar Karina Cristina Queiroz, de 22 anos, em Ribeir\u00e3o Preto. O crime ocorreu no \u00faltimo dia 1\u00ba, na casa onde a v\u00edtima morava, no Jardim Cristo Redentor, zona Norte. Segundo informa\u00e7\u00f5es da pol\u00edcia, o suspeito, identificado como Rodrigo Totti\u2026","rel":"","context":"In &quot;Not\u00edcias de Ribeir\u00e3o Preto-SP e Regi\u00e3o&quot;","block_context":{"text":"Not\u00edcias de Ribeir\u00e3o Preto-SP e Regi\u00e3o","link":"https:\/\/noticiasribeiraopreto.com.br\/index.php\/category\/noticias-de-ribeirao-preto-sp-e-regiao-ismael-colosi\/"},"img":{"alt_text":"","src":"https:\/\/i0.wp.com\/noticiasribeiraopreto.com.br\/wp-content\/uploads\/2025\/08\/RODRIGO-1_2025-08-11_11-30-56.webp.webp?fit=1200%2C911&ssl=1&resize=350%2C200","width":350,"height":200,"srcset":"https:\/\/i0.wp.com\/noticiasribeiraopreto.com.br\/wp-content\/uploads\/2025\/08\/RODRIGO-1_2025-08-11_11-30-56.webp.webp?fit=1200%2C911&ssl=1&resize=350%2C200 1x, https:\/\/i0.wp.com\/noticiasribeiraopreto.com.br\/wp-content\/uploads\/2025\/08\/RODRIGO-1_2025-08-11_11-30-56.webp.webp?fit=1200%2C911&ssl=1&resize=525%2C300 1.5x, https:\/\/i0.wp.com\/noticiasribeiraopreto.com.br\/wp-content\/uploads\/2025\/08\/RODRIGO-1_2025-08-11_11-30-56.webp.webp?fit=1200%2C911&ssl=1&resize=700%2C400 2x, https:\/\/i0.wp.com\/noticiasribeiraopreto.com.br\/wp-content\/uploads\/2025\/08\/RODRIGO-1_2025-08-11_11-30-56.webp.webp?fit=1200%2C911&ssl=1&resize=1050%2C600 3x"},"classes":[]},{"id":77336,"url":"https:\/\/noticiasribeiraopreto.com.br\/index.php\/2025\/09\/16\/a-gente-esta-tentando-ser-forte-diz-familia-de-jovem-morta-por-radialista\/","url_meta":{"origin":75169,"position":5},"title":"\u2018A gente est\u00e1 tentando ser forte\u2019, diz fam\u00edlia de jovem morta por radialista","author":"noticiasribeiraopreto.com.br","date":"16 de September de 2025","format":false,"excerpt":"A Pol\u00edcia Civil fez na manh\u00e3 desta ter\u00e7a-feira (16) a reconstitui\u00e7\u00e3o do assassinato de Karina Cristina Queiroz, de 22 anos. A jovem foi morta em agosto durante um encontro marcado por um aplicativo de relacionamento. O crime aconteceu na casa dela, no Jardim Cristo Redentor, e o acusado, o radialista\u2026","rel":"","context":"In &quot;Not\u00edcias de Ribeir\u00e3o Preto-SP e Regi\u00e3o&quot;","block_context":{"text":"Not\u00edcias de Ribeir\u00e3o Preto-SP e Regi\u00e3o","link":"https:\/\/noticiasribeiraopreto.com.br\/index.php\/category\/noticias-de-ribeirao-preto-sp-e-regiao-ismael-colosi\/"},"img":{"alt_text":"","src":"https:\/\/i0.wp.com\/noticiasribeiraopreto.com.br\/wp-content\/uploads\/2025\/09\/rodrigo-na-reconstituicao_2025-09-16_16-23-02.webp.webp?fit=1006%2C655&ssl=1&resize=350%2C200","width":350,"height":200,"srcset":"https:\/\/i0.wp.com\/noticiasribeiraopreto.com.br\/wp-content\/uploads\/2025\/09\/rodrigo-na-reconstituicao_2025-09-16_16-23-02.webp.webp?fit=1006%2C655&ssl=1&resize=350%2C200 1x, https:\/\/i0.wp.com\/noticiasribeiraopreto.com.br\/wp-content\/uploads\/2025\/09\/rodrigo-na-reconstituicao_2025-09-16_16-23-02.webp.webp?fit=1006%2C655&ssl=1&resize=525%2C300 1.5x, https:\/\/i0.wp.com\/noticiasribeiraopreto.com.br\/wp-content\/uploads\/2025\/09\/rodrigo-na-reconstituicao_2025-09-16_16-23-02.webp.webp?fit=1006%2C655&ssl=1&resize=700%2C400 2x"},"classes":[]}],"jetpack_sharing_enabled":true,"jetpack_shortlink":"https:\/\/wp.me\/peQAOb-jyp","_links":{"self":[{"href":"https:\/\/noticiasribeiraopreto.com.br\/index.php\/wp-json\/wp\/v2\/posts\/75169","targetHints":{"allow":["GET"]}}],"collection":[{"href":"https:\/\/noticiasribeiraopreto.com.br\/index.php\/wp-json\/wp\/v2\/posts"}],"about":[{"href":"https:\/\/noticiasribeiraopreto.com.br\/index.php\/wp-json\/wp\/v2\/types\/post"}],"author":[{"embeddable":true,"href":"https:\/\/noticiasribeiraopreto.com.br\/index.php\/wp-json\/wp\/v2\/users\/1"}],"replies":[{"embeddable":true,"href":"https:\/\/noticiasribeiraopreto.com.br\/index.php\/wp-json\/wp\/v2\/comments?post=75169"}],"version-history":[{"count":0,"href":"https:\/\/noticiasribeiraopreto.com.br\/index.php\/wp-json\/wp\/v2\/posts\/75169\/revisions"}],"wp:featuredmedia":[{"embeddable":true,"href":"https:\/\/noticiasribeiraopreto.com.br\/index.php\/wp-json\/wp\/v2\/media\/75170"}],"wp:attachment":[{"href":"https:\/\/noticiasribeiraopreto.com.br\/index.php\/wp-json\/wp\/v2\/media?parent=75169"}],"wp:term":[{"taxonomy":"category","embeddable":true,"href":"https:\/\/noticiasribeiraopreto.com.br\/index.php\/wp-json\/wp\/v2\/categories?post=75169"},{"taxonomy":"post_tag","embeddable":true,"href":"https:\/\/noticiasribeiraopreto.com.br\/index.php\/wp-json\/wp\/v2\/tags?post=75169"}],"curies":[{"name":"wp","href":"https:\/\/api.w.org\/{rel}","templated":true}]}}