{"id":75352,"date":"2025-08-07T13:07:08","date_gmt":"2025-08-07T16:07:08","guid":{"rendered":"https:\/\/noticiasribeiraopreto.com.br\/index.php\/2025\/08\/07\/oposicao-encerra-obstrucao-no-senado-e-plenario-deve-retomar-trabalhos\/"},"modified":"2025-08-07T13:07:08","modified_gmt":"2025-08-07T16:07:08","slug":"oposicao-encerra-obstrucao-no-senado-e-plenario-deve-retomar-trabalhos","status":"publish","type":"post","link":"https:\/\/noticiasribeiraopreto.com.br\/index.php\/2025\/08\/07\/oposicao-encerra-obstrucao-no-senado-e-plenario-deve-retomar-trabalhos\/","title":{"rendered":"Oposi\u00e7\u00e3o encerra obstru\u00e7\u00e3o no Senado e plen\u00e1rio deve retomar trabalhos"},"content":{"rendered":"<div class='code-block code-block-1' style='margin: 8px 0 8px auto; text-align: right; display: block; clear: both;'>\n<p><a href=\"https:\/\/wa.link\/vpicfd\"><img data-recalc-dims=\"1\" class=\"wp-image-4922\" style=\"aspect-ratio: 2.0253164556962027; width: 561px; height: auto;\" src=\"https:\/\/i0.wp.com\/ismaelcolosi.com.br\/wp-content\/uploads\/2023\/11\/grupo-de-empregos-whatsapp-e-facebook-ismael-colosi-vagas.jpg?ssl=1\" alt=\"\" \/><\/a><\/p>\n<!-- \/wp:image -->\n<\/div>\n<p> <br \/>\n<\/p>\n<div id=\"Corpo\">O dia come\u00e7ou ainda com a ocupa\u00e7\u00e3o da Mesa do plen\u00e1rio do Senado pela oposi\u00e7\u00e3o ao presidente Luiz In\u00e1cio Lula da Silva. Ainda na manh\u00e3 desta quinta-feira, 7, por\u00e9m, senadores do grupo anunciaram o fim da ocupa\u00e7\u00e3o. Os bolsonaristas tomaram a decis\u00e3o ap\u00f3s terem 41 senadores favor\u00e1veis ao impeachment do ministro Alexandre de Moraes, do Supremo Tribunal Federal (STF).<\/p>\n<p>O n\u00famero corresponde \u00e0 maioria simples na Casa, quantidade necess\u00e1ria para aprova\u00e7\u00e3o da instaura\u00e7\u00e3o formal do processo. Essa vota\u00e7\u00e3o em plen\u00e1rio s\u00f3 ocorre ap\u00f3s o presidente do Senado aceitar o pedido de impeachment e uma comiss\u00e3o especial dar o parecer favor\u00e1vel para o processo seguir adiante.<\/p>\n<p>O l\u00edder do PSB no Senado, Cid Gomes (CE), afirmou nesta quarta-feira, 6, que o presidente do Senado, Davi Alcolumbre (Uni\u00e3o-AP), descartou qualquer possibilidade de dar andamento, neste momento, a pedidos de impeachment contra ministros do STF, incluindo o de Moraes.<\/p>\n<p>O presidente do Senado marcou sess\u00e3o remota para as 11h para votar o projeto da MP 1294\/2025, que amplia a isen\u00e7\u00e3o do imposto de renda para at\u00e9 dois sal\u00e1rios m\u00ednimos, al\u00e9m de acordos internacionais.<\/p>\n<p>Os senadores aliados do ex-presidente Jair Bolsonaro (PL) ocuparam a Mesa Diretora da Casa desde ter\u00e7a-feira, 5. Magno Malta (PL-ES), Izalci Lucas(PL-DF) e Damares Alves (Republicanos-DF) se acorrentaram \u00e0 Mesa utilizada para comandar as reuni\u00f5es.<\/p>\n<p>Assim como os deputados, eles se revezaram durante a madrugada de quarta-feira para ocupar os plen\u00e1rios das duas Casas e oraram com o aux\u00edlio de um pastor por chamada de v\u00eddeo. Um audit\u00f3rio do Senado tamb\u00e9m foi ocupado pelos bolsonaristas ap\u00f3s rumores de que o local poderia ser utilizado para realizar a sess\u00e3o plen\u00e1ria.<\/p>\n<p>Na ter\u00e7a, oposicionistas anunciaram um \u201cpacote da paz\u201d para \u201cabrandar\u201d a rela\u00e7\u00e3o entre os Tr\u00eas Poderes, ap\u00f3s a determina\u00e7\u00e3o da pris\u00e3o domiciliar do ex-presidente. Comp\u00f5em o pacote uma anistia \u201campla, geral e irrestrita\u201d aos envolvidos no 8 de Janeiro, o impeachment do ministro do Supremo Tribunal Federal (STF) Alexandre de Moraes e a proposta de emenda \u00e0 Constitui\u00e7\u00e3o (PEC) do fim do foro privilegiado.<\/p>\n<\/div>\n<p><br \/>\n<br \/><a href=\"https:\/\/www.tribunaribeirao.com.br\/oposicao-encerra-obstrucao-no-senado-e-plenario-deve-retomar-trabalhos\/\">Source link <\/a><\/p>\n<!-- CONTENT END 1 -->\n","protected":false},"excerpt":{"rendered":"<p>O dia come\u00e7ou ainda com a ocupa\u00e7\u00e3o da Mesa do plen\u00e1rio do Senado pela oposi\u00e7\u00e3o ao presidente Luiz In\u00e1cio Lula da Silva. Ainda na manh\u00e3&#8230;<\/p>\n","protected":false},"author":1,"featured_media":75353,"comment_status":"open","ping_status":"open","sticky":false,"template":"","format":"standard","meta":{"advanced_seo_description":"","jetpack_seo_html_title":"","jetpack_seo_noindex":false,"jetpack_post_was_ever_published":false,"_jetpack_newsletter_access":"","_jetpack_dont_email_post_to_subs":false,"_jetpack_newsletter_tier_id":0,"_jetpack_memberships_contains_paywalled_content":false,"_jetpack_memberships_contains_paid_content":false,"footnotes":"","jetpack_publicize_message":"","jetpack_publicize_feature_enabled":true,"jetpack_social_post_already_shared":true,"jetpack_social_options":{"image_generator_settings":{"template":"highway","default_image_id":0,"font":"","enabled":false},"version":2}},"categories":[11],"tags":[],"class_list":["post-75352","post","type-post","status-publish","format-standard","has-post-thumbnail","hentry","category-noticias-de-ribeirao-preto-sp-e-regiao-ismael-colosi"],"jetpack_publicize_connections":[],"jetpack_featured_media_url":"https:\/\/i0.wp.com\/noticiasribeiraopreto.com.br\/wp-content\/uploads\/2025\/08\/Online-Jonas-Pereira-Agencia-Senado-scaled.jpg?fit=2560%2C1707&ssl=1","jetpack-related-posts":[{"id":75368,"url":"https:\/\/noticiasribeiraopreto.com.br\/index.php\/2025\/08\/07\/senado-aprova-isencao-de-ir-para-quem-ganha-ate-dois-salarios-minimos\/","url_meta":{"origin":75352,"position":0},"title":"Senado aprova isen\u00e7\u00e3o de IR para quem ganha at\u00e9 dois sal\u00e1rios-m\u00ednimos","author":"noticiasribeiraopreto.com.br","date":"7 de August de 2025","format":false,"excerpt":"7 de agosto de 2025 16:254 Compartilhar0 Ap\u00f3s cerca de 48 horas de obstru\u00e7\u00e3o do funcionamento dos plen\u00e1rios pela oposi\u00e7\u00e3o, o Senado aprovou, nesta quinta-feira (7), o projeto de lei (PL) que isenta do pagamento do Imposto de Renda (IR) os trabalhadores que ganham at\u00e9 dois sal\u00e1rios-m\u00ednimos, o que equivale\u2026","rel":"","context":"In &quot;Not\u00edcias de Ribeir\u00e3o Preto-SP e Regi\u00e3o&quot;","block_context":{"text":"Not\u00edcias de Ribeir\u00e3o Preto-SP e Regi\u00e3o","link":"https:\/\/noticiasribeiraopreto.com.br\/index.php\/category\/noticias-de-ribeirao-preto-sp-e-regiao-ismael-colosi\/"},"img":{"alt_text":"","src":"https:\/\/i0.wp.com\/noticiasribeiraopreto.com.br\/wp-content\/uploads\/2025\/08\/sal.jpeg?fit=1170%2C700&ssl=1&resize=350%2C200","width":350,"height":200,"srcset":"https:\/\/i0.wp.com\/noticiasribeiraopreto.com.br\/wp-content\/uploads\/2025\/08\/sal.jpeg?fit=1170%2C700&ssl=1&resize=350%2C200 1x, https:\/\/i0.wp.com\/noticiasribeiraopreto.com.br\/wp-content\/uploads\/2025\/08\/sal.jpeg?fit=1170%2C700&ssl=1&resize=525%2C300 1.5x, https:\/\/i0.wp.com\/noticiasribeiraopreto.com.br\/wp-content\/uploads\/2025\/08\/sal.jpeg?fit=1170%2C700&ssl=1&resize=700%2C400 2x, https:\/\/i0.wp.com\/noticiasribeiraopreto.com.br\/wp-content\/uploads\/2025\/08\/sal.jpeg?fit=1170%2C700&ssl=1&resize=1050%2C600 3x"},"classes":[]},{"id":18680,"url":"https:\/\/noticiasribeiraopreto.com.br\/index.php\/2023\/12\/20\/a-aposta-de-haddad-passa-no-teste-de-fogo-do-senado\/","url_meta":{"origin":75352,"position":1},"title":"a aposta de Haddad passa no teste de fogo do Senado","author":"noticiasribeiraopreto.com.br","date":"20 de December de 2023","format":false,"excerpt":"O Senado aprovou nesta quarta-feira (20) a Medida Provis\u00f3ria (MP) da subven\u00e7\u00e3o do ICMS \u2014 principal aposta do ministro da Fazenda, Fernando Haddad, para levantar receitas extras em 2024 e, com isso, tentar cumprir a meta de zerar o d\u00e9ficit das contas p\u00fablicas ano que vem. Foram 48 votos a\u2026","rel":"","context":"In &quot;Dinheiro e Investimento&quot;","block_context":{"text":"Dinheiro e Investimento","link":"https:\/\/noticiasribeiraopreto.com.br\/index.php\/category\/dinheiro-e-investimento-como-fazer-como-ganhar\/"},"img":{"alt_text":"","src":"https:\/\/i0.wp.com\/noticiasribeiraopreto.com.br\/wp-content\/uploads\/2023\/12\/Fernando-Haddad-ministro-da-Fazenda-715x402.jpg?fit=715%2C402&ssl=1&resize=350%2C200","width":350,"height":200,"srcset":"https:\/\/i0.wp.com\/noticiasribeiraopreto.com.br\/wp-content\/uploads\/2023\/12\/Fernando-Haddad-ministro-da-Fazenda-715x402.jpg?fit=715%2C402&ssl=1&resize=350%2C200 1x, https:\/\/i0.wp.com\/noticiasribeiraopreto.com.br\/wp-content\/uploads\/2023\/12\/Fernando-Haddad-ministro-da-Fazenda-715x402.jpg?fit=715%2C402&ssl=1&resize=525%2C300 1.5x, https:\/\/i0.wp.com\/noticiasribeiraopreto.com.br\/wp-content\/uploads\/2023\/12\/Fernando-Haddad-ministro-da-Fazenda-715x402.jpg?fit=715%2C402&ssl=1&resize=700%2C400 2x"},"classes":[]},{"id":63068,"url":"https:\/\/noticiasribeiraopreto.com.br\/index.php\/2025\/02\/01\/davi-alcolumbre-e-eleito-o-novo-presidente-do-senado\/","url_meta":{"origin":75352,"position":2},"title":"Davi Alcolumbre \u00e9 eleito o novo presidente do Senado","author":"noticiasribeiraopreto.com.br","date":"1 de February de 2025","format":false,"excerpt":"O senador Davi Alcolumbre (Uni\u00e3o Brasil-AP) foi eleito neste s\u00e1bado (1\u00ba), o novo presidente do Senado. Ele recebeu 73 dos 81 votos dos senadores e comandar\u00e1 a Casa pelos pr\u00f3ximos dois anos. Alcolumbre tem 47 anos e voltou ao posto ap\u00f3s quatro anos. Esta \u00e9 a segunda vez que Davi\u2026","rel":"","context":"In &quot;Not\u00edcias de Ribeir\u00e3o Preto-SP e Regi\u00e3o&quot;","block_context":{"text":"Not\u00edcias de Ribeir\u00e3o Preto-SP e Regi\u00e3o","link":"https:\/\/noticiasribeiraopreto.com.br\/index.php\/category\/noticias-de-ribeirao-preto-sp-e-regiao-ismael-colosi\/"},"img":{"alt_text":"","src":"https:\/\/i0.wp.com\/noticiasribeiraopreto.com.br\/wp-content\/uploads\/2025\/02\/Copia-de-Copia-de-Copia-de-TAMANHO-EXATO-PARA-FOTOS-NO-SISTEMA-NOVO-2025-02-01T160505.965_2025-02-01_19-05-11_png_2025-02-01_19-05-11.webp.webp?fit=1200%2C675&ssl=1&resize=350%2C200","width":350,"height":200,"srcset":"https:\/\/i0.wp.com\/noticiasribeiraopreto.com.br\/wp-content\/uploads\/2025\/02\/Copia-de-Copia-de-Copia-de-TAMANHO-EXATO-PARA-FOTOS-NO-SISTEMA-NOVO-2025-02-01T160505.965_2025-02-01_19-05-11_png_2025-02-01_19-05-11.webp.webp?fit=1200%2C675&ssl=1&resize=350%2C200 1x, https:\/\/i0.wp.com\/noticiasribeiraopreto.com.br\/wp-content\/uploads\/2025\/02\/Copia-de-Copia-de-Copia-de-TAMANHO-EXATO-PARA-FOTOS-NO-SISTEMA-NOVO-2025-02-01T160505.965_2025-02-01_19-05-11_png_2025-02-01_19-05-11.webp.webp?fit=1200%2C675&ssl=1&resize=525%2C300 1.5x, https:\/\/i0.wp.com\/noticiasribeiraopreto.com.br\/wp-content\/uploads\/2025\/02\/Copia-de-Copia-de-Copia-de-TAMANHO-EXATO-PARA-FOTOS-NO-SISTEMA-NOVO-2025-02-01T160505.965_2025-02-01_19-05-11_png_2025-02-01_19-05-11.webp.webp?fit=1200%2C675&ssl=1&resize=700%2C400 2x, https:\/\/i0.wp.com\/noticiasribeiraopreto.com.br\/wp-content\/uploads\/2025\/02\/Copia-de-Copia-de-Copia-de-TAMANHO-EXATO-PARA-FOTOS-NO-SISTEMA-NOVO-2025-02-01T160505.965_2025-02-01_19-05-11_png_2025-02-01_19-05-11.webp.webp?fit=1200%2C675&ssl=1&resize=1050%2C600 3x"},"classes":[]},{"id":36092,"url":"https:\/\/noticiasribeiraopreto.com.br\/index.php\/2024\/02\/08\/senado-aprova-urgencia-para-votacao-de-projeto-que-acaba-com-a-saidinha-de-presos\/","url_meta":{"origin":75352,"position":3},"title":"Senado aprova urg\u00eancia para vota\u00e7\u00e3o de projeto que acaba com a &#8220;saidinha&#8221; de presos","author":"noticiasribeiraopreto.com.br","date":"8 de February de 2024","format":false,"excerpt":"O projeto de lei 2.253\/2022, que restringe o benef\u00edcio da sa\u00edda tempor\u00e1ria para presos condenados, ser\u00e1 votado com urg\u00eancia pelo Senado. O requerimento de urg\u00eancia foi aprovado pelos senadores nesta quarta-feira, 7, em plen\u00e1rio. O presidente do Senado, Rodrigo Pacheco, informou que a mat\u00e9ria ser\u00e1 pautada \u201cem momento oportuno\u201d. A\u2026","rel":"","context":"In &quot;Not\u00edcias de Ribeir\u00e3o Preto-SP e Regi\u00e3o&quot;","block_context":{"text":"Not\u00edcias de Ribeir\u00e3o Preto-SP e Regi\u00e3o","link":"https:\/\/noticiasribeiraopreto.com.br\/index.php\/category\/noticias-de-ribeirao-preto-sp-e-regiao-ismael-colosi\/"},"img":{"alt_text":"","src":"https:\/\/i0.wp.com\/noticiasribeiraopreto.com.br\/wp-content\/uploads\/2024\/02\/15123427_saidinha.jpg?fit=876%2C585&ssl=1&resize=350%2C200","width":350,"height":200,"srcset":"https:\/\/i0.wp.com\/noticiasribeiraopreto.com.br\/wp-content\/uploads\/2024\/02\/15123427_saidinha.jpg?fit=876%2C585&ssl=1&resize=350%2C200 1x, https:\/\/i0.wp.com\/noticiasribeiraopreto.com.br\/wp-content\/uploads\/2024\/02\/15123427_saidinha.jpg?fit=876%2C585&ssl=1&resize=525%2C300 1.5x, https:\/\/i0.wp.com\/noticiasribeiraopreto.com.br\/wp-content\/uploads\/2024\/02\/15123427_saidinha.jpg?fit=876%2C585&ssl=1&resize=700%2C400 2x"},"classes":[]},{"id":69959,"url":"https:\/\/noticiasribeiraopreto.com.br\/index.php\/2025\/05\/21\/fim-da-reeleicao-para-prefeitos-governadores-e-presidente-e-aprovado-em-ccj-do-senado\/","url_meta":{"origin":75352,"position":4},"title":"Fim da reelei\u00e7\u00e3o para prefeitos, governadores e presidente \u00e9 aprovado em CCJ do Senado","author":"noticiasribeiraopreto.com.br","date":"21 de May de 2025","format":false,"excerpt":"A CCJ (Comiss\u00e3o de Constitui\u00e7\u00e3o e Justi\u00e7a) do Senado aprovou na manh\u00e3 desta quarta-feira (21) a PEC (Proposta de Emenda \u00e0 Constitui\u00e7\u00e3o) que acaba com a reelei\u00e7\u00e3o. A medida \u00e9 v\u00e1lida para prefeitos, governadores e presidente da Rep\u00fablica. O texto do senador Jorge Kajuru (Pode) prop\u00f5e o aumento do tempo\u2026","rel":"","context":"In &quot;Not\u00edcias de Ribeir\u00e3o Preto-SP e Regi\u00e3o&quot;","block_context":{"text":"Not\u00edcias de Ribeir\u00e3o Preto-SP e Regi\u00e3o","link":"https:\/\/noticiasribeiraopreto.com.br\/index.php\/category\/noticias-de-ribeirao-preto-sp-e-regiao-ismael-colosi\/"},"img":{"alt_text":"","src":"https:\/\/i0.wp.com\/noticiasribeiraopreto.com.br\/wp-content\/uploads\/2025\/05\/ccj-senado_2025-05-21_14-53-04.webp.webp?fit=1200%2C800&ssl=1&resize=350%2C200","width":350,"height":200,"srcset":"https:\/\/i0.wp.com\/noticiasribeiraopreto.com.br\/wp-content\/uploads\/2025\/05\/ccj-senado_2025-05-21_14-53-04.webp.webp?fit=1200%2C800&ssl=1&resize=350%2C200 1x, https:\/\/i0.wp.com\/noticiasribeiraopreto.com.br\/wp-content\/uploads\/2025\/05\/ccj-senado_2025-05-21_14-53-04.webp.webp?fit=1200%2C800&ssl=1&resize=525%2C300 1.5x, https:\/\/i0.wp.com\/noticiasribeiraopreto.com.br\/wp-content\/uploads\/2025\/05\/ccj-senado_2025-05-21_14-53-04.webp.webp?fit=1200%2C800&ssl=1&resize=700%2C400 2x, https:\/\/i0.wp.com\/noticiasribeiraopreto.com.br\/wp-content\/uploads\/2025\/05\/ccj-senado_2025-05-21_14-53-04.webp.webp?fit=1200%2C800&ssl=1&resize=1050%2C600 3x"},"classes":[]},{"id":35598,"url":"https:\/\/noticiasribeiraopreto.com.br\/index.php\/2024\/02\/06\/comissao-do-senado-aprova-fim-da-saidinha-para-presos\/","url_meta":{"origin":75352,"position":5},"title":"Comiss\u00e3o do Senado aprova fim da &#8220;saidinha&#8221; para presos","author":"noticiasribeiraopreto.com.br","date":"6 de February de 2024","format":false,"excerpt":"6 de fevereiro de 2024 | 18:26 0A Comiss\u00e3o de Seguran\u00e7a P\u00fablica (CSP) do Senado aprovou nesta ter\u00e7a-feira (6) projeto de lei que acaba com a concess\u00e3o do benef\u00edcio da sa\u00edda tempor\u00e1ria a presos, mantendo apenas para que possam estudar. Os parlamentares aprovaram urg\u00eancia para vota\u00e7\u00e3o do texto em plen\u00e1rio,\u2026","rel":"","context":"In &quot;Not\u00edcias de Ribeir\u00e3o Preto-SP e Regi\u00e3o&quot;","block_context":{"text":"Not\u00edcias de Ribeir\u00e3o Preto-SP e Regi\u00e3o","link":"https:\/\/noticiasribeiraopreto.com.br\/index.php\/category\/noticias-de-ribeirao-preto-sp-e-regiao-ismael-colosi\/"},"img":{"alt_text":"","src":"https:\/\/i0.wp.com\/noticiasribeiraopreto.com.br\/wp-content\/uploads\/2024\/02\/6058b772-3f07-4b3b-b176-3cfdf6a6c1ac-scaled.jpg?fit=1000%2C598&ssl=1&resize=350%2C200","width":350,"height":200,"srcset":"https:\/\/i0.wp.com\/noticiasribeiraopreto.com.br\/wp-content\/uploads\/2024\/02\/6058b772-3f07-4b3b-b176-3cfdf6a6c1ac-scaled.jpg?fit=1000%2C598&ssl=1&resize=350%2C200 1x, https:\/\/i0.wp.com\/noticiasribeiraopreto.com.br\/wp-content\/uploads\/2024\/02\/6058b772-3f07-4b3b-b176-3cfdf6a6c1ac-scaled.jpg?fit=1000%2C598&ssl=1&resize=525%2C300 1.5x, https:\/\/i0.wp.com\/noticiasribeiraopreto.com.br\/wp-content\/uploads\/2024\/02\/6058b772-3f07-4b3b-b176-3cfdf6a6c1ac-scaled.jpg?fit=1000%2C598&ssl=1&resize=700%2C400 2x"},"classes":[]}],"jetpack_sharing_enabled":true,"jetpack_shortlink":"https:\/\/wp.me\/peQAOb-jBm","_links":{"self":[{"href":"https:\/\/noticiasribeiraopreto.com.br\/index.php\/wp-json\/wp\/v2\/posts\/75352","targetHints":{"allow":["GET"]}}],"collection":[{"href":"https:\/\/noticiasribeiraopreto.com.br\/index.php\/wp-json\/wp\/v2\/posts"}],"about":[{"href":"https:\/\/noticiasribeiraopreto.com.br\/index.php\/wp-json\/wp\/v2\/types\/post"}],"author":[{"embeddable":true,"href":"https:\/\/noticiasribeiraopreto.com.br\/index.php\/wp-json\/wp\/v2\/users\/1"}],"replies":[{"embeddable":true,"href":"https:\/\/noticiasribeiraopreto.com.br\/index.php\/wp-json\/wp\/v2\/comments?post=75352"}],"version-history":[{"count":0,"href":"https:\/\/noticiasribeiraopreto.com.br\/index.php\/wp-json\/wp\/v2\/posts\/75352\/revisions"}],"wp:featuredmedia":[{"embeddable":true,"href":"https:\/\/noticiasribeiraopreto.com.br\/index.php\/wp-json\/wp\/v2\/media\/75353"}],"wp:attachment":[{"href":"https:\/\/noticiasribeiraopreto.com.br\/index.php\/wp-json\/wp\/v2\/media?parent=75352"}],"wp:term":[{"taxonomy":"category","embeddable":true,"href":"https:\/\/noticiasribeiraopreto.com.br\/index.php\/wp-json\/wp\/v2\/categories?post=75352"},{"taxonomy":"post_tag","embeddable":true,"href":"https:\/\/noticiasribeiraopreto.com.br\/index.php\/wp-json\/wp\/v2\/tags?post=75352"}],"curies":[{"name":"wp","href":"https:\/\/api.w.org\/{rel}","templated":true}]}}