{"id":75354,"date":"2025-08-07T13:15:10","date_gmt":"2025-08-07T16:15:10","guid":{"rendered":"https:\/\/noticiasribeiraopreto.com.br\/index.php\/2025\/08\/07\/moto-atropela-e-mata-idosa-na-zona-norte\/"},"modified":"2025-08-07T13:15:10","modified_gmt":"2025-08-07T16:15:10","slug":"moto-atropela-e-mata-idosa-na-zona-norte","status":"publish","type":"post","link":"https:\/\/noticiasribeiraopreto.com.br\/index.php\/2025\/08\/07\/moto-atropela-e-mata-idosa-na-zona-norte\/","title":{"rendered":"Moto atropela e mata idosa na zona Norte"},"content":{"rendered":"<div class='code-block code-block-1' style='margin: 8px 0 8px auto; text-align: right; display: block; clear: both;'>\n<p><a href=\"https:\/\/wa.link\/vpicfd\"><img data-recalc-dims=\"1\" class=\"wp-image-4922\" style=\"aspect-ratio: 2.0253164556962027; width: 561px; height: auto;\" src=\"https:\/\/i0.wp.com\/ismaelcolosi.com.br\/wp-content\/uploads\/2023\/11\/grupo-de-empregos-whatsapp-e-facebook-ismael-colosi-vagas.jpg?ssl=1\" alt=\"\" \/><\/a><\/p>\n<!-- \/wp:image -->\n<\/div>\n<p> <br \/>\n<\/p>\n<div id=\"\">\n<h2 class=\"penci-post-subtitle\">V\u00edtima foi atingida ao atravessar avenida fora da faixa de pedestre, segundo condutor da moto<\/h2>\n<p>\n\t\t\t\t\t\t\t\t\t<span class=\"entry-meta-item penci-posted-on\"><i class=\"fa fa-clock-o\"\/><time class=\"entry-date published\" datetime=\"2025-08-07T11:22:22-03:00\">7 de agosto de 2025 11:22<\/time><time class=\"updated\" datetime=\"2025-08-07T13:04:05-03:00\">7 de agosto de 2025 13:04<\/time><\/span><span class=\"entry-meta-item penci-post-countview\"><span class=\"entry-meta-item penci-post-countview penci_post-meta_item\"><i class=\"fa fa-eye\"\/><span class=\"penci-post-countview-number penci-post-countview-p434352\">36<\/span><\/span><\/span>\t\t\t\t\t\t\t\t<\/p>\n<p><!-- .entry-meta --><br \/>\n\t\t\t\t\t\t\t\t<span class=\"penci-social-buttons penci-social-share-footer\"><span class=\"penci-social-share-text\">Compartilhar<\/span><a href=\"#\" class=\"penci-post-like penci_post-meta_item  single-like-button penci-social-item like\" data-post_id=\"434352\" title=\"Like\" data-like=\"Like\" data-unlike=\"Unlike\"><i class=\"fa fa-thumbs-o-up\"\/><span class=\"penci-share-number\">3<\/span><\/a><i class=\"fa fa-facebook\"\/><a class=\"penci-social-item twitter\" target=\"_blank\" rel=\"noopener\" title=\"\" href=\"https:\/\/twitter.com\/intent\/tweet?text=Moto%20atropela%20e%20mata%20idosa%20na%20zona%20Norte%20-%20https:\/\/www.tribunaribeirao.com.br\/moto-atropela-e-mata-idosa-na-zona-norte\/\"><i class=\"fa fa-twitter\"\/><\/a><i class=\"fa fa-linkedin\"\/><i class=\"fa fa-whatsapp\"\/><i class=\"fa fa-telegram\"\/><i class=\"fa fa-envelope\"\/><\/span>\t\t\t\t\t\t\t<\/div>\n<div>\n<p>Por: Adalberto Luque<\/p>\n<p>Uma idosa de 73 anos morreu, na noite desta quarta-feira (6), ap\u00f3s ser atropelada por uma motocicleta. O acidente ocorreu na Via Norte, Av. Eduardo Andr\u00e9ia Matarazzo, Ipiranga, zona Norte da cidade.<\/p>\n<p>De acordo com o Boletim de Ocorr\u00eancia (B.O.) mulher estava atravessando a pista sentido bairro-Centro pr\u00f3ximo a um hiper mercado quando foi atropelada pela motocicleta, uma Kawasaki 650 cc.<\/p>\n<p>O condutor da moto, um engenheiro de 58 anos, parou para prestar socorro e relatou que a mulher tentou atravessar correndo e fora da faixa de pedestre, n\u00e3o sendo poss\u00edvel evitar o atropelamento.<\/p>\n<p>Uma unidade do Servi\u00e7o de Atendimento M\u00f3vel de Urg\u00eancia (SAMU) chegou a prestar socorro. A v\u00edtima foi levada para a Unidade de Pronto Atendimento (UPA) do Sumarezinho, mas morreu enquanto era atendida.<\/p>\n<p>O condutor da moto n\u00e3o teve ferimentos. A ocorr\u00eancia foi registrada na Central de Pol\u00edcia Judici\u00e1ria como homic\u00eddio culposo na condu\u00e7\u00e3o de ve\u00edculo automotor. O inqu\u00e9rito prossegue na Pol\u00edcia Civil para apurar as responsabilidades.<\/p>\n<p>\u00a0<\/p>\n<p>_____<\/p>\n<p>\u00a0<\/p>\n<p>Jornal Tribuna Ribeir\u00e3o<br \/>Um Jornal com a cara de Ribeir\u00e3o!<\/p>\n<p>Impresso | WEB | Redes sociais<br \/>Tribuna Ribeir\u00e3o \u2013 Fone: (16) 3632-2200 \u2013 Whatsapp: (16) 98161-8743<br \/>Av. Bar\u00e3o do Bananal, 880 \u2013 Jardim Anhanguera, Ribeir\u00e3o Preto<\/p>\n<p>@tribunaribeirao<br \/>@meiaderibeirao<br \/>@dinoderibeirao<br \/>#TribunaRibeir\u00e3o<br \/>#News<br \/>#Not\u00edcia<br \/>#Ribeir\u00e3oPreto #Not\u00edciasDeRibeir\u00e3oPreto<br \/>#ClassificadosTribunaRibeir\u00e3o<br \/>#Jornalismo<br \/>#ClassificadosRibeir\u00e3o<\/p>\n<\/div>\n<p><script async src=\"\/\/platform.twitter.com\/widgets.js\" charset=\"utf-8\"><\/script><br \/>\n<br \/><br \/>\n<br \/><a href=\"https:\/\/www.tribunaribeirao.com.br\/moto-atropela-e-mata-idosa-na-zona-norte\/\">Source link <\/a><\/p>\n<!-- CONTENT END 1 -->\n","protected":false},"excerpt":{"rendered":"<p>V\u00edtima foi atingida ao atravessar avenida fora da faixa de pedestre, segundo condutor da moto 7 de agosto de 2025 11:227 de agosto de 2025&#8230;<\/p>\n","protected":false},"author":1,"featured_media":75355,"comment_status":"open","ping_status":"open","sticky":false,"template":"","format":"standard","meta":{"advanced_seo_description":"","jetpack_seo_html_title":"","jetpack_seo_noindex":false,"jetpack_post_was_ever_published":false,"_jetpack_newsletter_access":"","_jetpack_dont_email_post_to_subs":false,"_jetpack_newsletter_tier_id":0,"_jetpack_memberships_contains_paywalled_content":false,"_jetpack_memberships_contains_paid_content":false,"footnotes":"","jetpack_publicize_message":"","jetpack_publicize_feature_enabled":true,"jetpack_social_post_already_shared":true,"jetpack_social_options":{"image_generator_settings":{"template":"highway","default_image_id":0,"font":"","enabled":false},"version":2}},"categories":[11],"tags":[],"class_list":["post-75354","post","type-post","status-publish","format-standard","has-post-thumbnail","hentry","category-noticias-de-ribeirao-preto-sp-e-regiao-ismael-colosi"],"jetpack_publicize_connections":[],"jetpack_featured_media_url":"https:\/\/i0.wp.com\/noticiasribeiraopreto.com.br\/wp-content\/uploads\/2025\/08\/CPJ-Fachada-07-2025-03-Foto-Alfredo-Risk-e1752243589215.jpg?fit=1200%2C900&ssl=1","jetpack-related-posts":[{"id":76280,"url":"https:\/\/noticiasribeiraopreto.com.br\/index.php\/2025\/08\/26\/rp-vai-aposentar-motos-do-samu\/","url_meta":{"origin":75354,"position":0},"title":"RP vai aposentar motos do Samu","author":"noticiasribeiraopreto.com.br","date":"26 de August de 2025","format":false,"excerpt":"26 de agosto de 2025 07:5326 de agosto de 2025 07:370 Compartilhar0 A Secretaria de Sa\u00fade de Ribeir\u00e3o Preto informou, nesta segunda-feira, 25 de agosto, que ir\u00e1 encerrar o atendimento com motocicletas feito pelo Servi\u00e7o de Atendimento M\u00f3vel de Urg\u00eancia (Samu). A medida valer\u00e1 a partir da pr\u00f3xima semana e\u2026","rel":"","context":"In &quot;Not\u00edcias de Ribeir\u00e3o Preto-SP e Regi\u00e3o&quot;","block_context":{"text":"Not\u00edcias de Ribeir\u00e3o Preto-SP e Regi\u00e3o","link":"https:\/\/noticiasribeiraopreto.com.br\/index.php\/category\/noticias-de-ribeirao-preto-sp-e-regiao-ismael-colosi\/"},"img":{"alt_text":"","src":"https:\/\/i0.wp.com\/noticiasribeiraopreto.com.br\/wp-content\/uploads\/2025\/08\/Samu-Reproducao.jpg?fit=960%2C640&ssl=1&resize=350%2C200","width":350,"height":200,"srcset":"https:\/\/i0.wp.com\/noticiasribeiraopreto.com.br\/wp-content\/uploads\/2025\/08\/Samu-Reproducao.jpg?fit=960%2C640&ssl=1&resize=350%2C200 1x, https:\/\/i0.wp.com\/noticiasribeiraopreto.com.br\/wp-content\/uploads\/2025\/08\/Samu-Reproducao.jpg?fit=960%2C640&ssl=1&resize=525%2C300 1.5x, https:\/\/i0.wp.com\/noticiasribeiraopreto.com.br\/wp-content\/uploads\/2025\/08\/Samu-Reproducao.jpg?fit=960%2C640&ssl=1&resize=700%2C400 2x"},"classes":[]},{"id":75917,"url":"https:\/\/noticiasribeiraopreto.com.br\/index.php\/2025\/08\/18\/menino-de-10-anos-e-flagrado-em-manobras-arriscadas-com-moto\/","url_meta":{"origin":75354,"position":1},"title":"Menino de 10 anos \u00e9 flagrado em manobras arriscadas com moto","author":"noticiasribeiraopreto.com.br","date":"18 de August de 2025","format":false,"excerpt":"Crian\u00e7a estava empinando a moto, enquanto o pai filmava as cenas com o objetivo de monetizar em redes sociais 18 de agosto de 2025 13:2310 Compartilhar1 Por: Adalberto Luque Um menino de 10 anos foi flagrado, no final da tarde deste domingo (17), pilotando uma motocicleta de 125 cilindradas pelas\u2026","rel":"","context":"In &quot;Not\u00edcias de Ribeir\u00e3o Preto-SP e Regi\u00e3o&quot;","block_context":{"text":"Not\u00edcias de Ribeir\u00e3o Preto-SP e Regi\u00e3o","link":"https:\/\/noticiasribeiraopreto.com.br\/index.php\/category\/noticias-de-ribeirao-preto-sp-e-regiao-ismael-colosi\/"},"img":{"alt_text":"","src":"https:\/\/i0.wp.com\/noticiasribeiraopreto.com.br\/wp-content\/uploads\/2025\/08\/18-ago-2025-motoqueiromaluco1.jpg?fit=709%2C368&ssl=1&resize=350%2C200","width":350,"height":200,"srcset":"https:\/\/i0.wp.com\/noticiasribeiraopreto.com.br\/wp-content\/uploads\/2025\/08\/18-ago-2025-motoqueiromaluco1.jpg?fit=709%2C368&ssl=1&resize=350%2C200 1x, https:\/\/i0.wp.com\/noticiasribeiraopreto.com.br\/wp-content\/uploads\/2025\/08\/18-ago-2025-motoqueiromaluco1.jpg?fit=709%2C368&ssl=1&resize=525%2C300 1.5x, https:\/\/i0.wp.com\/noticiasribeiraopreto.com.br\/wp-content\/uploads\/2025\/08\/18-ago-2025-motoqueiromaluco1.jpg?fit=709%2C368&ssl=1&resize=700%2C400 2x"},"classes":[]},{"id":75190,"url":"https:\/\/noticiasribeiraopreto.com.br\/index.php\/2025\/08\/05\/ribeirao-preto-recebe-ribercycle-moto-festival-no-teatro-de-arena\/","url_meta":{"origin":75354,"position":2},"title":"Ribeir\u00e3o Preto recebe Ribercycle Moto Festival no Teatro de Arena","author":"noticiasribeiraopreto.com.br","date":"5 de August de 2025","format":false,"excerpt":"A Secretaria da Cultura e Turismo de Ribeir\u00e3o Preto realiza neste s\u00e1bado (9) o Ribercycle Moto Festival. O festival \u00e9 voltado \u00e0 cultura motociclista, com foco em m\u00fasica, gastronomia e uni\u00e3o entre motoclubes. O evento acontece no Teatro de Arena e tem entrada gratuita, a partir das 12h. Programa\u00e7\u00e3o O\u2026","rel":"","context":"In &quot;Not\u00edcias de Ribeir\u00e3o Preto-SP e Regi\u00e3o&quot;","block_context":{"text":"Not\u00edcias de Ribeir\u00e3o Preto-SP e Regi\u00e3o","link":"https:\/\/noticiasribeiraopreto.com.br\/index.php\/category\/noticias-de-ribeirao-preto-sp-e-regiao-ismael-colosi\/"},"img":{"alt_text":"","src":"https:\/\/i0.wp.com\/noticiasribeiraopreto.com.br\/wp-content\/uploads\/2025\/08\/teatro-de-arena-ribeirao-preto-1_2025-08-05_15-55-56.webp.webp?fit=1200%2C900&ssl=1&resize=350%2C200","width":350,"height":200,"srcset":"https:\/\/i0.wp.com\/noticiasribeiraopreto.com.br\/wp-content\/uploads\/2025\/08\/teatro-de-arena-ribeirao-preto-1_2025-08-05_15-55-56.webp.webp?fit=1200%2C900&ssl=1&resize=350%2C200 1x, https:\/\/i0.wp.com\/noticiasribeiraopreto.com.br\/wp-content\/uploads\/2025\/08\/teatro-de-arena-ribeirao-preto-1_2025-08-05_15-55-56.webp.webp?fit=1200%2C900&ssl=1&resize=525%2C300 1.5x, https:\/\/i0.wp.com\/noticiasribeiraopreto.com.br\/wp-content\/uploads\/2025\/08\/teatro-de-arena-ribeirao-preto-1_2025-08-05_15-55-56.webp.webp?fit=1200%2C900&ssl=1&resize=700%2C400 2x, https:\/\/i0.wp.com\/noticiasribeiraopreto.com.br\/wp-content\/uploads\/2025\/08\/teatro-de-arena-ribeirao-preto-1_2025-08-05_15-55-56.webp.webp?fit=1200%2C900&ssl=1&resize=1050%2C600 3x"},"classes":[]},{"id":75593,"url":"https:\/\/noticiasribeiraopreto.com.br\/index.php\/2025\/08\/12\/video-mulher-fica-ferida-em-acidente-no-anel-viario-sul\/","url_meta":{"origin":75354,"position":3},"title":"V\u00cdDEO &#8211; Mulher fica ferida em acidente no Anel Vi\u00e1rio Sul","author":"noticiasribeiraopreto.com.br","date":"12 de August de 2025","format":false,"excerpt":"Tr\u00e2nsito ficou congestionado por mais de cinco quil\u00f4metros e lentid\u00e3o causou outro acidente, este sem v\u00edtimas 12 de agosto de 2025 11:3712 de agosto de 2025 11:381 Compartilhar0 Por: Alfredo Risk e Adalberto Luque Uma mulher ficou ferida, na manh\u00e3 desta ter\u00e7a-feira (12), ap\u00f3s cair de sua moto. O acidente\u2026","rel":"","context":"In &quot;Not\u00edcias de Ribeir\u00e3o Preto-SP e Regi\u00e3o&quot;","block_context":{"text":"Not\u00edcias de Ribeir\u00e3o Preto-SP e Regi\u00e3o","link":"https:\/\/noticiasribeiraopreto.com.br\/index.php\/category\/noticias-de-ribeirao-preto-sp-e-regiao-ismael-colosi\/"},"img":{"alt_text":"","src":"https:\/\/i0.wp.com\/noticiasribeiraopreto.com.br\/wp-content\/uploads\/2025\/08\/12-ago-2025-acidenteanelsul1.jpg?fit=822%2C461&ssl=1&resize=350%2C200","width":350,"height":200,"srcset":"https:\/\/i0.wp.com\/noticiasribeiraopreto.com.br\/wp-content\/uploads\/2025\/08\/12-ago-2025-acidenteanelsul1.jpg?fit=822%2C461&ssl=1&resize=350%2C200 1x, https:\/\/i0.wp.com\/noticiasribeiraopreto.com.br\/wp-content\/uploads\/2025\/08\/12-ago-2025-acidenteanelsul1.jpg?fit=822%2C461&ssl=1&resize=525%2C300 1.5x, https:\/\/i0.wp.com\/noticiasribeiraopreto.com.br\/wp-content\/uploads\/2025\/08\/12-ago-2025-acidenteanelsul1.jpg?fit=822%2C461&ssl=1&resize=700%2C400 2x"},"classes":[]},{"id":80391,"url":"https:\/\/noticiasribeiraopreto.com.br\/index.php\/2025\/12\/03\/pm-que-matou-jovem-em-avenida-de-rp-vai-a-juri-popular\/","url_meta":{"origin":75354,"position":4},"title":"PM que matou jovem em avenida de RP vai a j\u00fari popular","author":"noticiasribeiraopreto.com.br","date":"3 de December de 2025","format":false,"excerpt":"Por: Adalberto Luque O policial militar Maicon de Oliveira Santos, de 36 anos, ser\u00e1 submetido a j\u00fari popular em 16 de mar\u00e7o de 2026. Ele \u00e9 acusado da morte da gerente de loja J\u00falia Ferraz Signoreto, ent\u00e3o com 27 anos. O crime ocorreu em 14 de agosto de 2023. A\u2026","rel":"","context":"In &quot;Not\u00edcias de Ribeir\u00e3o Preto-SP e Regi\u00e3o&quot;","block_context":{"text":"Not\u00edcias de Ribeir\u00e3o Preto-SP e Regi\u00e3o","link":"https:\/\/noticiasribeiraopreto.com.br\/index.php\/category\/noticias-de-ribeirao-preto-sp-e-regiao-ismael-colosi\/"},"img":{"alt_text":"","src":"https:\/\/i0.wp.com\/noticiasribeiraopreto.com.br\/wp-content\/uploads\/2025\/12\/00-14-ago-2023-bala-perdida-01-foto-x-tudo.jpg?fit=1170%2C600&ssl=1&resize=350%2C200","width":350,"height":200,"srcset":"https:\/\/i0.wp.com\/noticiasribeiraopreto.com.br\/wp-content\/uploads\/2025\/12\/00-14-ago-2023-bala-perdida-01-foto-x-tudo.jpg?fit=1170%2C600&ssl=1&resize=350%2C200 1x, https:\/\/i0.wp.com\/noticiasribeiraopreto.com.br\/wp-content\/uploads\/2025\/12\/00-14-ago-2023-bala-perdida-01-foto-x-tudo.jpg?fit=1170%2C600&ssl=1&resize=525%2C300 1.5x, https:\/\/i0.wp.com\/noticiasribeiraopreto.com.br\/wp-content\/uploads\/2025\/12\/00-14-ago-2023-bala-perdida-01-foto-x-tudo.jpg?fit=1170%2C600&ssl=1&resize=700%2C400 2x, https:\/\/i0.wp.com\/noticiasribeiraopreto.com.br\/wp-content\/uploads\/2025\/12\/00-14-ago-2023-bala-perdida-01-foto-x-tudo.jpg?fit=1170%2C600&ssl=1&resize=1050%2C600 3x"},"classes":[]},{"id":57467,"url":"https:\/\/noticiasribeiraopreto.com.br\/index.php\/2024\/09\/02\/idoso-de-71-anos-morre-apos-ser-atropelado-por-moto-em-ribeirao\/","url_meta":{"origin":75354,"position":5},"title":"Idoso de 71 anos morre ap\u00f3s ser atropelado por moto em Ribeir\u00e3o","author":"noticiasribeiraopreto.com.br","date":"2 de September de 2024","format":false,"excerpt":"Um homem de 71 anos morreu no \u00fatimo s\u00e1bado (31), depois de ser atropelado por uma moto no Jardim Paulista, zona Leste de Ribeir\u00e3o Preto. O atropelamento ocorreu no \u00faltimo dia 9 de agosto e a v\u00edtima permaneceu internada no Hospital das Cl\u00ednica \u2013 Unidade de Emerg\u00eancia (HC-UE). Segundo o\u2026","rel":"","context":"In &quot;Not\u00edcias de Ribeir\u00e3o Preto-SP e Regi\u00e3o&quot;","block_context":{"text":"Not\u00edcias de Ribeir\u00e3o Preto-SP e Regi\u00e3o","link":"https:\/\/noticiasribeiraopreto.com.br\/index.php\/category\/noticias-de-ribeirao-preto-sp-e-regiao-ismael-colosi\/"},"img":{"alt_text":"","src":"https:\/\/i0.wp.com\/noticiasribeiraopreto.com.br\/wp-content\/uploads\/2024\/09\/sao_carlos_500x320_03082019163914.jpg?fit=500%2C322&ssl=1&resize=350%2C200","width":350,"height":200},"classes":[]}],"jetpack_sharing_enabled":true,"jetpack_shortlink":"https:\/\/wp.me\/peQAOb-jBo","_links":{"self":[{"href":"https:\/\/noticiasribeiraopreto.com.br\/index.php\/wp-json\/wp\/v2\/posts\/75354","targetHints":{"allow":["GET"]}}],"collection":[{"href":"https:\/\/noticiasribeiraopreto.com.br\/index.php\/wp-json\/wp\/v2\/posts"}],"about":[{"href":"https:\/\/noticiasribeiraopreto.com.br\/index.php\/wp-json\/wp\/v2\/types\/post"}],"author":[{"embeddable":true,"href":"https:\/\/noticiasribeiraopreto.com.br\/index.php\/wp-json\/wp\/v2\/users\/1"}],"replies":[{"embeddable":true,"href":"https:\/\/noticiasribeiraopreto.com.br\/index.php\/wp-json\/wp\/v2\/comments?post=75354"}],"version-history":[{"count":0,"href":"https:\/\/noticiasribeiraopreto.com.br\/index.php\/wp-json\/wp\/v2\/posts\/75354\/revisions"}],"wp:featuredmedia":[{"embeddable":true,"href":"https:\/\/noticiasribeiraopreto.com.br\/index.php\/wp-json\/wp\/v2\/media\/75355"}],"wp:attachment":[{"href":"https:\/\/noticiasribeiraopreto.com.br\/index.php\/wp-json\/wp\/v2\/media?parent=75354"}],"wp:term":[{"taxonomy":"category","embeddable":true,"href":"https:\/\/noticiasribeiraopreto.com.br\/index.php\/wp-json\/wp\/v2\/categories?post=75354"},{"taxonomy":"post_tag","embeddable":true,"href":"https:\/\/noticiasribeiraopreto.com.br\/index.php\/wp-json\/wp\/v2\/tags?post=75354"}],"curies":[{"name":"wp","href":"https:\/\/api.w.org\/{rel}","templated":true}]}}