{"id":75356,"date":"2025-08-07T14:02:27","date_gmt":"2025-08-07T17:02:27","guid":{"rendered":"https:\/\/noticiasribeiraopreto.com.br\/index.php\/2025\/08\/07\/nova-frente-fria-deve-derrubar-temperatura\/"},"modified":"2025-08-07T14:02:27","modified_gmt":"2025-08-07T17:02:27","slug":"nova-frente-fria-deve-derrubar-temperatura","status":"publish","type":"post","link":"https:\/\/noticiasribeiraopreto.com.br\/index.php\/2025\/08\/07\/nova-frente-fria-deve-derrubar-temperatura\/","title":{"rendered":"Nova frente fria deve derrubar temperatura"},"content":{"rendered":"<div class='code-block code-block-1' style='margin: 8px 0 8px auto; text-align: right; display: block; clear: both;'>\n<p><a href=\"https:\/\/wa.link\/vpicfd\"><img data-recalc-dims=\"1\" class=\"wp-image-4922\" style=\"aspect-ratio: 2.0253164556962027; width: 561px; height: auto;\" src=\"https:\/\/i0.wp.com\/ismaelcolosi.com.br\/wp-content\/uploads\/2023\/11\/grupo-de-empregos-whatsapp-e-facebook-ismael-colosi-vagas.jpg?ssl=1\" alt=\"\" \/><\/a><\/p>\n<!-- \/wp:image -->\n<\/div>\n<p> <br \/>\n<\/p>\n<div>\n<p>Uma nova frente fria, associada a um ciclone extratropical, vai trazer mudan\u00e7as clim\u00e1ticas para o Sul e parte do Sudeste do Brasil. Depois, uma forte massa de ar polar continental avan\u00e7ar\u00e1 sobre o pa\u00eds, derrubando as temperaturas no Sul, Sudeste, Centro-Oeste e causando friagem em parte do Norte.<\/p>\n<p>Ser\u00e1 a quinta onda de frio intenso do ano. Meteorologistas preveem friaca e baixa umidade relativa do ar em Ribeir\u00e3o Preto nos pr\u00f3ximos dias. Segundo a Climatempo, a temperatura m\u00ednima deve oscilar de 14\u00baC a 16 graus Celsius entre esta quinta-feira, 6 de agosto, e s\u00e1bado (9).<\/p>\n<p>A partir de domingo (10) e at\u00e9 dia 12, os term\u00f4metros podem marcar entre 10\u00baC e 11\u00baC, permanecendo nesta faixa durante a semana. Por\u00e9m, segundo o aplicativo de celular The Weather Channel, a temperatura pode chegar a 7\u00baC entre s\u00e1bado segunda-feira (11). A m\u00e1xima deve atingir 29\u00baC hoje e amanh\u00e3, caindo a 23\u00baC e 24\u00baC no final de semana, diz a Climatempo.<\/p>\n<p>O ribeir\u00e3o-pretano j\u00e1 tirou cobertor e edredom, agasalho, cachecol, gorro, luva e meia de l\u00e3 do arm\u00e1rio. A previs\u00e3o da Cimatempo indica temperatura m\u00ednima de 14\u00baC hoje, 16 graus amanh\u00e3, 15\u00baC no s\u00e1bado e 11\u00baC no domingo, baixando a 10\u00baC na segunda e a 11\u00baC na ter\u00e7a.<\/p>\n<p>O cen\u00e1rio pode mudar de uma hora para outra, de acordo com as informa\u00e7\u00f5es que chegam via sat\u00e9lite. Os dados da Climatempo foram atualizados \u00e0s 18 horas de ontem. A temperatura m\u00e9dia para agosto \u00e9 de 28\u00baC. N\u00e3o h\u00e1 previs\u00e3o de chuva para os pr\u00f3ximos dias. A m\u00e9dia para o m\u00eas \u00e9 de 19 mil\u00edmetros e, at\u00e9 agora, choveu dois mm, 10,53% do total estimado.<\/p>\n<p>Depois da chuvarada de junho \u2013 previs\u00e3o era de 28 mm, mas chegou a 58 mm, 107% acima \u2013 choveu apenas cinco mil\u00edmetros em julho em menos de 24 horas, no dia 28, cerca de 25% do total estimado para o m\u00eas, de 20 mm. Em 25 de junho, os term\u00f4metros marcaram 4 graus Celsius \u00e0s seis horas, mas com sensa\u00e7\u00e3o t\u00e9rmica de 2\u00baC.<\/p>\n<p>Ribeir\u00e3o Preto deve continuar a registrar temperaturas baixas nas madrugadas e manh\u00e3s, mas acima das constatadas no final de junho. \u00a0O frio intenso aumenta o risco para a sa\u00fade da popula\u00e7\u00e3o vulner\u00e1vel, especialmente pessoas em situa\u00e7\u00e3o de rua, crian\u00e7as, idosos e pessoas com doen\u00e7as cr\u00f4nicas.<\/p>\n<p>Nesta quarta-feira (6), fez 13\u00baC em Ribeir\u00e3o Preto. O inverno teve in\u00edcio \u00e0s 23h42 de 20 de junho e vai at\u00e9 22 de setembro, quando chega a primavera. A temperatura de 4\u00baC \u00e9 a mais baixa do ano at\u00e9 agora e uma das menores j\u00e1 registradas na cidade.<\/p>\n<p>O recorde anterior pertencia a 20 de maio de 2022, quando a esta\u00e7\u00e3o da Rede de Meteorologia do Comando da Aeron\u00e1utica (Redemet), no Aeroporto Estadual Doutor Leite Lopes, na Zona Norte de Ribeir\u00e3o Preto, registrou 5\u00baC \u00e0s seis horas.<\/p>\n<p>O m\u00eas de agosto ser\u00e1 marcado por neutralidade na regi\u00e3o do Oceano Pac\u00edfico, ou seja, n\u00e3o h\u00e1 influ\u00eancia de El Ni\u00f1o ou La Ni\u00f1a. Assim, a tend\u00eancia \u00e9 de que as chuvas avancem al\u00e9m do Sul do Brasil, situa\u00e7\u00e3o diferente da registrada em julho.<\/p>\n<p>\u201cPodemos ter condi\u00e7\u00f5es favor\u00e1veis para chuvas nos tr\u00eas Estados do Sul, Mato Grosso do Sul, S\u00e3o Paulo e faixa costeira do Sudeste. No extremo sul do Pa\u00eds, a chuva ocorre, mas os volumes tendem a ser um pouco abaixo da m\u00e9dia\u201d, afirma Maria Clara Sassaki, porta-voz da Tempo OK.<\/p>\n<p>A baixa umidade relativa do ar preocupa e pode atingir n\u00edvel cr\u00edtico em diversas cidades do estado de S\u00e3o Paulo. Em Ribeir\u00e3o Preto, deve permanecer abaixo de 40% na maioria dos pr\u00f3ximos dias, chegando a 26% no domingo, indica a Climatempo..<\/p>\n<p>Em alguns per\u00edodos, segundo a Defesa Civil Estadual, os n\u00edveis podem ficar abaixo dos 20%, \u00edndice considerado cr\u00edtico pela Organiza\u00e7\u00e3o Mundial da Sa\u00fade (OMS), devido \u00e0 estiagem t\u00edpica desta \u00e9poca do ano, segundo a Climatempo.<\/p>\n<p>De acordo com a Organiza\u00e7\u00e3o Mundial de Sa\u00fade, quando a umidade relativa do ar fica abaixo de 30% o munic\u00edpio entra em estado de aten\u00e7\u00e3o. Quando o \u00edndice \u00e9 inferior a 20% a situa\u00e7\u00e3o \u00e9 de alerta. Abaixo de 12% j\u00e1 \u00e9 considerado caso de emerg\u00eancia.<\/p>\n<p>A Defesa Civil Estadual estendeu o alerta de risco elevado para inc\u00eandios para todos os munic\u00edpios paulistas. Os 4 graus do dia 25 de junho estavam 21\u00baC abaixo da m\u00e9dia de junho, que \u00e9 de 27 graus. O cen\u00e1rio pode mudar de uma hora para outra, de acordo com as informa\u00e7\u00f5es que chegam via sat\u00e9lite.<\/p>\n<p>\u00a0<\/p>\n<\/div>\n<p><br \/>\n<br \/><a href=\"https:\/\/www.tribunaribeirao.com.br\/nova-frente-fria-deve-derrubar-temperatura\/\">Source link <\/a><\/p>\n<!-- CONTENT END 1 -->\n","protected":false},"excerpt":{"rendered":"<p>Uma nova frente fria, associada a um ciclone extratropical, vai trazer mudan\u00e7as clim\u00e1ticas para o Sul e parte do Sudeste do Brasil. Depois, uma forte&#8230;<\/p>\n","protected":false},"author":1,"featured_media":75357,"comment_status":"open","ping_status":"open","sticky":false,"template":"","format":"standard","meta":{"advanced_seo_description":"","jetpack_seo_html_title":"","jetpack_seo_noindex":false,"jetpack_post_was_ever_published":false,"_jetpack_newsletter_access":"","_jetpack_dont_email_post_to_subs":false,"_jetpack_newsletter_tier_id":0,"_jetpack_memberships_contains_paywalled_content":false,"_jetpack_memberships_contains_paid_content":false,"footnotes":"","jetpack_publicize_message":"","jetpack_publicize_feature_enabled":true,"jetpack_social_post_already_shared":true,"jetpack_social_options":{"image_generator_settings":{"template":"highway","default_image_id":0,"font":"","enabled":false},"version":2}},"categories":[11],"tags":[],"class_list":["post-75356","post","type-post","status-publish","format-standard","has-post-thumbnail","hentry","category-noticias-de-ribeirao-preto-sp-e-regiao-ismael-colosi"],"jetpack_publicize_connections":[],"jetpack_featured_media_url":"https:\/\/i0.wp.com\/noticiasribeiraopreto.com.br\/wp-content\/uploads\/2025\/08\/ChuvaRP-Alfredo-Risk-Aquivo-scaled.jpg?fit=1170%2C780&ssl=1","jetpack-related-posts":[{"id":64761,"url":"https:\/\/noticiasribeiraopreto.com.br\/index.php\/2025\/03\/12\/nova-frente-fria-traz-chuva-e-queda-de-temperatura-para-o-estado-de-sp-veja-quando\/","url_meta":{"origin":75356,"position":0},"title":"Nova frente fria traz chuva e queda de temperatura para o estado de SP; Veja quando","author":"noticiasribeiraopreto.com.br","date":"12 de March de 2025","format":false,"excerpt":"Uma nova frente fria dever\u00e1 trazer pancadas de chuva e provocar a queda da temperatura em grande parte do estado de S\u00e3o Paulo nos pr\u00f3ximos dias. Segundo a Meteored, entre o s\u00e1bado (15) e o domingo (16), a frente fria ser\u00e1 impulsionada por um ciclone e ir\u00e1 reorganizar o tempo\u2026","rel":"","context":"In &quot;Not\u00edcias de Ribeir\u00e3o Preto-SP e Regi\u00e3o&quot;","block_context":{"text":"Not\u00edcias de Ribeir\u00e3o Preto-SP e Regi\u00e3o","link":"https:\/\/noticiasribeiraopreto.com.br\/index.php\/category\/noticias-de-ribeirao-preto-sp-e-regiao-ismael-colosi\/"},"img":{"alt_text":"","src":"https:\/\/i0.wp.com\/noticiasribeiraopreto.com.br\/wp-content\/uploads\/2024\/08\/WhatsApp-Image-2024-07-13-at-19.42.17_2024-07-13_22-42-51_jpeg_2024-07-13_22-42-51.webp.webp?fit=1200%2C553&ssl=1&resize=350%2C200","width":350,"height":200,"srcset":"https:\/\/i0.wp.com\/noticiasribeiraopreto.com.br\/wp-content\/uploads\/2024\/08\/WhatsApp-Image-2024-07-13-at-19.42.17_2024-07-13_22-42-51_jpeg_2024-07-13_22-42-51.webp.webp?fit=1200%2C553&ssl=1&resize=350%2C200 1x, https:\/\/i0.wp.com\/noticiasribeiraopreto.com.br\/wp-content\/uploads\/2024\/08\/WhatsApp-Image-2024-07-13-at-19.42.17_2024-07-13_22-42-51_jpeg_2024-07-13_22-42-51.webp.webp?fit=1200%2C553&ssl=1&resize=525%2C300 1.5x, https:\/\/i0.wp.com\/noticiasribeiraopreto.com.br\/wp-content\/uploads\/2024\/08\/WhatsApp-Image-2024-07-13-at-19.42.17_2024-07-13_22-42-51_jpeg_2024-07-13_22-42-51.webp.webp?fit=1200%2C553&ssl=1&resize=700%2C400 2x, https:\/\/i0.wp.com\/noticiasribeiraopreto.com.br\/wp-content\/uploads\/2024\/08\/WhatsApp-Image-2024-07-13-at-19.42.17_2024-07-13_22-42-51_jpeg_2024-07-13_22-42-51.webp.webp?fit=1200%2C553&ssl=1&resize=1050%2C600 3x"},"classes":[]},{"id":58523,"url":"https:\/\/noticiasribeiraopreto.com.br\/index.php\/2024\/09\/29\/interior-de-sp-tem-alerta-para-nova-onda-de-calor-veja-previsao\/","url_meta":{"origin":75356,"position":1},"title":"Interior de SP tem alerta para nova onda de calor; Veja previs\u00e3o","author":"noticiasribeiraopreto.com.br","date":"29 de September de 2024","format":false,"excerpt":"O ar quente e seco volta a ganhar for\u00e7a no interior de S\u00e3o Paulo a partir deste domingo (29), dando in\u00edcio a oitava onda de calor na regi\u00e3o, de acordo com a Climatempo. Conforme a previs\u00e3o do servi\u00e7o de meteorologia, nos pr\u00f3ximos dias podemos esperar qualidade do ar comprometida, potencial\u2026","rel":"","context":"In &quot;Not\u00edcias de Ribeir\u00e3o Preto-SP e Regi\u00e3o&quot;","block_context":{"text":"Not\u00edcias de Ribeir\u00e3o Preto-SP e Regi\u00e3o","link":"https:\/\/noticiasribeiraopreto.com.br\/index.php\/category\/noticias-de-ribeirao-preto-sp-e-regiao-ismael-colosi\/"},"img":{"alt_text":"","src":"https:\/\/i0.wp.com\/noticiasribeiraopreto.com.br\/wp-content\/uploads\/2024\/09\/20230916_171444.jpg?fit=1200%2C716&ssl=1&resize=350%2C200","width":350,"height":200,"srcset":"https:\/\/i0.wp.com\/noticiasribeiraopreto.com.br\/wp-content\/uploads\/2024\/09\/20230916_171444.jpg?fit=1200%2C716&ssl=1&resize=350%2C200 1x, https:\/\/i0.wp.com\/noticiasribeiraopreto.com.br\/wp-content\/uploads\/2024\/09\/20230916_171444.jpg?fit=1200%2C716&ssl=1&resize=525%2C300 1.5x, https:\/\/i0.wp.com\/noticiasribeiraopreto.com.br\/wp-content\/uploads\/2024\/09\/20230916_171444.jpg?fit=1200%2C716&ssl=1&resize=700%2C400 2x, https:\/\/i0.wp.com\/noticiasribeiraopreto.com.br\/wp-content\/uploads\/2024\/09\/20230916_171444.jpg?fit=1200%2C716&ssl=1&resize=1050%2C600 3x"},"classes":[]},{"id":51663,"url":"https:\/\/noticiasribeiraopreto.com.br\/index.php\/2024\/05\/29\/segunda-onda-de-frio-chega-ao-estado-de-sp-e-derruba-as-temperaturas\/","url_meta":{"origin":75356,"position":2},"title":"Segunda onda de frio chega ao estado de SP e derruba as temperaturas","author":"noticiasribeiraopreto.com.br","date":"29 de May de 2024","format":false,"excerpt":"A segunda onda de frio de 2024 come\u00e7ou a se formar e deve derrubar as temperaturas no estado S\u00e3o Paulo, a apartir da noite desta ter\u00e7a-feira (28). De acordo com os meteorologistas, ap\u00f3s a forma\u00e7\u00e3o de ciclone extratropical e sua frente fria na segunda (27), a alta p\u00f3s frontal avan\u00e7ar\u00e1\u2026","rel":"","context":"In &quot;Not\u00edcias de Ribeir\u00e3o Preto-SP e Regi\u00e3o&quot;","block_context":{"text":"Not\u00edcias de Ribeir\u00e3o Preto-SP e Regi\u00e3o","link":"https:\/\/noticiasribeiraopreto.com.br\/index.php\/category\/noticias-de-ribeirao-preto-sp-e-regiao-ismael-colosi\/"},"img":{"alt_text":"","src":"https:\/\/i0.wp.com\/noticiasribeiraopreto.com.br\/wp-content\/uploads\/2024\/04\/AnyConv.com__frio.webp.webp?fit=1200%2C800&ssl=1&resize=350%2C200","width":350,"height":200,"srcset":"https:\/\/i0.wp.com\/noticiasribeiraopreto.com.br\/wp-content\/uploads\/2024\/04\/AnyConv.com__frio.webp.webp?fit=1200%2C800&ssl=1&resize=350%2C200 1x, https:\/\/i0.wp.com\/noticiasribeiraopreto.com.br\/wp-content\/uploads\/2024\/04\/AnyConv.com__frio.webp.webp?fit=1200%2C800&ssl=1&resize=525%2C300 1.5x, https:\/\/i0.wp.com\/noticiasribeiraopreto.com.br\/wp-content\/uploads\/2024\/04\/AnyConv.com__frio.webp.webp?fit=1200%2C800&ssl=1&resize=700%2C400 2x, https:\/\/i0.wp.com\/noticiasribeiraopreto.com.br\/wp-content\/uploads\/2024\/04\/AnyConv.com__frio.webp.webp?fit=1200%2C800&ssl=1&resize=1050%2C600 3x"},"classes":[]},{"id":46862,"url":"https:\/\/noticiasribeiraopreto.com.br\/index.php\/2024\/04\/15\/entenda-como-sera-a-onda-de-frio-veja-as-temperaturas-no-interior-de-sp\/","url_meta":{"origin":75356,"position":3},"title":"Entenda como ser\u00e1 a onda de frio; Veja as temperaturas no interior de SP","author":"noticiasribeiraopreto.com.br","date":"15 de April de 2024","format":false,"excerpt":"Uma massa de ar de origem polar deve causar a primeira queda de temperatura acentuada do outono nos pr\u00f3ximos dias. Segundo a Climatempo, a frente fria se forma nesta ter\u00e7a-feira (16) entre o Brasil, o Uruguai e a Argentina, e est\u00e1 associada a um intenso ciclone extratropical \u2013 que n\u00e3o\u2026","rel":"","context":"In &quot;Not\u00edcias de Ribeir\u00e3o Preto-SP e Regi\u00e3o&quot;","block_context":{"text":"Not\u00edcias de Ribeir\u00e3o Preto-SP e Regi\u00e3o","link":"https:\/\/noticiasribeiraopreto.com.br\/index.php\/category\/noticias-de-ribeirao-preto-sp-e-regiao-ismael-colosi\/"},"img":{"alt_text":"","src":"https:\/\/i0.wp.com\/noticiasribeiraopreto.com.br\/wp-content\/uploads\/2024\/04\/frio_ribeirao_1024x576_30062021063120.jpg?fit=1024%2C576&ssl=1&resize=350%2C200","width":350,"height":200,"srcset":"https:\/\/i0.wp.com\/noticiasribeiraopreto.com.br\/wp-content\/uploads\/2024\/04\/frio_ribeirao_1024x576_30062021063120.jpg?fit=1024%2C576&ssl=1&resize=350%2C200 1x, https:\/\/i0.wp.com\/noticiasribeiraopreto.com.br\/wp-content\/uploads\/2024\/04\/frio_ribeirao_1024x576_30062021063120.jpg?fit=1024%2C576&ssl=1&resize=525%2C300 1.5x, https:\/\/i0.wp.com\/noticiasribeiraopreto.com.br\/wp-content\/uploads\/2024\/04\/frio_ribeirao_1024x576_30062021063120.jpg?fit=1024%2C576&ssl=1&resize=700%2C400 2x"},"classes":[]},{"id":55709,"url":"https:\/\/noticiasribeiraopreto.com.br\/index.php\/2024\/08\/05\/frente-fria-no-interior-de-sp-confira-quando-deve-chover-em-ribeirao-preto\/","url_meta":{"origin":75356,"position":4},"title":"Frente fria no interior de SP: Confira quando deve chover em Ribeir\u00e3o Preto","author":"noticiasribeiraopreto.com.br","date":"5 de August de 2024","format":false,"excerpt":"Uma nova frente fria deve chegar ao Brasil nesta quarta-feira (7) e provocar uma virada no tempo em muitos estados do Centro-Sul do pa\u00eds, de acordo com a Climatempo. Esse ar frio come\u00e7a a entrar no pa\u00eds pela regi\u00e3o Sul e deve avan\u00e7ar ao longo da sexta-feira (09) sobre o\u2026","rel":"","context":"In &quot;Not\u00edcias de Ribeir\u00e3o Preto-SP e Regi\u00e3o&quot;","block_context":{"text":"Not\u00edcias de Ribeir\u00e3o Preto-SP e Regi\u00e3o","link":"https:\/\/noticiasribeiraopreto.com.br\/index.php\/category\/noticias-de-ribeirao-preto-sp-e-regiao-ismael-colosi\/"},"img":{"alt_text":"","src":"https:\/\/i0.wp.com\/noticiasribeiraopreto.com.br\/wp-content\/uploads\/2024\/08\/chuva_forte_1024x576_06122019161537.jpg?fit=1024%2C575&ssl=1&resize=350%2C200","width":350,"height":200,"srcset":"https:\/\/i0.wp.com\/noticiasribeiraopreto.com.br\/wp-content\/uploads\/2024\/08\/chuva_forte_1024x576_06122019161537.jpg?fit=1024%2C575&ssl=1&resize=350%2C200 1x, https:\/\/i0.wp.com\/noticiasribeiraopreto.com.br\/wp-content\/uploads\/2024\/08\/chuva_forte_1024x576_06122019161537.jpg?fit=1024%2C575&ssl=1&resize=525%2C300 1.5x, https:\/\/i0.wp.com\/noticiasribeiraopreto.com.br\/wp-content\/uploads\/2024\/08\/chuva_forte_1024x576_06122019161537.jpg?fit=1024%2C575&ssl=1&resize=700%2C400 2x"},"classes":[]},{"id":75280,"url":"https:\/\/noticiasribeiraopreto.com.br\/index.php\/2025\/08\/06\/massa-de-ar-polar-forte-deve-derrubar-as-temperaturas-veja-previsao\/","url_meta":{"origin":75356,"position":5},"title":"Massa de ar polar forte deve derrubar as temperaturas; Veja previs\u00e3o","author":"noticiasribeiraopreto.com.br","date":"6 de August de 2025","format":false,"excerpt":"Uma massa de ar polar de forte intensidade dever\u00e1 derrubar as temperaturas no Sudeste. Segundo a Climatempo, o ar frio dever\u00e1 chegar na retaguarda de uma nova frente fria associada a um ciclone extratropical, que avan\u00e7a para a regi\u00e3o entre quinta-feira (7) sexta-feira (8). Para o Sul, h\u00e1 at\u00e9 possibilidade\u2026","rel":"","context":"In &quot;Not\u00edcias de Ribeir\u00e3o Preto-SP e Regi\u00e3o&quot;","block_context":{"text":"Not\u00edcias de Ribeir\u00e3o Preto-SP e Regi\u00e3o","link":"https:\/\/noticiasribeiraopreto.com.br\/index.php\/category\/noticias-de-ribeirao-preto-sp-e-regiao-ismael-colosi\/"},"img":{"alt_text":"","src":"https:\/\/i0.wp.com\/noticiasribeiraopreto.com.br\/wp-content\/uploads\/2025\/07\/frio_sp06_2025-07-29_09-28-55.webp.webp?fit=1200%2C808&ssl=1&resize=350%2C200","width":350,"height":200,"srcset":"https:\/\/i0.wp.com\/noticiasribeiraopreto.com.br\/wp-content\/uploads\/2025\/07\/frio_sp06_2025-07-29_09-28-55.webp.webp?fit=1200%2C808&ssl=1&resize=350%2C200 1x, https:\/\/i0.wp.com\/noticiasribeiraopreto.com.br\/wp-content\/uploads\/2025\/07\/frio_sp06_2025-07-29_09-28-55.webp.webp?fit=1200%2C808&ssl=1&resize=525%2C300 1.5x, https:\/\/i0.wp.com\/noticiasribeiraopreto.com.br\/wp-content\/uploads\/2025\/07\/frio_sp06_2025-07-29_09-28-55.webp.webp?fit=1200%2C808&ssl=1&resize=700%2C400 2x, https:\/\/i0.wp.com\/noticiasribeiraopreto.com.br\/wp-content\/uploads\/2025\/07\/frio_sp06_2025-07-29_09-28-55.webp.webp?fit=1200%2C808&ssl=1&resize=1050%2C600 3x"},"classes":[]}],"jetpack_sharing_enabled":true,"jetpack_shortlink":"https:\/\/wp.me\/peQAOb-jBq","_links":{"self":[{"href":"https:\/\/noticiasribeiraopreto.com.br\/index.php\/wp-json\/wp\/v2\/posts\/75356","targetHints":{"allow":["GET"]}}],"collection":[{"href":"https:\/\/noticiasribeiraopreto.com.br\/index.php\/wp-json\/wp\/v2\/posts"}],"about":[{"href":"https:\/\/noticiasribeiraopreto.com.br\/index.php\/wp-json\/wp\/v2\/types\/post"}],"author":[{"embeddable":true,"href":"https:\/\/noticiasribeiraopreto.com.br\/index.php\/wp-json\/wp\/v2\/users\/1"}],"replies":[{"embeddable":true,"href":"https:\/\/noticiasribeiraopreto.com.br\/index.php\/wp-json\/wp\/v2\/comments?post=75356"}],"version-history":[{"count":0,"href":"https:\/\/noticiasribeiraopreto.com.br\/index.php\/wp-json\/wp\/v2\/posts\/75356\/revisions"}],"wp:featuredmedia":[{"embeddable":true,"href":"https:\/\/noticiasribeiraopreto.com.br\/index.php\/wp-json\/wp\/v2\/media\/75357"}],"wp:attachment":[{"href":"https:\/\/noticiasribeiraopreto.com.br\/index.php\/wp-json\/wp\/v2\/media?parent=75356"}],"wp:term":[{"taxonomy":"category","embeddable":true,"href":"https:\/\/noticiasribeiraopreto.com.br\/index.php\/wp-json\/wp\/v2\/categories?post=75356"},{"taxonomy":"post_tag","embeddable":true,"href":"https:\/\/noticiasribeiraopreto.com.br\/index.php\/wp-json\/wp\/v2\/tags?post=75356"}],"curies":[{"name":"wp","href":"https:\/\/api.w.org\/{rel}","templated":true}]}}