{"id":75358,"date":"2025-08-07T14:13:08","date_gmt":"2025-08-07T17:13:08","guid":{"rendered":"https:\/\/noticiasribeiraopreto.com.br\/index.php\/2025\/08\/07\/feirao-de-empregos-em-ribeirao-preto-oferece-mais-de-100-vagas-confira-as-oportunidades\/"},"modified":"2025-08-07T14:13:08","modified_gmt":"2025-08-07T17:13:08","slug":"feirao-de-empregos-em-ribeirao-preto-oferece-mais-de-100-vagas-confira-as-oportunidades","status":"publish","type":"post","link":"https:\/\/noticiasribeiraopreto.com.br\/index.php\/2025\/08\/07\/feirao-de-empregos-em-ribeirao-preto-oferece-mais-de-100-vagas-confira-as-oportunidades\/","title":{"rendered":"Feir\u00e3o de empregos em Ribeir\u00e3o Preto oferece mais de 100 vagas; confira as oportunidades"},"content":{"rendered":"<div class='code-block code-block-1' style='margin: 8px 0 8px auto; text-align: right; display: block; clear: both;'>\n<p><a href=\"https:\/\/wa.link\/vpicfd\"><img data-recalc-dims=\"1\" class=\"wp-image-4922\" style=\"aspect-ratio: 2.0253164556962027; width: 561px; height: auto;\" src=\"https:\/\/i0.wp.com\/ismaelcolosi.com.br\/wp-content\/uploads\/2023\/11\/grupo-de-empregos-whatsapp-e-facebook-ismael-colosi-vagas.jpg?ssl=1\" alt=\"\" \/><\/a><\/p>\n<!-- \/wp:image -->\n<\/div>\n<p> <br \/>\n<\/p>\n<div data-td-block-uid=\"tdi_95\">\n<div class=\"tdb-block-inner td-fix-index\">\n<p>O Cal\u00e7ad\u00e3o de <strong>Ribeir\u00e3o Preto<\/strong>, no Centro, recebe uma feir\u00e3o de empregos no pr\u00f3ximo s\u00e1bado (9). S\u00e3o mais de 100 oportunidades dispon\u00edveis em \u00e1reas t\u00e9cnicas, administrativas e operacionais.<\/p>\n<p>O feir\u00e3o \u00e9 promovido pela Eventos RH e <mark style=\"background-color:#fcb900\" class=\"has-inline-color has-black-color\">acontece das 9h \u00e0s 14h na rua General Os\u00f3rio, em frente \u00e0s Lojas Americanas <\/mark>(pr\u00f3ximo ao n\u00ba 470), na Pra\u00e7a XV de Novembro.<\/p>\n<p>Para participar, \u00e9 necess\u00e1rio levar o curr\u00edculo impresso.<\/p>\n<h2 class=\"wp-block-heading\"><strong>Veja as vagas<\/strong><\/h2>\n<h3 class=\"wp-block-heading\"><strong>Ribeir\u00e3o Preto<\/strong><\/h3>\n<ul class=\"wp-block-list\">\n<li>auxiliar de produ\u00e7\u00e3o, operador multifuncional, t\u00e9cnico de metrologia e qualidade, atendente de farm\u00e1cia, analista administrativo, analista de pesquisa, t\u00e9cnico eletr\u00f4nico, auxiliar t\u00e9cnico instalador, motorista entregador, analista financeiro, almoxarife, analista de marketing, analista jur\u00eddico, analista de RH, supervisor de log\u00edstica, encarregado de estoque, assessor de diretoria, consultor comercial, designer gr\u00e1fico, atendente, consultor de vendas digitais, torneiro mec\u00e2nico, vendedor t\u00e9cnico industrial, auxiliar de expedi\u00e7\u00e3o, auxiliar de farm\u00e1cia de manipula\u00e7\u00e3o, motorista entregador, est\u00e1gio em compras, auxiliar de manuten\u00e7\u00e3o, assistente administrativo, auxiliar de almoxarifado e t\u00e9cnico em eletr\u00f4nica.<\/li>\n<\/ul>\n<h3 class=\"wp-block-heading\"><strong>Cravinhos<\/strong><\/h3>\n<ul class=\"wp-block-list\">\n<li>mec\u00e2nico de manuten\u00e7\u00e3o industrial, analista de exporta\u00e7\u00e3o, auxiliar de expedi\u00e7\u00e3o, auxiliar de produ\u00e7\u00e3o, assistente administrativo, consultor comercial e atendente de telemarketing.<\/li>\n<\/ul>\n<p>SAIBA MAIS<br \/>Lobo-guar\u00e1 \u00e9 flagrado em rua na regi\u00e3o de Ribeir\u00e3o Preto; V\u00eddeo<\/p>\n<h2 class=\"wp-block-heading\"><strong>FIQUE ON<\/strong><\/h2>\n<p>Fique ligado em tudo que acontece em Ribeir\u00e3o Preto e regi\u00e3o. Siga os perfis do\u00a0<strong>acidade on<\/strong>\u00a0no<a href=\"https:\/\/www.instagram.com\/acidadeonribeirao\" target=\"_blank\" rel=\"noreferrer noopener\">\u00a0Instagram<\/a>\u00a0e no\u00a0<a href=\"https:\/\/www.facebook.com\/acidadeonribeirao\/\" target=\"_blank\" rel=\"noreferrer noopener\">Facebook.<\/a><\/p>\n<p>Receba not\u00edcias do\u00a0<strong>acidade on\u00a0<\/strong>no WhatsApp.\u00a0<a href=\"https:\/\/chat.whatsapp.com\/I4nieTEMKlf50pJ28aMemC?mode=ac_t\" target=\"_blank\" rel=\"noreferrer noopener\">Para entrar no grupo, basta clicar aqui.<\/a><\/p>\n<p>Fa\u00e7a uma den\u00fancia ou sugira uma reportagem sobre Ribeir\u00e3o Preto e regi\u00e3o pelo WhatsApp: 16 99117 7802.<\/p>\n<p>VEJA TAMB\u00c9M<br \/>Por que o INSS cancelou 8 institui\u00e7\u00f5es financeiras?<\/p>\n<p><!-- AI CONTENT END 1 -->\n<\/div>\n<\/div>\n<p><script async src=\"\/\/www.instagram.com\/embed.js\"><\/script><br \/>\n<br \/><br \/>\n<br \/><a href=\"https:\/\/www.acidadeon.com\/ribeiraopreto\/economia\/feirao-de-empregos-ribeirao-preto-oferece-mais-de-100-vagas-confira-as-oportunidades\/\">Source link <\/a><\/p>\n<!-- CONTENT END 1 -->\n","protected":false},"excerpt":{"rendered":"<p>O Cal\u00e7ad\u00e3o de Ribeir\u00e3o Preto, no Centro, recebe uma feir\u00e3o de empregos no pr\u00f3ximo s\u00e1bado (9). S\u00e3o mais de 100 oportunidades dispon\u00edveis em \u00e1reas t\u00e9cnicas,&#8230;<\/p>\n","protected":false},"author":1,"featured_media":75359,"comment_status":"open","ping_status":"open","sticky":false,"template":"","format":"standard","meta":{"advanced_seo_description":"","jetpack_seo_html_title":"","jetpack_seo_noindex":false,"jetpack_post_was_ever_published":false,"_jetpack_newsletter_access":"","_jetpack_dont_email_post_to_subs":false,"_jetpack_newsletter_tier_id":0,"_jetpack_memberships_contains_paywalled_content":false,"_jetpack_memberships_contains_paid_content":false,"footnotes":"","jetpack_publicize_message":"","jetpack_publicize_feature_enabled":true,"jetpack_social_post_already_shared":true,"jetpack_social_options":{"image_generator_settings":{"template":"highway","default_image_id":0,"font":"","enabled":false},"version":2}},"categories":[11],"tags":[],"class_list":["post-75358","post","type-post","status-publish","format-standard","has-post-thumbnail","hentry","category-noticias-de-ribeirao-preto-sp-e-regiao-ismael-colosi"],"jetpack_publicize_connections":[],"jetpack_featured_media_url":"https:\/\/i0.wp.com\/noticiasribeiraopreto.com.br\/wp-content\/uploads\/2025\/08\/carteira-de-trabalho.jpg?fit=1170%2C700&ssl=1","jetpack-related-posts":[{"id":11743,"url":"https:\/\/noticiasribeiraopreto.com.br\/index.php\/2023\/12\/06\/rede-de-supermercados-realiza-feirao-do-emprego-em-ribeirao-preto-veja-quando\/","url_meta":{"origin":75358,"position":0},"title":"Rede de supermercados realiza Feir\u00e3o do Emprego em Ribeir\u00e3o Preto; Veja quando","author":"noticiasribeiraopreto.com.br","date":"6 de December de 2023","format":false,"excerpt":"O Sincovarp (Sindicato do Com\u00e9rcio Varejista de Ribeir\u00e3o Preto) e a rede de Supermercados Savegnago, realizam na ter\u00e7a-feira (12), das 10h \u00e0s 14h, um Feir\u00e3o do Emprego, na rua Lafaiate, 394, no Centro. Ser\u00e3o diversas oportunidades de trabalho para as cidades de Ribeir\u00e3o Preto, Sert\u00e3ozinho, Monte Alto, Franca, Barretos e\u2026","rel":"","context":"In &quot;Not\u00edcias de Ribeir\u00e3o Preto-SP e Regi\u00e3o&quot;","block_context":{"text":"Not\u00edcias de Ribeir\u00e3o Preto-SP e Regi\u00e3o","link":"https:\/\/noticiasribeiraopreto.com.br\/index.php\/category\/noticias-de-ribeirao-preto-sp-e-regiao-ismael-colosi\/"},"img":{"alt_text":"","src":"https:\/\/i0.wp.com\/noticiasribeiraopreto.com.br\/wp-content\/uploads\/2023\/12\/Atacado.jpg?fit=1200%2C730&ssl=1&resize=350%2C200","width":350,"height":200,"srcset":"https:\/\/i0.wp.com\/noticiasribeiraopreto.com.br\/wp-content\/uploads\/2023\/12\/Atacado.jpg?fit=1200%2C730&ssl=1&resize=350%2C200 1x, https:\/\/i0.wp.com\/noticiasribeiraopreto.com.br\/wp-content\/uploads\/2023\/12\/Atacado.jpg?fit=1200%2C730&ssl=1&resize=525%2C300 1.5x, https:\/\/i0.wp.com\/noticiasribeiraopreto.com.br\/wp-content\/uploads\/2023\/12\/Atacado.jpg?fit=1200%2C730&ssl=1&resize=700%2C400 2x, https:\/\/i0.wp.com\/noticiasribeiraopreto.com.br\/wp-content\/uploads\/2023\/12\/Atacado.jpg?fit=1200%2C730&ssl=1&resize=1050%2C600 3x"},"classes":[]},{"id":63013,"url":"https:\/\/noticiasribeiraopreto.com.br\/index.php\/2025\/01\/30\/grupo-hospitalar-de-ribeirao-preto-realiza-feirao-de-vagas-de-emprego-para-pcd\/","url_meta":{"origin":75358,"position":1},"title":"Grupo hospitalar de Ribeir\u00e3o Preto realiza feir\u00e3o de vagas de emprego para PCD","author":"noticiasribeiraopreto.com.br","date":"30 de January de 2025","format":false,"excerpt":"Nesta sexta-feira (31), o Grupo S\u00e3o Lucas realiza um feir\u00e3o de emprego voltado para pessoas com defici\u00eancia (PCD), com vagas dispon\u00edveis para diferentes cargos. O evento acontece na sede do grupo, localizada na rua Quintino Bocai\u00fava, n\u00ba 895, das 9h \u00e0s 17h. Vagas dispon\u00edveis Entre as vagas oferecidas, est\u00e3o cargos\u2026","rel":"","context":"In &quot;Not\u00edcias de Ribeir\u00e3o Preto-SP e Regi\u00e3o&quot;","block_context":{"text":"Not\u00edcias de Ribeir\u00e3o Preto-SP e Regi\u00e3o","link":"https:\/\/noticiasribeiraopreto.com.br\/index.php\/category\/noticias-de-ribeirao-preto-sp-e-regiao-ismael-colosi\/"},"img":{"alt_text":"","src":"https:\/\/i0.wp.com\/noticiasribeiraopreto.com.br\/wp-content\/uploads\/2025\/01\/Copia-de-Copia-de-Copia-de-TAMANHO-EXATO-PARA-FOTOS-NO-SISTEMA-NOVO-2025-01-30T205131.710_2025-01-30_23-58-06_png_2025-01-30_23-58-06.webp.webp?fit=1200%2C675&ssl=1&resize=350%2C200","width":350,"height":200,"srcset":"https:\/\/i0.wp.com\/noticiasribeiraopreto.com.br\/wp-content\/uploads\/2025\/01\/Copia-de-Copia-de-Copia-de-TAMANHO-EXATO-PARA-FOTOS-NO-SISTEMA-NOVO-2025-01-30T205131.710_2025-01-30_23-58-06_png_2025-01-30_23-58-06.webp.webp?fit=1200%2C675&ssl=1&resize=350%2C200 1x, https:\/\/i0.wp.com\/noticiasribeiraopreto.com.br\/wp-content\/uploads\/2025\/01\/Copia-de-Copia-de-Copia-de-TAMANHO-EXATO-PARA-FOTOS-NO-SISTEMA-NOVO-2025-01-30T205131.710_2025-01-30_23-58-06_png_2025-01-30_23-58-06.webp.webp?fit=1200%2C675&ssl=1&resize=525%2C300 1.5x, https:\/\/i0.wp.com\/noticiasribeiraopreto.com.br\/wp-content\/uploads\/2025\/01\/Copia-de-Copia-de-Copia-de-TAMANHO-EXATO-PARA-FOTOS-NO-SISTEMA-NOVO-2025-01-30T205131.710_2025-01-30_23-58-06_png_2025-01-30_23-58-06.webp.webp?fit=1200%2C675&ssl=1&resize=700%2C400 2x, https:\/\/i0.wp.com\/noticiasribeiraopreto.com.br\/wp-content\/uploads\/2025\/01\/Copia-de-Copia-de-Copia-de-TAMANHO-EXATO-PARA-FOTOS-NO-SISTEMA-NOVO-2025-01-30T205131.710_2025-01-30_23-58-06_png_2025-01-30_23-58-06.webp.webp?fit=1200%2C675&ssl=1&resize=1050%2C600 3x"},"classes":[]},{"id":80270,"url":"https:\/\/noticiasribeiraopreto.com.br\/index.php\/2025\/11\/18\/construtora-realiza-feirao-de-emprego-com-100-vagas-de-inicio-imediato-em-ribeirao\/","url_meta":{"origin":75358,"position":2},"title":"Construtora realiza feir\u00e3o de emprego com 100 vagas de in\u00edcio imediato em Ribeir\u00e3o","author":"noticiasribeiraopreto.com.br","date":"18 de November de 2025","format":false,"excerpt":"Ribeir\u00e3o Preto recebe nesta sexta-feira (21), um feir\u00e3o de empregos da construtora MRV com aproximadamente 100 oportunidades dispon\u00edveis para atua\u00e7\u00e3o em obras no munic\u00edpio. A iniciativa acontece das 9h \u00e0s 11h30 e das 13h \u00e0s 16h, na obra de um dos empreendimentos da empresa, localizado na avenida Norma Val\u00e9rio Corr\u00eaa,\u2026","rel":"","context":"In &quot;Not\u00edcias de Ribeir\u00e3o Preto-SP e Regi\u00e3o&quot;","block_context":{"text":"Not\u00edcias de Ribeir\u00e3o Preto-SP e Regi\u00e3o","link":"https:\/\/noticiasribeiraopreto.com.br\/index.php\/category\/noticias-de-ribeirao-preto-sp-e-regiao-ismael-colosi\/"},"img":{"alt_text":"","src":"https:\/\/i0.wp.com\/noticiasribeiraopreto.com.br\/wp-content\/uploads\/2025\/11\/AnyConv.com__emprego-mrv_2024-06-28_14-12-13-1024x683.webp.webp?fit=1024%2C683&ssl=1&resize=350%2C200","width":350,"height":200,"srcset":"https:\/\/i0.wp.com\/noticiasribeiraopreto.com.br\/wp-content\/uploads\/2025\/11\/AnyConv.com__emprego-mrv_2024-06-28_14-12-13-1024x683.webp.webp?fit=1024%2C683&ssl=1&resize=350%2C200 1x, https:\/\/i0.wp.com\/noticiasribeiraopreto.com.br\/wp-content\/uploads\/2025\/11\/AnyConv.com__emprego-mrv_2024-06-28_14-12-13-1024x683.webp.webp?fit=1024%2C683&ssl=1&resize=525%2C300 1.5x, https:\/\/i0.wp.com\/noticiasribeiraopreto.com.br\/wp-content\/uploads\/2025\/11\/AnyConv.com__emprego-mrv_2024-06-28_14-12-13-1024x683.webp.webp?fit=1024%2C683&ssl=1&resize=700%2C400 2x"},"classes":[]},{"id":83647,"url":"https:\/\/noticiasribeiraopreto.com.br\/index.php\/2026\/03\/23\/pat-ribeirao-preto-tem-39-vagas-de-emprego-disponiveis-nesta-segunda\/","url_meta":{"origin":75358,"position":3},"title":"PAT Ribeir\u00e3o Preto tem 39 vagas de emprego dispon\u00edveis nesta segunda","author":"noticiasribeiraopreto.com.br","date":"23 de March de 2026","format":false,"excerpt":"O PAT (Posto de Atendimento ao Trabalhador) de Ribeir\u00e3o Preto tem 39 vagas de emprego dispon\u00edveis nesta segunda-feira (23). Entre as oportunidades dispon\u00edveis, est\u00e3o para soldador, t\u00e9cnico de manuten\u00e7\u00e3o eletr\u00f4nica, encanador e vendedor porta a porta. O PAT de Ribeir\u00e3o Preto fica avenida Dr. Francisco Junqueira, 2625, no Jardim Macedo.\u2026","rel":"","context":"In &quot;Not\u00edcias de Ribeir\u00e3o Preto-SP e Regi\u00e3o&quot;","block_context":{"text":"Not\u00edcias de Ribeir\u00e3o Preto-SP e Regi\u00e3o","link":"https:\/\/noticiasribeiraopreto.com.br\/index.php\/category\/noticias-de-ribeirao-preto-sp-e-regiao-ismael-colosi\/"},"img":{"alt_text":"","src":"https:\/\/i0.wp.com\/noticiasribeiraopreto.com.br\/wp-content\/uploads\/2026\/03\/trabalho_mutirao_do_emprego_caterp_pat_pei_-_foto_guilherme_sircili_4-1068x711-1_2026-02-09_18-52-13.webp.webp?fit=1068%2C711&ssl=1&resize=350%2C200","width":350,"height":200,"srcset":"https:\/\/i0.wp.com\/noticiasribeiraopreto.com.br\/wp-content\/uploads\/2026\/03\/trabalho_mutirao_do_emprego_caterp_pat_pei_-_foto_guilherme_sircili_4-1068x711-1_2026-02-09_18-52-13.webp.webp?fit=1068%2C711&ssl=1&resize=350%2C200 1x, https:\/\/i0.wp.com\/noticiasribeiraopreto.com.br\/wp-content\/uploads\/2026\/03\/trabalho_mutirao_do_emprego_caterp_pat_pei_-_foto_guilherme_sircili_4-1068x711-1_2026-02-09_18-52-13.webp.webp?fit=1068%2C711&ssl=1&resize=525%2C300 1.5x, https:\/\/i0.wp.com\/noticiasribeiraopreto.com.br\/wp-content\/uploads\/2026\/03\/trabalho_mutirao_do_emprego_caterp_pat_pei_-_foto_guilherme_sircili_4-1068x711-1_2026-02-09_18-52-13.webp.webp?fit=1068%2C711&ssl=1&resize=700%2C400 2x, https:\/\/i0.wp.com\/noticiasribeiraopreto.com.br\/wp-content\/uploads\/2026\/03\/trabalho_mutirao_do_emprego_caterp_pat_pei_-_foto_guilherme_sircili_4-1068x711-1_2026-02-09_18-52-13.webp.webp?fit=1068%2C711&ssl=1&resize=1050%2C600 3x"},"classes":[]},{"id":83536,"url":"https:\/\/noticiasribeiraopreto.com.br\/index.php\/2026\/03\/20\/ribeirao-preto-recebe-1o-feirao-de-empregos-lgbtqiapn-com-mais-de-100-vagas\/","url_meta":{"origin":75358,"position":4},"title":"Ribeir\u00e3o Preto recebe 1\u00ba Feir\u00e3o de Empregos LGBTQIAPN+ com mais de 100 vagas","author":"noticiasribeiraopreto.com.br","date":"20 de March de 2026","format":false,"excerpt":"Ribeir\u00e3o Preto recebe na pr\u00f3xima sexta-feira (27), o 1\u00ba Feir\u00e3o de Empregos LGBTQIAPN+. A a\u00e7\u00e3o pretende ampliar oportunidades de inser\u00e7\u00e3o no mercado de trabalho para pessoas da comunidade.\u00a0 O evento ser\u00e1 realizado das 9h \u00e0s 17h, na sede do Sincomerci\u00e1rios, localizada na rua Tamandar\u00e9, 163, no bairro Campos El\u00edseos. Os\u2026","rel":"","context":"In &quot;Not\u00edcias de Ribeir\u00e3o Preto-SP e Regi\u00e3o&quot;","block_context":{"text":"Not\u00edcias de Ribeir\u00e3o Preto-SP e Regi\u00e3o","link":"https:\/\/noticiasribeiraopreto.com.br\/index.php\/category\/noticias-de-ribeirao-preto-sp-e-regiao-ismael-colosi\/"},"img":{"alt_text":"","src":"https:\/\/i0.wp.com\/noticiasribeiraopreto.com.br\/wp-content\/uploads\/2026\/03\/pec-fim-escala-6-x-1_2026-02-09_18-34-28.webp.webp?fit=1200%2C717&ssl=1&resize=350%2C200","width":350,"height":200,"srcset":"https:\/\/i0.wp.com\/noticiasribeiraopreto.com.br\/wp-content\/uploads\/2026\/03\/pec-fim-escala-6-x-1_2026-02-09_18-34-28.webp.webp?fit=1200%2C717&ssl=1&resize=350%2C200 1x, https:\/\/i0.wp.com\/noticiasribeiraopreto.com.br\/wp-content\/uploads\/2026\/03\/pec-fim-escala-6-x-1_2026-02-09_18-34-28.webp.webp?fit=1200%2C717&ssl=1&resize=525%2C300 1.5x, https:\/\/i0.wp.com\/noticiasribeiraopreto.com.br\/wp-content\/uploads\/2026\/03\/pec-fim-escala-6-x-1_2026-02-09_18-34-28.webp.webp?fit=1200%2C717&ssl=1&resize=700%2C400 2x, https:\/\/i0.wp.com\/noticiasribeiraopreto.com.br\/wp-content\/uploads\/2026\/03\/pec-fim-escala-6-x-1_2026-02-09_18-34-28.webp.webp?fit=1200%2C717&ssl=1&resize=1050%2C600 3x"},"classes":[]},{"id":65242,"url":"https:\/\/noticiasribeiraopreto.com.br\/index.php\/2025\/03\/17\/ribeirao-preto-tera-feirao-de-emprego-com-mais-de-1-500-vagas-veja-quando\/","url_meta":{"origin":75358,"position":5},"title":"Ribeir\u00e3o Preto ter\u00e1 feir\u00e3o de emprego com mais de 1.500 vagas; veja quando","author":"noticiasribeiraopreto.com.br","date":"17 de March de 2025","format":false,"excerpt":"No pr\u00f3ximo s\u00e1bado (22), Ribeir\u00e3o Preto ter\u00e1 o 1\u00ba feir\u00e3o de empregos deste ano, com mais de 1.500 oportunidades de trabalho para profissionais de diferentes n\u00edveis de escolaridade. O evento, com entrada gratuita e aberto ao p\u00fablico, vai acontecer das 9h \u00e0s 16h, na Cava do Bosque, e contar\u00e1 com\u2026","rel":"","context":"In &quot;Not\u00edcias de Ribeir\u00e3o Preto-SP e Regi\u00e3o&quot;","block_context":{"text":"Not\u00edcias de Ribeir\u00e3o Preto-SP e Regi\u00e3o","link":"https:\/\/noticiasribeiraopreto.com.br\/index.php\/category\/noticias-de-ribeirao-preto-sp-e-regiao-ismael-colosi\/"},"img":{"alt_text":"","src":"https:\/\/i0.wp.com\/noticiasribeiraopreto.com.br\/wp-content\/uploads\/2024\/07\/Copia-de-Copia-de-TAMANHO-EXATO-PARA-FOTOS-NO-SISTEMA-NOVO-14_2024-07-10_11-41-05_jpg_2024-07-10_11-41-06.webp.webp?fit=1200%2C675&ssl=1&resize=350%2C200","width":350,"height":200,"srcset":"https:\/\/i0.wp.com\/noticiasribeiraopreto.com.br\/wp-content\/uploads\/2024\/07\/Copia-de-Copia-de-TAMANHO-EXATO-PARA-FOTOS-NO-SISTEMA-NOVO-14_2024-07-10_11-41-05_jpg_2024-07-10_11-41-06.webp.webp?fit=1200%2C675&ssl=1&resize=350%2C200 1x, https:\/\/i0.wp.com\/noticiasribeiraopreto.com.br\/wp-content\/uploads\/2024\/07\/Copia-de-Copia-de-TAMANHO-EXATO-PARA-FOTOS-NO-SISTEMA-NOVO-14_2024-07-10_11-41-05_jpg_2024-07-10_11-41-06.webp.webp?fit=1200%2C675&ssl=1&resize=525%2C300 1.5x, https:\/\/i0.wp.com\/noticiasribeiraopreto.com.br\/wp-content\/uploads\/2024\/07\/Copia-de-Copia-de-TAMANHO-EXATO-PARA-FOTOS-NO-SISTEMA-NOVO-14_2024-07-10_11-41-05_jpg_2024-07-10_11-41-06.webp.webp?fit=1200%2C675&ssl=1&resize=700%2C400 2x, https:\/\/i0.wp.com\/noticiasribeiraopreto.com.br\/wp-content\/uploads\/2024\/07\/Copia-de-Copia-de-TAMANHO-EXATO-PARA-FOTOS-NO-SISTEMA-NOVO-14_2024-07-10_11-41-05_jpg_2024-07-10_11-41-06.webp.webp?fit=1200%2C675&ssl=1&resize=1050%2C600 3x"},"classes":[]}],"jetpack_sharing_enabled":true,"jetpack_shortlink":"https:\/\/wp.me\/peQAOb-jBs","_links":{"self":[{"href":"https:\/\/noticiasribeiraopreto.com.br\/index.php\/wp-json\/wp\/v2\/posts\/75358","targetHints":{"allow":["GET"]}}],"collection":[{"href":"https:\/\/noticiasribeiraopreto.com.br\/index.php\/wp-json\/wp\/v2\/posts"}],"about":[{"href":"https:\/\/noticiasribeiraopreto.com.br\/index.php\/wp-json\/wp\/v2\/types\/post"}],"author":[{"embeddable":true,"href":"https:\/\/noticiasribeiraopreto.com.br\/index.php\/wp-json\/wp\/v2\/users\/1"}],"replies":[{"embeddable":true,"href":"https:\/\/noticiasribeiraopreto.com.br\/index.php\/wp-json\/wp\/v2\/comments?post=75358"}],"version-history":[{"count":0,"href":"https:\/\/noticiasribeiraopreto.com.br\/index.php\/wp-json\/wp\/v2\/posts\/75358\/revisions"}],"wp:featuredmedia":[{"embeddable":true,"href":"https:\/\/noticiasribeiraopreto.com.br\/index.php\/wp-json\/wp\/v2\/media\/75359"}],"wp:attachment":[{"href":"https:\/\/noticiasribeiraopreto.com.br\/index.php\/wp-json\/wp\/v2\/media?parent=75358"}],"wp:term":[{"taxonomy":"category","embeddable":true,"href":"https:\/\/noticiasribeiraopreto.com.br\/index.php\/wp-json\/wp\/v2\/categories?post=75358"},{"taxonomy":"post_tag","embeddable":true,"href":"https:\/\/noticiasribeiraopreto.com.br\/index.php\/wp-json\/wp\/v2\/tags?post=75358"}],"curies":[{"name":"wp","href":"https:\/\/api.w.org\/{rel}","templated":true}]}}