{"id":75360,"date":"2025-08-07T14:20:22","date_gmt":"2025-08-07T17:20:22","guid":{"rendered":"https:\/\/noticiasribeiraopreto.com.br\/index.php\/2025\/08\/07\/hc-ribeirao-preto-adota-tecnologia-que-reduz-queda-de-cabelo-durante-quimioterapia\/"},"modified":"2025-08-07T14:20:22","modified_gmt":"2025-08-07T17:20:22","slug":"hc-ribeirao-preto-adota-tecnologia-que-reduz-queda-de-cabelo-durante-quimioterapia","status":"publish","type":"post","link":"https:\/\/noticiasribeiraopreto.com.br\/index.php\/2025\/08\/07\/hc-ribeirao-preto-adota-tecnologia-que-reduz-queda-de-cabelo-durante-quimioterapia\/","title":{"rendered":"HC Ribeir\u00e3o Preto adota tecnologia que reduz queda de cabelo durante quimioterapia"},"content":{"rendered":"<div class='code-block code-block-1' style='margin: 8px 0 8px auto; text-align: right; display: block; clear: both;'>\n<p><a href=\"https:\/\/wa.link\/vpicfd\"><img data-recalc-dims=\"1\" class=\"wp-image-4922\" style=\"aspect-ratio: 2.0253164556962027; width: 561px; height: auto;\" src=\"https:\/\/i0.wp.com\/ismaelcolosi.com.br\/wp-content\/uploads\/2023\/11\/grupo-de-empregos-whatsapp-e-facebook-ismael-colosi-vagas.jpg?ssl=1\" alt=\"\" \/><\/a><\/p>\n<!-- \/wp:image -->\n<\/div>\n<p> <br \/>\n<\/p>\n<div data-td-block-uid=\"tdi_95\">\n<div class=\"tdb-block-inner td-fix-index\">\n<p>O <strong>Hospital das Cl\u00ednicas de Ribeir\u00e3o Preto<\/strong> passou a contar com uma nova tecnologia que promete reduzir um dos efeitos colaterais mais impactantes da quimioterapia: a queda de cabelo. Isso \u00e9 poss\u00edvel gra\u00e7as uma m\u00e1quina de <strong><strong>crioterapia capilar<\/strong><\/strong>.<\/p>\n<p>A m\u00e1quina utiliza um t\u00e9cnica de <strong>resfriamento<\/strong> do couro cabeludo com o aux\u00edlio de uma <strong>touca especial<\/strong>. O procedimento \u00e9 realizado antes, durante e ap\u00f3s o tratamento e tem como objetivo <strong>proteger <\/strong>os fios dos efeitos dos medicamentos.<\/p>\n<h2 class=\"wp-block-heading\"><strong>Como acontece?<\/strong><\/h2>\n<p>O resfriamento provoca <strong>vasoconstri\u00e7\u00e3o<\/strong>, uma contra\u00e7\u00e3o dos vasos sangu\u00edneos na regi\u00e3o da cabe\u00e7a. Isso reduz o fluxo de sangue no couro cabeludo e, consequentemente, a quantidade de medicamentos que chega at\u00e9 o couro cabeludo. <\/p>\n<p>A temperatura ideal do equipamento varia entre <strong>5\u00b0C <\/strong>e<strong> 6\u00b0C<\/strong>, sendo controlada eletronicamente. A m\u00e1quina n\u00e3o garante a <strong>aus\u00eancia total<\/strong> de <strong>queda de cabelo<\/strong>, mas pode<strong> reduzir significativamente <\/strong>seus efeitos. <\/p>\n<p>A expectativa com a ado\u00e7\u00e3o da tecnologia \u00e9 proporcionar <strong>mais qualidade de vida aos pacientes<\/strong>, melhorar a <strong>autoestima<\/strong> durante o tratamento e contribuir para uma <strong>maior ades\u00e3o \u00e0 quimioterapia<\/strong>. <\/p>\n<p>SAIBA MAIS<br \/>Ribeir\u00e3o Preto sobe no ranking das cervejas; Confira o top 10<\/p>\n<h3 class=\"wp-block-heading\"><strong>FIQUE ON\u00a0\u00a0\u00a0\u00a0\u00a0\u00a0\u00a0\u00a0\u00a0<\/strong><\/h3>\n<p>Quer ficar por dentro de tudo que acontece em Ribeir\u00e3o Preto e regi\u00e3o? Ent\u00e3o siga os perfis do\u202facidade on\u202fno\u202f<a href=\"https:\/\/www.instagram.com\/acidadeonribeirao\" target=\"_blank\" rel=\"noreferrer noopener\">Instagram<\/a>\u202fe no\u202f<a href=\"https:\/\/www.facebook.com\/acidadeonribeirao\/\" target=\"_blank\" rel=\"noreferrer noopener\">Facebook<\/a>.<\/p>\n<p>Al\u00e9m disso, voc\u00ea pode receber as principais not\u00edcias diretamente no WhatsApp. Para isso, basta\u00a0<a href=\"https:\/\/chat.whatsapp.com\/BjKQZ9oJwlz8VVT50NuePq\" target=\"_blank\" rel=\"noreferrer noopener\">entrar no grupo clicando aqui<\/a>.<\/p>\n<p>Por fim, se quiser fazer uma den\u00fancia ou sugerir uma reportagem sobre Ribeir\u00e3o Preto e regi\u00e3o, envie uma mensagem pelo WhatsApp: (16) 99117-7802.<\/p>\n<p>VEJA TAMB\u00c9M\u00a0\u00a0\u00a0\u00a0\u00a0\u00a0\u00a0\u00a0\u00a0\u00a0\u00a0\u00a0\u00a0\u00a0\u00a0\u00a0\u00a0\u00a0\u00a0\u00a0\u00a0\u00a0\u00a0\u00a0\u00a0\u00a0\u00a0\u00a0\u00a0\u00a0\u00a0\u00a0\u00a0\u00a0\u00a0\u00a0\u00a0\u00a0\u00a0\u00a0\u00a0\u00a0\u00a0\u00a0\u00a0\u00a0\u00a0\u00a0\u00a0\u00a0\u00a0\u00a0\u00a0\u00a0\u00a0\u00a0\u00a0\u00a0\u00a0\u00a0\u00a0\u00a0\u00a0\u00a0\u00a0\u00a0\u00a0\u00a0\u00a0\u00a0\u00a0\u00a0\u00a0\u00a0\u00a0\u00a0\u00a0\u00a0\u00a0\u00a0\u00a0\u00a0\u00a0\u00a0\u00a0\u00a0\u00a0\u00a0\u00a0\u00a0\u00a0\u00a0\u00a0\u00a0\u00a0\u00a0\u00a0\u00a0\u00a0\u00a0\u00a0\u00a0\u00a0\u00a0\u00a0\u00a0\u00a0\u00a0\u00a0\u00a0\u00a0\u00a0<br \/>Reabertura: veja como ficou o Museu Nacional<\/p>\n<p><!-- AI CONTENT END 1 -->\n<\/div>\n<\/div>\n<p><script async src=\"\/\/www.instagram.com\/embed.js\"><\/script><br \/>\n<br \/><br \/>\n<br \/><a href=\"https:\/\/www.acidadeon.com\/ribeiraopreto\/cotidiano\/hc-ribeirao-preto-adota-tecnologia-que-reduz-queda-de-cabelo-durante-quimioterapia\/\">Source link <\/a><\/p>\n<!-- CONTENT END 1 -->\n","protected":false},"excerpt":{"rendered":"<p>O Hospital das Cl\u00ednicas de Ribeir\u00e3o Preto passou a contar com uma nova tecnologia que promete reduzir um dos efeitos colaterais mais impactantes da quimioterapia:&#8230;<\/p>\n","protected":false},"author":1,"featured_media":75361,"comment_status":"open","ping_status":"open","sticky":false,"template":"","format":"standard","meta":{"advanced_seo_description":"","jetpack_seo_html_title":"","jetpack_seo_noindex":false,"jetpack_post_was_ever_published":false,"_jetpack_newsletter_access":"","_jetpack_dont_email_post_to_subs":false,"_jetpack_newsletter_tier_id":0,"_jetpack_memberships_contains_paywalled_content":false,"_jetpack_memberships_contains_paid_content":false,"footnotes":"","jetpack_publicize_message":"","jetpack_publicize_feature_enabled":true,"jetpack_social_post_already_shared":true,"jetpack_social_options":{"image_generator_settings":{"template":"highway","default_image_id":0,"font":"","enabled":false},"version":2}},"categories":[11],"tags":[],"class_list":["post-75360","post","type-post","status-publish","format-standard","has-post-thumbnail","hentry","category-noticias-de-ribeirao-preto-sp-e-regiao-ismael-colosi"],"jetpack_publicize_connections":[],"jetpack_featured_media_url":"https:\/\/i0.wp.com\/noticiasribeiraopreto.com.br\/wp-content\/uploads\/2025\/08\/WhatsApp-Image-2025-08-07-at-12.09.50_2025-08-07_15-10-53.webp.webp?fit=1200%2C747&ssl=1","jetpack-related-posts":[{"id":9562,"url":"https:\/\/noticiasribeiraopreto.com.br\/index.php\/2023\/12\/02\/4-sinais-que-se-manifestam-no-couro-cabeludo\/","url_meta":{"origin":75360,"position":0},"title":"4 sinais que se manifestam no couro cabeludo","author":"noticiasribeiraopreto.com.br","date":"2 de December de 2023","format":false,"excerpt":"Cr\u00e9ditos: Getty ImagesMenos comum, c\u00e2ncer de pele no couro cabeludo se caracteriza por dif\u00edcil detec\u00e7\u00e3o da doen\u00e7a \u2013 iStock\/Getty Images Com mais de 175 mil novos casos por ano, o c\u00e2ncer de pele \u00e9 o de maior incid\u00eancia no Brasil, segundo o Instituto Nacional do C\u00e2ncer (INCA). Dados atuais indicam\u2026","rel":"","context":"In &quot;Variedades&quot;","block_context":{"text":"Variedades","link":"https:\/\/noticiasribeiraopreto.com.br\/index.php\/category\/variedades\/"},"img":{"alt_text":"","src":"https:\/\/i0.wp.com\/noticiasribeiraopreto.com.br\/wp-content\/uploads\/2023\/12\/istock-1488632619.jpg?fit=1200%2C638&ssl=1&resize=350%2C200","width":350,"height":200,"srcset":"https:\/\/i0.wp.com\/noticiasribeiraopreto.com.br\/wp-content\/uploads\/2023\/12\/istock-1488632619.jpg?fit=1200%2C638&ssl=1&resize=350%2C200 1x, https:\/\/i0.wp.com\/noticiasribeiraopreto.com.br\/wp-content\/uploads\/2023\/12\/istock-1488632619.jpg?fit=1200%2C638&ssl=1&resize=525%2C300 1.5x, https:\/\/i0.wp.com\/noticiasribeiraopreto.com.br\/wp-content\/uploads\/2023\/12\/istock-1488632619.jpg?fit=1200%2C638&ssl=1&resize=700%2C400 2x, https:\/\/i0.wp.com\/noticiasribeiraopreto.com.br\/wp-content\/uploads\/2023\/12\/istock-1488632619.jpg?fit=1200%2C638&ssl=1&resize=1050%2C600 3x"},"classes":[]},{"id":71953,"url":"https:\/\/noticiasribeiraopreto.com.br\/index.php\/2025\/06\/11\/jornal-da-franca-conheca-os-motivos-que-podem-levar-alguem-a-ficar-careca-e-como-tratar\/","url_meta":{"origin":75360,"position":1},"title":"Jornal da Franca &#8211; Conhe\u00e7a os motivos que podem levar algu\u00e9m a ficar careca e como tratar","author":"noticiasribeiraopreto.com.br","date":"11 de June de 2025","format":false,"excerpt":"Tratamento varia conforme a causa, indo desde medicamentos t\u00f3picos, como minoxidil, at\u00e9 procedimentos cir\u00fargicos, como transplante capilar A calv\u00edcie n\u00e3o escolhe idade, nem g\u00eanero. Homens e mulheres se deparam com essa realidade em diferentes momentos da vida, enfrentando um fen\u00f4meno que vai muito al\u00e9m da gen\u00e9tica. Por tr\u00e1s da perda\u2026","rel":"","context":"In &quot;Not\u00edcias de Franca-SP&quot;","block_context":{"text":"Not\u00edcias de Franca-SP","link":"https:\/\/noticiasribeiraopreto.com.br\/index.php\/category\/noticias-de-ribeirao-preto-sp-e-regiao-ismael-colosi\/noticias-franca-sp\/"},"img":{"alt_text":"","src":"https:\/\/i0.wp.com\/noticiasribeiraopreto.com.br\/wp-content\/uploads\/2025\/06\/2149152796.jpg?fit=1000%2C667&ssl=1&resize=350%2C200","width":350,"height":200,"srcset":"https:\/\/i0.wp.com\/noticiasribeiraopreto.com.br\/wp-content\/uploads\/2025\/06\/2149152796.jpg?fit=1000%2C667&ssl=1&resize=350%2C200 1x, https:\/\/i0.wp.com\/noticiasribeiraopreto.com.br\/wp-content\/uploads\/2025\/06\/2149152796.jpg?fit=1000%2C667&ssl=1&resize=525%2C300 1.5x, https:\/\/i0.wp.com\/noticiasribeiraopreto.com.br\/wp-content\/uploads\/2025\/06\/2149152796.jpg?fit=1000%2C667&ssl=1&resize=700%2C400 2x"},"classes":[]},{"id":73007,"url":"https:\/\/noticiasribeiraopreto.com.br\/index.php\/2025\/06\/23\/jornal-da-franca-lavar-o-cabelo-no-inverno-e-um-problema-para-voce-aprenda-a-higienizar-sem-agua\/","url_meta":{"origin":75360,"position":2},"title":"Jornal da Franca &#8211; Lavar o cabelo no inverno \u00e9 um problema para voc\u00ea? Aprenda a higienizar sem \u00e1gua!","author":"noticiasribeiraopreto.com.br","date":"23 de June de 2025","format":false,"excerpt":"compartilhar no whatsapp compartilhar no telegram compartilhar no facebook compartilhar no linkedin Lavar o cabelo no frio pode ser um desafio, mas com alguns truques \u00e9 poss\u00edvel manter os fios limpos e macios todos os dias Lavar o cabelo no inverno \u00e9 um desafio para muita gente \u2013 foto Shutterstock\u2026","rel":"","context":"In &quot;Not\u00edcias de Franca-SP&quot;","block_context":{"text":"Not\u00edcias de Franca-SP","link":"https:\/\/noticiasribeiraopreto.com.br\/index.php\/category\/noticias-de-ribeirao-preto-sp-e-regiao-ismael-colosi\/noticias-franca-sp\/"},"img":{"alt_text":"","src":"https:\/\/i0.wp.com\/noticiasribeiraopreto.com.br\/wp-content\/uploads\/2025\/06\/shampoo-seco-shutterstock.jpg?fit=1200%2C675&ssl=1&resize=350%2C200","width":350,"height":200,"srcset":"https:\/\/i0.wp.com\/noticiasribeiraopreto.com.br\/wp-content\/uploads\/2025\/06\/shampoo-seco-shutterstock.jpg?fit=1200%2C675&ssl=1&resize=350%2C200 1x, https:\/\/i0.wp.com\/noticiasribeiraopreto.com.br\/wp-content\/uploads\/2025\/06\/shampoo-seco-shutterstock.jpg?fit=1200%2C675&ssl=1&resize=525%2C300 1.5x, https:\/\/i0.wp.com\/noticiasribeiraopreto.com.br\/wp-content\/uploads\/2025\/06\/shampoo-seco-shutterstock.jpg?fit=1200%2C675&ssl=1&resize=700%2C400 2x, https:\/\/i0.wp.com\/noticiasribeiraopreto.com.br\/wp-content\/uploads\/2025\/06\/shampoo-seco-shutterstock.jpg?fit=1200%2C675&ssl=1&resize=1050%2C600 3x"},"classes":[]},{"id":79811,"url":"https:\/\/noticiasribeiraopreto.com.br\/index.php\/2025\/11\/07\/beber-cerveja-e-refrigerante-pode-causar-queda-de-cabelo-pesquisadores-apontam-relacao\/","url_meta":{"origin":75360,"position":3},"title":"Beber cerveja e refrigerante pode causar queda de cabelo? Pesquisadores apontam rela\u00e7\u00e3o","author":"noticiasribeiraopreto.com.br","date":"7 de November de 2025","format":false,"excerpt":"A queda de cabelo \u00e9 uma condi\u00e7\u00e3o que afeta milh\u00f5es de pessoas e pode ter v\u00e1rias origens. Fatores gen\u00e9ticos, altera\u00e7\u00f5es hormonais, defici\u00eancias nutricionais, uso de produtos qu\u00edmicos e estresse est\u00e3o entre as causas mais conhecidas. Agora, uma nova pesquisa da Universidade do Porto, em Portugal, analisou se o consumo de\u2026","rel":"","context":"In &quot;Not\u00edcias de Ribeir\u00e3o Preto-SP e Regi\u00e3o&quot;","block_context":{"text":"Not\u00edcias de Ribeir\u00e3o Preto-SP e Regi\u00e3o","link":"https:\/\/noticiasribeiraopreto.com.br\/index.php\/category\/noticias-de-ribeirao-preto-sp-e-regiao-ismael-colosi\/"},"img":{"alt_text":"","src":"https:\/\/i0.wp.com\/noticiasribeiraopreto.com.br\/wp-content\/uploads\/2025\/11\/palace-25_2025-11-07_22-48-25.webp.webp?fit=1200%2C675&ssl=1&resize=350%2C200","width":350,"height":200,"srcset":"https:\/\/i0.wp.com\/noticiasribeiraopreto.com.br\/wp-content\/uploads\/2025\/11\/palace-25_2025-11-07_22-48-25.webp.webp?fit=1200%2C675&ssl=1&resize=350%2C200 1x, https:\/\/i0.wp.com\/noticiasribeiraopreto.com.br\/wp-content\/uploads\/2025\/11\/palace-25_2025-11-07_22-48-25.webp.webp?fit=1200%2C675&ssl=1&resize=525%2C300 1.5x, https:\/\/i0.wp.com\/noticiasribeiraopreto.com.br\/wp-content\/uploads\/2025\/11\/palace-25_2025-11-07_22-48-25.webp.webp?fit=1200%2C675&ssl=1&resize=700%2C400 2x, https:\/\/i0.wp.com\/noticiasribeiraopreto.com.br\/wp-content\/uploads\/2025\/11\/palace-25_2025-11-07_22-48-25.webp.webp?fit=1200%2C675&ssl=1&resize=1050%2C600 3x"},"classes":[]},{"id":66104,"url":"https:\/\/noticiasribeiraopreto.com.br\/index.php\/2025\/03\/27\/jornal-da-franca-alopecia-genetica-entenda-a-condicao-e-por-que-afeta-homens-e-mulheres\/","url_meta":{"origin":75360,"position":4},"title":"Jornal da Franca &#8211; Alop\u00e9cia gen\u00e9tica: entenda a condi\u00e7\u00e3o e por que afeta homens e mulheres","author":"noticiasribeiraopreto.com.br","date":"27 de March de 2025","format":false,"excerpt":"compartilhar no whatsapp compartilhar no telegram compartilhar no facebook compartilhar no linkedin O tratamento envolve o uso de medicamentos que ajudam a retardar a progress\u00e3o da doen\u00e7a e estimular o crescimento capilar Tanto homens quanto mulheres podem sofrer de alopecia gen\u00e9tica \u2013 foto Arquivo \u00a0 Um tipo de calv\u00edcie, a\u2026","rel":"","context":"In &quot;Not\u00edcias de Franca-SP&quot;","block_context":{"text":"Not\u00edcias de Franca-SP","link":"https:\/\/noticiasribeiraopreto.com.br\/index.php\/category\/noticias-de-ribeirao-preto-sp-e-regiao-ismael-colosi\/noticias-franca-sp\/"},"img":{"alt_text":"","src":"https:\/\/i0.wp.com\/noticiasribeiraopreto.com.br\/wp-content\/uploads\/2025\/03\/alopecia-mulher-freepik-scaled.jpg?fit=1200%2C800&ssl=1&resize=350%2C200","width":350,"height":200,"srcset":"https:\/\/i0.wp.com\/noticiasribeiraopreto.com.br\/wp-content\/uploads\/2025\/03\/alopecia-mulher-freepik-scaled.jpg?fit=1200%2C800&ssl=1&resize=350%2C200 1x, https:\/\/i0.wp.com\/noticiasribeiraopreto.com.br\/wp-content\/uploads\/2025\/03\/alopecia-mulher-freepik-scaled.jpg?fit=1200%2C800&ssl=1&resize=525%2C300 1.5x, https:\/\/i0.wp.com\/noticiasribeiraopreto.com.br\/wp-content\/uploads\/2025\/03\/alopecia-mulher-freepik-scaled.jpg?fit=1200%2C800&ssl=1&resize=700%2C400 2x, https:\/\/i0.wp.com\/noticiasribeiraopreto.com.br\/wp-content\/uploads\/2025\/03\/alopecia-mulher-freepik-scaled.jpg?fit=1200%2C800&ssl=1&resize=1050%2C600 3x"},"classes":[]},{"id":15377,"url":"https:\/\/noticiasribeiraopreto.com.br\/index.php\/2023\/12\/13\/mae-desabafa-apos-filha-adolescente-sofrer-escalpelo-durante-corrida-de-kart-preciso-ajudar-minha-filha\/","url_meta":{"origin":75360,"position":5},"title":"M\u00e3e desabafa ap\u00f3s filha adolescente sofrer escalpelo durante corrida de kart: &#8216;preciso ajudar minha filha&#8217;","author":"noticiasribeiraopreto.com.br","date":"13 de December de 2023","format":false,"excerpt":"No \u00faltimo domingo, uma adolescente de 17 anos foi parar na emerg\u00eancia ap\u00f3s ter 80% do couro cabeludo escalpelado. A menina corria de kart, quando teve o cabelo puxado pelo motor e perdeu o couro cabeludo.O caso foi comentado pela fam\u00edlia, que agora luta pela recupera\u00e7\u00e3o da menina. Heloisa segue\u2026","rel":"","context":"In &quot;Blog&quot;","block_context":{"text":"Blog","link":"https:\/\/noticiasribeiraopreto.com.br\/index.php\/category\/blog\/"},"img":{"alt_text":"","src":"https:\/\/i0.wp.com\/noticiasribeiraopreto.com.br\/wp-content\/uploads\/2023\/12\/postimg-6579fde676f056172.jpg?fit=1200%2C628&ssl=1&resize=350%2C200","width":350,"height":200,"srcset":"https:\/\/i0.wp.com\/noticiasribeiraopreto.com.br\/wp-content\/uploads\/2023\/12\/postimg-6579fde676f056172.jpg?fit=1200%2C628&ssl=1&resize=350%2C200 1x, https:\/\/i0.wp.com\/noticiasribeiraopreto.com.br\/wp-content\/uploads\/2023\/12\/postimg-6579fde676f056172.jpg?fit=1200%2C628&ssl=1&resize=525%2C300 1.5x, https:\/\/i0.wp.com\/noticiasribeiraopreto.com.br\/wp-content\/uploads\/2023\/12\/postimg-6579fde676f056172.jpg?fit=1200%2C628&ssl=1&resize=700%2C400 2x, https:\/\/i0.wp.com\/noticiasribeiraopreto.com.br\/wp-content\/uploads\/2023\/12\/postimg-6579fde676f056172.jpg?fit=1200%2C628&ssl=1&resize=1050%2C600 3x"},"classes":[]}],"jetpack_sharing_enabled":true,"jetpack_shortlink":"https:\/\/wp.me\/peQAOb-jBu","_links":{"self":[{"href":"https:\/\/noticiasribeiraopreto.com.br\/index.php\/wp-json\/wp\/v2\/posts\/75360","targetHints":{"allow":["GET"]}}],"collection":[{"href":"https:\/\/noticiasribeiraopreto.com.br\/index.php\/wp-json\/wp\/v2\/posts"}],"about":[{"href":"https:\/\/noticiasribeiraopreto.com.br\/index.php\/wp-json\/wp\/v2\/types\/post"}],"author":[{"embeddable":true,"href":"https:\/\/noticiasribeiraopreto.com.br\/index.php\/wp-json\/wp\/v2\/users\/1"}],"replies":[{"embeddable":true,"href":"https:\/\/noticiasribeiraopreto.com.br\/index.php\/wp-json\/wp\/v2\/comments?post=75360"}],"version-history":[{"count":0,"href":"https:\/\/noticiasribeiraopreto.com.br\/index.php\/wp-json\/wp\/v2\/posts\/75360\/revisions"}],"wp:featuredmedia":[{"embeddable":true,"href":"https:\/\/noticiasribeiraopreto.com.br\/index.php\/wp-json\/wp\/v2\/media\/75361"}],"wp:attachment":[{"href":"https:\/\/noticiasribeiraopreto.com.br\/index.php\/wp-json\/wp\/v2\/media?parent=75360"}],"wp:term":[{"taxonomy":"category","embeddable":true,"href":"https:\/\/noticiasribeiraopreto.com.br\/index.php\/wp-json\/wp\/v2\/categories?post=75360"},{"taxonomy":"post_tag","embeddable":true,"href":"https:\/\/noticiasribeiraopreto.com.br\/index.php\/wp-json\/wp\/v2\/tags?post=75360"}],"curies":[{"name":"wp","href":"https:\/\/api.w.org\/{rel}","templated":true}]}}