{"id":75362,"date":"2025-08-07T14:27:16","date_gmt":"2025-08-07T17:27:16","guid":{"rendered":"https:\/\/noticiasribeiraopreto.com.br\/index.php\/2025\/08\/07\/nova-onda-de-frio-se-aproxima-com-previsao-de-geada-veja-quando-chega\/"},"modified":"2025-08-07T14:27:16","modified_gmt":"2025-08-07T17:27:16","slug":"nova-onda-de-frio-se-aproxima-com-previsao-de-geada-veja-quando-chega","status":"publish","type":"post","link":"https:\/\/noticiasribeiraopreto.com.br\/index.php\/2025\/08\/07\/nova-onda-de-frio-se-aproxima-com-previsao-de-geada-veja-quando-chega\/","title":{"rendered":"Nova onda de frio se aproxima com previs\u00e3o de geada; veja quando chega"},"content":{"rendered":"<div class='code-block code-block-1' style='margin: 8px 0 8px auto; text-align: right; display: block; clear: both;'>\n<p><a href=\"https:\/\/wa.link\/vpicfd\"><img data-recalc-dims=\"1\" class=\"wp-image-4922\" style=\"aspect-ratio: 2.0253164556962027; width: 561px; height: auto;\" src=\"https:\/\/i0.wp.com\/ismaelcolosi.com.br\/wp-content\/uploads\/2023\/11\/grupo-de-empregos-whatsapp-e-facebook-ismael-colosi-vagas.jpg?ssl=1\" alt=\"\" \/><\/a><\/p>\n<!-- \/wp:image -->\n<\/div>\n<p> <br \/>\n<\/p>\n<div data-td-block-uid=\"tdi_95\">\n<div class=\"tdb-block-inner td-fix-index\">\n<p><strong>A 5\u00aa onda de frio dever\u00e1 atingir parte do pa\u00eds a partir de sexta-feira (8) at\u00e9 a pr\u00f3xima quarta-feira (13).<\/strong> Existe a previs\u00e3o de<strong> geada <\/strong>em algumas regi\u00f5es do <strong>interior de S\u00e3o Paulo<\/strong>.<\/p>\n<p>Segundo a Climatempo, <mark style=\"background-color:#fcb900\" class=\"has-inline-color has-black-color\">oito estados, incluindo todo o territ\u00f3rio paulista, tem previs\u00e3o de temperaturas 5\u202f\u00b0C ou mais abaixo da m\u00e9dia.<\/mark><\/p>\n<p>Ainda de acordo com a meteorologia, o frio intenso sobre o pa\u00eds ser\u00e1 causado pela entrada de uma massa de ar polar que vem da Argentina.<\/p>\n<figure class=\"wp-block-pullquote\">\n<blockquote>\n<p>Desta vez teremos mais dias consecutivos com m\u00ednimas e m\u00e1ximas baixas \u2013 e muitas regi\u00f5es ir\u00e3o sentir frio por mais tempo. Grande parte do Sul, com exce\u00e7\u00e3o do extremo sul e regi\u00e3o do litoral do Rio Grande do Sul, S\u00e3o Paulo, sul e Tri\u00e2ngulo de Minas, sul do Rio de Janeiro, todo o estado de Mato Grosso do Sul, sul de Mato Grosso e extremo sul de Goi\u00e1s, entram no limiar de onda de frio (regi\u00f5es em azul-escuro no mapa), <\/p>\n<p><cite><strong>explicou a meteorologista Stefanie Tozzo.<\/strong><\/cite><\/p><\/blockquote>\n<\/figure>\n<p>J\u00e1 as regi\u00f5es em azul-claro (veja mapa abaixo) est\u00e3o fora da classifica\u00e7\u00e3o como onda de frio, contudo, tamb\u00e9m dever\u00e3o registrar queda de temperatura \u2013 entre 3\u202f\u00b0C e 5\u202f\u00b0C abaixo da m\u00e9dia.<\/p>\n<h2 class=\"wp-block-heading\"><strong>Geada<\/strong><\/h2>\n<p>A Climatempo alerta para o risco de geada em cidades do interior de S\u00e3o Paulo, principalmente nas regi\u00f5es de Piracicaba, Tatu\u00ed, Rio Claro, Serra Negra, Botucatu e Boituva, al\u00e9m do oeste e sudoeste paulista, incluindo Rancharia e \u00e1reas do Vale do Para\u00edba e na Serra da Mantiqueira.<\/p>\n<p>Nos estados de Santa Catariana e Rio Grande do Sul est\u00e1 prevista a chuva congelada, na madrugada e manh\u00e3 de s\u00e1bado (9).<\/p>\n<figure class=\"wp-block-image\"><img data-recalc-dims=\"1\" fetchpriority=\"high\" decoding=\"async\" width=\"1200\" height=\"853\" src=\"https:\/\/i0.wp.com\/cdn.media-acidadeon.com.br\/ribeiraopreto\/wp-content\/uploads\/sites\/3\/2025\/08\/1_2025-08-07_15-26-23.webp?resize=1200%2C853&#038;ssl=1\" alt=\"onda de frio\" class=\"wp-image-125029\" srcset=\"https:\/\/cdn.media-acidadeon.com.br\/ribeiraopreto\/wp-content\/uploads\/sites\/3\/2025\/08\/1_2025-08-07_15-26-23.webp 1200w, https:\/\/cdn.media-acidadeon.com.br\/ribeiraopreto\/wp-content\/uploads\/sites\/3\/2025\/08\/1_2025-08-07_15-26-23-300x213.webp 300w, https:\/\/cdn.media-acidadeon.com.br\/ribeiraopreto\/wp-content\/uploads\/sites\/3\/2025\/08\/1_2025-08-07_15-26-23-1024x728.webp 1024w, https:\/\/cdn.media-acidadeon.com.br\/ribeiraopreto\/wp-content\/uploads\/sites\/3\/2025\/08\/1_2025-08-07_15-26-23-768x546.webp 768w, https:\/\/cdn.media-acidadeon.com.br\/ribeiraopreto\/wp-content\/uploads\/sites\/3\/2025\/08\/1_2025-08-07_15-26-23-696x495.webp 696w, https:\/\/cdn.media-acidadeon.com.br\/ribeiraopreto\/wp-content\/uploads\/sites\/3\/2025\/08\/1_2025-08-07_15-26-23-1068x759.webp 1068w\" sizes=\"(max-width: 1200px) 100vw, 1200px\"\/><figcaption class=\"wp-element-caption\">Reprodu\u00e7\u00e3o \/ Climatempo<\/figcaption><\/figure>\n<p>SAIBA MAIS<\/p>\n<p>Inmet publica alerta para o interior de SP; Veja os locais afetados<\/p>\n<h3 class=\"wp-block-heading\"><strong>FIQUE ON<\/strong><\/h3>\n<p>Fique ligado em tudo que acontece em Ribeir\u00e3o Preto e regi\u00e3o. Siga os perfis do\u00a0<strong>acidade on<\/strong>\u00a0no<a href=\"https:\/\/www.instagram.com\/acidadeonribeirao\" target=\"_blank\" rel=\"noreferrer noopener\">\u00a0Instagram<\/a>\u00a0e no\u00a0<a href=\"https:\/\/www.facebook.com\/acidadeonribeirao\/\" target=\"_blank\" rel=\"noreferrer noopener\">Facebook.<\/a><\/p>\n<p>Receba not\u00edcias do\u00a0<strong>acidade on\u00a0<\/strong>no WhatsApp.\u00a0<a href=\"https:\/\/chat.whatsapp.com\/I4nieTEMKlf50pJ28aMemC?mode=ac_t\" target=\"_blank\" rel=\"noreferrer noopener\">Para entrar no grupo, basta clicar aqui.<\/a><\/p>\n<p>Fa\u00e7a uma den\u00fancia ou sugira uma reportagem sobre Ribeir\u00e3o Preto e regi\u00e3o pelo WhatsApp: 16 99117 7802.<\/p>\n<p>VEJA TAMB\u00c9M<\/p>\n<p>Por que o INSS cancelou 8 institui\u00e7\u00f5es financeiras?<\/p>\n<p><!-- AI CONTENT END 1 -->\n<\/div>\n<\/div>\n<p><script async src=\"\/\/www.instagram.com\/embed.js\"><\/script><br \/>\n<br \/><br \/>\n<br \/><a href=\"https:\/\/www.acidadeon.com\/ribeiraopreto\/cotidiano\/nova-onda-de-frio-se-aproxima-com-previsao-de-geada-veja-quando-chega\/\">Source link <\/a><\/p>\n<!-- CONTENT END 1 -->\n","protected":false},"excerpt":{"rendered":"<p>A 5\u00aa onda de frio dever\u00e1 atingir parte do pa\u00eds a partir de sexta-feira (8) at\u00e9 a pr\u00f3xima quarta-feira (13). Existe a previs\u00e3o de geada&#8230;<\/p>\n","protected":false},"author":1,"featured_media":72375,"comment_status":"open","ping_status":"open","sticky":false,"template":"","format":"standard","meta":{"advanced_seo_description":"","jetpack_seo_html_title":"","jetpack_seo_noindex":false,"jetpack_post_was_ever_published":false,"_jetpack_newsletter_access":"","_jetpack_dont_email_post_to_subs":false,"_jetpack_newsletter_tier_id":0,"_jetpack_memberships_contains_paywalled_content":false,"_jetpack_memberships_contains_paid_content":false,"footnotes":"","jetpack_publicize_message":"","jetpack_publicize_feature_enabled":true,"jetpack_social_post_already_shared":true,"jetpack_social_options":{"image_generator_settings":{"template":"highway","default_image_id":0,"font":"","enabled":false},"version":2}},"categories":[11],"tags":[],"class_list":["post-75362","post","type-post","status-publish","format-standard","has-post-thumbnail","hentry","category-noticias-de-ribeirao-preto-sp-e-regiao-ismael-colosi"],"jetpack_publicize_connections":[],"jetpack_featured_media_url":"https:\/\/i0.wp.com\/noticiasribeiraopreto.com.br\/wp-content\/uploads\/2025\/06\/AnyConv.com__frio.webp.webp?fit=1500%2C1000&ssl=1","jetpack-related-posts":[{"id":73324,"url":"https:\/\/noticiasribeiraopreto.com.br\/index.php\/2025\/06\/29\/com-chegada-de-massa-polar-inmet-emite-alerta-de-onda-de-frio\/","url_meta":{"origin":75362,"position":0},"title":"Com chegada de massa polar, Inmet emite alerta de onda de frio","author":"noticiasribeiraopreto.com.br","date":"29 de June de 2025","format":false,"excerpt":"O Instituto Nacional de Meteorologia (Inmet) divulgou dois alertas de n\u00edvel laranja neste domingo (29). O primeiro se refere aos ventos costeiros no litoral do Sul do pa\u00eds. O segundo alerta indica uma onda de frio com decl\u00ednio de temperatura em sete estados, incluindo S\u00e3o Paulo. O alerta de onda\u2026","rel":"","context":"In &quot;Not\u00edcias de Ribeir\u00e3o Preto-SP e Regi\u00e3o&quot;","block_context":{"text":"Not\u00edcias de Ribeir\u00e3o Preto-SP e Regi\u00e3o","link":"https:\/\/noticiasribeiraopreto.com.br\/index.php\/category\/noticias-de-ribeirao-preto-sp-e-regiao-ismael-colosi\/"},"img":{"alt_text":"","src":"https:\/\/i0.wp.com\/noticiasribeiraopreto.com.br\/wp-content\/uploads\/2025\/06\/Copia-de-Copia-de-Copia-de-TAMANHO-EXATO-PARA-FOTOS-NO-SISTEMA-NOVO-2025-06-29T174710.014_2025-06-29_20-47-45.webp.webp?fit=1200%2C675&ssl=1&resize=350%2C200","width":350,"height":200,"srcset":"https:\/\/i0.wp.com\/noticiasribeiraopreto.com.br\/wp-content\/uploads\/2025\/06\/Copia-de-Copia-de-Copia-de-TAMANHO-EXATO-PARA-FOTOS-NO-SISTEMA-NOVO-2025-06-29T174710.014_2025-06-29_20-47-45.webp.webp?fit=1200%2C675&ssl=1&resize=350%2C200 1x, https:\/\/i0.wp.com\/noticiasribeiraopreto.com.br\/wp-content\/uploads\/2025\/06\/Copia-de-Copia-de-Copia-de-TAMANHO-EXATO-PARA-FOTOS-NO-SISTEMA-NOVO-2025-06-29T174710.014_2025-06-29_20-47-45.webp.webp?fit=1200%2C675&ssl=1&resize=525%2C300 1.5x, https:\/\/i0.wp.com\/noticiasribeiraopreto.com.br\/wp-content\/uploads\/2025\/06\/Copia-de-Copia-de-Copia-de-TAMANHO-EXATO-PARA-FOTOS-NO-SISTEMA-NOVO-2025-06-29T174710.014_2025-06-29_20-47-45.webp.webp?fit=1200%2C675&ssl=1&resize=700%2C400 2x, https:\/\/i0.wp.com\/noticiasribeiraopreto.com.br\/wp-content\/uploads\/2025\/06\/Copia-de-Copia-de-Copia-de-TAMANHO-EXATO-PARA-FOTOS-NO-SISTEMA-NOVO-2025-06-29T174710.014_2025-06-29_20-47-45.webp.webp?fit=1200%2C675&ssl=1&resize=1050%2C600 3x"},"classes":[]},{"id":77395,"url":"https:\/\/noticiasribeiraopreto.com.br\/index.php\/2025\/09\/17\/onda-de-calor-atinge-sp-mas-frente-fria-tem-data-para-chegar-saiba-quando\/","url_meta":{"origin":75362,"position":1},"title":"Onda de calor atinge SP, mas frente fria tem data para chegar; Saiba quando","author":"noticiasribeiraopreto.com.br","date":"17 de September de 2025","format":false,"excerpt":"Uma nova onda de calor come\u00e7a nesta quinta-feira (18) e deve manter as temperaturas elevadas at\u00e9 a pr\u00f3xima segunda-feira (22). No entanto, esse calor intenso pode estar com os dias contados, j\u00e1 que uma forte massa de ar frio deve avan\u00e7ar sobre a regi\u00e3o. frente fria De acordo com o\u2026","rel":"","context":"In &quot;Not\u00edcias de Ribeir\u00e3o Preto-SP e Regi\u00e3o&quot;","block_context":{"text":"Not\u00edcias de Ribeir\u00e3o Preto-SP e Regi\u00e3o","link":"https:\/\/noticiasribeiraopreto.com.br\/index.php\/category\/noticias-de-ribeirao-preto-sp-e-regiao-ismael-colosi\/"},"img":{"alt_text":"","src":"https:\/\/i0.wp.com\/noticiasribeiraopreto.com.br\/wp-content\/uploads\/2025\/09\/Copia-de-Copia-de-Copia-de-TAMANHO-EXATO-PARA-FOTOS-NO-SISTEMA-NOVO-2025-09-17T183620.587_2025-09-17_21-36-30.webp.webp?fit=1200%2C675&ssl=1&resize=350%2C200","width":350,"height":200,"srcset":"https:\/\/i0.wp.com\/noticiasribeiraopreto.com.br\/wp-content\/uploads\/2025\/09\/Copia-de-Copia-de-Copia-de-TAMANHO-EXATO-PARA-FOTOS-NO-SISTEMA-NOVO-2025-09-17T183620.587_2025-09-17_21-36-30.webp.webp?fit=1200%2C675&ssl=1&resize=350%2C200 1x, https:\/\/i0.wp.com\/noticiasribeiraopreto.com.br\/wp-content\/uploads\/2025\/09\/Copia-de-Copia-de-Copia-de-TAMANHO-EXATO-PARA-FOTOS-NO-SISTEMA-NOVO-2025-09-17T183620.587_2025-09-17_21-36-30.webp.webp?fit=1200%2C675&ssl=1&resize=525%2C300 1.5x, https:\/\/i0.wp.com\/noticiasribeiraopreto.com.br\/wp-content\/uploads\/2025\/09\/Copia-de-Copia-de-Copia-de-TAMANHO-EXATO-PARA-FOTOS-NO-SISTEMA-NOVO-2025-09-17T183620.587_2025-09-17_21-36-30.webp.webp?fit=1200%2C675&ssl=1&resize=700%2C400 2x, https:\/\/i0.wp.com\/noticiasribeiraopreto.com.br\/wp-content\/uploads\/2025\/09\/Copia-de-Copia-de-Copia-de-TAMANHO-EXATO-PARA-FOTOS-NO-SISTEMA-NOVO-2025-09-17T183620.587_2025-09-17_21-36-30.webp.webp?fit=1200%2C675&ssl=1&resize=1050%2C600 3x"},"classes":[]},{"id":70876,"url":"https:\/\/noticiasribeiraopreto.com.br\/index.php\/2025\/05\/30\/ultimo-fim-de-semana-de-maio-sera-de-frio-intenso-com-risco-de-geadas-veja-previsao\/","url_meta":{"origin":75362,"position":2},"title":"\u00daltimo fim de semana de maio ser\u00e1 de frio intenso com risco de geadas; Veja previs\u00e3o","author":"noticiasribeiraopreto.com.br","date":"30 de May de 2025","format":false,"excerpt":"Maio est\u00e1 se despedindo com cara de inverno \u2013 que come\u00e7a no pr\u00f3ximo dia 20 \u2013 em grande parte do Brasil, devido a uma forte massa de ar polar que segue atuando sobre o Sul, parte do Sudeste, do Centro-Oeste e de parte do Norte do pa\u00eds. Nesta sexta-feira (30),\u2026","rel":"","context":"In &quot;Not\u00edcias de Ribeir\u00e3o Preto-SP e Regi\u00e3o&quot;","block_context":{"text":"Not\u00edcias de Ribeir\u00e3o Preto-SP e Regi\u00e3o","link":"https:\/\/noticiasribeiraopreto.com.br\/index.php\/category\/noticias-de-ribeirao-preto-sp-e-regiao-ismael-colosi\/"},"img":{"alt_text":"","src":"https:\/\/i0.wp.com\/noticiasribeiraopreto.com.br\/wp-content\/uploads\/2025\/05\/frente_fria_-_foto_guilherme_sircili_5.jpg_231334169.png?fit=600%2C400&ssl=1&resize=350%2C200","width":350,"height":200,"srcset":"https:\/\/i0.wp.com\/noticiasribeiraopreto.com.br\/wp-content\/uploads\/2025\/05\/frente_fria_-_foto_guilherme_sircili_5.jpg_231334169.png?fit=600%2C400&ssl=1&resize=350%2C200 1x, https:\/\/i0.wp.com\/noticiasribeiraopreto.com.br\/wp-content\/uploads\/2025\/05\/frente_fria_-_foto_guilherme_sircili_5.jpg_231334169.png?fit=600%2C400&ssl=1&resize=525%2C300 1.5x"},"classes":[]},{"id":72787,"url":"https:\/\/noticiasribeiraopreto.com.br\/index.php\/2025\/06\/21\/jornal-da-franca-por-que-o-inverno-de-2025-deve-ser-mais-frio-que-o-de-anos-anteriores\/","url_meta":{"origin":75362,"position":3},"title":"Jornal da Franca &#8211; Por que o inverno de 2025 deve ser mais frio que o de anos anteriores","author":"noticiasribeiraopreto.com.br","date":"21 de June de 2025","format":false,"excerpt":"compartilhar no whatsapp compartilhar no telegram compartilhar no facebook compartilhar no linkedin De acordo dom a Defesa Civil do Estado de S\u00e3o Paulo, o inverno ter\u00e1 neutralidade das condi\u00e7\u00f5es no Oceano Pac\u00edfico, sem a atua\u00e7\u00e3o dos fen\u00f4menos El Ni\u00f1o e La Ni\u00f1a Inverno, que come\u00e7ou na \u00faltima sexta-feira, 20, deve\u2026","rel":"","context":"In &quot;Not\u00edcias de Franca-SP&quot;","block_context":{"text":"Not\u00edcias de Franca-SP","link":"https:\/\/noticiasribeiraopreto.com.br\/index.php\/category\/noticias-de-ribeirao-preto-sp-e-regiao-ismael-colosi\/noticias-franca-sp\/"},"img":{"alt_text":"","src":"https:\/\/i0.wp.com\/noticiasribeiraopreto.com.br\/wp-content\/uploads\/2025\/06\/mulheres-com-frio.jpg?fit=1200%2C675&ssl=1&resize=350%2C200","width":350,"height":200,"srcset":"https:\/\/i0.wp.com\/noticiasribeiraopreto.com.br\/wp-content\/uploads\/2025\/06\/mulheres-com-frio.jpg?fit=1200%2C675&ssl=1&resize=350%2C200 1x, https:\/\/i0.wp.com\/noticiasribeiraopreto.com.br\/wp-content\/uploads\/2025\/06\/mulheres-com-frio.jpg?fit=1200%2C675&ssl=1&resize=525%2C300 1.5x, https:\/\/i0.wp.com\/noticiasribeiraopreto.com.br\/wp-content\/uploads\/2025\/06\/mulheres-com-frio.jpg?fit=1200%2C675&ssl=1&resize=700%2C400 2x, https:\/\/i0.wp.com\/noticiasribeiraopreto.com.br\/wp-content\/uploads\/2025\/06\/mulheres-com-frio.jpg?fit=1200%2C675&ssl=1&resize=1050%2C600 3x"},"classes":[]},{"id":72374,"url":"https:\/\/noticiasribeiraopreto.com.br\/index.php\/2025\/06\/16\/frio-intenso-ou-ameno-veja-a-previsao-do-tempo-para-o-inverno-2025\/","url_meta":{"origin":75362,"position":4},"title":"Frio intenso ou ameno? Veja a previs\u00e3o do tempo para o inverno 2025","author":"noticiasribeiraopreto.com.br","date":"16 de June de 2025","format":false,"excerpt":"O outono est\u00e1 na sua reta final. Nesta sexta-feira (20), \u00e0s 23h42 (hor\u00e1rio de Bras\u00edlia), come\u00e7a o inverno no Brasil. A esta\u00e7\u00e3o, no entanto, deve apresentar temperaturas m\u00e9dias a mais elevadas em grande parte do Brasil. De acordo com os especialistas, os maiores desvios de temperatura est\u00e3o previstos para as\u2026","rel":"","context":"In &quot;Not\u00edcias de Ribeir\u00e3o Preto-SP e Regi\u00e3o&quot;","block_context":{"text":"Not\u00edcias de Ribeir\u00e3o Preto-SP e Regi\u00e3o","link":"https:\/\/noticiasribeiraopreto.com.br\/index.php\/category\/noticias-de-ribeirao-preto-sp-e-regiao-ismael-colosi\/"},"img":{"alt_text":"","src":"https:\/\/i0.wp.com\/noticiasribeiraopreto.com.br\/wp-content\/uploads\/2025\/06\/AnyConv.com__frio.webp.webp?fit=1200%2C800&ssl=1&resize=350%2C200","width":350,"height":200,"srcset":"https:\/\/i0.wp.com\/noticiasribeiraopreto.com.br\/wp-content\/uploads\/2025\/06\/AnyConv.com__frio.webp.webp?fit=1200%2C800&ssl=1&resize=350%2C200 1x, https:\/\/i0.wp.com\/noticiasribeiraopreto.com.br\/wp-content\/uploads\/2025\/06\/AnyConv.com__frio.webp.webp?fit=1200%2C800&ssl=1&resize=525%2C300 1.5x, https:\/\/i0.wp.com\/noticiasribeiraopreto.com.br\/wp-content\/uploads\/2025\/06\/AnyConv.com__frio.webp.webp?fit=1200%2C800&ssl=1&resize=700%2C400 2x, https:\/\/i0.wp.com\/noticiasribeiraopreto.com.br\/wp-content\/uploads\/2025\/06\/AnyConv.com__frio.webp.webp?fit=1200%2C800&ssl=1&resize=1050%2C600 3x"},"classes":[]},{"id":72746,"url":"https:\/\/noticiasribeiraopreto.com.br\/index.php\/2025\/06\/20\/primeira-onda-de-frio-do-inverno-tem-data-para-chegar-ao-estado-de-sp-veja-quando\/","url_meta":{"origin":75362,"position":5},"title":"Primeira onda de frio do inverno tem data para chegar ao estado de SP; Veja quando","author":"noticiasribeiraopreto.com.br","date":"20 de June de 2025","format":false,"excerpt":"A primeira onda de frio do inverno 2025 \u2013 a terceira do ano \u2013 est\u00e1 prevista para atingir o Centro-Sul do Brasil nos pr\u00f3ximos dias. Segundo a Climatempo, a nova onda de frio deve come\u00e7ar na pr\u00f3xima segunda-feira (23) e se estende at\u00e9 a sexta-feira (27). O inverno tem in\u00edcio\u2026","rel":"","context":"In &quot;Not\u00edcias de Ribeir\u00e3o Preto-SP e Regi\u00e3o&quot;","block_context":{"text":"Not\u00edcias de Ribeir\u00e3o Preto-SP e Regi\u00e3o","link":"https:\/\/noticiasribeiraopreto.com.br\/index.php\/category\/noticias-de-ribeirao-preto-sp-e-regiao-ismael-colosi\/"},"img":{"alt_text":"","src":"https:\/\/i0.wp.com\/noticiasribeiraopreto.com.br\/wp-content\/uploads\/2025\/06\/1750450353_calcadao_ribeirao_1024x576_22052020190437.jpg?fit=1024%2C576&ssl=1&resize=350%2C200","width":350,"height":200,"srcset":"https:\/\/i0.wp.com\/noticiasribeiraopreto.com.br\/wp-content\/uploads\/2025\/06\/1750450353_calcadao_ribeirao_1024x576_22052020190437.jpg?fit=1024%2C576&ssl=1&resize=350%2C200 1x, https:\/\/i0.wp.com\/noticiasribeiraopreto.com.br\/wp-content\/uploads\/2025\/06\/1750450353_calcadao_ribeirao_1024x576_22052020190437.jpg?fit=1024%2C576&ssl=1&resize=525%2C300 1.5x, https:\/\/i0.wp.com\/noticiasribeiraopreto.com.br\/wp-content\/uploads\/2025\/06\/1750450353_calcadao_ribeirao_1024x576_22052020190437.jpg?fit=1024%2C576&ssl=1&resize=700%2C400 2x"},"classes":[]}],"jetpack_sharing_enabled":true,"jetpack_shortlink":"https:\/\/wp.me\/peQAOb-jBw","_links":{"self":[{"href":"https:\/\/noticiasribeiraopreto.com.br\/index.php\/wp-json\/wp\/v2\/posts\/75362","targetHints":{"allow":["GET"]}}],"collection":[{"href":"https:\/\/noticiasribeiraopreto.com.br\/index.php\/wp-json\/wp\/v2\/posts"}],"about":[{"href":"https:\/\/noticiasribeiraopreto.com.br\/index.php\/wp-json\/wp\/v2\/types\/post"}],"author":[{"embeddable":true,"href":"https:\/\/noticiasribeiraopreto.com.br\/index.php\/wp-json\/wp\/v2\/users\/1"}],"replies":[{"embeddable":true,"href":"https:\/\/noticiasribeiraopreto.com.br\/index.php\/wp-json\/wp\/v2\/comments?post=75362"}],"version-history":[{"count":0,"href":"https:\/\/noticiasribeiraopreto.com.br\/index.php\/wp-json\/wp\/v2\/posts\/75362\/revisions"}],"wp:featuredmedia":[{"embeddable":true,"href":"https:\/\/noticiasribeiraopreto.com.br\/index.php\/wp-json\/wp\/v2\/media\/72375"}],"wp:attachment":[{"href":"https:\/\/noticiasribeiraopreto.com.br\/index.php\/wp-json\/wp\/v2\/media?parent=75362"}],"wp:term":[{"taxonomy":"category","embeddable":true,"href":"https:\/\/noticiasribeiraopreto.com.br\/index.php\/wp-json\/wp\/v2\/categories?post=75362"},{"taxonomy":"post_tag","embeddable":true,"href":"https:\/\/noticiasribeiraopreto.com.br\/index.php\/wp-json\/wp\/v2\/tags?post=75362"}],"curies":[{"name":"wp","href":"https:\/\/api.w.org\/{rel}","templated":true}]}}