{"id":75363,"date":"2025-08-07T14:36:01","date_gmt":"2025-08-07T17:36:01","guid":{"rendered":"https:\/\/noticiasribeiraopreto.com.br\/index.php\/2025\/08\/07\/ribeirao-preto-sobe-no-ranking-das-cervejas-confira-o-top-10\/"},"modified":"2025-08-07T14:36:01","modified_gmt":"2025-08-07T17:36:01","slug":"ribeirao-preto-sobe-no-ranking-das-cervejas-confira-o-top-10","status":"publish","type":"post","link":"https:\/\/noticiasribeiraopreto.com.br\/index.php\/2025\/08\/07\/ribeirao-preto-sobe-no-ranking-das-cervejas-confira-o-top-10\/","title":{"rendered":"Ribeir\u00e3o Preto sobe no ranking das cervejas; Confira o top 10"},"content":{"rendered":"<div class='code-block code-block-1' style='margin: 8px 0 8px auto; text-align: right; display: block; clear: both;'>\n<p><a href=\"https:\/\/wa.link\/vpicfd\"><img data-recalc-dims=\"1\" class=\"wp-image-4922\" style=\"aspect-ratio: 2.0253164556962027; width: 561px; height: auto;\" src=\"https:\/\/i0.wp.com\/ismaelcolosi.com.br\/wp-content\/uploads\/2023\/11\/grupo-de-empregos-whatsapp-e-facebook-ismael-colosi-vagas.jpg?ssl=1\" alt=\"\" \/><\/a><\/p>\n<!-- \/wp:image -->\n<\/div>\n<p> <br \/>\n<\/p>\n<div>\n<p><strong>Ribeir\u00e3o Preto <\/strong>subiu duas posi\u00e7\u00f5es no ranking de cervejas registradas, segundo o<a href=\"https:\/\/www.gov.br\/agricultura\/pt-br\/assuntos\/noticias\/brasil-tem-mais-de-43-mil-cervejas-registradas\/anuariodacerveja2025_.pdf\" data-type=\"link\" data-id=\"https:\/\/www.gov.br\/agricultura\/pt-br\/assuntos\/noticias\/brasil-tem-mais-de-43-mil-cervejas-registradas\/anuariodacerveja2025_.pdf\" target=\"_blank\" rel=\"noopener\"> Anu\u00e1rio da Cerveja 2025<\/a>*, divulgado pelo <strong>Minist\u00e9rio da Agricultura e Pecu\u00e1ria<\/strong> na \u00faltima ter\u00e7a-feira (5). De acordo com o levantamento, <mark style=\"background-color:#fcb900\" class=\"has-inline-color has-black-color\">Ribeir\u00e3o Preto \u00e9 a oitava cidade com mais r\u00f3tulos registrados (755 no total)<\/mark>, e subiu duas posi\u00e7\u00f5es em rela\u00e7\u00e3o ao ano passado.<\/p>\n<p>Na edi\u00e7\u00e3o do <strong>Anu\u00e1rio da Cerveja 2024<\/strong>, Ribeir\u00e3o Preto aparecia na 10\u00aa coloca\u00e7\u00e3o, com 738 cervejas registradas.<\/p>\n<h2 class=\"wp-block-heading\"><strong>Top 10 \u2013 Cidades com maior n\u00famero de cervejas registradas<\/strong><\/h2>\n<ol class=\"wp-block-list\">\n<li>S\u00e3o Paulo (2.099)<\/li>\n<li>Porto Alegre (1.594)<\/li>\n<li>Nova Lima-MG (1.226)<\/li>\n<li>Curitiba (901)<\/li>\n<li>Juiz de Fora-MG (818)<\/li>\n<li>V\u00e1rzea Paulista-SP (811)<\/li>\n<li>Campinas-SP (783)<\/li>\n<li>Ribeir\u00e3o Preto-SP (755)<\/li>\n<li>Uberl\u00e2ndia-MG (658)<\/li>\n<li>\u00a0Belo Horizonte (610)<\/li>\n<\/ol>\n<h2 class=\"wp-block-heading\"><strong>N\u00famero de cervejarias<\/strong><\/h2>\n<p>De acordo com o <strong>Anu\u00e1rio da Cerveja 2025<\/strong>,<strong> <\/strong>Ribeir\u00e3o Preto conta com 19 cervejarias registradas, e tamb\u00e9m ocupa a oitava coloca\u00e7\u00e3o no ranking \u2013 empatado com Bras\u00edlia e Sorocaba.<\/p>\n<h2 class=\"wp-block-heading\"><strong>Top 10 \u2013 cidades com mais cervejarias<\/strong><\/h2>\n<ol class=\"wp-block-list\">\n<li>S\u00e3o Paulo (66 estabelecimentos)<\/li>\n<li>Porto Alegre (43 estabelecimentos)<\/li>\n<li>Curitiba (29 estabelecimentos)<\/li>\n<li>Belo Horizonte (25 estabelecimentos)<\/li>\n<li>Caxias do Sul-RS (22 estabelecimentos)<\/li>\n<li>Nova Lima-MG (21 estabelecimentos)<\/li>\n<li>Juiz de Fora-MG (20 estabelecimentos)<\/li>\n<li>Ribeir\u00e3o Preto-SP, Sorocaba-SP e Bras\u00edlia (19 estabelecimentos)<\/li>\n<li>Blumenau-SC (18 estabelecimentos)<\/li>\n<li>Petr\u00f3polis-RJ (17 estabelecimentos)<\/li>\n<\/ol>\n<p>O levantamento informou que em 790 munic\u00edpios brasileiros h\u00e1 pelo menos uma cervejaria, o que representa um aumento da dispers\u00e3o em 2,5% se comparado a 2023, quando havia ao menos uma cervejaria em 771 munic\u00edpios brasileiros.<\/p>\n<p>\u201cA cerveja \u00e9 s\u00edmbolo de comemora\u00e7\u00e3o, mas tamb\u00e9m representa trabalho, dedica\u00e7\u00e3o, qualidade e prosperidade. O Brasil \u00e9 refer\u00eancia mundial na agropecu\u00e1ria, e isso se reflete na excel\u00eancia dos nossos produtos\u201d, disse o ministro da Agricultura e Pecu\u00e1ria, Carlos F\u00e1varo.<\/p>\n<p>*Os n\u00fameros t\u00eam como base o ano de 2024.<\/p>\n<p>SAIBA MAIS<br \/>Lobo-guar\u00e1 \u00e9 flagrado em rua na regi\u00e3o de Ribeir\u00e3o Preto; V\u00eddeo<\/p>\n<h2 class=\"wp-block-heading\"><strong>FIQUE ON<\/strong><\/h2>\n<p>Fique ligado em tudo que acontece em Ribeir\u00e3o Preto e regi\u00e3o. Siga os perfis do\u00a0<strong>acidade on<\/strong>\u00a0no<a href=\"https:\/\/www.instagram.com\/acidadeonribeirao\" target=\"_blank\" rel=\"noreferrer noopener\">\u00a0Instagram<\/a>\u00a0e no\u00a0<a href=\"https:\/\/www.facebook.com\/acidadeonribeirao\/\" target=\"_blank\" rel=\"noreferrer noopener\">Facebook.<\/a><\/p>\n<p>Receba not\u00edcias do\u00a0<strong>acidade on\u00a0<\/strong>no WhatsApp.\u00a0<a href=\"https:\/\/chat.whatsapp.com\/I4nieTEMKlf50pJ28aMemC?mode=ac_t\" target=\"_blank\" rel=\"noreferrer noopener\">Para entrar no grupo, basta clicar aqui.<\/a><\/p>\n<p>Fa\u00e7a uma den\u00fancia ou sugira uma reportagem sobre Ribeir\u00e3o Preto e regi\u00e3o pelo WhatsApp: 16 99117 7802.<\/p>\n<p>VEJA TAMB\u00c9M<br \/>Por que o INSS cancelou 8 institui\u00e7\u00f5es financeiras?<\/p>\n<p><!-- AI CONTENT END 1 -->\n<\/div>\n<p><script async src=\"\/\/www.instagram.com\/embed.js\"><\/script><br \/>\n<br \/><br \/>\n<br \/><a href=\"https:\/\/www.acidadeon.com\/ribeiraopreto\/economia\/ribeirao-preto-sobe-no-ranking-das-cervejas-confira-o-top-10\/\">Source link <\/a><\/p>\n<!-- CONTENT END 1 -->\n","protected":false},"excerpt":{"rendered":"<p>Ribeir\u00e3o Preto subiu duas posi\u00e7\u00f5es no ranking de cervejas registradas, segundo o Anu\u00e1rio da Cerveja 2025*, divulgado pelo Minist\u00e9rio da Agricultura e Pecu\u00e1ria na \u00faltima&#8230;<\/p>\n","protected":false},"author":1,"featured_media":75364,"comment_status":"open","ping_status":"open","sticky":false,"template":"","format":"standard","meta":{"advanced_seo_description":"","jetpack_seo_html_title":"","jetpack_seo_noindex":false,"jetpack_post_was_ever_published":false,"_jetpack_newsletter_access":"","_jetpack_dont_email_post_to_subs":false,"_jetpack_newsletter_tier_id":0,"_jetpack_memberships_contains_paywalled_content":false,"_jetpack_memberships_contains_paid_content":false,"footnotes":"","jetpack_publicize_message":"","jetpack_publicize_feature_enabled":true,"jetpack_social_post_already_shared":true,"jetpack_social_options":{"image_generator_settings":{"template":"highway","default_image_id":0,"font":"","enabled":false},"version":2}},"categories":[11],"tags":[],"class_list":["post-75363","post","type-post","status-publish","format-standard","has-post-thumbnail","hentry","category-noticias-de-ribeirao-preto-sp-e-regiao-ismael-colosi"],"jetpack_publicize_connections":[],"jetpack_featured_media_url":"https:\/\/i0.wp.com\/noticiasribeiraopreto.com.br\/wp-content\/uploads\/2025\/08\/cerveja_2025-08-07_14-50-54.webp.webp?fit=1200%2C800&ssl=1","jetpack-related-posts":[{"id":75009,"url":"https:\/\/noticiasribeiraopreto.com.br\/index.php\/2025\/08\/01\/dia-da-cerveja-ribeirao-preto-e-a-capital-do-chope-e-das-artesanais\/","url_meta":{"origin":75363,"position":0},"title":"Dia da Cerveja: Ribeir\u00e3o Preto \u00e9 a Capital do Chope e das Artesanais","author":"noticiasribeiraopreto.com.br","date":"1 de August de 2025","format":false,"excerpt":"O Dia da Cerveja \u00e9 comemorado nesta sexta-feira (1\u00ba de agosto) e, Ribeir\u00e3o Preto \u00e9 desde o ano passado a Capital do Chope e das Cervejas Artesanais. O t\u00edtulo foi concedido por meio de um projeto de lei aprovado pela Alesp (Assembleia Legislativa de S\u00e3o Paulo) e sancionado pelo governador\u2026","rel":"","context":"In &quot;Not\u00edcias de Ribeir\u00e3o Preto-SP e Regi\u00e3o&quot;","block_context":{"text":"Not\u00edcias de Ribeir\u00e3o Preto-SP e Regi\u00e3o","link":"https:\/\/noticiasribeiraopreto.com.br\/index.php\/category\/noticias-de-ribeirao-preto-sp-e-regiao-ismael-colosi\/"},"img":{"alt_text":"","src":"https:\/\/i0.wp.com\/noticiasribeiraopreto.com.br\/wp-content\/uploads\/2025\/06\/cerveja-artesanal_2025-06-17_14-49-37.webp.webp?fit=1200%2C675&ssl=1&resize=350%2C200","width":350,"height":200,"srcset":"https:\/\/i0.wp.com\/noticiasribeiraopreto.com.br\/wp-content\/uploads\/2025\/06\/cerveja-artesanal_2025-06-17_14-49-37.webp.webp?fit=1200%2C675&ssl=1&resize=350%2C200 1x, https:\/\/i0.wp.com\/noticiasribeiraopreto.com.br\/wp-content\/uploads\/2025\/06\/cerveja-artesanal_2025-06-17_14-49-37.webp.webp?fit=1200%2C675&ssl=1&resize=525%2C300 1.5x, https:\/\/i0.wp.com\/noticiasribeiraopreto.com.br\/wp-content\/uploads\/2025\/06\/cerveja-artesanal_2025-06-17_14-49-37.webp.webp?fit=1200%2C675&ssl=1&resize=700%2C400 2x, https:\/\/i0.wp.com\/noticiasribeiraopreto.com.br\/wp-content\/uploads\/2025\/06\/cerveja-artesanal_2025-06-17_14-49-37.webp.webp?fit=1200%2C675&ssl=1&resize=1050%2C600 3x"},"classes":[]},{"id":32745,"url":"https:\/\/noticiasribeiraopreto.com.br\/index.php\/2024\/01\/26\/exposicao-centenario-da-cerveja-niger-e-prorrogada-ate-fevereiro\/","url_meta":{"origin":75363,"position":1},"title":"Exposi\u00e7\u00e3o \u201cCenten\u00e1rio da Cerveja Niger\u201d \u00e9 prorrogada at\u00e9 fevereiro \u2013 Folha de Ribeir\u00e3o","author":"noticiasribeiraopreto.com.br","date":"26 de January de 2024","format":false,"excerpt":"A exposi\u00e7\u00e3o \u201cCenten\u00e1rio da Cerveja Niger\u201d que estreou em dezembro e teve a sua temporada no Centro Cultural Palace de Ribeir\u00e3o Preto, foi prorrogada at\u00e9 o pr\u00f3ximo dia 03 de fevereiro. Ela apresenta e celebra a centen\u00e1ria trajet\u00f3ria da Cerveja Niger, uma marca emblem\u00e1tica da hist\u00f3rica Cervejaria Paulista. Ao lado\u2026","rel":"","context":"In &quot;Not\u00edcias de Ribeir\u00e3o Preto-SP e Regi\u00e3o&quot;","block_context":{"text":"Not\u00edcias de Ribeir\u00e3o Preto-SP e Regi\u00e3o","link":"https:\/\/noticiasribeiraopreto.com.br\/index.php\/category\/noticias-de-ribeirao-preto-sp-e-regiao-ismael-colosi\/"},"img":{"alt_text":"","src":"https:\/\/i0.wp.com\/noticiasribeiraopreto.com.br\/wp-content\/uploads\/2024\/01\/exposicao_niger_1.jpeg?fit=1200%2C900&ssl=1&resize=350%2C200","width":350,"height":200,"srcset":"https:\/\/i0.wp.com\/noticiasribeiraopreto.com.br\/wp-content\/uploads\/2024\/01\/exposicao_niger_1.jpeg?fit=1200%2C900&ssl=1&resize=350%2C200 1x, https:\/\/i0.wp.com\/noticiasribeiraopreto.com.br\/wp-content\/uploads\/2024\/01\/exposicao_niger_1.jpeg?fit=1200%2C900&ssl=1&resize=525%2C300 1.5x, https:\/\/i0.wp.com\/noticiasribeiraopreto.com.br\/wp-content\/uploads\/2024\/01\/exposicao_niger_1.jpeg?fit=1200%2C900&ssl=1&resize=700%2C400 2x, https:\/\/i0.wp.com\/noticiasribeiraopreto.com.br\/wp-content\/uploads\/2024\/01\/exposicao_niger_1.jpeg?fit=1200%2C900&ssl=1&resize=1050%2C600 3x"},"classes":[]},{"id":4989,"url":"https:\/\/noticiasribeiraopreto.com.br\/index.php\/2023\/11\/22\/cerveja-fermentada-com-mandioca-sera-lancada-em-ribeirao-preto\/","url_meta":{"origin":75363,"position":2},"title":"Cerveja fermentada com mandioca ser\u00e1 lan\u00e7ada em Ribeir\u00e3o Preto","author":"noticiasribeiraopreto.com.br","date":"22 de November de 2023","format":false,"excerpt":"O Centro Multidisciplinar de Tecnologia Cervejeira e a OPA Comunica\u00e7\u00e3o apresentam, dia 23 de novembro, \u00e0s 18h30, no Bar do Dabi Business Park, a primeira safra da cerveja Manipueira Selvagem. O evento tem ingresso gratuito ou com custo de R$ 15 que inclui degusta\u00e7\u00e3o da cerveja. As vagas s\u00e3o limitadas\u2026","rel":"","context":"In &quot;Not\u00edcias de Ribeir\u00e3o Preto-SP e Regi\u00e3o&quot;","block_context":{"text":"Not\u00edcias de Ribeir\u00e3o Preto-SP e Regi\u00e3o","link":"https:\/\/noticiasribeiraopreto.com.br\/index.php\/category\/noticias-de-ribeirao-preto-sp-e-regiao-ismael-colosi\/"},"img":{"alt_text":"","src":"https:\/\/i0.wp.com\/noticiasribeiraopreto.com.br\/wp-content\/uploads\/2023\/11\/IMG-20230907-WA0025.jpg?fit=1200%2C900&ssl=1&resize=350%2C200","width":350,"height":200,"srcset":"https:\/\/i0.wp.com\/noticiasribeiraopreto.com.br\/wp-content\/uploads\/2023\/11\/IMG-20230907-WA0025.jpg?fit=1200%2C900&ssl=1&resize=350%2C200 1x, https:\/\/i0.wp.com\/noticiasribeiraopreto.com.br\/wp-content\/uploads\/2023\/11\/IMG-20230907-WA0025.jpg?fit=1200%2C900&ssl=1&resize=525%2C300 1.5x, https:\/\/i0.wp.com\/noticiasribeiraopreto.com.br\/wp-content\/uploads\/2023\/11\/IMG-20230907-WA0025.jpg?fit=1200%2C900&ssl=1&resize=700%2C400 2x, https:\/\/i0.wp.com\/noticiasribeiraopreto.com.br\/wp-content\/uploads\/2023\/11\/IMG-20230907-WA0025.jpg?fit=1200%2C900&ssl=1&resize=1050%2C600 3x"},"classes":[]},{"id":69405,"url":"https:\/\/noticiasribeiraopreto.com.br\/index.php\/2025\/05\/05\/cerveja-produzida-no-interior-de-sp-esta-entre-as-melhores-do-mundo\/","url_meta":{"origin":75363,"position":3},"title":"Cerveja produzida no interior de SP est\u00e1 entre as melhores do mundo","author":"noticiasribeiraopreto.com.br","date":"5 de May de 2025","format":false,"excerpt":"Uma cerveja produzida em Campinas, no interior de S\u00e3o Paulo, foi premiada na edi\u00e7\u00e3o de 2025 da World Beer Cup, principal competi\u00e7\u00e3o internacional do setor. O r\u00f3tulo Melancia SOUR\u2019n Salt, da Sim! Cerveja, levou medalha de ouro na categoria Specialty Non-Alcohol Beer. A Sim! Cerveja \u00e9 a primeira cervejaria do\u2026","rel":"","context":"In &quot;Not\u00edcias de Ribeir\u00e3o Preto-SP e Regi\u00e3o&quot;","block_context":{"text":"Not\u00edcias de Ribeir\u00e3o Preto-SP e Regi\u00e3o","link":"https:\/\/noticiasribeiraopreto.com.br\/index.php\/category\/noticias-de-ribeirao-preto-sp-e-regiao-ismael-colosi\/"},"img":{"alt_text":"","src":"https:\/\/i0.wp.com\/noticiasribeiraopreto.com.br\/wp-content\/uploads\/2025\/05\/Copia-de-Copia-de-Copia-de-TAMANHO-EXATO-PARA-FOTOS-NO-SISTEMA-NOVO-43_2025-05-06_00-32-13.webp.webp?fit=1200%2C675&ssl=1&resize=350%2C200","width":350,"height":200,"srcset":"https:\/\/i0.wp.com\/noticiasribeiraopreto.com.br\/wp-content\/uploads\/2025\/05\/Copia-de-Copia-de-Copia-de-TAMANHO-EXATO-PARA-FOTOS-NO-SISTEMA-NOVO-43_2025-05-06_00-32-13.webp.webp?fit=1200%2C675&ssl=1&resize=350%2C200 1x, https:\/\/i0.wp.com\/noticiasribeiraopreto.com.br\/wp-content\/uploads\/2025\/05\/Copia-de-Copia-de-Copia-de-TAMANHO-EXATO-PARA-FOTOS-NO-SISTEMA-NOVO-43_2025-05-06_00-32-13.webp.webp?fit=1200%2C675&ssl=1&resize=525%2C300 1.5x, https:\/\/i0.wp.com\/noticiasribeiraopreto.com.br\/wp-content\/uploads\/2025\/05\/Copia-de-Copia-de-Copia-de-TAMANHO-EXATO-PARA-FOTOS-NO-SISTEMA-NOVO-43_2025-05-06_00-32-13.webp.webp?fit=1200%2C675&ssl=1&resize=700%2C400 2x, https:\/\/i0.wp.com\/noticiasribeiraopreto.com.br\/wp-content\/uploads\/2025\/05\/Copia-de-Copia-de-Copia-de-TAMANHO-EXATO-PARA-FOTOS-NO-SISTEMA-NOVO-43_2025-05-06_00-32-13.webp.webp?fit=1200%2C675&ssl=1&resize=1050%2C600 3x"},"classes":[]},{"id":50989,"url":"https:\/\/noticiasribeiraopreto.com.br\/index.php\/2024\/05\/22\/homem-e-preso-suspeito-de-furtar-cerveja-na-regiao-de-ribeirao-preto\/","url_meta":{"origin":75363,"position":4},"title":"Homem \u00e9 preso suspeito de furtar cerveja na regi\u00e3o de Ribeir\u00e3o Preto","author":"noticiasribeiraopreto.com.br","date":"22 de May de 2024","format":false,"excerpt":"Um homem de 34 anos foi preso na madrugada desta quarta-feira (22), suspeito de furtar dois fardos de cerveja em um supermercado de Jardin\u00f3polis, na regi\u00e3o de Ribeir\u00e3o Preto. Segundo o boletim de ocorr\u00eancia (BO), a PM (Pol\u00edcia Militar) encontrou o suspeito saindo de sua casa nas proximidades do estabelecimento,\u2026","rel":"","context":"In &quot;Not\u00edcias de Ribeir\u00e3o Preto-SP e Regi\u00e3o&quot;","block_context":{"text":"Not\u00edcias de Ribeir\u00e3o Preto-SP e Regi\u00e3o","link":"https:\/\/noticiasribeiraopreto.com.br\/index.php\/category\/noticias-de-ribeirao-preto-sp-e-regiao-ismael-colosi\/"},"img":{"alt_text":"","src":"https:\/\/i0.wp.com\/noticiasribeiraopreto.com.br\/wp-content\/uploads\/2024\/05\/HomempresoacusadodetentarfurtarcervejanaregiodeRibeiroPreto_Tamanho_2_image.jpg?fit=1200%2C900&ssl=1&resize=350%2C200","width":350,"height":200,"srcset":"https:\/\/i0.wp.com\/noticiasribeiraopreto.com.br\/wp-content\/uploads\/2024\/05\/HomempresoacusadodetentarfurtarcervejanaregiodeRibeiroPreto_Tamanho_2_image.jpg?fit=1200%2C900&ssl=1&resize=350%2C200 1x, https:\/\/i0.wp.com\/noticiasribeiraopreto.com.br\/wp-content\/uploads\/2024\/05\/HomempresoacusadodetentarfurtarcervejanaregiodeRibeiroPreto_Tamanho_2_image.jpg?fit=1200%2C900&ssl=1&resize=525%2C300 1.5x, https:\/\/i0.wp.com\/noticiasribeiraopreto.com.br\/wp-content\/uploads\/2024\/05\/HomempresoacusadodetentarfurtarcervejanaregiodeRibeiroPreto_Tamanho_2_image.jpg?fit=1200%2C900&ssl=1&resize=700%2C400 2x, https:\/\/i0.wp.com\/noticiasribeiraopreto.com.br\/wp-content\/uploads\/2024\/05\/HomempresoacusadodetentarfurtarcervejanaregiodeRibeiroPreto_Tamanho_2_image.jpg?fit=1200%2C900&ssl=1&resize=1050%2C600 3x"},"classes":[]},{"id":79459,"url":"https:\/\/noticiasribeiraopreto.com.br\/index.php\/2025\/11\/01\/evento-com-entrada-gratuita-reune-12-cervejarias-independentes-em-ribeirao-preto\/","url_meta":{"origin":75363,"position":5},"title":"Evento com entrada gratuita re\u00fane 12 cervejarias independentes em Ribeir\u00e3o Preto","author":"noticiasribeiraopreto.com.br","date":"1 de November de 2025","format":false,"excerpt":"Ribeir\u00e3o Preto vai receber neste domingo (2), um evento que re\u00fane 12 cervejarias independentes da cidade e regi\u00e3o. O \u00c1gora ser\u00e1 realizado na rua Sete de Setembro e oferece ao p\u00fablico degusta\u00e7\u00e3o de diferentes estilos de cerveja, m\u00fasica ao vivo, gastronomia e atividades culturais. Inspirado nas \u00e1goras gregas, o evento,\u2026","rel":"","context":"In &quot;Not\u00edcias de Ribeir\u00e3o Preto-SP e Regi\u00e3o&quot;","block_context":{"text":"Not\u00edcias de Ribeir\u00e3o Preto-SP e Regi\u00e3o","link":"https:\/\/noticiasribeiraopreto.com.br\/index.php\/category\/noticias-de-ribeirao-preto-sp-e-regiao-ismael-colosi\/"},"img":{"alt_text":"","src":"https:\/\/i0.wp.com\/noticiasribeiraopreto.com.br\/wp-content\/uploads\/2025\/06\/cerveja-artesanal_2025-06-17_14-49-37.webp.webp?fit=1200%2C675&ssl=1&resize=350%2C200","width":350,"height":200,"srcset":"https:\/\/i0.wp.com\/noticiasribeiraopreto.com.br\/wp-content\/uploads\/2025\/06\/cerveja-artesanal_2025-06-17_14-49-37.webp.webp?fit=1200%2C675&ssl=1&resize=350%2C200 1x, https:\/\/i0.wp.com\/noticiasribeiraopreto.com.br\/wp-content\/uploads\/2025\/06\/cerveja-artesanal_2025-06-17_14-49-37.webp.webp?fit=1200%2C675&ssl=1&resize=525%2C300 1.5x, https:\/\/i0.wp.com\/noticiasribeiraopreto.com.br\/wp-content\/uploads\/2025\/06\/cerveja-artesanal_2025-06-17_14-49-37.webp.webp?fit=1200%2C675&ssl=1&resize=700%2C400 2x, https:\/\/i0.wp.com\/noticiasribeiraopreto.com.br\/wp-content\/uploads\/2025\/06\/cerveja-artesanal_2025-06-17_14-49-37.webp.webp?fit=1200%2C675&ssl=1&resize=1050%2C600 3x"},"classes":[]}],"jetpack_sharing_enabled":true,"jetpack_shortlink":"https:\/\/wp.me\/peQAOb-jBx","_links":{"self":[{"href":"https:\/\/noticiasribeiraopreto.com.br\/index.php\/wp-json\/wp\/v2\/posts\/75363","targetHints":{"allow":["GET"]}}],"collection":[{"href":"https:\/\/noticiasribeiraopreto.com.br\/index.php\/wp-json\/wp\/v2\/posts"}],"about":[{"href":"https:\/\/noticiasribeiraopreto.com.br\/index.php\/wp-json\/wp\/v2\/types\/post"}],"author":[{"embeddable":true,"href":"https:\/\/noticiasribeiraopreto.com.br\/index.php\/wp-json\/wp\/v2\/users\/1"}],"replies":[{"embeddable":true,"href":"https:\/\/noticiasribeiraopreto.com.br\/index.php\/wp-json\/wp\/v2\/comments?post=75363"}],"version-history":[{"count":0,"href":"https:\/\/noticiasribeiraopreto.com.br\/index.php\/wp-json\/wp\/v2\/posts\/75363\/revisions"}],"wp:featuredmedia":[{"embeddable":true,"href":"https:\/\/noticiasribeiraopreto.com.br\/index.php\/wp-json\/wp\/v2\/media\/75364"}],"wp:attachment":[{"href":"https:\/\/noticiasribeiraopreto.com.br\/index.php\/wp-json\/wp\/v2\/media?parent=75363"}],"wp:term":[{"taxonomy":"category","embeddable":true,"href":"https:\/\/noticiasribeiraopreto.com.br\/index.php\/wp-json\/wp\/v2\/categories?post=75363"},{"taxonomy":"post_tag","embeddable":true,"href":"https:\/\/noticiasribeiraopreto.com.br\/index.php\/wp-json\/wp\/v2\/tags?post=75363"}],"curies":[{"name":"wp","href":"https:\/\/api.w.org\/{rel}","templated":true}]}}