{"id":75365,"date":"2025-08-07T14:42:19","date_gmt":"2025-08-07T17:42:19","guid":{"rendered":"https:\/\/noticiasribeiraopreto.com.br\/index.php\/2025\/08\/07\/ex-prefeito-de-bebedouro-e-alvo-de-operacao-da-pf-que-investiga-desvio-na-saude\/"},"modified":"2025-08-07T14:42:19","modified_gmt":"2025-08-07T17:42:19","slug":"ex-prefeito-de-bebedouro-e-alvo-de-operacao-da-pf-que-investiga-desvio-na-saude","status":"publish","type":"post","link":"https:\/\/noticiasribeiraopreto.com.br\/index.php\/2025\/08\/07\/ex-prefeito-de-bebedouro-e-alvo-de-operacao-da-pf-que-investiga-desvio-na-saude\/","title":{"rendered":"Ex-prefeito de Bebedouro \u00e9 alvo de opera\u00e7\u00e3o da PF que investiga desvio na sa\u00fade"},"content":{"rendered":"<div class='code-block code-block-1' style='margin: 8px 0 8px auto; text-align: right; display: block; clear: both;'>\n<p><a href=\"https:\/\/wa.link\/vpicfd\"><img data-recalc-dims=\"1\" class=\"wp-image-4922\" style=\"aspect-ratio: 2.0253164556962027; width: 561px; height: auto;\" src=\"https:\/\/i0.wp.com\/ismaelcolosi.com.br\/wp-content\/uploads\/2023\/11\/grupo-de-empregos-whatsapp-e-facebook-ismael-colosi-vagas.jpg?ssl=1\" alt=\"\" \/><\/a><\/p>\n<!-- \/wp:image -->\n<\/div>\n<p> <br \/>\n<\/p>\n<div data-td-block-uid=\"tdi_95\">\n<div class=\"tdb-block-inner td-fix-index\">\n<p><strong>O ex-prefeito de Bebedouro Fernando Galv\u00e3o Moura \u00e9 um dos alvos da opera\u00e7\u00e3o Descalabro, deflagada nesta quinta-feira (7) pela PF (Pol\u00edcia Federal) para investigar o desvio de recursos p\u00fablicos na sa\u00fade.<\/strong><\/p>\n<p><mark style=\"background-color:#fcb900\" class=\"has-inline-color has-black-color\">A pol\u00edcia informou que foram cumpridos 15 mandados de busca e apreens\u00e3o, al\u00e9m de sequestro de bens e valores dos investigados.<\/mark> Ningu\u00e9m foi preso.<\/p>\n<p>Ainda de acordo a investiga\u00e7\u00e3o, a Organiza\u00e7\u00e3o Social de Sa\u00fade Hospital Psiqui\u00e1trico Mahatma Gandhi, com sede em Catanduva (SP), seria a respons\u00e1vel por gerir os recursos da sa\u00fade e firmar contratos de mais de R$ 13 milh\u00f5es com empresas de fachada ligadas aos seus pr\u00f3prios dirigentes para desviar os valores.<\/p>\n<p>Fernando Galv\u00e3o Moura foi prefeito de Bebedouro em dois mandatos, entre 2013 e 2020. Em julho deste ano, ele teria sido convidado a assumir a Diretoria de Cooperativismo do Estado de S\u00e3o Paulo.<\/p>\n<h2 class=\"wp-block-heading\"><strong>Outro lado<\/strong><\/h2>\n<p>A defesa do ex-prefeito Fernando Galv\u00e3o Moura informou que ele nega participa\u00e7\u00e3o e que dever\u00e1 se manifestar nos autos do processo.<\/p>\n<p>A defesa ainda disse que o ex-prefeito somente foi ligado ao esquema na investiga\u00e7\u00e3o da Pol\u00edcia Federal, porque os desvios teriam ocorrido na \u00e9poca em que foi prefeito, mas que o pol\u00edtico n\u00e3o tem qualquer liga\u00e7\u00e3o com o grupo investigado.<\/p>\n<p>A Prefeitura de Bebedouro informou, por meio de nota de imprensa, que n\u00e3o responde a qualquer investiga\u00e7\u00e3o da Pol\u00edcia Federal e que n\u00e3o foi alvo das dilig\u00eancias realizadas nesta quinta.<\/p>\n<figure class=\"wp-block-image\"><img data-recalc-dims=\"1\" fetchpriority=\"high\" decoding=\"async\" width=\"1200\" height=\"892\" src=\"https:\/\/i0.wp.com\/cdn.media-acidadeon.com.br\/ribeiraopreto\/wp-content\/uploads\/sites\/3\/2025\/08\/WhatsApp-Image-2025-08-07-at-09.57.46_2025-08-07_13-00-46.webp?resize=1200%2C892&#038;ssl=1\" alt=\"opera\u00e7\u00e3o pol\u00edcia federal\" class=\"wp-image-124987\" srcset=\"https:\/\/cdn.media-acidadeon.com.br\/ribeiraopreto\/wp-content\/uploads\/sites\/3\/2025\/08\/WhatsApp-Image-2025-08-07-at-09.57.46_2025-08-07_13-00-46.webp 1200w, https:\/\/cdn.media-acidadeon.com.br\/ribeiraopreto\/wp-content\/uploads\/sites\/3\/2025\/08\/WhatsApp-Image-2025-08-07-at-09.57.46_2025-08-07_13-00-46-300x223.webp 300w, https:\/\/cdn.media-acidadeon.com.br\/ribeiraopreto\/wp-content\/uploads\/sites\/3\/2025\/08\/WhatsApp-Image-2025-08-07-at-09.57.46_2025-08-07_13-00-46-1024x761.webp 1024w, https:\/\/cdn.media-acidadeon.com.br\/ribeiraopreto\/wp-content\/uploads\/sites\/3\/2025\/08\/WhatsApp-Image-2025-08-07-at-09.57.46_2025-08-07_13-00-46-768x571.webp 768w, https:\/\/cdn.media-acidadeon.com.br\/ribeiraopreto\/wp-content\/uploads\/sites\/3\/2025\/08\/WhatsApp-Image-2025-08-07-at-09.57.46_2025-08-07_13-00-46-485x360.webp 485w, https:\/\/cdn.media-acidadeon.com.br\/ribeiraopreto\/wp-content\/uploads\/sites\/3\/2025\/08\/WhatsApp-Image-2025-08-07-at-09.57.46_2025-08-07_13-00-46-696x517.webp 696w, https:\/\/cdn.media-acidadeon.com.br\/ribeiraopreto\/wp-content\/uploads\/sites\/3\/2025\/08\/WhatsApp-Image-2025-08-07-at-09.57.46_2025-08-07_13-00-46-1068x794.webp 1068w\" sizes=\"(max-width: 1200px) 100vw, 1200px\"\/><figcaption class=\"wp-element-caption\">Opera\u00e7\u00e3o Descalabro foi deflagrada nesta desta quinta-feira (7) \u2013 Fotos: Divulga\u00e7\u00e3o \/ Pol\u00edcia Federal  <\/figcaption><\/figure>\n<p>SAIBA MAIS<\/p>\n<p>PF faz opera\u00e7\u00e3o contra desvio de R$ 13 milh\u00f5es da sa\u00fade na regi\u00e3o de Ribeir\u00e3o Preto<\/p>\n<h3 class=\"wp-block-heading\"><strong>FIQUE ON<\/strong><\/h3>\n<p>Fique ligado em tudo que acontece em Ribeir\u00e3o Preto e regi\u00e3o. Siga os perfis do\u00a0<strong>acidade on\u00a0<\/strong>no<a href=\"https:\/\/www.instagram.com\/acidadeonribeirao\" target=\"_blank\" rel=\"noreferrer noopener\">\u00a0Instagram<\/a>\u00a0e no\u00a0<a href=\"https:\/\/www.facebook.com\/acidadeonribeirao\/\" target=\"_blank\" rel=\"noreferrer noopener\">Facebook<\/a>.<\/p>\n<p>Receba not\u00edcias do\u00a0<strong>acidade on<\/strong>\u00a0no WhatsApp.<a href=\"https:\/\/chat.whatsapp.com\/BjKQZ9oJwlz8VVT50NuePq\" target=\"_blank\" rel=\"noreferrer noopener\">\u00a0Para entrar no grupo, basta clicar aqui.<\/a><\/p>\n<p>Fa\u00e7a uma den\u00fancia ou sugira uma reportagem sobre Ribeir\u00e3o Preto e regi\u00e3o pelo WhatsApp: 16 99117 7802.<\/p>\n<p>VEJA TAMB\u00c9M<\/p>\n<p>Quem \u00e9 o Isaque Corredor?<\/p>\n<p><!-- AI CONTENT END 1 -->\n<\/div>\n<\/div>\n<p><script async src=\"\/\/www.instagram.com\/embed.js\"><\/script><br \/>\n<br \/><br \/>\n<br \/><a href=\"https:\/\/www.acidadeon.com\/ribeiraopreto\/politica\/ex-prefeito-de-bebedouro-e-alvo-de-operacao-da-pf-que-investiga-desvio-na-saude\/\">Source link <\/a><\/p>\n<!-- CONTENT END 1 -->\n","protected":false},"excerpt":{"rendered":"<p>O ex-prefeito de Bebedouro Fernando Galv\u00e3o Moura \u00e9 um dos alvos da opera\u00e7\u00e3o Descalabro, deflagada nesta quinta-feira (7) pela PF (Pol\u00edcia Federal) para investigar o&#8230;<\/p>\n","protected":false},"author":1,"featured_media":75366,"comment_status":"open","ping_status":"open","sticky":false,"template":"","format":"standard","meta":{"advanced_seo_description":"","jetpack_seo_html_title":"","jetpack_seo_noindex":false,"jetpack_post_was_ever_published":false,"_jetpack_newsletter_access":"","_jetpack_dont_email_post_to_subs":false,"_jetpack_newsletter_tier_id":0,"_jetpack_memberships_contains_paywalled_content":false,"_jetpack_memberships_contains_paid_content":false,"footnotes":"","jetpack_publicize_message":"","jetpack_publicize_feature_enabled":true,"jetpack_social_post_already_shared":true,"jetpack_social_options":{"image_generator_settings":{"template":"highway","default_image_id":0,"font":"","enabled":false},"version":2}},"categories":[11],"tags":[],"class_list":["post-75365","post","type-post","status-publish","format-standard","has-post-thumbnail","hentry","category-noticias-de-ribeirao-preto-sp-e-regiao-ismael-colosi"],"jetpack_publicize_connections":[],"jetpack_featured_media_url":"https:\/\/i0.wp.com\/noticiasribeiraopreto.com.br\/wp-content\/uploads\/2025\/08\/FERNANDO-GALVAO_2025-08-07_13-54-53.webp.webp?fit=1200%2C811&ssl=1","jetpack-related-posts":[{"id":75346,"url":"https:\/\/noticiasribeiraopreto.com.br\/index.php\/2025\/08\/07\/pf-faz-operacao-contra-desvio-de-r-13-milhoes-da-saude-na-regiao-de-ribeirao-preto\/","url_meta":{"origin":75365,"position":0},"title":"PF faz opera\u00e7\u00e3o contra desvio de R$ 13 milh\u00f5es da sa\u00fade na regi\u00e3o de Ribeir\u00e3o Preto","author":"noticiasribeiraopreto.com.br","date":"7 de August de 2025","format":false,"excerpt":"A PF (Pol\u00edcia Federal) deflagrou nesta quinta-feira (7) a Opera\u00e7\u00e3o Descalabro que investiga esquema de desvio de recursos p\u00fablicos na sa\u00fade em Bebedouro, cidade a 80 quil\u00f4metros de Ribeir\u00e3o Preto. Segundo a pol\u00edcia, foram cumpridos 15 mandados de busca e apreens\u00e3o, al\u00e9m de sequestro de bens e valores dos investigados.\u2026","rel":"","context":"In &quot;Not\u00edcias de Ribeir\u00e3o Preto-SP e Regi\u00e3o&quot;","block_context":{"text":"Not\u00edcias de Ribeir\u00e3o Preto-SP e Regi\u00e3o","link":"https:\/\/noticiasribeiraopreto.com.br\/index.php\/category\/noticias-de-ribeirao-preto-sp-e-regiao-ismael-colosi\/"},"img":{"alt_text":"","src":"https:\/\/i0.wp.com\/noticiasribeiraopreto.com.br\/wp-content\/uploads\/2025\/08\/WhatsApp-Image-2025-08-07-at-09.57.46_2025-08-07_13-00-46.webp.webp?fit=1200%2C892&ssl=1&resize=350%2C200","width":350,"height":200,"srcset":"https:\/\/i0.wp.com\/noticiasribeiraopreto.com.br\/wp-content\/uploads\/2025\/08\/WhatsApp-Image-2025-08-07-at-09.57.46_2025-08-07_13-00-46.webp.webp?fit=1200%2C892&ssl=1&resize=350%2C200 1x, https:\/\/i0.wp.com\/noticiasribeiraopreto.com.br\/wp-content\/uploads\/2025\/08\/WhatsApp-Image-2025-08-07-at-09.57.46_2025-08-07_13-00-46.webp.webp?fit=1200%2C892&ssl=1&resize=525%2C300 1.5x, https:\/\/i0.wp.com\/noticiasribeiraopreto.com.br\/wp-content\/uploads\/2025\/08\/WhatsApp-Image-2025-08-07-at-09.57.46_2025-08-07_13-00-46.webp.webp?fit=1200%2C892&ssl=1&resize=700%2C400 2x, https:\/\/i0.wp.com\/noticiasribeiraopreto.com.br\/wp-content\/uploads\/2025\/08\/WhatsApp-Image-2025-08-07-at-09.57.46_2025-08-07_13-00-46.webp.webp?fit=1200%2C892&ssl=1&resize=1050%2C600 3x"},"classes":[]},{"id":61062,"url":"https:\/\/noticiasribeiraopreto.com.br\/index.php\/2024\/12\/03\/pf-faz-operacao-na-regiao-de-ribeirao-preto-contra-desvios-na-saude\/","url_meta":{"origin":75365,"position":1},"title":"PF faz opera\u00e7\u00e3o na regi\u00e3o de Ribeir\u00e3o Preto contra desvios na sa\u00fade","author":"noticiasribeiraopreto.com.br","date":"3 de December de 2024","format":false,"excerpt":"A PF (Pol\u00edcia Federal) deflagrou nesta ter\u00e7a-feira (3) a opera\u00e7\u00e3o Quarto Elemento que apura desvios de recursos p\u00fablicos direcionados \u00e0 sa\u00fade. A a\u00e7\u00e3o para o cumprimento de 13 mandados de busca e apreens\u00e3o acontece em dez cidades do estado de S\u00e3o Paulo, incluindo Barretos, a aproximadamente 130 quil\u00f4metros de Ribeir\u00e3o\u2026","rel":"","context":"In &quot;Not\u00edcias de Ribeir\u00e3o Preto-SP e Regi\u00e3o&quot;","block_context":{"text":"Not\u00edcias de Ribeir\u00e3o Preto-SP e Regi\u00e3o","link":"https:\/\/noticiasribeiraopreto.com.br\/index.php\/category\/noticias-de-ribeirao-preto-sp-e-regiao-ismael-colosi\/"},"img":{"alt_text":"","src":"https:\/\/i0.wp.com\/noticiasribeiraopreto.com.br\/wp-content\/uploads\/2024\/12\/POLICIA-FEDERAL_2024-12-03_10-43-26_jpg_2024-12-03_10-43-26.webp.webp?fit=1200%2C752&ssl=1&resize=350%2C200","width":350,"height":200,"srcset":"https:\/\/i0.wp.com\/noticiasribeiraopreto.com.br\/wp-content\/uploads\/2024\/12\/POLICIA-FEDERAL_2024-12-03_10-43-26_jpg_2024-12-03_10-43-26.webp.webp?fit=1200%2C752&ssl=1&resize=350%2C200 1x, https:\/\/i0.wp.com\/noticiasribeiraopreto.com.br\/wp-content\/uploads\/2024\/12\/POLICIA-FEDERAL_2024-12-03_10-43-26_jpg_2024-12-03_10-43-26.webp.webp?fit=1200%2C752&ssl=1&resize=525%2C300 1.5x, https:\/\/i0.wp.com\/noticiasribeiraopreto.com.br\/wp-content\/uploads\/2024\/12\/POLICIA-FEDERAL_2024-12-03_10-43-26_jpg_2024-12-03_10-43-26.webp.webp?fit=1200%2C752&ssl=1&resize=700%2C400 2x, https:\/\/i0.wp.com\/noticiasribeiraopreto.com.br\/wp-content\/uploads\/2024\/12\/POLICIA-FEDERAL_2024-12-03_10-43-26_jpg_2024-12-03_10-43-26.webp.webp?fit=1200%2C752&ssl=1&resize=1050%2C600 3x"},"classes":[]},{"id":61599,"url":"https:\/\/noticiasribeiraopreto.com.br\/index.php\/2024\/12\/17\/operacao-da-pf-contra-desvios-no-sus-faz-buscas-em-ribeirao-preto\/","url_meta":{"origin":75365,"position":2},"title":"Opera\u00e7\u00e3o da PF contra desvios no SUS faz buscas em Ribeir\u00e3o Preto","author":"noticiasribeiraopreto.com.br","date":"17 de December de 2024","format":false,"excerpt":"A PF (Pol\u00edcia Federal) deflagrou nesta ter\u00e7a-feira (17) a opera\u00e7\u00e3o \u00c1rtemis contra desvios de recursos p\u00fablicos do Sistema \u00danico de Sa\u00fade (SUS) em munic\u00edpios do estado do Paran\u00e1. Al\u00e9m de Curitiba e regi\u00e3o metropolitana, a a\u00e7\u00e3o tamb\u00e9m acontece em S\u00e3o Paulo, e nas cidades paulistas de Santa Isabel e Ribeir\u00e3o\u2026","rel":"","context":"In &quot;Not\u00edcias de Ribeir\u00e3o Preto-SP e Regi\u00e3o&quot;","block_context":{"text":"Not\u00edcias de Ribeir\u00e3o Preto-SP e Regi\u00e3o","link":"https:\/\/noticiasribeiraopreto.com.br\/index.php\/category\/noticias-de-ribeirao-preto-sp-e-regiao-ismael-colosi\/"},"img":{"alt_text":"","src":"https:\/\/i0.wp.com\/noticiasribeiraopreto.com.br\/wp-content\/uploads\/2024\/12\/POLICIA-FEDERAL_2024-12-17_12-53-51_jpg_2024-12-17_12-53-51.webp.webp?fit=1200%2C743&ssl=1&resize=350%2C200","width":350,"height":200,"srcset":"https:\/\/i0.wp.com\/noticiasribeiraopreto.com.br\/wp-content\/uploads\/2024\/12\/POLICIA-FEDERAL_2024-12-17_12-53-51_jpg_2024-12-17_12-53-51.webp.webp?fit=1200%2C743&ssl=1&resize=350%2C200 1x, https:\/\/i0.wp.com\/noticiasribeiraopreto.com.br\/wp-content\/uploads\/2024\/12\/POLICIA-FEDERAL_2024-12-17_12-53-51_jpg_2024-12-17_12-53-51.webp.webp?fit=1200%2C743&ssl=1&resize=525%2C300 1.5x, https:\/\/i0.wp.com\/noticiasribeiraopreto.com.br\/wp-content\/uploads\/2024\/12\/POLICIA-FEDERAL_2024-12-17_12-53-51_jpg_2024-12-17_12-53-51.webp.webp?fit=1200%2C743&ssl=1&resize=700%2C400 2x, https:\/\/i0.wp.com\/noticiasribeiraopreto.com.br\/wp-content\/uploads\/2024\/12\/POLICIA-FEDERAL_2024-12-17_12-53-51_jpg_2024-12-17_12-53-51.webp.webp?fit=1200%2C743&ssl=1&resize=1050%2C600 3x"},"classes":[]},{"id":79718,"url":"https:\/\/noticiasribeiraopreto.com.br\/index.php\/2025\/11\/06\/prefeito-tiktoker-de-sorocaba-e-afastado-por-escandalo-na-saude\/","url_meta":{"origin":75365,"position":3},"title":"&#8220;Prefeito tiktoker\u201d de Sorocaba \u00e9 afastado por esc\u00e2ndalo na sa\u00fade","author":"noticiasribeiraopreto.com.br","date":"6 de November de 2025","format":false,"excerpt":"6 de novembro de 2025 13:546 de novembro de 2025 13:552 Compartilhar0 O prefeito de Sorocaba, Rodrigo Manga (Republicanos) foi afastado do cargo nesta quinta-feira (6) ap\u00f3s decis\u00e3o judicial atendendo pedido da Pol\u00edcia Federal, no \u00e2mbito da segunda fase da opera\u00e7\u00e3o \u201cCopia e Cola\u201d. A investiga\u00e7\u00e3o apura poss\u00edveis irregularidades na\u2026","rel":"","context":"In &quot;Not\u00edcias de Ribeir\u00e3o Preto-SP e Regi\u00e3o&quot;","block_context":{"text":"Not\u00edcias de Ribeir\u00e3o Preto-SP e Regi\u00e3o","link":"https:\/\/noticiasribeiraopreto.com.br\/index.php\/category\/noticias-de-ribeirao-preto-sp-e-regiao-ismael-colosi\/"},"img":{"alt_text":"","src":"https:\/\/i0.wp.com\/noticiasribeiraopreto.com.br\/wp-content\/uploads\/2025\/11\/confessionario.jpg?fit=700%2C392&ssl=1&resize=350%2C200","width":350,"height":200,"srcset":"https:\/\/i0.wp.com\/noticiasribeiraopreto.com.br\/wp-content\/uploads\/2025\/11\/confessionario.jpg?fit=700%2C392&ssl=1&resize=350%2C200 1x, https:\/\/i0.wp.com\/noticiasribeiraopreto.com.br\/wp-content\/uploads\/2025\/11\/confessionario.jpg?fit=700%2C392&ssl=1&resize=525%2C300 1.5x, https:\/\/i0.wp.com\/noticiasribeiraopreto.com.br\/wp-content\/uploads\/2025\/11\/confessionario.jpg?fit=700%2C392&ssl=1&resize=700%2C400 2x"},"classes":[]},{"id":48087,"url":"https:\/\/noticiasribeiraopreto.com.br\/index.php\/2024\/04\/30\/pf-de-ribeirao-cumpre-mandados-na-regiao-contra-crime-de-abuso-sexual-infantojuvenil\/","url_meta":{"origin":75365,"position":4},"title":"PF de Ribeir\u00e3o cumpre mandados na regi\u00e3o contra crime de abuso sexual infantojuvenil","author":"noticiasribeiraopreto.com.br","date":"30 de April de 2024","format":false,"excerpt":"A Pol\u00edcia Federal de Ribeir\u00e3o Preto cumpriu dois mandados de busca e apreens\u00e3o na casa de um homem investigado de praticar crime de abuso sexual infantojuvenil em Bebedouro. A a\u00e7\u00e3o aconteceu na manh\u00e3 desta ter\u00e7a-feira (30). Segundo a PF, os cumprimentos dos mandados ocorreu durante a Opera\u00e7\u00e3o \u201cHorus\u201d, que investiga\u2026","rel":"","context":"In &quot;Not\u00edcias de Ribeir\u00e3o Preto-SP e Regi\u00e3o&quot;","block_context":{"text":"Not\u00edcias de Ribeir\u00e3o Preto-SP e Regi\u00e3o","link":"https:\/\/noticiasribeiraopreto.com.br\/index.php\/category\/noticias-de-ribeirao-preto-sp-e-regiao-ismael-colosi\/"},"img":{"alt_text":"","src":"https:\/\/i0.wp.com\/noticiasribeiraopreto.com.br\/wp-content\/uploads\/2024\/04\/Copia-de-Copia-de-TAMANHO-EXATO-PARA-FOTOS-NO-SISTEMA-NOVO-3-2_2024-04-30_18-58-07_png.webp.webp?fit=1200%2C675&ssl=1&resize=350%2C200","width":350,"height":200,"srcset":"https:\/\/i0.wp.com\/noticiasribeiraopreto.com.br\/wp-content\/uploads\/2024\/04\/Copia-de-Copia-de-TAMANHO-EXATO-PARA-FOTOS-NO-SISTEMA-NOVO-3-2_2024-04-30_18-58-07_png.webp.webp?fit=1200%2C675&ssl=1&resize=350%2C200 1x, https:\/\/i0.wp.com\/noticiasribeiraopreto.com.br\/wp-content\/uploads\/2024\/04\/Copia-de-Copia-de-TAMANHO-EXATO-PARA-FOTOS-NO-SISTEMA-NOVO-3-2_2024-04-30_18-58-07_png.webp.webp?fit=1200%2C675&ssl=1&resize=525%2C300 1.5x, https:\/\/i0.wp.com\/noticiasribeiraopreto.com.br\/wp-content\/uploads\/2024\/04\/Copia-de-Copia-de-TAMANHO-EXATO-PARA-FOTOS-NO-SISTEMA-NOVO-3-2_2024-04-30_18-58-07_png.webp.webp?fit=1200%2C675&ssl=1&resize=700%2C400 2x, https:\/\/i0.wp.com\/noticiasribeiraopreto.com.br\/wp-content\/uploads\/2024\/04\/Copia-de-Copia-de-TAMANHO-EXATO-PARA-FOTOS-NO-SISTEMA-NOVO-3-2_2024-04-30_18-58-07_png.webp.webp?fit=1200%2C675&ssl=1&resize=1050%2C600 3x"},"classes":[]},{"id":58814,"url":"https:\/\/noticiasribeiraopreto.com.br\/index.php\/2024\/10\/06\/eleicoes-2024-lucas-seren-e-eleito-prefeito-de-bebedouro\/","url_meta":{"origin":75365,"position":5},"title":"Elei\u00e7\u00f5es 2024: Lucas Seren \u00e9 eleito prefeito de Bebedouro","author":"noticiasribeiraopreto.com.br","date":"6 de October de 2024","format":false,"excerpt":"O candidato Lucas Seren (PL) foi eleito prefeito de Bebedouro, cidade na regi\u00e3o de Ribeir\u00e3o Preto, na noite deste domingo (6). Conforme os dados do Tribunal Superior Eleitoral (TSE), com 100% dos votos apurados, Lucas Seren foi reeleito prefeito de Bebedouro, com 57,70% dos votos. Dr. Fernando Piffer (PSD) teve\u2026","rel":"","context":"In &quot;Not\u00edcias de Ribeir\u00e3o Preto-SP e Regi\u00e3o&quot;","block_context":{"text":"Not\u00edcias de Ribeir\u00e3o Preto-SP e Regi\u00e3o","link":"https:\/\/noticiasribeiraopreto.com.br\/index.php\/category\/noticias-de-ribeirao-preto-sp-e-regiao-ismael-colosi\/"},"img":{"alt_text":"","src":"https:\/\/i0.wp.com\/noticiasribeiraopreto.com.br\/wp-content\/uploads\/2024\/10\/lucas-seren_2024-10-06_22-24-01_jpg_2024-10-06_22-24-01.webp.webp?fit=975%2C484&ssl=1&resize=350%2C200","width":350,"height":200,"srcset":"https:\/\/i0.wp.com\/noticiasribeiraopreto.com.br\/wp-content\/uploads\/2024\/10\/lucas-seren_2024-10-06_22-24-01_jpg_2024-10-06_22-24-01.webp.webp?fit=975%2C484&ssl=1&resize=350%2C200 1x, https:\/\/i0.wp.com\/noticiasribeiraopreto.com.br\/wp-content\/uploads\/2024\/10\/lucas-seren_2024-10-06_22-24-01_jpg_2024-10-06_22-24-01.webp.webp?fit=975%2C484&ssl=1&resize=525%2C300 1.5x, https:\/\/i0.wp.com\/noticiasribeiraopreto.com.br\/wp-content\/uploads\/2024\/10\/lucas-seren_2024-10-06_22-24-01_jpg_2024-10-06_22-24-01.webp.webp?fit=975%2C484&ssl=1&resize=700%2C400 2x"},"classes":[]}],"jetpack_sharing_enabled":true,"jetpack_shortlink":"https:\/\/wp.me\/peQAOb-jBz","_links":{"self":[{"href":"https:\/\/noticiasribeiraopreto.com.br\/index.php\/wp-json\/wp\/v2\/posts\/75365","targetHints":{"allow":["GET"]}}],"collection":[{"href":"https:\/\/noticiasribeiraopreto.com.br\/index.php\/wp-json\/wp\/v2\/posts"}],"about":[{"href":"https:\/\/noticiasribeiraopreto.com.br\/index.php\/wp-json\/wp\/v2\/types\/post"}],"author":[{"embeddable":true,"href":"https:\/\/noticiasribeiraopreto.com.br\/index.php\/wp-json\/wp\/v2\/users\/1"}],"replies":[{"embeddable":true,"href":"https:\/\/noticiasribeiraopreto.com.br\/index.php\/wp-json\/wp\/v2\/comments?post=75365"}],"version-history":[{"count":0,"href":"https:\/\/noticiasribeiraopreto.com.br\/index.php\/wp-json\/wp\/v2\/posts\/75365\/revisions"}],"wp:featuredmedia":[{"embeddable":true,"href":"https:\/\/noticiasribeiraopreto.com.br\/index.php\/wp-json\/wp\/v2\/media\/75366"}],"wp:attachment":[{"href":"https:\/\/noticiasribeiraopreto.com.br\/index.php\/wp-json\/wp\/v2\/media?parent=75365"}],"wp:term":[{"taxonomy":"category","embeddable":true,"href":"https:\/\/noticiasribeiraopreto.com.br\/index.php\/wp-json\/wp\/v2\/categories?post=75365"},{"taxonomy":"post_tag","embeddable":true,"href":"https:\/\/noticiasribeiraopreto.com.br\/index.php\/wp-json\/wp\/v2\/tags?post=75365"}],"curies":[{"name":"wp","href":"https:\/\/api.w.org\/{rel}","templated":true}]}}