{"id":75444,"date":"2025-08-08T18:11:22","date_gmt":"2025-08-08T21:11:22","guid":{"rendered":"https:\/\/noticiasribeiraopreto.com.br\/index.php\/2025\/08\/08\/ruas-tem-sentidos-alterados-nas-zonas-leste-e-norte-de-ribeirao-preto-veja-as-mudancas\/"},"modified":"2025-08-08T18:11:22","modified_gmt":"2025-08-08T21:11:22","slug":"ruas-tem-sentidos-alterados-nas-zonas-leste-e-norte-de-ribeirao-preto-veja-as-mudancas","status":"publish","type":"post","link":"https:\/\/noticiasribeiraopreto.com.br\/index.php\/2025\/08\/08\/ruas-tem-sentidos-alterados-nas-zonas-leste-e-norte-de-ribeirao-preto-veja-as-mudancas\/","title":{"rendered":"Ruas t\u00eam sentidos alterados nas zonas Leste e Norte de Ribeir\u00e3o Preto; veja as mudan\u00e7as"},"content":{"rendered":"<div class='code-block code-block-1' style='margin: 8px 0 8px auto; text-align: right; display: block; clear: both;'>\n<p><a href=\"https:\/\/wa.link\/vpicfd\"><img data-recalc-dims=\"1\" class=\"wp-image-4922\" style=\"aspect-ratio: 2.0253164556962027; width: 561px; height: auto;\" src=\"https:\/\/i0.wp.com\/ismaelcolosi.com.br\/wp-content\/uploads\/2023\/11\/grupo-de-empregos-whatsapp-e-facebook-ismael-colosi-vagas.jpg?ssl=1\" alt=\"\" \/><\/a><\/p>\n<!-- \/wp:image -->\n<\/div>\n<p> <br \/>\n<\/p>\n<div data-td-block-uid=\"tdi_95\">\n<div class=\"tdb-block-inner td-fix-index\">\n<p>A circula\u00e7\u00e3o de ve\u00edculos em ruas das<strong> zonas Leste e Norte de Ribeir\u00e3o Preto muda a partir deste domingo<\/strong> (10). No bairro <strong>Recreio Anhanguera<\/strong>, sete vias ter\u00e3o o sentido de tr\u00e1fego alterado. J\u00e1 no <strong>Parque Industrial Tanquinho<\/strong>, uma rua passa a operar em m\u00e3o dupla. As mudan\u00e7as afetam tamb\u00e9m o trajeto da linha de \u00f4nibus <strong>53 \u2013 Recreio Anhanguera<\/strong>, a partir de segunda-feira.<\/p>\n<h3 class=\"wp-block-heading\"><strong>Recreio Anhanguera<\/strong><\/h3>\n<p>As altera\u00e7\u00f5es integram o novo plano de circula\u00e7\u00e3o vi\u00e1ria da cidade. Veja como ficam os novos sentidos das vias:<\/p>\n<figure class=\"wp-block-table\">\n<table class=\"has-fixed-layout\">\n<thead>\n<tr>\n<th><strong>Rua<\/strong><\/th>\n<th><strong>Novo sentido de circula\u00e7\u00e3o<\/strong><\/th>\n<\/tr>\n<\/thead>\n<tbody>\n<tr>\n<td>Jos\u00e9 Fazio<\/td>\n<td>Sentido \u00fanico da rua Jos\u00e9 Domingos Machado at\u00e9 a rua Alexandre Villa<\/td>\n<\/tr>\n<tr>\n<td>Tenente Jo\u00e3o Batista Pires S. Corr\u00eaa<\/td>\n<td>Sentido \u00fanico da rua Elisa Serra Caldana at\u00e9 a rua Jos\u00e9 Domingos MachadoM\u00e3o dupla da rua Mirian Strambi at\u00e9 a rua Jos\u00e9 Domingos Machado<\/td>\n<\/tr>\n<tr>\n<td>Geraldo Geraldi<\/td>\n<td>Sentido \u00fanico da rua Jos\u00e9 Domingos Machado at\u00e9 a rua Elisa Serra Caldana<\/td>\n<\/tr>\n<tr>\n<td>Dr. Newton Pedro Camargo<\/td>\n<td>Sentido \u00fanico da rua Mirian Strambi at\u00e9 a rua Benjamin Cione<\/td>\n<\/tr>\n<tr>\n<td>Jos\u00e9 Domingos Machado<\/td>\n<td>Sentido \u00fanico da rua Tenente Jo\u00e3o Batista Pires S. Corr\u00eaa at\u00e9 a rua Jos\u00e9 Fazio<\/td>\n<\/tr>\n<tr>\n<td>Mirian Strambi<\/td>\n<td>Sentido \u00fanico da rua Jos\u00e9 Fazio at\u00e9 a rua Dr. Newton Pedro Camargo<\/td>\n<\/tr>\n<tr>\n<td>Benjamin Cione<\/td>\n<td>Sentido \u00fanico da rua Dr. Newton Pedro Camargo at\u00e9 a rua Jos\u00e9 Fazio<\/td>\n<\/tr>\n<\/tbody>\n<\/table>\n<\/figure>\n<p>As <strong>ruas recebem nova sinaliza\u00e7\u00e3o<\/strong>, com <strong>instala\u00e7\u00e3o de placas<\/strong>, <strong>cavaletes <\/strong>e <strong>pintura de solo<\/strong>. A orienta\u00e7\u00e3o \u00e9 que motoristas acompanhem as mudan\u00e7as para evitar infra\u00e7\u00f5es e acidentes.<\/p>\n<div class=\"wp-block-image\">\n<figure class=\"aligncenter size-large is-resized\"><img data-recalc-dims=\"1\" fetchpriority=\"high\" decoding=\"async\" width=\"1024\" height=\"616\" src=\"https:\/\/i0.wp.com\/cdn.media-acidadeon.com.br\/ribeiraopreto\/wp-content\/uploads\/sites\/3\/2025\/08\/Imagem-do-WhatsApp-de-2025-08-08-as-17.16.07_4402b461_2025-08-08_20-33-10-1024x616.webp?resize=1024%2C616&#038;ssl=1\" alt=\"\" class=\"wp-image-125186\" style=\"width:667px;height:auto\" srcset=\"https:\/\/cdn.media-acidadeon.com.br\/ribeiraopreto\/wp-content\/uploads\/sites\/3\/2025\/08\/Imagem-do-WhatsApp-de-2025-08-08-as-17.16.07_4402b461_2025-08-08_20-33-10-1024x616.webp 1024w, https:\/\/cdn.media-acidadeon.com.br\/ribeiraopreto\/wp-content\/uploads\/sites\/3\/2025\/08\/Imagem-do-WhatsApp-de-2025-08-08-as-17.16.07_4402b461_2025-08-08_20-33-10-300x181.webp 300w, https:\/\/cdn.media-acidadeon.com.br\/ribeiraopreto\/wp-content\/uploads\/sites\/3\/2025\/08\/Imagem-do-WhatsApp-de-2025-08-08-as-17.16.07_4402b461_2025-08-08_20-33-10-768x462.webp 768w, https:\/\/cdn.media-acidadeon.com.br\/ribeiraopreto\/wp-content\/uploads\/sites\/3\/2025\/08\/Imagem-do-WhatsApp-de-2025-08-08-as-17.16.07_4402b461_2025-08-08_20-33-10-696x419.webp 696w, https:\/\/cdn.media-acidadeon.com.br\/ribeiraopreto\/wp-content\/uploads\/sites\/3\/2025\/08\/Imagem-do-WhatsApp-de-2025-08-08-as-17.16.07_4402b461_2025-08-08_20-33-10-1068x643.webp 1068w, https:\/\/cdn.media-acidadeon.com.br\/ribeiraopreto\/wp-content\/uploads\/sites\/3\/2025\/08\/Imagem-do-WhatsApp-de-2025-08-08-as-17.16.07_4402b461_2025-08-08_20-33-10.webp 1200w\" sizes=\"(max-width: 1024px) 100vw, 1024px\"\/><figcaption class=\"wp-element-caption\">Divulga\u00e7\u00e3o \/ RP Mobi<\/figcaption><\/figure>\n<\/div>\n<h3 class=\"wp-block-heading\"><strong>Linha de \u00f4nibus <\/strong><\/h3>\n<p>Com as mudan\u00e7as no Recreio Anhanguera, a linha <strong>53 \u2013 Recreio Anhanguera<\/strong> ter\u00e1 novo trajeto a partir de <strong>11 de agosto (segunda-feira)<\/strong>. O \u00f4nibus seguir\u00e1 da marginal direita da rodovia Anhanguera pelas ruas:<\/p>\n<ul class=\"wp-block-list\">\n<li>Dr. Newton Pedro Camargo<\/li>\n<li>Benjamin Cione<\/li>\n<li>Tenente Jo\u00e3o Batista Pires S. Corr\u00eaa<\/li>\n<li>Jos\u00e9 Domingos Machado<\/li>\n<\/ul>\n<p>Em seguida, o ve\u00edculo retorna ao itiner\u00e1rio habitual.<\/p>\n<h3 class=\"wp-block-heading\"><strong>M\u00e3o dupla no Tanquinho<\/strong><\/h3>\n<p>No bairro <strong>Parque Industrial Tanquinho<\/strong>, na zona Norte, a rua <strong>Romano Cor\u00f3<\/strong> passou a ter m\u00e3o dupla no trecho entre a <strong>avenida Thomaz Alberto<\/strong> e a <strong>rua Argentina<\/strong>. A mudan\u00e7a j\u00e1 est\u00e1 em vigor e inclui refor\u00e7o na sinaliza\u00e7\u00e3o nas vias pr\u00f3ximas, com destaque para a pr\u00f3pria avenida Thomaz Alberto.<\/p>\n<div class=\"wp-block-image\">\n<figure class=\"aligncenter size-large is-resized\"><img data-recalc-dims=\"1\" loading=\"lazy\" decoding=\"async\" width=\"1024\" height=\"587\" src=\"https:\/\/i0.wp.com\/cdn.media-acidadeon.com.br\/ribeiraopreto\/wp-content\/uploads\/sites\/3\/2025\/08\/Imagem-do-WhatsApp-de-2025-08-08-as-17.17.32_025eaf64_2025-08-08_20-34-11-1024x587.webp?resize=1024%2C587&#038;ssl=1\" alt=\"\" class=\"wp-image-125187\" style=\"width:722px;height:auto\" srcset=\"https:\/\/cdn.media-acidadeon.com.br\/ribeiraopreto\/wp-content\/uploads\/sites\/3\/2025\/08\/Imagem-do-WhatsApp-de-2025-08-08-as-17.17.32_025eaf64_2025-08-08_20-34-11-1024x587.webp 1024w, https:\/\/cdn.media-acidadeon.com.br\/ribeiraopreto\/wp-content\/uploads\/sites\/3\/2025\/08\/Imagem-do-WhatsApp-de-2025-08-08-as-17.17.32_025eaf64_2025-08-08_20-34-11-300x172.webp 300w, https:\/\/cdn.media-acidadeon.com.br\/ribeiraopreto\/wp-content\/uploads\/sites\/3\/2025\/08\/Imagem-do-WhatsApp-de-2025-08-08-as-17.17.32_025eaf64_2025-08-08_20-34-11-768x440.webp 768w, https:\/\/cdn.media-acidadeon.com.br\/ribeiraopreto\/wp-content\/uploads\/sites\/3\/2025\/08\/Imagem-do-WhatsApp-de-2025-08-08-as-17.17.32_025eaf64_2025-08-08_20-34-11-696x399.webp 696w, https:\/\/cdn.media-acidadeon.com.br\/ribeiraopreto\/wp-content\/uploads\/sites\/3\/2025\/08\/Imagem-do-WhatsApp-de-2025-08-08-as-17.17.32_025eaf64_2025-08-08_20-34-11-1068x612.webp 1068w, https:\/\/cdn.media-acidadeon.com.br\/ribeiraopreto\/wp-content\/uploads\/sites\/3\/2025\/08\/Imagem-do-WhatsApp-de-2025-08-08-as-17.17.32_025eaf64_2025-08-08_20-34-11.webp 1200w\" sizes=\"auto, (max-width: 1024px) 100vw, 1024px\"\/><figcaption class=\"wp-element-caption\">Avenida Thomaz Alberto Whately com a rua Romano\u00a0Cor\u00f3 \u2013 Foto: RP Mobi<\/figcaption><\/figure>\n<\/div>\n<hr class=\"wp-block-separator has-alpha-channel-opacity\"\/>\n<p>SAIBA MAIS<br \/>Mulher \u00e9 presa suspeita de matar enteado de 1 ano na regi\u00e3o de Ribeir\u00e3o Preto<\/p>\n<h3 class=\"wp-block-heading\"><strong>FIQUE ON\u00a0\u00a0\u00a0\u00a0\u00a0\u00a0\u00a0\u00a0\u00a0<\/strong><\/h3>\n<p>Quer ficar por dentro de tudo que acontece em Ribeir\u00e3o Preto e regi\u00e3o? Ent\u00e3o siga os perfis do\u202facidade on\u202fno\u202f<a href=\"https:\/\/www.instagram.com\/acidadeonribeirao\" target=\"_blank\" rel=\"noreferrer noopener\">Instagram<\/a>\u202fe no\u202f<a href=\"https:\/\/www.facebook.com\/acidadeonribeirao\/\" target=\"_blank\" rel=\"noreferrer noopener\">Facebook<\/a>.<\/p>\n<p>Al\u00e9m disso, voc\u00ea pode receber as principais not\u00edcias diretamente no WhatsApp. Para isso, basta\u00a0<a href=\"https:\/\/chat.whatsapp.com\/BjKQZ9oJwlz8VVT50NuePq\" target=\"_blank\" rel=\"noreferrer noopener\">entrar no grupo clicando aqui<\/a>.<\/p>\n<p>Por fim, se quiser fazer uma den\u00fancia ou sugerir uma reportagem sobre Ribeir\u00e3o Preto e regi\u00e3o, envie uma mensagem pelo WhatsApp: (16) 99117-7802.<\/p>\n<p>VEJA TAMB\u00c9M<br \/>Quem \u00e9 Felca?<\/p>\n<p><!-- AI CONTENT END 1 -->\n<\/div>\n<\/div>\n<p><script async src=\"\/\/www.instagram.com\/embed.js\"><\/script><br \/>\n<br \/><br \/>\n<br \/><a href=\"https:\/\/www.acidadeon.com\/ribeiraopreto\/cotidiano\/ruastem-sentidos-alterados-nas-zonas-leste-e-norte-de-ribeirao-preto-veja-as-mudancas\/\">Source link <\/a><\/p>\n<!-- CONTENT END 1 -->\n","protected":false},"excerpt":{"rendered":"<p>A circula\u00e7\u00e3o de ve\u00edculos em ruas das zonas Leste e Norte de Ribeir\u00e3o Preto muda a partir deste domingo (10). No bairro Recreio Anhanguera, sete&#8230;<\/p>\n","protected":false},"author":1,"featured_media":75445,"comment_status":"open","ping_status":"open","sticky":false,"template":"","format":"standard","meta":{"advanced_seo_description":"","jetpack_seo_html_title":"","jetpack_seo_noindex":false,"jetpack_post_was_ever_published":false,"_jetpack_newsletter_access":"","_jetpack_dont_email_post_to_subs":false,"_jetpack_newsletter_tier_id":0,"_jetpack_memberships_contains_paywalled_content":false,"_jetpack_memberships_contains_paid_content":false,"footnotes":"","jetpack_publicize_message":"","jetpack_publicize_feature_enabled":true,"jetpack_social_post_already_shared":true,"jetpack_social_options":{"image_generator_settings":{"template":"highway","default_image_id":0,"font":"","enabled":false},"version":2}},"categories":[11],"tags":[],"class_list":["post-75444","post","type-post","status-publish","format-standard","has-post-thumbnail","hentry","category-noticias-de-ribeirao-preto-sp-e-regiao-ismael-colosi"],"jetpack_publicize_connections":[],"jetpack_featured_media_url":"https:\/\/i0.wp.com\/noticiasribeiraopreto.com.br\/wp-content\/uploads\/2025\/08\/Copia-de-Copia-de-Copia-de-TAMANHO-EXATO-PARA-FOTOS-NO-SISTEMA-NOVO-2025-08-08T173807.224_2025-08-08_20-41-07.webp.webp?fit=1200%2C675&ssl=1","jetpack-related-posts":[{"id":80216,"url":"https:\/\/noticiasribeiraopreto.com.br\/index.php\/2025\/11\/17\/rua-da-zona-leste-de-ribeirao-preto-tera-sentido-alterado-a-partir-de-amanha\/","url_meta":{"origin":75444,"position":0},"title":"Rua da zona Leste de Ribeir\u00e3o Preto ter\u00e1 sentido alterado a partir de amanh\u00e3","author":"noticiasribeiraopreto.com.br","date":"17 de November de 2025","format":false,"excerpt":"A zona Leste de Ribeir\u00e3o Preto ter\u00e1 uma mudan\u00e7a no tr\u00e2nsito a partir desta ter\u00e7a-feira (18). A rua Jo\u00e3o Nutti, no Jardim Paulistano, passar\u00e1 a operar em sentido \u00fanico no trecho entre a rua Iguape e a rua \u00c2ngelo Belloni, direcionando os motoristas para a avenida Cl\u00f3vis Bevillacqua. A altera\u00e7\u00e3o\u2026","rel":"","context":"In &quot;Not\u00edcias de Ribeir\u00e3o Preto-SP e Regi\u00e3o&quot;","block_context":{"text":"Not\u00edcias de Ribeir\u00e3o Preto-SP e Regi\u00e3o","link":"https:\/\/noticiasribeiraopreto.com.br\/index.php\/category\/noticias-de-ribeirao-preto-sp-e-regiao-ismael-colosi\/"},"img":{"alt_text":"","src":"https:\/\/i0.wp.com\/noticiasribeiraopreto.com.br\/wp-content\/uploads\/2025\/08\/transito-sca_2025-08-12_22-20-28.webp.webp?fit=1200%2C675&ssl=1&resize=350%2C200","width":350,"height":200,"srcset":"https:\/\/i0.wp.com\/noticiasribeiraopreto.com.br\/wp-content\/uploads\/2025\/08\/transito-sca_2025-08-12_22-20-28.webp.webp?fit=1200%2C675&ssl=1&resize=350%2C200 1x, https:\/\/i0.wp.com\/noticiasribeiraopreto.com.br\/wp-content\/uploads\/2025\/08\/transito-sca_2025-08-12_22-20-28.webp.webp?fit=1200%2C675&ssl=1&resize=525%2C300 1.5x, https:\/\/i0.wp.com\/noticiasribeiraopreto.com.br\/wp-content\/uploads\/2025\/08\/transito-sca_2025-08-12_22-20-28.webp.webp?fit=1200%2C675&ssl=1&resize=700%2C400 2x, https:\/\/i0.wp.com\/noticiasribeiraopreto.com.br\/wp-content\/uploads\/2025\/08\/transito-sca_2025-08-12_22-20-28.webp.webp?fit=1200%2C675&ssl=1&resize=1050%2C600 3x"},"classes":[]},{"id":55991,"url":"https:\/\/noticiasribeiraopreto.com.br\/index.php\/2024\/08\/08\/novas-ruas-de-ribeirao-preto-tem-sentido-de-direcao-alterado-veja-locais-afetados\/","url_meta":{"origin":75444,"position":1},"title":"Novas ruas de Ribeir\u00e3o Preto t\u00eam sentido de dire\u00e7\u00e3o alterado; Veja locais afetados","author":"noticiasribeiraopreto.com.br","date":"8 de August de 2024","format":false,"excerpt":"A RP Mobi, empresa que gerencia o tr\u00e2nsito de Ribeir\u00e3o Preto, informou que duas novas ruas do munic\u00edpio tiveram implanta\u00e7\u00e3o de sentido \u00fanico de dire\u00e7\u00e3o, nesta quinta-feira (8). Conforme o comunicado, as altera\u00e7\u00f5es aconteceram na Vila Elisa, zona Norte de Ribeir\u00e3o Preto. \u201cA altera\u00e7\u00e3o da sinaliza\u00e7\u00e3o est\u00e1 sendo acompanhada pela\u2026","rel":"","context":"In &quot;Not\u00edcias de Ribeir\u00e3o Preto-SP e Regi\u00e3o&quot;","block_context":{"text":"Not\u00edcias de Ribeir\u00e3o Preto-SP e Regi\u00e3o","link":"https:\/\/noticiasribeiraopreto.com.br\/index.php\/category\/noticias-de-ribeirao-preto-sp-e-regiao-ismael-colosi\/"},"img":{"alt_text":"","src":"https:\/\/i0.wp.com\/noticiasribeiraopreto.com.br\/wp-content\/uploads\/2024\/08\/rua-belgica_2024-08-08_20-56-00_png_2024-08-08_20-56-00.webp.webp?fit=656%2C389&ssl=1&resize=350%2C200","width":350,"height":200,"srcset":"https:\/\/i0.wp.com\/noticiasribeiraopreto.com.br\/wp-content\/uploads\/2024\/08\/rua-belgica_2024-08-08_20-56-00_png_2024-08-08_20-56-00.webp.webp?fit=656%2C389&ssl=1&resize=350%2C200 1x, https:\/\/i0.wp.com\/noticiasribeiraopreto.com.br\/wp-content\/uploads\/2024\/08\/rua-belgica_2024-08-08_20-56-00_png_2024-08-08_20-56-00.webp.webp?fit=656%2C389&ssl=1&resize=525%2C300 1.5x"},"classes":[]},{"id":56442,"url":"https:\/\/noticiasribeiraopreto.com.br\/index.php\/2024\/08\/13\/ruas-da-zona-norte-de-ribeirao-preto-tem-sentido-de-direcao-alterado-veja-quais\/","url_meta":{"origin":75444,"position":2},"title":"Ruas da zona Norte de Ribeir\u00e3o Preto t\u00eam sentido de dire\u00e7\u00e3o alterado; Veja quais","author":"noticiasribeiraopreto.com.br","date":"13 de August de 2024","format":false,"excerpt":"A RP Mobi, empresa que gerencia o tr\u00e2nsito de Ribeir\u00e3o Preto, informou que realizou novas altera\u00e7\u00f5es no tr\u00e2nsito do munic\u00edpio nesta ter\u00e7a-feira (13). De acordo com o comunicado emitido, foi realizada a altera\u00e7\u00e3o no sentido das duas vias, denominadas Pra\u00e7a Alto de S\u00e3o Bento, devido \u00e0 conclus\u00e3o das obras do\u2026","rel":"","context":"In &quot;Not\u00edcias de Ribeir\u00e3o Preto-SP e Regi\u00e3o&quot;","block_context":{"text":"Not\u00edcias de Ribeir\u00e3o Preto-SP e Regi\u00e3o","link":"https:\/\/noticiasribeiraopreto.com.br\/index.php\/category\/noticias-de-ribeirao-preto-sp-e-regiao-ismael-colosi\/"},"img":{"alt_text":"","src":"https:\/\/i0.wp.com\/noticiasribeiraopreto.com.br\/wp-content\/uploads\/2024\/08\/via-praca-alto-do-sao-bento-2_2024-08-13_20-33-33_png_2024-08-13_20-33-33.webp.webp?fit=1200%2C624&ssl=1&resize=350%2C200","width":350,"height":200,"srcset":"https:\/\/i0.wp.com\/noticiasribeiraopreto.com.br\/wp-content\/uploads\/2024\/08\/via-praca-alto-do-sao-bento-2_2024-08-13_20-33-33_png_2024-08-13_20-33-33.webp.webp?fit=1200%2C624&ssl=1&resize=350%2C200 1x, https:\/\/i0.wp.com\/noticiasribeiraopreto.com.br\/wp-content\/uploads\/2024\/08\/via-praca-alto-do-sao-bento-2_2024-08-13_20-33-33_png_2024-08-13_20-33-33.webp.webp?fit=1200%2C624&ssl=1&resize=525%2C300 1.5x, https:\/\/i0.wp.com\/noticiasribeiraopreto.com.br\/wp-content\/uploads\/2024\/08\/via-praca-alto-do-sao-bento-2_2024-08-13_20-33-33_png_2024-08-13_20-33-33.webp.webp?fit=1200%2C624&ssl=1&resize=700%2C400 2x, https:\/\/i0.wp.com\/noticiasribeiraopreto.com.br\/wp-content\/uploads\/2024\/08\/via-praca-alto-do-sao-bento-2_2024-08-13_20-33-33_png_2024-08-13_20-33-33.webp.webp?fit=1200%2C624&ssl=1&resize=1050%2C600 3x"},"classes":[]},{"id":50001,"url":"https:\/\/noticiasribeiraopreto.com.br\/index.php\/2024\/05\/14\/novas-ruas-de-ribeirao-preto-terao-sentido-alterado-veja-os-locais-afetados\/","url_meta":{"origin":75444,"position":3},"title":"Novas ruas de Ribeir\u00e3o Preto ter\u00e3o sentido alterado; Veja os locais afetados","author":"noticiasribeiraopreto.com.br","date":"14 de May de 2024","format":false,"excerpt":"A RP Mobi realizar\u00e1 na manh\u00e3 desta ter\u00e7a-feira (14) a implanta\u00e7\u00e3o do sentido \u00fanico em duas ruas do bairro Valentina Figueiredo, na zona Norte de Ribeir\u00e3o Preto. As mudan\u00e7as afetam as ruas Tito Bonagamba e Jo\u00e3o Gual. Na semana passada, a medida j\u00e1 havia sido aplicada na zona Leste. Segundo\u2026","rel":"","context":"In &quot;Not\u00edcias de Ribeir\u00e3o Preto-SP e Regi\u00e3o&quot;","block_context":{"text":"Not\u00edcias de Ribeir\u00e3o Preto-SP e Regi\u00e3o","link":"https:\/\/noticiasribeiraopreto.com.br\/index.php\/category\/noticias-de-ribeirao-preto-sp-e-regiao-ismael-colosi\/"},"img":{"alt_text":"","src":"https:\/\/i0.wp.com\/noticiasribeiraopreto.com.br\/wp-content\/uploads\/2024\/05\/AnyConv.com__sentido-proibido_2024-05-14_13-52-38.webp.webp?fit=880%2C712&ssl=1&resize=350%2C200","width":350,"height":200,"srcset":"https:\/\/i0.wp.com\/noticiasribeiraopreto.com.br\/wp-content\/uploads\/2024\/05\/AnyConv.com__sentido-proibido_2024-05-14_13-52-38.webp.webp?fit=880%2C712&ssl=1&resize=350%2C200 1x, https:\/\/i0.wp.com\/noticiasribeiraopreto.com.br\/wp-content\/uploads\/2024\/05\/AnyConv.com__sentido-proibido_2024-05-14_13-52-38.webp.webp?fit=880%2C712&ssl=1&resize=525%2C300 1.5x, https:\/\/i0.wp.com\/noticiasribeiraopreto.com.br\/wp-content\/uploads\/2024\/05\/AnyConv.com__sentido-proibido_2024-05-14_13-52-38.webp.webp?fit=880%2C712&ssl=1&resize=700%2C400 2x"},"classes":[]},{"id":80220,"url":"https:\/\/noticiasribeiraopreto.com.br\/index.php\/2025\/11\/18\/trecho-de-rua-do-jardim-paulistano-tera-sentido-alterado\/","url_meta":{"origin":75444,"position":4},"title":"Trecho de rua do Jardim Paulistano ter\u00e1 sentido alterado","author":"noticiasribeiraopreto.com.br","date":"18 de November de 2025","format":false,"excerpt":"18 de novembro de 2025 07:39 Compartilhar0Mudan\u00e7a come\u00e7a nesta ter\u00e7a-feira, dia 18, e visa melhorar o fluxo e aumentar a seguran\u00e7a vi\u00e1ria na regi\u00e3o LesteA RP Mobi informa que, a partir desta ter\u00e7a-feira (18), o trecho da Rua Jo\u00e3o Nutti entre a Rua Iguape e a Rua \u00c2ngelo Belloni, no\u2026","rel":"","context":"In &quot;Not\u00edcias de Ribeir\u00e3o Preto-SP e Regi\u00e3o&quot;","block_context":{"text":"Not\u00edcias de Ribeir\u00e3o Preto-SP e Regi\u00e3o","link":"https:\/\/noticiasribeiraopreto.com.br\/index.php\/category\/noticias-de-ribeirao-preto-sp-e-regiao-ismael-colosi\/"},"img":{"alt_text":"","src":"https:\/\/i0.wp.com\/noticiasribeiraopreto.com.br\/wp-content\/uploads\/2025\/11\/mudancasentido_001-scaled.jpeg?fit=1171%2C780&ssl=1&resize=350%2C200","width":350,"height":200,"srcset":"https:\/\/i0.wp.com\/noticiasribeiraopreto.com.br\/wp-content\/uploads\/2025\/11\/mudancasentido_001-scaled.jpeg?fit=1171%2C780&ssl=1&resize=350%2C200 1x, https:\/\/i0.wp.com\/noticiasribeiraopreto.com.br\/wp-content\/uploads\/2025\/11\/mudancasentido_001-scaled.jpeg?fit=1171%2C780&ssl=1&resize=525%2C300 1.5x, https:\/\/i0.wp.com\/noticiasribeiraopreto.com.br\/wp-content\/uploads\/2025\/11\/mudancasentido_001-scaled.jpeg?fit=1171%2C780&ssl=1&resize=700%2C400 2x, https:\/\/i0.wp.com\/noticiasribeiraopreto.com.br\/wp-content\/uploads\/2025\/11\/mudancasentido_001-scaled.jpeg?fit=1171%2C780&ssl=1&resize=1050%2C600 3x"},"classes":[]},{"id":50323,"url":"https:\/\/noticiasribeiraopreto.com.br\/index.php\/2024\/05\/15\/rua-da-zona-sul-de-ribeirao-preto-passa-ter-sentido-unico-veja-qual\/","url_meta":{"origin":75444,"position":5},"title":"Rua da zona Sul de Ribeir\u00e3o Preto passa ter sentido \u00fanico; Veja qual","author":"noticiasribeiraopreto.com.br","date":"15 de May de 2024","format":false,"excerpt":"A RP Mobi, empresa que gerencia o tr\u00e2nsito e o transporte em Ribeir\u00e3o Preto, alterou nesta quarta-feira (15), para sentido \u00fanico a rua Galileu Galilei, a partir da rua Newton Stilac Leal em dire\u00e7\u00e3o a rua Dr. Benjamin A. Stauffer, no bairro Jardim Iraj\u00e1, na zona Sul da cidade. Al\u00e9m\u2026","rel":"","context":"In &quot;Not\u00edcias de Ribeir\u00e3o Preto-SP e Regi\u00e3o&quot;","block_context":{"text":"Not\u00edcias de Ribeir\u00e3o Preto-SP e Regi\u00e3o","link":"https:\/\/noticiasribeiraopreto.com.br\/index.php\/category\/noticias-de-ribeirao-preto-sp-e-regiao-ismael-colosi\/"},"img":{"alt_text":"","src":"https:\/\/i0.wp.com\/noticiasribeiraopreto.com.br\/wp-content\/uploads\/2024\/05\/Copia-de-Copia-de-TAMANHO-EXATO-PARA-FOTOS-NO-SISTEMA-NOVO-7_2024-05-15_21-09-22_jpg_2024-05-15_21-09-22.webp.webp?fit=1200%2C675&ssl=1&resize=350%2C200","width":350,"height":200,"srcset":"https:\/\/i0.wp.com\/noticiasribeiraopreto.com.br\/wp-content\/uploads\/2024\/05\/Copia-de-Copia-de-TAMANHO-EXATO-PARA-FOTOS-NO-SISTEMA-NOVO-7_2024-05-15_21-09-22_jpg_2024-05-15_21-09-22.webp.webp?fit=1200%2C675&ssl=1&resize=350%2C200 1x, https:\/\/i0.wp.com\/noticiasribeiraopreto.com.br\/wp-content\/uploads\/2024\/05\/Copia-de-Copia-de-TAMANHO-EXATO-PARA-FOTOS-NO-SISTEMA-NOVO-7_2024-05-15_21-09-22_jpg_2024-05-15_21-09-22.webp.webp?fit=1200%2C675&ssl=1&resize=525%2C300 1.5x, https:\/\/i0.wp.com\/noticiasribeiraopreto.com.br\/wp-content\/uploads\/2024\/05\/Copia-de-Copia-de-TAMANHO-EXATO-PARA-FOTOS-NO-SISTEMA-NOVO-7_2024-05-15_21-09-22_jpg_2024-05-15_21-09-22.webp.webp?fit=1200%2C675&ssl=1&resize=700%2C400 2x, https:\/\/i0.wp.com\/noticiasribeiraopreto.com.br\/wp-content\/uploads\/2024\/05\/Copia-de-Copia-de-TAMANHO-EXATO-PARA-FOTOS-NO-SISTEMA-NOVO-7_2024-05-15_21-09-22_jpg_2024-05-15_21-09-22.webp.webp?fit=1200%2C675&ssl=1&resize=1050%2C600 3x"},"classes":[]}],"jetpack_sharing_enabled":true,"jetpack_shortlink":"https:\/\/wp.me\/peQAOb-jCQ","_links":{"self":[{"href":"https:\/\/noticiasribeiraopreto.com.br\/index.php\/wp-json\/wp\/v2\/posts\/75444","targetHints":{"allow":["GET"]}}],"collection":[{"href":"https:\/\/noticiasribeiraopreto.com.br\/index.php\/wp-json\/wp\/v2\/posts"}],"about":[{"href":"https:\/\/noticiasribeiraopreto.com.br\/index.php\/wp-json\/wp\/v2\/types\/post"}],"author":[{"embeddable":true,"href":"https:\/\/noticiasribeiraopreto.com.br\/index.php\/wp-json\/wp\/v2\/users\/1"}],"replies":[{"embeddable":true,"href":"https:\/\/noticiasribeiraopreto.com.br\/index.php\/wp-json\/wp\/v2\/comments?post=75444"}],"version-history":[{"count":0,"href":"https:\/\/noticiasribeiraopreto.com.br\/index.php\/wp-json\/wp\/v2\/posts\/75444\/revisions"}],"wp:featuredmedia":[{"embeddable":true,"href":"https:\/\/noticiasribeiraopreto.com.br\/index.php\/wp-json\/wp\/v2\/media\/75445"}],"wp:attachment":[{"href":"https:\/\/noticiasribeiraopreto.com.br\/index.php\/wp-json\/wp\/v2\/media?parent=75444"}],"wp:term":[{"taxonomy":"category","embeddable":true,"href":"https:\/\/noticiasribeiraopreto.com.br\/index.php\/wp-json\/wp\/v2\/categories?post=75444"},{"taxonomy":"post_tag","embeddable":true,"href":"https:\/\/noticiasribeiraopreto.com.br\/index.php\/wp-json\/wp\/v2\/tags?post=75444"}],"curies":[{"name":"wp","href":"https:\/\/api.w.org\/{rel}","templated":true}]}}