{"id":75486,"date":"2025-08-09T18:32:51","date_gmt":"2025-08-09T21:32:51","guid":{"rendered":"https:\/\/noticiasribeiraopreto.com.br\/index.php\/2025\/08\/09\/botafogo-vence-itapirense-e-segue-na-luta-por-classificacao-na-copa-paulista\/"},"modified":"2025-08-09T18:32:51","modified_gmt":"2025-08-09T21:32:51","slug":"botafogo-vence-itapirense-e-segue-na-luta-por-classificacao-na-copa-paulista","status":"publish","type":"post","link":"https:\/\/noticiasribeiraopreto.com.br\/index.php\/2025\/08\/09\/botafogo-vence-itapirense-e-segue-na-luta-por-classificacao-na-copa-paulista\/","title":{"rendered":"Botafogo vence Itapirense\u00a0e segue na luta por classifica\u00e7\u00e3o na Copa Paulista"},"content":{"rendered":"<div class='code-block code-block-1' style='margin: 8px 0 8px auto; text-align: right; display: block; clear: both;'>\n<p><a href=\"https:\/\/wa.link\/vpicfd\"><img data-recalc-dims=\"1\" class=\"wp-image-4922\" style=\"aspect-ratio: 2.0253164556962027; width: 561px; height: auto;\" src=\"https:\/\/i0.wp.com\/ismaelcolosi.com.br\/wp-content\/uploads\/2023\/11\/grupo-de-empregos-whatsapp-e-facebook-ismael-colosi-vagas.jpg?ssl=1\" alt=\"\" \/><\/a><\/p>\n<!-- \/wp:image -->\n<\/div>\n<p> <br \/>\n<\/p>\n<div data-td-block-uid=\"tdi_95\">\n<div class=\"tdb-block-inner td-fix-index\">\n<p><strong>O Botafogo venceu o Itapirense\u00a0por 3 a 0 neste s\u00e1bado (9), no est\u00e1dio Chico Vieira, em Itapira (SP).<\/strong><\/p>\n<p>Com o resutado do jogo e como a Francana empatou com o Uni\u00e3o S\u00e3o Jo\u00e3o, o Pantera decidir\u00e1 a vaga diante da pr\u00f3pria Veterana no pr\u00f3ximo s\u00e1bado (16), no est\u00e1dio Santa Cruz.<\/p>\n<p><!-- AI CONTENT END 1 -->\n<\/div>\n<\/div>\n<p><br \/>\n<br \/><a href=\"https:\/\/www.acidadeon.com\/ribeiraopreto\/cotidiano\/botafogo-vence-itapirense-e-segue-na-luta-por-classificacao-na-copa-paulista\/\">Source link <\/a><\/p>\n<!-- CONTENT END 1 -->\n","protected":false},"excerpt":{"rendered":"<p>O Botafogo venceu o Itapirense\u00a0por 3 a 0 neste s\u00e1bado (9), no est\u00e1dio Chico Vieira, em Itapira (SP). Com o resutado do jogo e como&#8230;<\/p>\n","protected":false},"author":1,"featured_media":75487,"comment_status":"open","ping_status":"open","sticky":false,"template":"","format":"standard","meta":{"advanced_seo_description":"","jetpack_seo_html_title":"","jetpack_seo_noindex":false,"jetpack_post_was_ever_published":false,"_jetpack_newsletter_access":"","_jetpack_dont_email_post_to_subs":false,"_jetpack_newsletter_tier_id":0,"_jetpack_memberships_contains_paywalled_content":false,"_jetpack_memberships_contains_paid_content":false,"footnotes":"","jetpack_publicize_message":"","jetpack_publicize_feature_enabled":true,"jetpack_social_post_already_shared":true,"jetpack_social_options":{"image_generator_settings":{"template":"highway","default_image_id":0,"font":"","enabled":false},"version":2}},"categories":[11],"tags":[],"class_list":["post-75486","post","type-post","status-publish","format-standard","has-post-thumbnail","hentry","category-noticias-de-ribeirao-preto-sp-e-regiao-ismael-colosi"],"jetpack_publicize_connections":[],"jetpack_featured_media_url":"https:\/\/i0.wp.com\/noticiasribeiraopreto.com.br\/wp-content\/uploads\/2025\/08\/WhatsApp-Image-2024-01-09-at-16.41.38.jpeg?fit=1600%2C900&ssl=1","jetpack-related-posts":[{"id":73785,"url":"https:\/\/noticiasribeiraopreto.com.br\/index.php\/2025\/07\/09\/na-copa-paulista-botafogo-conquista-primeira-vitoria-ao-superar-a-itapirense\/","url_meta":{"origin":75486,"position":0},"title":"Na Copa Paulista, Botafogo conquista primeira vit\u00f3ria ao superar a Itapirense","author":"noticiasribeiraopreto.com.br","date":"9 de July de 2025","format":false,"excerpt":"O Botafogo venceu a Itapirense por 1 a 0 na tarde desta quarta-feira (9), em Ribeir\u00e3o Preto, e conquistou os primeiros tr\u00eas pontos na Copa Paulista. A partida foi v\u00e1lida pela quarta rodada do Grupo 2. O \u00fanico gol saiu no segundo tempo, em cobran\u00e7a de p\u00eanalti convertida por Pablo\u2026","rel":"","context":"In &quot;Not\u00edcias de Ribeir\u00e3o Preto-SP e Regi\u00e3o&quot;","block_context":{"text":"Not\u00edcias de Ribeir\u00e3o Preto-SP e Regi\u00e3o","link":"https:\/\/noticiasribeiraopreto.com.br\/index.php\/category\/noticias-de-ribeirao-preto-sp-e-regiao-ismael-colosi\/"},"img":{"alt_text":"","src":"https:\/\/i0.wp.com\/noticiasribeiraopreto.com.br\/wp-content\/uploads\/2025\/07\/Imagem-do-WhatsApp-de-2025-07-09-as-16.03.36_238abe2c_2025-07-09_20-45-26.webp.webp?fit=1200%2C800&ssl=1&resize=350%2C200","width":350,"height":200,"srcset":"https:\/\/i0.wp.com\/noticiasribeiraopreto.com.br\/wp-content\/uploads\/2025\/07\/Imagem-do-WhatsApp-de-2025-07-09-as-16.03.36_238abe2c_2025-07-09_20-45-26.webp.webp?fit=1200%2C800&ssl=1&resize=350%2C200 1x, https:\/\/i0.wp.com\/noticiasribeiraopreto.com.br\/wp-content\/uploads\/2025\/07\/Imagem-do-WhatsApp-de-2025-07-09-as-16.03.36_238abe2c_2025-07-09_20-45-26.webp.webp?fit=1200%2C800&ssl=1&resize=525%2C300 1.5x, https:\/\/i0.wp.com\/noticiasribeiraopreto.com.br\/wp-content\/uploads\/2025\/07\/Imagem-do-WhatsApp-de-2025-07-09-as-16.03.36_238abe2c_2025-07-09_20-45-26.webp.webp?fit=1200%2C800&ssl=1&resize=700%2C400 2x, https:\/\/i0.wp.com\/noticiasribeiraopreto.com.br\/wp-content\/uploads\/2025\/07\/Imagem-do-WhatsApp-de-2025-07-09-as-16.03.36_238abe2c_2025-07-09_20-45-26.webp.webp?fit=1200%2C800&ssl=1&resize=1050%2C600 3x"},"classes":[]},{"id":75489,"url":"https:\/\/noticiasribeiraopreto.com.br\/index.php\/2025\/08\/09\/botafogo-supera-itapirense-e-permanece-vivo-na-copa-paulista\/","url_meta":{"origin":75486,"position":1},"title":"Botafogo supera Itapirense e permanece vivo na Copa Paulista","author":"noticiasribeiraopreto.com.br","date":"9 de August de 2025","format":false,"excerpt":"Com empate no jogo da Francana, Pantera s\u00f3 depende de si para avan\u00e7ar 9 de agosto de 2025 18:449 de agosto de 2025 18:443 Compartilhar1 Por Hugo Luque O Botafogo respira na Copa Paulista. A equipe alternativa do Pantera venceu com tranquilidade a Itapirense por 3 a 0 neste s\u00e1bado\u2026","rel":"","context":"In &quot;Not\u00edcias de Ribeir\u00e3o Preto-SP e Regi\u00e3o&quot;","block_context":{"text":"Not\u00edcias de Ribeir\u00e3o Preto-SP e Regi\u00e3o","link":"https:\/\/noticiasribeiraopreto.com.br\/index.php\/category\/noticias-de-ribeirao-preto-sp-e-regiao-ismael-colosi\/"},"img":{"alt_text":"","src":"https:\/\/i0.wp.com\/noticiasribeiraopreto.com.br\/wp-content\/uploads\/2025\/08\/Itapirense-x-Botafogo-Divulgacao_Botafogo.jpg?fit=591%2C496&ssl=1&resize=350%2C200","width":350,"height":200,"srcset":"https:\/\/i0.wp.com\/noticiasribeiraopreto.com.br\/wp-content\/uploads\/2025\/08\/Itapirense-x-Botafogo-Divulgacao_Botafogo.jpg?fit=591%2C496&ssl=1&resize=350%2C200 1x, https:\/\/i0.wp.com\/noticiasribeiraopreto.com.br\/wp-content\/uploads\/2025\/08\/Itapirense-x-Botafogo-Divulgacao_Botafogo.jpg?fit=591%2C496&ssl=1&resize=525%2C300 1.5x"},"classes":[]},{"id":74669,"url":"https:\/\/noticiasribeiraopreto.com.br\/index.php\/2025\/07\/26\/comercial-goleia-itapirense-em-ribeirao-preto-e-volta-a-vencer-pela-copa-paulista\/","url_meta":{"origin":75486,"position":2},"title":"Comercial goleia Itapirense em Ribeir\u00e3o Preto e volta a vencer pela Copa Paulista","author":"noticiasribeiraopreto.com.br","date":"26 de July de 2025","format":false,"excerpt":"O Comercial goleou a Itapirense por 4 a 2 e voltou a vencer pela Copa Paulista 2025. A partida foi realizada na tarde deste s\u00e1bado (26), no est\u00e1dio Palma Travassos, em Ribeir\u00e3o Preto. O Le\u00e3o do Norte vinha de duas derrotas na competi\u00e7\u00e3o. Os gols A Itapirense abriu o placar\u2026","rel":"","context":"In &quot;Not\u00edcias de Ribeir\u00e3o Preto-SP e Regi\u00e3o&quot;","block_context":{"text":"Not\u00edcias de Ribeir\u00e3o Preto-SP e Regi\u00e3o","link":"https:\/\/noticiasribeiraopreto.com.br\/index.php\/category\/noticias-de-ribeirao-preto-sp-e-regiao-ismael-colosi\/"},"img":{"alt_text":"","src":"https:\/\/i0.wp.com\/noticiasribeiraopreto.com.br\/wp-content\/uploads\/2025\/07\/comercial-gol_2025-07-26_19-28-29.webp.webp?fit=1200%2C883&ssl=1&resize=350%2C200","width":350,"height":200,"srcset":"https:\/\/i0.wp.com\/noticiasribeiraopreto.com.br\/wp-content\/uploads\/2025\/07\/comercial-gol_2025-07-26_19-28-29.webp.webp?fit=1200%2C883&ssl=1&resize=350%2C200 1x, https:\/\/i0.wp.com\/noticiasribeiraopreto.com.br\/wp-content\/uploads\/2025\/07\/comercial-gol_2025-07-26_19-28-29.webp.webp?fit=1200%2C883&ssl=1&resize=525%2C300 1.5x, https:\/\/i0.wp.com\/noticiasribeiraopreto.com.br\/wp-content\/uploads\/2025\/07\/comercial-gol_2025-07-26_19-28-29.webp.webp?fit=1200%2C883&ssl=1&resize=700%2C400 2x, https:\/\/i0.wp.com\/noticiasribeiraopreto.com.br\/wp-content\/uploads\/2025\/07\/comercial-gol_2025-07-26_19-28-29.webp.webp?fit=1200%2C883&ssl=1&resize=1050%2C600 3x"},"classes":[]},{"id":72838,"url":"https:\/\/noticiasribeiraopreto.com.br\/index.php\/2025\/06\/21\/comercial-bate-a-itapirense-e-mantem-invencibilidade-na-copa-paulista\/","url_meta":{"origin":75486,"position":3},"title":"Comercial bate a Itapirense e mant\u00e9m invencibilidade na Copa Paulista","author":"noticiasribeiraopreto.com.br","date":"21 de June de 2025","format":false,"excerpt":"O Comercial venceu a Itapirense por 1 a 0 na tarde deste s\u00e1bado (21), pela 2\u00aa rodada da Copa Paulista. Essa foi a segunda vit\u00f3ria consecutiva do Bafo, que na semana passada havia superado a Francana. O \u00fanico gol da partida saiu logo no in\u00edcio do primeiro tempo, aos 3\u2026","rel":"","context":"In &quot;Not\u00edcias de Ribeir\u00e3o Preto-SP e Regi\u00e3o&quot;","block_context":{"text":"Not\u00edcias de Ribeir\u00e3o Preto-SP e Regi\u00e3o","link":"https:\/\/noticiasribeiraopreto.com.br\/index.php\/category\/noticias-de-ribeirao-preto-sp-e-regiao-ismael-colosi\/"},"img":{"alt_text":"","src":"https:\/\/i0.wp.com\/noticiasribeiraopreto.com.br\/wp-content\/uploads\/2025\/06\/IMG_6920_2025-06-21_21-04-24.webp.webp?fit=1200%2C800&ssl=1&resize=350%2C200","width":350,"height":200,"srcset":"https:\/\/i0.wp.com\/noticiasribeiraopreto.com.br\/wp-content\/uploads\/2025\/06\/IMG_6920_2025-06-21_21-04-24.webp.webp?fit=1200%2C800&ssl=1&resize=350%2C200 1x, https:\/\/i0.wp.com\/noticiasribeiraopreto.com.br\/wp-content\/uploads\/2025\/06\/IMG_6920_2025-06-21_21-04-24.webp.webp?fit=1200%2C800&ssl=1&resize=525%2C300 1.5x, https:\/\/i0.wp.com\/noticiasribeiraopreto.com.br\/wp-content\/uploads\/2025\/06\/IMG_6920_2025-06-21_21-04-24.webp.webp?fit=1200%2C800&ssl=1&resize=700%2C400 2x, https:\/\/i0.wp.com\/noticiasribeiraopreto.com.br\/wp-content\/uploads\/2025\/06\/IMG_6920_2025-06-21_21-04-24.webp.webp?fit=1200%2C800&ssl=1&resize=1050%2C600 3x"},"classes":[]},{"id":75465,"url":"https:\/\/noticiasribeiraopreto.com.br\/index.php\/2025\/08\/09\/botafogo-joga-a-vida-na-copa-paulista-contra-itapirense\/","url_meta":{"origin":75486,"position":4},"title":"Botafogo joga a vida na Copa Paulista contra Itapirense\u00a0","author":"noticiasribeiraopreto.com.br","date":"9 de August de 2025","format":false,"excerpt":"9 de agosto de 2025 09:009 de agosto de 2025 06:3513 Compartilhar0 Pantera precisa de combina\u00e7\u00e3o de resultados para se manter vivo no torneio\u00a0 \u00a0 Por Hugo Luque\u00a0 O Botafogo joga sua vida na Copa Paulista neste s\u00e1bado (9), \u00e0s 16h, contra a Itapirense, no Est\u00e1dio Municipal Coronel Francisco Vieira,\u2026","rel":"","context":"In &quot;Not\u00edcias de Ribeir\u00e3o Preto-SP e Regi\u00e3o&quot;","block_context":{"text":"Not\u00edcias de Ribeir\u00e3o Preto-SP e Regi\u00e3o","link":"https:\/\/noticiasribeiraopreto.com.br\/index.php\/category\/noticias-de-ribeirao-preto-sp-e-regiao-ismael-colosi\/"},"img":{"alt_text":"","src":"https:\/\/i0.wp.com\/noticiasribeiraopreto.com.br\/wp-content\/uploads\/2025\/08\/botaf.jpg?fit=799%2C533&ssl=1&resize=350%2C200","width":350,"height":200,"srcset":"https:\/\/i0.wp.com\/noticiasribeiraopreto.com.br\/wp-content\/uploads\/2025\/08\/botaf.jpg?fit=799%2C533&ssl=1&resize=350%2C200 1x, https:\/\/i0.wp.com\/noticiasribeiraopreto.com.br\/wp-content\/uploads\/2025\/08\/botaf.jpg?fit=799%2C533&ssl=1&resize=525%2C300 1.5x, https:\/\/i0.wp.com\/noticiasribeiraopreto.com.br\/wp-content\/uploads\/2025\/08\/botaf.jpg?fit=799%2C533&ssl=1&resize=700%2C400 2x"},"classes":[]},{"id":63553,"url":"https:\/\/noticiasribeiraopreto.com.br\/index.php\/2025\/02\/15\/com-gol-nos-acrescimos-comercial-perde-para-a-itapirense-e-segue-na-lanterna-da-a3\/","url_meta":{"origin":75486,"position":5},"title":"Com gol nos acr\u00e9scimos, Comercial perde para a Itapirense e segue na lanterna da A3","author":"noticiasribeiraopreto.com.br","date":"15 de February de 2025","format":false,"excerpt":"Na tarde deste s\u00e1bado (15), o Comercial perdeu por 2 a 1 para a Itapirense no est\u00e1dio Palma Travassos, em Ribeir\u00e3o Preto, pela 8\u00aa rodada da S\u00e9rie A3 do Campeonato Paulista. Com o resultado, o Bafo segue na lanterna da competi\u00e7\u00e3o, com apenas 4 pontos. O jogo foi tenso e\u2026","rel":"","context":"In &quot;Not\u00edcias de Ribeir\u00e3o Preto-SP e Regi\u00e3o&quot;","block_context":{"text":"Not\u00edcias de Ribeir\u00e3o Preto-SP e Regi\u00e3o","link":"https:\/\/noticiasribeiraopreto.com.br\/index.php\/category\/noticias-de-ribeirao-preto-sp-e-regiao-ismael-colosi\/"},"img":{"alt_text":"","src":"https:\/\/i0.wp.com\/noticiasribeiraopreto.com.br\/wp-content\/uploads\/2025\/02\/WhatsApp-Image-2025-02-15-at-16.59.55_2025-02-15_21-35-54_jpeg_2025-02-15_21-35-56-scaled.webp.webp?fit=1200%2C800&ssl=1&resize=350%2C200","width":350,"height":200,"srcset":"https:\/\/i0.wp.com\/noticiasribeiraopreto.com.br\/wp-content\/uploads\/2025\/02\/WhatsApp-Image-2025-02-15-at-16.59.55_2025-02-15_21-35-54_jpeg_2025-02-15_21-35-56-scaled.webp.webp?fit=1200%2C800&ssl=1&resize=350%2C200 1x, https:\/\/i0.wp.com\/noticiasribeiraopreto.com.br\/wp-content\/uploads\/2025\/02\/WhatsApp-Image-2025-02-15-at-16.59.55_2025-02-15_21-35-54_jpeg_2025-02-15_21-35-56-scaled.webp.webp?fit=1200%2C800&ssl=1&resize=525%2C300 1.5x, https:\/\/i0.wp.com\/noticiasribeiraopreto.com.br\/wp-content\/uploads\/2025\/02\/WhatsApp-Image-2025-02-15-at-16.59.55_2025-02-15_21-35-54_jpeg_2025-02-15_21-35-56-scaled.webp.webp?fit=1200%2C800&ssl=1&resize=700%2C400 2x, https:\/\/i0.wp.com\/noticiasribeiraopreto.com.br\/wp-content\/uploads\/2025\/02\/WhatsApp-Image-2025-02-15-at-16.59.55_2025-02-15_21-35-54_jpeg_2025-02-15_21-35-56-scaled.webp.webp?fit=1200%2C800&ssl=1&resize=1050%2C600 3x"},"classes":[]}],"jetpack_sharing_enabled":true,"jetpack_shortlink":"https:\/\/wp.me\/peQAOb-jDw","_links":{"self":[{"href":"https:\/\/noticiasribeiraopreto.com.br\/index.php\/wp-json\/wp\/v2\/posts\/75486","targetHints":{"allow":["GET"]}}],"collection":[{"href":"https:\/\/noticiasribeiraopreto.com.br\/index.php\/wp-json\/wp\/v2\/posts"}],"about":[{"href":"https:\/\/noticiasribeiraopreto.com.br\/index.php\/wp-json\/wp\/v2\/types\/post"}],"author":[{"embeddable":true,"href":"https:\/\/noticiasribeiraopreto.com.br\/index.php\/wp-json\/wp\/v2\/users\/1"}],"replies":[{"embeddable":true,"href":"https:\/\/noticiasribeiraopreto.com.br\/index.php\/wp-json\/wp\/v2\/comments?post=75486"}],"version-history":[{"count":0,"href":"https:\/\/noticiasribeiraopreto.com.br\/index.php\/wp-json\/wp\/v2\/posts\/75486\/revisions"}],"wp:featuredmedia":[{"embeddable":true,"href":"https:\/\/noticiasribeiraopreto.com.br\/index.php\/wp-json\/wp\/v2\/media\/75487"}],"wp:attachment":[{"href":"https:\/\/noticiasribeiraopreto.com.br\/index.php\/wp-json\/wp\/v2\/media?parent=75486"}],"wp:term":[{"taxonomy":"category","embeddable":true,"href":"https:\/\/noticiasribeiraopreto.com.br\/index.php\/wp-json\/wp\/v2\/categories?post=75486"},{"taxonomy":"post_tag","embeddable":true,"href":"https:\/\/noticiasribeiraopreto.com.br\/index.php\/wp-json\/wp\/v2\/tags?post=75486"}],"curies":[{"name":"wp","href":"https:\/\/api.w.org\/{rel}","templated":true}]}}