{"id":75488,"date":"2025-08-09T18:38:55","date_gmt":"2025-08-09T21:38:55","guid":{"rendered":"https:\/\/noticiasribeiraopreto.com.br\/index.php\/2025\/08\/09\/crianca-e-atropelada-por-carro-na-regiao-de-ribeirao-preto-video\/"},"modified":"2025-08-09T18:38:55","modified_gmt":"2025-08-09T21:38:55","slug":"crianca-e-atropelada-por-carro-na-regiao-de-ribeirao-preto-video","status":"publish","type":"post","link":"https:\/\/noticiasribeiraopreto.com.br\/index.php\/2025\/08\/09\/crianca-e-atropelada-por-carro-na-regiao-de-ribeirao-preto-video\/","title":{"rendered":"Crian\u00e7a \u00e9 atropelada por carro na regi\u00e3o de Ribeir\u00e3o Preto; V\u00eddeo"},"content":{"rendered":"<div class='code-block code-block-1' style='margin: 8px 0 8px auto; text-align: right; display: block; clear: both;'>\n<p><a href=\"https:\/\/wa.link\/vpicfd\"><img data-recalc-dims=\"1\" class=\"wp-image-4922\" style=\"aspect-ratio: 2.0253164556962027; width: 561px; height: auto;\" src=\"https:\/\/i0.wp.com\/ismaelcolosi.com.br\/wp-content\/uploads\/2023\/11\/grupo-de-empregos-whatsapp-e-facebook-ismael-colosi-vagas.jpg?ssl=1\" alt=\"\" \/><\/a><\/p>\n<!-- \/wp:image -->\n<\/div>\n<p> <br \/>\n<\/p>\n<div data-td-block-uid=\"tdi_95\">\n<div class=\"tdb-block-inner td-fix-index\">\n<p><strong>Um menino de 1 ano e meio ficou ferido depois de ser atropelado por um carro na tarde deste s\u00e1bado (9), em uma rua de Brodowski, na regi\u00e3o de Ribeir\u00e3o Preto.<\/strong> <strong>Assista <\/strong>ao <strong>v\u00eddeo <\/strong>abaixo \u2013 a <strong>imagem <\/strong>foi <strong>congelada <\/strong>no momento em que a <strong>v\u00edtima <\/strong>\u00e9 <strong>atingida<\/strong>.<\/p>\n<p>Segundo informa\u00e7\u00f5es, <mark style=\"background-color:#fcb900\" class=\"has-inline-color has-black-color\">a crian\u00e7a foi socorrida e encaminhada a um hospital em Ribeir\u00e3o Preto. O menino teria sofrido fratura em uma das pernas, al\u00e9m de escoria\u00e7\u00f5es pelo corpo.<\/mark><\/p>\n<p>Uma c\u00e2mera de seguran\u00e7a registrou o momento em que ele estava na companhia do bisav\u00f4 perto de um carro estacionado na rua D\u00e1rio de Oliveira e Silva, na Vila Cristal. Em determinado momento, o menino come\u00e7a a correr em dire\u00e7\u00e3o ao meio da rua e \u00e9 atingido pela parte lateral do carro que trafegava pela via.<\/p>\n<p>Um boletim de ocorr\u00eancia (BO) foi registrado pela PM (Pol\u00edcia Militar) e ainda n\u00e3o h\u00e1 informa\u00e7\u00f5es sobre o motorista.<\/p>\n<figure class=\"wp-block-video\"><video controls=\"\" src=\"https:\/\/www.acidadeon.com\/ribeiraopreto\/wp-content\/uploads\/sites\/3\/2025\/08\/WhatsApp-Video-2025-08-09-at-17.16.16-1.mp4\"\/><\/figure>\n<p>SAIBA MAIS<\/p>\n<p>Parque ser\u00e1 fechado temporariamente em Ribeir\u00e3o Preto; Entenda o motivo<\/p>\n<h2 class=\"wp-block-heading\"><strong>FIQUE ON<\/strong><\/h2>\n<p>Fique ligado em tudo que acontece em Ribeir\u00e3o Preto e regi\u00e3o. Siga os perfis do\u00a0<strong>acidade on<\/strong>\u00a0no<a href=\"https:\/\/www.instagram.com\/acidadeonribeirao\" target=\"_blank\" rel=\"noreferrer noopener\">\u00a0Instagram<\/a>\u00a0e no\u00a0<a href=\"https:\/\/www.facebook.com\/acidadeonribeirao\/\" target=\"_blank\" rel=\"noreferrer noopener\">Facebook.<\/a><\/p>\n<p>Receba not\u00edcias do\u00a0<strong>acidade on\u00a0<\/strong>no WhatsApp.\u00a0<a href=\"https:\/\/chat.whatsapp.com\/I4nieTEMKlf50pJ28aMemC?mode=ac_t\" target=\"_blank\" rel=\"noreferrer noopener\">Para entrar no grupo, basta clicar aqui.<\/a><\/p>\n<p>Fa\u00e7a uma den\u00fancia ou sugira uma reportagem sobre Ribeir\u00e3o Preto e regi\u00e3o pelo WhatsApp: 16 99117 7802.<\/p>\n<p>VEJA TAMB\u00c9M<\/p>\n<p>Mega-Sena: concurso 2.899 sorteia pr\u00eamio de R$ 9 milh\u00f5es neste s\u00e1bado<\/p>\n<p><!-- AI CONTENT END 1 -->\n<\/div>\n<\/div>\n<p><script async src=\"\/\/www.instagram.com\/embed.js\"><\/script><br \/>\n<br \/><br \/>\n<br \/><a href=\"https:\/\/www.acidadeon.com\/ribeiraopreto\/cotidiano\/crianca-e-atropelada-por-carro-na-regiao-de-ribeirao-preto-video\/\">Source link <\/a><\/p>\n<!-- CONTENT END 1 -->\n","protected":false},"excerpt":{"rendered":"<p>Um menino de 1 ano e meio ficou ferido depois de ser atropelado por um carro na tarde deste s\u00e1bado (9), em uma rua de&#8230;<\/p>\n","protected":false},"author":1,"featured_media":0,"comment_status":"open","ping_status":"open","sticky":false,"template":"","format":"standard","meta":{"advanced_seo_description":"","jetpack_seo_html_title":"","jetpack_seo_noindex":false,"jetpack_post_was_ever_published":false,"_jetpack_newsletter_access":"","_jetpack_dont_email_post_to_subs":false,"_jetpack_newsletter_tier_id":0,"_jetpack_memberships_contains_paywalled_content":false,"_jetpack_memberships_contains_paid_content":false,"footnotes":"","jetpack_publicize_message":"","jetpack_publicize_feature_enabled":true,"jetpack_social_post_already_shared":true,"jetpack_social_options":{"image_generator_settings":{"template":"highway","default_image_id":0,"font":"","enabled":false},"version":2}},"categories":[11],"tags":[],"class_list":["post-75488","post","type-post","status-publish","format-standard","hentry","category-noticias-de-ribeirao-preto-sp-e-regiao-ismael-colosi"],"jetpack_publicize_connections":[],"jetpack_featured_media_url":"","jetpack-related-posts":[{"id":54116,"url":"https:\/\/noticiasribeiraopreto.com.br\/index.php\/2024\/06\/28\/homem-oferece-bala-e-puxa-crianca-para-dentro-de-carro-em-ribeirao-preto\/","url_meta":{"origin":75488,"position":0},"title":"Homem oferece bala e puxa crian\u00e7a para dentro de carro em Ribeir\u00e3o Preto","author":"noticiasribeiraopreto.com.br","date":"28 de June de 2024","format":false,"excerpt":"Um menino de 9 anos relatou \u00e0 pol\u00edcia que um homem em um carro preto ofereceu bala a ele e que, ao se aproximar, foi puxado para dentro do ve\u00edculo nesta quinta-feira (28), em Ribeir\u00e3o Preto. Segundo o boletim de ocorr\u00eancia (BO), o garoto foi encontrado \u00e0s 22h45, nas imedia\u00e7\u00f5es\u2026","rel":"","context":"In &quot;Not\u00edcias de Ribeir\u00e3o Preto-SP e Regi\u00e3o&quot;","block_context":{"text":"Not\u00edcias de Ribeir\u00e3o Preto-SP e Regi\u00e3o","link":"https:\/\/noticiasribeiraopreto.com.br\/index.php\/category\/noticias-de-ribeirao-preto-sp-e-regiao-ismael-colosi\/"},"img":{"alt_text":"","src":"https:\/\/i0.wp.com\/noticiasribeiraopreto.com.br\/wp-content\/uploads\/2024\/06\/policia_2.jpg?fit=1200%2C900&ssl=1&resize=350%2C200","width":350,"height":200,"srcset":"https:\/\/i0.wp.com\/noticiasribeiraopreto.com.br\/wp-content\/uploads\/2024\/06\/policia_2.jpg?fit=1200%2C900&ssl=1&resize=350%2C200 1x, https:\/\/i0.wp.com\/noticiasribeiraopreto.com.br\/wp-content\/uploads\/2024\/06\/policia_2.jpg?fit=1200%2C900&ssl=1&resize=525%2C300 1.5x, https:\/\/i0.wp.com\/noticiasribeiraopreto.com.br\/wp-content\/uploads\/2024\/06\/policia_2.jpg?fit=1200%2C900&ssl=1&resize=700%2C400 2x, https:\/\/i0.wp.com\/noticiasribeiraopreto.com.br\/wp-content\/uploads\/2024\/06\/policia_2.jpg?fit=1200%2C900&ssl=1&resize=1050%2C600 3x"},"classes":[]},{"id":67256,"url":"https:\/\/noticiasribeiraopreto.com.br\/index.php\/2025\/04\/11\/menino-de-6-anos-desaparecido-e-encontrado-na-regiao-de-ribeirao-preto\/","url_meta":{"origin":75488,"position":1},"title":"Menino de 6 anos desaparecido \u00e9 encontrado na regi\u00e3o de Ribeir\u00e3o Preto","author":"noticiasribeiraopreto.com.br","date":"11 de April de 2025","format":false,"excerpt":"Um menino de 6 anos, que estava desaparecido deste o fim da manh\u00e3 desta quinta-feira (10), em Jardin\u00f3polis, na regi\u00e3o de Ribeir\u00e3o Preto, foi encontrado nesta sexta-feira (11). Segundo informa\u00e7\u00f5es, a crian\u00e7a estaria dentro do porta-malas do carro da fam\u00edlia, em Jardin\u00f3polis. A m\u00e3e registrou um boletim de ocorr\u00eancia (BO)\u2026","rel":"","context":"In &quot;Not\u00edcias de Ribeir\u00e3o Preto-SP e Regi\u00e3o&quot;","block_context":{"text":"Not\u00edcias de Ribeir\u00e3o Preto-SP e Regi\u00e3o","link":"https:\/\/noticiasribeiraopreto.com.br\/index.php\/category\/noticias-de-ribeirao-preto-sp-e-regiao-ismael-colosi\/"},"img":{"alt_text":"","src":"https:\/\/i0.wp.com\/noticiasribeiraopreto.com.br\/wp-content\/uploads\/2025\/04\/POLICIA_2025-04-11_14-08-31_jpg_2025-04-11_14-08-31.webp.webp?fit=1200%2C757&ssl=1&resize=350%2C200","width":350,"height":200,"srcset":"https:\/\/i0.wp.com\/noticiasribeiraopreto.com.br\/wp-content\/uploads\/2025\/04\/POLICIA_2025-04-11_14-08-31_jpg_2025-04-11_14-08-31.webp.webp?fit=1200%2C757&ssl=1&resize=350%2C200 1x, https:\/\/i0.wp.com\/noticiasribeiraopreto.com.br\/wp-content\/uploads\/2025\/04\/POLICIA_2025-04-11_14-08-31_jpg_2025-04-11_14-08-31.webp.webp?fit=1200%2C757&ssl=1&resize=525%2C300 1.5x, https:\/\/i0.wp.com\/noticiasribeiraopreto.com.br\/wp-content\/uploads\/2025\/04\/POLICIA_2025-04-11_14-08-31_jpg_2025-04-11_14-08-31.webp.webp?fit=1200%2C757&ssl=1&resize=700%2C400 2x, https:\/\/i0.wp.com\/noticiasribeiraopreto.com.br\/wp-content\/uploads\/2025\/04\/POLICIA_2025-04-11_14-08-31_jpg_2025-04-11_14-08-31.webp.webp?fit=1200%2C757&ssl=1&resize=1050%2C600 3x"},"classes":[]},{"id":69122,"url":"https:\/\/noticiasribeiraopreto.com.br\/index.php\/2025\/05\/02\/crianca-de-5-anos-e-baleada-na-regiao-de-ribeirao-preto\/","url_meta":{"origin":75488,"position":2},"title":"Crian\u00e7a de 5 anos \u00e9 baleada na regi\u00e3o de Ribeir\u00e3o Preto","author":"noticiasribeiraopreto.com.br","date":"2 de May de 2025","format":false,"excerpt":"Um menino de 5 anos foi baleado na noite desta quinta-feira (1) em uma rua no CDHU, em Guariba, cidade a aproximadamente 50 quil\u00f4metros de Ribeir\u00e3o Preto. Segundo o boletim de ocorr\u00eancia (BO), o atirador estaria na condu\u00e7\u00e3o de um carro Honda Civic branco pela rua Nello Petrine. O crime\u2026","rel":"","context":"In &quot;Not\u00edcias de Ribeir\u00e3o Preto-SP e Regi\u00e3o&quot;","block_context":{"text":"Not\u00edcias de Ribeir\u00e3o Preto-SP e Regi\u00e3o","link":"https:\/\/noticiasribeiraopreto.com.br\/index.php\/category\/noticias-de-ribeirao-preto-sp-e-regiao-ismael-colosi\/"},"img":{"alt_text":"","src":"https:\/\/i0.wp.com\/noticiasribeiraopreto.com.br\/wp-content\/uploads\/2025\/05\/20220620_114539075_policia_qru_1024x576_25052021184749_jpg_715985292.jpg?fit=1200%2C606&ssl=1&resize=350%2C200","width":350,"height":200,"srcset":"https:\/\/i0.wp.com\/noticiasribeiraopreto.com.br\/wp-content\/uploads\/2025\/05\/20220620_114539075_policia_qru_1024x576_25052021184749_jpg_715985292.jpg?fit=1200%2C606&ssl=1&resize=350%2C200 1x, https:\/\/i0.wp.com\/noticiasribeiraopreto.com.br\/wp-content\/uploads\/2025\/05\/20220620_114539075_policia_qru_1024x576_25052021184749_jpg_715985292.jpg?fit=1200%2C606&ssl=1&resize=525%2C300 1.5x, https:\/\/i0.wp.com\/noticiasribeiraopreto.com.br\/wp-content\/uploads\/2025\/05\/20220620_114539075_policia_qru_1024x576_25052021184749_jpg_715985292.jpg?fit=1200%2C606&ssl=1&resize=700%2C400 2x, https:\/\/i0.wp.com\/noticiasribeiraopreto.com.br\/wp-content\/uploads\/2025\/05\/20220620_114539075_policia_qru_1024x576_25052021184749_jpg_715985292.jpg?fit=1200%2C606&ssl=1&resize=1050%2C600 3x"},"classes":[]},{"id":66414,"url":"https:\/\/noticiasribeiraopreto.com.br\/index.php\/2025\/03\/31\/crianca-e-atropelada-e-vai-parar-debaixo-de-carro-em-ribeirao-preto\/","url_meta":{"origin":75488,"position":3},"title":"Crian\u00e7a \u00e9 atropelada e vai parar debaixo de carro em Ribeir\u00e3o Preto","author":"noticiasribeiraopreto.com.br","date":"31 de March de 2025","format":false,"excerpt":"Na tarde desta segunda-feira (31), um menino de 5 anos foi atropelado ao atravessar a rua correndo no bairro Cristo Redentor, em\u00a0Ribeir\u00e3o Preto. Com o impacto, a crian\u00e7a foi parar debaixo do carro. De acordo com testemunhas, foi preciso usar um macaco hidr\u00e1ulico para retir\u00e1-lo dali. O menino foi socorrido\u2026","rel":"","context":"In &quot;Not\u00edcias de Ribeir\u00e3o Preto-SP e Regi\u00e3o&quot;","block_context":{"text":"Not\u00edcias de Ribeir\u00e3o Preto-SP e Regi\u00e3o","link":"https:\/\/noticiasribeiraopreto.com.br\/index.php\/category\/noticias-de-ribeirao-preto-sp-e-regiao-ismael-colosi\/"},"img":{"alt_text":"","src":"https:\/\/i0.wp.com\/noticiasribeiraopreto.com.br\/wp-content\/uploads\/2025\/03\/Copia-de-Copia-de-Copia-de-TAMANHO-EXATO-PARA-FOTOS-NO-SISTEMA-NOVO-2025-03-31T205524.270_2025-03-31_23-56-03_png_2025-03-31_23-56-03.webp.webp?fit=1200%2C675&ssl=1&resize=350%2C200","width":350,"height":200,"srcset":"https:\/\/i0.wp.com\/noticiasribeiraopreto.com.br\/wp-content\/uploads\/2025\/03\/Copia-de-Copia-de-Copia-de-TAMANHO-EXATO-PARA-FOTOS-NO-SISTEMA-NOVO-2025-03-31T205524.270_2025-03-31_23-56-03_png_2025-03-31_23-56-03.webp.webp?fit=1200%2C675&ssl=1&resize=350%2C200 1x, https:\/\/i0.wp.com\/noticiasribeiraopreto.com.br\/wp-content\/uploads\/2025\/03\/Copia-de-Copia-de-Copia-de-TAMANHO-EXATO-PARA-FOTOS-NO-SISTEMA-NOVO-2025-03-31T205524.270_2025-03-31_23-56-03_png_2025-03-31_23-56-03.webp.webp?fit=1200%2C675&ssl=1&resize=525%2C300 1.5x, https:\/\/i0.wp.com\/noticiasribeiraopreto.com.br\/wp-content\/uploads\/2025\/03\/Copia-de-Copia-de-Copia-de-TAMANHO-EXATO-PARA-FOTOS-NO-SISTEMA-NOVO-2025-03-31T205524.270_2025-03-31_23-56-03_png_2025-03-31_23-56-03.webp.webp?fit=1200%2C675&ssl=1&resize=700%2C400 2x, https:\/\/i0.wp.com\/noticiasribeiraopreto.com.br\/wp-content\/uploads\/2025\/03\/Copia-de-Copia-de-Copia-de-TAMANHO-EXATO-PARA-FOTOS-NO-SISTEMA-NOVO-2025-03-31T205524.270_2025-03-31_23-56-03_png_2025-03-31_23-56-03.webp.webp?fit=1200%2C675&ssl=1&resize=1050%2C600 3x"},"classes":[]},{"id":72304,"url":"https:\/\/noticiasribeiraopreto.com.br\/index.php\/2025\/06\/15\/video-pitbull-ataca-criancas-em-rua-de-jaboticabal\/","url_meta":{"origin":75488,"position":4},"title":"V\u00cdDEO: Pitbull ataca crian\u00e7as em rua de Jaboticabal","author":"noticiasribeiraopreto.com.br","date":"15 de June de 2025","format":false,"excerpt":"15 de junho de 2025 20:340 Compartilhar0 Um c\u00e3o da ra\u00e7a pitbull atacou um grupo de crian\u00e7as na tarde deste domingo (15), na rua Santo Ant\u00f4nio, em Jaboticabal (SP). De acordo com testemunhas, o animal usava coleira no momento do ataque. Na tentativa de se proteger, meninos e meninas subiram\u2026","rel":"","context":"In &quot;Not\u00edcias de Ribeir\u00e3o Preto-SP e Regi\u00e3o&quot;","block_context":{"text":"Not\u00edcias de Ribeir\u00e3o Preto-SP e Regi\u00e3o","link":"https:\/\/noticiasribeiraopreto.com.br\/index.php\/category\/noticias-de-ribeirao-preto-sp-e-regiao-ismael-colosi\/"},"img":{"alt_text":"","src":"https:\/\/i0.wp.com\/noticiasribeiraopreto.com.br\/wp-content\/uploads\/2025\/06\/pitbull_jaboticabal.jpeg?fit=715%2C331&ssl=1&resize=350%2C200","width":350,"height":200,"srcset":"https:\/\/i0.wp.com\/noticiasribeiraopreto.com.br\/wp-content\/uploads\/2025\/06\/pitbull_jaboticabal.jpeg?fit=715%2C331&ssl=1&resize=350%2C200 1x, https:\/\/i0.wp.com\/noticiasribeiraopreto.com.br\/wp-content\/uploads\/2025\/06\/pitbull_jaboticabal.jpeg?fit=715%2C331&ssl=1&resize=525%2C300 1.5x, https:\/\/i0.wp.com\/noticiasribeiraopreto.com.br\/wp-content\/uploads\/2025\/06\/pitbull_jaboticabal.jpeg?fit=715%2C331&ssl=1&resize=700%2C400 2x"},"classes":[]},{"id":82188,"url":"https:\/\/noticiasribeiraopreto.com.br\/index.php\/2026\/02\/06\/video-criancas-em-bicicletas-sao-atropeladas-na-zona-norte\/","url_meta":{"origin":75488,"position":5},"title":"V\u00cdDEO &#8211; Crian\u00e7as em bicicletas s\u00e3o atropeladas na zona Norte","author":"noticiasribeiraopreto.com.br","date":"6 de February de 2026","format":false,"excerpt":"\r \r \r V\u00eddeo mostrou momento do atropelamento onde ciclistas viraram de s\u00fabito e carro n\u00e3o conseguiu evitar o acidente\r \r 6 de fevereiro de 2026 11:44 \r Compartilhar0 \r Por: Adalberto Luque \u2013 Duas crian\u00e7as, de 8 e 9 anos, foram atropeladas no final da tarde desta quarta-feira (4).\u2026","rel":"","context":"In &quot;Not\u00edcias de Ribeir\u00e3o Preto-SP e Regi\u00e3o&quot;","block_context":{"text":"Not\u00edcias de Ribeir\u00e3o Preto-SP e Regi\u00e3o","link":"https:\/\/noticiasribeiraopreto.com.br\/index.php\/category\/noticias-de-ribeirao-preto-sp-e-regiao-ismael-colosi\/"},"img":{"alt_text":"","src":"https:\/\/i0.wp.com\/noticiasribeiraopreto.com.br\/wp-content\/uploads\/2026\/02\/06-fev-2026-atropelamentobikes2-scaled.jpg?fit=1200%2C675&ssl=1&resize=350%2C200","width":350,"height":200,"srcset":"https:\/\/i0.wp.com\/noticiasribeiraopreto.com.br\/wp-content\/uploads\/2026\/02\/06-fev-2026-atropelamentobikes2-scaled.jpg?fit=1200%2C675&ssl=1&resize=350%2C200 1x, https:\/\/i0.wp.com\/noticiasribeiraopreto.com.br\/wp-content\/uploads\/2026\/02\/06-fev-2026-atropelamentobikes2-scaled.jpg?fit=1200%2C675&ssl=1&resize=525%2C300 1.5x, https:\/\/i0.wp.com\/noticiasribeiraopreto.com.br\/wp-content\/uploads\/2026\/02\/06-fev-2026-atropelamentobikes2-scaled.jpg?fit=1200%2C675&ssl=1&resize=700%2C400 2x, https:\/\/i0.wp.com\/noticiasribeiraopreto.com.br\/wp-content\/uploads\/2026\/02\/06-fev-2026-atropelamentobikes2-scaled.jpg?fit=1200%2C675&ssl=1&resize=1050%2C600 3x"},"classes":[]}],"jetpack_sharing_enabled":true,"jetpack_shortlink":"https:\/\/wp.me\/peQAOb-jDy","_links":{"self":[{"href":"https:\/\/noticiasribeiraopreto.com.br\/index.php\/wp-json\/wp\/v2\/posts\/75488","targetHints":{"allow":["GET"]}}],"collection":[{"href":"https:\/\/noticiasribeiraopreto.com.br\/index.php\/wp-json\/wp\/v2\/posts"}],"about":[{"href":"https:\/\/noticiasribeiraopreto.com.br\/index.php\/wp-json\/wp\/v2\/types\/post"}],"author":[{"embeddable":true,"href":"https:\/\/noticiasribeiraopreto.com.br\/index.php\/wp-json\/wp\/v2\/users\/1"}],"replies":[{"embeddable":true,"href":"https:\/\/noticiasribeiraopreto.com.br\/index.php\/wp-json\/wp\/v2\/comments?post=75488"}],"version-history":[{"count":0,"href":"https:\/\/noticiasribeiraopreto.com.br\/index.php\/wp-json\/wp\/v2\/posts\/75488\/revisions"}],"wp:attachment":[{"href":"https:\/\/noticiasribeiraopreto.com.br\/index.php\/wp-json\/wp\/v2\/media?parent=75488"}],"wp:term":[{"taxonomy":"category","embeddable":true,"href":"https:\/\/noticiasribeiraopreto.com.br\/index.php\/wp-json\/wp\/v2\/categories?post=75488"},{"taxonomy":"post_tag","embeddable":true,"href":"https:\/\/noticiasribeiraopreto.com.br\/index.php\/wp-json\/wp\/v2\/tags?post=75488"}],"curies":[{"name":"wp","href":"https:\/\/api.w.org\/{rel}","templated":true}]}}