{"id":75491,"date":"2025-08-09T18:48:16","date_gmt":"2025-08-09T21:48:16","guid":{"rendered":"https:\/\/noticiasribeiraopreto.com.br\/index.php\/2025\/08\/09\/barbixas-apresentam-stand-up-improvavel-no-theatro-pedro-ii-veja-como-comprar-ingressos\/"},"modified":"2025-08-09T18:48:16","modified_gmt":"2025-08-09T21:48:16","slug":"barbixas-apresentam-stand-up-improvavel-no-theatro-pedro-ii-veja-como-comprar-ingressos","status":"publish","type":"post","link":"https:\/\/noticiasribeiraopreto.com.br\/index.php\/2025\/08\/09\/barbixas-apresentam-stand-up-improvavel-no-theatro-pedro-ii-veja-como-comprar-ingressos\/","title":{"rendered":"Barbixas apresentam stand-up &#8216;Improv\u00e1vel&#8217; no Theatro Pedro II; Veja como comprar ingressos"},"content":{"rendered":"<div class='code-block code-block-1' style='margin: 8px 0 8px auto; text-align: right; display: block; clear: both;'>\n<p><a href=\"https:\/\/wa.link\/vpicfd\"><img data-recalc-dims=\"1\" class=\"wp-image-4922\" style=\"aspect-ratio: 2.0253164556962027; width: 561px; height: auto;\" src=\"https:\/\/i0.wp.com\/ismaelcolosi.com.br\/wp-content\/uploads\/2023\/11\/grupo-de-empregos-whatsapp-e-facebook-ismael-colosi-vagas.jpg?ssl=1\" alt=\"\" \/><\/a><\/p>\n<!-- \/wp:image -->\n<\/div>\n<p> <br \/>\n<\/p>\n<div>\n<p>Criado pelos humoristas <strong>Anderson Bizzocchi, Daniel Nascimento<\/strong> e <strong>Elidio Sanna<\/strong>, o espet\u00e1culo <strong>\u201cImprov\u00e1vel\u201d<\/strong>, da <strong>Cia. Barbixas de Humor<\/strong>, ser\u00e1 apresentado no dia <strong>31 de agosto<\/strong>, com <strong>duas sess\u00f5es<\/strong>, \u00e0s <strong>17h <\/strong>e \u00e0s<strong> 19h<\/strong>, no <strong>Theatro Pedro II<\/strong>. Os ingressos j\u00e1 est\u00e3o \u00e0 venda \u2013 veja detalhes abaixo.<\/p>\n<p>Em cartaz desde 2007, \u201c<strong>Improv\u00e1vel<\/strong>\u201d \u00e9 um espet\u00e1culo completamente interativo e din\u00e2mico, no qual <strong>as cenas s\u00e3o criadas na hora, a partir das sugest\u00f5es da plateia<\/strong>. Baseado no formato de jogos de improviso, o espet\u00e1culo conta com um mestre de cerim\u00f4nias que apresenta as regras e prop\u00f5e os temas.<\/p>\n<p>A cada apresenta\u00e7\u00e3o, um <strong>ator convidado<\/strong> se junta ao trio, tornando cada sess\u00e3o \u00fanica e imprevis\u00edvel. Ao longo dos anos, j\u00e1 participaram nomes como <strong>F\u00e1bio Porchat, Marco Luque, Rafinha Bastos, C\u00e9sar Mour\u00e3o (Portugal)<\/strong>, entre muitos outros.<\/p>\n<h2 class=\"wp-block-heading\"><strong>Ingressos<\/strong><\/h2>\n<p>Os ingressos podem ser adquiridos <strong>on-line<\/strong> <strong><a href=\"https:\/\/ingressodigital.com\/evento\/16358,16913\/improvavel-cia-barbixas-de-humor\" target=\"_blank\" rel=\"noopener\">(clique aqui)<\/a><\/strong> ou <strong>na bilheteria oficial do Theatro Pedro II<\/strong> \u2014 <a href=\"https:\/\/www.theatropedro2.com.br\/comprar-ingresso.php\" target=\"_blank\" rel=\"noopener\">consulte hor\u00e1rio de funcionamento aqui<\/a> -, com pre\u00e7os a partir de <strong>R$ 50 (meia-entrada)<\/strong>.<\/p>\n<p><strong>S\u00f3cios do Clube GT<\/strong> t\u00eam <strong>50% de desconto no valor integral<\/strong>, mediante apresenta\u00e7\u00e3o do cart\u00e3o, com limite de at\u00e9 dois ingressos por sess\u00e3o. A classifica\u00e7\u00e3o indicativa \u00e9 de <strong>14 anos.<\/strong> <\/p>\n<h3 class=\"wp-block-heading\"><strong>Servi\u00e7o<\/strong><\/h3>\n<p><strong><em>Improv\u00e1vel \u2013 Cia Barbixas de Humor<\/em><\/strong><\/p>\n<p><strong>Quando:<\/strong> 31 de agosto, s\u00e1bado<br \/><strong>Hor\u00e1rios:<\/strong> 17h e 19h<br \/><strong>Onde: <\/strong>Theatro Pedro II \u2013 rua \u00c1lvares Cabral, 370 \u2013 Centro<br \/><strong>Ingressos: <\/strong>A partir de R$ 50 (meia-entrada)<\/p>\n<p>SAIBA MAIS<\/p>\n<p>21\u00aa Parada LGBT+ de Ribeir\u00e3o Preto homenageia pessoas com 60 anos ou mais<\/p>\n<h4 class=\"wp-block-heading\"><strong>FIQUE ON\u00a0\u00a0\u00a0\u00a0\u00a0\u00a0\u00a0\u00a0\u00a0<\/strong><\/h4>\n<p>Quer ficar por dentro de tudo que acontece em Ribeir\u00e3o Preto e regi\u00e3o? Ent\u00e3o siga os perfis do\u202facidade on\u202fno\u202f<a href=\"https:\/\/www.instagram.com\/acidadeonribeirao\" target=\"_blank\" rel=\"noreferrer noopener\">Instagram<\/a>\u202fe no\u202f<a href=\"https:\/\/www.facebook.com\/acidadeonribeirao\/\" target=\"_blank\" rel=\"noreferrer noopener\">Facebook<\/a>.<\/p>\n<p>Al\u00e9m disso, voc\u00ea pode receber as principais not\u00edcias diretamente no WhatsApp. Para isso, basta\u00a0<a href=\"https:\/\/chat.whatsapp.com\/BjKQZ9oJwlz8VVT50NuePq\" target=\"_blank\" rel=\"noreferrer noopener\">entrar no grupo clicando aqui<\/a>.<\/p>\n<p>Por fim, se quiser fazer uma den\u00fancia ou sugerir uma reportagem sobre Ribeir\u00e3o Preto e regi\u00e3o, envie uma mensagem pelo WhatsApp: (16) 99117-7802.<\/p>\n<p>VEJA TAMB\u00c9M<\/p>\n<p>Faust\u00e3o tem previs\u00e3o de alta?<\/p>\n<p><!-- AI CONTENT END 1 -->\n<\/div>\n<p><script async src=\"\/\/www.instagram.com\/embed.js\"><\/script><br \/>\n<br \/><br \/>\n<br \/><a href=\"https:\/\/www.acidadeon.com\/ribeiraopreto\/lazer-e-cultura\/barbixas-apresentam-stand-up-improvavel-no-theatro-pedro-ii-veja-como-comprar-ingressos\/\">Source link <\/a><\/p>\n<!-- CONTENT END 1 -->\n","protected":false},"excerpt":{"rendered":"<p>Criado pelos humoristas Anderson Bizzocchi, Daniel Nascimento e Elidio Sanna, o espet\u00e1culo \u201cImprov\u00e1vel\u201d, da Cia. Barbixas de Humor, ser\u00e1 apresentado no dia 31 de agosto,&#8230;<\/p>\n","protected":false},"author":1,"featured_media":75492,"comment_status":"open","ping_status":"open","sticky":false,"template":"","format":"standard","meta":{"advanced_seo_description":"","jetpack_seo_html_title":"","jetpack_seo_noindex":false,"jetpack_post_was_ever_published":false,"_jetpack_newsletter_access":"","_jetpack_dont_email_post_to_subs":false,"_jetpack_newsletter_tier_id":0,"_jetpack_memberships_contains_paywalled_content":false,"_jetpack_memberships_contains_paid_content":false,"footnotes":"","jetpack_publicize_message":"","jetpack_publicize_feature_enabled":true,"jetpack_social_post_already_shared":true,"jetpack_social_options":{"image_generator_settings":{"template":"highway","default_image_id":0,"font":"","enabled":false},"version":2}},"categories":[11],"tags":[],"class_list":["post-75491","post","type-post","status-publish","format-standard","has-post-thumbnail","hentry","category-noticias-de-ribeirao-preto-sp-e-regiao-ismael-colosi"],"jetpack_publicize_connections":[],"jetpack_featured_media_url":"https:\/\/i0.wp.com\/noticiasribeiraopreto.com.br\/wp-content\/uploads\/2025\/08\/curta-maiss_2025-08-09_18-09-22.webp.webp?fit=600%2C400&ssl=1","jetpack-related-posts":[{"id":46042,"url":"https:\/\/noticiasribeiraopreto.com.br\/index.php\/2024\/04\/09\/veja-12-shows-de-comedia-confirmados-no-theatro-pedro-ii-em-ribeirao-preto\/","url_meta":{"origin":75491,"position":0},"title":"Veja 12 shows de com\u00e9dia confirmados no Theatro Pedro II em Ribeir\u00e3o Preto","author":"noticiasribeiraopreto.com.br","date":"9 de April de 2024","format":false,"excerpt":"O Theatro Pedro II, em Ribeir\u00e3o Preto, conta com 12 shows de com\u00e9dia confirmados at\u00e9 o m\u00eas de setembro. Entre os nomes que v\u00e3o passar pelo palco, est\u00e3o Afonso Padilha, Thiago Ventura, Bruna Louise, Os Melhores do Mundo e Os Barbixas de Humor. Confira as atra\u00e7\u00f5es: Abril \u00a0 Tiago Santineli\u2026","rel":"","context":"In &quot;Not\u00edcias de Ribeir\u00e3o Preto-SP e Regi\u00e3o&quot;","block_context":{"text":"Not\u00edcias de Ribeir\u00e3o Preto-SP e Regi\u00e3o","link":"https:\/\/noticiasribeiraopreto.com.br\/index.php\/category\/noticias-de-ribeirao-preto-sp-e-regiao-ismael-colosi\/"},"img":{"alt_text":"","src":"https:\/\/i0.wp.com\/noticiasribeiraopreto.com.br\/wp-content\/uploads\/2024\/04\/26862-banner-uhuu-thiago-ventura.png?fit=1180%2C420&ssl=1&resize=350%2C200","width":350,"height":200,"srcset":"https:\/\/i0.wp.com\/noticiasribeiraopreto.com.br\/wp-content\/uploads\/2024\/04\/26862-banner-uhuu-thiago-ventura.png?fit=1180%2C420&ssl=1&resize=350%2C200 1x, https:\/\/i0.wp.com\/noticiasribeiraopreto.com.br\/wp-content\/uploads\/2024\/04\/26862-banner-uhuu-thiago-ventura.png?fit=1180%2C420&ssl=1&resize=525%2C300 1.5x, https:\/\/i0.wp.com\/noticiasribeiraopreto.com.br\/wp-content\/uploads\/2024\/04\/26862-banner-uhuu-thiago-ventura.png?fit=1180%2C420&ssl=1&resize=700%2C400 2x, https:\/\/i0.wp.com\/noticiasribeiraopreto.com.br\/wp-content\/uploads\/2024\/04\/26862-banner-uhuu-thiago-ventura.png?fit=1180%2C420&ssl=1&resize=1050%2C600 3x"},"classes":[]},{"id":70544,"url":"https:\/\/noticiasribeiraopreto.com.br\/index.php\/2025\/05\/27\/theatro-pedro-ii-saiba-como-garantir-entrada-gratuita-com-o-projeto-ingresso-social\/","url_meta":{"origin":75491,"position":1},"title":"Theatro Pedro II: saiba como garantir entrada gratuita com o projeto &#8216;Ingresso Social&#8217;","author":"noticiasribeiraopreto.com.br","date":"27 de May de 2025","format":false,"excerpt":"A Funda\u00e7\u00e3o Dom Pedro II, em parceria com a prefeitura, lan\u00e7ou nesta ter\u00e7a-feira (27) o projeto \u201cIngresso Social\u201d para que pessoas de baixa renda recebam ingressos gratuitos para espet\u00e1culos no Theatro Pedro II, em Ribeir\u00e3o Preto. Os ingressos s\u00e3o destinados aos inscritos no Cad\u00danico (Cadastro \u00danico para Programas Sociais) do\u2026","rel":"","context":"In &quot;Not\u00edcias de Ribeir\u00e3o Preto-SP e Regi\u00e3o&quot;","block_context":{"text":"Not\u00edcias de Ribeir\u00e3o Preto-SP e Regi\u00e3o","link":"https:\/\/noticiasribeiraopreto.com.br\/index.php\/category\/noticias-de-ribeirao-preto-sp-e-regiao-ismael-colosi\/"},"img":{"alt_text":"","src":"https:\/\/i0.wp.com\/noticiasribeiraopreto.com.br\/wp-content\/uploads\/2025\/02\/limpeza_lustre_theatro_-_foto_fernando_gonzaga12_2025-02-24_20-18-04_jpg_2025-02-24_20-18-04.webp.webp?fit=1200%2C800&ssl=1&resize=350%2C200","width":350,"height":200,"srcset":"https:\/\/i0.wp.com\/noticiasribeiraopreto.com.br\/wp-content\/uploads\/2025\/02\/limpeza_lustre_theatro_-_foto_fernando_gonzaga12_2025-02-24_20-18-04_jpg_2025-02-24_20-18-04.webp.webp?fit=1200%2C800&ssl=1&resize=350%2C200 1x, https:\/\/i0.wp.com\/noticiasribeiraopreto.com.br\/wp-content\/uploads\/2025\/02\/limpeza_lustre_theatro_-_foto_fernando_gonzaga12_2025-02-24_20-18-04_jpg_2025-02-24_20-18-04.webp.webp?fit=1200%2C800&ssl=1&resize=525%2C300 1.5x, https:\/\/i0.wp.com\/noticiasribeiraopreto.com.br\/wp-content\/uploads\/2025\/02\/limpeza_lustre_theatro_-_foto_fernando_gonzaga12_2025-02-24_20-18-04_jpg_2025-02-24_20-18-04.webp.webp?fit=1200%2C800&ssl=1&resize=700%2C400 2x, https:\/\/i0.wp.com\/noticiasribeiraopreto.com.br\/wp-content\/uploads\/2025\/02\/limpeza_lustre_theatro_-_foto_fernando_gonzaga12_2025-02-24_20-18-04_jpg_2025-02-24_20-18-04.webp.webp?fit=1200%2C800&ssl=1&resize=1050%2C600 3x"},"classes":[]},{"id":63681,"url":"https:\/\/noticiasribeiraopreto.com.br\/index.php\/2025\/02\/19\/renato-albani-apresenta-zona-de-conforto-no-theatro-pedro-ii-em-ribeirao-preto\/","url_meta":{"origin":75491,"position":2},"title":"Renato Albani apresenta \u2018Zona de Conforto\u2019 no Theatro Pedro II em Ribeir\u00e3o Preto","author":"noticiasribeiraopreto.com.br","date":"19 de February de 2025","format":false,"excerpt":"Um dos maiores nomes do stand-up no Brasil, Renato Albani se apresenta no Theatro Pedro II, em Ribeir\u00e3o Preto, no pr\u00f3ximo dia 29 de mar\u00e7o, com o novo show \u201cZona de Conforto\u201d. A apresenta\u00e7\u00e3o conta com sess\u00f5es \u00e0s 18h e \u00e0s 20h. Ingressos j\u00e1 est\u00e3o \u00e0 venda. Neste espet\u00e1culo, o\u2026","rel":"","context":"In &quot;Not\u00edcias de Ribeir\u00e3o Preto-SP e Regi\u00e3o&quot;","block_context":{"text":"Not\u00edcias de Ribeir\u00e3o Preto-SP e Regi\u00e3o","link":"https:\/\/noticiasribeiraopreto.com.br\/index.php\/category\/noticias-de-ribeirao-preto-sp-e-regiao-ismael-colosi\/"},"img":{"alt_text":"","src":"https:\/\/i0.wp.com\/noticiasribeiraopreto.com.br\/wp-content\/uploads\/2025\/02\/renato-albani_2025-02-19_12-54-43.webp.webp?fit=759%2C506&ssl=1&resize=350%2C200","width":350,"height":200,"srcset":"https:\/\/i0.wp.com\/noticiasribeiraopreto.com.br\/wp-content\/uploads\/2025\/02\/renato-albani_2025-02-19_12-54-43.webp.webp?fit=759%2C506&ssl=1&resize=350%2C200 1x, https:\/\/i0.wp.com\/noticiasribeiraopreto.com.br\/wp-content\/uploads\/2025\/02\/renato-albani_2025-02-19_12-54-43.webp.webp?fit=759%2C506&ssl=1&resize=525%2C300 1.5x, https:\/\/i0.wp.com\/noticiasribeiraopreto.com.br\/wp-content\/uploads\/2025\/02\/renato-albani_2025-02-19_12-54-43.webp.webp?fit=759%2C506&ssl=1&resize=700%2C400 2x"},"classes":[]},{"id":79570,"url":"https:\/\/noticiasribeiraopreto.com.br\/index.php\/2025\/11\/04\/theatro-pedro-ii-recebe-show-de-comedia-4-amigos-veja-como-comprar-ingressos\/","url_meta":{"origin":75491,"position":3},"title":"Theatro Pedro II recebe show de com\u00e9dia \u20184 Amigos\u2019; veja como comprar ingressos","author":"noticiasribeiraopreto.com.br","date":"4 de November de 2025","format":false,"excerpt":"O Theatro Pedro II, no Centro de Ribeir\u00e3o Preto, recebe nesta quinta-feira (6), duas sess\u00f5es do show de com\u00e9dia \u201c4 Amigos\u201d. Thiago Ventura, Dihh Lopes, Marcio Donato e Afonso Padilha sobem ao palco \u00e0s 19h e \u00e0s 21h. O grupo de humoristas, \u201c4 Amigos\u201d se tornou um dos maiores do\u2026","rel":"","context":"In &quot;Not\u00edcias de Ribeir\u00e3o Preto-SP e Regi\u00e3o&quot;","block_context":{"text":"Not\u00edcias de Ribeir\u00e3o Preto-SP e Regi\u00e3o","link":"https:\/\/noticiasribeiraopreto.com.br\/index.php\/category\/noticias-de-ribeirao-preto-sp-e-regiao-ismael-colosi\/"},"img":{"alt_text":"","src":"https:\/\/i0.wp.com\/noticiasribeiraopreto.com.br\/wp-content\/uploads\/2025\/11\/image_2024-11-04_14-08-27.webp.webp?fit=1200%2C803&ssl=1&resize=350%2C200","width":350,"height":200,"srcset":"https:\/\/i0.wp.com\/noticiasribeiraopreto.com.br\/wp-content\/uploads\/2025\/11\/image_2024-11-04_14-08-27.webp.webp?fit=1200%2C803&ssl=1&resize=350%2C200 1x, https:\/\/i0.wp.com\/noticiasribeiraopreto.com.br\/wp-content\/uploads\/2025\/11\/image_2024-11-04_14-08-27.webp.webp?fit=1200%2C803&ssl=1&resize=525%2C300 1.5x, https:\/\/i0.wp.com\/noticiasribeiraopreto.com.br\/wp-content\/uploads\/2025\/11\/image_2024-11-04_14-08-27.webp.webp?fit=1200%2C803&ssl=1&resize=700%2C400 2x, https:\/\/i0.wp.com\/noticiasribeiraopreto.com.br\/wp-content\/uploads\/2025\/11\/image_2024-11-04_14-08-27.webp.webp?fit=1200%2C803&ssl=1&resize=1050%2C600 3x"},"classes":[]},{"id":76512,"url":"https:\/\/noticiasribeiraopreto.com.br\/index.php\/2025\/08\/30\/theatro-pedro-ii-apresenta-espetaculo-gratuito-um-conto-chamado-circo\/","url_meta":{"origin":75491,"position":4},"title":"Theatro Pedro II apresenta espet\u00e1culo gratuito &#8216;Um Conto Chamado Circo&#8217;","author":"noticiasribeiraopreto.com.br","date":"30 de August de 2025","format":false,"excerpt":"No dia 2 de setembro, \u00e0s 15h, a sala principal do Theatro Pedro II, no Centro de Ribeir\u00e3o Preto, recebe o espet\u00e1culo \u201cUm Conto Chamado Circo\u201d, do Projeto Palco. A apresenta\u00e7\u00e3o tem entrada gratuita e os ingressos devem ser retirados com 1 hora de anteced\u00eancia na bilheteria do teatro. A\u2026","rel":"","context":"In &quot;Not\u00edcias de Ribeir\u00e3o Preto-SP e Regi\u00e3o&quot;","block_context":{"text":"Not\u00edcias de Ribeir\u00e3o Preto-SP e Regi\u00e3o","link":"https:\/\/noticiasribeiraopreto.com.br\/index.php\/category\/noticias-de-ribeirao-preto-sp-e-regiao-ismael-colosi\/"},"img":{"alt_text":"","src":"https:\/\/i0.wp.com\/noticiasribeiraopreto.com.br\/wp-content\/uploads\/2025\/08\/limpeza_lustre_theatro_-_foto_fernando_gonzaga12_2025-02-24_20-18-04_jpg_2025-02-24_20-18-04.webp.webp?fit=1200%2C800&ssl=1&resize=350%2C200","width":350,"height":200,"srcset":"https:\/\/i0.wp.com\/noticiasribeiraopreto.com.br\/wp-content\/uploads\/2025\/08\/limpeza_lustre_theatro_-_foto_fernando_gonzaga12_2025-02-24_20-18-04_jpg_2025-02-24_20-18-04.webp.webp?fit=1200%2C800&ssl=1&resize=350%2C200 1x, https:\/\/i0.wp.com\/noticiasribeiraopreto.com.br\/wp-content\/uploads\/2025\/08\/limpeza_lustre_theatro_-_foto_fernando_gonzaga12_2025-02-24_20-18-04_jpg_2025-02-24_20-18-04.webp.webp?fit=1200%2C800&ssl=1&resize=525%2C300 1.5x, https:\/\/i0.wp.com\/noticiasribeiraopreto.com.br\/wp-content\/uploads\/2025\/08\/limpeza_lustre_theatro_-_foto_fernando_gonzaga12_2025-02-24_20-18-04_jpg_2025-02-24_20-18-04.webp.webp?fit=1200%2C800&ssl=1&resize=700%2C400 2x, https:\/\/i0.wp.com\/noticiasribeiraopreto.com.br\/wp-content\/uploads\/2025\/08\/limpeza_lustre_theatro_-_foto_fernando_gonzaga12_2025-02-24_20-18-04_jpg_2025-02-24_20-18-04.webp.webp?fit=1200%2C800&ssl=1&resize=1050%2C600 3x"},"classes":[]},{"id":75567,"url":"https:\/\/noticiasribeiraopreto.com.br\/index.php\/2025\/08\/11\/shopping-de-ribeirao-recebe-exposicao-conceitos-entrada-e-gratuita\/","url_meta":{"origin":75491,"position":5},"title":"Shopping de Ribeir\u00e3o recebe exposi\u00e7\u00e3o \u2018Conceitos\u2019; entrada \u00e9 gratuita","author":"noticiasribeiraopreto.com.br","date":"11 de August de 2025","format":false,"excerpt":"O Shopping Santa \u00darsula, no Centro de Ribeir\u00e3o Preto, recebe a exposi\u00e7\u00e3o \u201cConceitos\u201d, realizada em parceria com a ADDA (Associa\u00e7\u00e3o de Desenvolvimento e Divulga\u00e7\u00e3o das Artes). A mostra tem entrada gratuita e segue at\u00e9 29 de setembro. A exposi\u00e7\u00e3o tem curadoria da artista pl\u00e1stica Leila Costa Quaglio e re\u00fane obras\u2026","rel":"","context":"In &quot;Not\u00edcias de Ribeir\u00e3o Preto-SP e Regi\u00e3o&quot;","block_context":{"text":"Not\u00edcias de Ribeir\u00e3o Preto-SP e Regi\u00e3o","link":"https:\/\/noticiasribeiraopreto.com.br\/index.php\/category\/noticias-de-ribeirao-preto-sp-e-regiao-ismael-colosi\/"},"img":{"alt_text":"","src":"https:\/\/i0.wp.com\/noticiasribeiraopreto.com.br\/wp-content\/uploads\/2025\/08\/CONCEITOS_2025-08-11_20-49-54.webp.webp?fit=1200%2C900&ssl=1&resize=350%2C200","width":350,"height":200,"srcset":"https:\/\/i0.wp.com\/noticiasribeiraopreto.com.br\/wp-content\/uploads\/2025\/08\/CONCEITOS_2025-08-11_20-49-54.webp.webp?fit=1200%2C900&ssl=1&resize=350%2C200 1x, https:\/\/i0.wp.com\/noticiasribeiraopreto.com.br\/wp-content\/uploads\/2025\/08\/CONCEITOS_2025-08-11_20-49-54.webp.webp?fit=1200%2C900&ssl=1&resize=525%2C300 1.5x, https:\/\/i0.wp.com\/noticiasribeiraopreto.com.br\/wp-content\/uploads\/2025\/08\/CONCEITOS_2025-08-11_20-49-54.webp.webp?fit=1200%2C900&ssl=1&resize=700%2C400 2x, https:\/\/i0.wp.com\/noticiasribeiraopreto.com.br\/wp-content\/uploads\/2025\/08\/CONCEITOS_2025-08-11_20-49-54.webp.webp?fit=1200%2C900&ssl=1&resize=1050%2C600 3x"},"classes":[]}],"jetpack_sharing_enabled":true,"jetpack_shortlink":"https:\/\/wp.me\/peQAOb-jDB","_links":{"self":[{"href":"https:\/\/noticiasribeiraopreto.com.br\/index.php\/wp-json\/wp\/v2\/posts\/75491","targetHints":{"allow":["GET"]}}],"collection":[{"href":"https:\/\/noticiasribeiraopreto.com.br\/index.php\/wp-json\/wp\/v2\/posts"}],"about":[{"href":"https:\/\/noticiasribeiraopreto.com.br\/index.php\/wp-json\/wp\/v2\/types\/post"}],"author":[{"embeddable":true,"href":"https:\/\/noticiasribeiraopreto.com.br\/index.php\/wp-json\/wp\/v2\/users\/1"}],"replies":[{"embeddable":true,"href":"https:\/\/noticiasribeiraopreto.com.br\/index.php\/wp-json\/wp\/v2\/comments?post=75491"}],"version-history":[{"count":0,"href":"https:\/\/noticiasribeiraopreto.com.br\/index.php\/wp-json\/wp\/v2\/posts\/75491\/revisions"}],"wp:featuredmedia":[{"embeddable":true,"href":"https:\/\/noticiasribeiraopreto.com.br\/index.php\/wp-json\/wp\/v2\/media\/75492"}],"wp:attachment":[{"href":"https:\/\/noticiasribeiraopreto.com.br\/index.php\/wp-json\/wp\/v2\/media?parent=75491"}],"wp:term":[{"taxonomy":"category","embeddable":true,"href":"https:\/\/noticiasribeiraopreto.com.br\/index.php\/wp-json\/wp\/v2\/categories?post=75491"},{"taxonomy":"post_tag","embeddable":true,"href":"https:\/\/noticiasribeiraopreto.com.br\/index.php\/wp-json\/wp\/v2\/tags?post=75491"}],"curies":[{"name":"wp","href":"https:\/\/api.w.org\/{rel}","templated":true}]}}