{"id":75493,"date":"2025-08-09T18:54:22","date_gmt":"2025-08-09T21:54:22","guid":{"rendered":"https:\/\/noticiasribeiraopreto.com.br\/index.php\/2025\/08\/09\/sesi-ribeirao-preto-oferece-aulas-gratuitas-de-yoga-veja-como-participar\/"},"modified":"2025-08-09T18:54:22","modified_gmt":"2025-08-09T21:54:22","slug":"sesi-ribeirao-preto-oferece-aulas-gratuitas-de-yoga-veja-como-participar","status":"publish","type":"post","link":"https:\/\/noticiasribeiraopreto.com.br\/index.php\/2025\/08\/09\/sesi-ribeirao-preto-oferece-aulas-gratuitas-de-yoga-veja-como-participar\/","title":{"rendered":"Sesi Ribeir\u00e3o Preto oferece aulas gratuitas de yoga; Veja como participar"},"content":{"rendered":"<div class='code-block code-block-1' style='margin: 8px 0 8px auto; text-align: right; display: block; clear: both;'>\n<p><a href=\"https:\/\/wa.link\/vpicfd\"><img data-recalc-dims=\"1\" class=\"wp-image-4922\" style=\"aspect-ratio: 2.0253164556962027; width: 561px; height: auto;\" src=\"https:\/\/i0.wp.com\/ismaelcolosi.com.br\/wp-content\/uploads\/2023\/11\/grupo-de-empregos-whatsapp-e-facebook-ismael-colosi-vagas.jpg?ssl=1\" alt=\"\" \/><\/a><\/p>\n<!-- \/wp:image -->\n<\/div>\n<p> <br \/>\n<\/p>\n<div data-td-block-uid=\"tdi_95\">\n<div class=\"tdb-block-inner td-fix-index\">\n<p>O <strong>Sesi Ribeir\u00e3o Preto<\/strong>, em parceria com o <strong>Yoga Club<\/strong>, realiza aulas gratuitas de yoga ao livre <strong>quinzenalmente aos s\u00e1bados<\/strong>, \u00e0s <strong>9h<\/strong>, no campo da unidade, localizado na <strong>rua Artur Jos\u00e9 Suzana<\/strong>, no <strong>Jardim Castelo Branco<\/strong>, zona Leste.<\/p>\n<p>A yoga \u00e9 recomendada para pessoas de todas as idades condicionamentos f\u00edsicos. Um dos princ\u00edpios da modalidade \u00e9 a honestidade consigo mesmo (Satya) e a n\u00e3o agress\u00e3o do corpo (Ahimsa).<\/p>\n<h2 class=\"wp-block-heading\"><strong>Como participar?<\/strong><\/h2>\n<p>Para participar, <strong><mark style=\"background-color:#fcb900\" class=\"has-inline-color\">n\u00e3o \u00e9 necess\u00e1rio ter experi\u00eancia na pr\u00e1tica<\/mark><\/strong>, basta vestir roupas confort\u00e1veis e levar uma canga, toalha ou tapete de yoga, al\u00e9m de garrafa de \u00e1gua para manter a hidrata\u00e7\u00e3o durante a atividade.<\/p>\n<h3 class=\"wp-block-heading\"><strong>Servi\u00e7o<\/strong><\/h3>\n<p><strong><em>Aulas de Yoga gratuitas<\/em><\/strong><\/p>\n<p><strong>Data:\u00a0<\/strong>quinzenalmente aos s\u00e1bados<br \/><strong>Hor\u00e1rio:<\/strong> 9h<br \/><strong>Local:\u00a0<\/strong>Sesi Ribeir\u00e3o Preto \u2013\u00a0Rua Arthur Jos\u00e9 Suzana, s\/n\u00ba \u2013 Jardim Castelo Branco<br \/><strong>Gratuito<\/strong><\/p>\n<p>SAIBA MAIS<\/p>\n<p>Parque ser\u00e1 fechado temporariamente em Ribeir\u00e3o Preto; Entenda o motivo<\/p>\n<h4 class=\"wp-block-heading\"><strong>FIQUE ON\u00a0\u00a0\u00a0\u00a0\u00a0\u00a0\u00a0\u00a0\u00a0<\/strong><\/h4>\n<p>Quer ficar por dentro de tudo que acontece em Ribeir\u00e3o Preto e regi\u00e3o? Ent\u00e3o siga os perfis do\u202facidade on\u202fno\u202f<a href=\"https:\/\/www.instagram.com\/acidadeonribeirao\" target=\"_blank\" rel=\"noreferrer noopener\">Instagram<\/a>\u202fe no\u202f<a href=\"https:\/\/www.facebook.com\/acidadeonribeirao\/\" target=\"_blank\" rel=\"noreferrer noopener\">Facebook<\/a>.<\/p>\n<p>Al\u00e9m disso, voc\u00ea pode receber as principais not\u00edcias diretamente no WhatsApp. Para isso, basta\u00a0<a href=\"https:\/\/chat.whatsapp.com\/BjKQZ9oJwlz8VVT50NuePq\" target=\"_blank\" rel=\"noreferrer noopener\">entrar no grupo clicando aqui<\/a>.<\/p>\n<p>Por fim, se quiser fazer uma den\u00fancia ou sugerir uma reportagem sobre Ribeir\u00e3o Preto e regi\u00e3o, envie uma mensagem pelo WhatsApp: (16) 99117-7802.<\/p>\n<p>VEJA TAMB\u00c9M<\/p>\n<p>Faust\u00e3o tem previs\u00e3o de alta?<\/p>\n<p><!-- AI CONTENT END 1 -->\n<\/div>\n<\/div>\n<p><script async src=\"\/\/www.instagram.com\/embed.js\"><\/script><br \/>\n<br \/><br \/>\n<br \/><a href=\"https:\/\/www.acidadeon.com\/ribeiraopreto\/cotidiano\/sesi-ribeirao-preto-oferece-aulas-gratuitas-de-yoga-veja-como-participar\/\">Source link <\/a><\/p>\n<!-- CONTENT END 1 -->\n","protected":false},"excerpt":{"rendered":"<p>O Sesi Ribeir\u00e3o Preto, em parceria com o Yoga Club, realiza aulas gratuitas de yoga ao livre quinzenalmente aos s\u00e1bados, \u00e0s 9h, no campo da&#8230;<\/p>\n","protected":false},"author":1,"featured_media":75494,"comment_status":"open","ping_status":"open","sticky":false,"template":"","format":"standard","meta":{"advanced_seo_description":"","jetpack_seo_html_title":"","jetpack_seo_noindex":false,"jetpack_post_was_ever_published":false,"_jetpack_newsletter_access":"","_jetpack_dont_email_post_to_subs":false,"_jetpack_newsletter_tier_id":0,"_jetpack_memberships_contains_paywalled_content":false,"_jetpack_memberships_contains_paid_content":false,"footnotes":"","jetpack_publicize_message":"","jetpack_publicize_feature_enabled":true,"jetpack_social_post_already_shared":true,"jetpack_social_options":{"image_generator_settings":{"template":"highway","default_image_id":0,"font":"","enabled":false},"version":2}},"categories":[11],"tags":[],"class_list":["post-75493","post","type-post","status-publish","format-standard","has-post-thumbnail","hentry","category-noticias-de-ribeirao-preto-sp-e-regiao-ismael-colosi"],"jetpack_publicize_connections":[],"jetpack_featured_media_url":"https:\/\/i0.wp.com\/noticiasribeiraopreto.com.br\/wp-content\/uploads\/2025\/08\/c1a83ad3-c8ba-49c9-9169-38d1986082c6_2025-08-09_16-10-54.webp.webp?fit=1200%2C554&ssl=1","jetpack-related-posts":[{"id":76694,"url":"https:\/\/noticiasribeiraopreto.com.br\/index.php\/2025\/09\/03\/programacao-do-fim-de-semana-do-sesi-ribeirao-conta-com-yoga-literatura-e-artes-visuais\/","url_meta":{"origin":75493,"position":0},"title":"Programa\u00e7\u00e3o do fim de semana do Sesi Ribeir\u00e3o conta com yoga, literatura e artes visuais","author":"noticiasribeiraopreto.com.br","date":"3 de September de 2025","format":false,"excerpt":"A programa\u00e7\u00e3o deste fim de semana no Sesi Ribeir\u00e3o Preto conta com atividades gratuitas e para curtir com a fam\u00edlia. Nos dias 6 e 7 de setembro, a institui\u00e7\u00e3o oferece aul\u00e3o de yoga, oficina, feira de troca de livros e conta\u00e7\u00e3o de hist\u00f3rias infantis. Confira a programa\u00e7\u00e3o: Aul\u00e3o de Yoga\u2026","rel":"","context":"In &quot;Not\u00edcias de Ribeir\u00e3o Preto-SP e Regi\u00e3o&quot;","block_context":{"text":"Not\u00edcias de Ribeir\u00e3o Preto-SP e Regi\u00e3o","link":"https:\/\/noticiasribeiraopreto.com.br\/index.php\/category\/noticias-de-ribeirao-preto-sp-e-regiao-ismael-colosi\/"},"img":{"alt_text":"","src":"https:\/\/i0.wp.com\/noticiasribeiraopreto.com.br\/wp-content\/uploads\/2025\/09\/WhatsApp-Image-2025-09-03-at-10.41.12_2025-09-03_14-47-59.webp.webp?fit=1200%2C801&ssl=1&resize=350%2C200","width":350,"height":200,"srcset":"https:\/\/i0.wp.com\/noticiasribeiraopreto.com.br\/wp-content\/uploads\/2025\/09\/WhatsApp-Image-2025-09-03-at-10.41.12_2025-09-03_14-47-59.webp.webp?fit=1200%2C801&ssl=1&resize=350%2C200 1x, https:\/\/i0.wp.com\/noticiasribeiraopreto.com.br\/wp-content\/uploads\/2025\/09\/WhatsApp-Image-2025-09-03-at-10.41.12_2025-09-03_14-47-59.webp.webp?fit=1200%2C801&ssl=1&resize=525%2C300 1.5x, https:\/\/i0.wp.com\/noticiasribeiraopreto.com.br\/wp-content\/uploads\/2025\/09\/WhatsApp-Image-2025-09-03-at-10.41.12_2025-09-03_14-47-59.webp.webp?fit=1200%2C801&ssl=1&resize=700%2C400 2x, https:\/\/i0.wp.com\/noticiasribeiraopreto.com.br\/wp-content\/uploads\/2025\/09\/WhatsApp-Image-2025-09-03-at-10.41.12_2025-09-03_14-47-59.webp.webp?fit=1200%2C801&ssl=1&resize=1050%2C600 3x"},"classes":[]},{"id":76800,"url":"https:\/\/noticiasribeiraopreto.com.br\/index.php\/2025\/09\/05\/shows-teatro-e-feira-onde-aproveitar-o-fim-de-semana-em-ribeirao\/","url_meta":{"origin":75493,"position":1},"title":"Shows, teatro e feira: onde aproveitar o fim de semana em Ribeir\u00e3o?","author":"noticiasribeiraopreto.com.br","date":"5 de September de 2025","format":false,"excerpt":"O fim de semana em Ribeir\u00e3o Preto conta com op\u00e7\u00f5es culturais para aproveitar com toda fam\u00edlia. Entre as op\u00e7\u00f5es, a cidade recebe show do rapper FBC, no Teatro de Arena, a segunda montagem da Mostra de Teatro da Alma (Academia Livre de M\u00fasica e Artes) e a feira especial aos\u2026","rel":"","context":"In &quot;Not\u00edcias de Ribeir\u00e3o Preto-SP e Regi\u00e3o&quot;","block_context":{"text":"Not\u00edcias de Ribeir\u00e3o Preto-SP e Regi\u00e3o","link":"https:\/\/noticiasribeiraopreto.com.br\/index.php\/category\/noticias-de-ribeirao-preto-sp-e-regiao-ismael-colosi\/"},"img":{"alt_text":"","src":"https:\/\/i0.wp.com\/noticiasribeiraopreto.com.br\/wp-content\/uploads\/2025\/09\/Copia-de-Copia-de-Copia-de-TAMANHO-EXATO-PARA-FOTOS-NO-SISTEMA-NOVO-2025-09-05T105334.705_2025-09-05_13-53-44.webp.webp?fit=1200%2C675&ssl=1&resize=350%2C200","width":350,"height":200,"srcset":"https:\/\/i0.wp.com\/noticiasribeiraopreto.com.br\/wp-content\/uploads\/2025\/09\/Copia-de-Copia-de-Copia-de-TAMANHO-EXATO-PARA-FOTOS-NO-SISTEMA-NOVO-2025-09-05T105334.705_2025-09-05_13-53-44.webp.webp?fit=1200%2C675&ssl=1&resize=350%2C200 1x, https:\/\/i0.wp.com\/noticiasribeiraopreto.com.br\/wp-content\/uploads\/2025\/09\/Copia-de-Copia-de-Copia-de-TAMANHO-EXATO-PARA-FOTOS-NO-SISTEMA-NOVO-2025-09-05T105334.705_2025-09-05_13-53-44.webp.webp?fit=1200%2C675&ssl=1&resize=525%2C300 1.5x, https:\/\/i0.wp.com\/noticiasribeiraopreto.com.br\/wp-content\/uploads\/2025\/09\/Copia-de-Copia-de-Copia-de-TAMANHO-EXATO-PARA-FOTOS-NO-SISTEMA-NOVO-2025-09-05T105334.705_2025-09-05_13-53-44.webp.webp?fit=1200%2C675&ssl=1&resize=700%2C400 2x, https:\/\/i0.wp.com\/noticiasribeiraopreto.com.br\/wp-content\/uploads\/2025\/09\/Copia-de-Copia-de-Copia-de-TAMANHO-EXATO-PARA-FOTOS-NO-SISTEMA-NOVO-2025-09-05T105334.705_2025-09-05_13-53-44.webp.webp?fit=1200%2C675&ssl=1&resize=1050%2C600 3x"},"classes":[]},{"id":25928,"url":"https:\/\/noticiasribeiraopreto.com.br\/index.php\/2024\/01\/08\/projeto-oferece-aulas-gratuitas-de-ballet-para-criancas-de-ribeirao-veja-como-participar\/","url_meta":{"origin":75493,"position":2},"title":"Projeto oferece aulas gratuitas de ballet para crian\u00e7as de Ribeir\u00e3o; Veja como participar","author":"noticiasribeiraopreto.com.br","date":"8 de January de 2024","format":false,"excerpt":"A Secretaria da Cultura e Turismo de Ribeir\u00e3o Preto informou, nesta segunda-feira (8), que est\u00e3o abertas as inscri\u00e7\u00f5es para as aulas do Projeto Educa Ballet. De acordo com a pasta, meninas e meninos de 5 a 12 anos podem se inscrever para participar das aulas gratuitas de ballet. As matr\u00edculas\u2026","rel":"","context":"In &quot;Not\u00edcias de Ribeir\u00e3o Preto-SP e Regi\u00e3o&quot;","block_context":{"text":"Not\u00edcias de Ribeir\u00e3o Preto-SP e Regi\u00e3o","link":"https:\/\/noticiasribeiraopreto.com.br\/index.php\/category\/noticias-de-ribeirao-preto-sp-e-regiao-ismael-colosi\/"},"img":{"alt_text":"","src":"https:\/\/i0.wp.com\/noticiasribeiraopreto.com.br\/wp-content\/uploads\/2024\/01\/1704751903_educa_ballet_0901_capa.png?fit=1000%2C666&ssl=1&resize=350%2C200","width":350,"height":200,"srcset":"https:\/\/i0.wp.com\/noticiasribeiraopreto.com.br\/wp-content\/uploads\/2024\/01\/1704751903_educa_ballet_0901_capa.png?fit=1000%2C666&ssl=1&resize=350%2C200 1x, https:\/\/i0.wp.com\/noticiasribeiraopreto.com.br\/wp-content\/uploads\/2024\/01\/1704751903_educa_ballet_0901_capa.png?fit=1000%2C666&ssl=1&resize=525%2C300 1.5x, https:\/\/i0.wp.com\/noticiasribeiraopreto.com.br\/wp-content\/uploads\/2024\/01\/1704751903_educa_ballet_0901_capa.png?fit=1000%2C666&ssl=1&resize=700%2C400 2x"},"classes":[]},{"id":39819,"url":"https:\/\/noticiasribeiraopreto.com.br\/index.php\/2024\/02\/28\/usp-ribeirao-oferece-aulas-de-capoeira-gratuitas-veja-como-participar\/","url_meta":{"origin":75493,"position":3},"title":"USP Ribeir\u00e3o oferece aulas de capoeira gratuitas; Veja como participar","author":"noticiasribeiraopreto.com.br","date":"28 de February de 2024","format":false,"excerpt":"A Faculdade de Filosofia, Ci\u00eancias e Letras de Ribeir\u00e3o Preto (FFCLRP) da USP (Universidade de S\u00e3o Paulo) est\u00e1 com inscri\u00e7\u00f5es abertas para atividades de capoeira ligadas ao projeto Di\u00e1logos e Viv\u00eancias para as Rela\u00e7\u00f5es \u00c9tnico-Raciais. Qualquer pessoa pode participar da atividade gratuita. Para se inscrever, os interessados devem preencher um\u2026","rel":"","context":"In &quot;Not\u00edcias de Ribeir\u00e3o Preto-SP e Regi\u00e3o&quot;","block_context":{"text":"Not\u00edcias de Ribeir\u00e3o Preto-SP e Regi\u00e3o","link":"https:\/\/noticiasribeiraopreto.com.br\/index.php\/category\/noticias-de-ribeirao-preto-sp-e-regiao-ismael-colosi\/"},"img":{"alt_text":"","src":"https:\/\/i0.wp.com\/noticiasribeiraopreto.com.br\/wp-content\/uploads\/2024\/02\/20230714_capoeira-1.png?fit=768%2C403&ssl=1&resize=350%2C200","width":350,"height":200,"srcset":"https:\/\/i0.wp.com\/noticiasribeiraopreto.com.br\/wp-content\/uploads\/2024\/02\/20230714_capoeira-1.png?fit=768%2C403&ssl=1&resize=350%2C200 1x, https:\/\/i0.wp.com\/noticiasribeiraopreto.com.br\/wp-content\/uploads\/2024\/02\/20230714_capoeira-1.png?fit=768%2C403&ssl=1&resize=525%2C300 1.5x, https:\/\/i0.wp.com\/noticiasribeiraopreto.com.br\/wp-content\/uploads\/2024\/02\/20230714_capoeira-1.png?fit=768%2C403&ssl=1&resize=700%2C400 2x"},"classes":[]},{"id":66646,"url":"https:\/\/noticiasribeiraopreto.com.br\/index.php\/2025\/04\/03\/sesi-ribeirao-oferece-atividades-gratuitas-para-a-populacao-neste-final-de-semana\/","url_meta":{"origin":75493,"position":4},"title":"Sesi Ribeir\u00e3o oferece atividades gratuitas para a popula\u00e7\u00e3o neste final de semana","author":"noticiasribeiraopreto.com.br","date":"3 de April de 2025","format":false,"excerpt":"O Sesi de Ribeir\u00e3o Preto oferece neste s\u00e1bado (5), das 8h \u00e0s 13h, uma s\u00e9rie de atividades gratuitas \u00e0 popula\u00e7\u00e3o com o intuito de mostrar que \u201cse movimentar pode ser simples, prazeroso e transformador\u201d. O evento acontece em celebra\u00e7\u00e3o ao Dia Mundial da Atividade F\u00edsica, comemorado no domingo (6). A\u2026","rel":"","context":"In &quot;Not\u00edcias de Ribeir\u00e3o Preto-SP e Regi\u00e3o&quot;","block_context":{"text":"Not\u00edcias de Ribeir\u00e3o Preto-SP e Regi\u00e3o","link":"https:\/\/noticiasribeiraopreto.com.br\/index.php\/category\/noticias-de-ribeirao-preto-sp-e-regiao-ismael-colosi\/"},"img":{"alt_text":"","src":"https:\/\/i0.wp.com\/noticiasribeiraopreto.com.br\/wp-content\/uploads\/2025\/04\/sesi-em-movimento-004_2025-04-03_19-56-52_jpg_2025-04-03_19-56-52.webp.webp?fit=1200%2C675&ssl=1&resize=350%2C200","width":350,"height":200,"srcset":"https:\/\/i0.wp.com\/noticiasribeiraopreto.com.br\/wp-content\/uploads\/2025\/04\/sesi-em-movimento-004_2025-04-03_19-56-52_jpg_2025-04-03_19-56-52.webp.webp?fit=1200%2C675&ssl=1&resize=350%2C200 1x, https:\/\/i0.wp.com\/noticiasribeiraopreto.com.br\/wp-content\/uploads\/2025\/04\/sesi-em-movimento-004_2025-04-03_19-56-52_jpg_2025-04-03_19-56-52.webp.webp?fit=1200%2C675&ssl=1&resize=525%2C300 1.5x, https:\/\/i0.wp.com\/noticiasribeiraopreto.com.br\/wp-content\/uploads\/2025\/04\/sesi-em-movimento-004_2025-04-03_19-56-52_jpg_2025-04-03_19-56-52.webp.webp?fit=1200%2C675&ssl=1&resize=700%2C400 2x, https:\/\/i0.wp.com\/noticiasribeiraopreto.com.br\/wp-content\/uploads\/2025\/04\/sesi-em-movimento-004_2025-04-03_19-56-52_jpg_2025-04-03_19-56-52.webp.webp?fit=1200%2C675&ssl=1&resize=1050%2C600 3x"},"classes":[]},{"id":74483,"url":"https:\/\/noticiasribeiraopreto.com.br\/index.php\/2025\/07\/23\/grupo-oferece-aulas-de-teatro-gratuitas-para-criancas-e-adolescentes-em-ribeirao-preto-veja-como-participar\/","url_meta":{"origin":75493,"position":5},"title":"Grupo oferece aulas de teatro gratuitas para crian\u00e7as e adolescentes em Ribeir\u00e3o Preto; Veja como participar","author":"noticiasribeiraopreto.com.br","date":"23 de July de 2025","format":false,"excerpt":"O Grupo Teatral ApanelA de Ribeir\u00e3o Preto est\u00e1 com inscri\u00e7\u00f5es abertas para a segunda edi\u00e7\u00e3o do projeto Onde Nascem as Hist\u00f3rias, que oferece aulas gratuitas de teatro para crian\u00e7as e adolescentes da zona norte da cidade. O projeto contempla duas turmas: uma para crian\u00e7as a partir de 7 anos, com\u2026","rel":"","context":"In &quot;Not\u00edcias de Ribeir\u00e3o Preto-SP e Regi\u00e3o&quot;","block_context":{"text":"Not\u00edcias de Ribeir\u00e3o Preto-SP e Regi\u00e3o","link":"https:\/\/noticiasribeiraopreto.com.br\/index.php\/category\/noticias-de-ribeirao-preto-sp-e-regiao-ismael-colosi\/"},"img":{"alt_text":"","src":"https:\/\/i0.wp.com\/noticiasribeiraopreto.com.br\/wp-content\/uploads\/2025\/07\/teatro-ribeirao_2025-07-23_17-41-43.webp.webp?fit=1000%2C666&ssl=1&resize=350%2C200","width":350,"height":200,"srcset":"https:\/\/i0.wp.com\/noticiasribeiraopreto.com.br\/wp-content\/uploads\/2025\/07\/teatro-ribeirao_2025-07-23_17-41-43.webp.webp?fit=1000%2C666&ssl=1&resize=350%2C200 1x, https:\/\/i0.wp.com\/noticiasribeiraopreto.com.br\/wp-content\/uploads\/2025\/07\/teatro-ribeirao_2025-07-23_17-41-43.webp.webp?fit=1000%2C666&ssl=1&resize=525%2C300 1.5x, https:\/\/i0.wp.com\/noticiasribeiraopreto.com.br\/wp-content\/uploads\/2025\/07\/teatro-ribeirao_2025-07-23_17-41-43.webp.webp?fit=1000%2C666&ssl=1&resize=700%2C400 2x"},"classes":[]}],"jetpack_sharing_enabled":true,"jetpack_shortlink":"https:\/\/wp.me\/peQAOb-jDD","_links":{"self":[{"href":"https:\/\/noticiasribeiraopreto.com.br\/index.php\/wp-json\/wp\/v2\/posts\/75493","targetHints":{"allow":["GET"]}}],"collection":[{"href":"https:\/\/noticiasribeiraopreto.com.br\/index.php\/wp-json\/wp\/v2\/posts"}],"about":[{"href":"https:\/\/noticiasribeiraopreto.com.br\/index.php\/wp-json\/wp\/v2\/types\/post"}],"author":[{"embeddable":true,"href":"https:\/\/noticiasribeiraopreto.com.br\/index.php\/wp-json\/wp\/v2\/users\/1"}],"replies":[{"embeddable":true,"href":"https:\/\/noticiasribeiraopreto.com.br\/index.php\/wp-json\/wp\/v2\/comments?post=75493"}],"version-history":[{"count":0,"href":"https:\/\/noticiasribeiraopreto.com.br\/index.php\/wp-json\/wp\/v2\/posts\/75493\/revisions"}],"wp:featuredmedia":[{"embeddable":true,"href":"https:\/\/noticiasribeiraopreto.com.br\/index.php\/wp-json\/wp\/v2\/media\/75494"}],"wp:attachment":[{"href":"https:\/\/noticiasribeiraopreto.com.br\/index.php\/wp-json\/wp\/v2\/media?parent=75493"}],"wp:term":[{"taxonomy":"category","embeddable":true,"href":"https:\/\/noticiasribeiraopreto.com.br\/index.php\/wp-json\/wp\/v2\/categories?post=75493"},{"taxonomy":"post_tag","embeddable":true,"href":"https:\/\/noticiasribeiraopreto.com.br\/index.php\/wp-json\/wp\/v2\/tags?post=75493"}],"curies":[{"name":"wp","href":"https:\/\/api.w.org\/{rel}","templated":true}]}}