{"id":75497,"date":"2025-08-10T06:16:10","date_gmt":"2025-08-10T09:16:10","guid":{"rendered":"https:\/\/noticiasribeiraopreto.com.br\/index.php\/2025\/08\/10\/o-bom-da-vida-vai-prosseguir\/"},"modified":"2025-08-10T06:16:10","modified_gmt":"2025-08-10T09:16:10","slug":"o-bom-da-vida-vai-prosseguir","status":"publish","type":"post","link":"https:\/\/noticiasribeiraopreto.com.br\/index.php\/2025\/08\/10\/o-bom-da-vida-vai-prosseguir\/","title":{"rendered":"O Bom da Vida Vai Prosseguir"},"content":{"rendered":"<div class='code-block code-block-1' style='margin: 8px 0 8px auto; text-align: right; display: block; clear: both;'>\n<p><a href=\"https:\/\/wa.link\/vpicfd\"><img data-recalc-dims=\"1\" class=\"wp-image-4922\" style=\"aspect-ratio: 2.0253164556962027; width: 561px; height: auto;\" src=\"https:\/\/i0.wp.com\/ismaelcolosi.com.br\/wp-content\/uploads\/2023\/11\/grupo-de-empregos-whatsapp-e-facebook-ismael-colosi-vagas.jpg?ssl=1\" alt=\"\" \/><\/a><\/p>\n<!-- \/wp:image -->\n<\/div>\n<p> <br \/>\n<\/p>\n<div>\n<p><strong>*Por Fabiana Fabiana Guerrelhas \u2013 Terapeuta Anal\u00edtico Comportamental<\/strong><\/p>\n<p>No \u00faltimo domingo, ao caminhar no parque, prestei aten\u00e7\u00e3o nas crian\u00e7as. Riam alto, jogavam bola, iam e vinham no balan\u00e7o e faziam comidinhas com \u00e1gua, terra e grama. Uma menina de tran\u00e7as esticava o corpo todo para alcan\u00e7ar, com um graveto, um ninho de rolinhas desocupado. <mark style=\"background-color:#fcb900\" class=\"has-inline-color has-black-color\">Senti saudades das minhas filhas e meu peito se encheu de mem\u00f3rias.<\/mark><\/p>\n<p>Sempre quis ser m\u00e3e e tive a sorte de parir duas vezes. Hoje entendo que o desejo, cultivado desde o tempo das bonecas, era alimentado por fantasias que foram desmoronando com o tempo \u2014 como o castelo de areia que o menino com cabelos cacheados acabara de destruir. Adoro crian\u00e7a, cheiro de sabonete Johnson\u2019s, sopa de letrinhas e at\u00e9 apresenta\u00e7\u00e3o escolar, mas filho cresce r\u00e1pido e eu tive muita dificuldade em me despedir da inf\u00e2ncia das meninas.<\/p>\n<p>Enquanto elas eram crian\u00e7as, a maternidade sempre esteve no topo da lista das minhas prioridades. A\u00ed veio a adolesc\u00eancia e eu n\u00e3o lidei muito bem com essa fase. Na mesma \u00e9poca em que elas estavam desabrochando pra vida e come\u00e7ando a ser protagonistas do seu mundo, causei alguns tumultos.<\/p>\n<p>Dei pra curtir baladas at\u00e9 o amanhecer, passar do ponto na bebida, entre outras inconsequ\u00eancias impublic\u00e1veis. Demorei para perceber que a jovenzinha n\u00e3o era eu e que precisava colocar o meu burro na sombra e assumir o papel de adulto protetor que me cabia \u2014 assim como o pai do garoto de olhos de bolas de gude, que vigiava atento o menino ir at\u00e9 o ponto mais alto da \u00e1rvore.<\/p>\n<figure class=\"wp-block-embed is-type-video is-provider-youtube wp-block-embed-youtube wp-embed-aspect-16-9 wp-has-aspect-ratio\">\n<div class=\"wp-block-embed__wrapper\">\n<p><iframe loading=\"lazy\" title=\"Dominguinhos + Gilberto Gil [Abri a Porta]\" width=\"500\" height=\"281\" src=\"https:\/\/www.youtube.com\/embed\/uPeLjU1v_S0?feature=oembed\" frameborder=\"0\" allow=\"accelerometer; autoplay; clipboard-write; encrypted-media; gyroscope; picture-in-picture; web-share\" referrerpolicy=\"strict-origin-when-cross-origin\" allowfullscreen><\/iframe><\/p>\n<\/div>\n<\/figure>\n<p><mark style=\"background-color:#fcb900\" class=\"has-inline-color has-black-color\">No final (da adolesc\u00eancia das minhas filhas) deu (quase) tudo certo, elas se tornaram mulheres saud\u00e1veis, moram em suas pr\u00f3prias casas e sabem usar uma panela de press\u00e3o<\/mark>. Gostam de viajar, de livros e cinema, escutam samba e MPB. Sei que ouvem uns funks horr\u00edveis, mas mesmo assim, acredito que a tarefa de criar cidad\u00e3s do bem foi conclu\u00edda com sucesso.<\/p>\n<p>No parque, a garotinha de pernas magras, vestido curto e botas cintilantes caiu do trepa-trepa, ralou os joelhos e correu para o colo da m\u00e3e. Ganhou um beijo e a promessa: \u201cvai sarar\u201d. Eu teria feito o mesmo e espero que minhas meninas saibam que poder\u00e3o voltar pro meu colo. A m\u00e3e, pessoa adulta que \u00e9, protege a cria de cima pra baixo, mas quando o filho cresce, a rela\u00e7\u00e3o vai ficando cada vez mais horizontalizada. Me vejo assim, hoje em dia, saindo da mesa de controle para que elas pr\u00f3prias assumam essa posi\u00e7\u00e3o.<\/p>\n<p>Esse ano minha ca\u00e7ula foi fazer faculdade em outra cidade, outro estado, outra gal\u00e1xia, e n\u00e3o est\u00e1 sendo f\u00e1cil lidar com o ninho completamente vazio. A casa ficou silenciosa, a rotina mudou completamente. Quando acordo, n\u00e3o sei qual \u00e9 o dia da semana, comecei a perder a hora da gin\u00e1stica. Tenho pregui\u00e7a de cozinhar pra dois e de ir \u00e0 feira comprar verduras. Sobra comida, tempo e choro, o casamento anda precisando de reciclagem. <mark style=\"background-color:#fcb900\" class=\"has-inline-color has-black-color\">E o pai tamb\u00e9m sofre, pois sentir pelo ninho vazio n\u00e3o \u00e9 privil\u00e9gio das m\u00e3es.<\/mark><\/p>\n<p>Outro dia, no programa \u201cPapo de Segunda\u201d do<strong> GNT<\/strong>, o ator <strong>Vladmir Brichta <\/strong>chorou ao contar que a sa\u00edda do filho mais novo de casa est\u00e1 dif\u00edcil. Disse que ao perder as fun\u00e7\u00f5es cotidianas da paternidade parte da sua identidade est\u00e1 abalada. Entendo muito.<\/p>\n<p>Segui a caminhada at\u00e9 o sol come\u00e7ar a esquentar e as crian\u00e7as serem recolhidas. Fiquei com \u201c<strong>Abri a porta<\/strong>\u201d do <strong>Gil <\/strong>e do <strong>Dominguinhos <\/strong>na cabe\u00e7a e, \u201cnaquele instante me convenci que o bom da vida vai prosseguir\u201d.<\/p>\n<p>SAIBA MAIS<br \/>Obra do World Trade Center em Ribeir\u00e3o Preto prev\u00ea investimento de R$ 400 milh\u00f5es<\/p>\n<h2 class=\"wp-block-heading\"><strong>FIQUE ON<\/strong><\/h2>\n<p>Fique ligado em tudo que acontece em Ribeir\u00e3o Preto e regi\u00e3o. Siga os perfis do<strong> acidade on <\/strong>no <a href=\"https:\/\/www.instagram.com\/acidadeonribeirao\" data-type=\"link\" data-id=\"https:\/\/www.instagram.com\/acidadeonribeirao\" target=\"_blank\" rel=\"noopener\">Instagram<\/a> e no <a href=\"https:\/\/www.facebook.com\/acidadeonribeirao\/\" data-type=\"link\" data-id=\"https:\/\/www.facebook.com\/acidadeonribeirao\/\" target=\"_blank\" rel=\"noopener\">Facebook<\/a>.<\/p>\n<p>Receba not\u00edcias do <strong>acidade on<\/strong> no WhatsApp.<a href=\"https:\/\/chat.whatsapp.com\/I4nieTEMKlf50pJ28aMemC?mode=ac_t\" data-type=\"link\" data-id=\"https:\/\/chat.whatsapp.com\/I4nieTEMKlf50pJ28aMemC?mode=ac_t\" target=\"_blank\" rel=\"noopener\"> Para entrar no grupo, basta clicar aqui.<\/a><\/p>\n<p>Fa\u00e7a uma den\u00fancia ou sugira uma reportagem sobre Ribeir\u00e3o Preto e regi\u00e3o pelo WhatsApp: 16 99117 7802.<\/p>\n<p>VEJA TAMB\u00c9M<br \/>Voc\u00ea conhece os principais benef\u00edcios do abacate para a sa\u00fade?<\/p>\n<p><!-- AI CONTENT END 1 -->\n<\/div>\n<p><script async src=\"\/\/www.instagram.com\/embed.js\"><\/script><br \/>\n<br \/><br \/>\n<br \/><a href=\"https:\/\/www.acidadeon.com\/ribeiraopreto\/cotidiano\/colunistas-ribeirao-preto\/o-bom-da-vida-vai-prosseguir\/\">Source link <\/a><\/p>\n<!-- CONTENT END 1 -->\n","protected":false},"excerpt":{"rendered":"<p>*Por Fabiana Fabiana Guerrelhas \u2013 Terapeuta Anal\u00edtico Comportamental No \u00faltimo domingo, ao caminhar no parque, prestei aten\u00e7\u00e3o nas crian\u00e7as. Riam alto, jogavam bola, iam e&#8230;<\/p>\n","protected":false},"author":1,"featured_media":75499,"comment_status":"open","ping_status":"open","sticky":false,"template":"","format":"standard","meta":{"advanced_seo_description":"","jetpack_seo_html_title":"","jetpack_seo_noindex":false,"jetpack_post_was_ever_published":false,"_jetpack_newsletter_access":"","_jetpack_dont_email_post_to_subs":false,"_jetpack_newsletter_tier_id":0,"_jetpack_memberships_contains_paywalled_content":false,"_jetpack_memberships_contains_paid_content":false,"footnotes":"","jetpack_publicize_message":"","jetpack_publicize_feature_enabled":true,"jetpack_social_post_already_shared":true,"jetpack_social_options":{"image_generator_settings":{"template":"highway","default_image_id":0,"font":"","enabled":false},"version":2}},"categories":[11],"tags":[],"class_list":["post-75497","post","type-post","status-publish","format-standard","has-post-thumbnail","hentry","category-noticias-de-ribeirao-preto-sp-e-regiao-ismael-colosi"],"jetpack_publicize_connections":[],"jetpack_featured_media_url":"https:\/\/i0.wp.com\/noticiasribeiraopreto.com.br\/wp-content\/uploads\/2025\/08\/Fabiana-Guerrelhas_2025-04-18_23-10-16.webp.webp?fit=1200%2C1074&ssl=1","jetpack-related-posts":[{"id":83455,"url":"https:\/\/noticiasribeiraopreto.com.br\/index.php\/2026\/03\/18\/deputada-se-pinta-de-marrom-e-e-acusada-de-blackface-na-alesp-video\/","url_meta":{"origin":75497,"position":0},"title":"Deputada se pinta de marrom e \u00e9 acusada de blackface na Alesp; V\u00eddeo","author":"noticiasribeiraopreto.com.br","date":"18 de March de 2026","format":false,"excerpt":"A deputadaFabiana Bolsonaro (PL), que \u00e9 de Barrinha, na regi\u00e3o de Ribeir\u00e3o Preto, pintou o corpo de marrom no plen\u00e1rio daAlesp (Assembleia Legislativa de S\u00e3o Paulo) para protestar contra a deputada federal Erika Hilton (PSOL), que assumiu a presid\u00eancia da Comiss\u00e3o dos Direitos da Mulher na C\u00e2mara dos Deputados. O\u2026","rel":"","context":"In &quot;Not\u00edcias de Ribeir\u00e3o Preto-SP e Regi\u00e3o&quot;","block_context":{"text":"Not\u00edcias de Ribeir\u00e3o Preto-SP e Regi\u00e3o","link":"https:\/\/noticiasribeiraopreto.com.br\/index.php\/category\/noticias-de-ribeirao-preto-sp-e-regiao-ismael-colosi\/"},"img":{"alt_text":"","src":"https:\/\/i0.wp.com\/noticiasribeiraopreto.com.br\/wp-content\/uploads\/2026\/03\/fabiana-bolsonaro-blackface_2026-03-18_21-47-34.webp.webp?fit=988%2C535&ssl=1&resize=350%2C200","width":350,"height":200,"srcset":"https:\/\/i0.wp.com\/noticiasribeiraopreto.com.br\/wp-content\/uploads\/2026\/03\/fabiana-bolsonaro-blackface_2026-03-18_21-47-34.webp.webp?fit=988%2C535&ssl=1&resize=350%2C200 1x, https:\/\/i0.wp.com\/noticiasribeiraopreto.com.br\/wp-content\/uploads\/2026\/03\/fabiana-bolsonaro-blackface_2026-03-18_21-47-34.webp.webp?fit=988%2C535&ssl=1&resize=525%2C300 1.5x, https:\/\/i0.wp.com\/noticiasribeiraopreto.com.br\/wp-content\/uploads\/2026\/03\/fabiana-bolsonaro-blackface_2026-03-18_21-47-34.webp.webp?fit=988%2C535&ssl=1&resize=700%2C400 2x"},"classes":[]},{"id":60696,"url":"https:\/\/noticiasribeiraopreto.com.br\/index.php\/2024\/11\/22\/pesquisadora-da-fmrp-e-a-primeira-brasileira-a-vencer-o-premio-usern-prize\/","url_meta":{"origin":75497,"position":1},"title":"Pesquisadora da FMRP \u00e9 a primeira brasileira a vencer o pr\u00eamio USERN Prize","author":"noticiasribeiraopreto.com.br","date":"22 de November de 2024","format":false,"excerpt":"A pesquisadora Fabiana Corsi Zuelli, doutora pela Faculdade de Medicina de Ribeir\u00e3o Preto (FMRP) da USP (Universidade de S\u00e3o Paulo), \u00e9 a primeira brasileira a vencer o pr\u00eamio USERN Prize na categoria Ci\u00eancias M\u00e9dicas. Conforme a FMRP-USP, a premia\u00e7\u00e3o \u00e9 realizada de forma anual e reconhece cientistas com menos de\u2026","rel":"","context":"In &quot;Not\u00edcias de Ribeir\u00e3o Preto-SP e Regi\u00e3o&quot;","block_context":{"text":"Not\u00edcias de Ribeir\u00e3o Preto-SP e Regi\u00e3o","link":"https:\/\/noticiasribeiraopreto.com.br\/index.php\/category\/noticias-de-ribeirao-preto-sp-e-regiao-ismael-colosi\/"},"img":{"alt_text":"","src":"https:\/\/i0.wp.com\/noticiasribeiraopreto.com.br\/wp-content\/uploads\/2024\/11\/Copia-de-Copia-de-Copia-de-TAMANHO-EXATO-PARA-FOTOS-NO-SISTEMA-NOVO-2024-11-22T114325.724_2024-11-22_14-43-35_png_2024-11-22_14-43-35.webp.webp?fit=1200%2C675&ssl=1&resize=350%2C200","width":350,"height":200,"srcset":"https:\/\/i0.wp.com\/noticiasribeiraopreto.com.br\/wp-content\/uploads\/2024\/11\/Copia-de-Copia-de-Copia-de-TAMANHO-EXATO-PARA-FOTOS-NO-SISTEMA-NOVO-2024-11-22T114325.724_2024-11-22_14-43-35_png_2024-11-22_14-43-35.webp.webp?fit=1200%2C675&ssl=1&resize=350%2C200 1x, https:\/\/i0.wp.com\/noticiasribeiraopreto.com.br\/wp-content\/uploads\/2024\/11\/Copia-de-Copia-de-Copia-de-TAMANHO-EXATO-PARA-FOTOS-NO-SISTEMA-NOVO-2024-11-22T114325.724_2024-11-22_14-43-35_png_2024-11-22_14-43-35.webp.webp?fit=1200%2C675&ssl=1&resize=525%2C300 1.5x, https:\/\/i0.wp.com\/noticiasribeiraopreto.com.br\/wp-content\/uploads\/2024\/11\/Copia-de-Copia-de-Copia-de-TAMANHO-EXATO-PARA-FOTOS-NO-SISTEMA-NOVO-2024-11-22T114325.724_2024-11-22_14-43-35_png_2024-11-22_14-43-35.webp.webp?fit=1200%2C675&ssl=1&resize=700%2C400 2x, https:\/\/i0.wp.com\/noticiasribeiraopreto.com.br\/wp-content\/uploads\/2024\/11\/Copia-de-Copia-de-Copia-de-TAMANHO-EXATO-PARA-FOTOS-NO-SISTEMA-NOVO-2024-11-22T114325.724_2024-11-22_14-43-35_png_2024-11-22_14-43-35.webp.webp?fit=1200%2C675&ssl=1&resize=1050%2C600 3x"},"classes":[]},{"id":77168,"url":"https:\/\/noticiasribeiraopreto.com.br\/index.php\/2025\/09\/12\/crianca-de-4-anos-morre-apos-ser-atropelada-enquanto-passeava-com-o-avo\/","url_meta":{"origin":75497,"position":2},"title":"Crian\u00e7a de 4 anos morre ap\u00f3s ser atropelada enquanto passeava com o av\u00f4","author":"noticiasribeiraopreto.com.br","date":"12 de September de 2025","format":false,"excerpt":"Uma crian\u00e7a de quatro anos morreu ap\u00f3s ser atropelada em uma avenida de Franca, cidade que fica a aproximadamente 88 km de Ribeir\u00e3o Preto. Segundo informa\u00e7\u00f5es da Pol\u00edcia Militar, a crian\u00e7a estava acompanhada pelo av\u00f4, que havia deixado uma motocicleta para conserto e estacionado o carro do outro lado da\u2026","rel":"","context":"In &quot;Not\u00edcias de Ribeir\u00e3o Preto-SP e Regi\u00e3o&quot;","block_context":{"text":"Not\u00edcias de Ribeir\u00e3o Preto-SP e Regi\u00e3o","link":"https:\/\/noticiasribeiraopreto.com.br\/index.php\/category\/noticias-de-ribeirao-preto-sp-e-regiao-ismael-colosi\/"},"img":{"alt_text":"","src":"https:\/\/i0.wp.com\/noticiasribeiraopreto.com.br\/wp-content\/uploads\/2025\/09\/Copia-de-Copia-de-Copia-de-TAMANHO-EXATO-PARA-FOTOS-NO-SISTEMA-NOVO-2025-09-12T180408.803_2025-09-12_21-11-29.webp.webp?fit=1200%2C675&ssl=1&resize=350%2C200","width":350,"height":200,"srcset":"https:\/\/i0.wp.com\/noticiasribeiraopreto.com.br\/wp-content\/uploads\/2025\/09\/Copia-de-Copia-de-Copia-de-TAMANHO-EXATO-PARA-FOTOS-NO-SISTEMA-NOVO-2025-09-12T180408.803_2025-09-12_21-11-29.webp.webp?fit=1200%2C675&ssl=1&resize=350%2C200 1x, https:\/\/i0.wp.com\/noticiasribeiraopreto.com.br\/wp-content\/uploads\/2025\/09\/Copia-de-Copia-de-Copia-de-TAMANHO-EXATO-PARA-FOTOS-NO-SISTEMA-NOVO-2025-09-12T180408.803_2025-09-12_21-11-29.webp.webp?fit=1200%2C675&ssl=1&resize=525%2C300 1.5x, https:\/\/i0.wp.com\/noticiasribeiraopreto.com.br\/wp-content\/uploads\/2025\/09\/Copia-de-Copia-de-Copia-de-TAMANHO-EXATO-PARA-FOTOS-NO-SISTEMA-NOVO-2025-09-12T180408.803_2025-09-12_21-11-29.webp.webp?fit=1200%2C675&ssl=1&resize=700%2C400 2x, https:\/\/i0.wp.com\/noticiasribeiraopreto.com.br\/wp-content\/uploads\/2025\/09\/Copia-de-Copia-de-Copia-de-TAMANHO-EXATO-PARA-FOTOS-NO-SISTEMA-NOVO-2025-09-12T180408.803_2025-09-12_21-11-29.webp.webp?fit=1200%2C675&ssl=1&resize=1050%2C600 3x"},"classes":[]},{"id":81994,"url":"https:\/\/noticiasribeiraopreto.com.br\/index.php\/2026\/02\/01\/a-amizade-alonga-a-vida\/","url_meta":{"origin":75497,"position":3},"title":"A amizade alonga a vida","author":"noticiasribeiraopreto.com.br","date":"1 de February de 2026","format":false,"excerpt":"Por Fabiana Guerrelhas O s\u00edtio da minha m\u00e3e tem quase a minha idade. A casa t\u00e9rrea, dos anos 1980, de tijolinho \u00e0 vista, piso de ard\u00f3sia e janelas arredondadas, come\u00e7ou com tr\u00eas quartos, que acomodavam bem meus pais, meus dois irm\u00e3os e eu. A sala \u00e9 ampla, com o telhado\u2026","rel":"","context":"In &quot;Not\u00edcias de Ribeir\u00e3o Preto-SP e Regi\u00e3o&quot;","block_context":{"text":"Not\u00edcias de Ribeir\u00e3o Preto-SP e Regi\u00e3o","link":"https:\/\/noticiasribeiraopreto.com.br\/index.php\/category\/noticias-de-ribeirao-preto-sp-e-regiao-ismael-colosi\/"},"img":{"alt_text":"","src":"https:\/\/i0.wp.com\/noticiasribeiraopreto.com.br\/wp-content\/uploads\/2025\/08\/Fabiana-Guerrelhas_2025-04-18_23-10-16.webp.webp?fit=1200%2C1074&ssl=1&resize=350%2C200","width":350,"height":200,"srcset":"https:\/\/i0.wp.com\/noticiasribeiraopreto.com.br\/wp-content\/uploads\/2025\/08\/Fabiana-Guerrelhas_2025-04-18_23-10-16.webp.webp?fit=1200%2C1074&ssl=1&resize=350%2C200 1x, https:\/\/i0.wp.com\/noticiasribeiraopreto.com.br\/wp-content\/uploads\/2025\/08\/Fabiana-Guerrelhas_2025-04-18_23-10-16.webp.webp?fit=1200%2C1074&ssl=1&resize=525%2C300 1.5x, https:\/\/i0.wp.com\/noticiasribeiraopreto.com.br\/wp-content\/uploads\/2025\/08\/Fabiana-Guerrelhas_2025-04-18_23-10-16.webp.webp?fit=1200%2C1074&ssl=1&resize=700%2C400 2x, https:\/\/i0.wp.com\/noticiasribeiraopreto.com.br\/wp-content\/uploads\/2025\/08\/Fabiana-Guerrelhas_2025-04-18_23-10-16.webp.webp?fit=1200%2C1074&ssl=1&resize=1050%2C600 3x"},"classes":[]},{"id":33012,"url":"https:\/\/noticiasribeiraopreto.com.br\/index.php\/2024\/01\/27\/juros-compostos-entenda-a-magica-que-pode-te-fazer-ganhar-muito-dinheiro-investindo-pouco\/","url_meta":{"origin":75497,"position":4},"title":"Juros compostos: entenda a \u2018m\u00e1gica\u2019 que pode te fazer ganhar muito dinheiro investindo pouco","author":"noticiasribeiraopreto.com.br","date":"27 de January de 2024","format":false,"excerpt":"Um erro comum entre investidores iniciantes e at\u00e9 mesmo mais experientes \u00e9 acreditar na necessidade de grandes aportes mensais para colher frutos no mercado financeiro. No entanto, essa afirma\u00e7\u00e3o n\u00e3o s\u00f3 est\u00e1 equivocada, como vem acompanhada de outro agravante que muitas vezes \u00e9 deixado de lado: o tempo \u2013 ou\u2026","rel":"","context":"In &quot;Dinheiro e Investimento&quot;","block_context":{"text":"Dinheiro e Investimento","link":"https:\/\/noticiasribeiraopreto.com.br\/index.php\/category\/dinheiro-e-investimento-como-fazer-como-ganhar\/"},"img":{"alt_text":"","src":"https:\/\/i0.wp.com\/noticiasribeiraopreto.com.br\/wp-content\/uploads\/2024\/01\/dinheiro-real-capa-715x402.jpg?fit=715%2C402&ssl=1&resize=350%2C200","width":350,"height":200,"srcset":"https:\/\/i0.wp.com\/noticiasribeiraopreto.com.br\/wp-content\/uploads\/2024\/01\/dinheiro-real-capa-715x402.jpg?fit=715%2C402&ssl=1&resize=350%2C200 1x, https:\/\/i0.wp.com\/noticiasribeiraopreto.com.br\/wp-content\/uploads\/2024\/01\/dinheiro-real-capa-715x402.jpg?fit=715%2C402&ssl=1&resize=525%2C300 1.5x, https:\/\/i0.wp.com\/noticiasribeiraopreto.com.br\/wp-content\/uploads\/2024\/01\/dinheiro-real-capa-715x402.jpg?fit=715%2C402&ssl=1&resize=700%2C400 2x"},"classes":[]},{"id":79465,"url":"https:\/\/noticiasribeiraopreto.com.br\/index.php\/2025\/11\/02\/contradicoes-deserticas\/","url_meta":{"origin":75497,"position":5},"title":"Contradi\u00e7\u00f5es Des\u00e9rticas","author":"noticiasribeiraopreto.com.br","date":"2 de November de 2025","format":false,"excerpt":"Por Fabiana Guerrelhas Depois de alguns dias em uma viagem em fam\u00edlia pelo Atacama, no Chile, considerei que o deserto \u00e9 como algumas pessoas: extremo e contradit\u00f3rio. Lagoas salgadas com gente doce. Clima seco, pouca \u00e1gua e humor alegre. Povoados andinos origin\u00e1rios, anteriores \u00e0 coloniza\u00e7\u00e3o, com Wi-Fi impec\u00e1vel. Um lugar\u2026","rel":"","context":"In &quot;Not\u00edcias de Ribeir\u00e3o Preto-SP e Regi\u00e3o&quot;","block_context":{"text":"Not\u00edcias de Ribeir\u00e3o Preto-SP e Regi\u00e3o","link":"https:\/\/noticiasribeiraopreto.com.br\/index.php\/category\/noticias-de-ribeirao-preto-sp-e-regiao-ismael-colosi\/"},"img":{"alt_text":"","src":"https:\/\/i0.wp.com\/noticiasribeiraopreto.com.br\/wp-content\/uploads\/2025\/08\/Fabiana-Guerrelhas_2025-04-18_23-10-16.webp.webp?fit=1200%2C1074&ssl=1&resize=350%2C200","width":350,"height":200,"srcset":"https:\/\/i0.wp.com\/noticiasribeiraopreto.com.br\/wp-content\/uploads\/2025\/08\/Fabiana-Guerrelhas_2025-04-18_23-10-16.webp.webp?fit=1200%2C1074&ssl=1&resize=350%2C200 1x, https:\/\/i0.wp.com\/noticiasribeiraopreto.com.br\/wp-content\/uploads\/2025\/08\/Fabiana-Guerrelhas_2025-04-18_23-10-16.webp.webp?fit=1200%2C1074&ssl=1&resize=525%2C300 1.5x, https:\/\/i0.wp.com\/noticiasribeiraopreto.com.br\/wp-content\/uploads\/2025\/08\/Fabiana-Guerrelhas_2025-04-18_23-10-16.webp.webp?fit=1200%2C1074&ssl=1&resize=700%2C400 2x, https:\/\/i0.wp.com\/noticiasribeiraopreto.com.br\/wp-content\/uploads\/2025\/08\/Fabiana-Guerrelhas_2025-04-18_23-10-16.webp.webp?fit=1200%2C1074&ssl=1&resize=1050%2C600 3x"},"classes":[]}],"jetpack_sharing_enabled":true,"jetpack_shortlink":"https:\/\/wp.me\/peQAOb-jDH","_links":{"self":[{"href":"https:\/\/noticiasribeiraopreto.com.br\/index.php\/wp-json\/wp\/v2\/posts\/75497","targetHints":{"allow":["GET"]}}],"collection":[{"href":"https:\/\/noticiasribeiraopreto.com.br\/index.php\/wp-json\/wp\/v2\/posts"}],"about":[{"href":"https:\/\/noticiasribeiraopreto.com.br\/index.php\/wp-json\/wp\/v2\/types\/post"}],"author":[{"embeddable":true,"href":"https:\/\/noticiasribeiraopreto.com.br\/index.php\/wp-json\/wp\/v2\/users\/1"}],"replies":[{"embeddable":true,"href":"https:\/\/noticiasribeiraopreto.com.br\/index.php\/wp-json\/wp\/v2\/comments?post=75497"}],"version-history":[{"count":0,"href":"https:\/\/noticiasribeiraopreto.com.br\/index.php\/wp-json\/wp\/v2\/posts\/75497\/revisions"}],"wp:featuredmedia":[{"embeddable":true,"href":"https:\/\/noticiasribeiraopreto.com.br\/index.php\/wp-json\/wp\/v2\/media\/75499"}],"wp:attachment":[{"href":"https:\/\/noticiasribeiraopreto.com.br\/index.php\/wp-json\/wp\/v2\/media?parent=75497"}],"wp:term":[{"taxonomy":"category","embeddable":true,"href":"https:\/\/noticiasribeiraopreto.com.br\/index.php\/wp-json\/wp\/v2\/categories?post=75497"},{"taxonomy":"post_tag","embeddable":true,"href":"https:\/\/noticiasribeiraopreto.com.br\/index.php\/wp-json\/wp\/v2\/tags?post=75497"}],"curies":[{"name":"wp","href":"https:\/\/api.w.org\/{rel}","templated":true}]}}