{"id":755,"date":"2023-11-09T09:37:33","date_gmt":"2023-11-09T12:37:33","guid":{"rendered":"https:\/\/noticiasribeiraopreto.com.br\/index.php\/2023\/11\/09\/a-inovacao-necessaria-jornal-tribuna-ribeirao\/"},"modified":"2023-11-09T09:37:33","modified_gmt":"2023-11-09T12:37:33","slug":"a-inovacao-necessaria-jornal-tribuna-ribeirao","status":"publish","type":"post","link":"https:\/\/noticiasribeiraopreto.com.br\/index.php\/2023\/11\/09\/a-inovacao-necessaria-jornal-tribuna-ribeirao\/","title":{"rendered":"A inova\u00e7\u00e3o necess\u00e1ria\u00a0 &#8211; Jornal Tribuna Ribeir\u00e3o"},"content":{"rendered":"<div class='code-block code-block-1' style='margin: 8px 0 8px auto; text-align: right; display: block; clear: both;'>\n<p><a href=\"https:\/\/wa.link\/vpicfd\"><img data-recalc-dims=\"1\" class=\"wp-image-4922\" style=\"aspect-ratio: 2.0253164556962027; width: 561px; height: auto;\" src=\"https:\/\/i0.wp.com\/ismaelcolosi.com.br\/wp-content\/uploads\/2023\/11\/grupo-de-empregos-whatsapp-e-facebook-ismael-colosi-vagas.jpg?ssl=1\" alt=\"\" \/><\/a><\/p>\n<!-- \/wp:image -->\n<\/div>\n<p> <br \/>\n<\/p>\n<div id=\"\">\n<p> <span class=\"entry-meta-item penci-posted-on\"><i class=\"fa fa-clock-o\"\/><time class=\"entry-date published\" datetime=\"2023-11-09T08:20:55-03:00\">9 de novembro de 2023 | 8:20<\/time><time class=\"updated\" datetime=\"2023-11-08T18:43:04-03:00\">8 de novembro de 2023 | 18:43<\/time><\/span><\/p>\n<p> <span class=\"penci-social-buttons penci-social-share-footer\"><a href=\"#\" class=\"penci-post-like penci_post-meta_item  single-like-button penci-social-item like\" data-post_id=\"363804\" title=\"Like\" data-like=\"Like\" data-unlike=\"Unlike\"><i class=\"fa fa-thumbs-o-up\"\/><span class=\"penci-share-number\">0<\/span><\/a><a class=\"penci-social-item facebook\" target=\"_blank\" rel=\"noopener\" title=\"\" href=\"https:\/\/www.facebook.com\/sharer\/sharer.php?u=https%3A%2F%2Fwww.tribunaribeirao.com.br%2Fsite%2Fa-inovacao-necessaria%2F\"><i class=\"fa fa-facebook\"\/><\/a><a class=\"penci-social-item twitter\" target=\"_blank\" rel=\"noopener\" title=\"\" href=\"https:\/\/twitter.com\/intent\/tweet?text=A%20inova\u00e7\u00e3o%20necess\u00e1ria\u00a0%20-%20https:\/\/www.tribunaribeirao.com.br\/site\/a-inovacao-necessaria\/\"><i class=\"fa fa-twitter\"\/><\/a><a class=\"penci-social-item whatsapp\" rel=\"noopener\" data-text=\"A inova\u00e7\u00e3o necess\u00e1ria\u00a0\" data-link=\"https:\/\/www.tribunaribeirao.com.br\/site\/a-inovacao-necessaria\/\" href=\"#\"><i class=\"fa fa-whatsapp\"\/><\/a><\/span><\/div>\n<div>\n<p><b><i><span data-contrast=\"none\">Duarte Nogueira *<\/span><\/i><\/b><b><span data-contrast=\"none\">\u202f<\/span><\/b><br \/><a href=\"http:\/\/www.tribunaribeirao.com.br\/cdn-cgi\/l\/email-protection#4b2f3e2a393f2e25242c3e2e22392a0b3922292e22392a243b392e3f2465383b652c243d652939\"><b><i><span data-contrast=\"none\"><span class=\"__cf_email__\" data-cfemail=\"c4a0b1a5b6b0a1aaaba3b1a1adb6a584b6ada6a1adb6a5abb4b6a1b0abeab7b4eaa3abb2eaa6b6\">[email\u00a0protected]<\/span><\/span><\/i><\/b><b><span data-contrast=\"none\">\u202f<\/span><\/b><\/a><\/p>\n<p><span data-contrast=\"auto\">Participo nesta semana, como prefeito de Ribeir\u00e3o Preto e vice-presidente de Rela\u00e7\u00f5es com o Congresso Nacional da Frente Nacional de Prefeitos (FNP), do Smart City Expo World Congress em Barcelona, que teve in\u00edcio no dia 5 e ser\u00e1 encerrado nesta quinta-feira, dia 9. A miss\u00e3o internacional, que re\u00fane l\u00edderes mundiais, tem como foco principal discutir solu\u00e7\u00f5es inovadoras para as cidades. \u00c9 um palco para debater inova\u00e7\u00f5es que visam a enfrentar os desafios cr\u00edticos que as cidades enfrentam atualmente.<\/span><\/p>\n<p><span data-contrast=\"auto\">E este \u00e9 o local exato para se tratar desses assuntos, uma vez que \u00e9 o maior e mais influente evento do mundo para cidades e inova\u00e7\u00e3o urbana. Assim como na inven\u00e7\u00e3o de equipamentos e objetos em tempos passados, os gestores atuais precisam encontrar formas inovadoras de enfrentar os novos gargalos que surgem nas cidades. E nada mais pr\u00e1tico e conveniente que conhecer solu\u00e7\u00f5es j\u00e1 aplicadas em outros locais do mundo e que podem ser aproveitadas por n\u00f3s, ap\u00f3s eventuais adapta\u00e7\u00f5es para as nossas realidades.<\/span><\/p>\n<p><span data-contrast=\"auto\">O Smart City Expo World Congress \u00e9 uma oportunidade \u00fanica para a troca de conhecimentos e experi\u00eancias, al\u00e9m de promover parcerias que podem beneficiar Ribeir\u00e3o Preto e outras cidades brasileiras. Temos a possibilidade de encontrar solu\u00e7\u00f5es que podem suavizar o enfrentamento dos desafios da urbaniza\u00e7\u00e3o e, com isso, melhorar a qualidade de vida dos cidad\u00e3os. \u00c0 medida que o mundo se urbaniza rapidamente, a busca por solu\u00e7\u00f5es inteligentes e inovadoras para as cidades torna-se cada vez mais presente.<\/span><\/p>\n<p><span data-contrast=\"auto\">O Smart City Expo World Congress, desde 2011, desempenha papel fundamental nesse processo, e leva munic\u00edpios a estarem na vanguarda das inova\u00e7\u00f5es urbanas, garantindo um futuro melhor para seus cidad\u00e3os. Porque a necessidade de inova\u00e7\u00e3o \u00e9 uma realidade nas iniciativas privadas e p\u00fablicas. E quem atua na gest\u00e3o p\u00fablica sabe perfeitamente do conjunto de gargalos a exigir solu\u00e7\u00f5es r\u00e1pidas e duradouras nos mais variados setores da administra\u00e7\u00e3o. Muito do que j\u00e1 se utilizou como pr\u00e1tica corrente hoje n\u00e3o \u00e9 mais vi\u00e1vel.<\/span><\/p>\n<p><span data-contrast=\"auto\">E o fim da viabilidade se d\u00e1 com o aparecimento de novas formas de administrar, de gerir e oferecer respostas aos cidad\u00e3os das cidades, que \u00e9 onde a popula\u00e7\u00e3o apresenta suas demandas e espera que sejam respondidas com rapidez e efici\u00eancia, porque a m\u00e1quina precisa se manter em constante movimento. Em cidades onde o desenvolvimento \u00e9 mais acelerado e constante, como Ribeir\u00e3o Preto, a exig\u00eancia por medidas mais assertivas \u00e9 ainda maior. Por isso n\u00e3o deixamos escapar qualquer oportunidade de buscar conhecimento e investimos para que a inova\u00e7\u00e3o seja uma realidade.<\/span><\/p>\n<p><span data-contrast=\"auto\">Buscamos sempre ser inovadores para oferecer a\u00e7\u00f5es que levem \u00e0 maior rapidez e economia para os pr\u00f3prios p\u00fablicos e para a popula\u00e7\u00e3o. Um bom exemplo de moderniza\u00e7\u00e3o da m\u00e1quina p\u00fablica \u00e9 o Programa Prefeitura Sem Papel, criado em abril de 2021 e que j\u00e1 possibilitou a economia, para os cofres p\u00fablicos, de mais de R$ 12,3 milh\u00f5es. Na outra ponta, os mun\u00edcipes que puderam tramitar seus processos sem precisar de c\u00f3pias, documentos impressos e deslocamentos tamb\u00e9m fizeram economia significativa.<\/span><\/p>\n<p><span data-contrast=\"auto\">E vamos levar estas solu\u00e7\u00f5es para outros setores da administra\u00e7\u00e3o. Nestes dias de miss\u00e3o internacional, discutimos pol\u00edticas e parcerias que impulsionam a transi\u00e7\u00e3o urbana de baixo carbono, medidas para otimiza\u00e7\u00e3o da gest\u00e3o da \u00e1gua, exemplos para mudar a forma de como planejamos, constru\u00edmos e renovamos a infraestrutura urbana e decis\u00f5es para o transporte urbano rumo \u00e0 sustentabilidade entre v\u00e1rios outros assuntos que permeiam a gest\u00e3o p\u00fablica das cidades. \u00c9 desta forma que construiremos uma cidade inovadora, global e acolhedora.<\/span><\/p>\n<p><b><i><span data-contrast=\"none\">* Prefeito de Ribeir\u00e3o Preto<\/span><\/i><\/b><span data-contrast=\"auto\">\u00a0\u00a0<\/span><span data-ccp-props=\"{&quot;201341983&quot;:0,&quot;335559739&quot;:200,&quot;335559740&quot;:276}\">\u00a0<\/span><\/p>\n<p><span data-ccp-props=\"{&quot;201341983&quot;:0,&quot;335559739&quot;:200,&quot;335559740&quot;:276}\">\u00a0<\/span><\/p>\n<\/div>\n<p><script async src=\"\/\/platform.twitter.com\/widgets.js\" charset=\"utf-8\"><\/script><br \/>\n<br \/><br \/>\n<br \/><a href=\"https:\/\/www.tribunaribeirao.com.br\/site\/a-inovacao-necessaria\/\">Source link <\/a><\/p>\n<!-- CONTENT END 1 -->\n","protected":false},"excerpt":{"rendered":"<p>9 de novembro de 2023 | 8:208 de novembro de 2023 | 18:43 0 Duarte Nogueira *\u202f[email\u00a0protected]\u202f Participo nesta semana, como prefeito de Ribeir\u00e3o Preto&#8230;<\/p>\n","protected":false},"author":1,"featured_media":756,"comment_status":"open","ping_status":"open","sticky":false,"template":"","format":"standard","meta":{"advanced_seo_description":"","jetpack_seo_html_title":"","jetpack_seo_noindex":false,"jetpack_post_was_ever_published":false,"_jetpack_newsletter_access":"","_jetpack_dont_email_post_to_subs":false,"_jetpack_newsletter_tier_id":0,"_jetpack_memberships_contains_paywalled_content":false,"_jetpack_memberships_contains_paid_content":false,"footnotes":"","jetpack_publicize_message":"","jetpack_publicize_feature_enabled":true,"jetpack_social_post_already_shared":false,"jetpack_social_options":{"image_generator_settings":{"template":"highway","default_image_id":0,"font":"","enabled":false},"version":2}},"categories":[11],"tags":[],"class_list":["post-755","post","type-post","status-publish","format-standard","has-post-thumbnail","hentry","category-noticias-de-ribeirao-preto-sp-e-regiao-ismael-colosi"],"jetpack_publicize_connections":[],"jetpack_featured_media_url":"https:\/\/i0.wp.com\/noticiasribeiraopreto.com.br\/wp-content\/uploads\/2023\/11\/duarte-nogueira.jpg?fit=700%2C450&ssl=1","jetpack-related-posts":[{"id":3421,"url":"https:\/\/noticiasribeiraopreto.com.br\/index.php\/2023\/11\/18\/black-friday-veja-as-promocoes-do-shopping-iguatemi-de-ribeirao-preto\/","url_meta":{"origin":755,"position":0},"title":"Black Friday: Veja as promo\u00e7\u00f5es do Shopping Iguatemi de Ribeir\u00e3o Preto","author":"noticiasribeiraopreto.com.br","date":"18 de November de 2023","format":false,"excerpt":"Falta menos de uma semana para data oficial da Black Friday \u2013 que \u00e9 24 de novembro \u2013 e muitas lojas j\u00e1 iniciaram as promo\u00e7\u00f5es ou j\u00e1 divulgaram a data do in\u00edcio das ofertas. No Shopping Iguatemi, na zona Sul de Ribeir\u00e3o Preto, por exemplo, v\u00e1rias lojas aderiam e divulgaram\u2026","rel":"","context":"In &quot;Not\u00edcias de Ribeir\u00e3o Preto-SP e Regi\u00e3o&quot;","block_context":{"text":"Not\u00edcias de Ribeir\u00e3o Preto-SP e Regi\u00e3o","link":"https:\/\/noticiasribeiraopreto.com.br\/index.php\/category\/noticias-de-ribeirao-preto-sp-e-regiao-ismael-colosi\/"},"img":{"alt_text":"","src":"https:\/\/i0.wp.com\/noticiasribeiraopreto.com.br\/wp-content\/uploads\/2023\/11\/WhatsApp-Image-2023-11-17-at-13.51.16.jpeg?fit=696%2C464&ssl=1&resize=350%2C200","width":350,"height":200,"srcset":"https:\/\/i0.wp.com\/noticiasribeiraopreto.com.br\/wp-content\/uploads\/2023\/11\/WhatsApp-Image-2023-11-17-at-13.51.16.jpeg?fit=696%2C464&ssl=1&resize=350%2C200 1x, https:\/\/i0.wp.com\/noticiasribeiraopreto.com.br\/wp-content\/uploads\/2023\/11\/WhatsApp-Image-2023-11-17-at-13.51.16.jpeg?fit=696%2C464&ssl=1&resize=525%2C300 1.5x"},"classes":[]},{"id":59815,"url":"https:\/\/noticiasribeiraopreto.com.br\/index.php\/2024\/10\/30\/hc-de-ribeirao-preto-tem-concursos-publicos-com-salarios-de-ate-r-56-mil-2\/","url_meta":{"origin":755,"position":1},"title":"HC de Ribeir\u00e3o Preto tem concursos p\u00fablicos com sal\u00e1rios de at\u00e9 R$ 5,6 mil","author":"noticiasribeiraopreto.com.br","date":"30 de October de 2024","format":false,"excerpt":"O HC-RP (Hospital das Cl\u00ednicas de Ribeir\u00e3o Preto) publicou edital de seis novos concursos p\u00fablicos de n\u00edvel m\u00e9dio e superior, com sal\u00e1rios que variam entre R$ 2,5 mil e R$ 5,6 mil. As oportunidades dispon\u00edveis s\u00e3o para t\u00e9cnico de laborat\u00f3rio, fonoaudi\u00f3logo e m\u00e9dico de diferentes especialidades \u2013 veja abaixo. As\u2026","rel":"","context":"In &quot;Not\u00edcias de Ribeir\u00e3o Preto-SP e Regi\u00e3o&quot;","block_context":{"text":"Not\u00edcias de Ribeir\u00e3o Preto-SP e Regi\u00e3o","link":"https:\/\/noticiasribeiraopreto.com.br\/index.php\/category\/noticias-de-ribeirao-preto-sp-e-regiao-ismael-colosi\/"},"img":{"alt_text":"","src":"https:\/\/i0.wp.com\/noticiasribeiraopreto.com.br\/wp-content\/uploads\/2024\/10\/hc-ribeirao-preto.jpg?fit=1200%2C675&ssl=1&resize=350%2C200","width":350,"height":200,"srcset":"https:\/\/i0.wp.com\/noticiasribeiraopreto.com.br\/wp-content\/uploads\/2024\/10\/hc-ribeirao-preto.jpg?fit=1200%2C675&ssl=1&resize=350%2C200 1x, https:\/\/i0.wp.com\/noticiasribeiraopreto.com.br\/wp-content\/uploads\/2024\/10\/hc-ribeirao-preto.jpg?fit=1200%2C675&ssl=1&resize=525%2C300 1.5x, https:\/\/i0.wp.com\/noticiasribeiraopreto.com.br\/wp-content\/uploads\/2024\/10\/hc-ribeirao-preto.jpg?fit=1200%2C675&ssl=1&resize=700%2C400 2x, https:\/\/i0.wp.com\/noticiasribeiraopreto.com.br\/wp-content\/uploads\/2024\/10\/hc-ribeirao-preto.jpg?fit=1200%2C675&ssl=1&resize=1050%2C600 3x"},"classes":[]},{"id":79491,"url":"https:\/\/noticiasribeiraopreto.com.br\/index.php\/2025\/11\/02\/a-chuva-continua-veja-a-previsao-do-tempo-para-ribeirao-preto-nos-proximos-dias\/","url_meta":{"origin":755,"position":2},"title":"A chuva continua? Veja a previs\u00e3o do tempo para Ribeir\u00e3o Preto nos pr\u00f3ximos dias","author":"noticiasribeiraopreto.com.br","date":"2 de November de 2025","format":false,"excerpt":"A chuva deve continuar em Ribeir\u00e3o Preto ao longo da pr\u00f3xima semana, segundo a previs\u00e3o do tempo. A Climatempo aponta para possibilidade de pancadas de chuva entre segunda-feira (3) e s\u00e1bado (8). Confira: Previs\u00e3o do tempo para Ribeir\u00e3o Preto: Segunda-feira, 3 de novembroM\u00e1xima: 26\u00b0CM\u00ednima: 21\u00b0CChuvoso de manh\u00e3 e \u00e0 noite.\u2026","rel":"","context":"In &quot;Not\u00edcias de Ribeir\u00e3o Preto-SP e Regi\u00e3o&quot;","block_context":{"text":"Not\u00edcias de Ribeir\u00e3o Preto-SP e Regi\u00e3o","link":"https:\/\/noticiasribeiraopreto.com.br\/index.php\/category\/noticias-de-ribeirao-preto-sp-e-regiao-ismael-colosi\/"},"img":{"alt_text":"","src":"https:\/\/i0.wp.com\/noticiasribeiraopreto.com.br\/wp-content\/uploads\/2025\/11\/palace-3_2025-10-31_19-55-22.webp.webp?fit=1200%2C675&ssl=1&resize=350%2C200","width":350,"height":200,"srcset":"https:\/\/i0.wp.com\/noticiasribeiraopreto.com.br\/wp-content\/uploads\/2025\/11\/palace-3_2025-10-31_19-55-22.webp.webp?fit=1200%2C675&ssl=1&resize=350%2C200 1x, https:\/\/i0.wp.com\/noticiasribeiraopreto.com.br\/wp-content\/uploads\/2025\/11\/palace-3_2025-10-31_19-55-22.webp.webp?fit=1200%2C675&ssl=1&resize=525%2C300 1.5x, https:\/\/i0.wp.com\/noticiasribeiraopreto.com.br\/wp-content\/uploads\/2025\/11\/palace-3_2025-10-31_19-55-22.webp.webp?fit=1200%2C675&ssl=1&resize=700%2C400 2x, https:\/\/i0.wp.com\/noticiasribeiraopreto.com.br\/wp-content\/uploads\/2025\/11\/palace-3_2025-10-31_19-55-22.webp.webp?fit=1200%2C675&ssl=1&resize=1050%2C600 3x"},"classes":[]},{"id":21918,"url":"https:\/\/noticiasribeiraopreto.com.br\/index.php\/2023\/12\/28\/ribeirao-tem-saldo-positivo-de-novos-empregos-em-novembro-veja-o-setor-que-mais-contratou\/","url_meta":{"origin":755,"position":3},"title":"Ribeir\u00e3o tem saldo positivo de novos empregos em novembro; Veja o setor que mais contratou","author":"noticiasribeiraopreto.com.br","date":"28 de December de 2023","format":false,"excerpt":"Ribeir\u00e3o Preto fechou o m\u00eas de novembro com um saldo positivo de 793 novos empregos criados, de acordo com o Cadastro Geral de Empregados e Desempregados (Caged), divulgado nesta quinta-feira (28). Apesar do bom resultado, o munic\u00edpio registrou queda na compara\u00e7\u00e3o com o mesmo m\u00eas do ano passado. De acordo\u2026","rel":"","context":"In &quot;Not\u00edcias de Ribeir\u00e3o Preto-SP e Regi\u00e3o&quot;","block_context":{"text":"Not\u00edcias de Ribeir\u00e3o Preto-SP e Regi\u00e3o","link":"https:\/\/noticiasribeiraopreto.com.br\/index.php\/category\/noticias-de-ribeirao-preto-sp-e-regiao-ismael-colosi\/"},"img":{"alt_text":"","src":"https:\/\/i0.wp.com\/noticiasribeiraopreto.com.br\/wp-content\/uploads\/2023\/12\/caged.jpg?fit=1200%2C799&ssl=1&resize=350%2C200","width":350,"height":200,"srcset":"https:\/\/i0.wp.com\/noticiasribeiraopreto.com.br\/wp-content\/uploads\/2023\/12\/caged.jpg?fit=1200%2C799&ssl=1&resize=350%2C200 1x, https:\/\/i0.wp.com\/noticiasribeiraopreto.com.br\/wp-content\/uploads\/2023\/12\/caged.jpg?fit=1200%2C799&ssl=1&resize=525%2C300 1.5x, https:\/\/i0.wp.com\/noticiasribeiraopreto.com.br\/wp-content\/uploads\/2023\/12\/caged.jpg?fit=1200%2C799&ssl=1&resize=700%2C400 2x, https:\/\/i0.wp.com\/noticiasribeiraopreto.com.br\/wp-content\/uploads\/2023\/12\/caged.jpg?fit=1200%2C799&ssl=1&resize=1050%2C600 3x"},"classes":[]},{"id":59336,"url":"https:\/\/noticiasribeiraopreto.com.br\/index.php\/2024\/10\/21\/museu-de-arte-de-ribeirao-preto-recebe-exposicao-amanha-serei-raiz\/","url_meta":{"origin":755,"position":4},"title":"Museu de Arte de Ribeir\u00e3o Preto recebe exposi\u00e7\u00e3o \u201cAmanh\u00e3 Serei Raiz\u201d","author":"noticiasribeiraopreto.com.br","date":"21 de October de 2024","format":false,"excerpt":"O Marp (Museu de Arte de Ribeir\u00e3o Preto Pedro Manuel-Gismondi) recebe a partir do dia 8 de novembro a exposi\u00e7\u00e3o \u201cAmanh\u00e3 Serei Raiz\u201d, que conta com 13 obras do coletivo 1MULHERporM2 e tem o objetivo de resgatar o feminino e a ancestralidade. A mostra conta com trabalhos que promovem uma\u2026","rel":"","context":"In &quot;Not\u00edcias de Ribeir\u00e3o Preto-SP e Regi\u00e3o&quot;","block_context":{"text":"Not\u00edcias de Ribeir\u00e3o Preto-SP e Regi\u00e3o","link":"https:\/\/noticiasribeiraopreto.com.br\/index.php\/category\/noticias-de-ribeirao-preto-sp-e-regiao-ismael-colosi\/"},"img":{"alt_text":"","src":"https:\/\/i0.wp.com\/noticiasribeiraopreto.com.br\/wp-content\/uploads\/2024\/10\/Copia-de-Copia-de-Copia-de-TAMANHO-EXATO-PARA-FOTOS-NO-SISTEMA-NOVO-18_2024-10-21_13-59-08_jpg_2024-10-21_13-59-08.webp.webp?fit=1200%2C675&ssl=1&resize=350%2C200","width":350,"height":200,"srcset":"https:\/\/i0.wp.com\/noticiasribeiraopreto.com.br\/wp-content\/uploads\/2024\/10\/Copia-de-Copia-de-Copia-de-TAMANHO-EXATO-PARA-FOTOS-NO-SISTEMA-NOVO-18_2024-10-21_13-59-08_jpg_2024-10-21_13-59-08.webp.webp?fit=1200%2C675&ssl=1&resize=350%2C200 1x, https:\/\/i0.wp.com\/noticiasribeiraopreto.com.br\/wp-content\/uploads\/2024\/10\/Copia-de-Copia-de-Copia-de-TAMANHO-EXATO-PARA-FOTOS-NO-SISTEMA-NOVO-18_2024-10-21_13-59-08_jpg_2024-10-21_13-59-08.webp.webp?fit=1200%2C675&ssl=1&resize=525%2C300 1.5x, https:\/\/i0.wp.com\/noticiasribeiraopreto.com.br\/wp-content\/uploads\/2024\/10\/Copia-de-Copia-de-Copia-de-TAMANHO-EXATO-PARA-FOTOS-NO-SISTEMA-NOVO-18_2024-10-21_13-59-08_jpg_2024-10-21_13-59-08.webp.webp?fit=1200%2C675&ssl=1&resize=700%2C400 2x, https:\/\/i0.wp.com\/noticiasribeiraopreto.com.br\/wp-content\/uploads\/2024\/10\/Copia-de-Copia-de-Copia-de-TAMANHO-EXATO-PARA-FOTOS-NO-SISTEMA-NOVO-18_2024-10-21_13-59-08_jpg_2024-10-21_13-59-08.webp.webp?fit=1200%2C675&ssl=1&resize=1050%2C600 3x"},"classes":[]},{"id":57213,"url":"https:\/\/noticiasribeiraopreto.com.br\/index.php\/2024\/08\/26\/feriados-prolongados-no-segundo-semestre-confira-as-datas\/","url_meta":{"origin":755,"position":5},"title":"Feriados prolongados no segundo semestre? Confira as datas","author":"noticiasribeiraopreto.com.br","date":"26 de August de 2024","format":false,"excerpt":"O ano de 2024, que \u00e9 bissexto, tem menos feriados prolongados. Se em 2023 os dias de descanso ca\u00edram em boa parte na quinta-feira, facilitando as emendas, em 2024 as datas est\u00e3o concentradas no s\u00e1bado, no domingo e na quarta-feira. Os pr\u00f3ximos tr\u00eas feriados nacionais acontecer\u00e3o aos s\u00e1bados: 7 de\u2026","rel":"","context":"In &quot;Not\u00edcias de Ribeir\u00e3o Preto-SP e Regi\u00e3o&quot;","block_context":{"text":"Not\u00edcias de Ribeir\u00e3o Preto-SP e Regi\u00e3o","link":"https:\/\/noticiasribeiraopreto.com.br\/index.php\/category\/noticias-de-ribeirao-preto-sp-e-regiao-ismael-colosi\/"},"img":{"alt_text":"","src":"https:\/\/i0.wp.com\/noticiasribeiraopreto.com.br\/wp-content\/uploads\/2024\/08\/Calendario-Freepik-944x531-1_2024-07-01_13-15-58_jpg_2024-07-01_13-15-58.webp.webp?fit=944%2C531&ssl=1&resize=350%2C200","width":350,"height":200,"srcset":"https:\/\/i0.wp.com\/noticiasribeiraopreto.com.br\/wp-content\/uploads\/2024\/08\/Calendario-Freepik-944x531-1_2024-07-01_13-15-58_jpg_2024-07-01_13-15-58.webp.webp?fit=944%2C531&ssl=1&resize=350%2C200 1x, https:\/\/i0.wp.com\/noticiasribeiraopreto.com.br\/wp-content\/uploads\/2024\/08\/Calendario-Freepik-944x531-1_2024-07-01_13-15-58_jpg_2024-07-01_13-15-58.webp.webp?fit=944%2C531&ssl=1&resize=525%2C300 1.5x, https:\/\/i0.wp.com\/noticiasribeiraopreto.com.br\/wp-content\/uploads\/2024\/08\/Calendario-Freepik-944x531-1_2024-07-01_13-15-58_jpg_2024-07-01_13-15-58.webp.webp?fit=944%2C531&ssl=1&resize=700%2C400 2x"},"classes":[]}],"jetpack_sharing_enabled":true,"jetpack_shortlink":"https:\/\/wp.me\/peQAOb-cb","_links":{"self":[{"href":"https:\/\/noticiasribeiraopreto.com.br\/index.php\/wp-json\/wp\/v2\/posts\/755","targetHints":{"allow":["GET"]}}],"collection":[{"href":"https:\/\/noticiasribeiraopreto.com.br\/index.php\/wp-json\/wp\/v2\/posts"}],"about":[{"href":"https:\/\/noticiasribeiraopreto.com.br\/index.php\/wp-json\/wp\/v2\/types\/post"}],"author":[{"embeddable":true,"href":"https:\/\/noticiasribeiraopreto.com.br\/index.php\/wp-json\/wp\/v2\/users\/1"}],"replies":[{"embeddable":true,"href":"https:\/\/noticiasribeiraopreto.com.br\/index.php\/wp-json\/wp\/v2\/comments?post=755"}],"version-history":[{"count":0,"href":"https:\/\/noticiasribeiraopreto.com.br\/index.php\/wp-json\/wp\/v2\/posts\/755\/revisions"}],"wp:featuredmedia":[{"embeddable":true,"href":"https:\/\/noticiasribeiraopreto.com.br\/index.php\/wp-json\/wp\/v2\/media\/756"}],"wp:attachment":[{"href":"https:\/\/noticiasribeiraopreto.com.br\/index.php\/wp-json\/wp\/v2\/media?parent=755"}],"wp:term":[{"taxonomy":"category","embeddable":true,"href":"https:\/\/noticiasribeiraopreto.com.br\/index.php\/wp-json\/wp\/v2\/categories?post=755"},{"taxonomy":"post_tag","embeddable":true,"href":"https:\/\/noticiasribeiraopreto.com.br\/index.php\/wp-json\/wp\/v2\/tags?post=755"}],"curies":[{"name":"wp","href":"https:\/\/api.w.org\/{rel}","templated":true}]}}