{"id":75500,"date":"2025-08-10T06:23:34","date_gmt":"2025-08-10T09:23:34","guid":{"rendered":"https:\/\/noticiasribeiraopreto.com.br\/index.php\/2025\/08\/10\/entenda-acordo-entre-sesc-e-prefeitura-de-ribeirao-sobre-antiga-sede-da-recra\/"},"modified":"2025-08-10T06:23:34","modified_gmt":"2025-08-10T09:23:34","slug":"entenda-acordo-entre-sesc-e-prefeitura-de-ribeirao-sobre-antiga-sede-da-recra","status":"publish","type":"post","link":"https:\/\/noticiasribeiraopreto.com.br\/index.php\/2025\/08\/10\/entenda-acordo-entre-sesc-e-prefeitura-de-ribeirao-sobre-antiga-sede-da-recra\/","title":{"rendered":"Entenda acordo entre Sesc e Prefeitura de Ribeir\u00e3o sobre antiga sede da Recra"},"content":{"rendered":"<div class='code-block code-block-1' style='margin: 8px 0 8px auto; text-align: right; display: block; clear: both;'>\n<p><a href=\"https:\/\/wa.link\/vpicfd\"><img data-recalc-dims=\"1\" class=\"wp-image-4922\" style=\"aspect-ratio: 2.0253164556962027; width: 561px; height: auto;\" src=\"https:\/\/i0.wp.com\/ismaelcolosi.com.br\/wp-content\/uploads\/2023\/11\/grupo-de-empregos-whatsapp-e-facebook-ismael-colosi-vagas.jpg?ssl=1\" alt=\"\" \/><\/a><\/p>\n<!-- \/wp:image -->\n<\/div>\n<p> <br \/>\n<\/p>\n<div>\n<p>J\u00e1 deu entrada na<strong><a href=\"https:\/\/www.camararibeiraopreto.sp.gov.br\/atividade-legislativa\/sessoes\/pesquisas\" data-type=\"link\" data-id=\"https:\/\/www.camararibeiraopreto.sp.gov.br\/atividade-legislativa\/sessoes\/pesquisas\" target=\"_blank\" rel=\"noopener\"> C\u00e2mara Municipal de Ribeir\u00e3o Preto <\/a><\/strong>o projeto de lei complementar 32\/2025 que autoriza a prefeitura a conceder ao Sesc Ribeir\u00e3o, por 99 anos, uma \u00e1rea p\u00fablica que fica dentro da antiga sede da <strong>Sociedade Recreativa e de Esportes de Ribeir\u00e3o Preto<\/strong>, a Recra, na <strong>avenida Nove de Julho<\/strong>.<\/p>\n<p>O im\u00f3vel do clube foi adquirido no ano passado pelo Sesc por R$ 44 milh\u00f5es. O terreno do munic\u00edpio possui a \u00e1rea total de 9,8 mil metros quadrados e \u00e9 avaliado em R$ 14 milh\u00f5es.<\/p>\n<h2 class=\"wp-block-heading\"><strong>Cess\u00e3o para Recra<\/strong><\/h2>\n<p><mark style=\"background-color:#fcb900\" class=\"has-inline-color has-black-color\">Em 1975, a Recra havia firmado um acordo de comodato com a prefeitura em raz\u00e3o de uma \u00e1rea p\u00fablica <\/mark>no im\u00f3vel onde funcionou a sede do clube. O contrato tinha como finalidade a execu\u00e7\u00e3o de melhorias e a pr\u00e1tica de atividades esportivas. O acordo inicial tinha dura\u00e7\u00e3o de 50 anos e perderia a validade caso o terreno do clube fosse vendido.<\/p>\n<p>No local foram constru\u00eddas quadras esportivas, oficinas de manuten\u00e7\u00e3o e um sal\u00e3o. Em agosto do ano passado, o Sesc j\u00e1 havia solicitado ao Executivo a doa\u00e7\u00e3o ou a concess\u00e3o do uso do im\u00f3vel.<\/p>\n<h2 class=\"wp-block-heading\"><strong>O que o Sesc deve fazer?<\/strong><\/h2>\n<p>Ap\u00f3s aprova\u00e7\u00e3o pela C\u00e2mara Municipal e promulga\u00e7\u00e3o da lei complementar, <mark style=\"background-color:#fcb900\" class=\"has-inline-color has-black-color\">o Sesc Ribeir\u00e3o Preto ser\u00e1 o respons\u00e1vel pela manuten\u00e7\u00e3o do canteiro central da avenida Nove de Julho<\/mark>, no trecho entre as avenidas Santa Luzia e Independ\u00eancia (cerca de 1,2 quil\u00f4metro), por cinco anos.<\/p>\n<p>Al\u00e9m disso, dever\u00e1 reformar a pra\u00e7a Luiz de Cam\u00f5es, que fica ao lado da antiga sede da Recra. O Sesc ainda dever\u00e1 realizar aos domingos, das 9h \u00e0s 13h, atividades culturais, esportivas e socais na avenida Nove de Julho, tamb\u00e9m pelo prazo de cinco anos.<\/p>\n<p>O projeto de lei complementar est\u00e1 em fase de recebimento emendas e deve passar pelas comiss\u00f5es permanentes da Casa de Leis antes que possa ser votado no plen\u00e1rio.<\/p>\n<h2 class=\"wp-block-heading\"><strong>Avalia\u00e7\u00e3o do com\u00e9rcio<\/strong><\/h2>\n<p>Os comerciantes avaliaram positivamente a medida. Por meio de nota, o <strong>Sincovarp <\/strong>afirma que a medida refor\u00e7a o Plano de Recupera\u00e7\u00e3o Econ\u00f4mica da avenida Nove de Julho.<\/p>\n<p>\u201cA parceria ser\u00e1 boa para o Sesc, para comerciantes e comerci\u00e1rios, para a pr\u00f3pria prefeitura e, principalmente, para a cidade que vai ganhar uma unidade do Sesc ainda maior, melhor, mais acolhedora, aberta \u00e0 comunidade e com padr\u00e3o de excel\u00eancia\u201d, Paulo C\u00e9sar Garcia Lopes, presidente da entidade.<\/p>\n<p>J\u00e1<strong> Acirp<\/strong> afirma que a not\u00edcia foi recebida com entusiasmo. <mark style=\"background-color:#fcb900\" class=\"has-inline-color has-black-color\">A associa\u00e7\u00e3o tamb\u00e9m informou que a avenida Nove de Julho ser\u00e1 inclu\u00edda na campanha Natal Luz deste ano<\/mark>. <\/p>\n<p>\u201c\u00c9 um excelente momento, pois o fim de ano \u00e9 uma \u00e9poca importante para as empresas e est\u00e1vamos presos a essa libera\u00e7\u00e3o oficial da via\u201d, destacou Sandra Brandani, presidente da Acirp.<\/p>\n<p>SAIBA MAIS<br \/>Obra do World Trade Center em Ribeir\u00e3o Preto prev\u00ea investimento de R$ 400 milh\u00f5es<\/p>\n<h2 class=\"wp-block-heading\"><strong>FIQUE ON<\/strong><\/h2>\n<p>Fique ligado em tudo que acontece em Ribeir\u00e3o Preto e regi\u00e3o. Siga os perfis do<strong> acidade on <\/strong>no <a href=\"https:\/\/www.instagram.com\/acidadeonribeirao\" data-type=\"link\" data-id=\"https:\/\/www.instagram.com\/acidadeonribeirao\" target=\"_blank\" rel=\"noopener\">Instagram<\/a> e no <a href=\"https:\/\/www.facebook.com\/acidadeonribeirao\/\" data-type=\"link\" data-id=\"https:\/\/www.facebook.com\/acidadeonribeirao\/\" target=\"_blank\" rel=\"noopener\">Facebook<\/a>.<\/p>\n<p>Receba not\u00edcias do <strong>acidade on<\/strong> no WhatsApp.<a href=\"https:\/\/chat.whatsapp.com\/I4nieTEMKlf50pJ28aMemC?mode=ac_t\" data-type=\"link\" data-id=\"https:\/\/chat.whatsapp.com\/I4nieTEMKlf50pJ28aMemC?mode=ac_t\" target=\"_blank\" rel=\"noopener\"> Para entrar no grupo, basta clicar aqui.<\/a><\/p>\n<p>Fa\u00e7a uma den\u00fancia ou sugira uma reportagem sobre Ribeir\u00e3o Preto e regi\u00e3o pelo WhatsApp: 16 99117 7802.<\/p>\n<p>VEJA TAMB\u00c9M<br \/>Voc\u00ea conhece os principais benef\u00edcios do abacate para a sa\u00fade?<\/p>\n<p><!-- AI CONTENT END 1 -->\n<\/div>\n<p><script async src=\"\/\/www.instagram.com\/embed.js\"><\/script><br \/>\n<br \/><br \/>\n<br \/><a href=\"https:\/\/www.acidadeon.com\/ribeiraopreto\/politica\/nevio-archibald\/entenda-acordo-entre-sesc-e-prefeitura-de-ribeirao-sobre-antiga-sede-da-recra\/\">Source link <\/a><\/p>\n<!-- CONTENT END 1 -->\n","protected":false},"excerpt":{"rendered":"<p>J\u00e1 deu entrada na C\u00e2mara Municipal de Ribeir\u00e3o Preto o projeto de lei complementar 32\/2025 que autoriza a prefeitura a conceder ao Sesc Ribeir\u00e3o, por&#8230;<\/p>\n","protected":false},"author":1,"featured_media":75501,"comment_status":"open","ping_status":"open","sticky":false,"template":"","format":"standard","meta":{"advanced_seo_description":"","jetpack_seo_html_title":"","jetpack_seo_noindex":false,"jetpack_post_was_ever_published":false,"_jetpack_newsletter_access":"","_jetpack_dont_email_post_to_subs":false,"_jetpack_newsletter_tier_id":0,"_jetpack_memberships_contains_paywalled_content":false,"_jetpack_memberships_contains_paid_content":false,"footnotes":"","jetpack_publicize_message":"","jetpack_publicize_feature_enabled":true,"jetpack_social_post_already_shared":true,"jetpack_social_options":{"image_generator_settings":{"template":"highway","default_image_id":0,"font":"","enabled":false},"version":2}},"categories":[11],"tags":[],"class_list":["post-75500","post","type-post","status-publish","format-standard","has-post-thumbnail","hentry","category-noticias-de-ribeirao-preto-sp-e-regiao-ismael-colosi"],"jetpack_publicize_connections":[],"jetpack_featured_media_url":"https:\/\/i0.wp.com\/noticiasribeiraopreto.com.br\/wp-content\/uploads\/2025\/08\/WhatsApp-Image-2024-11-10-at-11.52.28-1_2024-11-10_14-55-49_jpeg_2024-11-10_14-55-49.webp.webp?fit=1600%2C1200&ssl=1","jetpack-related-posts":[{"id":75296,"url":"https:\/\/noticiasribeiraopreto.com.br\/index.php\/2025\/08\/06\/sesc-e-prefeitura-de-ribeirao-preto-chegam-a-acordo-sobre-area-da-recra-2\/","url_meta":{"origin":75500,"position":0},"title":"Sesc e Prefeitura de Ribeir\u00e3o Preto chegam a acordo sobre \u00e1rea da Recra","author":"noticiasribeiraopreto.com.br","date":"6 de August de 2025","format":false,"excerpt":"A Prefeitura de Ribeir\u00e3o Preto anunciou nesta ter\u00e7a-feira (6) que enviar\u00e1 \u00e0 C\u00e2mara Municipal dois projetos de lei que autorizam a cess\u00e3o por 99 anos ao Sesc Ribeir\u00e3o Preto de uma \u00e1rea p\u00fablica dentro da antiga sede da Sociedade Recreativa e de Esportes de Ribeir\u00e3o Preto, a Recra, na avenida\u2026","rel":"","context":"In &quot;Not\u00edcias de Ribeir\u00e3o Preto-SP e Regi\u00e3o&quot;","block_context":{"text":"Not\u00edcias de Ribeir\u00e3o Preto-SP e Regi\u00e3o","link":"https:\/\/noticiasribeiraopreto.com.br\/index.php\/category\/noticias-de-ribeirao-preto-sp-e-regiao-ismael-colosi\/"},"img":{"alt_text":"","src":"https:\/\/i0.wp.com\/noticiasribeiraopreto.com.br\/wp-content\/uploads\/2025\/08\/WhatsApp-Image-2024-11-10-at-11.52.27_2024-11-10_14-55-52_jpeg_2024-11-10_14-55-52.webp.webp?fit=1200%2C900&ssl=1&resize=350%2C200","width":350,"height":200,"srcset":"https:\/\/i0.wp.com\/noticiasribeiraopreto.com.br\/wp-content\/uploads\/2025\/08\/WhatsApp-Image-2024-11-10-at-11.52.27_2024-11-10_14-55-52_jpeg_2024-11-10_14-55-52.webp.webp?fit=1200%2C900&ssl=1&resize=350%2C200 1x, https:\/\/i0.wp.com\/noticiasribeiraopreto.com.br\/wp-content\/uploads\/2025\/08\/WhatsApp-Image-2024-11-10-at-11.52.27_2024-11-10_14-55-52_jpeg_2024-11-10_14-55-52.webp.webp?fit=1200%2C900&ssl=1&resize=525%2C300 1.5x, https:\/\/i0.wp.com\/noticiasribeiraopreto.com.br\/wp-content\/uploads\/2025\/08\/WhatsApp-Image-2024-11-10-at-11.52.27_2024-11-10_14-55-52_jpeg_2024-11-10_14-55-52.webp.webp?fit=1200%2C900&ssl=1&resize=700%2C400 2x, https:\/\/i0.wp.com\/noticiasribeiraopreto.com.br\/wp-content\/uploads\/2025\/08\/WhatsApp-Image-2024-11-10-at-11.52.27_2024-11-10_14-55-52_jpeg_2024-11-10_14-55-52.webp.webp?fit=1200%2C900&ssl=1&resize=1050%2C600 3x"},"classes":[]},{"id":75695,"url":"https:\/\/noticiasribeiraopreto.com.br\/index.php\/2025\/08\/13\/camara-municipal-aprova-projeto-que-concede-area-da-recra-ao-sesc-ribeirao\/","url_meta":{"origin":75500,"position":1},"title":"C\u00e2mara Municipal aprova projeto que concede \u00e1rea da Recra ao Sesc Ribeir\u00e3o","author":"noticiasribeiraopreto.com.br","date":"13 de August de 2025","format":false,"excerpt":"A C\u00e2mara Municipal de Ribeir\u00e3o Preto aprovou o projeto de lei complementar 32\/2025, que autoriza a Prefeitura a conceder ao Sesc Ribeir\u00e3o Preto, por 99 anos, uma \u00e1rea p\u00fablica localizada dentro da antiga sede da Sociedade Recreativa e de Esportes de Ribeir\u00e3o Preto (Recra), na avenida Nove de Julho. O\u2026","rel":"","context":"In &quot;Not\u00edcias de Ribeir\u00e3o Preto-SP e Regi\u00e3o&quot;","block_context":{"text":"Not\u00edcias de Ribeir\u00e3o Preto-SP e Regi\u00e3o","link":"https:\/\/noticiasribeiraopreto.com.br\/index.php\/category\/noticias-de-ribeirao-preto-sp-e-regiao-ismael-colosi\/"},"img":{"alt_text":"","src":"https:\/\/i0.wp.com\/noticiasribeiraopreto.com.br\/wp-content\/uploads\/2025\/08\/Copia-de-Copia-de-Copia-de-TAMANHO-EXATO-PARA-FOTOS-NO-SISTEMA-NOVO-2024-11-13T173703.042_2024-11-13_20-37-07_png_2024-11-13_20-37-07.webp.webp?fit=1200%2C675&ssl=1&resize=350%2C200","width":350,"height":200,"srcset":"https:\/\/i0.wp.com\/noticiasribeiraopreto.com.br\/wp-content\/uploads\/2025\/08\/Copia-de-Copia-de-Copia-de-TAMANHO-EXATO-PARA-FOTOS-NO-SISTEMA-NOVO-2024-11-13T173703.042_2024-11-13_20-37-07_png_2024-11-13_20-37-07.webp.webp?fit=1200%2C675&ssl=1&resize=350%2C200 1x, https:\/\/i0.wp.com\/noticiasribeiraopreto.com.br\/wp-content\/uploads\/2025\/08\/Copia-de-Copia-de-Copia-de-TAMANHO-EXATO-PARA-FOTOS-NO-SISTEMA-NOVO-2024-11-13T173703.042_2024-11-13_20-37-07_png_2024-11-13_20-37-07.webp.webp?fit=1200%2C675&ssl=1&resize=525%2C300 1.5x, https:\/\/i0.wp.com\/noticiasribeiraopreto.com.br\/wp-content\/uploads\/2025\/08\/Copia-de-Copia-de-Copia-de-TAMANHO-EXATO-PARA-FOTOS-NO-SISTEMA-NOVO-2024-11-13T173703.042_2024-11-13_20-37-07_png_2024-11-13_20-37-07.webp.webp?fit=1200%2C675&ssl=1&resize=700%2C400 2x, https:\/\/i0.wp.com\/noticiasribeiraopreto.com.br\/wp-content\/uploads\/2025\/08\/Copia-de-Copia-de-Copia-de-TAMANHO-EXATO-PARA-FOTOS-NO-SISTEMA-NOVO-2024-11-13T173703.042_2024-11-13_20-37-07_png_2024-11-13_20-37-07.webp.webp?fit=1200%2C675&ssl=1&resize=1050%2C600 3x"},"classes":[]},{"id":54951,"url":"https:\/\/noticiasribeiraopreto.com.br\/index.php\/2024\/07\/26\/sesc-oferece-r-44-milhoes-para-compra-da-sede-da-recra-em-ribeirao-preto\/","url_meta":{"origin":75500,"position":2},"title":"Sesc oferece R$ 44 milh\u00f5es para compra da sede da Recra em Ribeir\u00e3o Preto","author":"noticiasribeiraopreto.com.br","date":"26 de July de 2024","format":false,"excerpt":"O Sesc ofereceu R$ 44 milh\u00f5es para compra da sede da Sociedade Recreativa e de Esportes de Ribeir\u00e3o Preto, a Recra, na avenida Nove de Julho. De acordo com a Vegas Leil\u00f5es, o pagamento seria pago \u00e0 vista em at\u00e9 cinco dias ap\u00f3s a homologa\u00e7\u00e3o da proposta pela Justi\u00e7a. A\u2026","rel":"","context":"In &quot;Not\u00edcias de Ribeir\u00e3o Preto-SP e Regi\u00e3o&quot;","block_context":{"text":"Not\u00edcias de Ribeir\u00e3o Preto-SP e Regi\u00e3o","link":"https:\/\/noticiasribeiraopreto.com.br\/index.php\/category\/noticias-de-ribeirao-preto-sp-e-regiao-ismael-colosi\/"},"img":{"alt_text":"","src":"https:\/\/i0.wp.com\/noticiasribeiraopreto.com.br\/wp-content\/uploads\/2024\/07\/12642819_952681848155743_1560950669454002895_n_2024-06-25_19-06-53_jpg_2024-06-25_19-06-53.webp.webp?fit=800%2C533&ssl=1&resize=350%2C200","width":350,"height":200,"srcset":"https:\/\/i0.wp.com\/noticiasribeiraopreto.com.br\/wp-content\/uploads\/2024\/07\/12642819_952681848155743_1560950669454002895_n_2024-06-25_19-06-53_jpg_2024-06-25_19-06-53.webp.webp?fit=800%2C533&ssl=1&resize=350%2C200 1x, https:\/\/i0.wp.com\/noticiasribeiraopreto.com.br\/wp-content\/uploads\/2024\/07\/12642819_952681848155743_1560950669454002895_n_2024-06-25_19-06-53_jpg_2024-06-25_19-06-53.webp.webp?fit=800%2C533&ssl=1&resize=525%2C300 1.5x, https:\/\/i0.wp.com\/noticiasribeiraopreto.com.br\/wp-content\/uploads\/2024\/07\/12642819_952681848155743_1560950669454002895_n_2024-06-25_19-06-53_jpg_2024-06-25_19-06-53.webp.webp?fit=800%2C533&ssl=1&resize=700%2C400 2x"},"classes":[]},{"id":60289,"url":"https:\/\/noticiasribeiraopreto.com.br\/index.php\/2024\/11\/10\/sesc-inicia-manutencao-no-antigo-predio-da-recra-em-ribeirao-preto\/","url_meta":{"origin":75500,"position":3},"title":"Sesc inicia manuten\u00e7\u00e3o no antigo pr\u00e9dio da Recra em Ribeir\u00e3o Preto","author":"noticiasribeiraopreto.com.br","date":"10 de November de 2024","format":false,"excerpt":"O Sesc come\u00e7ou a realizar na \u00faltima semana, a manuten\u00e7\u00e3o e conserva\u00e7\u00e3o do im\u00f3vel onde funcionava a sede da Sociedade Recreativa e de Esportes de Ribeir\u00e3o Preto, a Recra, localizado na avenida Nove de Julho. A informa\u00e7\u00e3o foi confirmada pela assessoria de imprensa da institui\u00e7\u00e3o. Em julho deste ano, a\u2026","rel":"","context":"In &quot;Not\u00edcias de Ribeir\u00e3o Preto-SP e Regi\u00e3o&quot;","block_context":{"text":"Not\u00edcias de Ribeir\u00e3o Preto-SP e Regi\u00e3o","link":"https:\/\/noticiasribeiraopreto.com.br\/index.php\/category\/noticias-de-ribeirao-preto-sp-e-regiao-ismael-colosi\/"},"img":{"alt_text":"","src":"https:\/\/i0.wp.com\/noticiasribeiraopreto.com.br\/wp-content\/uploads\/2024\/11\/WhatsApp-Image-2024-11-10-at-11.52.28_2024-11-10_14-54-03_jpeg_2024-11-10_14-54-03.webp.webp?fit=1200%2C900&ssl=1&resize=350%2C200","width":350,"height":200,"srcset":"https:\/\/i0.wp.com\/noticiasribeiraopreto.com.br\/wp-content\/uploads\/2024\/11\/WhatsApp-Image-2024-11-10-at-11.52.28_2024-11-10_14-54-03_jpeg_2024-11-10_14-54-03.webp.webp?fit=1200%2C900&ssl=1&resize=350%2C200 1x, https:\/\/i0.wp.com\/noticiasribeiraopreto.com.br\/wp-content\/uploads\/2024\/11\/WhatsApp-Image-2024-11-10-at-11.52.28_2024-11-10_14-54-03_jpeg_2024-11-10_14-54-03.webp.webp?fit=1200%2C900&ssl=1&resize=525%2C300 1.5x, https:\/\/i0.wp.com\/noticiasribeiraopreto.com.br\/wp-content\/uploads\/2024\/11\/WhatsApp-Image-2024-11-10-at-11.52.28_2024-11-10_14-54-03_jpeg_2024-11-10_14-54-03.webp.webp?fit=1200%2C900&ssl=1&resize=700%2C400 2x, https:\/\/i0.wp.com\/noticiasribeiraopreto.com.br\/wp-content\/uploads\/2024\/11\/WhatsApp-Image-2024-11-10-at-11.52.28_2024-11-10_14-54-03_jpeg_2024-11-10_14-54-03.webp.webp?fit=1200%2C900&ssl=1&resize=1050%2C600 3x"},"classes":[]},{"id":75272,"url":"https:\/\/noticiasribeiraopreto.com.br\/index.php\/2025\/08\/06\/sesc-e-prefeitura-de-ribeirao-preto-chegam-a-acordo-sobre-area-da-recra\/","url_meta":{"origin":75500,"position":4},"title":"Sesc e Prefeitura de Ribeir\u00e3o Preto chegam a acordo sobre \u00e1rea da Recra","author":"noticiasribeiraopreto.com.br","date":"6 de August de 2025","format":false,"excerpt":"A Prefeitura de Ribeir\u00e3o Preto anunciou nesta ter\u00e7a-feira (6) que enviar\u00e1 \u00e0 C\u00e2mara Municipal dois projetos de lei que autorizam a cess\u00e3o por 99 anos ao Sesc Ribeir\u00e3o Preto de uma \u00e1rea p\u00fablica dentro da antiga sede da Sociedade Recreativa e de Esportes de Ribeir\u00e3o Preto, a Recra. A \u00e1rea\u2026","rel":"","context":"In &quot;Not\u00edcias de Ribeir\u00e3o Preto-SP e Regi\u00e3o&quot;","block_context":{"text":"Not\u00edcias de Ribeir\u00e3o Preto-SP e Regi\u00e3o","link":"https:\/\/noticiasribeiraopreto.com.br\/index.php\/category\/noticias-de-ribeirao-preto-sp-e-regiao-ismael-colosi\/"},"img":{"alt_text":"","src":"https:\/\/i0.wp.com\/noticiasribeiraopreto.com.br\/wp-content\/uploads\/2025\/08\/WhatsApp-Image-2025-08-06-at-12.44.22-1_2025-08-06_15-50-52.webp.webp?fit=1200%2C900&ssl=1&resize=350%2C200","width":350,"height":200,"srcset":"https:\/\/i0.wp.com\/noticiasribeiraopreto.com.br\/wp-content\/uploads\/2025\/08\/WhatsApp-Image-2025-08-06-at-12.44.22-1_2025-08-06_15-50-52.webp.webp?fit=1200%2C900&ssl=1&resize=350%2C200 1x, https:\/\/i0.wp.com\/noticiasribeiraopreto.com.br\/wp-content\/uploads\/2025\/08\/WhatsApp-Image-2025-08-06-at-12.44.22-1_2025-08-06_15-50-52.webp.webp?fit=1200%2C900&ssl=1&resize=525%2C300 1.5x, https:\/\/i0.wp.com\/noticiasribeiraopreto.com.br\/wp-content\/uploads\/2025\/08\/WhatsApp-Image-2025-08-06-at-12.44.22-1_2025-08-06_15-50-52.webp.webp?fit=1200%2C900&ssl=1&resize=700%2C400 2x, https:\/\/i0.wp.com\/noticiasribeiraopreto.com.br\/wp-content\/uploads\/2025\/08\/WhatsApp-Image-2025-08-06-at-12.44.22-1_2025-08-06_15-50-52.webp.webp?fit=1200%2C900&ssl=1&resize=1050%2C600 3x"},"classes":[]},{"id":55329,"url":"https:\/\/noticiasribeiraopreto.com.br\/index.php\/2024\/07\/31\/sesc-conclui-compra-da-sede-da-recra-em-ribeirao-preto\/","url_meta":{"origin":75500,"position":5},"title":"Sesc conclui compra da sede da Recra em Ribeir\u00e3o Preto","author":"noticiasribeiraopreto.com.br","date":"31 de July de 2024","format":false,"excerpt":"A Justi\u00e7a homologou nesta quarta-feira (31) a compra da sede da Sociedade Recreativa e de Esportes de Ribeir\u00e3o Preto, a Recra, pelo Sesc. A opera\u00e7\u00e3o ser\u00e1 concretizada por R$ 44 milh\u00f5es. De acordo com a Vegas Leil\u00f5es, o pagamento seria pago \u00e0 vista em at\u00e9 cinco dias ap\u00f3s a homologa\u00e7\u00e3o\u2026","rel":"","context":"In &quot;Not\u00edcias de Ribeir\u00e3o Preto-SP e Regi\u00e3o&quot;","block_context":{"text":"Not\u00edcias de Ribeir\u00e3o Preto-SP e Regi\u00e3o","link":"https:\/\/noticiasribeiraopreto.com.br\/index.php\/category\/noticias-de-ribeirao-preto-sp-e-regiao-ismael-colosi\/"},"img":{"alt_text":"","src":"https:\/\/i0.wp.com\/noticiasribeiraopreto.com.br\/wp-content\/uploads\/2024\/07\/recreativa.jpg?fit=767%2C480&ssl=1&resize=350%2C200","width":350,"height":200,"srcset":"https:\/\/i0.wp.com\/noticiasribeiraopreto.com.br\/wp-content\/uploads\/2024\/07\/recreativa.jpg?fit=767%2C480&ssl=1&resize=350%2C200 1x, https:\/\/i0.wp.com\/noticiasribeiraopreto.com.br\/wp-content\/uploads\/2024\/07\/recreativa.jpg?fit=767%2C480&ssl=1&resize=525%2C300 1.5x, https:\/\/i0.wp.com\/noticiasribeiraopreto.com.br\/wp-content\/uploads\/2024\/07\/recreativa.jpg?fit=767%2C480&ssl=1&resize=700%2C400 2x"},"classes":[]}],"jetpack_sharing_enabled":true,"jetpack_shortlink":"https:\/\/wp.me\/peQAOb-jDK","_links":{"self":[{"href":"https:\/\/noticiasribeiraopreto.com.br\/index.php\/wp-json\/wp\/v2\/posts\/75500","targetHints":{"allow":["GET"]}}],"collection":[{"href":"https:\/\/noticiasribeiraopreto.com.br\/index.php\/wp-json\/wp\/v2\/posts"}],"about":[{"href":"https:\/\/noticiasribeiraopreto.com.br\/index.php\/wp-json\/wp\/v2\/types\/post"}],"author":[{"embeddable":true,"href":"https:\/\/noticiasribeiraopreto.com.br\/index.php\/wp-json\/wp\/v2\/users\/1"}],"replies":[{"embeddable":true,"href":"https:\/\/noticiasribeiraopreto.com.br\/index.php\/wp-json\/wp\/v2\/comments?post=75500"}],"version-history":[{"count":0,"href":"https:\/\/noticiasribeiraopreto.com.br\/index.php\/wp-json\/wp\/v2\/posts\/75500\/revisions"}],"wp:featuredmedia":[{"embeddable":true,"href":"https:\/\/noticiasribeiraopreto.com.br\/index.php\/wp-json\/wp\/v2\/media\/75501"}],"wp:attachment":[{"href":"https:\/\/noticiasribeiraopreto.com.br\/index.php\/wp-json\/wp\/v2\/media?parent=75500"}],"wp:term":[{"taxonomy":"category","embeddable":true,"href":"https:\/\/noticiasribeiraopreto.com.br\/index.php\/wp-json\/wp\/v2\/categories?post=75500"},{"taxonomy":"post_tag","embeddable":true,"href":"https:\/\/noticiasribeiraopreto.com.br\/index.php\/wp-json\/wp\/v2\/tags?post=75500"}],"curies":[{"name":"wp","href":"https:\/\/api.w.org\/{rel}","templated":true}]}}