{"id":75502,"date":"2025-08-10T08:07:30","date_gmt":"2025-08-10T11:07:30","guid":{"rendered":"https:\/\/noticiasribeiraopreto.com.br\/index.php\/2025\/08\/10\/dia-dos-pais-a-importancia-da-figura-paterna-no-desenvolvimento-de-criancas\/"},"modified":"2025-08-10T08:07:30","modified_gmt":"2025-08-10T11:07:30","slug":"dia-dos-pais-a-importancia-da-figura-paterna-no-desenvolvimento-de-criancas","status":"publish","type":"post","link":"https:\/\/noticiasribeiraopreto.com.br\/index.php\/2025\/08\/10\/dia-dos-pais-a-importancia-da-figura-paterna-no-desenvolvimento-de-criancas\/","title":{"rendered":"Dia dos Pais! A import\u00e2ncia da figura paterna no desenvolvimento de crian\u00e7as"},"content":{"rendered":"<div class='code-block code-block-1' style='margin: 8px 0 8px auto; text-align: right; display: block; clear: both;'>\n<p><a href=\"https:\/\/wa.link\/vpicfd\"><img data-recalc-dims=\"1\" class=\"wp-image-4922\" style=\"aspect-ratio: 2.0253164556962027; width: 561px; height: auto;\" src=\"https:\/\/i0.wp.com\/ismaelcolosi.com.br\/wp-content\/uploads\/2023\/11\/grupo-de-empregos-whatsapp-e-facebook-ismael-colosi-vagas.jpg?ssl=1\" alt=\"\" \/><\/a><\/p>\n<!-- \/wp:image -->\n<\/div>\n<p> <br \/>\n<\/p>\n<div>\n<p><em>Especialistas destacam como a presen\u00e7a paterna fortalece v\u00ednculos emocionais e impulsiona o desenvolvimento integral do indiv\u00edduo<\/em><\/p>\n<p><strong>Por Adriana Cristofoli<\/strong><\/p>\n<p>Ao longo da hist\u00f3ria, a figura paterna foi tradicionalmente associada ao provedor financeiro e ao guardi\u00e3o da autoridade familiar, presente principalmente como s\u00edmbolo de disciplina e sustenta\u00e7\u00e3o econ\u00f4mica. Em eras agr\u00e1rias e industriais, o pai raramente participava das rotinas afetivas do lar, concentrando-se no trabalho fora de casa, enquanto a m\u00e3e cuidava dos filhos.<\/p>\n<p>Na atualidade, a figura paterna vive uma redefini\u00e7\u00e3o: o pai participa ativamente da educa\u00e7\u00e3o, do cuidado cotidiano e das express\u00f5es emocionais, compartilhando tarefas dom\u00e9sticas e dedicando tempo de qualidade aos filhos. Essa evolu\u00e7\u00e3o reflete mudan\u00e7as culturais, maior valoriza\u00e7\u00e3o da paternidade afetiva e o reconhecimento, por parte da sociedade, de que a presen\u00e7a paterna \u00e9 t\u00e3o essencial ao desenvolvimento infantil e juvenil quanto o suporte materno.<\/p>\n<p><strong>A import\u00e2ncia da figura paterna<\/strong><\/p>\n<p>A intera\u00e7\u00e3o pai-filho traz benef\u00edcios significativos e estimula \u00e1reas cerebrais ligadas \u00e0 regula\u00e7\u00e3o emocional e ao processamento de recompensas, podendo ser determinante na constru\u00e7\u00e3o da autoestima e na gest\u00e3o do estresse. Al\u00e9m disso, crian\u00e7as com la\u00e7os paternos s\u00f3lidos tendem a desenvolver rela\u00e7\u00f5es interpessoais saud\u00e1veis, bem como capacidade de empatia e coopera\u00e7\u00e3o.<\/p>\n<p>Segundo a educadora e psic\u00f3loga Ana Claudia Favano, a import\u00e2ncia da figura paterna se torna amplamente positiva quando os exemplos s\u00e3o valorosos e trazem bons aprendizados a serem incorporados na vida da crian\u00e7a. \u201cElas, na verdade, aprendem muito mais com as atitudes paternas que vivenciam do que com o que ouvem deles.\u201d<\/p>\n<p>\u201cQuando o pai se envolve ativamente, oferecendo apoio emocional e participa\u00e7\u00e3o nas rotinas di\u00e1rias, ele fortalece a sensa\u00e7\u00e3o de seguran\u00e7a dos filhos, essencial para que eles explorem o mundo com confian\u00e7a\u201d, diz Ana Claudia. \u201cOs pais que hoje conseguem impor limites aos filhos com consist\u00eancia e coer\u00eancia, sem abrir m\u00e3o de regras combinadas, valores e princ\u00edpios fundamentais, s\u00e3o os que mais ter\u00e3o contribu\u00eddo para a verdadeira forma\u00e7\u00e3o do car\u00e1ter de futuros adultos equilibrados.\u201d<\/p>\n<p>Ela acrescenta que, em ambientes escolares, a presen\u00e7a paterna efetiva amplia a capacidade de forma\u00e7\u00e3o de habilidades de autorregula\u00e7\u00e3o. \u201cAssim, quando ambos os genitores est\u00e3o presentes, observamos como \u00e9 fundamental, pois conseguimos um alinhamento \u00fanico na tomada de decis\u00f5es.\u201d<\/p>\n<p><strong>Como outra pessoa pode ocupar a figura paterna?<\/strong><\/p>\n<p>Em situa\u00e7\u00f5es de aus\u00eancia paterna por motivos diversos \u2014 como separa\u00e7\u00e3o, falecimento ou dist\u00e2ncia profissional \u2014, outras figuras de cuidado podem exercer pap\u00e9is fundamentais no desenvolvimento emocional e social das crian\u00e7as. Av\u00f4s e av\u00f3s, tios, madrastas ou padrastos, e outros adultos significativos podem oferecer v\u00ednculos potentes e inspiradores, desde que pautados na consist\u00eancia afetiva e no compromisso com o bem-estar da crian\u00e7a.<\/p>\n<p>\u201cO que realmente fortalece esse v\u00ednculo \u00e9 a presen\u00e7a sens\u00edvel, a escuta ativa e a disponibilidade emocional. Independentemente do la\u00e7o biol\u00f3gico ou do papel formal na fam\u00edlia, \u00e9 a qualidade da rela\u00e7\u00e3o que proporciona seguran\u00e7a, refer\u00eancias emocionais e modelos de comportamento\u201d, observa a coordenadora pedag\u00f3gica Renata Alonso.<\/p>\n<p><strong>A figura paterna nas novas configura\u00e7\u00f5es familiares<\/strong><\/p>\n<p>As configura\u00e7\u00f5es familiares na sociedade atual s\u00e3o amplas e diversas. Modelos como fam\u00edlias monoparentais (com apenas um respons\u00e1vel), recompostas (formadas ap\u00f3s novas uni\u00f5es), homoafetivas e multiculturais representam varia\u00e7\u00f5es leg\u00edtimas e enriquecedoras do conv\u00edvio familiar.<\/p>\n<p>Essas estruturas se afastam do modelo tradicional centrado exclusivamente na figura do pai e da m\u00e3e, mas mant\u00eam algo essencial: a presen\u00e7a de adultos respons\u00e1veis, atentos e afetivos, que exer\u00e7am de forma equilibrada os pap\u00e9is de cuidado, orienta\u00e7\u00e3o e refer\u00eancia emocional.<\/p>\n<p>A orientadora educacional Maria Teresa Casamassima destaca que, em configura\u00e7\u00f5es familiares n\u00e3o convencionais, o fator mais importante \u00e9 a seguran\u00e7a emocional oferecida. Segundo ela, \u201ca diversidade de figuras parentais enriquece a rede de apoio, ampliando as oportunidades de aprendizado e de express\u00e3o afetiva das crian\u00e7as\u201d.<\/p>\n<p>Para o desenvolvimento saud\u00e1vel das crian\u00e7as, \u00e9 fundamental que exista um ambiente de respeito, afeto e estabilidade emocional, comunica\u00e7\u00e3o clara entre os cuidadores e refer\u00eancias consistentes de afeto e disciplina.<\/p>\n<p>\u201cEsse olhar valoriza n\u00e3o s\u00f3 a estrutura familiar, mas, sobretudo, a qualidade das rela\u00e7\u00f5es entre adultos e crian\u00e7as. \u00c9 essa qualidade que forma o alicerce do desenvolvimento emocional, cognitivo e social dos pequenos\u201d, diz Maria Teresa.<\/p>\n<h3><strong>O Dia dos Pais e suas origens<\/strong><\/h3>\n<p>In\u00fameras vers\u00f5es apontam o in\u00edcio da comemora\u00e7\u00e3o do Dia dos Pais. Segundo o historiador Marcelo Botosso, a mais antiga delas indica que a celebra\u00e7\u00e3o teria ocorrido h\u00e1 aproximadamente quatro mil anos, quando Elmesu, filho de Nabucodonosor, rei da Babil\u00f4nia, moldou em uma placa de argila o primeiro cart\u00e3o de Dia dos Pais. \u201cNele, o jovem teria desejado boa sorte, muita sa\u00fade e vida longa ao seu progenitor. A partir de ent\u00e3o, a data teria se tornado uma festa por todo o reino babil\u00f4nico\u201d, explica.<\/p>\n<p>No Ocidente, muito tempo depois, j\u00e1 nos anos 1900, alguns acontecimentos viriam a consolidar a data. Em dezembro de 1907, uma mina de carv\u00e3o explodiu nos Estados Unidos. Dentre as v\u00edtimas, 250 eram pais. Em julho do ano seguinte, familiares dos mortos realizaram a primeira celebra\u00e7\u00e3o em homenagem aos pais, restrita \u00e0 localidade do acidente.<\/p>\n<p>Em 1909, ainda nos Estados Unidos, ap\u00f3s ouvir o serm\u00e3o do Dia das M\u00e3es, Sonora Louise Smart Dodd teve a ideia do Dia dos Pais. O intuito era homenagear seu pai, William, ex-combatente da Guerra Civil Americana, que cuidava sozinho dos seis filhos desde a morte da m\u00e3e de Sonora.<\/p>\n<p>Sonora enviou uma peti\u00e7\u00e3o \u00e0 Associa\u00e7\u00e3o Ministerial de Spokane, em Washington, para transformar o anivers\u00e1rio de William, 19 de junho, em Dia dos Pais. A proposta ganhou for\u00e7a e, nos Estados Unidos, a data foi comemorada at\u00e9 1966, quando o presidente Lyndon Baines Johnson decidiu alter\u00e1-la para o terceiro domingo de junho, permitindo que pais trabalhadores passassem o dia com seus filhos. Seis anos depois, o presidente Richard Nixon declarou o dia como feriado nacional.<\/p>\n<p><strong>O caso brasileiro<\/strong><\/p>\n<p>No Brasil, a origem foi diferente e ocorreu apenas nos anos 1950, como uma a\u00e7\u00e3o publicit\u00e1ria. \u201cO Dia dos Pais foi idealizado por Sylvio Bhering, publicit\u00e1rio e diretor do jornal <em>O Globo<\/em>\u201d, explica Marcelo.<\/p>\n<p>Bhering criou um concurso para homenagear o pai com o maior n\u00famero de filhos, o mais jovem e o mais velho. Os vencedores foram um pai com 31 filhos, um de 16 anos e um de 98 anos. A premia\u00e7\u00e3o ocorreu em 14 de agosto de 1953, segundo domingo do m\u00eas. O sucesso do concurso fez com que a data passasse a ser comemorada anualmente.<\/p>\n<p>Apesar da origem mercadol\u00f3gica, no Brasil o Dia dos Pais \u00e9 um momento para que filhos homenageiem seus pais \u2014 biol\u00f3gicos ou n\u00e3o \u2014 n\u00e3o apenas com presentes, mas com gestos de carinho, mensagens, confraterniza\u00e7\u00f5es e outras demonstra\u00e7\u00f5es de afeto.<\/p>\n<p>\u00a0<\/p>\n<p>\u00a0<\/p>\n<p>\u00a0<\/p>\n<\/div>\n<p><br \/>\n<br \/><a href=\"https:\/\/www.tribunaribeirao.com.br\/dia-dos-pais-a-importancia-da-figura-paterna-no-desenvolvimento-de-criancas\/\">Source link <\/a><\/p>\n<!-- CONTENT END 1 -->\n","protected":false},"excerpt":{"rendered":"<p>Especialistas destacam como a presen\u00e7a paterna fortalece v\u00ednculos emocionais e impulsiona o desenvolvimento integral do indiv\u00edduo Por Adriana Cristofoli Ao longo da hist\u00f3ria, a figura&#8230;<\/p>\n","protected":false},"author":1,"featured_media":75503,"comment_status":"open","ping_status":"open","sticky":false,"template":"","format":"standard","meta":{"advanced_seo_description":"","jetpack_seo_html_title":"","jetpack_seo_noindex":false,"jetpack_post_was_ever_published":false,"_jetpack_newsletter_access":"","_jetpack_dont_email_post_to_subs":false,"_jetpack_newsletter_tier_id":0,"_jetpack_memberships_contains_paywalled_content":false,"_jetpack_memberships_contains_paid_content":false,"footnotes":"","jetpack_publicize_message":"","jetpack_publicize_feature_enabled":true,"jetpack_social_post_already_shared":true,"jetpack_social_options":{"image_generator_settings":{"template":"highway","default_image_id":0,"font":"","enabled":false},"version":2}},"categories":[11],"tags":[],"class_list":["post-75502","post","type-post","status-publish","format-standard","has-post-thumbnail","hentry","category-noticias-de-ribeirao-preto-sp-e-regiao-ismael-colosi"],"jetpack_publicize_connections":[],"jetpack_featured_media_url":"https:\/\/i0.wp.com\/noticiasribeiraopreto.com.br\/wp-content\/uploads\/2025\/08\/3-presente.jpeg?fit=1170%2C780&ssl=1","jetpack-related-posts":[{"id":65738,"url":"https:\/\/noticiasribeiraopreto.com.br\/index.php\/2025\/03\/23\/dona-lourdes-avo-do-prefeito-alexandre-ferreira-falece-aos-105-anos-em-franca\/","url_meta":{"origin":75502,"position":0},"title":"Dona Lourdes, av\u00f3 do prefeito Alexandre Ferreira, falece aos 105 anos, em Franca","author":"noticiasribeiraopreto.com.br","date":"23 de March de 2025","format":false,"excerpt":"A av\u00f3 paterna do prefeito de Franca, Alexandre Ferreira, faleceu neste domingo (23). Lourdes do Carmo Ferreira, ou Dona Lourdes, estava com 105 anos e era uma das pessoas com mais idade em Franca. O prefeito, que teve problema de sa\u00fade na \u00faltima semana e ficou afastado de algumas agendas\u2026","rel":"","context":"In &quot;Not\u00edcias de Franca-SP&quot;","block_context":{"text":"Not\u00edcias de Franca-SP","link":"https:\/\/noticiasribeiraopreto.com.br\/index.php\/category\/noticias-de-ribeirao-preto-sp-e-regiao-ismael-colosi\/noticias-franca-sp\/"},"img":{"alt_text":"","src":"https:\/\/i0.wp.com\/noticiasribeiraopreto.com.br\/wp-content\/uploads\/2025\/03\/Screenshot_20250323_213416_Instagram.jpg?fit=1079%2C1007&ssl=1&resize=350%2C200","width":350,"height":200,"srcset":"https:\/\/i0.wp.com\/noticiasribeiraopreto.com.br\/wp-content\/uploads\/2025\/03\/Screenshot_20250323_213416_Instagram.jpg?fit=1079%2C1007&ssl=1&resize=350%2C200 1x, https:\/\/i0.wp.com\/noticiasribeiraopreto.com.br\/wp-content\/uploads\/2025\/03\/Screenshot_20250323_213416_Instagram.jpg?fit=1079%2C1007&ssl=1&resize=525%2C300 1.5x, https:\/\/i0.wp.com\/noticiasribeiraopreto.com.br\/wp-content\/uploads\/2025\/03\/Screenshot_20250323_213416_Instagram.jpg?fit=1079%2C1007&ssl=1&resize=700%2C400 2x, https:\/\/i0.wp.com\/noticiasribeiraopreto.com.br\/wp-content\/uploads\/2025\/03\/Screenshot_20250323_213416_Instagram.jpg?fit=1079%2C1007&ssl=1&resize=1050%2C600 3x"},"classes":[]},{"id":16653,"url":"https:\/\/noticiasribeiraopreto.com.br\/index.php\/2023\/12\/16\/a-vida-dele-e-farra\/","url_meta":{"origin":75502,"position":1},"title":"&#8216;a vida dele \u00e9 farra&#8217;","author":"noticiasribeiraopreto.com.br","date":"16 de December de 2023","format":false,"excerpt":"Mc Loma se tornou muito famosa ap\u00f3s fazer m\u00fasica com as amigas, se tornando \u201cMc Loma e as G\u00eameas Lacra\u00e7\u00e3o\u201d. Depois disso, o trio passou a se dedicar como influenciadoras digitais.Embora ainda continuem muito pr\u00f3ximas, as tr\u00eas n\u00e3o vivem mais o mesmo momento de quando era mais novas. Loma se\u2026","rel":"","context":"In &quot;Blog&quot;","block_context":{"text":"Blog","link":"https:\/\/noticiasribeiraopreto.com.br\/index.php\/category\/blog\/"},"img":{"alt_text":"","src":"https:\/\/i0.wp.com\/noticiasribeiraopreto.com.br\/wp-content\/uploads\/2023\/12\/postimg-657d204f15dce4132.jpg?fit=1200%2C628&ssl=1&resize=350%2C200","width":350,"height":200,"srcset":"https:\/\/i0.wp.com\/noticiasribeiraopreto.com.br\/wp-content\/uploads\/2023\/12\/postimg-657d204f15dce4132.jpg?fit=1200%2C628&ssl=1&resize=350%2C200 1x, https:\/\/i0.wp.com\/noticiasribeiraopreto.com.br\/wp-content\/uploads\/2023\/12\/postimg-657d204f15dce4132.jpg?fit=1200%2C628&ssl=1&resize=525%2C300 1.5x, https:\/\/i0.wp.com\/noticiasribeiraopreto.com.br\/wp-content\/uploads\/2023\/12\/postimg-657d204f15dce4132.jpg?fit=1200%2C628&ssl=1&resize=700%2C400 2x, https:\/\/i0.wp.com\/noticiasribeiraopreto.com.br\/wp-content\/uploads\/2023\/12\/postimg-657d204f15dce4132.jpg?fit=1200%2C628&ssl=1&resize=1050%2C600 3x"},"classes":[]},{"id":16485,"url":"https:\/\/noticiasribeiraopreto.com.br\/index.php\/2023\/12\/15\/menino-que-desapareceu-por-7-anos-e-foi-achado-em-outro-pais-faz-relato-de-abuso-sexual\/","url_meta":{"origin":75502,"position":2},"title":"Menino que desapareceu por 7 anos e foi achado em outro pa\u00eds faz relato de abuso sexual","author":"noticiasribeiraopreto.com.br","date":"15 de December de 2023","format":false,"excerpt":"Ap\u00f3s uma busca de sete longos anos, um mist\u00e9rio ganha novos cap\u00edtulos: Alex Batty, um adolescente brit\u00e2nico que havia desaparecido em 2017, foi encontrado na \u00faltima quinta, dia 14 de dezembro, na Fran\u00e7a, revelando um enigma de propor\u00e7\u00f5es angustiantes.A hist\u00f3ria desse garoto de 17 anos ganhou destaque quando ele foi\u2026","rel":"","context":"In &quot;Blog&quot;","block_context":{"text":"Blog","link":"https:\/\/noticiasribeiraopreto.com.br\/index.php\/category\/blog\/"},"img":{"alt_text":"","src":"https:\/\/i0.wp.com\/noticiasribeiraopreto.com.br\/wp-content\/uploads\/2023\/12\/postimg-657cb6e28da4c7811.jpg?fit=1200%2C628&ssl=1&resize=350%2C200","width":350,"height":200,"srcset":"https:\/\/i0.wp.com\/noticiasribeiraopreto.com.br\/wp-content\/uploads\/2023\/12\/postimg-657cb6e28da4c7811.jpg?fit=1200%2C628&ssl=1&resize=350%2C200 1x, https:\/\/i0.wp.com\/noticiasribeiraopreto.com.br\/wp-content\/uploads\/2023\/12\/postimg-657cb6e28da4c7811.jpg?fit=1200%2C628&ssl=1&resize=525%2C300 1.5x, https:\/\/i0.wp.com\/noticiasribeiraopreto.com.br\/wp-content\/uploads\/2023\/12\/postimg-657cb6e28da4c7811.jpg?fit=1200%2C628&ssl=1&resize=700%2C400 2x, https:\/\/i0.wp.com\/noticiasribeiraopreto.com.br\/wp-content\/uploads\/2023\/12\/postimg-657cb6e28da4c7811.jpg?fit=1200%2C628&ssl=1&resize=1050%2C600 3x"},"classes":[]},{"id":22439,"url":"https:\/\/noticiasribeiraopreto.com.br\/index.php\/2023\/12\/29\/o-que-e-e-como-lidar-com-a-carencia-afetiva-na-infancia\/","url_meta":{"origin":75502,"position":3},"title":"O que \u00e9 e como lidar com a car\u00eancia afetiva na inf\u00e2ncia","author":"noticiasribeiraopreto.com.br","date":"29 de December de 2023","format":false,"excerpt":"O desenvolvimento emocional das crian\u00e7as \u00e9 fortemente influenciado pelo ambiente familiar, no qual a crian\u00e7a recebe os est\u00edmulo essenciais para a forma\u00e7\u00e3o de sua personalidade. Por isso, a aus\u00eancia de afeto e aten\u00e7\u00e3o pode desencadear uma s\u00e9rie de problemas, como a car\u00eancia afetiva. O blog Novos Alunos, do Grupo SEB\u2026","rel":"","context":"In &quot;Variedades&quot;","block_context":{"text":"Variedades","link":"https:\/\/noticiasribeiraopreto.com.br\/index.php\/category\/variedades\/"},"img":{"alt_text":"","src":"https:\/\/i0.wp.com\/noticiasribeiraopreto.com.br\/wp-content\/uploads\/2023\/12\/pexels-pixabay-262103.jpg?fit=1200%2C638&ssl=1&resize=350%2C200","width":350,"height":200,"srcset":"https:\/\/i0.wp.com\/noticiasribeiraopreto.com.br\/wp-content\/uploads\/2023\/12\/pexels-pixabay-262103.jpg?fit=1200%2C638&ssl=1&resize=350%2C200 1x, https:\/\/i0.wp.com\/noticiasribeiraopreto.com.br\/wp-content\/uploads\/2023\/12\/pexels-pixabay-262103.jpg?fit=1200%2C638&ssl=1&resize=525%2C300 1.5x, https:\/\/i0.wp.com\/noticiasribeiraopreto.com.br\/wp-content\/uploads\/2023\/12\/pexels-pixabay-262103.jpg?fit=1200%2C638&ssl=1&resize=700%2C400 2x, https:\/\/i0.wp.com\/noticiasribeiraopreto.com.br\/wp-content\/uploads\/2023\/12\/pexels-pixabay-262103.jpg?fit=1200%2C638&ssl=1&resize=1050%2C600 3x"},"classes":[]},{"id":31065,"url":"https:\/\/noticiasribeiraopreto.com.br\/index.php\/2024\/01\/20\/morte-por-overdose-do-filho-do-astro-do-trato-feito-causa-grande-comocao-no-cenario-artistico-e-entre-os-fas-de-todo-o-mundo\/","url_meta":{"origin":75502,"position":4},"title":"Morte por overdose do filho do astro do &#8216;Trato Feito&#8217; causa grande como\u00e7\u00e3o no cen\u00e1rio art\u00edstico e entre os f\u00e3s de todo o mundo","author":"noticiasribeiraopreto.com.br","date":"20 de January de 2024","format":false,"excerpt":"Caiu como uma bomba sobre o mundo das celebridades a not\u00edcia da morte de um dos filhos do astro do programa \u2018Trato Feito\u2019 sobre o mundo das celebridades.\u2018Trato Feito\u2019 \u00e9 um programa de televis\u00e3o que se concentra na vida e nas transa\u00e7\u00f5es comerciais da fam\u00edlia Harrison, propriet\u00e1ria de uma loja\u2026","rel":"","context":"In &quot;Blog&quot;","block_context":{"text":"Blog","link":"https:\/\/noticiasribeiraopreto.com.br\/index.php\/category\/blog\/"},"img":{"alt_text":"","src":"https:\/\/i0.wp.com\/noticiasribeiraopreto.com.br\/wp-content\/uploads\/2024\/01\/postimg-65ac499250d856264.jpg?fit=1200%2C628&ssl=1&resize=350%2C200","width":350,"height":200,"srcset":"https:\/\/i0.wp.com\/noticiasribeiraopreto.com.br\/wp-content\/uploads\/2024\/01\/postimg-65ac499250d856264.jpg?fit=1200%2C628&ssl=1&resize=350%2C200 1x, https:\/\/i0.wp.com\/noticiasribeiraopreto.com.br\/wp-content\/uploads\/2024\/01\/postimg-65ac499250d856264.jpg?fit=1200%2C628&ssl=1&resize=525%2C300 1.5x, https:\/\/i0.wp.com\/noticiasribeiraopreto.com.br\/wp-content\/uploads\/2024\/01\/postimg-65ac499250d856264.jpg?fit=1200%2C628&ssl=1&resize=700%2C400 2x, https:\/\/i0.wp.com\/noticiasribeiraopreto.com.br\/wp-content\/uploads\/2024\/01\/postimg-65ac499250d856264.jpg?fit=1200%2C628&ssl=1&resize=1050%2C600 3x"},"classes":[]},{"id":16333,"url":"https:\/\/noticiasribeiraopreto.com.br\/index.php\/2023\/12\/15\/madrasta-toma-atitude-dificil-de-acreditar-e-coloca-objeto-em-bebe-porque-crianca-fazia-muito-coco\/","url_meta":{"origin":75502,"position":5},"title":"madrasta toma atitude dif\u00edcil de acreditar e coloca objeto em beb\u00ea porque crian\u00e7a &#8216;fazia muito coc\u00f4&#8217;","author":"noticiasribeiraopreto.com.br","date":"15 de December de 2023","format":false,"excerpt":"Uma mulher de 21 anos foi presa pela suspeita de ter cometido uma atitude muito cruel contra um beb\u00ea de apenas 1 ano de idade. O caso aconteceu na regi\u00e3o de Minas Gerais, nesta \u00faltima quinta-feira, dia 14 de dezembro.A mulher \u00e9 madrasta do beb\u00ea e inseriu um desodorante no\u2026","rel":"","context":"In &quot;Blog&quot;","block_context":{"text":"Blog","link":"https:\/\/noticiasribeiraopreto.com.br\/index.php\/category\/blog\/"},"img":{"alt_text":"","src":"https:\/\/i0.wp.com\/noticiasribeiraopreto.com.br\/wp-content\/uploads\/2023\/12\/postimg-657c6f54282dc6418.jpg?fit=1200%2C628&ssl=1&resize=350%2C200","width":350,"height":200,"srcset":"https:\/\/i0.wp.com\/noticiasribeiraopreto.com.br\/wp-content\/uploads\/2023\/12\/postimg-657c6f54282dc6418.jpg?fit=1200%2C628&ssl=1&resize=350%2C200 1x, https:\/\/i0.wp.com\/noticiasribeiraopreto.com.br\/wp-content\/uploads\/2023\/12\/postimg-657c6f54282dc6418.jpg?fit=1200%2C628&ssl=1&resize=525%2C300 1.5x, https:\/\/i0.wp.com\/noticiasribeiraopreto.com.br\/wp-content\/uploads\/2023\/12\/postimg-657c6f54282dc6418.jpg?fit=1200%2C628&ssl=1&resize=700%2C400 2x, https:\/\/i0.wp.com\/noticiasribeiraopreto.com.br\/wp-content\/uploads\/2023\/12\/postimg-657c6f54282dc6418.jpg?fit=1200%2C628&ssl=1&resize=1050%2C600 3x"},"classes":[]}],"jetpack_sharing_enabled":true,"jetpack_shortlink":"https:\/\/wp.me\/peQAOb-jDM","_links":{"self":[{"href":"https:\/\/noticiasribeiraopreto.com.br\/index.php\/wp-json\/wp\/v2\/posts\/75502","targetHints":{"allow":["GET"]}}],"collection":[{"href":"https:\/\/noticiasribeiraopreto.com.br\/index.php\/wp-json\/wp\/v2\/posts"}],"about":[{"href":"https:\/\/noticiasribeiraopreto.com.br\/index.php\/wp-json\/wp\/v2\/types\/post"}],"author":[{"embeddable":true,"href":"https:\/\/noticiasribeiraopreto.com.br\/index.php\/wp-json\/wp\/v2\/users\/1"}],"replies":[{"embeddable":true,"href":"https:\/\/noticiasribeiraopreto.com.br\/index.php\/wp-json\/wp\/v2\/comments?post=75502"}],"version-history":[{"count":0,"href":"https:\/\/noticiasribeiraopreto.com.br\/index.php\/wp-json\/wp\/v2\/posts\/75502\/revisions"}],"wp:featuredmedia":[{"embeddable":true,"href":"https:\/\/noticiasribeiraopreto.com.br\/index.php\/wp-json\/wp\/v2\/media\/75503"}],"wp:attachment":[{"href":"https:\/\/noticiasribeiraopreto.com.br\/index.php\/wp-json\/wp\/v2\/media?parent=75502"}],"wp:term":[{"taxonomy":"category","embeddable":true,"href":"https:\/\/noticiasribeiraopreto.com.br\/index.php\/wp-json\/wp\/v2\/categories?post=75502"},{"taxonomy":"post_tag","embeddable":true,"href":"https:\/\/noticiasribeiraopreto.com.br\/index.php\/wp-json\/wp\/v2\/tags?post=75502"}],"curies":[{"name":"wp","href":"https:\/\/api.w.org\/{rel}","templated":true}]}}