{"id":75504,"date":"2025-08-10T08:36:18","date_gmt":"2025-08-10T11:36:18","guid":{"rendered":"https:\/\/noticiasribeiraopreto.com.br\/index.php\/2025\/08\/10\/a-industria-do-furto-de-celulares-em-shows\/"},"modified":"2025-08-10T08:36:18","modified_gmt":"2025-08-10T11:36:18","slug":"a-industria-do-furto-de-celulares-em-shows","status":"publish","type":"post","link":"https:\/\/noticiasribeiraopreto.com.br\/index.php\/2025\/08\/10\/a-industria-do-furto-de-celulares-em-shows\/","title":{"rendered":"A ind\u00fastria do furto de celulares em shows"},"content":{"rendered":"<div class='code-block code-block-1' style='margin: 8px 0 8px auto; text-align: right; display: block; clear: both;'>\n<p><a href=\"https:\/\/wa.link\/vpicfd\"><img data-recalc-dims=\"1\" class=\"wp-image-4922\" style=\"aspect-ratio: 2.0253164556962027; width: 561px; height: auto;\" src=\"https:\/\/i0.wp.com\/ismaelcolosi.com.br\/wp-content\/uploads\/2023\/11\/grupo-de-empregos-whatsapp-e-facebook-ismael-colosi-vagas.jpg?ssl=1\" alt=\"\" \/><\/a><\/p>\n<!-- \/wp:image -->\n<\/div>\n<p> <br \/>\n<\/p>\n<div>\n<p><em>Criminosos de outras cidades se deslocam, em grupo, para eventos realizados em Ribeir\u00e3o Preto com o objetivo de furtar celulares.<\/em><\/p>\n<p><strong>Por Adalberto Luque<\/strong><\/p>\n<p>A manicure Carla (nome fict\u00edcio) contou os dias e as horas para realizar seu grande sonho: assistir ao show da cantora Anitta em Ribeir\u00e3o Preto. Ela comprou antecipadamente um ingresso para o evento, realizado em 26 de janeiro deste ano no Est\u00e1dio Dr. Francisco de Palma Travassos, do Comercial, no Jardim Paulista, zona Leste da cidade.<\/p>\n<p>\u201cQuanto mais se aproximava o dia do show, mais dif\u00edcil era dormir, com tanta ansiedade. Mas tudo virou um aborrecimento\u201d, lamenta. A manicure at\u00e9 aproveitou bem o show. Chegou cedo ao local, antes mesmo da abertura dos port\u00f5es.<\/p>\n<p>Cantou e dan\u00e7ou com a cantora e seus convidados. Na hora de ir embora veio a surpresa desagrad\u00e1vel: percebeu que estava sem o celular.<\/p>\n<p>Tinha uma amiga em um camarote, com quem havia combinado de se encontrar na sa\u00edda. Correu para o encontro e pediu o celular dela. Fez tudo o que precisava: bloqueou o aparelho, comunicou ao banco e deixou para fazer o boletim de ocorr\u00eancia no dia seguinte.<\/p>\n<p>Mas j\u00e1 era tarde. De alguma forma, quem furtou conseguiu destravar o aparelho e fez v\u00e1rias compras e at\u00e9 transfer\u00eancia banc\u00e1ria enquanto ela ainda estava assistindo ao show. \u201cSem contar o pre\u00e7o do aparelho, tive um preju\u00edzo de mais de R$ 4 mil\u201d, conta. Ela fez o boletim de ocorr\u00eancia eletr\u00f4nico, mas n\u00e3o recuperou o aparelho.<\/p>\n<p>\u201cPerdi tudo o que tinha no celular. As fotos do show foram tiradas com o celular de uma outra amiga; essas eu recuperei depois. Mas a lembran\u00e7a desse show n\u00e3o \u00e9 boa\u201d, admite.<\/p>\n<p><strong>Acima da m\u00e9dia<\/strong><\/p>\n<p>Estima-se que mais de 100 celulares tenham sido furtados no show do est\u00e1dio Palma Travassos. A Secretaria da Seguran\u00e7a P\u00fablica (SSP) n\u00e3o publica o n\u00famero espec\u00edfico de furtos e roubos de celulares em suas estat\u00edsticas. Mas, pela consulta aos dados de furtos em geral, \u00e9 poss\u00edvel deduzir que houve aumento nas ocorr\u00eancias.<\/p>\n<p>No site da SSP, os dados relativos ao 8\u00ba Distrito Policial (que atende \u00e0 regi\u00e3o do campo do Comercial) apontam 278 ocorr\u00eancias de furto somente no m\u00eas de janeiro. Muito acima da m\u00e9dia mensal de 60 casos, considerando o total registrado entre fevereiro e junho deste ano.<\/p>\n<p>O problema \u00e9 que desses 278 registros, nem todos s\u00e3o especificamente de celulares. Al\u00e9m disso, o show reuniu espectadores n\u00e3o s\u00f3 de Ribeir\u00e3o Preto, mas de outras cidades e at\u00e9 outros estados. E muita gente pode ter registrado a ocorr\u00eancia como fez Carla, atrav\u00e9s do BO eletr\u00f4nico, pela internet.<\/p>\n<p>Mas um grupo conseguiu rastrear pelo menos 85 celulares. Os sinais indicavam estar em cidades como Goi\u00e2nia (GO), S\u00e3o Paulo e Guarulhos.<\/p>\n<p><strong>Outros eventos<\/strong><\/p>\n<p>Ribeir\u00e3o Preto recebeu v\u00e1rios grandes eventos em 2025. A Arena Nicnet, est\u00e1dio do Botafogo, foi palco de shows do Capital Inicial \u2013 Turn\u00ea Ac\u00fastico 25 Anos (22 de mar\u00e7o); Ludmilla \u2013 Turn\u00ea Numanice 2025 (31 de maio); e Gusttavo Lima \u2013 \u201cO Embaixador Classic\u201d (28 de junho).<\/p>\n<p>No Parque Permanente de Exposi\u00e7\u00f5es (Feapam), eventos como Jo\u00e3o Rock (14 de junho) e Ribeir\u00e3o Rodeo Music (entre 26 de abril e 3 de maio) reuniram dezenas de milhares de espectadores. J\u00e1 o CHF Espa\u00e7o Cultural realizou o Festival Planeta Urbano em 31 de maio.<\/p>\n<p>O p\u00fablico desses shows, em grande parte, \u00e9 formado por jovens que querem aproveitar o momento e nem sempre tomam as medidas necess\u00e1rias para evitar um roubo, embora os organizadores reforcem as equipes de seguran\u00e7a.<\/p>\n<p>E as quadrilhas v\u00eam de longe para furtar celulares. Nos dois shows realizados em 31 de maio, de Ludmilla e do Festival Planeta Urbano, v\u00e1rias pessoas registraram ocorr\u00eancias e, ao rastrear, notaram que os aparelhos estavam em Guarulhos, regi\u00e3o metropolitana da Capital.<\/p>\n<p><strong>Crime organizado<\/strong><\/p>\n<p>Grandes eventos musicais e populares t\u00eam se tornado alvos recorrentes de quadrilhas especializadas no furto de celulares. Multid\u00e3o, distra\u00e7\u00e3o do p\u00fablico e falta de controle em locais de grande circula\u00e7\u00e3o s\u00e3o os principais fatores explorados pelos criminosos.<\/p>\n<p>A atua\u00e7\u00e3o segue um padr\u00e3o. Em geral, grupos de dois a cinco integrantes se dividem: um ou dois furtam o aparelho, outro o recebe e se afasta, dificultando o flagrante. A a\u00e7\u00e3o \u00e9 r\u00e1pida e discreta. Em minutos, o celular j\u00e1 est\u00e1 fora do evento.<\/p>\n<p>Os principais alvos s\u00e3o pessoas distra\u00eddas, com o celular na m\u00e3o ou no bolso traseiro, especialmente durante shows, filas, entradas e sa\u00eddas. A mesma quadrilha pode agir em diferentes pontos da festa. Em S\u00e3o Paulo, o aumento dos boletins por furto em festivais tem sido expressivo. V\u00edtimas relatam s\u00f3 perceber o crime minutos depois e n\u00e3o conseguem identificar suspeitos.<\/p>\n<p>Quando h\u00e1 flagrantes, os detidos costumam carregar dezenas de aparelhos escondidos em mochilas, cintas ou sob as roupas. H\u00e1 casos de mais de 20 celulares apreendidos com um s\u00f3 criminoso. Parte \u00e9 revendida no mercado paralelo; outra, enviada para outros estados ou pa\u00edses.<\/p>\n<p>A atua\u00e7\u00e3o n\u00e3o se restringe aos shows. Fora dos locais, pontos mal iluminados e com pouca seguran\u00e7a tamb\u00e9m favorecem a a\u00e7\u00e3o. A maioria dos aparelhos furtados \u00e9 de alto valor \u2013 modelos recentes, com bom pre\u00e7o de revenda.<\/p>\n<p>As investiga\u00e7\u00f5es enfrentam dificuldades por falta de identifica\u00e7\u00e3o dos autores. Muitas v\u00edtimas n\u00e3o conseguem descrever quem estava por perto, o que reduz a chance de responsabiliza\u00e7\u00e3o. Algumas quadrilhas s\u00e3o reincidentes, com passagens em v\u00e1rios estados.<\/p>\n<p>Especialistas defendem a\u00e7\u00f5es conjuntas entre organizadores, pol\u00edcia e equipamentos tecnol\u00f3gicos. C\u00e2meras com leitura facial, policiamento \u00e0 paisana e monitoramento em tempo real j\u00e1 foram utilizados com \u00f3timos resultados. Mas os criminosos se reinventam e desafiam a repress\u00e3o.<\/p>\n<p><strong>Aumento de 11,83%<\/strong><\/p>\n<p>Levantamento do Centro de Estudos em Economia do Crime da Funda\u00e7\u00e3o Escola de Com\u00e9rcio \u00c1lvares Penteado (FECAP) revela a diminui\u00e7\u00e3o de 1,83% nas ocorr\u00eancias de furtos e roubos de celulares no Estado de S\u00e3o Paulo entre janeiro e maio de 2025, em compara\u00e7\u00e3o com o mesmo per\u00edodo do ano anterior.<\/p>\n<p>Enquanto os roubos de celulares, que envolvem viol\u00eancia ou grave amea\u00e7a, apresentaram queda expressiva, os furtos, baseados na oportunidade e na distra\u00e7\u00e3o da v\u00edtima, registraram aumento.<\/p>\n<p>Segundo o pesquisador respons\u00e1vel, professor Erivaldo Vieira, esta dualidade aponta para mudan\u00e7a no perfil do crime e exige estrat\u00e9gias distintas.<\/p>\n<p>Se os roubos ca\u00edram 10,41% entre os seis primeiros meses de 2024, comparados ao mesmo per\u00edodo de 2025, o mesmo n\u00e3o se pode dizer dos furtos. O total aumentou 5,09% em 2025.<\/p>\n<p>Segundo Vieira, a din\u00e2mica observada pode sugerir uma \u201cmigra\u00e7\u00e3o\u201d da atividade criminal. Com o aumento do risco e da dificuldade em cometer roubos, os criminosos podem estar optando por furtos, percebidos como de menor risco e penalidade.<\/p>\n<p>\u201cAs estrat\u00e9gias de policiamento ostensivo e investigativo contra o roubo est\u00e3o funcionando e devem ser mantidas e refor\u00e7adas. Mas o aumento dos furtos exige nova abordagem, focada em preven\u00e7\u00e3o, intelig\u00eancia e tecnologia\u201d, afirma.<\/p>\n<p>Ribeir\u00e3o Preto, que ocupa a 8\u00aa posi\u00e7\u00e3o no ranking das cidades que mais registram furtos de celulares, foi a que teve o maior crescimento: saltou de 1.116 casos no 1\u00ba semestre de 2024 para 1.248 no mesmo per\u00edodo de 2025 \u2014 alta de 11,83%. Subiu uma posi\u00e7\u00e3o no ranking, atr\u00e1s apenas de S\u00e3o Paulo, Guarulhos, Campinas, Santo Andr\u00e9, S\u00e3o Bernardo do Campo, Osasco e Praia Grande.<\/p>\n<p><strong>Recorde paulista<\/strong><\/p>\n<p>De acordo com o Anu\u00e1rio Brasileiro de Seguran\u00e7a P\u00fablica (ABSP) de 2025, esses crimes ca\u00edram 12,6% no Pa\u00eds, mas os n\u00fameros seguem altos. S\u00e3o Paulo respondeu por 18,5% dos casos, mesmo com apenas 5,6% da popula\u00e7\u00e3o nacional. A capital paulista teve a terceira maior taxa do pa\u00eds: 1.425,4 registros por 100 mil habitantes.<\/p>\n<p>Houve mudan\u00e7a no perfil das ocorr\u00eancias: os furtos passaram de 43,7% em 2018 para 56% em 2024, o que pode indicar menor uso de viol\u00eancia direta. Em S\u00e3o Paulo, 7.121 celulares foram recuperados, mas s\u00f3 3.156 devolvidos aos donos, refletindo falhas na integra\u00e7\u00e3o entre \u00f3rg\u00e3os p\u00fablicos.<\/p>\n<p>Os furtos se concentram em com\u00e9rcios, resid\u00eancias, transportes e grandes eventos. Dados do ABSP apontam que as marcas mais visadas s\u00e3o Samsung, Apple, Motorola e Xiaomi \u2014 com destaque para a Apple, que, embora tenha s\u00f3 10% do mercado, representa 24,3% dos aparelhos subtra\u00eddos.<\/p>\n<p><strong>Destino dos celulares<\/strong><\/p>\n<p>De acordo com o ABSP, os celulares roubados costumam ter dois destinos: venda local ou exporta\u00e7\u00e3o, inteiros ou desmontados. Antes disso, criminosos tentam esvaziar contas banc\u00e1rias e aplicar golpes com os dados das v\u00edtimas.<\/p>\n<p>Grupos mais organizados contam com especialistas para desbloqueio, e o valor depende do modelo. Os aparelhos geralmente s\u00e3o repassados a receptadores ligados a fac\u00e7\u00f5es criminosas.<\/p>\n<p>Quando poss\u00edvel, s\u00e3o vendidos inteiros. Caso contr\u00e1rio, s\u00e3o desmontados e as pe\u00e7as revendidas em assist\u00eancias t\u00e9cnicas, muitas vezes sem nota. Modelos fora de linha levantam suspeitas de origem il\u00edcita. Em 2025, a Pol\u00edcia Civil apreendeu mais de 8 mil celulares no centro de S\u00e3o Paulo \u2014 muitos, possivelmente, furtados em grandes eventos.<\/p>\n<p>Outro destino \u00e9 o exterior. Cargas seguem para pa\u00edses como Senegal, Nig\u00e9ria e \u00cdndia, onde o IMEI n\u00e3o \u00e9 checado. A exporta\u00e7\u00e3o ocorre por avi\u00e3o ou cont\u00eainer, muitas vezes camuflada. Diante desse cen\u00e1rio, o melhor \u00e9 redobrar a aten\u00e7\u00e3o em shows, est\u00e1dios e no dia a dia.<\/p>\n<p><strong>\u00a0<\/strong><\/p>\n<h3><strong>A\u00e7\u00f5es permanentes<\/strong><\/h3>\n<p>A Secretaria de Seguran\u00e7a P\u00fablica (SSP-SP) informou que mant\u00e9m a\u00e7\u00f5es permanentes para prevenir e coibir crimes como furtos e roubos de celulares. \u201cPor meio de opera\u00e7\u00f5es especializadas como a Mobile e a Big Mobile, a Pol\u00edcia Civil atua n\u00e3o apenas na recupera\u00e7\u00e3o de aparelhos, mas tamb\u00e9m na repress\u00e3o ao com\u00e9rcio ilegal e na responsabiliza\u00e7\u00e3o de receptadores \u2013 agentes fundamentais na manuten\u00e7\u00e3o dessa cadeia criminosa. Essas a\u00e7\u00f5es, somadas a outras iniciativas, contribu\u00edram para a redu\u00e7\u00e3o de 5% nos roubos e furtos de celulares no Estado no primeiro semestre de 2025, em compara\u00e7\u00e3o com o mesmo per\u00edodo do ano anterior\u201d, explicou a Secretaria.<\/p>\n<p>Uma das frentes mais recentes \u00e9 o programa SP Mobile, que consiste em diversas a\u00e7\u00f5es coordenadas para redu\u00e7\u00e3o dos crimes patrimoniais envolvendo celulares e facilitar a devolu\u00e7\u00e3o dos objetos aos seus donos.<\/p>\n<p>A partir do n\u00famero de identifica\u00e7\u00e3o (IMEI) dos aparelhos, o sistema cruza dados dos boletins de ocorr\u00eancia com informa\u00e7\u00f5es fornecidas pelas operadoras, permitindo rastrear e identificar celulares reativados ap\u00f3s serem furtados ou roubados.<\/p>\n<p>\u201cO sistema emite notifica\u00e7\u00e3o diretamente ao celular, intimando o usu\u00e1rio a comparecer \u00e0 delegacia. Quem adquiriu o aparelho sem saber de sua origem il\u00edcita pode devolv\u00ea-lo e colaborar como testemunha. Caso contr\u00e1rio, pode responder por recepta\u00e7\u00e3o, conforme a apura\u00e7\u00e3o do caso.\u201d<\/p>\n<p>\u00a0<\/p>\n<p>\u00a0<\/p>\n<\/div>\n<p><br \/>\n<br \/><a href=\"https:\/\/www.tribunaribeirao.com.br\/a-industria-do-furto-de-celulares-em-shows\/\">Source link <\/a><\/p>\n<!-- CONTENT END 1 -->\n","protected":false},"excerpt":{"rendered":"<p>Criminosos de outras cidades se deslocam, em grupo, para eventos realizados em Ribeir\u00e3o Preto com o objetivo de furtar celulares. Por Adalberto Luque A manicure&#8230;<\/p>\n","protected":false},"author":1,"featured_media":75505,"comment_status":"open","ping_status":"open","sticky":false,"template":"","format":"standard","meta":{"advanced_seo_description":"","jetpack_seo_html_title":"","jetpack_seo_noindex":false,"jetpack_post_was_ever_published":false,"_jetpack_newsletter_access":"","_jetpack_dont_email_post_to_subs":false,"_jetpack_newsletter_tier_id":0,"_jetpack_memberships_contains_paywalled_content":false,"_jetpack_memberships_contains_paid_content":false,"footnotes":"","jetpack_publicize_message":"","jetpack_publicize_feature_enabled":true,"jetpack_social_post_already_shared":true,"jetpack_social_options":{"image_generator_settings":{"template":"highway","default_image_id":0,"font":"","enabled":false},"version":2}},"categories":[11],"tags":[],"class_list":["post-75504","post","type-post","status-publish","format-standard","has-post-thumbnail","hentry","category-noticias-de-ribeirao-preto-sp-e-regiao-ismael-colosi"],"jetpack_publicize_connections":[],"jetpack_featured_media_url":"https:\/\/i0.wp.com\/noticiasribeiraopreto.com.br\/wp-content\/uploads\/2025\/08\/celular_capa.jpg?fit=800%2C500&ssl=1","jetpack-related-posts":[{"id":43331,"url":"https:\/\/noticiasribeiraopreto.com.br\/index.php\/2024\/03\/20\/mariah-carey-e-confirmada-no-rock-in-rio-relembre-a-passagem-da-cantora-pela-regiao-de-ribeirao-preto\/","url_meta":{"origin":75504,"position":0},"title":"Mariah Carey \u00e9 confirmada no Rock in Rio; Relembre a passagem da cantora pela regi\u00e3o de Ribeir\u00e3o Preto","author":"noticiasribeiraopreto.com.br","date":"20 de March de 2024","format":false,"excerpt":"Mariah Carey \u00e9 uma das novas atra\u00e7\u00f5es confirmadas no Rock in Rio 2024, que acontece entre os dias 13 e 22 de setembro, na Cidade do Rock, zona Oeste do Rio de Janeiro. A artista \u00e9 a principal atra\u00e7\u00e3o do Palco Sunset, no dia \u00faltimo dia de festival. A apresenta\u00e7\u00e3o\u2026","rel":"","context":"In &quot;Not\u00edcias de Ribeir\u00e3o Preto-SP e Regi\u00e3o&quot;","block_context":{"text":"Not\u00edcias de Ribeir\u00e3o Preto-SP e Regi\u00e3o","link":"https:\/\/noticiasribeiraopreto.com.br\/index.php\/category\/noticias-de-ribeirao-preto-sp-e-regiao-ismael-colosi\/"},"img":{"alt_text":"","src":"https:\/\/i0.wp.com\/noticiasribeiraopreto.com.br\/wp-content\/uploads\/2024\/03\/Copia-de-Copia-de-TAMANHO-EXATO-PARA-FOTOS-NO-SISTEMA-NOVO-13.jpg?fit=1200%2C675&ssl=1&resize=350%2C200","width":350,"height":200,"srcset":"https:\/\/i0.wp.com\/noticiasribeiraopreto.com.br\/wp-content\/uploads\/2024\/03\/Copia-de-Copia-de-TAMANHO-EXATO-PARA-FOTOS-NO-SISTEMA-NOVO-13.jpg?fit=1200%2C675&ssl=1&resize=350%2C200 1x, https:\/\/i0.wp.com\/noticiasribeiraopreto.com.br\/wp-content\/uploads\/2024\/03\/Copia-de-Copia-de-TAMANHO-EXATO-PARA-FOTOS-NO-SISTEMA-NOVO-13.jpg?fit=1200%2C675&ssl=1&resize=525%2C300 1.5x, https:\/\/i0.wp.com\/noticiasribeiraopreto.com.br\/wp-content\/uploads\/2024\/03\/Copia-de-Copia-de-TAMANHO-EXATO-PARA-FOTOS-NO-SISTEMA-NOVO-13.jpg?fit=1200%2C675&ssl=1&resize=700%2C400 2x, https:\/\/i0.wp.com\/noticiasribeiraopreto.com.br\/wp-content\/uploads\/2024\/03\/Copia-de-Copia-de-TAMANHO-EXATO-PARA-FOTOS-NO-SISTEMA-NOVO-13.jpg?fit=1200%2C675&ssl=1&resize=1050%2C600 3x"},"classes":[]},{"id":48426,"url":"https:\/\/noticiasribeiraopreto.com.br\/index.php\/2024\/05\/02\/ribeirao-tem-festival-de-cultura-e-gastronomia-afro-com-show-da-cantora-ellen-oleria-saiba-quando\/","url_meta":{"origin":75504,"position":1},"title":"Ribeir\u00e3o tem festival de cultura e gastronomia afro com show da cantora Ellen Ol\u00e9ria; Saiba quando","author":"noticiasribeiraopreto.com.br","date":"2 de May de 2024","format":false,"excerpt":"Ribeir\u00e3o Preto vai receber o 2\u00ba Festival de Cultura e Gastronomia Afro nos dias 4 e 12 de maio, no Centro Cultural Or\u00f9nmil\u00e1, localizado na zona Norte da cidade. Com entrada gratuita, a programa\u00e7\u00e3o do evento contar\u00e1 com diferentes segmentos art\u00edsticos, interven\u00e7\u00e3o e exposi\u00e7\u00e3o fotogr\u00e1fica, al\u00e9m de oficina e degusta\u00e7\u00e3o\u2026","rel":"","context":"In &quot;Not\u00edcias de Ribeir\u00e3o Preto-SP e Regi\u00e3o&quot;","block_context":{"text":"Not\u00edcias de Ribeir\u00e3o Preto-SP e Regi\u00e3o","link":"https:\/\/noticiasribeiraopreto.com.br\/index.php\/category\/noticias-de-ribeirao-preto-sp-e-regiao-ismael-colosi\/"},"img":{"alt_text":"","src":"https:\/\/i0.wp.com\/noticiasribeiraopreto.com.br\/wp-content\/uploads\/2024\/05\/AnyConv.com__B6P1925-800x425-1_2024-05-02_21-39-15.webp.webp?fit=800%2C425&ssl=1&resize=350%2C200","width":350,"height":200,"srcset":"https:\/\/i0.wp.com\/noticiasribeiraopreto.com.br\/wp-content\/uploads\/2024\/05\/AnyConv.com__B6P1925-800x425-1_2024-05-02_21-39-15.webp.webp?fit=800%2C425&ssl=1&resize=350%2C200 1x, https:\/\/i0.wp.com\/noticiasribeiraopreto.com.br\/wp-content\/uploads\/2024\/05\/AnyConv.com__B6P1925-800x425-1_2024-05-02_21-39-15.webp.webp?fit=800%2C425&ssl=1&resize=525%2C300 1.5x, https:\/\/i0.wp.com\/noticiasribeiraopreto.com.br\/wp-content\/uploads\/2024\/05\/AnyConv.com__B6P1925-800x425-1_2024-05-02_21-39-15.webp.webp?fit=800%2C425&ssl=1&resize=700%2C400 2x"},"classes":[]},{"id":63037,"url":"https:\/\/noticiasribeiraopreto.com.br\/index.php\/2025\/01\/31\/ensaios-da-anitta-assessoria-diz-que-policia-apura-denuncias-de-furtos-no-interior-de-sp\/","url_meta":{"origin":75504,"position":2},"title":"&#8216;Ensaios da Anitta&#8217;: Assessoria diz que pol\u00edcia apura den\u00fancias de furtos no interior de SP","author":"noticiasribeiraopreto.com.br","date":"31 de January de 2025","format":false,"excerpt":"Ap\u00f3s f\u00e3s da cantora Anitta denunciarem furtos e falta de seguran\u00e7a durante o pr\u00e9-carnaval \u2018Ensaios da Anitta\u2019 em Ribeir\u00e3o Preto, no interior de S\u00e3o Paulo, a assessoria do evento afirmou ao portal acidade on, que as ocorr\u00eancias est\u00e3o sendo apuradas pela Pol\u00edcia Civil do estado. Em nota encaminhada \u00e0 reportagem,\u2026","rel":"","context":"In &quot;Not\u00edcias de Ribeir\u00e3o Preto-SP e Regi\u00e3o&quot;","block_context":{"text":"Not\u00edcias de Ribeir\u00e3o Preto-SP e Regi\u00e3o","link":"https:\/\/noticiasribeiraopreto.com.br\/index.php\/category\/noticias-de-ribeirao-preto-sp-e-regiao-ismael-colosi\/"},"img":{"alt_text":"","src":"https:\/\/i0.wp.com\/noticiasribeiraopreto.com.br\/wp-content\/uploads\/2025\/01\/Copia-de-Copia-de-Copia-de-TAMANHO-EXATO-PARA-FOTOS-NO-SISTEMA-NOVO-2025-01-31T142437.744_2025-01-31_17-24-42_png_2025-01-31_17-24-42.webp.webp?fit=1200%2C675&ssl=1&resize=350%2C200","width":350,"height":200,"srcset":"https:\/\/i0.wp.com\/noticiasribeiraopreto.com.br\/wp-content\/uploads\/2025\/01\/Copia-de-Copia-de-Copia-de-TAMANHO-EXATO-PARA-FOTOS-NO-SISTEMA-NOVO-2025-01-31T142437.744_2025-01-31_17-24-42_png_2025-01-31_17-24-42.webp.webp?fit=1200%2C675&ssl=1&resize=350%2C200 1x, https:\/\/i0.wp.com\/noticiasribeiraopreto.com.br\/wp-content\/uploads\/2025\/01\/Copia-de-Copia-de-Copia-de-TAMANHO-EXATO-PARA-FOTOS-NO-SISTEMA-NOVO-2025-01-31T142437.744_2025-01-31_17-24-42_png_2025-01-31_17-24-42.webp.webp?fit=1200%2C675&ssl=1&resize=525%2C300 1.5x, https:\/\/i0.wp.com\/noticiasribeiraopreto.com.br\/wp-content\/uploads\/2025\/01\/Copia-de-Copia-de-Copia-de-TAMANHO-EXATO-PARA-FOTOS-NO-SISTEMA-NOVO-2025-01-31T142437.744_2025-01-31_17-24-42_png_2025-01-31_17-24-42.webp.webp?fit=1200%2C675&ssl=1&resize=700%2C400 2x, https:\/\/i0.wp.com\/noticiasribeiraopreto.com.br\/wp-content\/uploads\/2025\/01\/Copia-de-Copia-de-Copia-de-TAMANHO-EXATO-PARA-FOTOS-NO-SISTEMA-NOVO-2025-01-31T142437.744_2025-01-31_17-24-42_png_2025-01-31_17-24-42.webp.webp?fit=1200%2C675&ssl=1&resize=1050%2C600 3x"},"classes":[]},{"id":68628,"url":"https:\/\/noticiasribeiraopreto.com.br\/index.php\/2025\/04\/27\/ribeirao-rodeo-music-traz-impactos-positivos-na-economia-de-ribeirao-preto\/","url_meta":{"origin":75504,"position":3},"title":"Ribeir\u00e3o Rodeo Music traz impactos positivos na economia de Ribeir\u00e3o Preto","author":"noticiasribeiraopreto.com.br","date":"27 de April de 2025","format":false,"excerpt":"O Ribeir\u00e3o Rodeo Music tem um impacto significativo na economia de Ribeir\u00e3o Preto. Durante o evento, diversos setores s\u00e3o beneficiados, incluindo turismo e hotelaria, transporte, bares, restaurantes, servi\u00e7os e o com\u00e9rcio varejista. O evento come\u00e7ou neste s\u00e1bado (26) e continua nos dias 30 de abril e 2 e 3 de\u2026","rel":"","context":"In &quot;Not\u00edcias de Ribeir\u00e3o Preto-SP e Regi\u00e3o&quot;","block_context":{"text":"Not\u00edcias de Ribeir\u00e3o Preto-SP e Regi\u00e3o","link":"https:\/\/noticiasribeiraopreto.com.br\/index.php\/category\/noticias-de-ribeirao-preto-sp-e-regiao-ismael-colosi\/"},"img":{"alt_text":"","src":"https:\/\/i0.wp.com\/noticiasribeiraopreto.com.br\/wp-content\/uploads\/2025\/04\/rrm-2025_2025-04-26_22-42-24.webp.webp?fit=1200%2C800&ssl=1&resize=350%2C200","width":350,"height":200,"srcset":"https:\/\/i0.wp.com\/noticiasribeiraopreto.com.br\/wp-content\/uploads\/2025\/04\/rrm-2025_2025-04-26_22-42-24.webp.webp?fit=1200%2C800&ssl=1&resize=350%2C200 1x, https:\/\/i0.wp.com\/noticiasribeiraopreto.com.br\/wp-content\/uploads\/2025\/04\/rrm-2025_2025-04-26_22-42-24.webp.webp?fit=1200%2C800&ssl=1&resize=525%2C300 1.5x, https:\/\/i0.wp.com\/noticiasribeiraopreto.com.br\/wp-content\/uploads\/2025\/04\/rrm-2025_2025-04-26_22-42-24.webp.webp?fit=1200%2C800&ssl=1&resize=700%2C400 2x, https:\/\/i0.wp.com\/noticiasribeiraopreto.com.br\/wp-content\/uploads\/2025\/04\/rrm-2025_2025-04-26_22-42-24.webp.webp?fit=1200%2C800&ssl=1&resize=1050%2C600 3x"},"classes":[]},{"id":53349,"url":"https:\/\/noticiasribeiraopreto.com.br\/index.php\/2024\/06\/19\/aniversario-de-ribeirao-preto-fatos-que-so-quem-conhece-bem-a-cidade-vai-entender\/","url_meta":{"origin":75504,"position":4},"title":"Anivers\u00e1rio de Ribeir\u00e3o Preto: Fatos que s\u00f3 quem conhece bem a cidade vai entender","author":"noticiasribeiraopreto.com.br","date":"19 de June de 2024","format":false,"excerpt":"Nesta quarta-feira (19), Ribeir\u00e3o Preto celebra seu 168\u00ba anivers\u00e1rio e, ao longo de todo esse tempo, a oitava maior cidade do Estado de S\u00e3o Paulo construiu seu legado econ\u00f4mico, cultural e social. Ao completar mais um ano de exist\u00eancia, a cidade que nasceu a partir das doa\u00e7\u00f5es de terras de\u2026","rel":"","context":"In &quot;Not\u00edcias de Ribeir\u00e3o Preto-SP e Regi\u00e3o&quot;","block_context":{"text":"Not\u00edcias de Ribeir\u00e3o Preto-SP e Regi\u00e3o","link":"https:\/\/noticiasribeiraopreto.com.br\/index.php\/category\/noticias-de-ribeirao-preto-sp-e-regiao-ismael-colosi\/"},"img":{"alt_text":"","src":"https:\/\/i0.wp.com\/noticiasribeiraopreto.com.br\/wp-content\/uploads\/2024\/06\/design_sem_nome_-_2023-04-28t145012_511.jpg?fit=1200%2C603&ssl=1&resize=350%2C200","width":350,"height":200,"srcset":"https:\/\/i0.wp.com\/noticiasribeiraopreto.com.br\/wp-content\/uploads\/2024\/06\/design_sem_nome_-_2023-04-28t145012_511.jpg?fit=1200%2C603&ssl=1&resize=350%2C200 1x, https:\/\/i0.wp.com\/noticiasribeiraopreto.com.br\/wp-content\/uploads\/2024\/06\/design_sem_nome_-_2023-04-28t145012_511.jpg?fit=1200%2C603&ssl=1&resize=525%2C300 1.5x, https:\/\/i0.wp.com\/noticiasribeiraopreto.com.br\/wp-content\/uploads\/2024\/06\/design_sem_nome_-_2023-04-28t145012_511.jpg?fit=1200%2C603&ssl=1&resize=700%2C400 2x, https:\/\/i0.wp.com\/noticiasribeiraopreto.com.br\/wp-content\/uploads\/2024\/06\/design_sem_nome_-_2023-04-28t145012_511.jpg?fit=1200%2C603&ssl=1&resize=1050%2C600 3x"},"classes":[]},{"id":28078,"url":"https:\/\/noticiasribeiraopreto.com.br\/index.php\/2024\/01\/14\/veja-quais-sao-os-shows-confirmados-para-2024-em-ribeirao-preto\/","url_meta":{"origin":75504,"position":5},"title":"Veja quais s\u00e3o os shows nacionais e internacionais confirmados para 2024 em Ribeir\u00e3o Preto","author":"noticiasribeiraopreto.com.br","date":"14 de January de 2024","format":false,"excerpt":"O ano de 2024 come\u00e7ou a pouco tempo mas Ribeir\u00e3o Preto j\u00e1 possui diversos shows nacionais e internacionais confirmados para o primeiro semestre do ano. H\u00e1 op\u00e7\u00f5es para todos os estilos musicais, como rock, sertanejo, pop e tecnobrega. O portal acidade on preparou uma lista com as atra\u00e7\u00f5es confirmadas at\u00e9\u2026","rel":"","context":"In &quot;Not\u00edcias de Ribeir\u00e3o Preto-SP e Regi\u00e3o&quot;","block_context":{"text":"Not\u00edcias de Ribeir\u00e3o Preto-SP e Regi\u00e3o","link":"https:\/\/noticiasribeiraopreto.com.br\/index.php\/category\/noticias-de-ribeirao-preto-sp-e-regiao-ismael-colosi\/"},"img":{"alt_text":"","src":"https:\/\/i0.wp.com\/noticiasribeiraopreto.com.br\/wp-content\/uploads\/2024\/01\/Copia-de-Copia-de-TAMANHO-EXATO-PARA-FOTOS-NO-SISTEMA-NOVO-10.png?fit=1200%2C675&ssl=1&resize=350%2C200","width":350,"height":200,"srcset":"https:\/\/i0.wp.com\/noticiasribeiraopreto.com.br\/wp-content\/uploads\/2024\/01\/Copia-de-Copia-de-TAMANHO-EXATO-PARA-FOTOS-NO-SISTEMA-NOVO-10.png?fit=1200%2C675&ssl=1&resize=350%2C200 1x, https:\/\/i0.wp.com\/noticiasribeiraopreto.com.br\/wp-content\/uploads\/2024\/01\/Copia-de-Copia-de-TAMANHO-EXATO-PARA-FOTOS-NO-SISTEMA-NOVO-10.png?fit=1200%2C675&ssl=1&resize=525%2C300 1.5x, https:\/\/i0.wp.com\/noticiasribeiraopreto.com.br\/wp-content\/uploads\/2024\/01\/Copia-de-Copia-de-TAMANHO-EXATO-PARA-FOTOS-NO-SISTEMA-NOVO-10.png?fit=1200%2C675&ssl=1&resize=700%2C400 2x, https:\/\/i0.wp.com\/noticiasribeiraopreto.com.br\/wp-content\/uploads\/2024\/01\/Copia-de-Copia-de-TAMANHO-EXATO-PARA-FOTOS-NO-SISTEMA-NOVO-10.png?fit=1200%2C675&ssl=1&resize=1050%2C600 3x"},"classes":[]}],"jetpack_sharing_enabled":true,"jetpack_shortlink":"https:\/\/wp.me\/peQAOb-jDO","_links":{"self":[{"href":"https:\/\/noticiasribeiraopreto.com.br\/index.php\/wp-json\/wp\/v2\/posts\/75504","targetHints":{"allow":["GET"]}}],"collection":[{"href":"https:\/\/noticiasribeiraopreto.com.br\/index.php\/wp-json\/wp\/v2\/posts"}],"about":[{"href":"https:\/\/noticiasribeiraopreto.com.br\/index.php\/wp-json\/wp\/v2\/types\/post"}],"author":[{"embeddable":true,"href":"https:\/\/noticiasribeiraopreto.com.br\/index.php\/wp-json\/wp\/v2\/users\/1"}],"replies":[{"embeddable":true,"href":"https:\/\/noticiasribeiraopreto.com.br\/index.php\/wp-json\/wp\/v2\/comments?post=75504"}],"version-history":[{"count":0,"href":"https:\/\/noticiasribeiraopreto.com.br\/index.php\/wp-json\/wp\/v2\/posts\/75504\/revisions"}],"wp:featuredmedia":[{"embeddable":true,"href":"https:\/\/noticiasribeiraopreto.com.br\/index.php\/wp-json\/wp\/v2\/media\/75505"}],"wp:attachment":[{"href":"https:\/\/noticiasribeiraopreto.com.br\/index.php\/wp-json\/wp\/v2\/media?parent=75504"}],"wp:term":[{"taxonomy":"category","embeddable":true,"href":"https:\/\/noticiasribeiraopreto.com.br\/index.php\/wp-json\/wp\/v2\/categories?post=75504"},{"taxonomy":"post_tag","embeddable":true,"href":"https:\/\/noticiasribeiraopreto.com.br\/index.php\/wp-json\/wp\/v2\/tags?post=75504"}],"curies":[{"name":"wp","href":"https:\/\/api.w.org\/{rel}","templated":true}]}}